{"id":17940,"date":"2023-09-16T17:02:41","date_gmt":"2023-09-16T17:02:41","guid":{"rendered":"https:\/\/www.africa-press.net\/djibouti\/politique\/le-premier-ministre-prend-part-a-la-havane-cuba-a-louverture-des-travaux-du-sommet-groupe77chine"},"modified":"2023-09-16T17:16:10","modified_gmt":"2023-09-16T17:16:10","slug":"le-premier-ministre-prend-part-a-la-havane-cuba-a-louverture-des-travaux-du-sommet-groupe77chine","status":"publish","type":"post","link":"https:\/\/www.africa-press.net\/djibouti\/politique\/le-premier-ministre-prend-part-a-la-havane-cuba-a-louverture-des-travaux-du-sommet-groupe77chine","title":{"rendered":"Le Premier Ministre prend part \u00e0 La Havane (Cuba) \u00e0 l\u2019ouverture des travaux du Sommet Groupe77+Chine"},"content":{"rendered":"<p><span style=\"color: #ff6600\"><strong>Africa-Press &#8211; Djibouti. <\/strong><\/span>Au terme de sa visite officielle a\u0300 La Havane, le Premier Ministre, M. Abdoulkader Kamil Mohamed, a pris part au Sommet du Groupe77+ Chine dont les travaux ont de\u0301bute\u0301 aujourd\u2019hui 15 septembre et se poursuivront jusqu\u2019a\u0300 demain 16 septembre.<\/p>\n<p>Le Pre\u0301sident de la Re\u0301publique de Cuba, M. Miguel Di\u0301az-Canel, a accueilli les de\u0301le\u0301gations des 77 pays participant a\u0300 ce sommet et a prononce\u0301 un discours inaugural dans lequel il a e\u0301voque\u0301 la ne\u0301cessite\u0301 de promouvoir le partenariat Sud-Sud et les voies et moyens de renforcer davantage les relations de coope\u0301ration entre les pays du Sud Global qui composent ce groupe.<\/p>\n<p>Le the\u0300me retenu pour cette rencontre concernait la science, la technologie et l\u2019innovation comme moteur du de\u0301veloppement durable.<\/p>\n<p>A noter aussi la pre\u0301sence a\u0300 ce sommet du Secre\u0301taire Ge\u0301ne\u0301ral de l\u2019ONU, M. Antonio Gueterres, qui a fait un discours historique sur l\u2019e\u0301tat actuel du monde dans lequel il a appele\u0301 les pays membres du Groupe77+ Chine a\u0300 continuer a\u0300 lutter pour un monde plus juste et inclusif pour tous. Il les a de\u0301crit comme e\u0301tant des champions du multilate\u0301ralisme et a insiste\u0301 sur la transition ine\u0301luctable vers un monde multipolaire.<\/p>\n<p>Tous les Chefs d\u2019E\u0301tat et de Gouvernement pre\u0301sents a\u0300 sommet, ont prononce\u0301 des discours sur la the\u0301matique, insistant sur les efforts de\u0301ploye\u0301s par leurs pays respectifs pour investir dans la recherche scientifique et technologique afin de re\u0301duire progressivement l\u2019e\u0301cart entre Nord-Sud.<\/p>\n<p>De son co\u0302te\u0301, le Premier Ministre a fait une allocution dans laquelle il a d\u2019abord remercie\u0301 le Pre\u0301sident Cubain pour l\u2019accueil chaleureux qui lui a e\u0301te\u0301 re\u0301serve\u0301 de me\u0302me qu\u2019a\u0300 a\u0300 sa de\u0301le\u0301gation depuis leur arrive\u0301e a\u0300 La Havane.<\/p>\n<p>Il a aborde\u0301 les de\u0301fis du de\u0301veloppement durable, les ro\u0302les de la science, de la technologie et de l\u2019innovation et les ine\u0301galite\u0301s entre le Nord et le Sud qui ne cessent de se creuser.<\/p>\n<p>Pour illustrer ce fosse\u0301, il a pris l\u2019exemple de la crise du COVID-19 et les difficulte\u0301s rencontre\u0301es par les pays issus majoritairement du Groupe77 + Chine pour se procurer des me\u0301dicaments dont les brevets sont exclusivement de\u0301tenus par les pays les plus de\u0301veloppe\u0301s.<\/p>\n<p>Par ailleurs, il a mis en exergue le fait que les progre\u0300s scientifiques et technologiques de ces pays du Nord n\u2019ont pas malheureusement be\u0301ne\u0301ficie\u0301 aux pays du Sud qui restent vulne\u0301rables face aux conse\u0301quences de\u0301vastatrices des crises multidimensionnelles \u2013 COVID-19, changement climatique, crise e\u0301nerge\u0301tique, inflation, entre autres.<\/p>\n<p>Au terme de sa visite officielle a\u0300 La Havane, le Premier Ministre, M. Abdoulkader Kamil Mohamed, a pris part au Sommet du Groupe77+ Chine dont les travaux ont de\u0301bute\u0301 aujourd\u2019hui 15 septembre et se poursuivront jusqu\u2019a\u0300 demain 16 septembre.<\/p>\n<p>Le Pre\u0301sident de la Re\u0301publique de Cuba, M. Miguel Di\u0301az-Canel, a accueilli les de\u0301le\u0301gations des 77 pays participant a\u0300 ce sommet et a prononce\u0301 un discours inaugural dans lequel il a e\u0301voque\u0301 la ne\u0301cessite\u0301 de promouvoir le partenariat Sud-Sud et les voies et moyens de renforcer davantage les relations de coope\u0301ration entre les pays du Sud Global qui composent ce groupe.<\/p>\n<p>Le the\u0300me retenu pour cette rencontre concernait la science, la technologie et l\u2019innovation comme moteur du de\u0301veloppement durable.<\/p>\n<p>A noter aussi la pre\u0301sence a\u0300 ce sommet du Secre\u0301taire Ge\u0301ne\u0301ral de l\u2019ONU, M. Antonio Gueterres, qui a fait un discours historique sur l\u2019e\u0301tat actuel du monde dans lequel il a appele\u0301 les pays membres du Groupe77+ Chine a\u0300 continuer a\u0300 lutter pour un monde plus juste et inclusif pour tous. Il les a de\u0301crit comme e\u0301tant des champions du multilate\u0301ralisme et a insiste\u0301 sur la transition ine\u0301luctable vers un monde multipolaire.<\/p>\n<p>Tous les Chefs d\u2019E\u0301tat et de Gouvernement pre\u0301sents a\u0300 sommet, ont prononce\u0301 des discours sur la the\u0301matique, insistant sur les efforts de\u0301ploye\u0301s par leurs pays respectifs pour investir dans la recherche scientifique et technologique afin de re\u0301duire progressivement l\u2019e\u0301cart entre Nord-Sud.<\/p>\n<p>De son co\u0302te\u0301, le Premier Ministre a fait une allocution dans laquelle il a d\u2019abord remercie\u0301 le Pre\u0301sident Cubain pour l\u2019accueil chaleureux qui lui a e\u0301te\u0301 re\u0301serve\u0301 de me\u0302me qu\u2019a\u0300 a\u0300 sa de\u0301le\u0301gation depuis leur arrive\u0301e a\u0300 La Havane.<\/p>\n<p>Il a aborde\u0301 les de\u0301fis du de\u0301veloppement durable, les ro\u0302les de la science, de la technologie et de l\u2019innovation et les ine\u0301galite\u0301s entre le Nord et le Sud qui ne cessent de se creuser.<\/p>\n<p>Pour illustrer ce fosse\u0301, il a pris l\u2019exemple de la crise du COVID-19 et les difficulte\u0301s rencontre\u0301es par les pays issus majoritairement du Groupe77 + Chine pour se procurer des me\u0301dicaments dont les brevets sont exclusivement de\u0301tenus par les pays les plus de\u0301veloppe\u0301s.<\/p>\n<p>Par ailleurs, il a mis en exergue le fait que les progre\u0300s scientifiques et technologiques de ces pays du Nord n\u2019ont pas malheureusement be\u0301ne\u0301ficie\u0301 aux pays du Sud qui restent vulne\u0301rables face aux conse\u0301quences de\u0301vastatrices des crises multidimensionnelles \u2013 COVID-19, changement climatique, crise e\u0301nerge\u0301tique, inflation, entre autres.<\/p>\n<p><strong>Pour plus d&rsquo;informations et d&rsquo;analyses sur la <a href=\"https:\/\/www.africa-press.net\/djibouti\">Djibouti<\/a>, suivez <a href=\"https:\/\/www.africa-press.net\/\">Africa-Press<\/a><\/strong><\/p>\n","protected":false},"excerpt":{"rendered":"<p>Africa-Press &#8211; Djibouti. Au terme de sa visite officielle a\u0300 La Havane, le Premier Ministre, M. Abdoulkader Kamil Mohamed, a pris part au Sommet du Groupe77+ Chine dont les travaux ont de\u0301bute\u0301 aujourd\u2019hui 15 septembre et se poursuivront jusqu\u2019a\u0300 demain 16 septembre. Le Pre\u0301sident de la Re\u0301publique de Cuba, M. Miguel Di\u0301az-Canel, a accueilli les [&hellip;]<\/p>\n","protected":false},"author":82,"featured_media":17938,"comment_status":"open","ping_status":"closed","sticky":false,"template":"","format":"standard","meta":{"footnotes":""},"categories":[2,10],"tags":[36,49,50],"class_list":["post-17940","post","type-post","status-publish","format-standard","has-post-thumbnail","hentry","category-politique","category-toutes-les-actualites","tag-africa-press","tag-africa-press-djibouti","tag-djibouti"],"yoast_head":"<!-- This site is optimized with the Yoast SEO Premium plugin v26.1 (Yoast SEO v27.0) - https:\/\/yoast.com\/product\/yoast-seo-premium-wordpress\/ -->\n<title>Le Premier Ministre prend part \u00e0 La Havane (Cuba) \u00e0 l\u2019ouverture des travaux du Sommet Groupe77+Chine - Djibouti<\/title>\n<meta name=\"description\" content=\"Au terme de sa visite officielle a\u0300 La Havane, le Premier Ministre, M. Abdoulkader Kamil Mohamed, a pris part au Sommet ...\" \/>\n<meta name=\"robots\" content=\"index, follow, max-snippet:-1, max-image-preview:large, max-video-preview:-1\" \/>\n<link rel=\"canonical\" href=\"https:\/\/www.africa-press.net\/djibouti\/politique\/le-premier-ministre-prend-part-a-la-havane-cuba-a-louverture-des-travaux-du-sommet-groupe77chine\" \/>\n<meta property=\"og:locale\" content=\"fr_FR\" \/>\n<meta property=\"og:type\" content=\"article\" \/>\n<meta property=\"og:title\" content=\"Le Premier Ministre prend part \u00e0 La Havane (Cuba) \u00e0 l\u2019ouverture des travaux du Sommet Groupe77+Chine\" \/>\n<meta property=\"og:description\" content=\"Au terme de sa visite officielle a\u0300 La Havane, le Premier Ministre, M. Abdoulkader Kamil Mohamed, a pris part au Sommet ...\" \/>\n<meta property=\"og:url\" content=\"https:\/\/www.africa-press.net\/djibouti\/politique\/le-premier-ministre-prend-part-a-la-havane-cuba-a-louverture-des-travaux-du-sommet-groupe77chine\" \/>\n<meta property=\"og:site_name\" content=\"Djibouti\" \/>\n<meta property=\"article:published_time\" content=\"2023-09-16T17:02:41+00:00\" \/>\n<meta property=\"article:modified_time\" content=\"2023-09-16T17:16:10+00:00\" \/>\n<meta property=\"og:image\" content=\"https:\/\/static.africa-press.net\/djibouti\/sites\/52\/2023\/09\/sm_1694871930.442746.jpg\" \/>\n\t<meta property=\"og:image:width\" content=\"1600\" \/>\n\t<meta property=\"og:image:height\" content=\"1066\" \/>\n\t<meta property=\"og:image:type\" content=\"image\/jpeg\" \/>\n<meta name=\"author\" content=\"cfeditorfr\" \/>\n<meta name=\"twitter:card\" content=\"summary_large_image\" \/>\n<meta name=\"twitter:label1\" content=\"\u00c9crit par\" \/>\n\t<meta name=\"twitter:data1\" content=\"cfeditorfr\" \/>\n\t<meta name=\"twitter:label2\" content=\"Dur\u00e9e de lecture estim\u00e9e\" \/>\n\t<meta name=\"twitter:data2\" content=\"5 minutes\" \/>\n<script type=\"application\/ld+json\" class=\"yoast-schema-graph\">{\"@context\":\"https:\/\/schema.org\",\"@graph\":[{\"@type\":\"Article\",\"@id\":\"https:\/\/www.africa-press.net\/djibouti\/politique\/le-premier-ministre-prend-part-a-la-havane-cuba-a-louverture-des-travaux-du-sommet-groupe77chine#article\",\"isPartOf\":{\"@id\":\"https:\/\/www.africa-press.net\/djibouti\/politique\/le-premier-ministre-prend-part-a-la-havane-cuba-a-louverture-des-travaux-du-sommet-groupe77chine\"},\"author\":{\"name\":\"cfeditorfr\",\"@id\":\"https:\/\/www.africa-press.net\/djibouti\/#\/schema\/person\/2b1cf3cd81a31e3cd26889ca66d677f1\"},\"headline\":\"Le Premier Ministre prend part \u00e0 La Havane (Cuba) \u00e0 l\u2019ouverture des travaux du Sommet Groupe77+Chine\",\"datePublished\":\"2023-09-16T17:02:41+00:00\",\"dateModified\":\"2023-09-16T17:16:10+00:00\",\"mainEntityOfPage\":{\"@id\":\"https:\/\/www.africa-press.net\/djibouti\/politique\/le-premier-ministre-prend-part-a-la-havane-cuba-a-louverture-des-travaux-du-sommet-groupe77chine\"},\"wordCount\":943,\"commentCount\":0,\"image\":{\"@id\":\"https:\/\/www.africa-press.net\/djibouti\/politique\/le-premier-ministre-prend-part-a-la-havane-cuba-a-louverture-des-travaux-du-sommet-groupe77chine#primaryimage\"},\"thumbnailUrl\":\"https:\/\/static.africa-press.net\/djibouti\/sites\/52\/2023\/09\/sm_1694871930.442746.jpg\",\"keywords\":[\"Africa Press\",\"Africa Press-Djibouti\",\"Djibouti\"],\"articleSection\":[\"Politique\",\"Toutes les actualit\u00e9s\"],\"inLanguage\":\"fr-FR\",\"potentialAction\":[{\"@type\":\"CommentAction\",\"name\":\"Comment\",\"target\":[\"https:\/\/www.africa-press.net\/djibouti\/politique\/le-premier-ministre-prend-part-a-la-havane-cuba-a-louverture-des-travaux-du-sommet-groupe77chine#respond\"]}]},{\"@type\":\"WebPage\",\"@id\":\"https:\/\/www.africa-press.net\/djibouti\/politique\/le-premier-ministre-prend-part-a-la-havane-cuba-a-louverture-des-travaux-du-sommet-groupe77chine\",\"url\":\"https:\/\/www.africa-press.net\/djibouti\/politique\/le-premier-ministre-prend-part-a-la-havane-cuba-a-louverture-des-travaux-du-sommet-groupe77chine\",\"name\":\"Le Premier Ministre prend part \u00e0 La Havane (Cuba) \u00e0 l\u2019ouverture des travaux du Sommet Groupe77+Chine - Djibouti\",\"isPartOf\":{\"@id\":\"https:\/\/www.africa-press.net\/djibouti\/#website\"},\"primaryImageOfPage\":{\"@id\":\"https:\/\/www.africa-press.net\/djibouti\/politique\/le-premier-ministre-prend-part-a-la-havane-cuba-a-louverture-des-travaux-du-sommet-groupe77chine#primaryimage\"},\"image\":{\"@id\":\"https:\/\/www.africa-press.net\/djibouti\/politique\/le-premier-ministre-prend-part-a-la-havane-cuba-a-louverture-des-travaux-du-sommet-groupe77chine#primaryimage\"},\"thumbnailUrl\":\"https:\/\/static.africa-press.net\/djibouti\/sites\/52\/2023\/09\/sm_1694871930.442746.jpg\",\"datePublished\":\"2023-09-16T17:02:41+00:00\",\"dateModified\":\"2023-09-16T17:16:10+00:00\",\"author\":{\"@id\":\"https:\/\/www.africa-press.net\/djibouti\/#\/schema\/person\/2b1cf3cd81a31e3cd26889ca66d677f1\"},\"description\":\"Au terme de sa visite officielle a\u0300 La Havane, le Premier Ministre, M. Abdoulkader Kamil Mohamed, a pris part au Sommet ...\",\"breadcrumb\":{\"@id\":\"https:\/\/www.africa-press.net\/djibouti\/politique\/le-premier-ministre-prend-part-a-la-havane-cuba-a-louverture-des-travaux-du-sommet-groupe77chine#breadcrumb\"},\"inLanguage\":\"fr-FR\",\"potentialAction\":[{\"@type\":\"ReadAction\",\"target\":[\"https:\/\/www.africa-press.net\/djibouti\/politique\/le-premier-ministre-prend-part-a-la-havane-cuba-a-louverture-des-travaux-du-sommet-groupe77chine\"]}]},{\"@type\":\"ImageObject\",\"inLanguage\":\"fr-FR\",\"@id\":\"https:\/\/www.africa-press.net\/djibouti\/politique\/le-premier-ministre-prend-part-a-la-havane-cuba-a-louverture-des-travaux-du-sommet-groupe77chine#primaryimage\",\"url\":\"https:\/\/static.africa-press.net\/djibouti\/sites\/52\/2023\/09\/sm_1694871930.442746.jpg\",\"contentUrl\":\"https:\/\/static.africa-press.net\/djibouti\/sites\/52\/2023\/09\/sm_1694871930.442746.jpg\",\"width\":1600,\"height\":1066,\"caption\":\"Le Premier Ministre prend part \u00e0 La Havane (Cuba) \u00e0 l\u2019ouverture des travaux du Sommet Groupe77+Chine\"},{\"@type\":\"BreadcrumbList\",\"@id\":\"https:\/\/www.africa-press.net\/djibouti\/politique\/le-premier-ministre-prend-part-a-la-havane-cuba-a-louverture-des-travaux-du-sommet-groupe77chine#breadcrumb\",\"itemListElement\":[{\"@type\":\"ListItem\",\"position\":1,\"name\":\"Accueil\",\"item\":\"https:\/\/www.africa-press.net\/djibouti\/\"},{\"@type\":\"ListItem\",\"position\":2,\"name\":\"Le Premier Ministre prend part \u00e0 La Havane (Cuba) \u00e0 l\u2019ouverture des travaux du Sommet Groupe77+Chine\"}]},{\"@type\":\"WebSite\",\"@id\":\"https:\/\/www.africa-press.net\/djibouti\/#website\",\"url\":\"https:\/\/www.africa-press.net\/djibouti\/\",\"name\":\"Djibouti\",\"description\":\"Just another Africa News Agency Sites site\",\"potentialAction\":[{\"@type\":\"SearchAction\",\"target\":{\"@type\":\"EntryPoint\",\"urlTemplate\":\"https:\/\/www.africa-press.net\/djibouti\/?s={search_term_string}\"},\"query-input\":{\"@type\":\"PropertyValueSpecification\",\"valueRequired\":true,\"valueName\":\"search_term_string\"}}],\"inLanguage\":\"fr-FR\"},{\"@type\":\"Person\",\"@id\":\"https:\/\/www.africa-press.net\/djibouti\/#\/schema\/person\/2b1cf3cd81a31e3cd26889ca66d677f1\",\"name\":\"cfeditorfr\"}]}<\/script>\n<!-- \/ Yoast SEO Premium plugin. -->","yoast_head_json":{"title":"Le Premier Ministre prend part \u00e0 La Havane (Cuba) \u00e0 l\u2019ouverture des travaux du Sommet Groupe77+Chine - Djibouti","description":"Au terme de sa visite officielle a\u0300 La Havane, le Premier Ministre, M. Abdoulkader Kamil Mohamed, a pris part au Sommet ...","robots":{"index":"index","follow":"follow","max-snippet":"max-snippet:-1","max-image-preview":"max-image-preview:large","max-video-preview":"max-video-preview:-1"},"canonical":"https:\/\/www.africa-press.net\/djibouti\/politique\/le-premier-ministre-prend-part-a-la-havane-cuba-a-louverture-des-travaux-du-sommet-groupe77chine","og_locale":"fr_FR","og_type":"article","og_title":"Le Premier Ministre prend part \u00e0 La Havane (Cuba) \u00e0 l\u2019ouverture des travaux du Sommet Groupe77+Chine","og_description":"Au terme de sa visite officielle a\u0300 La Havane, le Premier Ministre, M. Abdoulkader Kamil Mohamed, a pris part au Sommet ...","og_url":"https:\/\/www.africa-press.net\/djibouti\/politique\/le-premier-ministre-prend-part-a-la-havane-cuba-a-louverture-des-travaux-du-sommet-groupe77chine","og_site_name":"Djibouti","article_published_time":"2023-09-16T17:02:41+00:00","article_modified_time":"2023-09-16T17:16:10+00:00","og_image":[{"width":1600,"height":1066,"url":"https:\/\/static.africa-press.net\/djibouti\/sites\/52\/2023\/09\/sm_1694871930.442746.jpg","type":"image\/jpeg"}],"author":"cfeditorfr","twitter_card":"summary_large_image","twitter_misc":{"\u00c9crit par":"cfeditorfr","Dur\u00e9e de lecture estim\u00e9e":"5 minutes"},"schema":{"@context":"https:\/\/schema.org","@graph":[{"@type":"Article","@id":"https:\/\/www.africa-press.net\/djibouti\/politique\/le-premier-ministre-prend-part-a-la-havane-cuba-a-louverture-des-travaux-du-sommet-groupe77chine#article","isPartOf":{"@id":"https:\/\/www.africa-press.net\/djibouti\/politique\/le-premier-ministre-prend-part-a-la-havane-cuba-a-louverture-des-travaux-du-sommet-groupe77chine"},"author":{"name":"cfeditorfr","@id":"https:\/\/www.africa-press.net\/djibouti\/#\/schema\/person\/2b1cf3cd81a31e3cd26889ca66d677f1"},"headline":"Le Premier Ministre prend part \u00e0 La Havane (Cuba) \u00e0 l\u2019ouverture des travaux du Sommet Groupe77+Chine","datePublished":"2023-09-16T17:02:41+00:00","dateModified":"2023-09-16T17:16:10+00:00","mainEntityOfPage":{"@id":"https:\/\/www.africa-press.net\/djibouti\/politique\/le-premier-ministre-prend-part-a-la-havane-cuba-a-louverture-des-travaux-du-sommet-groupe77chine"},"wordCount":943,"commentCount":0,"image":{"@id":"https:\/\/www.africa-press.net\/djibouti\/politique\/le-premier-ministre-prend-part-a-la-havane-cuba-a-louverture-des-travaux-du-sommet-groupe77chine#primaryimage"},"thumbnailUrl":"https:\/\/static.africa-press.net\/djibouti\/sites\/52\/2023\/09\/sm_1694871930.442746.jpg","keywords":["Africa Press","Africa Press-Djibouti","Djibouti"],"articleSection":["Politique","Toutes les actualit\u00e9s"],"inLanguage":"fr-FR","potentialAction":[{"@type":"CommentAction","name":"Comment","target":["https:\/\/www.africa-press.net\/djibouti\/politique\/le-premier-ministre-prend-part-a-la-havane-cuba-a-louverture-des-travaux-du-sommet-groupe77chine#respond"]}]},{"@type":"WebPage","@id":"https:\/\/www.africa-press.net\/djibouti\/politique\/le-premier-ministre-prend-part-a-la-havane-cuba-a-louverture-des-travaux-du-sommet-groupe77chine","url":"https:\/\/www.africa-press.net\/djibouti\/politique\/le-premier-ministre-prend-part-a-la-havane-cuba-a-louverture-des-travaux-du-sommet-groupe77chine","name":"Le Premier Ministre prend part \u00e0 La Havane (Cuba) \u00e0 l\u2019ouverture des travaux du Sommet Groupe77+Chine - Djibouti","isPartOf":{"@id":"https:\/\/www.africa-press.net\/djibouti\/#website"},"primaryImageOfPage":{"@id":"https:\/\/www.africa-press.net\/djibouti\/politique\/le-premier-ministre-prend-part-a-la-havane-cuba-a-louverture-des-travaux-du-sommet-groupe77chine#primaryimage"},"image":{"@id":"https:\/\/www.africa-press.net\/djibouti\/politique\/le-premier-ministre-prend-part-a-la-havane-cuba-a-louverture-des-travaux-du-sommet-groupe77chine#primaryimage"},"thumbnailUrl":"https:\/\/static.africa-press.net\/djibouti\/sites\/52\/2023\/09\/sm_1694871930.442746.jpg","datePublished":"2023-09-16T17:02:41+00:00","dateModified":"2023-09-16T17:16:10+00:00","author":{"@id":"https:\/\/www.africa-press.net\/djibouti\/#\/schema\/person\/2b1cf3cd81a31e3cd26889ca66d677f1"},"description":"Au terme de sa visite officielle a\u0300 La Havane, le Premier Ministre, M. Abdoulkader Kamil Mohamed, a pris part au Sommet ...","breadcrumb":{"@id":"https:\/\/www.africa-press.net\/djibouti\/politique\/le-premier-ministre-prend-part-a-la-havane-cuba-a-louverture-des-travaux-du-sommet-groupe77chine#breadcrumb"},"inLanguage":"fr-FR","potentialAction":[{"@type":"ReadAction","target":["https:\/\/www.africa-press.net\/djibouti\/politique\/le-premier-ministre-prend-part-a-la-havane-cuba-a-louverture-des-travaux-du-sommet-groupe77chine"]}]},{"@type":"ImageObject","inLanguage":"fr-FR","@id":"https:\/\/www.africa-press.net\/djibouti\/politique\/le-premier-ministre-prend-part-a-la-havane-cuba-a-louverture-des-travaux-du-sommet-groupe77chine#primaryimage","url":"https:\/\/static.africa-press.net\/djibouti\/sites\/52\/2023\/09\/sm_1694871930.442746.jpg","contentUrl":"https:\/\/static.africa-press.net\/djibouti\/sites\/52\/2023\/09\/sm_1694871930.442746.jpg","width":1600,"height":1066,"caption":"Le Premier Ministre prend part \u00e0 La Havane (Cuba) \u00e0 l\u2019ouverture des travaux du Sommet Groupe77+Chine"},{"@type":"BreadcrumbList","@id":"https:\/\/www.africa-press.net\/djibouti\/politique\/le-premier-ministre-prend-part-a-la-havane-cuba-a-louverture-des-travaux-du-sommet-groupe77chine#breadcrumb","itemListElement":[{"@type":"ListItem","position":1,"name":"Accueil","item":"https:\/\/www.africa-press.net\/djibouti\/"},{"@type":"ListItem","position":2,"name":"Le Premier Ministre prend part \u00e0 La Havane (Cuba) \u00e0 l\u2019ouverture des travaux du Sommet Groupe77+Chine"}]},{"@type":"WebSite","@id":"https:\/\/www.africa-press.net\/djibouti\/#website","url":"https:\/\/www.africa-press.net\/djibouti\/","name":"Djibouti","description":"Just another Africa News Agency Sites site","potentialAction":[{"@type":"SearchAction","target":{"@type":"EntryPoint","urlTemplate":"https:\/\/www.africa-press.net\/djibouti\/?s={search_term_string}"},"query-input":{"@type":"PropertyValueSpecification","valueRequired":true,"valueName":"search_term_string"}}],"inLanguage":"fr-FR"},{"@type":"Person","@id":"https:\/\/www.africa-press.net\/djibouti\/#\/schema\/person\/2b1cf3cd81a31e3cd26889ca66d677f1","name":"cfeditorfr"}]}},"_links":{"self":[{"href":"https:\/\/www.africa-press.net\/djibouti\/wp-json\/wp\/v2\/posts\/17940","targetHints":{"allow":["GET"]}}],"collection":[{"href":"https:\/\/www.africa-press.net\/djibouti\/wp-json\/wp\/v2\/posts"}],"about":[{"href":"https:\/\/www.africa-press.net\/djibouti\/wp-json\/wp\/v2\/types\/post"}],"author":[{"embeddable":true,"href":"https:\/\/www.africa-press.net\/djibouti\/wp-json\/wp\/v2\/users\/82"}],"replies":[{"embeddable":true,"href":"https:\/\/www.africa-press.net\/djibouti\/wp-json\/wp\/v2\/comments?post=17940"}],"version-history":[{"count":0,"href":"https:\/\/www.africa-press.net\/djibouti\/wp-json\/wp\/v2\/posts\/17940\/revisions"}],"wp:featuredmedia":[{"embeddable":true,"href":"https:\/\/www.africa-press.net\/djibouti\/wp-json\/wp\/v2\/media\/17938"}],"wp:attachment":[{"href":"https:\/\/www.africa-press.net\/djibouti\/wp-json\/wp\/v2\/media?parent=17940"}],"wp:term":[{"taxonomy":"category","embeddable":true,"href":"https:\/\/www.africa-press.net\/djibouti\/wp-json\/wp\/v2\/categories?post=17940"},{"taxonomy":"post_tag","embeddable":true,"href":"https:\/\/www.africa-press.net\/djibouti\/wp-json\/wp\/v2\/tags?post=17940"}],"curies":[{"name":"wp","href":"https:\/\/api.w.org\/{rel}","templated":true}]}}