{"id":17943,"date":"2023-09-16T17:04:11","date_gmt":"2023-09-16T17:04:11","guid":{"rendered":"https:\/\/www.africa-press.net\/djibouti\/politique\/le-premier-ministre-sentretient-a-la-havane-cuba-avec-le-ministre-venezuelien-des-affaires-etrangeres"},"modified":"2023-09-16T17:16:49","modified_gmt":"2023-09-16T17:16:49","slug":"le-premier-ministre-sentretient-a-la-havane-cuba-avec-le-ministre-venezuelien-des-affaires-etrangeres","status":"publish","type":"post","link":"https:\/\/www.africa-press.net\/djibouti\/politique\/le-premier-ministre-sentretient-a-la-havane-cuba-avec-le-ministre-venezuelien-des-affaires-etrangeres","title":{"rendered":"Le Premier Ministre s\u2019entretient \u00e0 La Havane (Cuba) avec le ministre v\u00e9n\u00e9zu\u00e9lien des Affaires \u00c9trang\u00e8res"},"content":{"rendered":"<p><span style=\"color: #ff6600\"><strong>Africa-Press &#8211; Djibouti. <\/strong><\/span>En marge du Sommet, le Premier Ministre a rencontre\u0301 Yvan Gil Pinto, ministre ve\u0301ne\u0301zue\u0301lien des Affaires E\u0301trange\u0300res, qui a fait part de la volonte\u0301 du Pre\u0301sident Nicolas Maduro de revitaliser la coope\u0301ration bilate\u0301rale entre Djibouti et le Venezuela, notamment dans trois secteurs prioritaires a\u0300 savoir l\u2019enseignement supe\u0301rieur, l\u2019e\u0301nergie et le commerce.<\/p>\n<p>S\u2019agissant d\u2019une e\u0301ventuelle coope\u0301ration dans l\u2019enseignement supe\u0301rieur, le ministre ve\u0301ne\u0301zue\u0301lien a fait part de l\u2019engagement du Pre\u0301sident Maduro d\u2019offrir des bourses d\u2019e\u0301tudes au profit des e\u0301tudiants Djiboutiens pour poursuivre leurs e\u0301tudes supe\u0301rieures dans les e\u0301tablissements universitaires du Venezuela.<\/p>\n<p>Le Premier Ministre a accueilli chaleureusement cette proposition et lui a demande\u0301 de prioriser les me\u0301decins Djiboutiens hispanophones, notamment pour leurs e\u0301tudes de spe\u0301cialisation.<\/p>\n<p>Le ministre ve\u0301ne\u0301zue\u0301lien s\u2019est dit pre\u0302t a\u0300 examiner toutes suggestions qui seront faites par la partie Djiboutienne et a e\u0301galement fait savoir sa disponibilite\u0301 de rencontrer son homologue Djiboutien, M. Mahmoud Ali Youssouf, en marge de sa participation au Sommet de l\u2019Assemble\u0301e Ge\u0301ne\u0301rale de l\u2019ONU pour continuer ces discussions entame\u0301es avec le Premier Ministre.<\/p>\n<p>Ensuite, le Premier Ministre a eu un entretien avec S.E.Mem Kamina Johnson Smith, ministre Jamai\u0308caine des Affaires E\u0301trange\u0300res.<\/p>\n<p>Cette dernie\u0300re a fait part de la volonte\u0301 du Gouvernement Jamai\u0308cain d\u2019e\u0301tablir des liens diplomatique avec le Gouvernement de Djibouti.<\/p>\n<p>Le Premier Ministre s\u2019est re\u0301joui de cette volonte\u0301 et a confirme\u0301 la disponibilite\u0301 du Gouvernement Djiboutien de nouer des relations bilate\u0301rales ave la Jamai\u0308que par le biais de l\u2019e\u0301tablissement des liens diplomatiques dans les meilleurs de\u0301lais possibles.<\/p>\n<p>Enfin, le Premier Ministre a eu l\u2019insigne honneur de prendre part a\u0300 un di\u0302ner de gala offert par le Pre\u0301sident de la Re\u0301publique de Cuba, M. Miguel Di\u0301az-Canel, aux Chefs des de\u0301le\u0301gations. Demain, samedi 16 septembre, il participera a\u0300 la clo\u0302ture du Sommet du Groupe77+ Chine a\u0300 l\u2019issue duquel une de\u0301claration commune sera adopte\u0301e.<\/p>\n<p>En marge du Sommet, le Premier Ministre a rencontre\u0301 Yvan Gil Pinto, ministre ve\u0301ne\u0301zue\u0301lien des Affaires E\u0301trange\u0300res, qui a fait part de la volonte\u0301 du Pre\u0301sident Nicolas Maduro de revitaliser la coope\u0301ration bilate\u0301rale entre Djibouti et le Venezuela, notamment dans trois secteurs prioritaires a\u0300 savoir l\u2019enseignement supe\u0301rieur, l\u2019e\u0301nergie et le commerce.<\/p>\n<p>S\u2019agissant d\u2019une e\u0301ventuelle coope\u0301ration dans l\u2019enseignement supe\u0301rieur, le ministre ve\u0301ne\u0301zue\u0301lien a fait part de l\u2019engagement du Pre\u0301sident Maduro d\u2019offrir des bourses d\u2019e\u0301tudes au profit des e\u0301tudiants Djiboutiens pour poursuivre leurs e\u0301tudes supe\u0301rieures dans les e\u0301tablissements universitaires du Venezuela.<\/p>\n<p>Le Premier Ministre a accueilli chaleureusement cette proposition et lui a demande\u0301 de prioriser les me\u0301decins Djiboutiens hispanophones, notamment pour leurs e\u0301tudes de spe\u0301cialisation.<\/p>\n<p>Le ministre ve\u0301ne\u0301zue\u0301lien s\u2019est dit pre\u0302t a\u0300 examiner toutes suggestions qui seront faites par la partie Djiboutienne et a e\u0301galement fait savoir sa disponibilite\u0301 de rencontrer son homologue Djiboutien, M. Mahmoud Ali Youssouf, en marge de sa participation au Sommet de l\u2019Assemble\u0301e Ge\u0301ne\u0301rale de l\u2019ONU pour continuer ces discussions entame\u0301es avec le Premier Ministre.<\/p>\n<p>Ensuite, le Premier Ministre a eu un entretien avec S.E.Mem Kamina Johnson Smith, ministre Jamai\u0308caine des Affaires E\u0301trange\u0300res.<\/p>\n<p>Cette dernie\u0300re a fait part de la volonte\u0301 du Gouvernement Jamai\u0308cain d\u2019e\u0301tablir des liens diplomatique avec le Gouvernement de Djibouti.<\/p>\n<p>Le Premier Ministre s\u2019est re\u0301joui de cette volonte\u0301 et a confirme\u0301 la disponibilite\u0301 du Gouvernement Djiboutien de nouer des relations bilate\u0301rales ave la Jamai\u0308que par le biais de l\u2019e\u0301tablissement des liens diplomatiques dans les meilleurs de\u0301lais possibles.<\/p>\n<p>Enfin, le Premier Ministre a eu l\u2019insigne honneur de prendre part a\u0300 un di\u0302ner de gala offert par le Pre\u0301sident de la Re\u0301publique de Cuba, M. Miguel Di\u0301az-Canel, aux Chefs des de\u0301le\u0301gations. Demain, samedi 16 septembre, il participera a\u0300 la clo\u0302ture du Sommet du Groupe77+ Chine a\u0300 l\u2019issue duquel une de\u0301claration commune sera adopte\u0301e.<\/p>\n<p><strong>Pour plus d&rsquo;informations et d&rsquo;analyses sur la <a href=\"https:\/\/www.africa-press.net\/djibouti\">Djibouti<\/a>, suivez <a href=\"https:\/\/www.africa-press.net\/\">Africa-Press<\/a><\/strong><\/p>\n","protected":false},"excerpt":{"rendered":"<p>Africa-Press &#8211; Djibouti. En marge du Sommet, le Premier Ministre a rencontre\u0301 Yvan Gil Pinto, ministre ve\u0301ne\u0301zue\u0301lien des Affaires E\u0301trange\u0300res, qui a fait part de la volonte\u0301 du Pre\u0301sident Nicolas Maduro de revitaliser la coope\u0301ration bilate\u0301rale entre Djibouti et le Venezuela, notamment dans trois secteurs prioritaires a\u0300 savoir l\u2019enseignement supe\u0301rieur, l\u2019e\u0301nergie et le commerce. S\u2019agissant [&hellip;]<\/p>\n","protected":false},"author":82,"featured_media":17941,"comment_status":"open","ping_status":"closed","sticky":false,"template":"","format":"standard","meta":{"footnotes":""},"categories":[2,57,20,10],"tags":[36,49,50],"class_list":["post-17943","post","type-post","status-publish","format-standard","has-post-thumbnail","hentry","category-politique","category-to-homepage","category-top-nouvelles","category-toutes-les-actualites","tag-africa-press","tag-africa-press-djibouti","tag-djibouti"],"yoast_head":"<!-- This site is optimized with the Yoast SEO Premium plugin v26.1 (Yoast SEO v27.0) - https:\/\/yoast.com\/product\/yoast-seo-premium-wordpress\/ -->\n<title>Le Premier Ministre s\u2019entretient \u00e0 La Havane (Cuba) avec le ministre v\u00e9n\u00e9zu\u00e9lien des Affaires \u00c9trang\u00e8res - Djibouti<\/title>\n<meta name=\"description\" content=\"En marge du Sommet, le Premier Ministre a rencontre\u0301 Yvan Gil Pinto, ministre ve\u0301ne\u0301zue\u0301lien des Affaires E\u0301trange\u0300res, ...\" \/>\n<meta name=\"robots\" content=\"index, follow, max-snippet:-1, max-image-preview:large, max-video-preview:-1\" \/>\n<link rel=\"canonical\" href=\"https:\/\/www.africa-press.net\/djibouti\/politique\/le-premier-ministre-sentretient-a-la-havane-cuba-avec-le-ministre-venezuelien-des-affaires-etrangeres\" \/>\n<meta property=\"og:locale\" content=\"fr_FR\" \/>\n<meta property=\"og:type\" content=\"article\" \/>\n<meta property=\"og:title\" content=\"Le Premier Ministre s\u2019entretient \u00e0 La Havane (Cuba) avec le ministre v\u00e9n\u00e9zu\u00e9lien des Affaires \u00c9trang\u00e8res\" \/>\n<meta property=\"og:description\" content=\"En marge du Sommet, le Premier Ministre a rencontre\u0301 Yvan Gil Pinto, ministre ve\u0301ne\u0301zue\u0301lien des Affaires E\u0301trange\u0300res, ...\" \/>\n<meta property=\"og:url\" content=\"https:\/\/www.africa-press.net\/djibouti\/politique\/le-premier-ministre-sentretient-a-la-havane-cuba-avec-le-ministre-venezuelien-des-affaires-etrangeres\" \/>\n<meta property=\"og:site_name\" content=\"Djibouti\" \/>\n<meta property=\"article:published_time\" content=\"2023-09-16T17:04:11+00:00\" \/>\n<meta property=\"article:modified_time\" content=\"2023-09-16T17:16:49+00:00\" \/>\n<meta property=\"og:image\" content=\"https:\/\/static.africa-press.net\/djibouti\/sites\/52\/2023\/09\/sm_1694871961.977329.jpg\" \/>\n\t<meta property=\"og:image:width\" content=\"1600\" \/>\n\t<meta property=\"og:image:height\" content=\"1066\" \/>\n\t<meta property=\"og:image:type\" content=\"image\/jpeg\" \/>\n<meta name=\"author\" content=\"cfeditorfr\" \/>\n<meta name=\"twitter:card\" content=\"summary_large_image\" \/>\n<meta name=\"twitter:label1\" content=\"\u00c9crit par\" \/>\n\t<meta name=\"twitter:data1\" content=\"cfeditorfr\" \/>\n\t<meta name=\"twitter:label2\" content=\"Dur\u00e9e de lecture estim\u00e9e\" \/>\n\t<meta name=\"twitter:data2\" content=\"4 minutes\" \/>\n<script type=\"application\/ld+json\" class=\"yoast-schema-graph\">{\"@context\":\"https:\/\/schema.org\",\"@graph\":[{\"@type\":\"Article\",\"@id\":\"https:\/\/www.africa-press.net\/djibouti\/politique\/le-premier-ministre-sentretient-a-la-havane-cuba-avec-le-ministre-venezuelien-des-affaires-etrangeres#article\",\"isPartOf\":{\"@id\":\"https:\/\/www.africa-press.net\/djibouti\/politique\/le-premier-ministre-sentretient-a-la-havane-cuba-avec-le-ministre-venezuelien-des-affaires-etrangeres\"},\"author\":{\"name\":\"cfeditorfr\",\"@id\":\"https:\/\/www.africa-press.net\/djibouti\/#\/schema\/person\/2b1cf3cd81a31e3cd26889ca66d677f1\"},\"headline\":\"Le Premier Ministre s\u2019entretient \u00e0 La Havane (Cuba) avec le ministre v\u00e9n\u00e9zu\u00e9lien des Affaires \u00c9trang\u00e8res\",\"datePublished\":\"2023-09-16T17:04:11+00:00\",\"dateModified\":\"2023-09-16T17:16:49+00:00\",\"mainEntityOfPage\":{\"@id\":\"https:\/\/www.africa-press.net\/djibouti\/politique\/le-premier-ministre-sentretient-a-la-havane-cuba-avec-le-ministre-venezuelien-des-affaires-etrangeres\"},\"wordCount\":768,\"commentCount\":0,\"image\":{\"@id\":\"https:\/\/www.africa-press.net\/djibouti\/politique\/le-premier-ministre-sentretient-a-la-havane-cuba-avec-le-ministre-venezuelien-des-affaires-etrangeres#primaryimage\"},\"thumbnailUrl\":\"https:\/\/static.africa-press.net\/djibouti\/sites\/52\/2023\/09\/sm_1694871961.977329.jpg\",\"keywords\":[\"Africa Press\",\"Africa Press-Djibouti\",\"Djibouti\"],\"articleSection\":[\"Politique\",\"to-homepage\",\"Top Nouvelles\",\"Toutes les actualit\u00e9s\"],\"inLanguage\":\"fr-FR\",\"potentialAction\":[{\"@type\":\"CommentAction\",\"name\":\"Comment\",\"target\":[\"https:\/\/www.africa-press.net\/djibouti\/politique\/le-premier-ministre-sentretient-a-la-havane-cuba-avec-le-ministre-venezuelien-des-affaires-etrangeres#respond\"]}]},{\"@type\":\"WebPage\",\"@id\":\"https:\/\/www.africa-press.net\/djibouti\/politique\/le-premier-ministre-sentretient-a-la-havane-cuba-avec-le-ministre-venezuelien-des-affaires-etrangeres\",\"url\":\"https:\/\/www.africa-press.net\/djibouti\/politique\/le-premier-ministre-sentretient-a-la-havane-cuba-avec-le-ministre-venezuelien-des-affaires-etrangeres\",\"name\":\"Le Premier Ministre s\u2019entretient \u00e0 La Havane (Cuba) avec le ministre v\u00e9n\u00e9zu\u00e9lien des Affaires \u00c9trang\u00e8res - Djibouti\",\"isPartOf\":{\"@id\":\"https:\/\/www.africa-press.net\/djibouti\/#website\"},\"primaryImageOfPage\":{\"@id\":\"https:\/\/www.africa-press.net\/djibouti\/politique\/le-premier-ministre-sentretient-a-la-havane-cuba-avec-le-ministre-venezuelien-des-affaires-etrangeres#primaryimage\"},\"image\":{\"@id\":\"https:\/\/www.africa-press.net\/djibouti\/politique\/le-premier-ministre-sentretient-a-la-havane-cuba-avec-le-ministre-venezuelien-des-affaires-etrangeres#primaryimage\"},\"thumbnailUrl\":\"https:\/\/static.africa-press.net\/djibouti\/sites\/52\/2023\/09\/sm_1694871961.977329.jpg\",\"datePublished\":\"2023-09-16T17:04:11+00:00\",\"dateModified\":\"2023-09-16T17:16:49+00:00\",\"author\":{\"@id\":\"https:\/\/www.africa-press.net\/djibouti\/#\/schema\/person\/2b1cf3cd81a31e3cd26889ca66d677f1\"},\"description\":\"En marge du Sommet, le Premier Ministre a rencontre\u0301 Yvan Gil Pinto, ministre ve\u0301ne\u0301zue\u0301lien des Affaires E\u0301trange\u0300res, ...\",\"breadcrumb\":{\"@id\":\"https:\/\/www.africa-press.net\/djibouti\/politique\/le-premier-ministre-sentretient-a-la-havane-cuba-avec-le-ministre-venezuelien-des-affaires-etrangeres#breadcrumb\"},\"inLanguage\":\"fr-FR\",\"potentialAction\":[{\"@type\":\"ReadAction\",\"target\":[\"https:\/\/www.africa-press.net\/djibouti\/politique\/le-premier-ministre-sentretient-a-la-havane-cuba-avec-le-ministre-venezuelien-des-affaires-etrangeres\"]}]},{\"@type\":\"ImageObject\",\"inLanguage\":\"fr-FR\",\"@id\":\"https:\/\/www.africa-press.net\/djibouti\/politique\/le-premier-ministre-sentretient-a-la-havane-cuba-avec-le-ministre-venezuelien-des-affaires-etrangeres#primaryimage\",\"url\":\"https:\/\/static.africa-press.net\/djibouti\/sites\/52\/2023\/09\/sm_1694871961.977329.jpg\",\"contentUrl\":\"https:\/\/static.africa-press.net\/djibouti\/sites\/52\/2023\/09\/sm_1694871961.977329.jpg\",\"width\":1600,\"height\":1066,\"caption\":\"Le Premier Ministre s\u2019entretient \u00e0 La Havane (Cuba) avec le ministre v\u00e9n\u00e9zu\u00e9lien des Affaires \u00c9trang\u00e8res\"},{\"@type\":\"BreadcrumbList\",\"@id\":\"https:\/\/www.africa-press.net\/djibouti\/politique\/le-premier-ministre-sentretient-a-la-havane-cuba-avec-le-ministre-venezuelien-des-affaires-etrangeres#breadcrumb\",\"itemListElement\":[{\"@type\":\"ListItem\",\"position\":1,\"name\":\"Accueil\",\"item\":\"https:\/\/www.africa-press.net\/djibouti\/\"},{\"@type\":\"ListItem\",\"position\":2,\"name\":\"Le Premier Ministre s\u2019entretient \u00e0 La Havane (Cuba) avec le ministre v\u00e9n\u00e9zu\u00e9lien des Affaires \u00c9trang\u00e8res\"}]},{\"@type\":\"WebSite\",\"@id\":\"https:\/\/www.africa-press.net\/djibouti\/#website\",\"url\":\"https:\/\/www.africa-press.net\/djibouti\/\",\"name\":\"Djibouti\",\"description\":\"Just another Africa News Agency Sites site\",\"potentialAction\":[{\"@type\":\"SearchAction\",\"target\":{\"@type\":\"EntryPoint\",\"urlTemplate\":\"https:\/\/www.africa-press.net\/djibouti\/?s={search_term_string}\"},\"query-input\":{\"@type\":\"PropertyValueSpecification\",\"valueRequired\":true,\"valueName\":\"search_term_string\"}}],\"inLanguage\":\"fr-FR\"},{\"@type\":\"Person\",\"@id\":\"https:\/\/www.africa-press.net\/djibouti\/#\/schema\/person\/2b1cf3cd81a31e3cd26889ca66d677f1\",\"name\":\"cfeditorfr\"}]}<\/script>\n<!-- \/ Yoast SEO Premium plugin. -->","yoast_head_json":{"title":"Le Premier Ministre s\u2019entretient \u00e0 La Havane (Cuba) avec le ministre v\u00e9n\u00e9zu\u00e9lien des Affaires \u00c9trang\u00e8res - Djibouti","description":"En marge du Sommet, le Premier Ministre a rencontre\u0301 Yvan Gil Pinto, ministre ve\u0301ne\u0301zue\u0301lien des Affaires E\u0301trange\u0300res, ...","robots":{"index":"index","follow":"follow","max-snippet":"max-snippet:-1","max-image-preview":"max-image-preview:large","max-video-preview":"max-video-preview:-1"},"canonical":"https:\/\/www.africa-press.net\/djibouti\/politique\/le-premier-ministre-sentretient-a-la-havane-cuba-avec-le-ministre-venezuelien-des-affaires-etrangeres","og_locale":"fr_FR","og_type":"article","og_title":"Le Premier Ministre s\u2019entretient \u00e0 La Havane (Cuba) avec le ministre v\u00e9n\u00e9zu\u00e9lien des Affaires \u00c9trang\u00e8res","og_description":"En marge du Sommet, le Premier Ministre a rencontre\u0301 Yvan Gil Pinto, ministre ve\u0301ne\u0301zue\u0301lien des Affaires E\u0301trange\u0300res, ...","og_url":"https:\/\/www.africa-press.net\/djibouti\/politique\/le-premier-ministre-sentretient-a-la-havane-cuba-avec-le-ministre-venezuelien-des-affaires-etrangeres","og_site_name":"Djibouti","article_published_time":"2023-09-16T17:04:11+00:00","article_modified_time":"2023-09-16T17:16:49+00:00","og_image":[{"width":1600,"height":1066,"url":"https:\/\/static.africa-press.net\/djibouti\/sites\/52\/2023\/09\/sm_1694871961.977329.jpg","type":"image\/jpeg"}],"author":"cfeditorfr","twitter_card":"summary_large_image","twitter_misc":{"\u00c9crit par":"cfeditorfr","Dur\u00e9e de lecture estim\u00e9e":"4 minutes"},"schema":{"@context":"https:\/\/schema.org","@graph":[{"@type":"Article","@id":"https:\/\/www.africa-press.net\/djibouti\/politique\/le-premier-ministre-sentretient-a-la-havane-cuba-avec-le-ministre-venezuelien-des-affaires-etrangeres#article","isPartOf":{"@id":"https:\/\/www.africa-press.net\/djibouti\/politique\/le-premier-ministre-sentretient-a-la-havane-cuba-avec-le-ministre-venezuelien-des-affaires-etrangeres"},"author":{"name":"cfeditorfr","@id":"https:\/\/www.africa-press.net\/djibouti\/#\/schema\/person\/2b1cf3cd81a31e3cd26889ca66d677f1"},"headline":"Le Premier Ministre s\u2019entretient \u00e0 La Havane (Cuba) avec le ministre v\u00e9n\u00e9zu\u00e9lien des Affaires \u00c9trang\u00e8res","datePublished":"2023-09-16T17:04:11+00:00","dateModified":"2023-09-16T17:16:49+00:00","mainEntityOfPage":{"@id":"https:\/\/www.africa-press.net\/djibouti\/politique\/le-premier-ministre-sentretient-a-la-havane-cuba-avec-le-ministre-venezuelien-des-affaires-etrangeres"},"wordCount":768,"commentCount":0,"image":{"@id":"https:\/\/www.africa-press.net\/djibouti\/politique\/le-premier-ministre-sentretient-a-la-havane-cuba-avec-le-ministre-venezuelien-des-affaires-etrangeres#primaryimage"},"thumbnailUrl":"https:\/\/static.africa-press.net\/djibouti\/sites\/52\/2023\/09\/sm_1694871961.977329.jpg","keywords":["Africa Press","Africa Press-Djibouti","Djibouti"],"articleSection":["Politique","to-homepage","Top Nouvelles","Toutes les actualit\u00e9s"],"inLanguage":"fr-FR","potentialAction":[{"@type":"CommentAction","name":"Comment","target":["https:\/\/www.africa-press.net\/djibouti\/politique\/le-premier-ministre-sentretient-a-la-havane-cuba-avec-le-ministre-venezuelien-des-affaires-etrangeres#respond"]}]},{"@type":"WebPage","@id":"https:\/\/www.africa-press.net\/djibouti\/politique\/le-premier-ministre-sentretient-a-la-havane-cuba-avec-le-ministre-venezuelien-des-affaires-etrangeres","url":"https:\/\/www.africa-press.net\/djibouti\/politique\/le-premier-ministre-sentretient-a-la-havane-cuba-avec-le-ministre-venezuelien-des-affaires-etrangeres","name":"Le Premier Ministre s\u2019entretient \u00e0 La Havane (Cuba) avec le ministre v\u00e9n\u00e9zu\u00e9lien des Affaires \u00c9trang\u00e8res - Djibouti","isPartOf":{"@id":"https:\/\/www.africa-press.net\/djibouti\/#website"},"primaryImageOfPage":{"@id":"https:\/\/www.africa-press.net\/djibouti\/politique\/le-premier-ministre-sentretient-a-la-havane-cuba-avec-le-ministre-venezuelien-des-affaires-etrangeres#primaryimage"},"image":{"@id":"https:\/\/www.africa-press.net\/djibouti\/politique\/le-premier-ministre-sentretient-a-la-havane-cuba-avec-le-ministre-venezuelien-des-affaires-etrangeres#primaryimage"},"thumbnailUrl":"https:\/\/static.africa-press.net\/djibouti\/sites\/52\/2023\/09\/sm_1694871961.977329.jpg","datePublished":"2023-09-16T17:04:11+00:00","dateModified":"2023-09-16T17:16:49+00:00","author":{"@id":"https:\/\/www.africa-press.net\/djibouti\/#\/schema\/person\/2b1cf3cd81a31e3cd26889ca66d677f1"},"description":"En marge du Sommet, le Premier Ministre a rencontre\u0301 Yvan Gil Pinto, ministre ve\u0301ne\u0301zue\u0301lien des Affaires E\u0301trange\u0300res, ...","breadcrumb":{"@id":"https:\/\/www.africa-press.net\/djibouti\/politique\/le-premier-ministre-sentretient-a-la-havane-cuba-avec-le-ministre-venezuelien-des-affaires-etrangeres#breadcrumb"},"inLanguage":"fr-FR","potentialAction":[{"@type":"ReadAction","target":["https:\/\/www.africa-press.net\/djibouti\/politique\/le-premier-ministre-sentretient-a-la-havane-cuba-avec-le-ministre-venezuelien-des-affaires-etrangeres"]}]},{"@type":"ImageObject","inLanguage":"fr-FR","@id":"https:\/\/www.africa-press.net\/djibouti\/politique\/le-premier-ministre-sentretient-a-la-havane-cuba-avec-le-ministre-venezuelien-des-affaires-etrangeres#primaryimage","url":"https:\/\/static.africa-press.net\/djibouti\/sites\/52\/2023\/09\/sm_1694871961.977329.jpg","contentUrl":"https:\/\/static.africa-press.net\/djibouti\/sites\/52\/2023\/09\/sm_1694871961.977329.jpg","width":1600,"height":1066,"caption":"Le Premier Ministre s\u2019entretient \u00e0 La Havane (Cuba) avec le ministre v\u00e9n\u00e9zu\u00e9lien des Affaires \u00c9trang\u00e8res"},{"@type":"BreadcrumbList","@id":"https:\/\/www.africa-press.net\/djibouti\/politique\/le-premier-ministre-sentretient-a-la-havane-cuba-avec-le-ministre-venezuelien-des-affaires-etrangeres#breadcrumb","itemListElement":[{"@type":"ListItem","position":1,"name":"Accueil","item":"https:\/\/www.africa-press.net\/djibouti\/"},{"@type":"ListItem","position":2,"name":"Le Premier Ministre s\u2019entretient \u00e0 La Havane (Cuba) avec le ministre v\u00e9n\u00e9zu\u00e9lien des Affaires \u00c9trang\u00e8res"}]},{"@type":"WebSite","@id":"https:\/\/www.africa-press.net\/djibouti\/#website","url":"https:\/\/www.africa-press.net\/djibouti\/","name":"Djibouti","description":"Just another Africa News Agency Sites site","potentialAction":[{"@type":"SearchAction","target":{"@type":"EntryPoint","urlTemplate":"https:\/\/www.africa-press.net\/djibouti\/?s={search_term_string}"},"query-input":{"@type":"PropertyValueSpecification","valueRequired":true,"valueName":"search_term_string"}}],"inLanguage":"fr-FR"},{"@type":"Person","@id":"https:\/\/www.africa-press.net\/djibouti\/#\/schema\/person\/2b1cf3cd81a31e3cd26889ca66d677f1","name":"cfeditorfr"}]}},"_links":{"self":[{"href":"https:\/\/www.africa-press.net\/djibouti\/wp-json\/wp\/v2\/posts\/17943","targetHints":{"allow":["GET"]}}],"collection":[{"href":"https:\/\/www.africa-press.net\/djibouti\/wp-json\/wp\/v2\/posts"}],"about":[{"href":"https:\/\/www.africa-press.net\/djibouti\/wp-json\/wp\/v2\/types\/post"}],"author":[{"embeddable":true,"href":"https:\/\/www.africa-press.net\/djibouti\/wp-json\/wp\/v2\/users\/82"}],"replies":[{"embeddable":true,"href":"https:\/\/www.africa-press.net\/djibouti\/wp-json\/wp\/v2\/comments?post=17943"}],"version-history":[{"count":0,"href":"https:\/\/www.africa-press.net\/djibouti\/wp-json\/wp\/v2\/posts\/17943\/revisions"}],"wp:featuredmedia":[{"embeddable":true,"href":"https:\/\/www.africa-press.net\/djibouti\/wp-json\/wp\/v2\/media\/17941"}],"wp:attachment":[{"href":"https:\/\/www.africa-press.net\/djibouti\/wp-json\/wp\/v2\/media?parent=17943"}],"wp:term":[{"taxonomy":"category","embeddable":true,"href":"https:\/\/www.africa-press.net\/djibouti\/wp-json\/wp\/v2\/categories?post=17943"},{"taxonomy":"post_tag","embeddable":true,"href":"https:\/\/www.africa-press.net\/djibouti\/wp-json\/wp\/v2\/tags?post=17943"}],"curies":[{"name":"wp","href":"https:\/\/api.w.org\/{rel}","templated":true}]}}