{"id":18044,"date":"2023-09-18T17:31:08","date_gmt":"2023-09-18T17:31:08","guid":{"rendered":"https:\/\/www.africa-press.net\/djibouti\/politique\/le-maire-de-djibouti-au-sommet-des-nations-unies-a-new-york"},"modified":"2023-09-18T18:03:48","modified_gmt":"2023-09-18T18:03:48","slug":"le-maire-de-djibouti-au-sommet-des-nations-unies-a-new-york","status":"publish","type":"post","link":"https:\/\/www.africa-press.net\/djibouti\/politique\/le-maire-de-djibouti-au-sommet-des-nations-unies-a-new-york","title":{"rendered":"Le maire de Djibouti au sommet des Nations Unies \u00e0 New York"},"content":{"rendered":"<p><span style=\"color: #ff6600\"><strong>Africa-Press &#8211; Djibouti. <\/strong><\/span>Le maire de Djibouti, M. Said Daoud Mohamed, a participe\u0301 hier au sie\u0300ge de l&rsquo;ONU au sommet des ODD, forum des gouvernements locaux et re\u0301gionaux et au dialogue de haut niveau sur le financement du de\u0301veloppement qui se sont tenus en marge des travaux de la 78e session de l&rsquo;Assemble\u0301e ge\u0301ne\u0301rale des Nations Unies.<\/p>\n<p>L&rsquo;e\u0301dile est accompagne\u0301 de son conseiller technique, M. Otban Hamad Mahammad.<\/p>\n<p>M. Said Daoud Mohamed a prononce\u0301 un important discours devant ses pairs re\u0301unis au sie\u0300ge des Nations Unies.<\/p>\n<p>\u00ab\u00a0Mon pays, la Re\u0301publique de Djibouti, connu pour e\u0302tre un fervent de\u0301fenseur d\u2019un de\u0301veloppement mondial harmonieux dans toutes les acceptations du terme, est signataire des engagements des objectifs de de\u0301veloppement durable (ODD), e\u0301galement appele\u0301s objectifs globaux, constituent un appel universel a\u0300 l\u2019action visant a e\u0301liminer la pauvrete\u0301, a\u0300 prote\u0301ger la plane\u0300te et a\u0300 garantir a\u0300 tous les peuples la paix et la prospe\u0301rite\u0301\u00a0\u00bb, a rappele\u0301 le maire de la capitale.<\/p>\n<p>\u00ab\u00a0Pour relever les de\u0301fis qu\u2019elle doit confronter, ma municipalite\u0301, a entrepris quelques initiatives axe\u0301es sur le de\u0301veloppement urbain\u00a0\u00bb, a-t-il affirme\u0301.<\/p>\n<p>\u00ab\u00a0Ainsi, la plus grande municipalite\u0301 de mon pays, celle de la Ville de Djibouti dont j\u2019ai l\u2019honneur d\u2019e\u0302tre le Maire devient de facto un acteur privile\u0301gie\u0301 au niveau nationale dans la mise en \u0153uvre de l\u2019agenda 2030\u00a0\u00bb, a-t-il ajoute\u0301.<\/p>\n<p>Notons que la 78e assemble\u0301e ge\u0301ne\u0301rale des Nations Unies marque une e\u0301tape de\u0301cisive sur la voie de la re\u0301alisation de l&rsquo;Agenda 2030 et de la ne\u0301cessite\u0301 urgente de replacer les 17 Objectifs de de\u0301veloppement durable (ODD) au c\u0153ur du de\u0301bat.<\/p>\n<p>Le dialogue permettra e\u0301galement d&rsquo;identifier les progre\u0300s et les de\u0301fis e\u0301mergents, ainsi que de planifier des actions supple\u0301mentaires.<\/p>\n<p>Le maire de Djibouti, M. Said Daoud Mohamed, a participe\u0301 hier au sie\u0300ge de l&rsquo;ONU au sommet des ODD, forum des gouvernements locaux et re\u0301gionaux et au dialogue de haut niveau sur le financement du de\u0301veloppement qui se sont tenus en marge des travaux de la 78e session de l&rsquo;Assemble\u0301e ge\u0301ne\u0301rale des Nations Unies.<\/p>\n<p>L&rsquo;e\u0301dile est accompagne\u0301 de son conseiller technique, M. Otban Hamad Mahammad.<\/p>\n<p>M. Said Daoud Mohamed a prononce\u0301 un important discours devant ses pairs re\u0301unis au sie\u0300ge des Nations Unies.<\/p>\n<p>\u00ab\u00a0Mon pays, la Re\u0301publique de Djibouti, connu pour e\u0302tre un fervent de\u0301fenseur d\u2019un de\u0301veloppement mondial harmonieux dans toutes les acceptations du terme, est signataire des engagements des objectifs de de\u0301veloppement durable (ODD), e\u0301galement appele\u0301s objectifs globaux, constituent un appel universel a\u0300 l\u2019action visant a e\u0301liminer la pauvrete\u0301, a\u0300 prote\u0301ger la plane\u0300te et a\u0300 garantir a\u0300 tous les peuples la paix et la prospe\u0301rite\u0301\u00a0\u00bb, a rappele\u0301 le maire de la capitale.<\/p>\n<p>\u00ab\u00a0Pour relever les de\u0301fis qu\u2019elle doit confronter, ma municipalite\u0301, a entrepris quelques initiatives axe\u0301es sur le de\u0301veloppement urbain\u00a0\u00bb, a-t-il affirme\u0301.<\/p>\n<p>\u00ab\u00a0Ainsi, la plus grande municipalite\u0301 de mon pays, celle de la Ville de Djibouti dont j\u2019ai l\u2019honneur d\u2019e\u0302tre le Maire devient de facto un acteur privile\u0301gie\u0301 au niveau nationale dans la mise en \u0153uvre de l\u2019agenda 2030\u00a0\u00bb, a-t-il ajoute\u0301.<\/p>\n<p>Notons que la 78e assemble\u0301e ge\u0301ne\u0301rale des Nations Unies marque une e\u0301tape de\u0301cisive sur la voie de la re\u0301alisation de l&rsquo;Agenda 2030 et de la ne\u0301cessite\u0301 urgente de replacer les 17 Objectifs de de\u0301veloppement durable (ODD) au c\u0153ur du de\u0301bat.<\/p>\n<p>Le dialogue permettra e\u0301galement d&rsquo;identifier les progre\u0300s et les de\u0301fis e\u0301mergents, ainsi que de planifier des actions supple\u0301mentaires.<\/p>\n<p><strong>Pour plus d&rsquo;informations et d&rsquo;analyses sur la <a href=\"https:\/\/www.africa-press.net\/djibouti\">Djibouti<\/a>, suivez <a href=\"https:\/\/www.africa-press.net\/\">Africa-Press<\/a><\/strong><\/p>\n","protected":false},"excerpt":{"rendered":"<p>Africa-Press &#8211; Djibouti. Le maire de Djibouti, M. Said Daoud Mohamed, a participe\u0301 hier au sie\u0300ge de l&rsquo;ONU au sommet des ODD, forum des gouvernements locaux et re\u0301gionaux et au dialogue de haut niveau sur le financement du de\u0301veloppement qui se sont tenus en marge des travaux de la 78e session de l&rsquo;Assemble\u0301e ge\u0301ne\u0301rale des [&hellip;]<\/p>\n","protected":false},"author":82,"featured_media":18042,"comment_status":"open","ping_status":"closed","sticky":false,"template":"","format":"standard","meta":{"footnotes":""},"categories":[2,57,20,10],"tags":[36,49,50],"class_list":["post-18044","post","type-post","status-publish","format-standard","has-post-thumbnail","hentry","category-politique","category-to-homepage","category-top-nouvelles","category-toutes-les-actualites","tag-africa-press","tag-africa-press-djibouti","tag-djibouti"],"yoast_head":"<!-- This site is optimized with the Yoast SEO Premium plugin v26.1 (Yoast SEO v27.0) - https:\/\/yoast.com\/product\/yoast-seo-premium-wordpress\/ -->\n<title>Le maire de Djibouti au sommet des Nations Unies \u00e0 New York - Djibouti<\/title>\n<meta name=\"description\" content=\"Le maire de Djibouti, M. Said Daoud Mohamed, a participe\u0301 hier au sie\u0300ge de l&#039;ONU au sommet des ODD, forum des gouvernem ...\" \/>\n<meta name=\"robots\" content=\"index, follow, max-snippet:-1, max-image-preview:large, max-video-preview:-1\" \/>\n<link rel=\"canonical\" href=\"https:\/\/www.africa-press.net\/djibouti\/politique\/le-maire-de-djibouti-au-sommet-des-nations-unies-a-new-york\" \/>\n<meta property=\"og:locale\" content=\"fr_FR\" \/>\n<meta property=\"og:type\" content=\"article\" \/>\n<meta property=\"og:title\" content=\"Le maire de Djibouti au sommet des Nations Unies \u00e0 New York\" \/>\n<meta property=\"og:description\" content=\"Le maire de Djibouti, M. Said Daoud Mohamed, a participe\u0301 hier au sie\u0300ge de l&#039;ONU au sommet des ODD, forum des gouvernem ...\" \/>\n<meta property=\"og:url\" content=\"https:\/\/www.africa-press.net\/djibouti\/politique\/le-maire-de-djibouti-au-sommet-des-nations-unies-a-new-york\" \/>\n<meta property=\"og:site_name\" content=\"Djibouti\" \/>\n<meta property=\"article:published_time\" content=\"2023-09-18T17:31:08+00:00\" \/>\n<meta property=\"article:modified_time\" content=\"2023-09-18T18:03:48+00:00\" \/>\n<meta property=\"og:image\" content=\"https:\/\/static.africa-press.net\/djibouti\/sites\/52\/2023\/09\/sm_1695047603.159268.jpg\" \/>\n\t<meta property=\"og:image:width\" content=\"1080\" \/>\n\t<meta property=\"og:image:height\" content=\"421\" \/>\n\t<meta property=\"og:image:type\" content=\"image\/jpeg\" \/>\n<meta name=\"author\" content=\"cfeditorfr\" \/>\n<meta name=\"twitter:card\" content=\"summary_large_image\" \/>\n<meta name=\"twitter:label1\" content=\"\u00c9crit par\" \/>\n\t<meta name=\"twitter:data1\" content=\"cfeditorfr\" \/>\n\t<meta name=\"twitter:label2\" content=\"Dur\u00e9e de lecture estim\u00e9e\" \/>\n\t<meta name=\"twitter:data2\" content=\"3 minutes\" \/>\n<script type=\"application\/ld+json\" class=\"yoast-schema-graph\">{\"@context\":\"https:\/\/schema.org\",\"@graph\":[{\"@type\":\"Article\",\"@id\":\"https:\/\/www.africa-press.net\/djibouti\/politique\/le-maire-de-djibouti-au-sommet-des-nations-unies-a-new-york#article\",\"isPartOf\":{\"@id\":\"https:\/\/www.africa-press.net\/djibouti\/politique\/le-maire-de-djibouti-au-sommet-des-nations-unies-a-new-york\"},\"author\":{\"name\":\"cfeditorfr\",\"@id\":\"https:\/\/www.africa-press.net\/djibouti\/#\/schema\/person\/2b1cf3cd81a31e3cd26889ca66d677f1\"},\"headline\":\"Le maire de Djibouti au sommet des Nations Unies \u00e0 New York\",\"datePublished\":\"2023-09-18T17:31:08+00:00\",\"dateModified\":\"2023-09-18T18:03:48+00:00\",\"mainEntityOfPage\":{\"@id\":\"https:\/\/www.africa-press.net\/djibouti\/politique\/le-maire-de-djibouti-au-sommet-des-nations-unies-a-new-york\"},\"wordCount\":664,\"commentCount\":0,\"image\":{\"@id\":\"https:\/\/www.africa-press.net\/djibouti\/politique\/le-maire-de-djibouti-au-sommet-des-nations-unies-a-new-york#primaryimage\"},\"thumbnailUrl\":\"https:\/\/static.africa-press.net\/djibouti\/sites\/52\/2023\/09\/sm_1695047603.159268.jpg\",\"keywords\":[\"Africa Press\",\"Africa Press-Djibouti\",\"Djibouti\"],\"articleSection\":[\"Politique\",\"to-homepage\",\"Top Nouvelles\",\"Toutes les actualit\u00e9s\"],\"inLanguage\":\"fr-FR\",\"potentialAction\":[{\"@type\":\"CommentAction\",\"name\":\"Comment\",\"target\":[\"https:\/\/www.africa-press.net\/djibouti\/politique\/le-maire-de-djibouti-au-sommet-des-nations-unies-a-new-york#respond\"]}]},{\"@type\":\"WebPage\",\"@id\":\"https:\/\/www.africa-press.net\/djibouti\/politique\/le-maire-de-djibouti-au-sommet-des-nations-unies-a-new-york\",\"url\":\"https:\/\/www.africa-press.net\/djibouti\/politique\/le-maire-de-djibouti-au-sommet-des-nations-unies-a-new-york\",\"name\":\"Le maire de Djibouti au sommet des Nations Unies \u00e0 New York - Djibouti\",\"isPartOf\":{\"@id\":\"https:\/\/www.africa-press.net\/djibouti\/#website\"},\"primaryImageOfPage\":{\"@id\":\"https:\/\/www.africa-press.net\/djibouti\/politique\/le-maire-de-djibouti-au-sommet-des-nations-unies-a-new-york#primaryimage\"},\"image\":{\"@id\":\"https:\/\/www.africa-press.net\/djibouti\/politique\/le-maire-de-djibouti-au-sommet-des-nations-unies-a-new-york#primaryimage\"},\"thumbnailUrl\":\"https:\/\/static.africa-press.net\/djibouti\/sites\/52\/2023\/09\/sm_1695047603.159268.jpg\",\"datePublished\":\"2023-09-18T17:31:08+00:00\",\"dateModified\":\"2023-09-18T18:03:48+00:00\",\"author\":{\"@id\":\"https:\/\/www.africa-press.net\/djibouti\/#\/schema\/person\/2b1cf3cd81a31e3cd26889ca66d677f1\"},\"description\":\"Le maire de Djibouti, M. Said Daoud Mohamed, a participe\u0301 hier au sie\u0300ge de l'ONU au sommet des ODD, forum des gouvernem ...\",\"breadcrumb\":{\"@id\":\"https:\/\/www.africa-press.net\/djibouti\/politique\/le-maire-de-djibouti-au-sommet-des-nations-unies-a-new-york#breadcrumb\"},\"inLanguage\":\"fr-FR\",\"potentialAction\":[{\"@type\":\"ReadAction\",\"target\":[\"https:\/\/www.africa-press.net\/djibouti\/politique\/le-maire-de-djibouti-au-sommet-des-nations-unies-a-new-york\"]}]},{\"@type\":\"ImageObject\",\"inLanguage\":\"fr-FR\",\"@id\":\"https:\/\/www.africa-press.net\/djibouti\/politique\/le-maire-de-djibouti-au-sommet-des-nations-unies-a-new-york#primaryimage\",\"url\":\"https:\/\/static.africa-press.net\/djibouti\/sites\/52\/2023\/09\/sm_1695047603.159268.jpg\",\"contentUrl\":\"https:\/\/static.africa-press.net\/djibouti\/sites\/52\/2023\/09\/sm_1695047603.159268.jpg\",\"width\":1080,\"height\":421,\"caption\":\"Le maire de Djibouti au sommet des Nations Unies \u00e0 New York\"},{\"@type\":\"BreadcrumbList\",\"@id\":\"https:\/\/www.africa-press.net\/djibouti\/politique\/le-maire-de-djibouti-au-sommet-des-nations-unies-a-new-york#breadcrumb\",\"itemListElement\":[{\"@type\":\"ListItem\",\"position\":1,\"name\":\"Accueil\",\"item\":\"https:\/\/www.africa-press.net\/djibouti\/\"},{\"@type\":\"ListItem\",\"position\":2,\"name\":\"Le maire de Djibouti au sommet des Nations Unies \u00e0 New York\"}]},{\"@type\":\"WebSite\",\"@id\":\"https:\/\/www.africa-press.net\/djibouti\/#website\",\"url\":\"https:\/\/www.africa-press.net\/djibouti\/\",\"name\":\"Djibouti\",\"description\":\"Just another Africa News Agency Sites site\",\"potentialAction\":[{\"@type\":\"SearchAction\",\"target\":{\"@type\":\"EntryPoint\",\"urlTemplate\":\"https:\/\/www.africa-press.net\/djibouti\/?s={search_term_string}\"},\"query-input\":{\"@type\":\"PropertyValueSpecification\",\"valueRequired\":true,\"valueName\":\"search_term_string\"}}],\"inLanguage\":\"fr-FR\"},{\"@type\":\"Person\",\"@id\":\"https:\/\/www.africa-press.net\/djibouti\/#\/schema\/person\/2b1cf3cd81a31e3cd26889ca66d677f1\",\"name\":\"cfeditorfr\"}]}<\/script>\n<!-- \/ Yoast SEO Premium plugin. -->","yoast_head_json":{"title":"Le maire de Djibouti au sommet des Nations Unies \u00e0 New York - Djibouti","description":"Le maire de Djibouti, M. Said Daoud Mohamed, a participe\u0301 hier au sie\u0300ge de l'ONU au sommet des ODD, forum des gouvernem ...","robots":{"index":"index","follow":"follow","max-snippet":"max-snippet:-1","max-image-preview":"max-image-preview:large","max-video-preview":"max-video-preview:-1"},"canonical":"https:\/\/www.africa-press.net\/djibouti\/politique\/le-maire-de-djibouti-au-sommet-des-nations-unies-a-new-york","og_locale":"fr_FR","og_type":"article","og_title":"Le maire de Djibouti au sommet des Nations Unies \u00e0 New York","og_description":"Le maire de Djibouti, M. Said Daoud Mohamed, a participe\u0301 hier au sie\u0300ge de l'ONU au sommet des ODD, forum des gouvernem ...","og_url":"https:\/\/www.africa-press.net\/djibouti\/politique\/le-maire-de-djibouti-au-sommet-des-nations-unies-a-new-york","og_site_name":"Djibouti","article_published_time":"2023-09-18T17:31:08+00:00","article_modified_time":"2023-09-18T18:03:48+00:00","og_image":[{"width":1080,"height":421,"url":"https:\/\/static.africa-press.net\/djibouti\/sites\/52\/2023\/09\/sm_1695047603.159268.jpg","type":"image\/jpeg"}],"author":"cfeditorfr","twitter_card":"summary_large_image","twitter_misc":{"\u00c9crit par":"cfeditorfr","Dur\u00e9e de lecture estim\u00e9e":"3 minutes"},"schema":{"@context":"https:\/\/schema.org","@graph":[{"@type":"Article","@id":"https:\/\/www.africa-press.net\/djibouti\/politique\/le-maire-de-djibouti-au-sommet-des-nations-unies-a-new-york#article","isPartOf":{"@id":"https:\/\/www.africa-press.net\/djibouti\/politique\/le-maire-de-djibouti-au-sommet-des-nations-unies-a-new-york"},"author":{"name":"cfeditorfr","@id":"https:\/\/www.africa-press.net\/djibouti\/#\/schema\/person\/2b1cf3cd81a31e3cd26889ca66d677f1"},"headline":"Le maire de Djibouti au sommet des Nations Unies \u00e0 New York","datePublished":"2023-09-18T17:31:08+00:00","dateModified":"2023-09-18T18:03:48+00:00","mainEntityOfPage":{"@id":"https:\/\/www.africa-press.net\/djibouti\/politique\/le-maire-de-djibouti-au-sommet-des-nations-unies-a-new-york"},"wordCount":664,"commentCount":0,"image":{"@id":"https:\/\/www.africa-press.net\/djibouti\/politique\/le-maire-de-djibouti-au-sommet-des-nations-unies-a-new-york#primaryimage"},"thumbnailUrl":"https:\/\/static.africa-press.net\/djibouti\/sites\/52\/2023\/09\/sm_1695047603.159268.jpg","keywords":["Africa Press","Africa Press-Djibouti","Djibouti"],"articleSection":["Politique","to-homepage","Top Nouvelles","Toutes les actualit\u00e9s"],"inLanguage":"fr-FR","potentialAction":[{"@type":"CommentAction","name":"Comment","target":["https:\/\/www.africa-press.net\/djibouti\/politique\/le-maire-de-djibouti-au-sommet-des-nations-unies-a-new-york#respond"]}]},{"@type":"WebPage","@id":"https:\/\/www.africa-press.net\/djibouti\/politique\/le-maire-de-djibouti-au-sommet-des-nations-unies-a-new-york","url":"https:\/\/www.africa-press.net\/djibouti\/politique\/le-maire-de-djibouti-au-sommet-des-nations-unies-a-new-york","name":"Le maire de Djibouti au sommet des Nations Unies \u00e0 New York - Djibouti","isPartOf":{"@id":"https:\/\/www.africa-press.net\/djibouti\/#website"},"primaryImageOfPage":{"@id":"https:\/\/www.africa-press.net\/djibouti\/politique\/le-maire-de-djibouti-au-sommet-des-nations-unies-a-new-york#primaryimage"},"image":{"@id":"https:\/\/www.africa-press.net\/djibouti\/politique\/le-maire-de-djibouti-au-sommet-des-nations-unies-a-new-york#primaryimage"},"thumbnailUrl":"https:\/\/static.africa-press.net\/djibouti\/sites\/52\/2023\/09\/sm_1695047603.159268.jpg","datePublished":"2023-09-18T17:31:08+00:00","dateModified":"2023-09-18T18:03:48+00:00","author":{"@id":"https:\/\/www.africa-press.net\/djibouti\/#\/schema\/person\/2b1cf3cd81a31e3cd26889ca66d677f1"},"description":"Le maire de Djibouti, M. Said Daoud Mohamed, a participe\u0301 hier au sie\u0300ge de l'ONU au sommet des ODD, forum des gouvernem ...","breadcrumb":{"@id":"https:\/\/www.africa-press.net\/djibouti\/politique\/le-maire-de-djibouti-au-sommet-des-nations-unies-a-new-york#breadcrumb"},"inLanguage":"fr-FR","potentialAction":[{"@type":"ReadAction","target":["https:\/\/www.africa-press.net\/djibouti\/politique\/le-maire-de-djibouti-au-sommet-des-nations-unies-a-new-york"]}]},{"@type":"ImageObject","inLanguage":"fr-FR","@id":"https:\/\/www.africa-press.net\/djibouti\/politique\/le-maire-de-djibouti-au-sommet-des-nations-unies-a-new-york#primaryimage","url":"https:\/\/static.africa-press.net\/djibouti\/sites\/52\/2023\/09\/sm_1695047603.159268.jpg","contentUrl":"https:\/\/static.africa-press.net\/djibouti\/sites\/52\/2023\/09\/sm_1695047603.159268.jpg","width":1080,"height":421,"caption":"Le maire de Djibouti au sommet des Nations Unies \u00e0 New York"},{"@type":"BreadcrumbList","@id":"https:\/\/www.africa-press.net\/djibouti\/politique\/le-maire-de-djibouti-au-sommet-des-nations-unies-a-new-york#breadcrumb","itemListElement":[{"@type":"ListItem","position":1,"name":"Accueil","item":"https:\/\/www.africa-press.net\/djibouti\/"},{"@type":"ListItem","position":2,"name":"Le maire de Djibouti au sommet des Nations Unies \u00e0 New York"}]},{"@type":"WebSite","@id":"https:\/\/www.africa-press.net\/djibouti\/#website","url":"https:\/\/www.africa-press.net\/djibouti\/","name":"Djibouti","description":"Just another Africa News Agency Sites site","potentialAction":[{"@type":"SearchAction","target":{"@type":"EntryPoint","urlTemplate":"https:\/\/www.africa-press.net\/djibouti\/?s={search_term_string}"},"query-input":{"@type":"PropertyValueSpecification","valueRequired":true,"valueName":"search_term_string"}}],"inLanguage":"fr-FR"},{"@type":"Person","@id":"https:\/\/www.africa-press.net\/djibouti\/#\/schema\/person\/2b1cf3cd81a31e3cd26889ca66d677f1","name":"cfeditorfr"}]}},"_links":{"self":[{"href":"https:\/\/www.africa-press.net\/djibouti\/wp-json\/wp\/v2\/posts\/18044","targetHints":{"allow":["GET"]}}],"collection":[{"href":"https:\/\/www.africa-press.net\/djibouti\/wp-json\/wp\/v2\/posts"}],"about":[{"href":"https:\/\/www.africa-press.net\/djibouti\/wp-json\/wp\/v2\/types\/post"}],"author":[{"embeddable":true,"href":"https:\/\/www.africa-press.net\/djibouti\/wp-json\/wp\/v2\/users\/82"}],"replies":[{"embeddable":true,"href":"https:\/\/www.africa-press.net\/djibouti\/wp-json\/wp\/v2\/comments?post=18044"}],"version-history":[{"count":0,"href":"https:\/\/www.africa-press.net\/djibouti\/wp-json\/wp\/v2\/posts\/18044\/revisions"}],"wp:featuredmedia":[{"embeddable":true,"href":"https:\/\/www.africa-press.net\/djibouti\/wp-json\/wp\/v2\/media\/18042"}],"wp:attachment":[{"href":"https:\/\/www.africa-press.net\/djibouti\/wp-json\/wp\/v2\/media?parent=18044"}],"wp:term":[{"taxonomy":"category","embeddable":true,"href":"https:\/\/www.africa-press.net\/djibouti\/wp-json\/wp\/v2\/categories?post=18044"},{"taxonomy":"post_tag","embeddable":true,"href":"https:\/\/www.africa-press.net\/djibouti\/wp-json\/wp\/v2\/tags?post=18044"}],"curies":[{"name":"wp","href":"https:\/\/api.w.org\/{rel}","templated":true}]}}