{"id":18071,"date":"2023-09-19T15:48:16","date_gmt":"2023-09-19T15:48:16","guid":{"rendered":"https:\/\/www.africa-press.net\/djibouti\/politique\/le-ministre-de-la-defense-charge-des-relations-avec-le-parlement-recoit-une-forte-delegation-de-lunion-europeenne"},"modified":"2023-09-19T17:33:23","modified_gmt":"2023-09-19T17:33:23","slug":"le-ministre-de-la-defense-charge-des-relations-avec-le-parlement-recoit-une-forte-delegation-de-lunion-europeenne","status":"publish","type":"post","link":"https:\/\/www.africa-press.net\/djibouti\/politique\/le-ministre-de-la-defense-charge-des-relations-avec-le-parlement-recoit-une-forte-delegation-de-lunion-europeenne","title":{"rendered":"Le ministre de la D\u00e9fense charg\u00e9 des Relations avec le Parlement re\u00e7oit une forte d\u00e9l\u00e9gation de l\u2019Union Europ\u00e9enne"},"content":{"rendered":"<p><span style=\"color: #ff6600\"><strong>Africa-Press &#8211; Djibouti. <\/strong><\/span>Le ministre de la De\u0301fense charge\u0301 des Relations avec le Parlement, M. Hassan Omar Mohamed Bourhan, a rec\u0327u ce matin a\u0300 l\u2019ho\u0302tel des officiers \u00ab Hassan Basoma \u00bb, une forte de\u0301le\u0301gation conduite la pre\u0301sidente du comite\u0301 politique et se\u0301curite\u0301 de l\u2019Union Europe\u0301enne, Mme Delphine Pronk.<\/p>\n<p>Au cours de cette rencontre, le ministre Hassan Omar et Mme Pronk ont discute\u0301 des relations de coope\u0301ration entre Djibouti et l\u2019Union Europe\u0301enne ainsi que les voies de les raffermir davantage. Ils ont par ailleurs e\u0301voque\u0301 la situation se\u0301curitaire de la re\u0301gion et des questions internationales.<\/p>\n<p>Les deux parties se sont fe\u0301licite\u0301es des relations diplomatiques exceptionnelles entre Djibouti et l&rsquo;Union Europe\u0301enne.<\/p>\n<p>La Re\u0301publique de Djibouti, notons-le, constitue un partenaire cle\u0301 de l\u2019Union Europe\u0301enne et de la communaute\u0301 internationale dans la recherche de solutions aux crises qui secouent les pays de la Corne de l\u2019Afrique.<\/p>\n<p>La pre\u0301sidente du comite\u0301 politique et se\u0301curite\u0301 de l\u2019Union Europe\u0301enne, Mme Delphine Pronk, qui effectue une visite de travail dans notre pays, a tenu a\u0300 exprimer ses remerciements pour l\u2019accueil chaleureux qui lui a e\u0301te\u0301 re\u0301serve\u0301 ainsi qu\u2019a\u0300 sa de\u0301le\u0301gation.<\/p>\n<p>Le ministre de la De\u0301fense charge\u0301 des Relations avec le Parlement, M. Hassan Omar Mohamed Bourhan, a rec\u0327u ce matin a\u0300 l\u2019ho\u0302tel des officiers \u00ab Hassan Basoma \u00bb, une forte de\u0301le\u0301gation conduite la pre\u0301sidente du comite\u0301 politique et se\u0301curite\u0301 de l\u2019Union Europe\u0301enne, Mme Delphine Pronk.<\/p>\n<p>Au cours de cette rencontre, le ministre Hassan Omar et Mme Pronk ont discute\u0301 des relations de coope\u0301ration entre Djibouti et l\u2019Union Europe\u0301enne ainsi que les voies de les raffermir davantage. Ils ont par ailleurs e\u0301voque\u0301 la situation se\u0301curitaire de la re\u0301gion et des questions internationales.<\/p>\n<p>Les deux parties se sont fe\u0301licite\u0301es des relations diplomatiques exceptionnelles entre Djibouti et l&rsquo;Union Europe\u0301enne.<\/p>\n<p>La Re\u0301publique de Djibouti, notons-le, constitue un partenaire cle\u0301 de l\u2019Union Europe\u0301enne et de la communaute\u0301 internationale dans la recherche de solutions aux crises qui secouent les pays de la Corne de l\u2019Afrique.<\/p>\n<p>La pre\u0301sidente du comite\u0301 politique et se\u0301curite\u0301 de l\u2019Union Europe\u0301enne, Mme Delphine Pronk, qui effectue une visite de travail dans notre pays, a tenu a\u0300 exprimer ses remerciements pour l\u2019accueil chaleureux qui lui a e\u0301te\u0301 re\u0301serve\u0301 ainsi qu\u2019a\u0300 sa de\u0301le\u0301gation.<\/p>\n<p><strong>Pour plus d&rsquo;informations et d&rsquo;analyses sur la <a href=\"https:\/\/www.africa-press.net\/djibouti\">Djibouti<\/a>, suivez <a href=\"https:\/\/www.africa-press.net\/\">Africa-Press<\/a><\/strong><\/p>\n","protected":false},"excerpt":{"rendered":"<p>Africa-Press &#8211; Djibouti. Le ministre de la De\u0301fense charge\u0301 des Relations avec le Parlement, M. Hassan Omar Mohamed Bourhan, a rec\u0327u ce matin a\u0300 l\u2019ho\u0302tel des officiers \u00ab Hassan Basoma \u00bb, une forte de\u0301le\u0301gation conduite la pre\u0301sidente du comite\u0301 politique et se\u0301curite\u0301 de l\u2019Union Europe\u0301enne, Mme Delphine Pronk. Au cours de cette rencontre, le ministre [&hellip;]<\/p>\n","protected":false},"author":82,"featured_media":18070,"comment_status":"open","ping_status":"closed","sticky":false,"template":"","format":"standard","meta":{"footnotes":""},"categories":[2,20,10],"tags":[36,49,50],"class_list":["post-18071","post","type-post","status-publish","format-standard","has-post-thumbnail","hentry","category-politique","category-top-nouvelles","category-toutes-les-actualites","tag-africa-press","tag-africa-press-djibouti","tag-djibouti"],"yoast_head":"<!-- This site is optimized with the Yoast SEO Premium plugin v26.1 (Yoast SEO v27.0) - https:\/\/yoast.com\/product\/yoast-seo-premium-wordpress\/ -->\n<title>Le ministre de la D\u00e9fense charg\u00e9 des Relations avec le Parlement re\u00e7oit une forte d\u00e9l\u00e9gation de l\u2019Union Europ\u00e9enne - Djibouti<\/title>\n<meta name=\"description\" content=\"Le ministre de la De\u0301fense charge\u0301 des Relations avec le Parlement, M. Hassan Omar Mohamed Bourhan, a rec\u0327u ce matin a\u0300 ...\" \/>\n<meta name=\"robots\" content=\"index, follow, max-snippet:-1, max-image-preview:large, max-video-preview:-1\" \/>\n<link rel=\"canonical\" href=\"https:\/\/www.africa-press.net\/djibouti\/politique\/le-ministre-de-la-defense-charge-des-relations-avec-le-parlement-recoit-une-forte-delegation-de-lunion-europeenne\" \/>\n<meta property=\"og:locale\" content=\"fr_FR\" \/>\n<meta property=\"og:type\" content=\"article\" \/>\n<meta property=\"og:title\" content=\"Le ministre de la D\u00e9fense charg\u00e9 des Relations avec le Parlement re\u00e7oit une forte d\u00e9l\u00e9gation de l\u2019Union Europ\u00e9enne\" \/>\n<meta property=\"og:description\" content=\"Le ministre de la De\u0301fense charge\u0301 des Relations avec le Parlement, M. Hassan Omar Mohamed Bourhan, a rec\u0327u ce matin a\u0300 ...\" \/>\n<meta property=\"og:url\" content=\"https:\/\/www.africa-press.net\/djibouti\/politique\/le-ministre-de-la-defense-charge-des-relations-avec-le-parlement-recoit-une-forte-delegation-de-lunion-europeenne\" \/>\n<meta property=\"og:site_name\" content=\"Djibouti\" \/>\n<meta property=\"article:published_time\" content=\"2023-09-19T15:48:16+00:00\" \/>\n<meta property=\"article:modified_time\" content=\"2023-09-19T17:33:23+00:00\" \/>\n<meta property=\"og:image\" content=\"https:\/\/static.africa-press.net\/djibouti\/sites\/52\/2023\/09\/sm_1695132159.206064.jpg\" \/>\n\t<meta property=\"og:image:width\" content=\"825\" \/>\n\t<meta property=\"og:image:height\" content=\"489\" \/>\n\t<meta property=\"og:image:type\" content=\"image\/jpeg\" \/>\n<meta name=\"author\" content=\"cfeditorfr\" \/>\n<meta name=\"twitter:card\" content=\"summary_large_image\" \/>\n<meta name=\"twitter:label1\" content=\"\u00c9crit par\" \/>\n\t<meta name=\"twitter:data1\" content=\"cfeditorfr\" \/>\n\t<meta name=\"twitter:label2\" content=\"Dur\u00e9e de lecture estim\u00e9e\" \/>\n\t<meta name=\"twitter:data2\" content=\"2 minutes\" \/>\n<script type=\"application\/ld+json\" class=\"yoast-schema-graph\">{\"@context\":\"https:\/\/schema.org\",\"@graph\":[{\"@type\":\"Article\",\"@id\":\"https:\/\/www.africa-press.net\/djibouti\/politique\/le-ministre-de-la-defense-charge-des-relations-avec-le-parlement-recoit-une-forte-delegation-de-lunion-europeenne#article\",\"isPartOf\":{\"@id\":\"https:\/\/www.africa-press.net\/djibouti\/politique\/le-ministre-de-la-defense-charge-des-relations-avec-le-parlement-recoit-une-forte-delegation-de-lunion-europeenne\"},\"author\":{\"name\":\"cfeditorfr\",\"@id\":\"https:\/\/www.africa-press.net\/djibouti\/#\/schema\/person\/2b1cf3cd81a31e3cd26889ca66d677f1\"},\"headline\":\"Le ministre de la D\u00e9fense charg\u00e9 des Relations avec le Parlement re\u00e7oit une forte d\u00e9l\u00e9gation de l\u2019Union Europ\u00e9enne\",\"datePublished\":\"2023-09-19T15:48:16+00:00\",\"dateModified\":\"2023-09-19T17:33:23+00:00\",\"mainEntityOfPage\":{\"@id\":\"https:\/\/www.africa-press.net\/djibouti\/politique\/le-ministre-de-la-defense-charge-des-relations-avec-le-parlement-recoit-une-forte-delegation-de-lunion-europeenne\"},\"wordCount\":461,\"commentCount\":0,\"image\":{\"@id\":\"https:\/\/www.africa-press.net\/djibouti\/politique\/le-ministre-de-la-defense-charge-des-relations-avec-le-parlement-recoit-une-forte-delegation-de-lunion-europeenne#primaryimage\"},\"thumbnailUrl\":\"https:\/\/static.africa-press.net\/djibouti\/sites\/52\/2023\/09\/sm_1695132159.206064.jpg\",\"keywords\":[\"Africa Press\",\"Africa Press-Djibouti\",\"Djibouti\"],\"articleSection\":[\"Politique\",\"Top Nouvelles\",\"Toutes les actualit\u00e9s\"],\"inLanguage\":\"fr-FR\",\"potentialAction\":[{\"@type\":\"CommentAction\",\"name\":\"Comment\",\"target\":[\"https:\/\/www.africa-press.net\/djibouti\/politique\/le-ministre-de-la-defense-charge-des-relations-avec-le-parlement-recoit-une-forte-delegation-de-lunion-europeenne#respond\"]}]},{\"@type\":\"WebPage\",\"@id\":\"https:\/\/www.africa-press.net\/djibouti\/politique\/le-ministre-de-la-defense-charge-des-relations-avec-le-parlement-recoit-une-forte-delegation-de-lunion-europeenne\",\"url\":\"https:\/\/www.africa-press.net\/djibouti\/politique\/le-ministre-de-la-defense-charge-des-relations-avec-le-parlement-recoit-une-forte-delegation-de-lunion-europeenne\",\"name\":\"Le ministre de la D\u00e9fense charg\u00e9 des Relations avec le Parlement re\u00e7oit une forte d\u00e9l\u00e9gation de l\u2019Union Europ\u00e9enne - Djibouti\",\"isPartOf\":{\"@id\":\"https:\/\/www.africa-press.net\/djibouti\/#website\"},\"primaryImageOfPage\":{\"@id\":\"https:\/\/www.africa-press.net\/djibouti\/politique\/le-ministre-de-la-defense-charge-des-relations-avec-le-parlement-recoit-une-forte-delegation-de-lunion-europeenne#primaryimage\"},\"image\":{\"@id\":\"https:\/\/www.africa-press.net\/djibouti\/politique\/le-ministre-de-la-defense-charge-des-relations-avec-le-parlement-recoit-une-forte-delegation-de-lunion-europeenne#primaryimage\"},\"thumbnailUrl\":\"https:\/\/static.africa-press.net\/djibouti\/sites\/52\/2023\/09\/sm_1695132159.206064.jpg\",\"datePublished\":\"2023-09-19T15:48:16+00:00\",\"dateModified\":\"2023-09-19T17:33:23+00:00\",\"author\":{\"@id\":\"https:\/\/www.africa-press.net\/djibouti\/#\/schema\/person\/2b1cf3cd81a31e3cd26889ca66d677f1\"},\"description\":\"Le ministre de la De\u0301fense charge\u0301 des Relations avec le Parlement, M. Hassan Omar Mohamed Bourhan, a rec\u0327u ce matin a\u0300 ...\",\"breadcrumb\":{\"@id\":\"https:\/\/www.africa-press.net\/djibouti\/politique\/le-ministre-de-la-defense-charge-des-relations-avec-le-parlement-recoit-une-forte-delegation-de-lunion-europeenne#breadcrumb\"},\"inLanguage\":\"fr-FR\",\"potentialAction\":[{\"@type\":\"ReadAction\",\"target\":[\"https:\/\/www.africa-press.net\/djibouti\/politique\/le-ministre-de-la-defense-charge-des-relations-avec-le-parlement-recoit-une-forte-delegation-de-lunion-europeenne\"]}]},{\"@type\":\"ImageObject\",\"inLanguage\":\"fr-FR\",\"@id\":\"https:\/\/www.africa-press.net\/djibouti\/politique\/le-ministre-de-la-defense-charge-des-relations-avec-le-parlement-recoit-une-forte-delegation-de-lunion-europeenne#primaryimage\",\"url\":\"https:\/\/static.africa-press.net\/djibouti\/sites\/52\/2023\/09\/sm_1695132159.206064.jpg\",\"contentUrl\":\"https:\/\/static.africa-press.net\/djibouti\/sites\/52\/2023\/09\/sm_1695132159.206064.jpg\",\"width\":825,\"height\":489,\"caption\":\"Le ministre de la D\u00e9fense charg\u00e9 des Relations avec le Parlement re\u00e7oit une forte d\u00e9l\u00e9gation de l\u2019Union Europ\u00e9enne\"},{\"@type\":\"BreadcrumbList\",\"@id\":\"https:\/\/www.africa-press.net\/djibouti\/politique\/le-ministre-de-la-defense-charge-des-relations-avec-le-parlement-recoit-une-forte-delegation-de-lunion-europeenne#breadcrumb\",\"itemListElement\":[{\"@type\":\"ListItem\",\"position\":1,\"name\":\"Accueil\",\"item\":\"https:\/\/www.africa-press.net\/djibouti\/\"},{\"@type\":\"ListItem\",\"position\":2,\"name\":\"Le ministre de la D\u00e9fense charg\u00e9 des Relations avec le Parlement re\u00e7oit une forte d\u00e9l\u00e9gation de l\u2019Union Europ\u00e9enne\"}]},{\"@type\":\"WebSite\",\"@id\":\"https:\/\/www.africa-press.net\/djibouti\/#website\",\"url\":\"https:\/\/www.africa-press.net\/djibouti\/\",\"name\":\"Djibouti\",\"description\":\"Just another Africa News Agency Sites site\",\"potentialAction\":[{\"@type\":\"SearchAction\",\"target\":{\"@type\":\"EntryPoint\",\"urlTemplate\":\"https:\/\/www.africa-press.net\/djibouti\/?s={search_term_string}\"},\"query-input\":{\"@type\":\"PropertyValueSpecification\",\"valueRequired\":true,\"valueName\":\"search_term_string\"}}],\"inLanguage\":\"fr-FR\"},{\"@type\":\"Person\",\"@id\":\"https:\/\/www.africa-press.net\/djibouti\/#\/schema\/person\/2b1cf3cd81a31e3cd26889ca66d677f1\",\"name\":\"cfeditorfr\"}]}<\/script>\n<!-- \/ Yoast SEO Premium plugin. -->","yoast_head_json":{"title":"Le ministre de la D\u00e9fense charg\u00e9 des Relations avec le Parlement re\u00e7oit une forte d\u00e9l\u00e9gation de l\u2019Union Europ\u00e9enne - Djibouti","description":"Le ministre de la De\u0301fense charge\u0301 des Relations avec le Parlement, M. Hassan Omar Mohamed Bourhan, a rec\u0327u ce matin a\u0300 ...","robots":{"index":"index","follow":"follow","max-snippet":"max-snippet:-1","max-image-preview":"max-image-preview:large","max-video-preview":"max-video-preview:-1"},"canonical":"https:\/\/www.africa-press.net\/djibouti\/politique\/le-ministre-de-la-defense-charge-des-relations-avec-le-parlement-recoit-une-forte-delegation-de-lunion-europeenne","og_locale":"fr_FR","og_type":"article","og_title":"Le ministre de la D\u00e9fense charg\u00e9 des Relations avec le Parlement re\u00e7oit une forte d\u00e9l\u00e9gation de l\u2019Union Europ\u00e9enne","og_description":"Le ministre de la De\u0301fense charge\u0301 des Relations avec le Parlement, M. Hassan Omar Mohamed Bourhan, a rec\u0327u ce matin a\u0300 ...","og_url":"https:\/\/www.africa-press.net\/djibouti\/politique\/le-ministre-de-la-defense-charge-des-relations-avec-le-parlement-recoit-une-forte-delegation-de-lunion-europeenne","og_site_name":"Djibouti","article_published_time":"2023-09-19T15:48:16+00:00","article_modified_time":"2023-09-19T17:33:23+00:00","og_image":[{"width":825,"height":489,"url":"https:\/\/static.africa-press.net\/djibouti\/sites\/52\/2023\/09\/sm_1695132159.206064.jpg","type":"image\/jpeg"}],"author":"cfeditorfr","twitter_card":"summary_large_image","twitter_misc":{"\u00c9crit par":"cfeditorfr","Dur\u00e9e de lecture estim\u00e9e":"2 minutes"},"schema":{"@context":"https:\/\/schema.org","@graph":[{"@type":"Article","@id":"https:\/\/www.africa-press.net\/djibouti\/politique\/le-ministre-de-la-defense-charge-des-relations-avec-le-parlement-recoit-une-forte-delegation-de-lunion-europeenne#article","isPartOf":{"@id":"https:\/\/www.africa-press.net\/djibouti\/politique\/le-ministre-de-la-defense-charge-des-relations-avec-le-parlement-recoit-une-forte-delegation-de-lunion-europeenne"},"author":{"name":"cfeditorfr","@id":"https:\/\/www.africa-press.net\/djibouti\/#\/schema\/person\/2b1cf3cd81a31e3cd26889ca66d677f1"},"headline":"Le ministre de la D\u00e9fense charg\u00e9 des Relations avec le Parlement re\u00e7oit une forte d\u00e9l\u00e9gation de l\u2019Union Europ\u00e9enne","datePublished":"2023-09-19T15:48:16+00:00","dateModified":"2023-09-19T17:33:23+00:00","mainEntityOfPage":{"@id":"https:\/\/www.africa-press.net\/djibouti\/politique\/le-ministre-de-la-defense-charge-des-relations-avec-le-parlement-recoit-une-forte-delegation-de-lunion-europeenne"},"wordCount":461,"commentCount":0,"image":{"@id":"https:\/\/www.africa-press.net\/djibouti\/politique\/le-ministre-de-la-defense-charge-des-relations-avec-le-parlement-recoit-une-forte-delegation-de-lunion-europeenne#primaryimage"},"thumbnailUrl":"https:\/\/static.africa-press.net\/djibouti\/sites\/52\/2023\/09\/sm_1695132159.206064.jpg","keywords":["Africa Press","Africa Press-Djibouti","Djibouti"],"articleSection":["Politique","Top Nouvelles","Toutes les actualit\u00e9s"],"inLanguage":"fr-FR","potentialAction":[{"@type":"CommentAction","name":"Comment","target":["https:\/\/www.africa-press.net\/djibouti\/politique\/le-ministre-de-la-defense-charge-des-relations-avec-le-parlement-recoit-une-forte-delegation-de-lunion-europeenne#respond"]}]},{"@type":"WebPage","@id":"https:\/\/www.africa-press.net\/djibouti\/politique\/le-ministre-de-la-defense-charge-des-relations-avec-le-parlement-recoit-une-forte-delegation-de-lunion-europeenne","url":"https:\/\/www.africa-press.net\/djibouti\/politique\/le-ministre-de-la-defense-charge-des-relations-avec-le-parlement-recoit-une-forte-delegation-de-lunion-europeenne","name":"Le ministre de la D\u00e9fense charg\u00e9 des Relations avec le Parlement re\u00e7oit une forte d\u00e9l\u00e9gation de l\u2019Union Europ\u00e9enne - Djibouti","isPartOf":{"@id":"https:\/\/www.africa-press.net\/djibouti\/#website"},"primaryImageOfPage":{"@id":"https:\/\/www.africa-press.net\/djibouti\/politique\/le-ministre-de-la-defense-charge-des-relations-avec-le-parlement-recoit-une-forte-delegation-de-lunion-europeenne#primaryimage"},"image":{"@id":"https:\/\/www.africa-press.net\/djibouti\/politique\/le-ministre-de-la-defense-charge-des-relations-avec-le-parlement-recoit-une-forte-delegation-de-lunion-europeenne#primaryimage"},"thumbnailUrl":"https:\/\/static.africa-press.net\/djibouti\/sites\/52\/2023\/09\/sm_1695132159.206064.jpg","datePublished":"2023-09-19T15:48:16+00:00","dateModified":"2023-09-19T17:33:23+00:00","author":{"@id":"https:\/\/www.africa-press.net\/djibouti\/#\/schema\/person\/2b1cf3cd81a31e3cd26889ca66d677f1"},"description":"Le ministre de la De\u0301fense charge\u0301 des Relations avec le Parlement, M. Hassan Omar Mohamed Bourhan, a rec\u0327u ce matin a\u0300 ...","breadcrumb":{"@id":"https:\/\/www.africa-press.net\/djibouti\/politique\/le-ministre-de-la-defense-charge-des-relations-avec-le-parlement-recoit-une-forte-delegation-de-lunion-europeenne#breadcrumb"},"inLanguage":"fr-FR","potentialAction":[{"@type":"ReadAction","target":["https:\/\/www.africa-press.net\/djibouti\/politique\/le-ministre-de-la-defense-charge-des-relations-avec-le-parlement-recoit-une-forte-delegation-de-lunion-europeenne"]}]},{"@type":"ImageObject","inLanguage":"fr-FR","@id":"https:\/\/www.africa-press.net\/djibouti\/politique\/le-ministre-de-la-defense-charge-des-relations-avec-le-parlement-recoit-une-forte-delegation-de-lunion-europeenne#primaryimage","url":"https:\/\/static.africa-press.net\/djibouti\/sites\/52\/2023\/09\/sm_1695132159.206064.jpg","contentUrl":"https:\/\/static.africa-press.net\/djibouti\/sites\/52\/2023\/09\/sm_1695132159.206064.jpg","width":825,"height":489,"caption":"Le ministre de la D\u00e9fense charg\u00e9 des Relations avec le Parlement re\u00e7oit une forte d\u00e9l\u00e9gation de l\u2019Union Europ\u00e9enne"},{"@type":"BreadcrumbList","@id":"https:\/\/www.africa-press.net\/djibouti\/politique\/le-ministre-de-la-defense-charge-des-relations-avec-le-parlement-recoit-une-forte-delegation-de-lunion-europeenne#breadcrumb","itemListElement":[{"@type":"ListItem","position":1,"name":"Accueil","item":"https:\/\/www.africa-press.net\/djibouti\/"},{"@type":"ListItem","position":2,"name":"Le ministre de la D\u00e9fense charg\u00e9 des Relations avec le Parlement re\u00e7oit une forte d\u00e9l\u00e9gation de l\u2019Union Europ\u00e9enne"}]},{"@type":"WebSite","@id":"https:\/\/www.africa-press.net\/djibouti\/#website","url":"https:\/\/www.africa-press.net\/djibouti\/","name":"Djibouti","description":"Just another Africa News Agency Sites site","potentialAction":[{"@type":"SearchAction","target":{"@type":"EntryPoint","urlTemplate":"https:\/\/www.africa-press.net\/djibouti\/?s={search_term_string}"},"query-input":{"@type":"PropertyValueSpecification","valueRequired":true,"valueName":"search_term_string"}}],"inLanguage":"fr-FR"},{"@type":"Person","@id":"https:\/\/www.africa-press.net\/djibouti\/#\/schema\/person\/2b1cf3cd81a31e3cd26889ca66d677f1","name":"cfeditorfr"}]}},"_links":{"self":[{"href":"https:\/\/www.africa-press.net\/djibouti\/wp-json\/wp\/v2\/posts\/18071","targetHints":{"allow":["GET"]}}],"collection":[{"href":"https:\/\/www.africa-press.net\/djibouti\/wp-json\/wp\/v2\/posts"}],"about":[{"href":"https:\/\/www.africa-press.net\/djibouti\/wp-json\/wp\/v2\/types\/post"}],"author":[{"embeddable":true,"href":"https:\/\/www.africa-press.net\/djibouti\/wp-json\/wp\/v2\/users\/82"}],"replies":[{"embeddable":true,"href":"https:\/\/www.africa-press.net\/djibouti\/wp-json\/wp\/v2\/comments?post=18071"}],"version-history":[{"count":0,"href":"https:\/\/www.africa-press.net\/djibouti\/wp-json\/wp\/v2\/posts\/18071\/revisions"}],"wp:featuredmedia":[{"embeddable":true,"href":"https:\/\/www.africa-press.net\/djibouti\/wp-json\/wp\/v2\/media\/18070"}],"wp:attachment":[{"href":"https:\/\/www.africa-press.net\/djibouti\/wp-json\/wp\/v2\/media?parent=18071"}],"wp:term":[{"taxonomy":"category","embeddable":true,"href":"https:\/\/www.africa-press.net\/djibouti\/wp-json\/wp\/v2\/categories?post=18071"},{"taxonomy":"post_tag","embeddable":true,"href":"https:\/\/www.africa-press.net\/djibouti\/wp-json\/wp\/v2\/tags?post=18071"}],"curies":[{"name":"wp","href":"https:\/\/api.w.org\/{rel}","templated":true}]}}