{"id":18104,"date":"2023-09-20T17:02:32","date_gmt":"2023-09-20T17:02:32","guid":{"rendered":"https:\/\/www.africa-press.net\/djibouti\/politique\/des-scientifiques-alertent-sur-la-perte-de-branches-entieres-de-larbre-de-la-vie"},"modified":"2023-09-20T17:11:35","modified_gmt":"2023-09-20T17:11:35","slug":"des-scientifiques-alertent-sur-la-perte-de-branches-entieres-de-larbre-de-la-vie","status":"publish","type":"post","link":"https:\/\/www.africa-press.net\/djibouti\/toutes-les-actualites\/des-scientifiques-alertent-sur-la-perte-de-branches-entieres-de-larbre-de-la-vie","title":{"rendered":"Des scientifiques alertent sur la perte de branches enti\u00e8res de l'\u00a0\u00bbarbre de la vie\u00a0\u00bb"},"content":{"rendered":"<p><span style=\"color: #ff6600\"><strong>Africa-Press &#8211; Djibouti. <\/strong><\/span>La crise de la biodiversite\u0301 \u00ab\u00a0est aussi grave que le changement climatique\u00a0\u00bb, mais pas aussi connue du grand public, regrette Gerardo Ceballos, professeur a\u0300 l&rsquo;Universite\u0301 nationale autonome du Mexique, et co-auteur de cette e\u0301tude publie\u0301e dans la revue Pnas. Or il y a \u00ab\u00a0urgence\u00a0\u00bb, car ce qui est en jeu est \u00ab\u00a0l&rsquo;avenir de l&rsquo;humanite\u0301\u00a0\u00bb, a-t-il de\u0301clare\u0301 a\u0300 l&rsquo;AFP.<\/p>\n<p><b>L&rsquo;extinction de genres entiers<\/b><\/p>\n<p>De nombreuses e\u0301tudes existent de\u0301ja\u0300 sur les disparitions d&rsquo;espe\u0300ces, mais la spe\u0301cificite\u0301 de celle-ci est de s&rsquo;e\u0302tre penche\u0301e sur l&rsquo;extinction de genres entiers. Dans la classification des e\u0302tres vivants, le genre se trouve entre le rang de l&rsquo;espe\u0300ce, et celui de la famille. Par exemple, le chien est une espe\u0300ce appartenant au genre canis, lui-me\u0302me dans la famille des canide\u0301s.<\/p>\n<p>\u00ab\u00a0Je pense que c&rsquo;est la premie\u0300re fois qu&rsquo;on cherche a\u0300 e\u0301valuer le taux d&rsquo;extinction a\u0300 un niveau supe\u0301rieur que celui de l&rsquo;espe\u0300ce\u00a0\u00bb, a commente\u0301 pour l&rsquo;AFP Robert Cowie, biologiste a\u0300 l&rsquo;Universite\u0301 d&rsquo;Hawai\u0308 n&rsquo;ayant pas participe\u0301 a\u0300 l&rsquo;e\u0301tude. \u00ab\u00a0Cela de\u0301montre la perte de branches entie\u0300res de l&rsquo;arbre de la vie\u00a0\u00bb, une repre\u0301sentation du vivant d&rsquo;abord de\u0301veloppe\u0301e par Charles Darwin.<\/p>\n<p>L&rsquo;e\u0301tude montre que \u00ab\u00a0nous ne sommes pas juste en train de tailler des brindilles, mais que nous utilisons une tronc\u0327onneuse pour nous de\u0301barrasser de grosses branches\u00a0\u00bb, a abonde\u0301 Anthony Barnosky, professeur e\u0301me\u0301rite a\u0300 l&rsquo;universite\u0301 de Californie a\u0300 Berkeley.<\/p>\n<p><b>\u00ab\u00a0On s&rsquo;attendrait a\u0300 l&rsquo;extinction de deux genres, mais nous en avons perdu 73\u00a0\u00bb<\/b><\/p>\n<p>Les chercheurs se sont notamment appuye\u0301s sur les listes d&rsquo;espe\u0300ces e\u0301teintes de l&rsquo;Union internationale pour la conservation de la nature (UICN). Ils se sont concentre\u0301s sur les espe\u0300ces de verte\u0301bre\u0301s (excluant les poissons), pour lesquels on dispose davantage de donne\u0301es.Sur environ 5.400 genres (comprenant 34.600 espe\u0300ces), ils ont conclu que 73 d&rsquo;entre eux s&rsquo;e\u0301taient e\u0301teints ces 500 dernie\u0300res anne\u0301es &#8212; la plupart durant les deux derniers sie\u0300cles. En premier lieu des oiseaux, suivis de mammife\u0300res, d&rsquo;amphibiens et de reptiles.<\/p>\n<p>Pour comprendre si ce rythme est plus e\u0301leve\u0301 que la normale, les chercheurs ont ensuite compare\u0301 ce re\u0301sultat au taux d&rsquo;extinction estime\u0301 gra\u0302ce aux traces fossiles sur le tre\u0300s long terme. \u00ab\u00a0En se fondant sur le taux d&rsquo;extinction du dernier million d&rsquo;anne\u0301es, on s&rsquo;attendrait a\u0300 l&rsquo;extinction de deux genres, mais nous en avons perdu 73\u00a0\u00bb, a explique\u0301 Gerardo Ceballos. Selon l&rsquo;e\u0301tude, l&rsquo;extinction de ces 73 genres aurait du\u0302 prendre 18.000 ans, et non 500.<\/p>\n<p>Ces estimations restent incertaines, de nombreuses espe\u0300ces n&rsquo;e\u0301tant pas me\u0302me connues, et les releve\u0301s fossiles incomplets. Mais selon le chercheur, elles sont probablement sous-estime\u0301es. La cause de ces extinctions ? Les activite\u0301s humaines, qui de\u0301truisent des habitats pour les cultures, infrastructures et autres besoins, mais aussi la surexploitation (surpe\u0302che, chasse, trafic d&rsquo;animaux&#8230;).<\/p>\n<p>Or la perte d&rsquo;un genre peut avoir des conse\u0301quences sur le fonctionnement de tout un e\u0301cosyste\u0300me. Avec a\u0300 terme un possible \u00ab\u00a0effondrement de la civilisation\u00a0\u00bb, argue Gerardo Ceballos. \u00ab\u00a0Si vous avez un mur fait de briques, et que chaque brique est un genre, retirer une brique ne va pas causer l&rsquo;effondrement du mur\u00a0\u00bb, compare-t-il. \u00ab\u00a0Mais si vous en retirez de nombreuses autres, alors le mur tombe.\u00a0\u00bb<\/p>\n<p><b>\u00ab\u00a0Encore le temps\u00a0\u00bb d&rsquo;agir<\/b><\/p>\n<p>Selon lui aucun doute, il s&rsquo;agit d&rsquo;une sixie\u0300me extinction de masse. La question de savoir si elle a de\u0301ja\u0300 commence\u0301 reste toutefois sujet de de\u0301bat, me\u0302me si tous les experts s&rsquo;accordent pour dire que le rythme d&rsquo;extinction actuel est alarmant. La dernie\u0300re extinction de masse remonte a\u0300 66 millions d&rsquo;anne\u0301es, lorsque l&rsquo;impact d&rsquo;un aste\u0301roi\u0308de a cause\u0301 la disparition des dinosaures. \u00ab\u00a0Une valeur arbitraire de 75% d&rsquo;espe\u0300ces perdues sur une courte pe\u0301riode est largement utilise\u0301e pour de\u0301finir une extinction de masse\u00a0\u00bb, explique Robert Cowie. Selon ce seuil, la sixie\u0300me extinction de masse n&rsquo;a \u00ab\u00a0pas encore eu lieu\u00a0\u00bb.<\/p>\n<p>Mais si \u00ab\u00a0les espe\u0300ces continuent a\u0300 s&rsquo;e\u0301teindre au rythme actuel (ou plus rapidement), alors cela se produira\u00a0\u00bb, dit-il. \u00ab\u00a0Nous pouvons dire que nous sommes au de\u0301but d&rsquo;une potentielle sixie\u0300me extinction de masse.\u00a0\u00bb Sa particularite\u0301 ? Qu&rsquo;elle soit de\u0301clenche\u0301e par une espe\u0300ce, l&rsquo;humain, ayant e\u0301galement le pouvoir d&rsquo;y reme\u0301dier. \u00ab\u00a0La fene\u0302tre pour agir se referme rapidement\u00a0\u00bb, avertit Gerardo Ceballos, \u00ab\u00a0mais nous avons encore le temps de sauver de nombreux genres\u00a0\u00bb.<\/p>\n<p>La priorite\u0301 est d&rsquo;arre\u0302ter la destruction d&rsquo;habitats naturels, et de restaurer ceux perdus, marte\u0300le le chercheur, qui espe\u0300re une prise de conscience rapide: \u00ab\u00a0Il faut que les gouvernements, les entreprises et les gens sachent ce qui est en train de se passer, et quelles sont les conse\u0301quences.\u00a0\u00bb<\/p>\n<p><strong>Pour plus d&rsquo;informations et d&rsquo;analyses sur la <a href=\"https:\/\/www.africa-press.net\/djibouti\">Djibouti<\/a>, suivez <a href=\"https:\/\/www.africa-press.net\/\">Africa-Press<\/a><\/strong><\/p>\n","protected":false},"excerpt":{"rendered":"<p>Africa-Press &#8211; Djibouti. La crise de la biodiversite\u0301 \u00ab\u00a0est aussi grave que le changement climatique\u00a0\u00bb, mais pas aussi connue du grand public, regrette Gerardo Ceballos, professeur a\u0300 l&rsquo;Universite\u0301 nationale autonome du Mexique, et co-auteur de cette e\u0301tude publie\u0301e dans la revue Pnas. Or il y a \u00ab\u00a0urgence\u00a0\u00bb, car ce qui est en jeu est \u00ab\u00a0l&rsquo;avenir [&hellip;]<\/p>\n","protected":false},"author":82,"featured_media":18103,"comment_status":"open","ping_status":"closed","sticky":false,"template":"","format":"standard","meta":{"footnotes":""},"categories":[22,10],"tags":[36,49,50],"class_list":["post-18104","post","type-post","status-publish","format-standard","has-post-thumbnail","hentry","category-divers","category-toutes-les-actualites","tag-africa-press","tag-africa-press-djibouti","tag-djibouti"],"yoast_head":"<!-- This site is optimized with the Yoast SEO Premium plugin v26.1 (Yoast SEO v27.0) - https:\/\/yoast.com\/product\/yoast-seo-premium-wordpress\/ -->\n<title>Des scientifiques alertent sur la perte de branches enti\u00e8res de l&#039;&quot;arbre de la vie&quot; - Djibouti<\/title>\n<meta name=\"description\" content=\"La crise de la biodiversite\u0301 &quot;est aussi grave que le changement climatique&quot;, mais pas aussi connue du grand public, regr ...\" \/>\n<meta name=\"robots\" content=\"index, follow, max-snippet:-1, max-image-preview:large, max-video-preview:-1\" \/>\n<link rel=\"canonical\" href=\"https:\/\/www.africa-press.net\/djibouti\/toutes-les-actualites\/des-scientifiques-alertent-sur-la-perte-de-branches-entieres-de-larbre-de-la-vie\" \/>\n<meta property=\"og:locale\" content=\"fr_FR\" \/>\n<meta property=\"og:type\" content=\"article\" \/>\n<meta property=\"og:title\" content=\"Des scientifiques alertent sur la perte de branches enti\u00e8res de l&#039;&quot;arbre de la vie&quot;\" \/>\n<meta property=\"og:description\" content=\"La crise de la biodiversite\u0301 &quot;est aussi grave que le changement climatique&quot;, mais pas aussi connue du grand public, regr ...\" \/>\n<meta property=\"og:url\" content=\"https:\/\/www.africa-press.net\/djibouti\/toutes-les-actualites\/des-scientifiques-alertent-sur-la-perte-de-branches-entieres-de-larbre-de-la-vie\" \/>\n<meta property=\"og:site_name\" content=\"Djibouti\" \/>\n<meta property=\"article:published_time\" content=\"2023-09-20T17:02:32+00:00\" \/>\n<meta property=\"article:modified_time\" content=\"2023-09-20T17:11:35+00:00\" \/>\n<meta property=\"og:image\" content=\"https:\/\/static.africa-press.net\/djibouti\/sites\/52\/2023\/09\/sm_1695217200.819698.jpg\" \/>\n\t<meta property=\"og:image:width\" content=\"1200\" \/>\n\t<meta property=\"og:image:height\" content=\"900\" \/>\n\t<meta property=\"og:image:type\" content=\"image\/jpeg\" \/>\n<meta name=\"author\" content=\"cfeditorfr\" \/>\n<meta name=\"twitter:card\" content=\"summary_large_image\" \/>\n<meta name=\"twitter:label1\" content=\"\u00c9crit par\" \/>\n\t<meta name=\"twitter:data1\" content=\"cfeditorfr\" \/>\n\t<meta name=\"twitter:label2\" content=\"Dur\u00e9e de lecture estim\u00e9e\" \/>\n\t<meta name=\"twitter:data2\" content=\"4 minutes\" \/>\n<script type=\"application\/ld+json\" class=\"yoast-schema-graph\">{\"@context\":\"https:\/\/schema.org\",\"@graph\":[{\"@type\":\"Article\",\"@id\":\"https:\/\/www.africa-press.net\/djibouti\/toutes-les-actualites\/des-scientifiques-alertent-sur-la-perte-de-branches-entieres-de-larbre-de-la-vie#article\",\"isPartOf\":{\"@id\":\"https:\/\/www.africa-press.net\/djibouti\/toutes-les-actualites\/des-scientifiques-alertent-sur-la-perte-de-branches-entieres-de-larbre-de-la-vie\"},\"author\":{\"name\":\"cfeditorfr\",\"@id\":\"https:\/\/www.africa-press.net\/djibouti\/#\/schema\/person\/2b1cf3cd81a31e3cd26889ca66d677f1\"},\"headline\":\"Des scientifiques alertent sur la perte de branches enti\u00e8res de l'\u00a0\u00bbarbre de la vie\u00a0\u00bb\",\"datePublished\":\"2023-09-20T17:02:32+00:00\",\"dateModified\":\"2023-09-20T17:11:35+00:00\",\"mainEntityOfPage\":{\"@id\":\"https:\/\/www.africa-press.net\/djibouti\/toutes-les-actualites\/des-scientifiques-alertent-sur-la-perte-de-branches-entieres-de-larbre-de-la-vie\"},\"wordCount\":882,\"commentCount\":0,\"image\":{\"@id\":\"https:\/\/www.africa-press.net\/djibouti\/toutes-les-actualites\/des-scientifiques-alertent-sur-la-perte-de-branches-entieres-de-larbre-de-la-vie#primaryimage\"},\"thumbnailUrl\":\"https:\/\/static.africa-press.net\/djibouti\/sites\/52\/2023\/09\/sm_1695217200.819698.jpg\",\"keywords\":[\"Africa Press\",\"Africa Press-Djibouti\",\"Djibouti\"],\"articleSection\":[\"Divers\",\"Toutes les actualit\u00e9s\"],\"inLanguage\":\"fr-FR\",\"potentialAction\":[{\"@type\":\"CommentAction\",\"name\":\"Comment\",\"target\":[\"https:\/\/www.africa-press.net\/djibouti\/toutes-les-actualites\/des-scientifiques-alertent-sur-la-perte-de-branches-entieres-de-larbre-de-la-vie#respond\"]}]},{\"@type\":\"WebPage\",\"@id\":\"https:\/\/www.africa-press.net\/djibouti\/toutes-les-actualites\/des-scientifiques-alertent-sur-la-perte-de-branches-entieres-de-larbre-de-la-vie\",\"url\":\"https:\/\/www.africa-press.net\/djibouti\/toutes-les-actualites\/des-scientifiques-alertent-sur-la-perte-de-branches-entieres-de-larbre-de-la-vie\",\"name\":\"Des scientifiques alertent sur la perte de branches enti\u00e8res de l'\\\"arbre de la vie\\\" - Djibouti\",\"isPartOf\":{\"@id\":\"https:\/\/www.africa-press.net\/djibouti\/#website\"},\"primaryImageOfPage\":{\"@id\":\"https:\/\/www.africa-press.net\/djibouti\/toutes-les-actualites\/des-scientifiques-alertent-sur-la-perte-de-branches-entieres-de-larbre-de-la-vie#primaryimage\"},\"image\":{\"@id\":\"https:\/\/www.africa-press.net\/djibouti\/toutes-les-actualites\/des-scientifiques-alertent-sur-la-perte-de-branches-entieres-de-larbre-de-la-vie#primaryimage\"},\"thumbnailUrl\":\"https:\/\/static.africa-press.net\/djibouti\/sites\/52\/2023\/09\/sm_1695217200.819698.jpg\",\"datePublished\":\"2023-09-20T17:02:32+00:00\",\"dateModified\":\"2023-09-20T17:11:35+00:00\",\"author\":{\"@id\":\"https:\/\/www.africa-press.net\/djibouti\/#\/schema\/person\/2b1cf3cd81a31e3cd26889ca66d677f1\"},\"description\":\"La crise de la biodiversite\u0301 \\\"est aussi grave que le changement climatique\\\", mais pas aussi connue du grand public, regr ...\",\"breadcrumb\":{\"@id\":\"https:\/\/www.africa-press.net\/djibouti\/toutes-les-actualites\/des-scientifiques-alertent-sur-la-perte-de-branches-entieres-de-larbre-de-la-vie#breadcrumb\"},\"inLanguage\":\"fr-FR\",\"potentialAction\":[{\"@type\":\"ReadAction\",\"target\":[\"https:\/\/www.africa-press.net\/djibouti\/toutes-les-actualites\/des-scientifiques-alertent-sur-la-perte-de-branches-entieres-de-larbre-de-la-vie\"]}]},{\"@type\":\"ImageObject\",\"inLanguage\":\"fr-FR\",\"@id\":\"https:\/\/www.africa-press.net\/djibouti\/toutes-les-actualites\/des-scientifiques-alertent-sur-la-perte-de-branches-entieres-de-larbre-de-la-vie#primaryimage\",\"url\":\"https:\/\/static.africa-press.net\/djibouti\/sites\/52\/2023\/09\/sm_1695217200.819698.jpg\",\"contentUrl\":\"https:\/\/static.africa-press.net\/djibouti\/sites\/52\/2023\/09\/sm_1695217200.819698.jpg\",\"width\":1200,\"height\":900,\"caption\":\"Des scientifiques alertent sur la perte de branches enti\u00e8res de l'\\\"arbre de la vie\\\"\"},{\"@type\":\"BreadcrumbList\",\"@id\":\"https:\/\/www.africa-press.net\/djibouti\/toutes-les-actualites\/des-scientifiques-alertent-sur-la-perte-de-branches-entieres-de-larbre-de-la-vie#breadcrumb\",\"itemListElement\":[{\"@type\":\"ListItem\",\"position\":1,\"name\":\"Accueil\",\"item\":\"https:\/\/www.africa-press.net\/djibouti\/\"},{\"@type\":\"ListItem\",\"position\":2,\"name\":\"Des scientifiques alertent sur la perte de branches enti\u00e8res de l'&#8221;arbre de la vie&#8221;\"}]},{\"@type\":\"WebSite\",\"@id\":\"https:\/\/www.africa-press.net\/djibouti\/#website\",\"url\":\"https:\/\/www.africa-press.net\/djibouti\/\",\"name\":\"Djibouti\",\"description\":\"Just another Africa News Agency Sites site\",\"potentialAction\":[{\"@type\":\"SearchAction\",\"target\":{\"@type\":\"EntryPoint\",\"urlTemplate\":\"https:\/\/www.africa-press.net\/djibouti\/?s={search_term_string}\"},\"query-input\":{\"@type\":\"PropertyValueSpecification\",\"valueRequired\":true,\"valueName\":\"search_term_string\"}}],\"inLanguage\":\"fr-FR\"},{\"@type\":\"Person\",\"@id\":\"https:\/\/www.africa-press.net\/djibouti\/#\/schema\/person\/2b1cf3cd81a31e3cd26889ca66d677f1\",\"name\":\"cfeditorfr\"}]}<\/script>\n<!-- \/ Yoast SEO Premium plugin. -->","yoast_head_json":{"title":"Des scientifiques alertent sur la perte de branches enti\u00e8res de l'\"arbre de la vie\" - Djibouti","description":"La crise de la biodiversite\u0301 \"est aussi grave que le changement climatique\", mais pas aussi connue du grand public, regr ...","robots":{"index":"index","follow":"follow","max-snippet":"max-snippet:-1","max-image-preview":"max-image-preview:large","max-video-preview":"max-video-preview:-1"},"canonical":"https:\/\/www.africa-press.net\/djibouti\/toutes-les-actualites\/des-scientifiques-alertent-sur-la-perte-de-branches-entieres-de-larbre-de-la-vie","og_locale":"fr_FR","og_type":"article","og_title":"Des scientifiques alertent sur la perte de branches enti\u00e8res de l'\"arbre de la vie\"","og_description":"La crise de la biodiversite\u0301 \"est aussi grave que le changement climatique\", mais pas aussi connue du grand public, regr ...","og_url":"https:\/\/www.africa-press.net\/djibouti\/toutes-les-actualites\/des-scientifiques-alertent-sur-la-perte-de-branches-entieres-de-larbre-de-la-vie","og_site_name":"Djibouti","article_published_time":"2023-09-20T17:02:32+00:00","article_modified_time":"2023-09-20T17:11:35+00:00","og_image":[{"width":1200,"height":900,"url":"https:\/\/static.africa-press.net\/djibouti\/sites\/52\/2023\/09\/sm_1695217200.819698.jpg","type":"image\/jpeg"}],"author":"cfeditorfr","twitter_card":"summary_large_image","twitter_misc":{"\u00c9crit par":"cfeditorfr","Dur\u00e9e de lecture estim\u00e9e":"4 minutes"},"schema":{"@context":"https:\/\/schema.org","@graph":[{"@type":"Article","@id":"https:\/\/www.africa-press.net\/djibouti\/toutes-les-actualites\/des-scientifiques-alertent-sur-la-perte-de-branches-entieres-de-larbre-de-la-vie#article","isPartOf":{"@id":"https:\/\/www.africa-press.net\/djibouti\/toutes-les-actualites\/des-scientifiques-alertent-sur-la-perte-de-branches-entieres-de-larbre-de-la-vie"},"author":{"name":"cfeditorfr","@id":"https:\/\/www.africa-press.net\/djibouti\/#\/schema\/person\/2b1cf3cd81a31e3cd26889ca66d677f1"},"headline":"Des scientifiques alertent sur la perte de branches enti\u00e8res de l'\u00a0\u00bbarbre de la vie\u00a0\u00bb","datePublished":"2023-09-20T17:02:32+00:00","dateModified":"2023-09-20T17:11:35+00:00","mainEntityOfPage":{"@id":"https:\/\/www.africa-press.net\/djibouti\/toutes-les-actualites\/des-scientifiques-alertent-sur-la-perte-de-branches-entieres-de-larbre-de-la-vie"},"wordCount":882,"commentCount":0,"image":{"@id":"https:\/\/www.africa-press.net\/djibouti\/toutes-les-actualites\/des-scientifiques-alertent-sur-la-perte-de-branches-entieres-de-larbre-de-la-vie#primaryimage"},"thumbnailUrl":"https:\/\/static.africa-press.net\/djibouti\/sites\/52\/2023\/09\/sm_1695217200.819698.jpg","keywords":["Africa Press","Africa Press-Djibouti","Djibouti"],"articleSection":["Divers","Toutes les actualit\u00e9s"],"inLanguage":"fr-FR","potentialAction":[{"@type":"CommentAction","name":"Comment","target":["https:\/\/www.africa-press.net\/djibouti\/toutes-les-actualites\/des-scientifiques-alertent-sur-la-perte-de-branches-entieres-de-larbre-de-la-vie#respond"]}]},{"@type":"WebPage","@id":"https:\/\/www.africa-press.net\/djibouti\/toutes-les-actualites\/des-scientifiques-alertent-sur-la-perte-de-branches-entieres-de-larbre-de-la-vie","url":"https:\/\/www.africa-press.net\/djibouti\/toutes-les-actualites\/des-scientifiques-alertent-sur-la-perte-de-branches-entieres-de-larbre-de-la-vie","name":"Des scientifiques alertent sur la perte de branches enti\u00e8res de l'\"arbre de la vie\" - Djibouti","isPartOf":{"@id":"https:\/\/www.africa-press.net\/djibouti\/#website"},"primaryImageOfPage":{"@id":"https:\/\/www.africa-press.net\/djibouti\/toutes-les-actualites\/des-scientifiques-alertent-sur-la-perte-de-branches-entieres-de-larbre-de-la-vie#primaryimage"},"image":{"@id":"https:\/\/www.africa-press.net\/djibouti\/toutes-les-actualites\/des-scientifiques-alertent-sur-la-perte-de-branches-entieres-de-larbre-de-la-vie#primaryimage"},"thumbnailUrl":"https:\/\/static.africa-press.net\/djibouti\/sites\/52\/2023\/09\/sm_1695217200.819698.jpg","datePublished":"2023-09-20T17:02:32+00:00","dateModified":"2023-09-20T17:11:35+00:00","author":{"@id":"https:\/\/www.africa-press.net\/djibouti\/#\/schema\/person\/2b1cf3cd81a31e3cd26889ca66d677f1"},"description":"La crise de la biodiversite\u0301 \"est aussi grave que le changement climatique\", mais pas aussi connue du grand public, regr ...","breadcrumb":{"@id":"https:\/\/www.africa-press.net\/djibouti\/toutes-les-actualites\/des-scientifiques-alertent-sur-la-perte-de-branches-entieres-de-larbre-de-la-vie#breadcrumb"},"inLanguage":"fr-FR","potentialAction":[{"@type":"ReadAction","target":["https:\/\/www.africa-press.net\/djibouti\/toutes-les-actualites\/des-scientifiques-alertent-sur-la-perte-de-branches-entieres-de-larbre-de-la-vie"]}]},{"@type":"ImageObject","inLanguage":"fr-FR","@id":"https:\/\/www.africa-press.net\/djibouti\/toutes-les-actualites\/des-scientifiques-alertent-sur-la-perte-de-branches-entieres-de-larbre-de-la-vie#primaryimage","url":"https:\/\/static.africa-press.net\/djibouti\/sites\/52\/2023\/09\/sm_1695217200.819698.jpg","contentUrl":"https:\/\/static.africa-press.net\/djibouti\/sites\/52\/2023\/09\/sm_1695217200.819698.jpg","width":1200,"height":900,"caption":"Des scientifiques alertent sur la perte de branches enti\u00e8res de l'\"arbre de la vie\""},{"@type":"BreadcrumbList","@id":"https:\/\/www.africa-press.net\/djibouti\/toutes-les-actualites\/des-scientifiques-alertent-sur-la-perte-de-branches-entieres-de-larbre-de-la-vie#breadcrumb","itemListElement":[{"@type":"ListItem","position":1,"name":"Accueil","item":"https:\/\/www.africa-press.net\/djibouti\/"},{"@type":"ListItem","position":2,"name":"Des scientifiques alertent sur la perte de branches enti\u00e8res de l'&#8221;arbre de la vie&#8221;"}]},{"@type":"WebSite","@id":"https:\/\/www.africa-press.net\/djibouti\/#website","url":"https:\/\/www.africa-press.net\/djibouti\/","name":"Djibouti","description":"Just another Africa News Agency Sites site","potentialAction":[{"@type":"SearchAction","target":{"@type":"EntryPoint","urlTemplate":"https:\/\/www.africa-press.net\/djibouti\/?s={search_term_string}"},"query-input":{"@type":"PropertyValueSpecification","valueRequired":true,"valueName":"search_term_string"}}],"inLanguage":"fr-FR"},{"@type":"Person","@id":"https:\/\/www.africa-press.net\/djibouti\/#\/schema\/person\/2b1cf3cd81a31e3cd26889ca66d677f1","name":"cfeditorfr"}]}},"_links":{"self":[{"href":"https:\/\/www.africa-press.net\/djibouti\/wp-json\/wp\/v2\/posts\/18104","targetHints":{"allow":["GET"]}}],"collection":[{"href":"https:\/\/www.africa-press.net\/djibouti\/wp-json\/wp\/v2\/posts"}],"about":[{"href":"https:\/\/www.africa-press.net\/djibouti\/wp-json\/wp\/v2\/types\/post"}],"author":[{"embeddable":true,"href":"https:\/\/www.africa-press.net\/djibouti\/wp-json\/wp\/v2\/users\/82"}],"replies":[{"embeddable":true,"href":"https:\/\/www.africa-press.net\/djibouti\/wp-json\/wp\/v2\/comments?post=18104"}],"version-history":[{"count":0,"href":"https:\/\/www.africa-press.net\/djibouti\/wp-json\/wp\/v2\/posts\/18104\/revisions"}],"wp:featuredmedia":[{"embeddable":true,"href":"https:\/\/www.africa-press.net\/djibouti\/wp-json\/wp\/v2\/media\/18103"}],"wp:attachment":[{"href":"https:\/\/www.africa-press.net\/djibouti\/wp-json\/wp\/v2\/media?parent=18104"}],"wp:term":[{"taxonomy":"category","embeddable":true,"href":"https:\/\/www.africa-press.net\/djibouti\/wp-json\/wp\/v2\/categories?post=18104"},{"taxonomy":"post_tag","embeddable":true,"href":"https:\/\/www.africa-press.net\/djibouti\/wp-json\/wp\/v2\/tags?post=18104"}],"curies":[{"name":"wp","href":"https:\/\/api.w.org\/{rel}","templated":true}]}}