{"id":18132,"date":"2023-09-20T18:20:52","date_gmt":"2023-09-20T18:20:52","guid":{"rendered":"https:\/\/www.africa-press.net\/djibouti\/politique\/le-premier-ministre-abdoulkader-kamil-mohamed-a-pris-part-au-sommet-du-groupe-77la-chine"},"modified":"2023-09-20T18:45:53","modified_gmt":"2023-09-20T18:45:53","slug":"le-premier-ministre-abdoulkader-kamil-mohamed-a-pris-part-au-sommet-du-groupe-77la-chine","status":"publish","type":"post","link":"https:\/\/www.africa-press.net\/djibouti\/politique\/le-premier-ministre-abdoulkader-kamil-mohamed-a-pris-part-au-sommet-du-groupe-77la-chine","title":{"rendered":"Le premier ministre Abdoulkader Kamil Mohamed a pris part au sommet du groupe 77+la Chine"},"content":{"rendered":"<p><span style=\"color: #ff6600\"><strong>Africa-Press &#8211; Djibouti. <\/strong><\/span><b>Suite a\u0300 la visite officielle qu\u2019il effectue a\u0300 Cuba, le premier ministre Abdoulkader Kamil Mohamed a participe\u0301 a\u0300 la Havane au sommet du Groupe 77+la Chine dont les travaux se sont de\u0301roule\u0301s du 15 au 16 septembre 2023.<\/b><\/p>\n<p>Le pre\u0301sident cubain, Miguel Diaz-Canel a accueilli les de\u0301le\u0301gations des 77 pays participant a\u0300 ce sommet et a prononce\u0301 un discours inaugural dans lequel il a e\u0301voque\u0301 la ne\u0301cessite\u0301 de promouvoir le partenariat gagant-gagnant entre les pays du Sud Global qui composent ce groupe et les voies et moyens de le renforcer davantage. Le the\u0300me retenu pour cette rencontre concernait la science, la technologie et l\u2019innovation comme moteur du de\u0301veloppement durable.<\/p>\n<p>A noter aussi la pre\u0301sence a\u0300 ce sommet du secre\u0301taire ge\u0301ne\u0301ral de l\u2019ONU, Antonio Gueterres, qui a fait un discours historique sur l\u2019e\u0301tat actuel du monde dans lequel il a appele\u0301 les pays membres du groupe 77+la Chine a\u0300 continuer a\u0300 lutter pour un monde plus juste et inclusif pour tous. Il les a de\u0301crit comme e\u0301tant des champions du multilate\u0301ralisme et a insiste\u0301 sur la transition ine\u0301luctable d\u2019un monde monopole vers un monde multipolaire.<\/p>\n<p>Tous les chefs d\u2019Etat et de gouvernement participant a\u0300 ce sommet ont prononce\u0301 des discours sur la the\u0301matique, mettant l\u2019accent sur les efforts de\u0301ploye\u0301s par leurs pays respectifs pour investir dans la recherche scientifique et technologique afin de re\u0301duire progressivement l\u2019e\u0301cart entre Nord-Sud.<\/p>\n<p>De son co\u0302te\u0301, le premier ministre a fait une allocution dans laquelle il a d\u2019abord remercie\u0301 le Pre\u0301sident cubain de l\u2019accueil chaleureux qui lui a e\u0301te\u0301 re\u0301serve\u0301 ainsi qu\u2019a\u0300 sa de\u0301le\u0301gation depuis leur arrive\u0301e a\u0300 la Havane. Puis, il a aborde\u0301 les de\u0301fis du de\u0301veloppement, les ro\u0302les de la science, de la technologie et de l\u2019innovation et les ine\u0301galite\u0301s entre le Nord et le Sud qui ne cessent de se creuser.<\/p>\n<p>Pour illustrer ce fosse\u0301, il a pris l\u2019exemple de la crise du COVID-19 et les difficulte\u0301s rencontre\u0301es par les pays issus majoritairement du groupe 77+la Chine pour lutter efficacement contre cette pande\u0301mie. Par ailleurs, il a mis en exergue le fait que les progre\u0300s scientifiques et technologiques des pays de\u0301veloppe\u0301s n\u2019ont pas malheureusement be\u0301ne\u0301ficie\u0301 aux pays en de\u0301veloppement qui restent vulne\u0301rables face aux conse\u0301quences de\u0301vastatrices des crise multidimensionnelles \u2013 COVID-19, changement climatique, crise e\u0301nerge\u0301tique et inflation, entre autres.<\/p>\n\r\n                <style type=\"text\/css\">\r\n                    \r\n                    #td_uid_1_69f13b2064896  .td-doubleSlider-2 .td-item1 {\r\n                        background: url(https:\/\/static.africa-press.net\/djibouti\/sites\/52\/2023\/09\/sm_1695222891.26312-80x60.jpg) 0 0 no-repeat;\r\n                    }\r\n                    #td_uid_1_69f13b2064896  .td-doubleSlider-2 .td-item2 {\r\n                        background: url(https:\/\/static.africa-press.net\/djibouti\/sites\/52\/2023\/09\/sm_1695222907.080396-80x60.jpg) 0 0 no-repeat;\r\n                    }\r\n                <\/style>\r\n\r\n                <div id=\"td_uid_1_69f13b2064896\" class=\"td-gallery td-slide-on-2-columns\">\r\n                    <div class=\"post_td_gallery\">\r\n                        <div class=\"td-gallery-slide-top\">\r\n                           <div class=\"td-gallery-title\"><\/div>\r\n\r\n                            <div class=\"td-gallery-controls-wrapper\">\r\n                                <div class=\"td-gallery-slide-count\"><span class=\"td-gallery-slide-item-focus\">1<\/span> de 2<\/div>\r\n                                <div class=\"td-gallery-slide-prev-next-but\">\r\n                                    <i class = \"td-icon-left doubleSliderPrevButton\"><\/i>\r\n                                    <i class = \"td-icon-right doubleSliderNextButton\"><\/i>\r\n                                <\/div>\r\n                            <\/div>\r\n                        <\/div>\r\n\r\n                        <div class = \"td-doubleSlider-1 \">\r\n                            <div class = \"td-slider\">\r\n                                \r\n                    <div class = \"td-slide-item td-item1\">\r\n                        <figure class=\"td-slide-galery-figure td-slide-popup-gallery\">\r\n                            <a class=\"slide-gallery-image-link\" href=\"https:\/\/static.africa-press.net\/djibouti\/sites\/52\/2023\/09\/sm_1695222891.26312.jpg\" title=\"sm_1695222891.26312\"  data-caption=\"\"  data-description=\"\">\r\n                                <img decoding=\"async\" src=\"https:\/\/static.africa-press.net\/djibouti\/sites\/52\/2023\/09\/sm_1695222891.26312.jpg\" srcset=\"https:\/\/static.africa-press.net\/djibouti\/sites\/52\/2023\/09\/sm_1695222891.26312.jpg 1024w, https:\/\/static.africa-press.net\/djibouti\/sites\/52\/2023\/09\/sm_1695222891.26312-300x200.jpg 300w, https:\/\/static.africa-press.net\/djibouti\/sites\/52\/2023\/09\/sm_1695222891.26312-768x512.jpg 768w\" sizes=\"(max-width: 1024px) 100vw, 1024px\" alt=\"\">\r\n                            <\/a>\r\n                            \r\n                        <\/figure>\r\n                    <\/div>\r\n                    <div class = \"td-slide-item td-item2\">\r\n                        <figure class=\"td-slide-galery-figure td-slide-popup-gallery\">\r\n                            <a class=\"slide-gallery-image-link\" href=\"https:\/\/static.africa-press.net\/djibouti\/sites\/52\/2023\/09\/sm_1695222907.080396.jpg\" title=\"sm_1695222907.080396\"  data-caption=\"\"  data-description=\"\">\r\n                                <img decoding=\"async\" src=\"https:\/\/static.africa-press.net\/djibouti\/sites\/52\/2023\/09\/sm_1695222907.080396.jpg\" srcset=\"https:\/\/static.africa-press.net\/djibouti\/sites\/52\/2023\/09\/sm_1695222907.080396.jpg 1024w, https:\/\/static.africa-press.net\/djibouti\/sites\/52\/2023\/09\/sm_1695222907.080396-300x83.jpg 300w, https:\/\/static.africa-press.net\/djibouti\/sites\/52\/2023\/09\/sm_1695222907.080396-768x213.jpg 768w\" sizes=\"(max-width: 1024px) 100vw, 1024px\" alt=\"\">\r\n                            <\/a>\r\n                            \r\n                        <\/figure>\r\n                    <\/div>\r\n                            <\/div>\r\n                        <\/div>\r\n\r\n                        <div class = \"td-doubleSlider-2\">\r\n                            <div class = \"td-slider\">\r\n                                \r\n                    <div class = \"td-button td-item1\">\r\n                        <div class = \"td-border\"><\/div>\r\n                    <\/div>\r\n                    <div class = \"td-button td-item2\">\r\n                        <div class = \"td-border\"><\/div>\r\n                    <\/div>\r\n                            <\/div>\r\n                        <\/div>\r\n\r\n                    <\/div>\r\n\r\n                <\/div>\r\n                \n<p><strong>Pour plus d&rsquo;informations et d&rsquo;analyses sur la <a href=\"https:\/\/www.africa-press.net\/djibouti\">Djibouti<\/a>, suivez <a href=\"https:\/\/www.africa-press.net\/\">Africa-Press<\/a><\/strong><\/p>\n","protected":false},"excerpt":{"rendered":"<p>Africa-Press &#8211; Djibouti. Suite a\u0300 la visite officielle qu\u2019il effectue a\u0300 Cuba, le premier ministre Abdoulkader Kamil Mohamed a participe\u0301 a\u0300 la Havane au sommet du Groupe 77+la Chine dont les travaux se sont de\u0301roule\u0301s du 15 au 16 septembre 2023. Le pre\u0301sident cubain, Miguel Diaz-Canel a accueilli les de\u0301le\u0301gations des 77 pays participant a\u0300 [&hellip;]<\/p>\n","protected":false},"author":82,"featured_media":18131,"comment_status":"open","ping_status":"closed","sticky":false,"template":"","format":"standard","meta":{"footnotes":""},"categories":[8,2,57,20,10],"tags":[36,49,50],"class_list":["post-18132","post","type-post","status-publish","format-standard","has-post-thumbnail","hentry","category-photo","category-politique","category-to-homepage","category-top-nouvelles","category-toutes-les-actualites","tag-africa-press","tag-africa-press-djibouti","tag-djibouti"],"yoast_head":"<!-- This site is optimized with the Yoast SEO Premium plugin v26.1 (Yoast SEO v27.0) - https:\/\/yoast.com\/product\/yoast-seo-premium-wordpress\/ -->\n<title>Le premier ministre Abdoulkader Kamil Mohamed a pris part au sommet du groupe 77+la Chine - Djibouti<\/title>\n<meta name=\"description\" content=\"Suite a\u0300 la visite officielle qu\u2019il effectue a\u0300 Cuba, le premier ministre Abdoulkader Kamil Mohamed a participe\u0301 a\u0300 l ...\" \/>\n<meta name=\"robots\" content=\"index, follow, max-snippet:-1, max-image-preview:large, max-video-preview:-1\" \/>\n<link rel=\"canonical\" href=\"https:\/\/www.africa-press.net\/djibouti\/politique\/le-premier-ministre-abdoulkader-kamil-mohamed-a-pris-part-au-sommet-du-groupe-77la-chine\" \/>\n<meta property=\"og:locale\" content=\"fr_FR\" \/>\n<meta property=\"og:type\" content=\"article\" \/>\n<meta property=\"og:title\" content=\"Le premier ministre Abdoulkader Kamil Mohamed a pris part au sommet du groupe 77+la Chine\" \/>\n<meta property=\"og:description\" content=\"Suite a\u0300 la visite officielle qu\u2019il effectue a\u0300 Cuba, le premier ministre Abdoulkader Kamil Mohamed a participe\u0301 a\u0300 l ...\" \/>\n<meta property=\"og:url\" content=\"https:\/\/www.africa-press.net\/djibouti\/politique\/le-premier-ministre-abdoulkader-kamil-mohamed-a-pris-part-au-sommet-du-groupe-77la-chine\" \/>\n<meta property=\"og:site_name\" content=\"Djibouti\" \/>\n<meta property=\"article:published_time\" content=\"2023-09-20T18:20:52+00:00\" \/>\n<meta property=\"article:modified_time\" content=\"2023-09-20T18:45:53+00:00\" \/>\n<meta property=\"og:image\" content=\"https:\/\/static.africa-press.net\/djibouti\/sites\/52\/2023\/09\/sm_1695222923.718585.jpg\" \/>\n\t<meta property=\"og:image:width\" content=\"720\" \/>\n\t<meta property=\"og:image:height\" content=\"478\" \/>\n\t<meta property=\"og:image:type\" content=\"image\/jpeg\" \/>\n<meta name=\"author\" content=\"cfeditorfr\" \/>\n<meta name=\"twitter:card\" content=\"summary_large_image\" \/>\n<meta name=\"twitter:label1\" content=\"\u00c9crit par\" \/>\n\t<meta name=\"twitter:data1\" content=\"cfeditorfr\" \/>\n\t<meta name=\"twitter:label2\" content=\"Dur\u00e9e de lecture estim\u00e9e\" \/>\n\t<meta name=\"twitter:data2\" content=\"3 minutes\" \/>\n<script type=\"application\/ld+json\" class=\"yoast-schema-graph\">{\"@context\":\"https:\/\/schema.org\",\"@graph\":[{\"@type\":\"Article\",\"@id\":\"https:\/\/www.africa-press.net\/djibouti\/politique\/le-premier-ministre-abdoulkader-kamil-mohamed-a-pris-part-au-sommet-du-groupe-77la-chine#article\",\"isPartOf\":{\"@id\":\"https:\/\/www.africa-press.net\/djibouti\/politique\/le-premier-ministre-abdoulkader-kamil-mohamed-a-pris-part-au-sommet-du-groupe-77la-chine\"},\"author\":{\"name\":\"cfeditorfr\",\"@id\":\"https:\/\/www.africa-press.net\/djibouti\/#\/schema\/person\/2b1cf3cd81a31e3cd26889ca66d677f1\"},\"headline\":\"Le premier ministre Abdoulkader Kamil Mohamed a pris part au sommet du groupe 77+la Chine\",\"datePublished\":\"2023-09-20T18:20:52+00:00\",\"dateModified\":\"2023-09-20T18:45:53+00:00\",\"mainEntityOfPage\":{\"@id\":\"https:\/\/www.africa-press.net\/djibouti\/politique\/le-premier-ministre-abdoulkader-kamil-mohamed-a-pris-part-au-sommet-du-groupe-77la-chine\"},\"wordCount\":474,\"commentCount\":0,\"image\":{\"@id\":\"https:\/\/www.africa-press.net\/djibouti\/politique\/le-premier-ministre-abdoulkader-kamil-mohamed-a-pris-part-au-sommet-du-groupe-77la-chine#primaryimage\"},\"thumbnailUrl\":\"https:\/\/static.africa-press.net\/djibouti\/sites\/52\/2023\/09\/sm_1695222923.718585.jpg\",\"keywords\":[\"Africa Press\",\"Africa Press-Djibouti\",\"Djibouti\"],\"articleSection\":[\"Photo\",\"Politique\",\"to-homepage\",\"Top Nouvelles\",\"Toutes les actualit\u00e9s\"],\"inLanguage\":\"fr-FR\",\"potentialAction\":[{\"@type\":\"CommentAction\",\"name\":\"Comment\",\"target\":[\"https:\/\/www.africa-press.net\/djibouti\/politique\/le-premier-ministre-abdoulkader-kamil-mohamed-a-pris-part-au-sommet-du-groupe-77la-chine#respond\"]}]},{\"@type\":\"WebPage\",\"@id\":\"https:\/\/www.africa-press.net\/djibouti\/politique\/le-premier-ministre-abdoulkader-kamil-mohamed-a-pris-part-au-sommet-du-groupe-77la-chine\",\"url\":\"https:\/\/www.africa-press.net\/djibouti\/politique\/le-premier-ministre-abdoulkader-kamil-mohamed-a-pris-part-au-sommet-du-groupe-77la-chine\",\"name\":\"Le premier ministre Abdoulkader Kamil Mohamed a pris part au sommet du groupe 77+la Chine - Djibouti\",\"isPartOf\":{\"@id\":\"https:\/\/www.africa-press.net\/djibouti\/#website\"},\"primaryImageOfPage\":{\"@id\":\"https:\/\/www.africa-press.net\/djibouti\/politique\/le-premier-ministre-abdoulkader-kamil-mohamed-a-pris-part-au-sommet-du-groupe-77la-chine#primaryimage\"},\"image\":{\"@id\":\"https:\/\/www.africa-press.net\/djibouti\/politique\/le-premier-ministre-abdoulkader-kamil-mohamed-a-pris-part-au-sommet-du-groupe-77la-chine#primaryimage\"},\"thumbnailUrl\":\"https:\/\/static.africa-press.net\/djibouti\/sites\/52\/2023\/09\/sm_1695222923.718585.jpg\",\"datePublished\":\"2023-09-20T18:20:52+00:00\",\"dateModified\":\"2023-09-20T18:45:53+00:00\",\"author\":{\"@id\":\"https:\/\/www.africa-press.net\/djibouti\/#\/schema\/person\/2b1cf3cd81a31e3cd26889ca66d677f1\"},\"description\":\"Suite a\u0300 la visite officielle qu\u2019il effectue a\u0300 Cuba, le premier ministre Abdoulkader Kamil Mohamed a participe\u0301 a\u0300 l ...\",\"breadcrumb\":{\"@id\":\"https:\/\/www.africa-press.net\/djibouti\/politique\/le-premier-ministre-abdoulkader-kamil-mohamed-a-pris-part-au-sommet-du-groupe-77la-chine#breadcrumb\"},\"inLanguage\":\"fr-FR\",\"potentialAction\":[{\"@type\":\"ReadAction\",\"target\":[\"https:\/\/www.africa-press.net\/djibouti\/politique\/le-premier-ministre-abdoulkader-kamil-mohamed-a-pris-part-au-sommet-du-groupe-77la-chine\"]}]},{\"@type\":\"ImageObject\",\"inLanguage\":\"fr-FR\",\"@id\":\"https:\/\/www.africa-press.net\/djibouti\/politique\/le-premier-ministre-abdoulkader-kamil-mohamed-a-pris-part-au-sommet-du-groupe-77la-chine#primaryimage\",\"url\":\"https:\/\/static.africa-press.net\/djibouti\/sites\/52\/2023\/09\/sm_1695222923.718585.jpg\",\"contentUrl\":\"https:\/\/static.africa-press.net\/djibouti\/sites\/52\/2023\/09\/sm_1695222923.718585.jpg\",\"width\":720,\"height\":478,\"caption\":\"Le premier ministre Abdoulkader Kamil Mohamed a pris part au sommet du groupe 77+la Chine\"},{\"@type\":\"BreadcrumbList\",\"@id\":\"https:\/\/www.africa-press.net\/djibouti\/politique\/le-premier-ministre-abdoulkader-kamil-mohamed-a-pris-part-au-sommet-du-groupe-77la-chine#breadcrumb\",\"itemListElement\":[{\"@type\":\"ListItem\",\"position\":1,\"name\":\"Accueil\",\"item\":\"https:\/\/www.africa-press.net\/djibouti\/\"},{\"@type\":\"ListItem\",\"position\":2,\"name\":\"Le premier ministre Abdoulkader Kamil Mohamed a pris part au sommet du groupe 77+la Chine\"}]},{\"@type\":\"WebSite\",\"@id\":\"https:\/\/www.africa-press.net\/djibouti\/#website\",\"url\":\"https:\/\/www.africa-press.net\/djibouti\/\",\"name\":\"Djibouti\",\"description\":\"Just another Africa News Agency Sites site\",\"potentialAction\":[{\"@type\":\"SearchAction\",\"target\":{\"@type\":\"EntryPoint\",\"urlTemplate\":\"https:\/\/www.africa-press.net\/djibouti\/?s={search_term_string}\"},\"query-input\":{\"@type\":\"PropertyValueSpecification\",\"valueRequired\":true,\"valueName\":\"search_term_string\"}}],\"inLanguage\":\"fr-FR\"},{\"@type\":\"Person\",\"@id\":\"https:\/\/www.africa-press.net\/djibouti\/#\/schema\/person\/2b1cf3cd81a31e3cd26889ca66d677f1\",\"name\":\"cfeditorfr\"}]}<\/script>\n<!-- \/ Yoast SEO Premium plugin. -->","yoast_head_json":{"title":"Le premier ministre Abdoulkader Kamil Mohamed a pris part au sommet du groupe 77+la Chine - Djibouti","description":"Suite a\u0300 la visite officielle qu\u2019il effectue a\u0300 Cuba, le premier ministre Abdoulkader Kamil Mohamed a participe\u0301 a\u0300 l ...","robots":{"index":"index","follow":"follow","max-snippet":"max-snippet:-1","max-image-preview":"max-image-preview:large","max-video-preview":"max-video-preview:-1"},"canonical":"https:\/\/www.africa-press.net\/djibouti\/politique\/le-premier-ministre-abdoulkader-kamil-mohamed-a-pris-part-au-sommet-du-groupe-77la-chine","og_locale":"fr_FR","og_type":"article","og_title":"Le premier ministre Abdoulkader Kamil Mohamed a pris part au sommet du groupe 77+la Chine","og_description":"Suite a\u0300 la visite officielle qu\u2019il effectue a\u0300 Cuba, le premier ministre Abdoulkader Kamil Mohamed a participe\u0301 a\u0300 l ...","og_url":"https:\/\/www.africa-press.net\/djibouti\/politique\/le-premier-ministre-abdoulkader-kamil-mohamed-a-pris-part-au-sommet-du-groupe-77la-chine","og_site_name":"Djibouti","article_published_time":"2023-09-20T18:20:52+00:00","article_modified_time":"2023-09-20T18:45:53+00:00","og_image":[{"width":720,"height":478,"url":"https:\/\/static.africa-press.net\/djibouti\/sites\/52\/2023\/09\/sm_1695222923.718585.jpg","type":"image\/jpeg"}],"author":"cfeditorfr","twitter_card":"summary_large_image","twitter_misc":{"\u00c9crit par":"cfeditorfr","Dur\u00e9e de lecture estim\u00e9e":"3 minutes"},"schema":{"@context":"https:\/\/schema.org","@graph":[{"@type":"Article","@id":"https:\/\/www.africa-press.net\/djibouti\/politique\/le-premier-ministre-abdoulkader-kamil-mohamed-a-pris-part-au-sommet-du-groupe-77la-chine#article","isPartOf":{"@id":"https:\/\/www.africa-press.net\/djibouti\/politique\/le-premier-ministre-abdoulkader-kamil-mohamed-a-pris-part-au-sommet-du-groupe-77la-chine"},"author":{"name":"cfeditorfr","@id":"https:\/\/www.africa-press.net\/djibouti\/#\/schema\/person\/2b1cf3cd81a31e3cd26889ca66d677f1"},"headline":"Le premier ministre Abdoulkader Kamil Mohamed a pris part au sommet du groupe 77+la Chine","datePublished":"2023-09-20T18:20:52+00:00","dateModified":"2023-09-20T18:45:53+00:00","mainEntityOfPage":{"@id":"https:\/\/www.africa-press.net\/djibouti\/politique\/le-premier-ministre-abdoulkader-kamil-mohamed-a-pris-part-au-sommet-du-groupe-77la-chine"},"wordCount":474,"commentCount":0,"image":{"@id":"https:\/\/www.africa-press.net\/djibouti\/politique\/le-premier-ministre-abdoulkader-kamil-mohamed-a-pris-part-au-sommet-du-groupe-77la-chine#primaryimage"},"thumbnailUrl":"https:\/\/static.africa-press.net\/djibouti\/sites\/52\/2023\/09\/sm_1695222923.718585.jpg","keywords":["Africa Press","Africa Press-Djibouti","Djibouti"],"articleSection":["Photo","Politique","to-homepage","Top Nouvelles","Toutes les actualit\u00e9s"],"inLanguage":"fr-FR","potentialAction":[{"@type":"CommentAction","name":"Comment","target":["https:\/\/www.africa-press.net\/djibouti\/politique\/le-premier-ministre-abdoulkader-kamil-mohamed-a-pris-part-au-sommet-du-groupe-77la-chine#respond"]}]},{"@type":"WebPage","@id":"https:\/\/www.africa-press.net\/djibouti\/politique\/le-premier-ministre-abdoulkader-kamil-mohamed-a-pris-part-au-sommet-du-groupe-77la-chine","url":"https:\/\/www.africa-press.net\/djibouti\/politique\/le-premier-ministre-abdoulkader-kamil-mohamed-a-pris-part-au-sommet-du-groupe-77la-chine","name":"Le premier ministre Abdoulkader Kamil Mohamed a pris part au sommet du groupe 77+la Chine - Djibouti","isPartOf":{"@id":"https:\/\/www.africa-press.net\/djibouti\/#website"},"primaryImageOfPage":{"@id":"https:\/\/www.africa-press.net\/djibouti\/politique\/le-premier-ministre-abdoulkader-kamil-mohamed-a-pris-part-au-sommet-du-groupe-77la-chine#primaryimage"},"image":{"@id":"https:\/\/www.africa-press.net\/djibouti\/politique\/le-premier-ministre-abdoulkader-kamil-mohamed-a-pris-part-au-sommet-du-groupe-77la-chine#primaryimage"},"thumbnailUrl":"https:\/\/static.africa-press.net\/djibouti\/sites\/52\/2023\/09\/sm_1695222923.718585.jpg","datePublished":"2023-09-20T18:20:52+00:00","dateModified":"2023-09-20T18:45:53+00:00","author":{"@id":"https:\/\/www.africa-press.net\/djibouti\/#\/schema\/person\/2b1cf3cd81a31e3cd26889ca66d677f1"},"description":"Suite a\u0300 la visite officielle qu\u2019il effectue a\u0300 Cuba, le premier ministre Abdoulkader Kamil Mohamed a participe\u0301 a\u0300 l ...","breadcrumb":{"@id":"https:\/\/www.africa-press.net\/djibouti\/politique\/le-premier-ministre-abdoulkader-kamil-mohamed-a-pris-part-au-sommet-du-groupe-77la-chine#breadcrumb"},"inLanguage":"fr-FR","potentialAction":[{"@type":"ReadAction","target":["https:\/\/www.africa-press.net\/djibouti\/politique\/le-premier-ministre-abdoulkader-kamil-mohamed-a-pris-part-au-sommet-du-groupe-77la-chine"]}]},{"@type":"ImageObject","inLanguage":"fr-FR","@id":"https:\/\/www.africa-press.net\/djibouti\/politique\/le-premier-ministre-abdoulkader-kamil-mohamed-a-pris-part-au-sommet-du-groupe-77la-chine#primaryimage","url":"https:\/\/static.africa-press.net\/djibouti\/sites\/52\/2023\/09\/sm_1695222923.718585.jpg","contentUrl":"https:\/\/static.africa-press.net\/djibouti\/sites\/52\/2023\/09\/sm_1695222923.718585.jpg","width":720,"height":478,"caption":"Le premier ministre Abdoulkader Kamil Mohamed a pris part au sommet du groupe 77+la Chine"},{"@type":"BreadcrumbList","@id":"https:\/\/www.africa-press.net\/djibouti\/politique\/le-premier-ministre-abdoulkader-kamil-mohamed-a-pris-part-au-sommet-du-groupe-77la-chine#breadcrumb","itemListElement":[{"@type":"ListItem","position":1,"name":"Accueil","item":"https:\/\/www.africa-press.net\/djibouti\/"},{"@type":"ListItem","position":2,"name":"Le premier ministre Abdoulkader Kamil Mohamed a pris part au sommet du groupe 77+la Chine"}]},{"@type":"WebSite","@id":"https:\/\/www.africa-press.net\/djibouti\/#website","url":"https:\/\/www.africa-press.net\/djibouti\/","name":"Djibouti","description":"Just another Africa News Agency Sites site","potentialAction":[{"@type":"SearchAction","target":{"@type":"EntryPoint","urlTemplate":"https:\/\/www.africa-press.net\/djibouti\/?s={search_term_string}"},"query-input":{"@type":"PropertyValueSpecification","valueRequired":true,"valueName":"search_term_string"}}],"inLanguage":"fr-FR"},{"@type":"Person","@id":"https:\/\/www.africa-press.net\/djibouti\/#\/schema\/person\/2b1cf3cd81a31e3cd26889ca66d677f1","name":"cfeditorfr"}]}},"_links":{"self":[{"href":"https:\/\/www.africa-press.net\/djibouti\/wp-json\/wp\/v2\/posts\/18132","targetHints":{"allow":["GET"]}}],"collection":[{"href":"https:\/\/www.africa-press.net\/djibouti\/wp-json\/wp\/v2\/posts"}],"about":[{"href":"https:\/\/www.africa-press.net\/djibouti\/wp-json\/wp\/v2\/types\/post"}],"author":[{"embeddable":true,"href":"https:\/\/www.africa-press.net\/djibouti\/wp-json\/wp\/v2\/users\/82"}],"replies":[{"embeddable":true,"href":"https:\/\/www.africa-press.net\/djibouti\/wp-json\/wp\/v2\/comments?post=18132"}],"version-history":[{"count":0,"href":"https:\/\/www.africa-press.net\/djibouti\/wp-json\/wp\/v2\/posts\/18132\/revisions"}],"wp:featuredmedia":[{"embeddable":true,"href":"https:\/\/www.africa-press.net\/djibouti\/wp-json\/wp\/v2\/media\/18131"}],"wp:attachment":[{"href":"https:\/\/www.africa-press.net\/djibouti\/wp-json\/wp\/v2\/media?parent=18132"}],"wp:term":[{"taxonomy":"category","embeddable":true,"href":"https:\/\/www.africa-press.net\/djibouti\/wp-json\/wp\/v2\/categories?post=18132"},{"taxonomy":"post_tag","embeddable":true,"href":"https:\/\/www.africa-press.net\/djibouti\/wp-json\/wp\/v2\/tags?post=18132"}],"curies":[{"name":"wp","href":"https:\/\/api.w.org\/{rel}","templated":true}]}}