{"id":18135,"date":"2023-09-20T18:21:27","date_gmt":"2023-09-20T18:21:27","guid":{"rendered":"https:\/\/www.africa-press.net\/djibouti\/politique\/rencontres-en-marge-du-sommet"},"modified":"2023-09-20T18:46:18","modified_gmt":"2023-09-20T18:46:18","slug":"rencontres-en-marge-du-sommet","status":"publish","type":"post","link":"https:\/\/www.africa-press.net\/djibouti\/politique\/rencontres-en-marge-du-sommet","title":{"rendered":"Rencontres en marge du sommet"},"content":{"rendered":"<p><span style=\"color: #ff6600\"><strong>Africa-Press &#8211; Djibouti. <\/strong><\/span>En marge du sommet, le premier ministre Abdoulkader Kamil Mohamed a rencontre\u0301, dans l\u2019apre\u0300s-midi, M. Yvan Gil Pinto, ministre des affaires e\u0301trange\u0300res de la re\u0301publique du Venezuela qui lui a fait part de la volonte\u0301 du Pre\u0301sident Ve\u0301ne\u0301zue\u0301lien, Nicolas Maduro, de revitaliser la coope\u0301ration bilate\u0301rale entre Djibouti et le Venezuela, prioritairement dans trois secteurs, a\u0300 savoir l\u2019enseignent supe\u0301rieur, l\u2019e\u0301nergie et le commerce.<\/p>\n<p>S\u2019agissant d\u2019une e\u0301ventuelle coope\u0301ration dans l\u2019enseignement supe\u0301rieur entre les deux pays, le ministre ve\u0301ne\u0301zue\u0301lien a fait part de l\u2019engagement du Pre\u0301sident Maduro d\u2019offrir des bourses d\u2019e\u0301tudes au profit des e\u0301tudiants djiboutiens pour poursuivre leurs e\u0301tudes supe\u0301rieures dans les e\u0301tablissements universitaires au Venezuela. Le premier ministre a accueilli chaleureusement cette proposition et a affirme\u0301 que ces offres de bourses contribueront largement a\u0300 renforcer les relations bilate\u0301rales et permettraient aux me\u0301decins djiboutiens hispanophones de poursuivre leurs spe\u0301cialisations. Le ministre ve\u0301ne\u0301zue\u0301lien s\u2019est dit pre\u0302t a\u0300 examiner toutes suggestions qui seront faites par la partie djiboutienne et a e\u0301galement fait savoir sa disponibilite\u0301 de rencontrer son homologue djiboutien, Mahmoud Ali Youssouf, en marge de sa participation au sommet de l\u2019assemble\u0301e ge\u0301ne\u0301rale de l\u2019ONU pour continuer ces discussions entame\u0301es avec le premier ministre.<\/p>\n<p>Ensuite, le premier ministre Abdoulkader Kamil Mohamed a eu un entretien avec Mme Kamina Johnson Smith, ministre jamai\u0308caine des affaires e\u0301trange\u0300res. Cette dernie\u0300re a fait part de la volonte\u0301 du gouvernement jamai\u0308cain d\u2019e\u0301tablir des liens diplomatiques avec le gouvernement de Djibouti dans les meilleurs de\u0301lais possibles. Le premier ministre s\u2019est re\u0301joui de cette volonte\u0301 et a confirme\u0301 la disponibilite\u0301 du gouvernement djiboutien de nouer des relations bilate\u0301rales avec la Jamai\u0308que par l\u2019e\u0301tablissement des liens diplomatiques a\u0300 travers le canal diplomatique.<\/p>\n<p>Finalement, le premier ministre a eu l\u2019insigne honneur de prendre part a\u0300 un diner officiel offert par le pre\u0301sident de la re\u0301publique de Cuba, Miguel Diaz-Canel, aux chefs des de\u0301le\u0301gations participant au sommet. Le samedi 16 septembre, il a participe\u0301 a\u0300 la clo\u0302ture du sommet du groupe 77+la Chine a\u0300 l\u2019issue duquel une de\u0301claration commune a e\u0301te\u0301 adopte\u0301e.<\/p>\n<p><strong>Pour plus d&rsquo;informations et d&rsquo;analyses sur la <a href=\"https:\/\/www.africa-press.net\/djibouti\">Djibouti<\/a>, suivez <a href=\"https:\/\/www.africa-press.net\/\">Africa-Press<\/a><\/strong><\/p>\n","protected":false},"excerpt":{"rendered":"<p>Africa-Press &#8211; Djibouti. En marge du sommet, le premier ministre Abdoulkader Kamil Mohamed a rencontre\u0301, dans l\u2019apre\u0300s-midi, M. Yvan Gil Pinto, ministre des affaires e\u0301trange\u0300res de la re\u0301publique du Venezuela qui lui a fait part de la volonte\u0301 du Pre\u0301sident Ve\u0301ne\u0301zue\u0301lien, Nicolas Maduro, de revitaliser la coope\u0301ration bilate\u0301rale entre Djibouti et le Venezuela, prioritairement dans [&hellip;]<\/p>\n","protected":false},"author":82,"featured_media":18133,"comment_status":"open","ping_status":"closed","sticky":false,"template":"","format":"standard","meta":{"footnotes":""},"categories":[2,10],"tags":[36,49,50],"class_list":["post-18135","post","type-post","status-publish","format-standard","has-post-thumbnail","hentry","category-politique","category-toutes-les-actualites","tag-africa-press","tag-africa-press-djibouti","tag-djibouti"],"yoast_head":"<!-- This site is optimized with the Yoast SEO Premium plugin v26.1 (Yoast SEO v27.0) - https:\/\/yoast.com\/product\/yoast-seo-premium-wordpress\/ -->\n<title>Rencontres en marge du sommet - Djibouti<\/title>\n<meta name=\"description\" content=\"En marge du sommet, le premier ministre Abdoulkader Kamil Mohamed a rencontre\u0301, dans l\u2019apre\u0300s-midi, M. Yvan Gil Pinto, m ...\" \/>\n<meta name=\"robots\" content=\"index, follow, max-snippet:-1, max-image-preview:large, max-video-preview:-1\" \/>\n<link rel=\"canonical\" href=\"https:\/\/www.africa-press.net\/djibouti\/politique\/rencontres-en-marge-du-sommet\" \/>\n<meta property=\"og:locale\" content=\"fr_FR\" \/>\n<meta property=\"og:type\" content=\"article\" \/>\n<meta property=\"og:title\" content=\"Rencontres en marge du sommet\" \/>\n<meta property=\"og:description\" content=\"En marge du sommet, le premier ministre Abdoulkader Kamil Mohamed a rencontre\u0301, dans l\u2019apre\u0300s-midi, M. Yvan Gil Pinto, m ...\" \/>\n<meta property=\"og:url\" content=\"https:\/\/www.africa-press.net\/djibouti\/politique\/rencontres-en-marge-du-sommet\" \/>\n<meta property=\"og:site_name\" content=\"Djibouti\" \/>\n<meta property=\"article:published_time\" content=\"2023-09-20T18:21:27+00:00\" \/>\n<meta property=\"article:modified_time\" content=\"2023-09-20T18:46:18+00:00\" \/>\n<meta property=\"og:image\" content=\"https:\/\/static.africa-press.net\/djibouti\/sites\/52\/2023\/09\/sm_1695222943.135717.jpg\" \/>\n\t<meta property=\"og:image:width\" content=\"720\" \/>\n\t<meta property=\"og:image:height\" content=\"480\" \/>\n\t<meta property=\"og:image:type\" content=\"image\/jpeg\" \/>\n<meta name=\"author\" content=\"cfeditorfr\" \/>\n<meta name=\"twitter:card\" content=\"summary_large_image\" \/>\n<meta name=\"twitter:label1\" content=\"\u00c9crit par\" \/>\n\t<meta name=\"twitter:data1\" content=\"cfeditorfr\" \/>\n\t<meta name=\"twitter:label2\" content=\"Dur\u00e9e de lecture estim\u00e9e\" \/>\n\t<meta name=\"twitter:data2\" content=\"2 minutes\" \/>\n<script type=\"application\/ld+json\" class=\"yoast-schema-graph\">{\"@context\":\"https:\/\/schema.org\",\"@graph\":[{\"@type\":\"Article\",\"@id\":\"https:\/\/www.africa-press.net\/djibouti\/politique\/rencontres-en-marge-du-sommet#article\",\"isPartOf\":{\"@id\":\"https:\/\/www.africa-press.net\/djibouti\/politique\/rencontres-en-marge-du-sommet\"},\"author\":{\"name\":\"cfeditorfr\",\"@id\":\"https:\/\/www.africa-press.net\/djibouti\/#\/schema\/person\/2b1cf3cd81a31e3cd26889ca66d677f1\"},\"headline\":\"Rencontres en marge du sommet\",\"datePublished\":\"2023-09-20T18:21:27+00:00\",\"dateModified\":\"2023-09-20T18:46:18+00:00\",\"mainEntityOfPage\":{\"@id\":\"https:\/\/www.africa-press.net\/djibouti\/politique\/rencontres-en-marge-du-sommet\"},\"wordCount\":419,\"commentCount\":0,\"image\":{\"@id\":\"https:\/\/www.africa-press.net\/djibouti\/politique\/rencontres-en-marge-du-sommet#primaryimage\"},\"thumbnailUrl\":\"https:\/\/static.africa-press.net\/djibouti\/sites\/52\/2023\/09\/sm_1695222943.135717.jpg\",\"keywords\":[\"Africa Press\",\"Africa Press-Djibouti\",\"Djibouti\"],\"articleSection\":[\"Politique\",\"Toutes les actualit\u00e9s\"],\"inLanguage\":\"fr-FR\",\"potentialAction\":[{\"@type\":\"CommentAction\",\"name\":\"Comment\",\"target\":[\"https:\/\/www.africa-press.net\/djibouti\/politique\/rencontres-en-marge-du-sommet#respond\"]}]},{\"@type\":\"WebPage\",\"@id\":\"https:\/\/www.africa-press.net\/djibouti\/politique\/rencontres-en-marge-du-sommet\",\"url\":\"https:\/\/www.africa-press.net\/djibouti\/politique\/rencontres-en-marge-du-sommet\",\"name\":\"Rencontres en marge du sommet - Djibouti\",\"isPartOf\":{\"@id\":\"https:\/\/www.africa-press.net\/djibouti\/#website\"},\"primaryImageOfPage\":{\"@id\":\"https:\/\/www.africa-press.net\/djibouti\/politique\/rencontres-en-marge-du-sommet#primaryimage\"},\"image\":{\"@id\":\"https:\/\/www.africa-press.net\/djibouti\/politique\/rencontres-en-marge-du-sommet#primaryimage\"},\"thumbnailUrl\":\"https:\/\/static.africa-press.net\/djibouti\/sites\/52\/2023\/09\/sm_1695222943.135717.jpg\",\"datePublished\":\"2023-09-20T18:21:27+00:00\",\"dateModified\":\"2023-09-20T18:46:18+00:00\",\"author\":{\"@id\":\"https:\/\/www.africa-press.net\/djibouti\/#\/schema\/person\/2b1cf3cd81a31e3cd26889ca66d677f1\"},\"description\":\"En marge du sommet, le premier ministre Abdoulkader Kamil Mohamed a rencontre\u0301, dans l\u2019apre\u0300s-midi, M. Yvan Gil Pinto, m ...\",\"breadcrumb\":{\"@id\":\"https:\/\/www.africa-press.net\/djibouti\/politique\/rencontres-en-marge-du-sommet#breadcrumb\"},\"inLanguage\":\"fr-FR\",\"potentialAction\":[{\"@type\":\"ReadAction\",\"target\":[\"https:\/\/www.africa-press.net\/djibouti\/politique\/rencontres-en-marge-du-sommet\"]}]},{\"@type\":\"ImageObject\",\"inLanguage\":\"fr-FR\",\"@id\":\"https:\/\/www.africa-press.net\/djibouti\/politique\/rencontres-en-marge-du-sommet#primaryimage\",\"url\":\"https:\/\/static.africa-press.net\/djibouti\/sites\/52\/2023\/09\/sm_1695222943.135717.jpg\",\"contentUrl\":\"https:\/\/static.africa-press.net\/djibouti\/sites\/52\/2023\/09\/sm_1695222943.135717.jpg\",\"width\":720,\"height\":480,\"caption\":\"Rencontres en marge du sommet\"},{\"@type\":\"BreadcrumbList\",\"@id\":\"https:\/\/www.africa-press.net\/djibouti\/politique\/rencontres-en-marge-du-sommet#breadcrumb\",\"itemListElement\":[{\"@type\":\"ListItem\",\"position\":1,\"name\":\"Accueil\",\"item\":\"https:\/\/www.africa-press.net\/djibouti\/\"},{\"@type\":\"ListItem\",\"position\":2,\"name\":\"Rencontres en marge du sommet\"}]},{\"@type\":\"WebSite\",\"@id\":\"https:\/\/www.africa-press.net\/djibouti\/#website\",\"url\":\"https:\/\/www.africa-press.net\/djibouti\/\",\"name\":\"Djibouti\",\"description\":\"Just another Africa News Agency Sites site\",\"potentialAction\":[{\"@type\":\"SearchAction\",\"target\":{\"@type\":\"EntryPoint\",\"urlTemplate\":\"https:\/\/www.africa-press.net\/djibouti\/?s={search_term_string}\"},\"query-input\":{\"@type\":\"PropertyValueSpecification\",\"valueRequired\":true,\"valueName\":\"search_term_string\"}}],\"inLanguage\":\"fr-FR\"},{\"@type\":\"Person\",\"@id\":\"https:\/\/www.africa-press.net\/djibouti\/#\/schema\/person\/2b1cf3cd81a31e3cd26889ca66d677f1\",\"name\":\"cfeditorfr\"}]}<\/script>\n<!-- \/ Yoast SEO Premium plugin. -->","yoast_head_json":{"title":"Rencontres en marge du sommet - Djibouti","description":"En marge du sommet, le premier ministre Abdoulkader Kamil Mohamed a rencontre\u0301, dans l\u2019apre\u0300s-midi, M. Yvan Gil Pinto, m ...","robots":{"index":"index","follow":"follow","max-snippet":"max-snippet:-1","max-image-preview":"max-image-preview:large","max-video-preview":"max-video-preview:-1"},"canonical":"https:\/\/www.africa-press.net\/djibouti\/politique\/rencontres-en-marge-du-sommet","og_locale":"fr_FR","og_type":"article","og_title":"Rencontres en marge du sommet","og_description":"En marge du sommet, le premier ministre Abdoulkader Kamil Mohamed a rencontre\u0301, dans l\u2019apre\u0300s-midi, M. Yvan Gil Pinto, m ...","og_url":"https:\/\/www.africa-press.net\/djibouti\/politique\/rencontres-en-marge-du-sommet","og_site_name":"Djibouti","article_published_time":"2023-09-20T18:21:27+00:00","article_modified_time":"2023-09-20T18:46:18+00:00","og_image":[{"width":720,"height":480,"url":"https:\/\/static.africa-press.net\/djibouti\/sites\/52\/2023\/09\/sm_1695222943.135717.jpg","type":"image\/jpeg"}],"author":"cfeditorfr","twitter_card":"summary_large_image","twitter_misc":{"\u00c9crit par":"cfeditorfr","Dur\u00e9e de lecture estim\u00e9e":"2 minutes"},"schema":{"@context":"https:\/\/schema.org","@graph":[{"@type":"Article","@id":"https:\/\/www.africa-press.net\/djibouti\/politique\/rencontres-en-marge-du-sommet#article","isPartOf":{"@id":"https:\/\/www.africa-press.net\/djibouti\/politique\/rencontres-en-marge-du-sommet"},"author":{"name":"cfeditorfr","@id":"https:\/\/www.africa-press.net\/djibouti\/#\/schema\/person\/2b1cf3cd81a31e3cd26889ca66d677f1"},"headline":"Rencontres en marge du sommet","datePublished":"2023-09-20T18:21:27+00:00","dateModified":"2023-09-20T18:46:18+00:00","mainEntityOfPage":{"@id":"https:\/\/www.africa-press.net\/djibouti\/politique\/rencontres-en-marge-du-sommet"},"wordCount":419,"commentCount":0,"image":{"@id":"https:\/\/www.africa-press.net\/djibouti\/politique\/rencontres-en-marge-du-sommet#primaryimage"},"thumbnailUrl":"https:\/\/static.africa-press.net\/djibouti\/sites\/52\/2023\/09\/sm_1695222943.135717.jpg","keywords":["Africa Press","Africa Press-Djibouti","Djibouti"],"articleSection":["Politique","Toutes les actualit\u00e9s"],"inLanguage":"fr-FR","potentialAction":[{"@type":"CommentAction","name":"Comment","target":["https:\/\/www.africa-press.net\/djibouti\/politique\/rencontres-en-marge-du-sommet#respond"]}]},{"@type":"WebPage","@id":"https:\/\/www.africa-press.net\/djibouti\/politique\/rencontres-en-marge-du-sommet","url":"https:\/\/www.africa-press.net\/djibouti\/politique\/rencontres-en-marge-du-sommet","name":"Rencontres en marge du sommet - Djibouti","isPartOf":{"@id":"https:\/\/www.africa-press.net\/djibouti\/#website"},"primaryImageOfPage":{"@id":"https:\/\/www.africa-press.net\/djibouti\/politique\/rencontres-en-marge-du-sommet#primaryimage"},"image":{"@id":"https:\/\/www.africa-press.net\/djibouti\/politique\/rencontres-en-marge-du-sommet#primaryimage"},"thumbnailUrl":"https:\/\/static.africa-press.net\/djibouti\/sites\/52\/2023\/09\/sm_1695222943.135717.jpg","datePublished":"2023-09-20T18:21:27+00:00","dateModified":"2023-09-20T18:46:18+00:00","author":{"@id":"https:\/\/www.africa-press.net\/djibouti\/#\/schema\/person\/2b1cf3cd81a31e3cd26889ca66d677f1"},"description":"En marge du sommet, le premier ministre Abdoulkader Kamil Mohamed a rencontre\u0301, dans l\u2019apre\u0300s-midi, M. Yvan Gil Pinto, m ...","breadcrumb":{"@id":"https:\/\/www.africa-press.net\/djibouti\/politique\/rencontres-en-marge-du-sommet#breadcrumb"},"inLanguage":"fr-FR","potentialAction":[{"@type":"ReadAction","target":["https:\/\/www.africa-press.net\/djibouti\/politique\/rencontres-en-marge-du-sommet"]}]},{"@type":"ImageObject","inLanguage":"fr-FR","@id":"https:\/\/www.africa-press.net\/djibouti\/politique\/rencontres-en-marge-du-sommet#primaryimage","url":"https:\/\/static.africa-press.net\/djibouti\/sites\/52\/2023\/09\/sm_1695222943.135717.jpg","contentUrl":"https:\/\/static.africa-press.net\/djibouti\/sites\/52\/2023\/09\/sm_1695222943.135717.jpg","width":720,"height":480,"caption":"Rencontres en marge du sommet"},{"@type":"BreadcrumbList","@id":"https:\/\/www.africa-press.net\/djibouti\/politique\/rencontres-en-marge-du-sommet#breadcrumb","itemListElement":[{"@type":"ListItem","position":1,"name":"Accueil","item":"https:\/\/www.africa-press.net\/djibouti\/"},{"@type":"ListItem","position":2,"name":"Rencontres en marge du sommet"}]},{"@type":"WebSite","@id":"https:\/\/www.africa-press.net\/djibouti\/#website","url":"https:\/\/www.africa-press.net\/djibouti\/","name":"Djibouti","description":"Just another Africa News Agency Sites site","potentialAction":[{"@type":"SearchAction","target":{"@type":"EntryPoint","urlTemplate":"https:\/\/www.africa-press.net\/djibouti\/?s={search_term_string}"},"query-input":{"@type":"PropertyValueSpecification","valueRequired":true,"valueName":"search_term_string"}}],"inLanguage":"fr-FR"},{"@type":"Person","@id":"https:\/\/www.africa-press.net\/djibouti\/#\/schema\/person\/2b1cf3cd81a31e3cd26889ca66d677f1","name":"cfeditorfr"}]}},"_links":{"self":[{"href":"https:\/\/www.africa-press.net\/djibouti\/wp-json\/wp\/v2\/posts\/18135","targetHints":{"allow":["GET"]}}],"collection":[{"href":"https:\/\/www.africa-press.net\/djibouti\/wp-json\/wp\/v2\/posts"}],"about":[{"href":"https:\/\/www.africa-press.net\/djibouti\/wp-json\/wp\/v2\/types\/post"}],"author":[{"embeddable":true,"href":"https:\/\/www.africa-press.net\/djibouti\/wp-json\/wp\/v2\/users\/82"}],"replies":[{"embeddable":true,"href":"https:\/\/www.africa-press.net\/djibouti\/wp-json\/wp\/v2\/comments?post=18135"}],"version-history":[{"count":0,"href":"https:\/\/www.africa-press.net\/djibouti\/wp-json\/wp\/v2\/posts\/18135\/revisions"}],"wp:featuredmedia":[{"embeddable":true,"href":"https:\/\/www.africa-press.net\/djibouti\/wp-json\/wp\/v2\/media\/18133"}],"wp:attachment":[{"href":"https:\/\/www.africa-press.net\/djibouti\/wp-json\/wp\/v2\/media?parent=18135"}],"wp:term":[{"taxonomy":"category","embeddable":true,"href":"https:\/\/www.africa-press.net\/djibouti\/wp-json\/wp\/v2\/categories?post=18135"},{"taxonomy":"post_tag","embeddable":true,"href":"https:\/\/www.africa-press.net\/djibouti\/wp-json\/wp\/v2\/tags?post=18135"}],"curies":[{"name":"wp","href":"https:\/\/api.w.org\/{rel}","templated":true}]}}