{"id":18140,"date":"2023-09-20T18:21:59","date_gmt":"2023-09-20T18:21:59","guid":{"rendered":"https:\/\/www.africa-press.net\/djibouti\/politique\/rencontre-du-premier-ministre-abdoulkader-kamil-mohamed-avec-le-chef-du-departement-des-relations-exterieures-du-pcc"},"modified":"2023-09-20T18:47:10","modified_gmt":"2023-09-20T18:47:10","slug":"rencontre-du-premier-ministre-abdoulkader-kamil-mohamed-avec-le-chef-du-departement-des-relations-exterieures-du-pcc","status":"publish","type":"post","link":"https:\/\/www.africa-press.net\/djibouti\/politique\/rencontre-du-premier-ministre-abdoulkader-kamil-mohamed-avec-le-chef-du-departement-des-relations-exterieures-du-pcc","title":{"rendered":"Rencontre du Premier ministre Abdoulkader Kamil Mohamed avec le chef du d\u00e9partement des relations ext\u00e9rieures du PCC"},"content":{"rendered":"<p><span style=\"color: #ff6600\"><strong>Africa-Press &#8211; Djibouti. <\/strong><\/span>Dans le cadre de sa visite officielle a\u0300 Cuba, le Premier ministre Abdoulkader Kamil Mohamed, accompagne\u0301 de sa de\u0301le\u0301gation, a rencontre\u0301, dans la matine\u0301e du mercredi 13 septembre le chef du De\u0301partement des Relations Exte\u0301rieures du Parti Communiste de Cuba (PCC), M.Emilio Ratmir Lozada Garcia. Les deux responsables ont convenu d\u2019insuffler une nouvelle dynamique a\u0300 la coope\u0301ration politique entre Djibouti et Cuba, a\u0300 travers la signature d\u2019un Me\u0301morandum d\u2019entente de coope\u0301ration entre les deux partis au pouvoir que sont le RPP et le PCC.<\/p>\n<p>De son co\u0302te\u0301, le chef du De\u0301partementdes Relations Exte\u0301rieures du PCC a souligne\u0301 la ne\u0301cessite\u0301 de mettre en place un me\u0301canisme qui consiste a\u0300 faciliter l\u2019e\u0301change d\u2019expe\u0301riences et d\u2019informations entre le PCC et le RPP a\u0300 travers la signature d\u2019un Accord de coope\u0301ration qui fera l\u2019objet de discussions entre les deux parties.<\/p>\n<p>Il a e\u0301galement fait savoir la disponibilite\u0301 du PCC a\u0300 soutenir les efforts du RPP consentis pour faire avancer Djibouti vers le progre\u0300s, la prospe\u0301rite\u0301 et son e\u0301mergence sur la sce\u0300ne re\u0301gionale et internationale. Il a invite\u0301 Djibouti a\u0300 participer en qualite\u0301 d\u2019observateur au prochain Forum de Sao Paulo qui regroupe les partis politiques au pouvoir des pays de l\u2019Ame\u0301rique latine, centrale et des Carai\u0308bes ainsi que certains pays africains dont l\u2019Afrique du Sud (ANC) et l\u2019Angola.<\/p>\n<p>Le Chef du De\u0301partement du PCC a saisi l\u2019occasion pour rappeler l\u2019excellence des relations historiques qu\u2019entretiennent la Re\u0301publique de Cuba et les pays africains dont Djibouti, des relations base\u0301es sur le respect mutuel, la compre\u0301hension, la solidarite\u0301 ainsi que le respect de la souverainete\u0301 et de l\u2019inte\u0301grite\u0301 territoriale. Il a souligne\u0301 le soutien apporte\u0301 par Cuba a\u0300 un bon nombre de pays africains dans leur lutte pour l\u2019inde\u0301pendance et l\u2019e\u0301mancipation des peuples.<\/p>\n<p>Le Premier Ministre AbdoulkaderKamil Mohameda profite\u0301 de cette occasion pour remercier le Gouvernement de Cuba pour avoir soutenu le Gouvernement de Djibouti dans plusieurs secteurs, principalement la sante\u0301.<\/p>\n<p>Il a pris note de ces e\u0301changes enrichissants qui sont de nature a\u0300 faire progresser les ide\u0301aux de\u0301veloppe\u0301s par le RPP et s\u2019est re\u0301joui de la disposition de la partie cubaine a\u0300 partager ses expe\u0301riences en matie\u0300re de politique de gouvernance, de gestion des affaires politiques. Il a e\u0301galement donne\u0301 son avis favorable a\u0300 la participation du RPP a\u0300 ce Forum et de ce fait, a de\u0301le\u0301gue\u0301 l\u2019ambassadeur de Djibouti a\u0300 Cuba pour repre\u0301senter le RPP a\u0300 ce forum pre\u0301vu a\u0300 Sao Paulo.<\/p>\n\r\n                <style type=\"text\/css\">\r\n                    \r\n                    #td_uid_1_69f149e8dca90  .td-doubleSlider-2 .td-item1 {\r\n                        background: url(https:\/\/static.africa-press.net\/djibouti\/sites\/52\/2023\/09\/sm_1695222969.862554-80x60.jpg) 0 0 no-repeat;\r\n                    }\r\n                    #td_uid_1_69f149e8dca90  .td-doubleSlider-2 .td-item2 {\r\n                        background: url(https:\/\/static.africa-press.net\/djibouti\/sites\/52\/2023\/09\/sm_1695222985.375704-80x60.jpg) 0 0 no-repeat;\r\n                    }\r\n                <\/style>\r\n\r\n                <div id=\"td_uid_1_69f149e8dca90\" class=\"td-gallery td-slide-on-2-columns\">\r\n                    <div class=\"post_td_gallery\">\r\n                        <div class=\"td-gallery-slide-top\">\r\n                           <div class=\"td-gallery-title\"><\/div>\r\n\r\n                            <div class=\"td-gallery-controls-wrapper\">\r\n                                <div class=\"td-gallery-slide-count\"><span class=\"td-gallery-slide-item-focus\">1<\/span> de 2<\/div>\r\n                                <div class=\"td-gallery-slide-prev-next-but\">\r\n                                    <i class = \"td-icon-left doubleSliderPrevButton\"><\/i>\r\n                                    <i class = \"td-icon-right doubleSliderNextButton\"><\/i>\r\n                                <\/div>\r\n                            <\/div>\r\n                        <\/div>\r\n\r\n                        <div class = \"td-doubleSlider-1 \">\r\n                            <div class = \"td-slider\">\r\n                                \r\n                    <div class = \"td-slide-item td-item1\">\r\n                        <figure class=\"td-slide-galery-figure td-slide-popup-gallery\">\r\n                            <a class=\"slide-gallery-image-link\" href=\"https:\/\/static.africa-press.net\/djibouti\/sites\/52\/2023\/09\/sm_1695222969.862554.jpg\" title=\"sm_1695222969.862554\"  data-caption=\"\"  data-description=\"\">\r\n                                <img decoding=\"async\" src=\"https:\/\/static.africa-press.net\/djibouti\/sites\/52\/2023\/09\/sm_1695222969.862554.jpg\" srcset=\"https:\/\/static.africa-press.net\/djibouti\/sites\/52\/2023\/09\/sm_1695222969.862554.jpg 1024w, https:\/\/static.africa-press.net\/djibouti\/sites\/52\/2023\/09\/sm_1695222969.862554-300x169.jpg 300w, https:\/\/static.africa-press.net\/djibouti\/sites\/52\/2023\/09\/sm_1695222969.862554-768x432.jpg 768w\" sizes=\"(max-width: 1024px) 100vw, 1024px\" alt=\"\">\r\n                            <\/a>\r\n                            \r\n                        <\/figure>\r\n                    <\/div>\r\n                    <div class = \"td-slide-item td-item2\">\r\n                        <figure class=\"td-slide-galery-figure td-slide-popup-gallery\">\r\n                            <a class=\"slide-gallery-image-link\" href=\"https:\/\/static.africa-press.net\/djibouti\/sites\/52\/2023\/09\/sm_1695222985.375704.jpg\" title=\"sm_1695222985.375704\"  data-caption=\"\"  data-description=\"\">\r\n                                <img decoding=\"async\" src=\"https:\/\/static.africa-press.net\/djibouti\/sites\/52\/2023\/09\/sm_1695222985.375704.jpg\" srcset=\"https:\/\/static.africa-press.net\/djibouti\/sites\/52\/2023\/09\/sm_1695222985.375704.jpg 696w, https:\/\/static.africa-press.net\/djibouti\/sites\/52\/2023\/09\/sm_1695222985.375704-300x169.jpg 300w\" sizes=\"(max-width: 696px) 100vw, 696px\" alt=\"\">\r\n                            <\/a>\r\n                            \r\n                        <\/figure>\r\n                    <\/div>\r\n                            <\/div>\r\n                        <\/div>\r\n\r\n                        <div class = \"td-doubleSlider-2\">\r\n                            <div class = \"td-slider\">\r\n                                \r\n                    <div class = \"td-button td-item1\">\r\n                        <div class = \"td-border\"><\/div>\r\n                    <\/div>\r\n                    <div class = \"td-button td-item2\">\r\n                        <div class = \"td-border\"><\/div>\r\n                    <\/div>\r\n                            <\/div>\r\n                        <\/div>\r\n\r\n                    <\/div>\r\n\r\n                <\/div>\r\n                \n<p><strong>Pour plus d&rsquo;informations et d&rsquo;analyses sur la <a href=\"https:\/\/www.africa-press.net\/djibouti\">Djibouti<\/a>, suivez <a href=\"https:\/\/www.africa-press.net\/\">Africa-Press<\/a><\/strong><\/p>\n","protected":false},"excerpt":{"rendered":"<p>Africa-Press &#8211; Djibouti. Dans le cadre de sa visite officielle a\u0300 Cuba, le Premier ministre Abdoulkader Kamil Mohamed, accompagne\u0301 de sa de\u0301le\u0301gation, a rencontre\u0301, dans la matine\u0301e du mercredi 13 septembre le chef du De\u0301partement des Relations Exte\u0301rieures du Parti Communiste de Cuba (PCC), M.Emilio Ratmir Lozada Garcia. Les deux responsables ont convenu d\u2019insuffler une [&hellip;]<\/p>\n","protected":false},"author":82,"featured_media":18139,"comment_status":"open","ping_status":"closed","sticky":false,"template":"","format":"standard","meta":{"footnotes":""},"categories":[8,2,20,10],"tags":[36,49,50],"class_list":["post-18140","post","type-post","status-publish","format-standard","has-post-thumbnail","hentry","category-photo","category-politique","category-top-nouvelles","category-toutes-les-actualites","tag-africa-press","tag-africa-press-djibouti","tag-djibouti"],"yoast_head":"<!-- This site is optimized with the Yoast SEO Premium plugin v26.1 (Yoast SEO v27.0) - https:\/\/yoast.com\/product\/yoast-seo-premium-wordpress\/ -->\n<title>Rencontre du Premier ministre Abdoulkader Kamil Mohamed avec le chef du d\u00e9partement des relations ext\u00e9rieures du PCC - Djibouti<\/title>\n<meta name=\"description\" content=\"Dans le cadre de sa visite officielle a\u0300 Cuba, le Premier ministre Abdoulkader Kamil Mohamed, accompagne\u0301 de sa de\u0301le\u0301ga ...\" \/>\n<meta name=\"robots\" content=\"index, follow, max-snippet:-1, max-image-preview:large, max-video-preview:-1\" \/>\n<link rel=\"canonical\" href=\"https:\/\/www.africa-press.net\/djibouti\/politique\/rencontre-du-premier-ministre-abdoulkader-kamil-mohamed-avec-le-chef-du-departement-des-relations-exterieures-du-pcc\" \/>\n<meta property=\"og:locale\" content=\"fr_FR\" \/>\n<meta property=\"og:type\" content=\"article\" \/>\n<meta property=\"og:title\" content=\"Rencontre du Premier ministre Abdoulkader Kamil Mohamed avec le chef du d\u00e9partement des relations ext\u00e9rieures du PCC\" \/>\n<meta property=\"og:description\" content=\"Dans le cadre de sa visite officielle a\u0300 Cuba, le Premier ministre Abdoulkader Kamil Mohamed, accompagne\u0301 de sa de\u0301le\u0301ga ...\" \/>\n<meta property=\"og:url\" content=\"https:\/\/www.africa-press.net\/djibouti\/politique\/rencontre-du-premier-ministre-abdoulkader-kamil-mohamed-avec-le-chef-du-departement-des-relations-exterieures-du-pcc\" \/>\n<meta property=\"og:site_name\" content=\"Djibouti\" \/>\n<meta property=\"article:published_time\" content=\"2023-09-20T18:21:59+00:00\" \/>\n<meta property=\"article:modified_time\" content=\"2023-09-20T18:47:10+00:00\" \/>\n<meta property=\"og:image\" content=\"https:\/\/static.africa-press.net\/djibouti\/sites\/52\/2023\/09\/sm_1695222997.386398.jpg\" \/>\n\t<meta property=\"og:image:width\" content=\"720\" \/>\n\t<meta property=\"og:image:height\" content=\"405\" \/>\n\t<meta property=\"og:image:type\" content=\"image\/jpeg\" \/>\n<meta name=\"author\" content=\"cfeditorfr\" \/>\n<meta name=\"twitter:card\" content=\"summary_large_image\" \/>\n<meta name=\"twitter:label1\" content=\"\u00c9crit par\" \/>\n\t<meta name=\"twitter:data1\" content=\"cfeditorfr\" \/>\n\t<meta name=\"twitter:label2\" content=\"Dur\u00e9e de lecture estim\u00e9e\" \/>\n\t<meta name=\"twitter:data2\" content=\"3 minutes\" \/>\n<script type=\"application\/ld+json\" class=\"yoast-schema-graph\">{\"@context\":\"https:\/\/schema.org\",\"@graph\":[{\"@type\":\"Article\",\"@id\":\"https:\/\/www.africa-press.net\/djibouti\/politique\/rencontre-du-premier-ministre-abdoulkader-kamil-mohamed-avec-le-chef-du-departement-des-relations-exterieures-du-pcc#article\",\"isPartOf\":{\"@id\":\"https:\/\/www.africa-press.net\/djibouti\/politique\/rencontre-du-premier-ministre-abdoulkader-kamil-mohamed-avec-le-chef-du-departement-des-relations-exterieures-du-pcc\"},\"author\":{\"name\":\"cfeditorfr\",\"@id\":\"https:\/\/www.africa-press.net\/djibouti\/#\/schema\/person\/2b1cf3cd81a31e3cd26889ca66d677f1\"},\"headline\":\"Rencontre du Premier ministre Abdoulkader Kamil Mohamed avec le chef du d\u00e9partement des relations ext\u00e9rieures du PCC\",\"datePublished\":\"2023-09-20T18:21:59+00:00\",\"dateModified\":\"2023-09-20T18:47:10+00:00\",\"mainEntityOfPage\":{\"@id\":\"https:\/\/www.africa-press.net\/djibouti\/politique\/rencontre-du-premier-ministre-abdoulkader-kamil-mohamed-avec-le-chef-du-departement-des-relations-exterieures-du-pcc\"},\"wordCount\":503,\"commentCount\":0,\"image\":{\"@id\":\"https:\/\/www.africa-press.net\/djibouti\/politique\/rencontre-du-premier-ministre-abdoulkader-kamil-mohamed-avec-le-chef-du-departement-des-relations-exterieures-du-pcc#primaryimage\"},\"thumbnailUrl\":\"https:\/\/static.africa-press.net\/djibouti\/sites\/52\/2023\/09\/sm_1695222997.386398.jpg\",\"keywords\":[\"Africa Press\",\"Africa Press-Djibouti\",\"Djibouti\"],\"articleSection\":[\"Photo\",\"Politique\",\"Top Nouvelles\",\"Toutes les actualit\u00e9s\"],\"inLanguage\":\"fr-FR\",\"potentialAction\":[{\"@type\":\"CommentAction\",\"name\":\"Comment\",\"target\":[\"https:\/\/www.africa-press.net\/djibouti\/politique\/rencontre-du-premier-ministre-abdoulkader-kamil-mohamed-avec-le-chef-du-departement-des-relations-exterieures-du-pcc#respond\"]}]},{\"@type\":\"WebPage\",\"@id\":\"https:\/\/www.africa-press.net\/djibouti\/politique\/rencontre-du-premier-ministre-abdoulkader-kamil-mohamed-avec-le-chef-du-departement-des-relations-exterieures-du-pcc\",\"url\":\"https:\/\/www.africa-press.net\/djibouti\/politique\/rencontre-du-premier-ministre-abdoulkader-kamil-mohamed-avec-le-chef-du-departement-des-relations-exterieures-du-pcc\",\"name\":\"Rencontre du Premier ministre Abdoulkader Kamil Mohamed avec le chef du d\u00e9partement des relations ext\u00e9rieures du PCC - Djibouti\",\"isPartOf\":{\"@id\":\"https:\/\/www.africa-press.net\/djibouti\/#website\"},\"primaryImageOfPage\":{\"@id\":\"https:\/\/www.africa-press.net\/djibouti\/politique\/rencontre-du-premier-ministre-abdoulkader-kamil-mohamed-avec-le-chef-du-departement-des-relations-exterieures-du-pcc#primaryimage\"},\"image\":{\"@id\":\"https:\/\/www.africa-press.net\/djibouti\/politique\/rencontre-du-premier-ministre-abdoulkader-kamil-mohamed-avec-le-chef-du-departement-des-relations-exterieures-du-pcc#primaryimage\"},\"thumbnailUrl\":\"https:\/\/static.africa-press.net\/djibouti\/sites\/52\/2023\/09\/sm_1695222997.386398.jpg\",\"datePublished\":\"2023-09-20T18:21:59+00:00\",\"dateModified\":\"2023-09-20T18:47:10+00:00\",\"author\":{\"@id\":\"https:\/\/www.africa-press.net\/djibouti\/#\/schema\/person\/2b1cf3cd81a31e3cd26889ca66d677f1\"},\"description\":\"Dans le cadre de sa visite officielle a\u0300 Cuba, le Premier ministre Abdoulkader Kamil Mohamed, accompagne\u0301 de sa de\u0301le\u0301ga ...\",\"breadcrumb\":{\"@id\":\"https:\/\/www.africa-press.net\/djibouti\/politique\/rencontre-du-premier-ministre-abdoulkader-kamil-mohamed-avec-le-chef-du-departement-des-relations-exterieures-du-pcc#breadcrumb\"},\"inLanguage\":\"fr-FR\",\"potentialAction\":[{\"@type\":\"ReadAction\",\"target\":[\"https:\/\/www.africa-press.net\/djibouti\/politique\/rencontre-du-premier-ministre-abdoulkader-kamil-mohamed-avec-le-chef-du-departement-des-relations-exterieures-du-pcc\"]}]},{\"@type\":\"ImageObject\",\"inLanguage\":\"fr-FR\",\"@id\":\"https:\/\/www.africa-press.net\/djibouti\/politique\/rencontre-du-premier-ministre-abdoulkader-kamil-mohamed-avec-le-chef-du-departement-des-relations-exterieures-du-pcc#primaryimage\",\"url\":\"https:\/\/static.africa-press.net\/djibouti\/sites\/52\/2023\/09\/sm_1695222997.386398.jpg\",\"contentUrl\":\"https:\/\/static.africa-press.net\/djibouti\/sites\/52\/2023\/09\/sm_1695222997.386398.jpg\",\"width\":720,\"height\":405,\"caption\":\"Rencontre du Premier ministre Abdoulkader Kamil Mohamed avec le chef du d\u00e9partement des relations ext\u00e9rieures du PCC\"},{\"@type\":\"BreadcrumbList\",\"@id\":\"https:\/\/www.africa-press.net\/djibouti\/politique\/rencontre-du-premier-ministre-abdoulkader-kamil-mohamed-avec-le-chef-du-departement-des-relations-exterieures-du-pcc#breadcrumb\",\"itemListElement\":[{\"@type\":\"ListItem\",\"position\":1,\"name\":\"Accueil\",\"item\":\"https:\/\/www.africa-press.net\/djibouti\/\"},{\"@type\":\"ListItem\",\"position\":2,\"name\":\"Rencontre du Premier ministre Abdoulkader Kamil Mohamed avec le chef du d\u00e9partement des relations ext\u00e9rieures du PCC\"}]},{\"@type\":\"WebSite\",\"@id\":\"https:\/\/www.africa-press.net\/djibouti\/#website\",\"url\":\"https:\/\/www.africa-press.net\/djibouti\/\",\"name\":\"Djibouti\",\"description\":\"Just another Africa News Agency Sites site\",\"potentialAction\":[{\"@type\":\"SearchAction\",\"target\":{\"@type\":\"EntryPoint\",\"urlTemplate\":\"https:\/\/www.africa-press.net\/djibouti\/?s={search_term_string}\"},\"query-input\":{\"@type\":\"PropertyValueSpecification\",\"valueRequired\":true,\"valueName\":\"search_term_string\"}}],\"inLanguage\":\"fr-FR\"},{\"@type\":\"Person\",\"@id\":\"https:\/\/www.africa-press.net\/djibouti\/#\/schema\/person\/2b1cf3cd81a31e3cd26889ca66d677f1\",\"name\":\"cfeditorfr\"}]}<\/script>\n<!-- \/ Yoast SEO Premium plugin. -->","yoast_head_json":{"title":"Rencontre du Premier ministre Abdoulkader Kamil Mohamed avec le chef du d\u00e9partement des relations ext\u00e9rieures du PCC - Djibouti","description":"Dans le cadre de sa visite officielle a\u0300 Cuba, le Premier ministre Abdoulkader Kamil Mohamed, accompagne\u0301 de sa de\u0301le\u0301ga ...","robots":{"index":"index","follow":"follow","max-snippet":"max-snippet:-1","max-image-preview":"max-image-preview:large","max-video-preview":"max-video-preview:-1"},"canonical":"https:\/\/www.africa-press.net\/djibouti\/politique\/rencontre-du-premier-ministre-abdoulkader-kamil-mohamed-avec-le-chef-du-departement-des-relations-exterieures-du-pcc","og_locale":"fr_FR","og_type":"article","og_title":"Rencontre du Premier ministre Abdoulkader Kamil Mohamed avec le chef du d\u00e9partement des relations ext\u00e9rieures du PCC","og_description":"Dans le cadre de sa visite officielle a\u0300 Cuba, le Premier ministre Abdoulkader Kamil Mohamed, accompagne\u0301 de sa de\u0301le\u0301ga ...","og_url":"https:\/\/www.africa-press.net\/djibouti\/politique\/rencontre-du-premier-ministre-abdoulkader-kamil-mohamed-avec-le-chef-du-departement-des-relations-exterieures-du-pcc","og_site_name":"Djibouti","article_published_time":"2023-09-20T18:21:59+00:00","article_modified_time":"2023-09-20T18:47:10+00:00","og_image":[{"width":720,"height":405,"url":"https:\/\/static.africa-press.net\/djibouti\/sites\/52\/2023\/09\/sm_1695222997.386398.jpg","type":"image\/jpeg"}],"author":"cfeditorfr","twitter_card":"summary_large_image","twitter_misc":{"\u00c9crit par":"cfeditorfr","Dur\u00e9e de lecture estim\u00e9e":"3 minutes"},"schema":{"@context":"https:\/\/schema.org","@graph":[{"@type":"Article","@id":"https:\/\/www.africa-press.net\/djibouti\/politique\/rencontre-du-premier-ministre-abdoulkader-kamil-mohamed-avec-le-chef-du-departement-des-relations-exterieures-du-pcc#article","isPartOf":{"@id":"https:\/\/www.africa-press.net\/djibouti\/politique\/rencontre-du-premier-ministre-abdoulkader-kamil-mohamed-avec-le-chef-du-departement-des-relations-exterieures-du-pcc"},"author":{"name":"cfeditorfr","@id":"https:\/\/www.africa-press.net\/djibouti\/#\/schema\/person\/2b1cf3cd81a31e3cd26889ca66d677f1"},"headline":"Rencontre du Premier ministre Abdoulkader Kamil Mohamed avec le chef du d\u00e9partement des relations ext\u00e9rieures du PCC","datePublished":"2023-09-20T18:21:59+00:00","dateModified":"2023-09-20T18:47:10+00:00","mainEntityOfPage":{"@id":"https:\/\/www.africa-press.net\/djibouti\/politique\/rencontre-du-premier-ministre-abdoulkader-kamil-mohamed-avec-le-chef-du-departement-des-relations-exterieures-du-pcc"},"wordCount":503,"commentCount":0,"image":{"@id":"https:\/\/www.africa-press.net\/djibouti\/politique\/rencontre-du-premier-ministre-abdoulkader-kamil-mohamed-avec-le-chef-du-departement-des-relations-exterieures-du-pcc#primaryimage"},"thumbnailUrl":"https:\/\/static.africa-press.net\/djibouti\/sites\/52\/2023\/09\/sm_1695222997.386398.jpg","keywords":["Africa Press","Africa Press-Djibouti","Djibouti"],"articleSection":["Photo","Politique","Top Nouvelles","Toutes les actualit\u00e9s"],"inLanguage":"fr-FR","potentialAction":[{"@type":"CommentAction","name":"Comment","target":["https:\/\/www.africa-press.net\/djibouti\/politique\/rencontre-du-premier-ministre-abdoulkader-kamil-mohamed-avec-le-chef-du-departement-des-relations-exterieures-du-pcc#respond"]}]},{"@type":"WebPage","@id":"https:\/\/www.africa-press.net\/djibouti\/politique\/rencontre-du-premier-ministre-abdoulkader-kamil-mohamed-avec-le-chef-du-departement-des-relations-exterieures-du-pcc","url":"https:\/\/www.africa-press.net\/djibouti\/politique\/rencontre-du-premier-ministre-abdoulkader-kamil-mohamed-avec-le-chef-du-departement-des-relations-exterieures-du-pcc","name":"Rencontre du Premier ministre Abdoulkader Kamil Mohamed avec le chef du d\u00e9partement des relations ext\u00e9rieures du PCC - Djibouti","isPartOf":{"@id":"https:\/\/www.africa-press.net\/djibouti\/#website"},"primaryImageOfPage":{"@id":"https:\/\/www.africa-press.net\/djibouti\/politique\/rencontre-du-premier-ministre-abdoulkader-kamil-mohamed-avec-le-chef-du-departement-des-relations-exterieures-du-pcc#primaryimage"},"image":{"@id":"https:\/\/www.africa-press.net\/djibouti\/politique\/rencontre-du-premier-ministre-abdoulkader-kamil-mohamed-avec-le-chef-du-departement-des-relations-exterieures-du-pcc#primaryimage"},"thumbnailUrl":"https:\/\/static.africa-press.net\/djibouti\/sites\/52\/2023\/09\/sm_1695222997.386398.jpg","datePublished":"2023-09-20T18:21:59+00:00","dateModified":"2023-09-20T18:47:10+00:00","author":{"@id":"https:\/\/www.africa-press.net\/djibouti\/#\/schema\/person\/2b1cf3cd81a31e3cd26889ca66d677f1"},"description":"Dans le cadre de sa visite officielle a\u0300 Cuba, le Premier ministre Abdoulkader Kamil Mohamed, accompagne\u0301 de sa de\u0301le\u0301ga ...","breadcrumb":{"@id":"https:\/\/www.africa-press.net\/djibouti\/politique\/rencontre-du-premier-ministre-abdoulkader-kamil-mohamed-avec-le-chef-du-departement-des-relations-exterieures-du-pcc#breadcrumb"},"inLanguage":"fr-FR","potentialAction":[{"@type":"ReadAction","target":["https:\/\/www.africa-press.net\/djibouti\/politique\/rencontre-du-premier-ministre-abdoulkader-kamil-mohamed-avec-le-chef-du-departement-des-relations-exterieures-du-pcc"]}]},{"@type":"ImageObject","inLanguage":"fr-FR","@id":"https:\/\/www.africa-press.net\/djibouti\/politique\/rencontre-du-premier-ministre-abdoulkader-kamil-mohamed-avec-le-chef-du-departement-des-relations-exterieures-du-pcc#primaryimage","url":"https:\/\/static.africa-press.net\/djibouti\/sites\/52\/2023\/09\/sm_1695222997.386398.jpg","contentUrl":"https:\/\/static.africa-press.net\/djibouti\/sites\/52\/2023\/09\/sm_1695222997.386398.jpg","width":720,"height":405,"caption":"Rencontre du Premier ministre Abdoulkader Kamil Mohamed avec le chef du d\u00e9partement des relations ext\u00e9rieures du PCC"},{"@type":"BreadcrumbList","@id":"https:\/\/www.africa-press.net\/djibouti\/politique\/rencontre-du-premier-ministre-abdoulkader-kamil-mohamed-avec-le-chef-du-departement-des-relations-exterieures-du-pcc#breadcrumb","itemListElement":[{"@type":"ListItem","position":1,"name":"Accueil","item":"https:\/\/www.africa-press.net\/djibouti\/"},{"@type":"ListItem","position":2,"name":"Rencontre du Premier ministre Abdoulkader Kamil Mohamed avec le chef du d\u00e9partement des relations ext\u00e9rieures du PCC"}]},{"@type":"WebSite","@id":"https:\/\/www.africa-press.net\/djibouti\/#website","url":"https:\/\/www.africa-press.net\/djibouti\/","name":"Djibouti","description":"Just another Africa News Agency Sites site","potentialAction":[{"@type":"SearchAction","target":{"@type":"EntryPoint","urlTemplate":"https:\/\/www.africa-press.net\/djibouti\/?s={search_term_string}"},"query-input":{"@type":"PropertyValueSpecification","valueRequired":true,"valueName":"search_term_string"}}],"inLanguage":"fr-FR"},{"@type":"Person","@id":"https:\/\/www.africa-press.net\/djibouti\/#\/schema\/person\/2b1cf3cd81a31e3cd26889ca66d677f1","name":"cfeditorfr"}]}},"_links":{"self":[{"href":"https:\/\/www.africa-press.net\/djibouti\/wp-json\/wp\/v2\/posts\/18140","targetHints":{"allow":["GET"]}}],"collection":[{"href":"https:\/\/www.africa-press.net\/djibouti\/wp-json\/wp\/v2\/posts"}],"about":[{"href":"https:\/\/www.africa-press.net\/djibouti\/wp-json\/wp\/v2\/types\/post"}],"author":[{"embeddable":true,"href":"https:\/\/www.africa-press.net\/djibouti\/wp-json\/wp\/v2\/users\/82"}],"replies":[{"embeddable":true,"href":"https:\/\/www.africa-press.net\/djibouti\/wp-json\/wp\/v2\/comments?post=18140"}],"version-history":[{"count":0,"href":"https:\/\/www.africa-press.net\/djibouti\/wp-json\/wp\/v2\/posts\/18140\/revisions"}],"wp:featuredmedia":[{"embeddable":true,"href":"https:\/\/www.africa-press.net\/djibouti\/wp-json\/wp\/v2\/media\/18139"}],"wp:attachment":[{"href":"https:\/\/www.africa-press.net\/djibouti\/wp-json\/wp\/v2\/media?parent=18140"}],"wp:term":[{"taxonomy":"category","embeddable":true,"href":"https:\/\/www.africa-press.net\/djibouti\/wp-json\/wp\/v2\/categories?post=18140"},{"taxonomy":"post_tag","embeddable":true,"href":"https:\/\/www.africa-press.net\/djibouti\/wp-json\/wp\/v2\/tags?post=18140"}],"curies":[{"name":"wp","href":"https:\/\/api.w.org\/{rel}","templated":true}]}}