{"id":18146,"date":"2023-09-21T09:19:55","date_gmt":"2023-09-21T09:19:55","guid":{"rendered":"https:\/\/www.africa-press.net\/djibouti\/politique\/les-pays-riches-ne-respectent-pas-leur-engagement-envers-lafrique-selon-le-president-sud-africain"},"modified":"2023-09-21T09:50:43","modified_gmt":"2023-09-21T09:50:43","slug":"les-pays-riches-ne-respectent-pas-leur-engagement-envers-lafrique-selon-le-president-sud-africain","status":"publish","type":"post","link":"https:\/\/www.africa-press.net\/djibouti\/economie\/les-pays-riches-ne-respectent-pas-leur-engagement-envers-lafrique-selon-le-president-sud-africain","title":{"rendered":"Les pays riches ne respectent pas leur engagement envers l&rsquo;Afrique, selon le Pr\u00e9sident sud-africain"},"content":{"rendered":"<p><span style=\"color: #ff6600\"><strong>Africa-Press &#8211; Djibouti. <\/strong><\/span>L\u2019Afrique est victime du non-respect de leurs obligations de la part des pays riches, c\u2019est pourquoi les institutions financie\u0300res doivent e\u0302tre re\u0301forme\u0301es, estime le Pre\u0301sident sud-africain. De plus, la dette des pays pauvres est aussi a\u0300 re\u0301viser, car elle repose sur des \u00ab\u00a0e\u0301valuations subjectives\u00a0\u00bb et non pas sur des \u00ab\u00a0indices e\u0301conomiques fondamentaux\u00a0\u00bb.<\/p>\n<p>Les engagements pris par la communaute\u0301 internationale pour promouvoir le progre\u0300s des pays en de\u0301veloppement, y compris les pays africains, n&rsquo;ont pas e\u0301te\u0301 respecte\u0301s, a de\u0301clare\u0301 ce 20 septembre Cyril Ramaphosa, le Pre\u0301sident sud-africain.<\/p>\n<p>Une situation qui met a\u0300 l&rsquo;ordre du jour la ne\u0301cessite\u0301 de re\u0301former le syste\u0300me actuel des organisations financie\u0300res internationales, a-t-il annonce\u0301 lors de la 78e session de l&rsquo;Assemble\u0301e ge\u0301ne\u0301rale des Nations unies.<\/p>\n<p>\u00ab\u00a0L&rsquo;Agenda 2030 pour le de\u0301veloppement durable adopte\u0301 en 2015 reposait sur le principe selon lequel les personnes les plus vulne\u0301rables du monde recevraient le soutien dont elles ont besoin [&#8230;]. Cependant, lorsque la solidarite\u0301 e\u0301tait la plus ne\u0301cessaire, les engagements internationaux convenus n&rsquo;ont pas e\u0301te\u0301 honore\u0301s\u00a0\u00bb, a-t-il reproche\u0301 durant les discussions sur le financement du de\u0301veloppement.<\/p>\n<p>Selon le chef d\u2019E\u0301tat sud-africain, ce manquement aux engagements de soutien au de\u0301veloppement creuse le fosse\u0301 entre le Nord et le Sud. Les e\u0301conomies avance\u0301es sont en effet cense\u0301es consacrer au moins 0,7% de leur PIB a\u0300 l&rsquo;aide au de\u0301veloppement.<\/p>\n<p><b>Une re\u0301forme des institutions financie\u0300res internationales<\/b><\/p>\n<p>Pour relever le de\u0301fi du de\u0301veloppement, il faut re\u0301former l&rsquo;ensemble de l&rsquo;architecture financie\u0300re internationale existante, insiste le dirigeant sud-africain.<\/p>\n<p>\u00ab\u00a0Les e\u0301conomies e\u0301mergentes doivent participer sur un pied d&rsquo;e\u0301galite\u0301 a\u0300 la prise de de\u0301cision sur les questions cle\u0301s de l&rsquo;e\u0301conomie mondiale\u00a0\u00bb, a-t-il de\u0301clare\u0301.<\/p>\n<p>Pour lui, les mandats des banques multinationales de de\u0301veloppement devraient e\u0302tre re\u0301vise\u0301s afin de mieux re\u0301pondre aux besoins des pays en de\u0301veloppement.<\/p>\n<p>Dans ce contexte, ces banques de de\u0301veloppement devraient soutenir des projets et des programmes conformes aux priorite\u0301s des diffe\u0301rents pays. Le syste\u0300me fiscal international devrait refle\u0301ter la diversite\u0301 des besoins et des capacite\u0301s des pays de\u0301veloppe\u0301s comme des pays en de\u0301veloppement.<\/p>\n<p><b>La dette des pays africains<\/b><\/p>\n<p>M.Ramaphosa a e\u0301galement souhaite\u0301 que l&rsquo;on s&rsquo;attaque au proble\u0300me de la dette des pays les plus pauvres du monde.<\/p>\n<p>\u00ab\u00a0Les notations de cre\u0301dit des pays en de\u0301veloppement, et en particulier des pays africains, devraient e\u0302tre e\u0301tablies sur des indicateurs e\u0301conomiques fondamentaux pluto\u0302t que sur les e\u0301valuations subjectives actuelles\u00a0\u00bb, a-t-il conclu.<\/p>\n<p>La semaine de haut niveau de l&rsquo;Assemble\u0301e ge\u0301ne\u0301rale des Nations unies se de\u0301roule a\u0300 New York du 19 au 26 septembre. Plusieurs pays africains y ont e\u0301te\u0301 repre\u0301sente\u0301s, entre autre l\u2019Alge\u0301rie, le Nige\u0301ria, l\u2019Afrique du Sud, l\u2019Angola.<\/p>\n<p><strong>Pour plus d&rsquo;informations et d&rsquo;analyses sur la <a href=\"https:\/\/www.africa-press.net\/djibouti\">Djibouti<\/a>, suivez <a href=\"https:\/\/www.africa-press.net\/\">Africa-Press<\/a><\/strong><\/p>\n","protected":false},"excerpt":{"rendered":"<p>Africa-Press &#8211; Djibouti. L\u2019Afrique est victime du non-respect de leurs obligations de la part des pays riches, c\u2019est pourquoi les institutions financie\u0300res doivent e\u0302tre re\u0301forme\u0301es, estime le Pre\u0301sident sud-africain. De plus, la dette des pays pauvres est aussi a\u0300 re\u0301viser, car elle repose sur des \u00ab\u00a0e\u0301valuations subjectives\u00a0\u00bb et non pas sur des \u00ab\u00a0indices e\u0301conomiques fondamentaux\u00a0\u00bb. [&hellip;]<\/p>\n","protected":false},"author":82,"featured_media":18145,"comment_status":"open","ping_status":"closed","sticky":false,"template":"","format":"standard","meta":{"footnotes":""},"categories":[3,10],"tags":[36,49,50],"class_list":["post-18146","post","type-post","status-publish","format-standard","has-post-thumbnail","hentry","category-economie","category-toutes-les-actualites","tag-africa-press","tag-africa-press-djibouti","tag-djibouti"],"yoast_head":"<!-- This site is optimized with the Yoast SEO Premium plugin v26.1 (Yoast SEO v27.0) - https:\/\/yoast.com\/product\/yoast-seo-premium-wordpress\/ -->\n<title>Les pays riches ne respectent pas leur engagement envers l&#039;Afrique, selon le Pr\u00e9sident sud-africain - Djibouti<\/title>\n<meta name=\"description\" content=\"L\u2019Afrique est victime du non-respect de leurs obligations de la part des pays riches, c\u2019est pourquoi les institutions fi ...\" \/>\n<meta name=\"robots\" content=\"index, follow, max-snippet:-1, max-image-preview:large, max-video-preview:-1\" \/>\n<link rel=\"canonical\" href=\"https:\/\/www.africa-press.net\/djibouti\/economie\/les-pays-riches-ne-respectent-pas-leur-engagement-envers-lafrique-selon-le-president-sud-africain\" \/>\n<meta property=\"og:locale\" content=\"fr_FR\" \/>\n<meta property=\"og:type\" content=\"article\" \/>\n<meta property=\"og:title\" content=\"Les pays riches ne respectent pas leur engagement envers l&#039;Afrique, selon le Pr\u00e9sident sud-africain\" \/>\n<meta property=\"og:description\" content=\"L\u2019Afrique est victime du non-respect de leurs obligations de la part des pays riches, c\u2019est pourquoi les institutions fi ...\" \/>\n<meta property=\"og:url\" content=\"https:\/\/www.africa-press.net\/djibouti\/economie\/les-pays-riches-ne-respectent-pas-leur-engagement-envers-lafrique-selon-le-president-sud-africain\" \/>\n<meta property=\"og:site_name\" content=\"Djibouti\" \/>\n<meta property=\"article:published_time\" content=\"2023-09-21T09:19:55+00:00\" \/>\n<meta property=\"article:modified_time\" content=\"2023-09-21T09:50:43+00:00\" \/>\n<meta property=\"og:image\" content=\"https:\/\/static.africa-press.net\/djibouti\/sites\/52\/2023\/09\/sm_1695277197.075411.jpg\" \/>\n\t<meta property=\"og:image:width\" content=\"1440\" \/>\n\t<meta property=\"og:image:height\" content=\"883\" \/>\n\t<meta property=\"og:image:type\" content=\"image\/jpeg\" \/>\n<meta name=\"author\" content=\"cfeditorfr\" \/>\n<meta name=\"twitter:card\" content=\"summary_large_image\" \/>\n<meta name=\"twitter:label1\" content=\"\u00c9crit par\" \/>\n\t<meta name=\"twitter:data1\" content=\"cfeditorfr\" \/>\n\t<meta name=\"twitter:label2\" content=\"Dur\u00e9e de lecture estim\u00e9e\" \/>\n\t<meta name=\"twitter:data2\" content=\"3 minutes\" \/>\n<script type=\"application\/ld+json\" class=\"yoast-schema-graph\">{\"@context\":\"https:\/\/schema.org\",\"@graph\":[{\"@type\":\"Article\",\"@id\":\"https:\/\/www.africa-press.net\/djibouti\/economie\/les-pays-riches-ne-respectent-pas-leur-engagement-envers-lafrique-selon-le-president-sud-africain#article\",\"isPartOf\":{\"@id\":\"https:\/\/www.africa-press.net\/djibouti\/economie\/les-pays-riches-ne-respectent-pas-leur-engagement-envers-lafrique-selon-le-president-sud-africain\"},\"author\":{\"name\":\"cfeditorfr\",\"@id\":\"https:\/\/www.africa-press.net\/djibouti\/#\/schema\/person\/2b1cf3cd81a31e3cd26889ca66d677f1\"},\"headline\":\"Les pays riches ne respectent pas leur engagement envers l&rsquo;Afrique, selon le Pr\u00e9sident sud-africain\",\"datePublished\":\"2023-09-21T09:19:55+00:00\",\"dateModified\":\"2023-09-21T09:50:43+00:00\",\"mainEntityOfPage\":{\"@id\":\"https:\/\/www.africa-press.net\/djibouti\/economie\/les-pays-riches-ne-respectent-pas-leur-engagement-envers-lafrique-selon-le-president-sud-africain\"},\"wordCount\":541,\"commentCount\":0,\"image\":{\"@id\":\"https:\/\/www.africa-press.net\/djibouti\/economie\/les-pays-riches-ne-respectent-pas-leur-engagement-envers-lafrique-selon-le-president-sud-africain#primaryimage\"},\"thumbnailUrl\":\"https:\/\/static.africa-press.net\/djibouti\/sites\/52\/2023\/09\/sm_1695277197.075411.jpg\",\"keywords\":[\"Africa Press\",\"Africa Press-Djibouti\",\"Djibouti\"],\"articleSection\":[\"\u00c9conomie\",\"Toutes les actualit\u00e9s\"],\"inLanguage\":\"fr-FR\",\"potentialAction\":[{\"@type\":\"CommentAction\",\"name\":\"Comment\",\"target\":[\"https:\/\/www.africa-press.net\/djibouti\/economie\/les-pays-riches-ne-respectent-pas-leur-engagement-envers-lafrique-selon-le-president-sud-africain#respond\"]}]},{\"@type\":\"WebPage\",\"@id\":\"https:\/\/www.africa-press.net\/djibouti\/economie\/les-pays-riches-ne-respectent-pas-leur-engagement-envers-lafrique-selon-le-president-sud-africain\",\"url\":\"https:\/\/www.africa-press.net\/djibouti\/economie\/les-pays-riches-ne-respectent-pas-leur-engagement-envers-lafrique-selon-le-president-sud-africain\",\"name\":\"Les pays riches ne respectent pas leur engagement envers l'Afrique, selon le Pr\u00e9sident sud-africain - Djibouti\",\"isPartOf\":{\"@id\":\"https:\/\/www.africa-press.net\/djibouti\/#website\"},\"primaryImageOfPage\":{\"@id\":\"https:\/\/www.africa-press.net\/djibouti\/economie\/les-pays-riches-ne-respectent-pas-leur-engagement-envers-lafrique-selon-le-president-sud-africain#primaryimage\"},\"image\":{\"@id\":\"https:\/\/www.africa-press.net\/djibouti\/economie\/les-pays-riches-ne-respectent-pas-leur-engagement-envers-lafrique-selon-le-president-sud-africain#primaryimage\"},\"thumbnailUrl\":\"https:\/\/static.africa-press.net\/djibouti\/sites\/52\/2023\/09\/sm_1695277197.075411.jpg\",\"datePublished\":\"2023-09-21T09:19:55+00:00\",\"dateModified\":\"2023-09-21T09:50:43+00:00\",\"author\":{\"@id\":\"https:\/\/www.africa-press.net\/djibouti\/#\/schema\/person\/2b1cf3cd81a31e3cd26889ca66d677f1\"},\"description\":\"L\u2019Afrique est victime du non-respect de leurs obligations de la part des pays riches, c\u2019est pourquoi les institutions fi ...\",\"breadcrumb\":{\"@id\":\"https:\/\/www.africa-press.net\/djibouti\/economie\/les-pays-riches-ne-respectent-pas-leur-engagement-envers-lafrique-selon-le-president-sud-africain#breadcrumb\"},\"inLanguage\":\"fr-FR\",\"potentialAction\":[{\"@type\":\"ReadAction\",\"target\":[\"https:\/\/www.africa-press.net\/djibouti\/economie\/les-pays-riches-ne-respectent-pas-leur-engagement-envers-lafrique-selon-le-president-sud-africain\"]}]},{\"@type\":\"ImageObject\",\"inLanguage\":\"fr-FR\",\"@id\":\"https:\/\/www.africa-press.net\/djibouti\/economie\/les-pays-riches-ne-respectent-pas-leur-engagement-envers-lafrique-selon-le-president-sud-africain#primaryimage\",\"url\":\"https:\/\/static.africa-press.net\/djibouti\/sites\/52\/2023\/09\/sm_1695277197.075411.jpg\",\"contentUrl\":\"https:\/\/static.africa-press.net\/djibouti\/sites\/52\/2023\/09\/sm_1695277197.075411.jpg\",\"width\":1440,\"height\":883,\"caption\":\"Les pays riches ne respectent pas leur engagement envers l'Afrique, selon le Pr\u00e9sident sud-africain\"},{\"@type\":\"BreadcrumbList\",\"@id\":\"https:\/\/www.africa-press.net\/djibouti\/economie\/les-pays-riches-ne-respectent-pas-leur-engagement-envers-lafrique-selon-le-president-sud-africain#breadcrumb\",\"itemListElement\":[{\"@type\":\"ListItem\",\"position\":1,\"name\":\"Accueil\",\"item\":\"https:\/\/www.africa-press.net\/djibouti\/\"},{\"@type\":\"ListItem\",\"position\":2,\"name\":\"Les pays riches ne respectent pas leur engagement envers l&#8217;Afrique, selon le Pr\u00e9sident sud-africain\"}]},{\"@type\":\"WebSite\",\"@id\":\"https:\/\/www.africa-press.net\/djibouti\/#website\",\"url\":\"https:\/\/www.africa-press.net\/djibouti\/\",\"name\":\"Djibouti\",\"description\":\"Just another Africa News Agency Sites site\",\"potentialAction\":[{\"@type\":\"SearchAction\",\"target\":{\"@type\":\"EntryPoint\",\"urlTemplate\":\"https:\/\/www.africa-press.net\/djibouti\/?s={search_term_string}\"},\"query-input\":{\"@type\":\"PropertyValueSpecification\",\"valueRequired\":true,\"valueName\":\"search_term_string\"}}],\"inLanguage\":\"fr-FR\"},{\"@type\":\"Person\",\"@id\":\"https:\/\/www.africa-press.net\/djibouti\/#\/schema\/person\/2b1cf3cd81a31e3cd26889ca66d677f1\",\"name\":\"cfeditorfr\"}]}<\/script>\n<!-- \/ Yoast SEO Premium plugin. -->","yoast_head_json":{"title":"Les pays riches ne respectent pas leur engagement envers l'Afrique, selon le Pr\u00e9sident sud-africain - Djibouti","description":"L\u2019Afrique est victime du non-respect de leurs obligations de la part des pays riches, c\u2019est pourquoi les institutions fi ...","robots":{"index":"index","follow":"follow","max-snippet":"max-snippet:-1","max-image-preview":"max-image-preview:large","max-video-preview":"max-video-preview:-1"},"canonical":"https:\/\/www.africa-press.net\/djibouti\/economie\/les-pays-riches-ne-respectent-pas-leur-engagement-envers-lafrique-selon-le-president-sud-africain","og_locale":"fr_FR","og_type":"article","og_title":"Les pays riches ne respectent pas leur engagement envers l'Afrique, selon le Pr\u00e9sident sud-africain","og_description":"L\u2019Afrique est victime du non-respect de leurs obligations de la part des pays riches, c\u2019est pourquoi les institutions fi ...","og_url":"https:\/\/www.africa-press.net\/djibouti\/economie\/les-pays-riches-ne-respectent-pas-leur-engagement-envers-lafrique-selon-le-president-sud-africain","og_site_name":"Djibouti","article_published_time":"2023-09-21T09:19:55+00:00","article_modified_time":"2023-09-21T09:50:43+00:00","og_image":[{"width":1440,"height":883,"url":"https:\/\/static.africa-press.net\/djibouti\/sites\/52\/2023\/09\/sm_1695277197.075411.jpg","type":"image\/jpeg"}],"author":"cfeditorfr","twitter_card":"summary_large_image","twitter_misc":{"\u00c9crit par":"cfeditorfr","Dur\u00e9e de lecture estim\u00e9e":"3 minutes"},"schema":{"@context":"https:\/\/schema.org","@graph":[{"@type":"Article","@id":"https:\/\/www.africa-press.net\/djibouti\/economie\/les-pays-riches-ne-respectent-pas-leur-engagement-envers-lafrique-selon-le-president-sud-africain#article","isPartOf":{"@id":"https:\/\/www.africa-press.net\/djibouti\/economie\/les-pays-riches-ne-respectent-pas-leur-engagement-envers-lafrique-selon-le-president-sud-africain"},"author":{"name":"cfeditorfr","@id":"https:\/\/www.africa-press.net\/djibouti\/#\/schema\/person\/2b1cf3cd81a31e3cd26889ca66d677f1"},"headline":"Les pays riches ne respectent pas leur engagement envers l&rsquo;Afrique, selon le Pr\u00e9sident sud-africain","datePublished":"2023-09-21T09:19:55+00:00","dateModified":"2023-09-21T09:50:43+00:00","mainEntityOfPage":{"@id":"https:\/\/www.africa-press.net\/djibouti\/economie\/les-pays-riches-ne-respectent-pas-leur-engagement-envers-lafrique-selon-le-president-sud-africain"},"wordCount":541,"commentCount":0,"image":{"@id":"https:\/\/www.africa-press.net\/djibouti\/economie\/les-pays-riches-ne-respectent-pas-leur-engagement-envers-lafrique-selon-le-president-sud-africain#primaryimage"},"thumbnailUrl":"https:\/\/static.africa-press.net\/djibouti\/sites\/52\/2023\/09\/sm_1695277197.075411.jpg","keywords":["Africa Press","Africa Press-Djibouti","Djibouti"],"articleSection":["\u00c9conomie","Toutes les actualit\u00e9s"],"inLanguage":"fr-FR","potentialAction":[{"@type":"CommentAction","name":"Comment","target":["https:\/\/www.africa-press.net\/djibouti\/economie\/les-pays-riches-ne-respectent-pas-leur-engagement-envers-lafrique-selon-le-president-sud-africain#respond"]}]},{"@type":"WebPage","@id":"https:\/\/www.africa-press.net\/djibouti\/economie\/les-pays-riches-ne-respectent-pas-leur-engagement-envers-lafrique-selon-le-president-sud-africain","url":"https:\/\/www.africa-press.net\/djibouti\/economie\/les-pays-riches-ne-respectent-pas-leur-engagement-envers-lafrique-selon-le-president-sud-africain","name":"Les pays riches ne respectent pas leur engagement envers l'Afrique, selon le Pr\u00e9sident sud-africain - Djibouti","isPartOf":{"@id":"https:\/\/www.africa-press.net\/djibouti\/#website"},"primaryImageOfPage":{"@id":"https:\/\/www.africa-press.net\/djibouti\/economie\/les-pays-riches-ne-respectent-pas-leur-engagement-envers-lafrique-selon-le-president-sud-africain#primaryimage"},"image":{"@id":"https:\/\/www.africa-press.net\/djibouti\/economie\/les-pays-riches-ne-respectent-pas-leur-engagement-envers-lafrique-selon-le-president-sud-africain#primaryimage"},"thumbnailUrl":"https:\/\/static.africa-press.net\/djibouti\/sites\/52\/2023\/09\/sm_1695277197.075411.jpg","datePublished":"2023-09-21T09:19:55+00:00","dateModified":"2023-09-21T09:50:43+00:00","author":{"@id":"https:\/\/www.africa-press.net\/djibouti\/#\/schema\/person\/2b1cf3cd81a31e3cd26889ca66d677f1"},"description":"L\u2019Afrique est victime du non-respect de leurs obligations de la part des pays riches, c\u2019est pourquoi les institutions fi ...","breadcrumb":{"@id":"https:\/\/www.africa-press.net\/djibouti\/economie\/les-pays-riches-ne-respectent-pas-leur-engagement-envers-lafrique-selon-le-president-sud-africain#breadcrumb"},"inLanguage":"fr-FR","potentialAction":[{"@type":"ReadAction","target":["https:\/\/www.africa-press.net\/djibouti\/economie\/les-pays-riches-ne-respectent-pas-leur-engagement-envers-lafrique-selon-le-president-sud-africain"]}]},{"@type":"ImageObject","inLanguage":"fr-FR","@id":"https:\/\/www.africa-press.net\/djibouti\/economie\/les-pays-riches-ne-respectent-pas-leur-engagement-envers-lafrique-selon-le-president-sud-africain#primaryimage","url":"https:\/\/static.africa-press.net\/djibouti\/sites\/52\/2023\/09\/sm_1695277197.075411.jpg","contentUrl":"https:\/\/static.africa-press.net\/djibouti\/sites\/52\/2023\/09\/sm_1695277197.075411.jpg","width":1440,"height":883,"caption":"Les pays riches ne respectent pas leur engagement envers l'Afrique, selon le Pr\u00e9sident sud-africain"},{"@type":"BreadcrumbList","@id":"https:\/\/www.africa-press.net\/djibouti\/economie\/les-pays-riches-ne-respectent-pas-leur-engagement-envers-lafrique-selon-le-president-sud-africain#breadcrumb","itemListElement":[{"@type":"ListItem","position":1,"name":"Accueil","item":"https:\/\/www.africa-press.net\/djibouti\/"},{"@type":"ListItem","position":2,"name":"Les pays riches ne respectent pas leur engagement envers l&#8217;Afrique, selon le Pr\u00e9sident sud-africain"}]},{"@type":"WebSite","@id":"https:\/\/www.africa-press.net\/djibouti\/#website","url":"https:\/\/www.africa-press.net\/djibouti\/","name":"Djibouti","description":"Just another Africa News Agency Sites site","potentialAction":[{"@type":"SearchAction","target":{"@type":"EntryPoint","urlTemplate":"https:\/\/www.africa-press.net\/djibouti\/?s={search_term_string}"},"query-input":{"@type":"PropertyValueSpecification","valueRequired":true,"valueName":"search_term_string"}}],"inLanguage":"fr-FR"},{"@type":"Person","@id":"https:\/\/www.africa-press.net\/djibouti\/#\/schema\/person\/2b1cf3cd81a31e3cd26889ca66d677f1","name":"cfeditorfr"}]}},"_links":{"self":[{"href":"https:\/\/www.africa-press.net\/djibouti\/wp-json\/wp\/v2\/posts\/18146","targetHints":{"allow":["GET"]}}],"collection":[{"href":"https:\/\/www.africa-press.net\/djibouti\/wp-json\/wp\/v2\/posts"}],"about":[{"href":"https:\/\/www.africa-press.net\/djibouti\/wp-json\/wp\/v2\/types\/post"}],"author":[{"embeddable":true,"href":"https:\/\/www.africa-press.net\/djibouti\/wp-json\/wp\/v2\/users\/82"}],"replies":[{"embeddable":true,"href":"https:\/\/www.africa-press.net\/djibouti\/wp-json\/wp\/v2\/comments?post=18146"}],"version-history":[{"count":0,"href":"https:\/\/www.africa-press.net\/djibouti\/wp-json\/wp\/v2\/posts\/18146\/revisions"}],"wp:featuredmedia":[{"embeddable":true,"href":"https:\/\/www.africa-press.net\/djibouti\/wp-json\/wp\/v2\/media\/18145"}],"wp:attachment":[{"href":"https:\/\/www.africa-press.net\/djibouti\/wp-json\/wp\/v2\/media?parent=18146"}],"wp:term":[{"taxonomy":"category","embeddable":true,"href":"https:\/\/www.africa-press.net\/djibouti\/wp-json\/wp\/v2\/categories?post=18146"},{"taxonomy":"post_tag","embeddable":true,"href":"https:\/\/www.africa-press.net\/djibouti\/wp-json\/wp\/v2\/tags?post=18146"}],"curies":[{"name":"wp","href":"https:\/\/api.w.org\/{rel}","templated":true}]}}