{"id":18180,"date":"2023-09-21T17:43:03","date_gmt":"2023-09-21T17:43:03","guid":{"rendered":"https:\/\/www.africa-press.net\/djibouti\/politique\/le-ministre-de-la-sante-recoit-les-nouveaux-medecins-djiboutiens"},"modified":"2023-09-21T17:55:30","modified_gmt":"2023-09-21T17:55:30","slug":"le-ministre-de-la-sante-recoit-les-nouveaux-medecins-djiboutiens","status":"publish","type":"post","link":"https:\/\/www.africa-press.net\/djibouti\/photo\/le-ministre-de-la-sante-recoit-les-nouveaux-medecins-djiboutiens","title":{"rendered":"Le ministre de la sant\u00e9 re\u00e7oit les nouveaux m\u00e9decins djiboutiens"},"content":{"rendered":"<p><span style=\"color: #ff6600\"><strong>Africa-Press &#8211; Djibouti. <\/strong><\/span>Le ministre de la sante\u0301, Dr Ahmed Robleh Abdilleh, a rec\u0327u et s\u2019est entretenu avec les 26 nouveaux me\u0301decins, tous nationaux, qui sont frai\u0302chement recrute\u0301s par le de\u0301partement de la sante\u0301.<\/p>\n<p>Le ministre a d\u2019emble\u0301e souhaite\u0301 la bienvenue au sein de la grande famille de la sante\u0301, en se fe\u0301licitant de la repre\u0301sentativite\u0301 de la gente fe\u0301minine qui avoisine les 50% au sein de cette nouvelle cohorte de me\u0301decins.<\/p>\n<p>Dans son intervention, le ministre de la sante\u0301 a rappele\u0301 le ro\u0302le et le devoir du corps me\u0301dical qui est tenu par le serment d\u2019Hypocrate et qui confe\u0300re a\u0300 la profession me\u0301dicale une certaine noblesse a\u0300 travers ce contrat social et humaniste.<\/p>\n<p>En s\u2019appuyant sur ses propres expe\u0301riences de pe\u0301diatre, le ministre de la sante\u0301 a e\u0301voque\u0301 les attentes de la socie\u0301te\u0301 vis-a\u0300-vis du me\u0301decin.<\/p>\n<p>Il a ainsi souleve\u0301 les grandes lignes de la politique sanitaire en expliquant l\u2019historique des grandes re\u0301formes engage\u0301es en e\u0301tayant les re\u0301alisations en cours actuellement pour atteindre les objectifs fixe\u0301s. Ces objectifs cible\u0301s, a-t-il dit, ne pourront e\u0302tre atteint qu\u2019avec la participation de tous et l\u2019implication pleine et entie\u0300re des personnels de sante\u0301 en ge\u0301ne\u0301ral et du corps me\u0301dical en particulier.<\/p>\n<p>Le ministre de la sante\u0301 a exhorte\u0301 les nouveaux me\u0301decins de faire preuve de probite\u0301, d\u2019exigence et de rigueur dans leurs nouvelles responsabilite\u0301s et d\u2019accomplir leurs fonctions avec humanisme.<\/p>\n<p>En effet, ces 26 nouveaux me\u0301decins seront dispatche\u0301s sur le terrain, qui dans un premier temps, seront affecte\u0301s au niveau des polycliniques de la capitale afin de renforcer le deuxie\u0300me niveau de la pyramide sanitaire.<\/p>\n<p>Ce renforcement des activite\u0301s des polycliniques et des centres de sante\u0301 communautaires permettra e\u0301ventuellement de de\u0301sengorger l\u2019afflux massif des patients aux niveaux de l\u2019ho\u0302pital Peltier et de l\u2019ho\u0302pital Cheikho.<\/p>\n\r\n                <style type=\"text\/css\">\r\n                    \r\n                    #td_uid_1_69f15ab73d53c  .td-doubleSlider-2 .td-item1 {\r\n                        background: url(https:\/\/static.africa-press.net\/djibouti\/sites\/52\/2023\/09\/sm_1695306274.965232-80x60.jpg) 0 0 no-repeat;\r\n                    }\r\n                    #td_uid_1_69f15ab73d53c  .td-doubleSlider-2 .td-item2 {\r\n                        background: url(https:\/\/static.africa-press.net\/djibouti\/sites\/52\/2023\/09\/sm_1695306286.843279-80x60.jpg) 0 0 no-repeat;\r\n                    }\r\n                <\/style>\r\n\r\n                <div id=\"td_uid_1_69f15ab73d53c\" class=\"td-gallery td-slide-on-2-columns\">\r\n                    <div class=\"post_td_gallery\">\r\n                        <div class=\"td-gallery-slide-top\">\r\n                           <div class=\"td-gallery-title\"><\/div>\r\n\r\n                            <div class=\"td-gallery-controls-wrapper\">\r\n                                <div class=\"td-gallery-slide-count\"><span class=\"td-gallery-slide-item-focus\">1<\/span> de 2<\/div>\r\n                                <div class=\"td-gallery-slide-prev-next-but\">\r\n                                    <i class = \"td-icon-left doubleSliderPrevButton\"><\/i>\r\n                                    <i class = \"td-icon-right doubleSliderNextButton\"><\/i>\r\n                                <\/div>\r\n                            <\/div>\r\n                        <\/div>\r\n\r\n                        <div class = \"td-doubleSlider-1 \">\r\n                            <div class = \"td-slider\">\r\n                                \r\n                    <div class = \"td-slide-item td-item1\">\r\n                        <figure class=\"td-slide-galery-figure td-slide-popup-gallery\">\r\n                            <a class=\"slide-gallery-image-link\" href=\"https:\/\/static.africa-press.net\/djibouti\/sites\/52\/2023\/09\/sm_1695306274.965232.jpg\" title=\"sm_1695306274.965232\"  data-caption=\"\"  data-description=\"\">\r\n                                <img decoding=\"async\" src=\"https:\/\/static.africa-press.net\/djibouti\/sites\/52\/2023\/09\/sm_1695306274.965232.jpg\" srcset=\"https:\/\/static.africa-press.net\/djibouti\/sites\/52\/2023\/09\/sm_1695306274.965232.jpg 1024w, https:\/\/static.africa-press.net\/djibouti\/sites\/52\/2023\/09\/sm_1695306274.965232-300x169.jpg 300w, https:\/\/static.africa-press.net\/djibouti\/sites\/52\/2023\/09\/sm_1695306274.965232-768x432.jpg 768w\" sizes=\"(max-width: 1024px) 100vw, 1024px\" alt=\"\">\r\n                            <\/a>\r\n                            \r\n                        <\/figure>\r\n                    <\/div>\r\n                    <div class = \"td-slide-item td-item2\">\r\n                        <figure class=\"td-slide-galery-figure td-slide-popup-gallery\">\r\n                            <a class=\"slide-gallery-image-link\" href=\"https:\/\/static.africa-press.net\/djibouti\/sites\/52\/2023\/09\/sm_1695306286.843279.jpg\" title=\"sm_1695306286.843279\"  data-caption=\"\"  data-description=\"\">\r\n                                <img decoding=\"async\" src=\"https:\/\/static.africa-press.net\/djibouti\/sites\/52\/2023\/09\/sm_1695306286.843279.jpg\" srcset=\"https:\/\/static.africa-press.net\/djibouti\/sites\/52\/2023\/09\/sm_1695306286.843279.jpg 1024w, https:\/\/static.africa-press.net\/djibouti\/sites\/52\/2023\/09\/sm_1695306286.843279-300x151.jpg 300w, https:\/\/static.africa-press.net\/djibouti\/sites\/52\/2023\/09\/sm_1695306286.843279-768x388.jpg 768w\" sizes=\"(max-width: 1024px) 100vw, 1024px\" alt=\"\">\r\n                            <\/a>\r\n                            \r\n                        <\/figure>\r\n                    <\/div>\r\n                            <\/div>\r\n                        <\/div>\r\n\r\n                        <div class = \"td-doubleSlider-2\">\r\n                            <div class = \"td-slider\">\r\n                                \r\n                    <div class = \"td-button td-item1\">\r\n                        <div class = \"td-border\"><\/div>\r\n                    <\/div>\r\n                    <div class = \"td-button td-item2\">\r\n                        <div class = \"td-border\"><\/div>\r\n                    <\/div>\r\n                            <\/div>\r\n                        <\/div>\r\n\r\n                    <\/div>\r\n\r\n                <\/div>\r\n                \n<p><strong>Pour plus d&rsquo;informations et d&rsquo;analyses sur la <a href=\"https:\/\/www.africa-press.net\/djibouti\">Djibouti<\/a>, suivez <a href=\"https:\/\/www.africa-press.net\/\">Africa-Press<\/a><\/strong><\/p>\n","protected":false},"excerpt":{"rendered":"<p>Africa-Press &#8211; Djibouti. Le ministre de la sante\u0301, Dr Ahmed Robleh Abdilleh, a rec\u0327u et s\u2019est entretenu avec les 26 nouveaux me\u0301decins, tous nationaux, qui sont frai\u0302chement recrute\u0301s par le de\u0301partement de la sante\u0301. Le ministre a d\u2019emble\u0301e souhaite\u0301 la bienvenue au sein de la grande famille de la sante\u0301, en se fe\u0301licitant de la [&hellip;]<\/p>\n","protected":false},"author":82,"featured_media":18179,"comment_status":"open","ping_status":"closed","sticky":false,"template":"","format":"standard","meta":{"footnotes":""},"categories":[21,8,10],"tags":[36,49,50],"class_list":["post-18180","post","type-post","status-publish","format-standard","has-post-thumbnail","hentry","category-communaute","category-photo","category-toutes-les-actualites","tag-africa-press","tag-africa-press-djibouti","tag-djibouti"],"yoast_head":"<!-- This site is optimized with the Yoast SEO Premium plugin v26.1 (Yoast SEO v27.0) - https:\/\/yoast.com\/product\/yoast-seo-premium-wordpress\/ -->\n<title>Le ministre de la sant\u00e9 re\u00e7oit les nouveaux m\u00e9decins djiboutiens - Djibouti<\/title>\n<meta name=\"description\" content=\"Le ministre de la sante\u0301, Dr Ahmed Robleh Abdilleh, a rec\u0327u et s\u2019est entretenu avec les 26 nouveaux me\u0301decins, tous nati ...\" \/>\n<meta name=\"robots\" content=\"index, follow, max-snippet:-1, max-image-preview:large, max-video-preview:-1\" \/>\n<link rel=\"canonical\" href=\"https:\/\/www.africa-press.net\/djibouti\/photo\/le-ministre-de-la-sante-recoit-les-nouveaux-medecins-djiboutiens\" \/>\n<meta property=\"og:locale\" content=\"fr_FR\" \/>\n<meta property=\"og:type\" content=\"article\" \/>\n<meta property=\"og:title\" content=\"Le ministre de la sant\u00e9 re\u00e7oit les nouveaux m\u00e9decins djiboutiens\" \/>\n<meta property=\"og:description\" content=\"Le ministre de la sante\u0301, Dr Ahmed Robleh Abdilleh, a rec\u0327u et s\u2019est entretenu avec les 26 nouveaux me\u0301decins, tous nati ...\" \/>\n<meta property=\"og:url\" content=\"https:\/\/www.africa-press.net\/djibouti\/photo\/le-ministre-de-la-sante-recoit-les-nouveaux-medecins-djiboutiens\" \/>\n<meta property=\"og:site_name\" content=\"Djibouti\" \/>\n<meta property=\"article:published_time\" content=\"2023-09-21T17:43:03+00:00\" \/>\n<meta property=\"article:modified_time\" content=\"2023-09-21T17:55:30+00:00\" \/>\n<meta property=\"og:image\" content=\"https:\/\/static.africa-press.net\/djibouti\/sites\/52\/2023\/09\/sm_1695306305.023454.jpg\" \/>\n\t<meta property=\"og:image:width\" content=\"720\" \/>\n\t<meta property=\"og:image:height\" content=\"375\" \/>\n\t<meta property=\"og:image:type\" content=\"image\/jpeg\" \/>\n<meta name=\"author\" content=\"cfeditorfr\" \/>\n<meta name=\"twitter:card\" content=\"summary_large_image\" \/>\n<meta name=\"twitter:label1\" content=\"\u00c9crit par\" \/>\n\t<meta name=\"twitter:data1\" content=\"cfeditorfr\" \/>\n\t<meta name=\"twitter:label2\" content=\"Dur\u00e9e de lecture estim\u00e9e\" \/>\n\t<meta name=\"twitter:data2\" content=\"2 minutes\" \/>\n<script type=\"application\/ld+json\" class=\"yoast-schema-graph\">{\"@context\":\"https:\/\/schema.org\",\"@graph\":[{\"@type\":\"Article\",\"@id\":\"https:\/\/www.africa-press.net\/djibouti\/photo\/le-ministre-de-la-sante-recoit-les-nouveaux-medecins-djiboutiens#article\",\"isPartOf\":{\"@id\":\"https:\/\/www.africa-press.net\/djibouti\/photo\/le-ministre-de-la-sante-recoit-les-nouveaux-medecins-djiboutiens\"},\"author\":{\"name\":\"cfeditorfr\",\"@id\":\"https:\/\/www.africa-press.net\/djibouti\/#\/schema\/person\/2b1cf3cd81a31e3cd26889ca66d677f1\"},\"headline\":\"Le ministre de la sant\u00e9 re\u00e7oit les nouveaux m\u00e9decins djiboutiens\",\"datePublished\":\"2023-09-21T17:43:03+00:00\",\"dateModified\":\"2023-09-21T17:55:30+00:00\",\"mainEntityOfPage\":{\"@id\":\"https:\/\/www.africa-press.net\/djibouti\/photo\/le-ministre-de-la-sante-recoit-les-nouveaux-medecins-djiboutiens\"},\"wordCount\":376,\"commentCount\":0,\"image\":{\"@id\":\"https:\/\/www.africa-press.net\/djibouti\/photo\/le-ministre-de-la-sante-recoit-les-nouveaux-medecins-djiboutiens#primaryimage\"},\"thumbnailUrl\":\"https:\/\/static.africa-press.net\/djibouti\/sites\/52\/2023\/09\/sm_1695306305.023454.jpg\",\"keywords\":[\"Africa Press\",\"Africa Press-Djibouti\",\"Djibouti\"],\"articleSection\":[\"Communaut\u00e9\",\"Photo\",\"Toutes les actualit\u00e9s\"],\"inLanguage\":\"fr-FR\",\"potentialAction\":[{\"@type\":\"CommentAction\",\"name\":\"Comment\",\"target\":[\"https:\/\/www.africa-press.net\/djibouti\/photo\/le-ministre-de-la-sante-recoit-les-nouveaux-medecins-djiboutiens#respond\"]}]},{\"@type\":\"WebPage\",\"@id\":\"https:\/\/www.africa-press.net\/djibouti\/photo\/le-ministre-de-la-sante-recoit-les-nouveaux-medecins-djiboutiens\",\"url\":\"https:\/\/www.africa-press.net\/djibouti\/photo\/le-ministre-de-la-sante-recoit-les-nouveaux-medecins-djiboutiens\",\"name\":\"Le ministre de la sant\u00e9 re\u00e7oit les nouveaux m\u00e9decins djiboutiens - Djibouti\",\"isPartOf\":{\"@id\":\"https:\/\/www.africa-press.net\/djibouti\/#website\"},\"primaryImageOfPage\":{\"@id\":\"https:\/\/www.africa-press.net\/djibouti\/photo\/le-ministre-de-la-sante-recoit-les-nouveaux-medecins-djiboutiens#primaryimage\"},\"image\":{\"@id\":\"https:\/\/www.africa-press.net\/djibouti\/photo\/le-ministre-de-la-sante-recoit-les-nouveaux-medecins-djiboutiens#primaryimage\"},\"thumbnailUrl\":\"https:\/\/static.africa-press.net\/djibouti\/sites\/52\/2023\/09\/sm_1695306305.023454.jpg\",\"datePublished\":\"2023-09-21T17:43:03+00:00\",\"dateModified\":\"2023-09-21T17:55:30+00:00\",\"author\":{\"@id\":\"https:\/\/www.africa-press.net\/djibouti\/#\/schema\/person\/2b1cf3cd81a31e3cd26889ca66d677f1\"},\"description\":\"Le ministre de la sante\u0301, Dr Ahmed Robleh Abdilleh, a rec\u0327u et s\u2019est entretenu avec les 26 nouveaux me\u0301decins, tous nati ...\",\"breadcrumb\":{\"@id\":\"https:\/\/www.africa-press.net\/djibouti\/photo\/le-ministre-de-la-sante-recoit-les-nouveaux-medecins-djiboutiens#breadcrumb\"},\"inLanguage\":\"fr-FR\",\"potentialAction\":[{\"@type\":\"ReadAction\",\"target\":[\"https:\/\/www.africa-press.net\/djibouti\/photo\/le-ministre-de-la-sante-recoit-les-nouveaux-medecins-djiboutiens\"]}]},{\"@type\":\"ImageObject\",\"inLanguage\":\"fr-FR\",\"@id\":\"https:\/\/www.africa-press.net\/djibouti\/photo\/le-ministre-de-la-sante-recoit-les-nouveaux-medecins-djiboutiens#primaryimage\",\"url\":\"https:\/\/static.africa-press.net\/djibouti\/sites\/52\/2023\/09\/sm_1695306305.023454.jpg\",\"contentUrl\":\"https:\/\/static.africa-press.net\/djibouti\/sites\/52\/2023\/09\/sm_1695306305.023454.jpg\",\"width\":720,\"height\":375,\"caption\":\"Le ministre de la sant\u00e9 re\u00e7oit les nouveaux m\u00e9decins djiboutiens\"},{\"@type\":\"BreadcrumbList\",\"@id\":\"https:\/\/www.africa-press.net\/djibouti\/photo\/le-ministre-de-la-sante-recoit-les-nouveaux-medecins-djiboutiens#breadcrumb\",\"itemListElement\":[{\"@type\":\"ListItem\",\"position\":1,\"name\":\"Accueil\",\"item\":\"https:\/\/www.africa-press.net\/djibouti\/\"},{\"@type\":\"ListItem\",\"position\":2,\"name\":\"Le ministre de la sant\u00e9 re\u00e7oit les nouveaux m\u00e9decins djiboutiens\"}]},{\"@type\":\"WebSite\",\"@id\":\"https:\/\/www.africa-press.net\/djibouti\/#website\",\"url\":\"https:\/\/www.africa-press.net\/djibouti\/\",\"name\":\"Djibouti\",\"description\":\"Just another Africa News Agency Sites site\",\"potentialAction\":[{\"@type\":\"SearchAction\",\"target\":{\"@type\":\"EntryPoint\",\"urlTemplate\":\"https:\/\/www.africa-press.net\/djibouti\/?s={search_term_string}\"},\"query-input\":{\"@type\":\"PropertyValueSpecification\",\"valueRequired\":true,\"valueName\":\"search_term_string\"}}],\"inLanguage\":\"fr-FR\"},{\"@type\":\"Person\",\"@id\":\"https:\/\/www.africa-press.net\/djibouti\/#\/schema\/person\/2b1cf3cd81a31e3cd26889ca66d677f1\",\"name\":\"cfeditorfr\"}]}<\/script>\n<!-- \/ Yoast SEO Premium plugin. -->","yoast_head_json":{"title":"Le ministre de la sant\u00e9 re\u00e7oit les nouveaux m\u00e9decins djiboutiens - Djibouti","description":"Le ministre de la sante\u0301, Dr Ahmed Robleh Abdilleh, a rec\u0327u et s\u2019est entretenu avec les 26 nouveaux me\u0301decins, tous nati ...","robots":{"index":"index","follow":"follow","max-snippet":"max-snippet:-1","max-image-preview":"max-image-preview:large","max-video-preview":"max-video-preview:-1"},"canonical":"https:\/\/www.africa-press.net\/djibouti\/photo\/le-ministre-de-la-sante-recoit-les-nouveaux-medecins-djiboutiens","og_locale":"fr_FR","og_type":"article","og_title":"Le ministre de la sant\u00e9 re\u00e7oit les nouveaux m\u00e9decins djiboutiens","og_description":"Le ministre de la sante\u0301, Dr Ahmed Robleh Abdilleh, a rec\u0327u et s\u2019est entretenu avec les 26 nouveaux me\u0301decins, tous nati ...","og_url":"https:\/\/www.africa-press.net\/djibouti\/photo\/le-ministre-de-la-sante-recoit-les-nouveaux-medecins-djiboutiens","og_site_name":"Djibouti","article_published_time":"2023-09-21T17:43:03+00:00","article_modified_time":"2023-09-21T17:55:30+00:00","og_image":[{"width":720,"height":375,"url":"https:\/\/static.africa-press.net\/djibouti\/sites\/52\/2023\/09\/sm_1695306305.023454.jpg","type":"image\/jpeg"}],"author":"cfeditorfr","twitter_card":"summary_large_image","twitter_misc":{"\u00c9crit par":"cfeditorfr","Dur\u00e9e de lecture estim\u00e9e":"2 minutes"},"schema":{"@context":"https:\/\/schema.org","@graph":[{"@type":"Article","@id":"https:\/\/www.africa-press.net\/djibouti\/photo\/le-ministre-de-la-sante-recoit-les-nouveaux-medecins-djiboutiens#article","isPartOf":{"@id":"https:\/\/www.africa-press.net\/djibouti\/photo\/le-ministre-de-la-sante-recoit-les-nouveaux-medecins-djiboutiens"},"author":{"name":"cfeditorfr","@id":"https:\/\/www.africa-press.net\/djibouti\/#\/schema\/person\/2b1cf3cd81a31e3cd26889ca66d677f1"},"headline":"Le ministre de la sant\u00e9 re\u00e7oit les nouveaux m\u00e9decins djiboutiens","datePublished":"2023-09-21T17:43:03+00:00","dateModified":"2023-09-21T17:55:30+00:00","mainEntityOfPage":{"@id":"https:\/\/www.africa-press.net\/djibouti\/photo\/le-ministre-de-la-sante-recoit-les-nouveaux-medecins-djiboutiens"},"wordCount":376,"commentCount":0,"image":{"@id":"https:\/\/www.africa-press.net\/djibouti\/photo\/le-ministre-de-la-sante-recoit-les-nouveaux-medecins-djiboutiens#primaryimage"},"thumbnailUrl":"https:\/\/static.africa-press.net\/djibouti\/sites\/52\/2023\/09\/sm_1695306305.023454.jpg","keywords":["Africa Press","Africa Press-Djibouti","Djibouti"],"articleSection":["Communaut\u00e9","Photo","Toutes les actualit\u00e9s"],"inLanguage":"fr-FR","potentialAction":[{"@type":"CommentAction","name":"Comment","target":["https:\/\/www.africa-press.net\/djibouti\/photo\/le-ministre-de-la-sante-recoit-les-nouveaux-medecins-djiboutiens#respond"]}]},{"@type":"WebPage","@id":"https:\/\/www.africa-press.net\/djibouti\/photo\/le-ministre-de-la-sante-recoit-les-nouveaux-medecins-djiboutiens","url":"https:\/\/www.africa-press.net\/djibouti\/photo\/le-ministre-de-la-sante-recoit-les-nouveaux-medecins-djiboutiens","name":"Le ministre de la sant\u00e9 re\u00e7oit les nouveaux m\u00e9decins djiboutiens - Djibouti","isPartOf":{"@id":"https:\/\/www.africa-press.net\/djibouti\/#website"},"primaryImageOfPage":{"@id":"https:\/\/www.africa-press.net\/djibouti\/photo\/le-ministre-de-la-sante-recoit-les-nouveaux-medecins-djiboutiens#primaryimage"},"image":{"@id":"https:\/\/www.africa-press.net\/djibouti\/photo\/le-ministre-de-la-sante-recoit-les-nouveaux-medecins-djiboutiens#primaryimage"},"thumbnailUrl":"https:\/\/static.africa-press.net\/djibouti\/sites\/52\/2023\/09\/sm_1695306305.023454.jpg","datePublished":"2023-09-21T17:43:03+00:00","dateModified":"2023-09-21T17:55:30+00:00","author":{"@id":"https:\/\/www.africa-press.net\/djibouti\/#\/schema\/person\/2b1cf3cd81a31e3cd26889ca66d677f1"},"description":"Le ministre de la sante\u0301, Dr Ahmed Robleh Abdilleh, a rec\u0327u et s\u2019est entretenu avec les 26 nouveaux me\u0301decins, tous nati ...","breadcrumb":{"@id":"https:\/\/www.africa-press.net\/djibouti\/photo\/le-ministre-de-la-sante-recoit-les-nouveaux-medecins-djiboutiens#breadcrumb"},"inLanguage":"fr-FR","potentialAction":[{"@type":"ReadAction","target":["https:\/\/www.africa-press.net\/djibouti\/photo\/le-ministre-de-la-sante-recoit-les-nouveaux-medecins-djiboutiens"]}]},{"@type":"ImageObject","inLanguage":"fr-FR","@id":"https:\/\/www.africa-press.net\/djibouti\/photo\/le-ministre-de-la-sante-recoit-les-nouveaux-medecins-djiboutiens#primaryimage","url":"https:\/\/static.africa-press.net\/djibouti\/sites\/52\/2023\/09\/sm_1695306305.023454.jpg","contentUrl":"https:\/\/static.africa-press.net\/djibouti\/sites\/52\/2023\/09\/sm_1695306305.023454.jpg","width":720,"height":375,"caption":"Le ministre de la sant\u00e9 re\u00e7oit les nouveaux m\u00e9decins djiboutiens"},{"@type":"BreadcrumbList","@id":"https:\/\/www.africa-press.net\/djibouti\/photo\/le-ministre-de-la-sante-recoit-les-nouveaux-medecins-djiboutiens#breadcrumb","itemListElement":[{"@type":"ListItem","position":1,"name":"Accueil","item":"https:\/\/www.africa-press.net\/djibouti\/"},{"@type":"ListItem","position":2,"name":"Le ministre de la sant\u00e9 re\u00e7oit les nouveaux m\u00e9decins djiboutiens"}]},{"@type":"WebSite","@id":"https:\/\/www.africa-press.net\/djibouti\/#website","url":"https:\/\/www.africa-press.net\/djibouti\/","name":"Djibouti","description":"Just another Africa News Agency Sites site","potentialAction":[{"@type":"SearchAction","target":{"@type":"EntryPoint","urlTemplate":"https:\/\/www.africa-press.net\/djibouti\/?s={search_term_string}"},"query-input":{"@type":"PropertyValueSpecification","valueRequired":true,"valueName":"search_term_string"}}],"inLanguage":"fr-FR"},{"@type":"Person","@id":"https:\/\/www.africa-press.net\/djibouti\/#\/schema\/person\/2b1cf3cd81a31e3cd26889ca66d677f1","name":"cfeditorfr"}]}},"_links":{"self":[{"href":"https:\/\/www.africa-press.net\/djibouti\/wp-json\/wp\/v2\/posts\/18180","targetHints":{"allow":["GET"]}}],"collection":[{"href":"https:\/\/www.africa-press.net\/djibouti\/wp-json\/wp\/v2\/posts"}],"about":[{"href":"https:\/\/www.africa-press.net\/djibouti\/wp-json\/wp\/v2\/types\/post"}],"author":[{"embeddable":true,"href":"https:\/\/www.africa-press.net\/djibouti\/wp-json\/wp\/v2\/users\/82"}],"replies":[{"embeddable":true,"href":"https:\/\/www.africa-press.net\/djibouti\/wp-json\/wp\/v2\/comments?post=18180"}],"version-history":[{"count":0,"href":"https:\/\/www.africa-press.net\/djibouti\/wp-json\/wp\/v2\/posts\/18180\/revisions"}],"wp:featuredmedia":[{"embeddable":true,"href":"https:\/\/www.africa-press.net\/djibouti\/wp-json\/wp\/v2\/media\/18179"}],"wp:attachment":[{"href":"https:\/\/www.africa-press.net\/djibouti\/wp-json\/wp\/v2\/media?parent=18180"}],"wp:term":[{"taxonomy":"category","embeddable":true,"href":"https:\/\/www.africa-press.net\/djibouti\/wp-json\/wp\/v2\/categories?post=18180"},{"taxonomy":"post_tag","embeddable":true,"href":"https:\/\/www.africa-press.net\/djibouti\/wp-json\/wp\/v2\/tags?post=18180"}],"curies":[{"name":"wp","href":"https:\/\/api.w.org\/{rel}","templated":true}]}}