{"id":18183,"date":"2023-09-21T17:43:21","date_gmt":"2023-09-21T17:43:21","guid":{"rendered":"https:\/\/www.africa-press.net\/djibouti\/politique\/reunion-de-haut-niveau-des-pays-de-la-region-arabe-pour-le-sixieme-examen-regional-de-la-cipd"},"modified":"2023-09-21T17:55:53","modified_gmt":"2023-09-21T17:55:53","slug":"reunion-de-haut-niveau-des-pays-de-la-region-arabe-pour-le-sixieme-examen-regional-de-la-cipd","status":"publish","type":"post","link":"https:\/\/www.africa-press.net\/djibouti\/politique\/reunion-de-haut-niveau-des-pays-de-la-region-arabe-pour-le-sixieme-examen-regional-de-la-cipd","title":{"rendered":"R\u00e9union de haut niveau des pays de la r\u00e9gion arabe pour le sixi\u00e8me examen r\u00e9gional de la CIPD"},"content":{"rendered":"<p><span style=\"color: #ff6600\"><strong>Africa-Press &#8211; Djibouti. <\/strong><\/span>La ministre de la Femme et de la Famille, Mouna Osman Aden, a pris part a\u0300 une re\u0301union virtuelle de haut niveau des pays de la re\u0301gion arabe pour le sixie\u0300me examen re\u0301gional de la CIPD (Confe\u0301rence internationale sur la Population et le de\u0301veloppement) qui s\u2019est tenue le 14 septembre 2023 a\u0300 Beyrouth, au Liban.<\/p>\n<p>Cette session de haut niveau visait a\u0300 rassembler les de\u0301cideurs politiques de toute la re\u0301gion arabe pour partager les expe\u0301riences de leurs pays, dans le but de mettre en valeur leurs re\u0301alisations et relever les de\u0301fis auxquels ils sont confronte\u0301s dans l\u2019inte\u0301gration des questions de la population et du de\u0301veloppement dans les politiques publiques. Dans son discours prononce\u0301 lors de cette confe\u0301rence virtuelle, la ministre de la Femme et de la Famille a mis l\u2019accent sur un des axes prioritaires de la PNG (politique nationale genre) du MFF, l\u2019autonomisation des femmes, pour ame\u0301liorer la condition de vie de la population en ge\u0301ne\u0301ral et la situation des femmes et des filles en particulier, notamment les de\u0301fis qui doivent e\u0302tre surmonte\u0301s a\u0300 l\u2019avenir.<\/p>\n<p>Ont participe\u0301 e\u0301galement a\u0300 cette confe\u0301rence virtuelle la cheffe de bureau du FNUAP, Mme Aicha Djama, et ses proches collaborateurs, la secre\u0301taire ge\u0301ne\u0301rale du ministe\u0300re de la Femme et de la Famille, Mme Anissa Hassan Bahdon, le conseiller technique du Monde Arabe,M. Hassan Roubahe, et la Directrice de l\u2019Observatoire genre du MFF, Mme Choukri Houssein.<\/p>\n<p><strong>Pour plus d&rsquo;informations et d&rsquo;analyses sur la <a href=\"https:\/\/www.africa-press.net\/djibouti\">Djibouti<\/a>, suivez <a href=\"https:\/\/www.africa-press.net\/\">Africa-Press<\/a><\/strong><\/p>\n","protected":false},"excerpt":{"rendered":"<p>Africa-Press &#8211; Djibouti. La ministre de la Femme et de la Famille, Mouna Osman Aden, a pris part a\u0300 une re\u0301union virtuelle de haut niveau des pays de la re\u0301gion arabe pour le sixie\u0300me examen re\u0301gional de la CIPD (Confe\u0301rence internationale sur la Population et le de\u0301veloppement) qui s\u2019est tenue le 14 septembre 2023 a\u0300 [&hellip;]<\/p>\n","protected":false},"author":82,"featured_media":18181,"comment_status":"open","ping_status":"closed","sticky":false,"template":"","format":"standard","meta":{"footnotes":""},"categories":[2,20,10],"tags":[36,49,50],"class_list":["post-18183","post","type-post","status-publish","format-standard","has-post-thumbnail","hentry","category-politique","category-top-nouvelles","category-toutes-les-actualites","tag-africa-press","tag-africa-press-djibouti","tag-djibouti"],"yoast_head":"<!-- This site is optimized with the Yoast SEO Premium plugin v26.1 (Yoast SEO v27.0) - https:\/\/yoast.com\/product\/yoast-seo-premium-wordpress\/ -->\n<title>R\u00e9union de haut niveau des pays de la r\u00e9gion arabe pour le sixi\u00e8me examen r\u00e9gional de la CIPD - Djibouti<\/title>\n<meta name=\"description\" content=\"La ministre de la Femme et de la Famille, Mouna Osman Aden, a pris part a\u0300 une re\u0301union virtuelle de haut niveau des pay ...\" \/>\n<meta name=\"robots\" content=\"index, follow, max-snippet:-1, max-image-preview:large, max-video-preview:-1\" \/>\n<link rel=\"canonical\" href=\"https:\/\/www.africa-press.net\/djibouti\/politique\/reunion-de-haut-niveau-des-pays-de-la-region-arabe-pour-le-sixieme-examen-regional-de-la-cipd\" \/>\n<meta property=\"og:locale\" content=\"fr_FR\" \/>\n<meta property=\"og:type\" content=\"article\" \/>\n<meta property=\"og:title\" content=\"R\u00e9union de haut niveau des pays de la r\u00e9gion arabe pour le sixi\u00e8me examen r\u00e9gional de la CIPD\" \/>\n<meta property=\"og:description\" content=\"La ministre de la Femme et de la Famille, Mouna Osman Aden, a pris part a\u0300 une re\u0301union virtuelle de haut niveau des pay ...\" \/>\n<meta property=\"og:url\" content=\"https:\/\/www.africa-press.net\/djibouti\/politique\/reunion-de-haut-niveau-des-pays-de-la-region-arabe-pour-le-sixieme-examen-regional-de-la-cipd\" \/>\n<meta property=\"og:site_name\" content=\"Djibouti\" \/>\n<meta property=\"article:published_time\" content=\"2023-09-21T17:43:21+00:00\" \/>\n<meta property=\"article:modified_time\" content=\"2023-09-21T17:55:53+00:00\" \/>\n<meta property=\"og:image\" content=\"https:\/\/static.africa-press.net\/djibouti\/sites\/52\/2023\/09\/sm_1695306323.748886.jpg\" \/>\n\t<meta property=\"og:image:width\" content=\"720\" \/>\n\t<meta property=\"og:image:height\" content=\"480\" \/>\n\t<meta property=\"og:image:type\" content=\"image\/jpeg\" \/>\n<meta name=\"author\" content=\"cfeditorfr\" \/>\n<meta name=\"twitter:card\" content=\"summary_large_image\" \/>\n<meta name=\"twitter:label1\" content=\"\u00c9crit par\" \/>\n\t<meta name=\"twitter:data1\" content=\"cfeditorfr\" \/>\n\t<meta name=\"twitter:label2\" content=\"Dur\u00e9e de lecture estim\u00e9e\" \/>\n\t<meta name=\"twitter:data2\" content=\"2 minutes\" \/>\n<script type=\"application\/ld+json\" class=\"yoast-schema-graph\">{\"@context\":\"https:\/\/schema.org\",\"@graph\":[{\"@type\":\"Article\",\"@id\":\"https:\/\/www.africa-press.net\/djibouti\/politique\/reunion-de-haut-niveau-des-pays-de-la-region-arabe-pour-le-sixieme-examen-regional-de-la-cipd#article\",\"isPartOf\":{\"@id\":\"https:\/\/www.africa-press.net\/djibouti\/politique\/reunion-de-haut-niveau-des-pays-de-la-region-arabe-pour-le-sixieme-examen-regional-de-la-cipd\"},\"author\":{\"name\":\"cfeditorfr\",\"@id\":\"https:\/\/www.africa-press.net\/djibouti\/#\/schema\/person\/2b1cf3cd81a31e3cd26889ca66d677f1\"},\"headline\":\"R\u00e9union de haut niveau des pays de la r\u00e9gion arabe pour le sixi\u00e8me examen r\u00e9gional de la CIPD\",\"datePublished\":\"2023-09-21T17:43:21+00:00\",\"dateModified\":\"2023-09-21T17:55:53+00:00\",\"mainEntityOfPage\":{\"@id\":\"https:\/\/www.africa-press.net\/djibouti\/politique\/reunion-de-haut-niveau-des-pays-de-la-region-arabe-pour-le-sixieme-examen-regional-de-la-cipd\"},\"wordCount\":300,\"commentCount\":0,\"image\":{\"@id\":\"https:\/\/www.africa-press.net\/djibouti\/politique\/reunion-de-haut-niveau-des-pays-de-la-region-arabe-pour-le-sixieme-examen-regional-de-la-cipd#primaryimage\"},\"thumbnailUrl\":\"https:\/\/static.africa-press.net\/djibouti\/sites\/52\/2023\/09\/sm_1695306323.748886.jpg\",\"keywords\":[\"Africa Press\",\"Africa Press-Djibouti\",\"Djibouti\"],\"articleSection\":[\"Politique\",\"Top Nouvelles\",\"Toutes les actualit\u00e9s\"],\"inLanguage\":\"fr-FR\",\"potentialAction\":[{\"@type\":\"CommentAction\",\"name\":\"Comment\",\"target\":[\"https:\/\/www.africa-press.net\/djibouti\/politique\/reunion-de-haut-niveau-des-pays-de-la-region-arabe-pour-le-sixieme-examen-regional-de-la-cipd#respond\"]}]},{\"@type\":\"WebPage\",\"@id\":\"https:\/\/www.africa-press.net\/djibouti\/politique\/reunion-de-haut-niveau-des-pays-de-la-region-arabe-pour-le-sixieme-examen-regional-de-la-cipd\",\"url\":\"https:\/\/www.africa-press.net\/djibouti\/politique\/reunion-de-haut-niveau-des-pays-de-la-region-arabe-pour-le-sixieme-examen-regional-de-la-cipd\",\"name\":\"R\u00e9union de haut niveau des pays de la r\u00e9gion arabe pour le sixi\u00e8me examen r\u00e9gional de la CIPD - Djibouti\",\"isPartOf\":{\"@id\":\"https:\/\/www.africa-press.net\/djibouti\/#website\"},\"primaryImageOfPage\":{\"@id\":\"https:\/\/www.africa-press.net\/djibouti\/politique\/reunion-de-haut-niveau-des-pays-de-la-region-arabe-pour-le-sixieme-examen-regional-de-la-cipd#primaryimage\"},\"image\":{\"@id\":\"https:\/\/www.africa-press.net\/djibouti\/politique\/reunion-de-haut-niveau-des-pays-de-la-region-arabe-pour-le-sixieme-examen-regional-de-la-cipd#primaryimage\"},\"thumbnailUrl\":\"https:\/\/static.africa-press.net\/djibouti\/sites\/52\/2023\/09\/sm_1695306323.748886.jpg\",\"datePublished\":\"2023-09-21T17:43:21+00:00\",\"dateModified\":\"2023-09-21T17:55:53+00:00\",\"author\":{\"@id\":\"https:\/\/www.africa-press.net\/djibouti\/#\/schema\/person\/2b1cf3cd81a31e3cd26889ca66d677f1\"},\"description\":\"La ministre de la Femme et de la Famille, Mouna Osman Aden, a pris part a\u0300 une re\u0301union virtuelle de haut niveau des pay ...\",\"breadcrumb\":{\"@id\":\"https:\/\/www.africa-press.net\/djibouti\/politique\/reunion-de-haut-niveau-des-pays-de-la-region-arabe-pour-le-sixieme-examen-regional-de-la-cipd#breadcrumb\"},\"inLanguage\":\"fr-FR\",\"potentialAction\":[{\"@type\":\"ReadAction\",\"target\":[\"https:\/\/www.africa-press.net\/djibouti\/politique\/reunion-de-haut-niveau-des-pays-de-la-region-arabe-pour-le-sixieme-examen-regional-de-la-cipd\"]}]},{\"@type\":\"ImageObject\",\"inLanguage\":\"fr-FR\",\"@id\":\"https:\/\/www.africa-press.net\/djibouti\/politique\/reunion-de-haut-niveau-des-pays-de-la-region-arabe-pour-le-sixieme-examen-regional-de-la-cipd#primaryimage\",\"url\":\"https:\/\/static.africa-press.net\/djibouti\/sites\/52\/2023\/09\/sm_1695306323.748886.jpg\",\"contentUrl\":\"https:\/\/static.africa-press.net\/djibouti\/sites\/52\/2023\/09\/sm_1695306323.748886.jpg\",\"width\":720,\"height\":480,\"caption\":\"R\u00e9union de haut niveau des pays de la r\u00e9gion arabe pour le sixi\u00e8me examen r\u00e9gional de la CIPD\"},{\"@type\":\"BreadcrumbList\",\"@id\":\"https:\/\/www.africa-press.net\/djibouti\/politique\/reunion-de-haut-niveau-des-pays-de-la-region-arabe-pour-le-sixieme-examen-regional-de-la-cipd#breadcrumb\",\"itemListElement\":[{\"@type\":\"ListItem\",\"position\":1,\"name\":\"Accueil\",\"item\":\"https:\/\/www.africa-press.net\/djibouti\/\"},{\"@type\":\"ListItem\",\"position\":2,\"name\":\"R\u00e9union de haut niveau des pays de la r\u00e9gion arabe pour le sixi\u00e8me examen r\u00e9gional de la CIPD\"}]},{\"@type\":\"WebSite\",\"@id\":\"https:\/\/www.africa-press.net\/djibouti\/#website\",\"url\":\"https:\/\/www.africa-press.net\/djibouti\/\",\"name\":\"Djibouti\",\"description\":\"Just another Africa News Agency Sites site\",\"potentialAction\":[{\"@type\":\"SearchAction\",\"target\":{\"@type\":\"EntryPoint\",\"urlTemplate\":\"https:\/\/www.africa-press.net\/djibouti\/?s={search_term_string}\"},\"query-input\":{\"@type\":\"PropertyValueSpecification\",\"valueRequired\":true,\"valueName\":\"search_term_string\"}}],\"inLanguage\":\"fr-FR\"},{\"@type\":\"Person\",\"@id\":\"https:\/\/www.africa-press.net\/djibouti\/#\/schema\/person\/2b1cf3cd81a31e3cd26889ca66d677f1\",\"name\":\"cfeditorfr\"}]}<\/script>\n<!-- \/ Yoast SEO Premium plugin. -->","yoast_head_json":{"title":"R\u00e9union de haut niveau des pays de la r\u00e9gion arabe pour le sixi\u00e8me examen r\u00e9gional de la CIPD - Djibouti","description":"La ministre de la Femme et de la Famille, Mouna Osman Aden, a pris part a\u0300 une re\u0301union virtuelle de haut niveau des pay ...","robots":{"index":"index","follow":"follow","max-snippet":"max-snippet:-1","max-image-preview":"max-image-preview:large","max-video-preview":"max-video-preview:-1"},"canonical":"https:\/\/www.africa-press.net\/djibouti\/politique\/reunion-de-haut-niveau-des-pays-de-la-region-arabe-pour-le-sixieme-examen-regional-de-la-cipd","og_locale":"fr_FR","og_type":"article","og_title":"R\u00e9union de haut niveau des pays de la r\u00e9gion arabe pour le sixi\u00e8me examen r\u00e9gional de la CIPD","og_description":"La ministre de la Femme et de la Famille, Mouna Osman Aden, a pris part a\u0300 une re\u0301union virtuelle de haut niveau des pay ...","og_url":"https:\/\/www.africa-press.net\/djibouti\/politique\/reunion-de-haut-niveau-des-pays-de-la-region-arabe-pour-le-sixieme-examen-regional-de-la-cipd","og_site_name":"Djibouti","article_published_time":"2023-09-21T17:43:21+00:00","article_modified_time":"2023-09-21T17:55:53+00:00","og_image":[{"width":720,"height":480,"url":"https:\/\/static.africa-press.net\/djibouti\/sites\/52\/2023\/09\/sm_1695306323.748886.jpg","type":"image\/jpeg"}],"author":"cfeditorfr","twitter_card":"summary_large_image","twitter_misc":{"\u00c9crit par":"cfeditorfr","Dur\u00e9e de lecture estim\u00e9e":"2 minutes"},"schema":{"@context":"https:\/\/schema.org","@graph":[{"@type":"Article","@id":"https:\/\/www.africa-press.net\/djibouti\/politique\/reunion-de-haut-niveau-des-pays-de-la-region-arabe-pour-le-sixieme-examen-regional-de-la-cipd#article","isPartOf":{"@id":"https:\/\/www.africa-press.net\/djibouti\/politique\/reunion-de-haut-niveau-des-pays-de-la-region-arabe-pour-le-sixieme-examen-regional-de-la-cipd"},"author":{"name":"cfeditorfr","@id":"https:\/\/www.africa-press.net\/djibouti\/#\/schema\/person\/2b1cf3cd81a31e3cd26889ca66d677f1"},"headline":"R\u00e9union de haut niveau des pays de la r\u00e9gion arabe pour le sixi\u00e8me examen r\u00e9gional de la CIPD","datePublished":"2023-09-21T17:43:21+00:00","dateModified":"2023-09-21T17:55:53+00:00","mainEntityOfPage":{"@id":"https:\/\/www.africa-press.net\/djibouti\/politique\/reunion-de-haut-niveau-des-pays-de-la-region-arabe-pour-le-sixieme-examen-regional-de-la-cipd"},"wordCount":300,"commentCount":0,"image":{"@id":"https:\/\/www.africa-press.net\/djibouti\/politique\/reunion-de-haut-niveau-des-pays-de-la-region-arabe-pour-le-sixieme-examen-regional-de-la-cipd#primaryimage"},"thumbnailUrl":"https:\/\/static.africa-press.net\/djibouti\/sites\/52\/2023\/09\/sm_1695306323.748886.jpg","keywords":["Africa Press","Africa Press-Djibouti","Djibouti"],"articleSection":["Politique","Top Nouvelles","Toutes les actualit\u00e9s"],"inLanguage":"fr-FR","potentialAction":[{"@type":"CommentAction","name":"Comment","target":["https:\/\/www.africa-press.net\/djibouti\/politique\/reunion-de-haut-niveau-des-pays-de-la-region-arabe-pour-le-sixieme-examen-regional-de-la-cipd#respond"]}]},{"@type":"WebPage","@id":"https:\/\/www.africa-press.net\/djibouti\/politique\/reunion-de-haut-niveau-des-pays-de-la-region-arabe-pour-le-sixieme-examen-regional-de-la-cipd","url":"https:\/\/www.africa-press.net\/djibouti\/politique\/reunion-de-haut-niveau-des-pays-de-la-region-arabe-pour-le-sixieme-examen-regional-de-la-cipd","name":"R\u00e9union de haut niveau des pays de la r\u00e9gion arabe pour le sixi\u00e8me examen r\u00e9gional de la CIPD - Djibouti","isPartOf":{"@id":"https:\/\/www.africa-press.net\/djibouti\/#website"},"primaryImageOfPage":{"@id":"https:\/\/www.africa-press.net\/djibouti\/politique\/reunion-de-haut-niveau-des-pays-de-la-region-arabe-pour-le-sixieme-examen-regional-de-la-cipd#primaryimage"},"image":{"@id":"https:\/\/www.africa-press.net\/djibouti\/politique\/reunion-de-haut-niveau-des-pays-de-la-region-arabe-pour-le-sixieme-examen-regional-de-la-cipd#primaryimage"},"thumbnailUrl":"https:\/\/static.africa-press.net\/djibouti\/sites\/52\/2023\/09\/sm_1695306323.748886.jpg","datePublished":"2023-09-21T17:43:21+00:00","dateModified":"2023-09-21T17:55:53+00:00","author":{"@id":"https:\/\/www.africa-press.net\/djibouti\/#\/schema\/person\/2b1cf3cd81a31e3cd26889ca66d677f1"},"description":"La ministre de la Femme et de la Famille, Mouna Osman Aden, a pris part a\u0300 une re\u0301union virtuelle de haut niveau des pay ...","breadcrumb":{"@id":"https:\/\/www.africa-press.net\/djibouti\/politique\/reunion-de-haut-niveau-des-pays-de-la-region-arabe-pour-le-sixieme-examen-regional-de-la-cipd#breadcrumb"},"inLanguage":"fr-FR","potentialAction":[{"@type":"ReadAction","target":["https:\/\/www.africa-press.net\/djibouti\/politique\/reunion-de-haut-niveau-des-pays-de-la-region-arabe-pour-le-sixieme-examen-regional-de-la-cipd"]}]},{"@type":"ImageObject","inLanguage":"fr-FR","@id":"https:\/\/www.africa-press.net\/djibouti\/politique\/reunion-de-haut-niveau-des-pays-de-la-region-arabe-pour-le-sixieme-examen-regional-de-la-cipd#primaryimage","url":"https:\/\/static.africa-press.net\/djibouti\/sites\/52\/2023\/09\/sm_1695306323.748886.jpg","contentUrl":"https:\/\/static.africa-press.net\/djibouti\/sites\/52\/2023\/09\/sm_1695306323.748886.jpg","width":720,"height":480,"caption":"R\u00e9union de haut niveau des pays de la r\u00e9gion arabe pour le sixi\u00e8me examen r\u00e9gional de la CIPD"},{"@type":"BreadcrumbList","@id":"https:\/\/www.africa-press.net\/djibouti\/politique\/reunion-de-haut-niveau-des-pays-de-la-region-arabe-pour-le-sixieme-examen-regional-de-la-cipd#breadcrumb","itemListElement":[{"@type":"ListItem","position":1,"name":"Accueil","item":"https:\/\/www.africa-press.net\/djibouti\/"},{"@type":"ListItem","position":2,"name":"R\u00e9union de haut niveau des pays de la r\u00e9gion arabe pour le sixi\u00e8me examen r\u00e9gional de la CIPD"}]},{"@type":"WebSite","@id":"https:\/\/www.africa-press.net\/djibouti\/#website","url":"https:\/\/www.africa-press.net\/djibouti\/","name":"Djibouti","description":"Just another Africa News Agency Sites site","potentialAction":[{"@type":"SearchAction","target":{"@type":"EntryPoint","urlTemplate":"https:\/\/www.africa-press.net\/djibouti\/?s={search_term_string}"},"query-input":{"@type":"PropertyValueSpecification","valueRequired":true,"valueName":"search_term_string"}}],"inLanguage":"fr-FR"},{"@type":"Person","@id":"https:\/\/www.africa-press.net\/djibouti\/#\/schema\/person\/2b1cf3cd81a31e3cd26889ca66d677f1","name":"cfeditorfr"}]}},"_links":{"self":[{"href":"https:\/\/www.africa-press.net\/djibouti\/wp-json\/wp\/v2\/posts\/18183","targetHints":{"allow":["GET"]}}],"collection":[{"href":"https:\/\/www.africa-press.net\/djibouti\/wp-json\/wp\/v2\/posts"}],"about":[{"href":"https:\/\/www.africa-press.net\/djibouti\/wp-json\/wp\/v2\/types\/post"}],"author":[{"embeddable":true,"href":"https:\/\/www.africa-press.net\/djibouti\/wp-json\/wp\/v2\/users\/82"}],"replies":[{"embeddable":true,"href":"https:\/\/www.africa-press.net\/djibouti\/wp-json\/wp\/v2\/comments?post=18183"}],"version-history":[{"count":0,"href":"https:\/\/www.africa-press.net\/djibouti\/wp-json\/wp\/v2\/posts\/18183\/revisions"}],"wp:featuredmedia":[{"embeddable":true,"href":"https:\/\/www.africa-press.net\/djibouti\/wp-json\/wp\/v2\/media\/18181"}],"wp:attachment":[{"href":"https:\/\/www.africa-press.net\/djibouti\/wp-json\/wp\/v2\/media?parent=18183"}],"wp:term":[{"taxonomy":"category","embeddable":true,"href":"https:\/\/www.africa-press.net\/djibouti\/wp-json\/wp\/v2\/categories?post=18183"},{"taxonomy":"post_tag","embeddable":true,"href":"https:\/\/www.africa-press.net\/djibouti\/wp-json\/wp\/v2\/tags?post=18183"}],"curies":[{"name":"wp","href":"https:\/\/api.w.org\/{rel}","templated":true}]}}