{"id":18188,"date":"2023-09-21T17:43:46","date_gmt":"2023-09-21T17:43:46","guid":{"rendered":"https:\/\/www.africa-press.net\/djibouti\/politique\/coup-denvoi-des-activites-du-programme-dappui-a-la-societe-civile"},"modified":"2023-09-21T17:56:34","modified_gmt":"2023-09-21T17:56:34","slug":"coup-denvoi-des-activites-du-programme-dappui-a-la-societe-civile","status":"publish","type":"post","link":"https:\/\/www.africa-press.net\/djibouti\/politique\/coup-denvoi-des-activites-du-programme-dappui-a-la-societe-civile","title":{"rendered":"Coup d\u2019envoi des activit\u00e9s du programme d\u2019appui \u00e0 la soci\u00e9t\u00e9 civile"},"content":{"rendered":"<p><span style=\"color: #ff6600\"><strong>Africa-Press &#8211; Djibouti. <\/strong><\/span>Le ministre de\u0301le\u0301gue\u0301 charge\u0301 de la De\u0301centralisation, Kassim Haroun Ali, a co-pre\u0301side\u0301 le 13 septembre 2023 au Sheraton Ho\u0302tel une ce\u0301re\u0301monie marquant le de\u0301marrage des activite\u0301s du programme d\u2019appui a\u0300 lasocie\u0301te\u0301 civile finance\u0301 par l\u2019USAID et exe\u0301cute\u0301 par Kaizen Company. Cette ce\u0301re\u0301monie intervient suite a\u0300 la signature des conventions de partenariat entre Kaizen Company et les institutions concerne\u0301es par ce programme d\u2019appui a\u0300 la socie\u0301te\u0301 civile. Ces institutions sont : le ministe\u0300re de\u0301le\u0301gue\u0301 charge\u0301 de la De\u0301centralisation, le ministe\u0300re de la Femme et de la famille, le ministe\u0300re de l\u2019Inte\u0301rieur ainsi que l\u2019UNFD (Union Nationale des Femmes Djiboutiennes).<\/p>\n<p>La ce\u0301re\u0301monie a rassemble\u0301 tous les acteurs institutionnels et particulie\u0300rement les pre\u0301sidents des conseils re\u0301gionaux et les pre\u0301fets des 5 re\u0301gions de l\u2019Inte\u0301rieur. Il est important de rappeler que ce programme d\u2019appui a\u0300 la socie\u0301te\u0301 civile couvre uniquement les re\u0301gions de l\u2019inte\u0301rieur qui ont de\u0301ja\u0300 be\u0301ne\u0301ficie\u0301 d\u2019une assistance mate\u0301rielle et d\u2019un financement pour re\u0301aliser de micro-projets par le biais de subventions accorde\u0301es a\u0300 5 associations par re\u0301gion.<\/p>\n<p>Dans son allocution, le ministre de\u0301le\u0301gue\u0301 charge\u0301 de la De\u0301centralisation ad\u2019abord remercie\u0301 l\u2019USAID pour son appui financier et pour son souci de contribuer au de\u0301veloppement des re\u0301gions de l\u2019inte\u0301rieur qui accusent un retard conse\u0301quent dans le domaine socio-e\u0301conomique. Il a aussi rappele\u0301 que cet appui s\u2019inscrit parfaitement dans les objectifs du ministe\u0300re qui a fixe\u0301 parmi ses priorite\u0301s le de\u0301veloppement local a\u0300 travers un soutien a\u0300 la socie\u0301te\u0301 civile.<\/p>\n<p>Le de\u0301veloppement et la promotion de la socie\u0301te\u0301 civile font partie de la politique du gouvernement que le Pre\u0301sident de la Re\u0301publique a assigne\u0301e au ministe\u0300re de\u0301le\u0301gue\u0301 charge\u0301 de la de\u0301centralisation. Le Ministre a conclu son intervention sur le caracte\u0300re pre\u0301cieux de cet appui et a sugge\u0301re\u0301 a\u0300 la socie\u0301te\u0301 civile djiboutienne ainsi qu\u2019aux e\u0301lus et repre\u0301sentants del\u2019Etat de tirer le maximum de profit de ce programme pour ame\u0301liorer les conditions de vie des populations vivant dans les re\u0301gions de l\u2019inte\u0301rieur.<\/p>\n\r\n                <style type=\"text\/css\">\r\n                    \r\n                    #td_uid_1_69f158317502b  .td-doubleSlider-2 .td-item1 {\r\n                        background: url(https:\/\/static.africa-press.net\/djibouti\/sites\/52\/2023\/09\/sm_1695306342.96959-80x60.jpg) 0 0 no-repeat;\r\n                    }\r\n                    #td_uid_1_69f158317502b  .td-doubleSlider-2 .td-item2 {\r\n                        background: url(https:\/\/static.africa-press.net\/djibouti\/sites\/52\/2023\/09\/sm_1695306362.135342-80x60.jpg) 0 0 no-repeat;\r\n                    }\r\n                <\/style>\r\n\r\n                <div id=\"td_uid_1_69f158317502b\" class=\"td-gallery td-slide-on-2-columns\">\r\n                    <div class=\"post_td_gallery\">\r\n                        <div class=\"td-gallery-slide-top\">\r\n                           <div class=\"td-gallery-title\"><\/div>\r\n\r\n                            <div class=\"td-gallery-controls-wrapper\">\r\n                                <div class=\"td-gallery-slide-count\"><span class=\"td-gallery-slide-item-focus\">1<\/span> de 2<\/div>\r\n                                <div class=\"td-gallery-slide-prev-next-but\">\r\n                                    <i class = \"td-icon-left doubleSliderPrevButton\"><\/i>\r\n                                    <i class = \"td-icon-right doubleSliderNextButton\"><\/i>\r\n                                <\/div>\r\n                            <\/div>\r\n                        <\/div>\r\n\r\n                        <div class = \"td-doubleSlider-1 \">\r\n                            <div class = \"td-slider\">\r\n                                \r\n                    <div class = \"td-slide-item td-item1\">\r\n                        <figure class=\"td-slide-galery-figure td-slide-popup-gallery\">\r\n                            <a class=\"slide-gallery-image-link\" href=\"https:\/\/static.africa-press.net\/djibouti\/sites\/52\/2023\/09\/sm_1695306342.96959.jpg\" title=\"sm_1695306342.96959\"  data-caption=\"\"  data-description=\"\">\r\n                                <img decoding=\"async\" src=\"https:\/\/static.africa-press.net\/djibouti\/sites\/52\/2023\/09\/sm_1695306342.96959.jpg\" srcset=\"https:\/\/static.africa-press.net\/djibouti\/sites\/52\/2023\/09\/sm_1695306342.96959.jpg 1024w, https:\/\/static.africa-press.net\/djibouti\/sites\/52\/2023\/09\/sm_1695306342.96959-300x225.jpg 300w, https:\/\/static.africa-press.net\/djibouti\/sites\/52\/2023\/09\/sm_1695306342.96959-768x576.jpg 768w, https:\/\/static.africa-press.net\/djibouti\/sites\/52\/2023\/09\/sm_1695306342.96959-80x60.jpg 80w\" sizes=\"(max-width: 1024px) 100vw, 1024px\" alt=\"\">\r\n                            <\/a>\r\n                            \r\n                        <\/figure>\r\n                    <\/div>\r\n                    <div class = \"td-slide-item td-item2\">\r\n                        <figure class=\"td-slide-galery-figure td-slide-popup-gallery\">\r\n                            <a class=\"slide-gallery-image-link\" href=\"https:\/\/static.africa-press.net\/djibouti\/sites\/52\/2023\/09\/sm_1695306362.135342.jpg\" title=\"sm_1695306362.135342\"  data-caption=\"\"  data-description=\"\">\r\n                                <img decoding=\"async\" src=\"https:\/\/static.africa-press.net\/djibouti\/sites\/52\/2023\/09\/sm_1695306362.135342.jpg\" srcset=\"https:\/\/static.africa-press.net\/djibouti\/sites\/52\/2023\/09\/sm_1695306362.135342.jpg 1024w, https:\/\/static.africa-press.net\/djibouti\/sites\/52\/2023\/09\/sm_1695306362.135342-300x225.jpg 300w, https:\/\/static.africa-press.net\/djibouti\/sites\/52\/2023\/09\/sm_1695306362.135342-768x576.jpg 768w, https:\/\/static.africa-press.net\/djibouti\/sites\/52\/2023\/09\/sm_1695306362.135342-80x60.jpg 80w\" sizes=\"(max-width: 1024px) 100vw, 1024px\" alt=\"\">\r\n                            <\/a>\r\n                            \r\n                        <\/figure>\r\n                    <\/div>\r\n                            <\/div>\r\n                        <\/div>\r\n\r\n                        <div class = \"td-doubleSlider-2\">\r\n                            <div class = \"td-slider\">\r\n                                \r\n                    <div class = \"td-button td-item1\">\r\n                        <div class = \"td-border\"><\/div>\r\n                    <\/div>\r\n                    <div class = \"td-button td-item2\">\r\n                        <div class = \"td-border\"><\/div>\r\n                    <\/div>\r\n                            <\/div>\r\n                        <\/div>\r\n\r\n                    <\/div>\r\n\r\n                <\/div>\r\n                \n<p><strong>Pour plus d&rsquo;informations et d&rsquo;analyses sur la <a href=\"https:\/\/www.africa-press.net\/djibouti\">Djibouti<\/a>, suivez <a href=\"https:\/\/www.africa-press.net\/\">Africa-Press<\/a><\/strong><\/p>\n","protected":false},"excerpt":{"rendered":"<p>Africa-Press &#8211; Djibouti. Le ministre de\u0301le\u0301gue\u0301 charge\u0301 de la De\u0301centralisation, Kassim Haroun Ali, a co-pre\u0301side\u0301 le 13 septembre 2023 au Sheraton Ho\u0302tel une ce\u0301re\u0301monie marquant le de\u0301marrage des activite\u0301s du programme d\u2019appui a\u0300 lasocie\u0301te\u0301 civile finance\u0301 par l\u2019USAID et exe\u0301cute\u0301 par Kaizen Company. Cette ce\u0301re\u0301monie intervient suite a\u0300 la signature des conventions de partenariat entre [&hellip;]<\/p>\n","protected":false},"author":82,"featured_media":18187,"comment_status":"open","ping_status":"closed","sticky":false,"template":"","format":"standard","meta":{"footnotes":""},"categories":[8,2,10],"tags":[36,49,50],"class_list":["post-18188","post","type-post","status-publish","format-standard","has-post-thumbnail","hentry","category-photo","category-politique","category-toutes-les-actualites","tag-africa-press","tag-africa-press-djibouti","tag-djibouti"],"yoast_head":"<!-- This site is optimized with the Yoast SEO Premium plugin v26.1 (Yoast SEO v27.0) - https:\/\/yoast.com\/product\/yoast-seo-premium-wordpress\/ -->\n<title>Coup d\u2019envoi des activit\u00e9s du programme d\u2019appui \u00e0 la soci\u00e9t\u00e9 civile - Djibouti<\/title>\n<meta name=\"description\" content=\"Le ministre de\u0301le\u0301gue\u0301 charge\u0301 de la De\u0301centralisation, Kassim Haroun Ali, a co-pre\u0301side\u0301 le 13 septembre 2023 au Sherat ...\" \/>\n<meta name=\"robots\" content=\"index, follow, max-snippet:-1, max-image-preview:large, max-video-preview:-1\" \/>\n<link rel=\"canonical\" href=\"https:\/\/www.africa-press.net\/djibouti\/politique\/coup-denvoi-des-activites-du-programme-dappui-a-la-societe-civile\" \/>\n<meta property=\"og:locale\" content=\"fr_FR\" \/>\n<meta property=\"og:type\" content=\"article\" \/>\n<meta property=\"og:title\" content=\"Coup d\u2019envoi des activit\u00e9s du programme d\u2019appui \u00e0 la soci\u00e9t\u00e9 civile\" \/>\n<meta property=\"og:description\" content=\"Le ministre de\u0301le\u0301gue\u0301 charge\u0301 de la De\u0301centralisation, Kassim Haroun Ali, a co-pre\u0301side\u0301 le 13 septembre 2023 au Sherat ...\" \/>\n<meta property=\"og:url\" content=\"https:\/\/www.africa-press.net\/djibouti\/politique\/coup-denvoi-des-activites-du-programme-dappui-a-la-societe-civile\" \/>\n<meta property=\"og:site_name\" content=\"Djibouti\" \/>\n<meta property=\"article:published_time\" content=\"2023-09-21T17:43:46+00:00\" \/>\n<meta property=\"article:modified_time\" content=\"2023-09-21T17:56:34+00:00\" \/>\n<meta property=\"og:image\" content=\"https:\/\/static.africa-press.net\/djibouti\/sites\/52\/2023\/09\/sm_1695306375.845646.jpg\" \/>\n\t<meta property=\"og:image:width\" content=\"720\" \/>\n\t<meta property=\"og:image:height\" content=\"540\" \/>\n\t<meta property=\"og:image:type\" content=\"image\/jpeg\" \/>\n<meta name=\"author\" content=\"cfeditorfr\" \/>\n<meta name=\"twitter:card\" content=\"summary_large_image\" \/>\n<meta name=\"twitter:label1\" content=\"\u00c9crit par\" \/>\n\t<meta name=\"twitter:data1\" content=\"cfeditorfr\" \/>\n\t<meta name=\"twitter:label2\" content=\"Dur\u00e9e de lecture estim\u00e9e\" \/>\n\t<meta name=\"twitter:data2\" content=\"2 minutes\" \/>\n<script type=\"application\/ld+json\" class=\"yoast-schema-graph\">{\"@context\":\"https:\/\/schema.org\",\"@graph\":[{\"@type\":\"Article\",\"@id\":\"https:\/\/www.africa-press.net\/djibouti\/politique\/coup-denvoi-des-activites-du-programme-dappui-a-la-societe-civile#article\",\"isPartOf\":{\"@id\":\"https:\/\/www.africa-press.net\/djibouti\/politique\/coup-denvoi-des-activites-du-programme-dappui-a-la-societe-civile\"},\"author\":{\"name\":\"cfeditorfr\",\"@id\":\"https:\/\/www.africa-press.net\/djibouti\/#\/schema\/person\/2b1cf3cd81a31e3cd26889ca66d677f1\"},\"headline\":\"Coup d\u2019envoi des activit\u00e9s du programme d\u2019appui \u00e0 la soci\u00e9t\u00e9 civile\",\"datePublished\":\"2023-09-21T17:43:46+00:00\",\"dateModified\":\"2023-09-21T17:56:34+00:00\",\"mainEntityOfPage\":{\"@id\":\"https:\/\/www.africa-press.net\/djibouti\/politique\/coup-denvoi-des-activites-du-programme-dappui-a-la-societe-civile\"},\"wordCount\":436,\"commentCount\":0,\"image\":{\"@id\":\"https:\/\/www.africa-press.net\/djibouti\/politique\/coup-denvoi-des-activites-du-programme-dappui-a-la-societe-civile#primaryimage\"},\"thumbnailUrl\":\"https:\/\/static.africa-press.net\/djibouti\/sites\/52\/2023\/09\/sm_1695306375.845646.jpg\",\"keywords\":[\"Africa Press\",\"Africa Press-Djibouti\",\"Djibouti\"],\"articleSection\":[\"Photo\",\"Politique\",\"Toutes les actualit\u00e9s\"],\"inLanguage\":\"fr-FR\",\"potentialAction\":[{\"@type\":\"CommentAction\",\"name\":\"Comment\",\"target\":[\"https:\/\/www.africa-press.net\/djibouti\/politique\/coup-denvoi-des-activites-du-programme-dappui-a-la-societe-civile#respond\"]}]},{\"@type\":\"WebPage\",\"@id\":\"https:\/\/www.africa-press.net\/djibouti\/politique\/coup-denvoi-des-activites-du-programme-dappui-a-la-societe-civile\",\"url\":\"https:\/\/www.africa-press.net\/djibouti\/politique\/coup-denvoi-des-activites-du-programme-dappui-a-la-societe-civile\",\"name\":\"Coup d\u2019envoi des activit\u00e9s du programme d\u2019appui \u00e0 la soci\u00e9t\u00e9 civile - Djibouti\",\"isPartOf\":{\"@id\":\"https:\/\/www.africa-press.net\/djibouti\/#website\"},\"primaryImageOfPage\":{\"@id\":\"https:\/\/www.africa-press.net\/djibouti\/politique\/coup-denvoi-des-activites-du-programme-dappui-a-la-societe-civile#primaryimage\"},\"image\":{\"@id\":\"https:\/\/www.africa-press.net\/djibouti\/politique\/coup-denvoi-des-activites-du-programme-dappui-a-la-societe-civile#primaryimage\"},\"thumbnailUrl\":\"https:\/\/static.africa-press.net\/djibouti\/sites\/52\/2023\/09\/sm_1695306375.845646.jpg\",\"datePublished\":\"2023-09-21T17:43:46+00:00\",\"dateModified\":\"2023-09-21T17:56:34+00:00\",\"author\":{\"@id\":\"https:\/\/www.africa-press.net\/djibouti\/#\/schema\/person\/2b1cf3cd81a31e3cd26889ca66d677f1\"},\"description\":\"Le ministre de\u0301le\u0301gue\u0301 charge\u0301 de la De\u0301centralisation, Kassim Haroun Ali, a co-pre\u0301side\u0301 le 13 septembre 2023 au Sherat ...\",\"breadcrumb\":{\"@id\":\"https:\/\/www.africa-press.net\/djibouti\/politique\/coup-denvoi-des-activites-du-programme-dappui-a-la-societe-civile#breadcrumb\"},\"inLanguage\":\"fr-FR\",\"potentialAction\":[{\"@type\":\"ReadAction\",\"target\":[\"https:\/\/www.africa-press.net\/djibouti\/politique\/coup-denvoi-des-activites-du-programme-dappui-a-la-societe-civile\"]}]},{\"@type\":\"ImageObject\",\"inLanguage\":\"fr-FR\",\"@id\":\"https:\/\/www.africa-press.net\/djibouti\/politique\/coup-denvoi-des-activites-du-programme-dappui-a-la-societe-civile#primaryimage\",\"url\":\"https:\/\/static.africa-press.net\/djibouti\/sites\/52\/2023\/09\/sm_1695306375.845646.jpg\",\"contentUrl\":\"https:\/\/static.africa-press.net\/djibouti\/sites\/52\/2023\/09\/sm_1695306375.845646.jpg\",\"width\":720,\"height\":540,\"caption\":\"Coup d\u2019envoi des activit\u00e9s du programme d\u2019appui \u00e0 la soci\u00e9t\u00e9 civile\"},{\"@type\":\"BreadcrumbList\",\"@id\":\"https:\/\/www.africa-press.net\/djibouti\/politique\/coup-denvoi-des-activites-du-programme-dappui-a-la-societe-civile#breadcrumb\",\"itemListElement\":[{\"@type\":\"ListItem\",\"position\":1,\"name\":\"Accueil\",\"item\":\"https:\/\/www.africa-press.net\/djibouti\/\"},{\"@type\":\"ListItem\",\"position\":2,\"name\":\"Coup d\u2019envoi des activit\u00e9s du programme d\u2019appui \u00e0 la soci\u00e9t\u00e9 civile\"}]},{\"@type\":\"WebSite\",\"@id\":\"https:\/\/www.africa-press.net\/djibouti\/#website\",\"url\":\"https:\/\/www.africa-press.net\/djibouti\/\",\"name\":\"Djibouti\",\"description\":\"Just another Africa News Agency Sites site\",\"potentialAction\":[{\"@type\":\"SearchAction\",\"target\":{\"@type\":\"EntryPoint\",\"urlTemplate\":\"https:\/\/www.africa-press.net\/djibouti\/?s={search_term_string}\"},\"query-input\":{\"@type\":\"PropertyValueSpecification\",\"valueRequired\":true,\"valueName\":\"search_term_string\"}}],\"inLanguage\":\"fr-FR\"},{\"@type\":\"Person\",\"@id\":\"https:\/\/www.africa-press.net\/djibouti\/#\/schema\/person\/2b1cf3cd81a31e3cd26889ca66d677f1\",\"name\":\"cfeditorfr\"}]}<\/script>\n<!-- \/ Yoast SEO Premium plugin. -->","yoast_head_json":{"title":"Coup d\u2019envoi des activit\u00e9s du programme d\u2019appui \u00e0 la soci\u00e9t\u00e9 civile - Djibouti","description":"Le ministre de\u0301le\u0301gue\u0301 charge\u0301 de la De\u0301centralisation, Kassim Haroun Ali, a co-pre\u0301side\u0301 le 13 septembre 2023 au Sherat ...","robots":{"index":"index","follow":"follow","max-snippet":"max-snippet:-1","max-image-preview":"max-image-preview:large","max-video-preview":"max-video-preview:-1"},"canonical":"https:\/\/www.africa-press.net\/djibouti\/politique\/coup-denvoi-des-activites-du-programme-dappui-a-la-societe-civile","og_locale":"fr_FR","og_type":"article","og_title":"Coup d\u2019envoi des activit\u00e9s du programme d\u2019appui \u00e0 la soci\u00e9t\u00e9 civile","og_description":"Le ministre de\u0301le\u0301gue\u0301 charge\u0301 de la De\u0301centralisation, Kassim Haroun Ali, a co-pre\u0301side\u0301 le 13 septembre 2023 au Sherat ...","og_url":"https:\/\/www.africa-press.net\/djibouti\/politique\/coup-denvoi-des-activites-du-programme-dappui-a-la-societe-civile","og_site_name":"Djibouti","article_published_time":"2023-09-21T17:43:46+00:00","article_modified_time":"2023-09-21T17:56:34+00:00","og_image":[{"width":720,"height":540,"url":"https:\/\/static.africa-press.net\/djibouti\/sites\/52\/2023\/09\/sm_1695306375.845646.jpg","type":"image\/jpeg"}],"author":"cfeditorfr","twitter_card":"summary_large_image","twitter_misc":{"\u00c9crit par":"cfeditorfr","Dur\u00e9e de lecture estim\u00e9e":"2 minutes"},"schema":{"@context":"https:\/\/schema.org","@graph":[{"@type":"Article","@id":"https:\/\/www.africa-press.net\/djibouti\/politique\/coup-denvoi-des-activites-du-programme-dappui-a-la-societe-civile#article","isPartOf":{"@id":"https:\/\/www.africa-press.net\/djibouti\/politique\/coup-denvoi-des-activites-du-programme-dappui-a-la-societe-civile"},"author":{"name":"cfeditorfr","@id":"https:\/\/www.africa-press.net\/djibouti\/#\/schema\/person\/2b1cf3cd81a31e3cd26889ca66d677f1"},"headline":"Coup d\u2019envoi des activit\u00e9s du programme d\u2019appui \u00e0 la soci\u00e9t\u00e9 civile","datePublished":"2023-09-21T17:43:46+00:00","dateModified":"2023-09-21T17:56:34+00:00","mainEntityOfPage":{"@id":"https:\/\/www.africa-press.net\/djibouti\/politique\/coup-denvoi-des-activites-du-programme-dappui-a-la-societe-civile"},"wordCount":436,"commentCount":0,"image":{"@id":"https:\/\/www.africa-press.net\/djibouti\/politique\/coup-denvoi-des-activites-du-programme-dappui-a-la-societe-civile#primaryimage"},"thumbnailUrl":"https:\/\/static.africa-press.net\/djibouti\/sites\/52\/2023\/09\/sm_1695306375.845646.jpg","keywords":["Africa Press","Africa Press-Djibouti","Djibouti"],"articleSection":["Photo","Politique","Toutes les actualit\u00e9s"],"inLanguage":"fr-FR","potentialAction":[{"@type":"CommentAction","name":"Comment","target":["https:\/\/www.africa-press.net\/djibouti\/politique\/coup-denvoi-des-activites-du-programme-dappui-a-la-societe-civile#respond"]}]},{"@type":"WebPage","@id":"https:\/\/www.africa-press.net\/djibouti\/politique\/coup-denvoi-des-activites-du-programme-dappui-a-la-societe-civile","url":"https:\/\/www.africa-press.net\/djibouti\/politique\/coup-denvoi-des-activites-du-programme-dappui-a-la-societe-civile","name":"Coup d\u2019envoi des activit\u00e9s du programme d\u2019appui \u00e0 la soci\u00e9t\u00e9 civile - Djibouti","isPartOf":{"@id":"https:\/\/www.africa-press.net\/djibouti\/#website"},"primaryImageOfPage":{"@id":"https:\/\/www.africa-press.net\/djibouti\/politique\/coup-denvoi-des-activites-du-programme-dappui-a-la-societe-civile#primaryimage"},"image":{"@id":"https:\/\/www.africa-press.net\/djibouti\/politique\/coup-denvoi-des-activites-du-programme-dappui-a-la-societe-civile#primaryimage"},"thumbnailUrl":"https:\/\/static.africa-press.net\/djibouti\/sites\/52\/2023\/09\/sm_1695306375.845646.jpg","datePublished":"2023-09-21T17:43:46+00:00","dateModified":"2023-09-21T17:56:34+00:00","author":{"@id":"https:\/\/www.africa-press.net\/djibouti\/#\/schema\/person\/2b1cf3cd81a31e3cd26889ca66d677f1"},"description":"Le ministre de\u0301le\u0301gue\u0301 charge\u0301 de la De\u0301centralisation, Kassim Haroun Ali, a co-pre\u0301side\u0301 le 13 septembre 2023 au Sherat ...","breadcrumb":{"@id":"https:\/\/www.africa-press.net\/djibouti\/politique\/coup-denvoi-des-activites-du-programme-dappui-a-la-societe-civile#breadcrumb"},"inLanguage":"fr-FR","potentialAction":[{"@type":"ReadAction","target":["https:\/\/www.africa-press.net\/djibouti\/politique\/coup-denvoi-des-activites-du-programme-dappui-a-la-societe-civile"]}]},{"@type":"ImageObject","inLanguage":"fr-FR","@id":"https:\/\/www.africa-press.net\/djibouti\/politique\/coup-denvoi-des-activites-du-programme-dappui-a-la-societe-civile#primaryimage","url":"https:\/\/static.africa-press.net\/djibouti\/sites\/52\/2023\/09\/sm_1695306375.845646.jpg","contentUrl":"https:\/\/static.africa-press.net\/djibouti\/sites\/52\/2023\/09\/sm_1695306375.845646.jpg","width":720,"height":540,"caption":"Coup d\u2019envoi des activit\u00e9s du programme d\u2019appui \u00e0 la soci\u00e9t\u00e9 civile"},{"@type":"BreadcrumbList","@id":"https:\/\/www.africa-press.net\/djibouti\/politique\/coup-denvoi-des-activites-du-programme-dappui-a-la-societe-civile#breadcrumb","itemListElement":[{"@type":"ListItem","position":1,"name":"Accueil","item":"https:\/\/www.africa-press.net\/djibouti\/"},{"@type":"ListItem","position":2,"name":"Coup d\u2019envoi des activit\u00e9s du programme d\u2019appui \u00e0 la soci\u00e9t\u00e9 civile"}]},{"@type":"WebSite","@id":"https:\/\/www.africa-press.net\/djibouti\/#website","url":"https:\/\/www.africa-press.net\/djibouti\/","name":"Djibouti","description":"Just another Africa News Agency Sites site","potentialAction":[{"@type":"SearchAction","target":{"@type":"EntryPoint","urlTemplate":"https:\/\/www.africa-press.net\/djibouti\/?s={search_term_string}"},"query-input":{"@type":"PropertyValueSpecification","valueRequired":true,"valueName":"search_term_string"}}],"inLanguage":"fr-FR"},{"@type":"Person","@id":"https:\/\/www.africa-press.net\/djibouti\/#\/schema\/person\/2b1cf3cd81a31e3cd26889ca66d677f1","name":"cfeditorfr"}]}},"_links":{"self":[{"href":"https:\/\/www.africa-press.net\/djibouti\/wp-json\/wp\/v2\/posts\/18188","targetHints":{"allow":["GET"]}}],"collection":[{"href":"https:\/\/www.africa-press.net\/djibouti\/wp-json\/wp\/v2\/posts"}],"about":[{"href":"https:\/\/www.africa-press.net\/djibouti\/wp-json\/wp\/v2\/types\/post"}],"author":[{"embeddable":true,"href":"https:\/\/www.africa-press.net\/djibouti\/wp-json\/wp\/v2\/users\/82"}],"replies":[{"embeddable":true,"href":"https:\/\/www.africa-press.net\/djibouti\/wp-json\/wp\/v2\/comments?post=18188"}],"version-history":[{"count":0,"href":"https:\/\/www.africa-press.net\/djibouti\/wp-json\/wp\/v2\/posts\/18188\/revisions"}],"wp:featuredmedia":[{"embeddable":true,"href":"https:\/\/www.africa-press.net\/djibouti\/wp-json\/wp\/v2\/media\/18187"}],"wp:attachment":[{"href":"https:\/\/www.africa-press.net\/djibouti\/wp-json\/wp\/v2\/media?parent=18188"}],"wp:term":[{"taxonomy":"category","embeddable":true,"href":"https:\/\/www.africa-press.net\/djibouti\/wp-json\/wp\/v2\/categories?post=18188"},{"taxonomy":"post_tag","embeddable":true,"href":"https:\/\/www.africa-press.net\/djibouti\/wp-json\/wp\/v2\/tags?post=18188"}],"curies":[{"name":"wp","href":"https:\/\/api.w.org\/{rel}","templated":true}]}}