{"id":18193,"date":"2023-09-21T17:44:14","date_gmt":"2023-09-21T17:44:14","guid":{"rendered":"https:\/\/www.africa-press.net\/djibouti\/politique\/cloture-de-latelier-sur-la-redaction-du-pacte-de-partenariat-sur-la-reforme-prioritaire"},"modified":"2023-09-21T17:57:06","modified_gmt":"2023-09-21T17:57:06","slug":"cloture-de-latelier-sur-la-redaction-du-pacte-de-partenariat-sur-la-reforme-prioritaire","status":"publish","type":"post","link":"https:\/\/www.africa-press.net\/djibouti\/politique\/cloture-de-latelier-sur-la-redaction-du-pacte-de-partenariat-sur-la-reforme-prioritaire","title":{"rendered":"Cl\u00f4ture de l\u2019atelier sur la r\u00e9daction du pacte de partenariat sur la r\u00e9forme prioritaire"},"content":{"rendered":"<p><span style=\"color: #ff6600\"><strong>Africa-Press &#8211; Djibouti. <\/strong><\/span>Sous la pre\u0301sidence du SG, le MENFOP a clo\u0302ture\u0301 le14 septembre 2023, un atelier de 5 jours portant sur la re\u0301daction d\u2019un pacte de partenariat entre le Menfop et les partenaires mondiaux de l\u2019e\u0301ducation. Lequel pacte servira de feuille de route pour la mise en \u0153uvre des re\u0301formes prioritaires susceptibles de catalyser des changements du syste\u0300me e\u0301ducatif.<\/p>\n<p>Les hauts cadres du ministe\u0300re de l\u2019e\u0301ducation et des repre\u0301sentants du GLPE et de la socie\u0301te\u0301 civileont pris part a\u0300 la restitution des travaux de l\u2019atelier. L\u2019objectif ge\u0301ne\u0301ral cible\u0301 par la reforme prioritaire au cours des 5 prochaines anne\u0301es consiste a\u0300 garantir l\u2019ache\u0300vement de l\u2019enseignement fondamental et la transition du secondaire en re\u0301duisant sensiblement les disparite\u0301s re\u0301gionales et les ine\u0301galite\u0301s en faveur d\u2019unee\u0301cole inclusive, e\u0301quitable et de qualite\u0301. De fac\u0327on plus spe\u0301cifique, la re\u0301forme prioritaire vise a\u0300 re\u0301duire les disparite\u0301s re\u0301gionales en ame\u0301liorant et en adaptant l\u2019environnement scolaire et les conditions d\u2019enseignement et d\u2019apprentissage aux re\u0301alite\u0301s des zones vulne\u0301rables et de leurs populations.<\/p>\n<p>Par ailleurs, elle ambitionne a\u0300 garantir l\u2019e\u0301quite\u0301 a\u0300 travers le renforcement des apprentissages et des compe\u0301tences de vie, du pre\u0301scolaire au fondamentale, en ciblant les populations vulne\u0301rables et les e\u0301le\u0300ves en difficulte\u0301 d\u2019apprentissage. De plus, la re\u0301forme s\u2019atte\u0300lera a\u0300 transformer et dynamiser le pilotage du syste\u0300me e\u0301ducatif au niveau re\u0301gional et communal en renforc\u0327ant substantiellement leur capacite\u0301 a\u0300 prendre des de\u0301cisions susceptibles d\u2019apporter des solutions idoines aux besoins spe\u0301cifiques de chaque re\u0301gion.<\/p>\n\r\n                <style type=\"text\/css\">\r\n                    \r\n                    #td_uid_1_69f1583039fd4  .td-doubleSlider-2 .td-item1 {\r\n                        background: url(https:\/\/static.africa-press.net\/djibouti\/sites\/52\/2023\/09\/sm_1695306391.117086-80x60.jpg) 0 0 no-repeat;\r\n                    }\r\n                    #td_uid_1_69f1583039fd4  .td-doubleSlider-2 .td-item2 {\r\n                        background: url(https:\/\/static.africa-press.net\/djibouti\/sites\/52\/2023\/09\/sm_1695306398.385464-80x60.jpg) 0 0 no-repeat;\r\n                    }\r\n                <\/style>\r\n\r\n                <div id=\"td_uid_1_69f1583039fd4\" class=\"td-gallery td-slide-on-2-columns\">\r\n                    <div class=\"post_td_gallery\">\r\n                        <div class=\"td-gallery-slide-top\">\r\n                           <div class=\"td-gallery-title\"><\/div>\r\n\r\n                            <div class=\"td-gallery-controls-wrapper\">\r\n                                <div class=\"td-gallery-slide-count\"><span class=\"td-gallery-slide-item-focus\">1<\/span> de 2<\/div>\r\n                                <div class=\"td-gallery-slide-prev-next-but\">\r\n                                    <i class = \"td-icon-left doubleSliderPrevButton\"><\/i>\r\n                                    <i class = \"td-icon-right doubleSliderNextButton\"><\/i>\r\n                                <\/div>\r\n                            <\/div>\r\n                        <\/div>\r\n\r\n                        <div class = \"td-doubleSlider-1 \">\r\n                            <div class = \"td-slider\">\r\n                                \r\n                    <div class = \"td-slide-item td-item1\">\r\n                        <figure class=\"td-slide-galery-figure td-slide-popup-gallery\">\r\n                            <a class=\"slide-gallery-image-link\" href=\"https:\/\/static.africa-press.net\/djibouti\/sites\/52\/2023\/09\/sm_1695306391.117086.jpg\" title=\"sm_1695306391.117086\"  data-caption=\"\"  data-description=\"\">\r\n                                <img decoding=\"async\" src=\"https:\/\/static.africa-press.net\/djibouti\/sites\/52\/2023\/09\/sm_1695306391.117086.jpg\" srcset=\"https:\/\/static.africa-press.net\/djibouti\/sites\/52\/2023\/09\/sm_1695306391.117086.jpg 1024w, https:\/\/static.africa-press.net\/djibouti\/sites\/52\/2023\/09\/sm_1695306391.117086-300x142.jpg 300w, https:\/\/static.africa-press.net\/djibouti\/sites\/52\/2023\/09\/sm_1695306391.117086-768x364.jpg 768w\" sizes=\"(max-width: 1024px) 100vw, 1024px\" alt=\"\">\r\n                            <\/a>\r\n                            \r\n                        <\/figure>\r\n                    <\/div>\r\n                    <div class = \"td-slide-item td-item2\">\r\n                        <figure class=\"td-slide-galery-figure td-slide-popup-gallery\">\r\n                            <a class=\"slide-gallery-image-link\" href=\"https:\/\/static.africa-press.net\/djibouti\/sites\/52\/2023\/09\/sm_1695306398.385464.jpg\" title=\"sm_1695306398.385464\"  data-caption=\"\"  data-description=\"\">\r\n                                <img decoding=\"async\" src=\"https:\/\/static.africa-press.net\/djibouti\/sites\/52\/2023\/09\/sm_1695306398.385464.jpg\" srcset=\"https:\/\/static.africa-press.net\/djibouti\/sites\/52\/2023\/09\/sm_1695306398.385464.jpg 1024w, https:\/\/static.africa-press.net\/djibouti\/sites\/52\/2023\/09\/sm_1695306398.385464-300x142.jpg 300w, https:\/\/static.africa-press.net\/djibouti\/sites\/52\/2023\/09\/sm_1695306398.385464-768x364.jpg 768w\" sizes=\"(max-width: 1024px) 100vw, 1024px\" alt=\"\">\r\n                            <\/a>\r\n                            \r\n                        <\/figure>\r\n                    <\/div>\r\n                            <\/div>\r\n                        <\/div>\r\n\r\n                        <div class = \"td-doubleSlider-2\">\r\n                            <div class = \"td-slider\">\r\n                                \r\n                    <div class = \"td-button td-item1\">\r\n                        <div class = \"td-border\"><\/div>\r\n                    <\/div>\r\n                    <div class = \"td-button td-item2\">\r\n                        <div class = \"td-border\"><\/div>\r\n                    <\/div>\r\n                            <\/div>\r\n                        <\/div>\r\n\r\n                    <\/div>\r\n\r\n                <\/div>\r\n                \n<p><strong>Pour plus d&rsquo;informations et d&rsquo;analyses sur la <a href=\"https:\/\/www.africa-press.net\/djibouti\">Djibouti<\/a>, suivez <a href=\"https:\/\/www.africa-press.net\/\">Africa-Press<\/a><\/strong><\/p>\n","protected":false},"excerpt":{"rendered":"<p>Africa-Press &#8211; Djibouti. Sous la pre\u0301sidence du SG, le MENFOP a clo\u0302ture\u0301 le14 septembre 2023, un atelier de 5 jours portant sur la re\u0301daction d\u2019un pacte de partenariat entre le Menfop et les partenaires mondiaux de l\u2019e\u0301ducation. Lequel pacte servira de feuille de route pour la mise en \u0153uvre des re\u0301formes prioritaires susceptibles de catalyser [&hellip;]<\/p>\n","protected":false},"author":82,"featured_media":18192,"comment_status":"open","ping_status":"closed","sticky":false,"template":"","format":"standard","meta":{"footnotes":""},"categories":[8,2,10],"tags":[36,49,50],"class_list":["post-18193","post","type-post","status-publish","format-standard","has-post-thumbnail","hentry","category-photo","category-politique","category-toutes-les-actualites","tag-africa-press","tag-africa-press-djibouti","tag-djibouti"],"yoast_head":"<!-- This site is optimized with the Yoast SEO Premium plugin v26.1 (Yoast SEO v27.0) - https:\/\/yoast.com\/product\/yoast-seo-premium-wordpress\/ -->\n<title>Cl\u00f4ture de l\u2019atelier sur la r\u00e9daction du pacte de partenariat sur la r\u00e9forme prioritaire - Djibouti<\/title>\n<meta name=\"description\" content=\"Sous la pre\u0301sidence du SG, le MENFOP a clo\u0302ture\u0301 le14 septembre 2023, un atelier de 5 jours portant sur la re\u0301daction d\u2019 ...\" \/>\n<meta name=\"robots\" content=\"index, follow, max-snippet:-1, max-image-preview:large, max-video-preview:-1\" \/>\n<link rel=\"canonical\" href=\"https:\/\/www.africa-press.net\/djibouti\/politique\/cloture-de-latelier-sur-la-redaction-du-pacte-de-partenariat-sur-la-reforme-prioritaire\" \/>\n<meta property=\"og:locale\" content=\"fr_FR\" \/>\n<meta property=\"og:type\" content=\"article\" \/>\n<meta property=\"og:title\" content=\"Cl\u00f4ture de l\u2019atelier sur la r\u00e9daction du pacte de partenariat sur la r\u00e9forme prioritaire\" \/>\n<meta property=\"og:description\" content=\"Sous la pre\u0301sidence du SG, le MENFOP a clo\u0302ture\u0301 le14 septembre 2023, un atelier de 5 jours portant sur la re\u0301daction d\u2019 ...\" \/>\n<meta property=\"og:url\" content=\"https:\/\/www.africa-press.net\/djibouti\/politique\/cloture-de-latelier-sur-la-redaction-du-pacte-de-partenariat-sur-la-reforme-prioritaire\" \/>\n<meta property=\"og:site_name\" content=\"Djibouti\" \/>\n<meta property=\"article:published_time\" content=\"2023-09-21T17:44:14+00:00\" \/>\n<meta property=\"article:modified_time\" content=\"2023-09-21T17:57:06+00:00\" \/>\n<meta property=\"og:image\" content=\"https:\/\/static.africa-press.net\/djibouti\/sites\/52\/2023\/09\/sm_1695306408.32466.jpg\" \/>\n\t<meta property=\"og:image:width\" content=\"720\" \/>\n\t<meta property=\"og:image:height\" content=\"540\" \/>\n\t<meta property=\"og:image:type\" content=\"image\/jpeg\" \/>\n<meta name=\"author\" content=\"cfeditorfr\" \/>\n<meta name=\"twitter:card\" content=\"summary_large_image\" \/>\n<meta name=\"twitter:label1\" content=\"\u00c9crit par\" \/>\n\t<meta name=\"twitter:data1\" content=\"cfeditorfr\" \/>\n\t<meta name=\"twitter:label2\" content=\"Dur\u00e9e de lecture estim\u00e9e\" \/>\n\t<meta name=\"twitter:data2\" content=\"2 minutes\" \/>\n<script type=\"application\/ld+json\" class=\"yoast-schema-graph\">{\"@context\":\"https:\/\/schema.org\",\"@graph\":[{\"@type\":\"Article\",\"@id\":\"https:\/\/www.africa-press.net\/djibouti\/politique\/cloture-de-latelier-sur-la-redaction-du-pacte-de-partenariat-sur-la-reforme-prioritaire#article\",\"isPartOf\":{\"@id\":\"https:\/\/www.africa-press.net\/djibouti\/politique\/cloture-de-latelier-sur-la-redaction-du-pacte-de-partenariat-sur-la-reforme-prioritaire\"},\"author\":{\"name\":\"cfeditorfr\",\"@id\":\"https:\/\/www.africa-press.net\/djibouti\/#\/schema\/person\/2b1cf3cd81a31e3cd26889ca66d677f1\"},\"headline\":\"Cl\u00f4ture de l\u2019atelier sur la r\u00e9daction du pacte de partenariat sur la r\u00e9forme prioritaire\",\"datePublished\":\"2023-09-21T17:44:14+00:00\",\"dateModified\":\"2023-09-21T17:57:06+00:00\",\"mainEntityOfPage\":{\"@id\":\"https:\/\/www.africa-press.net\/djibouti\/politique\/cloture-de-latelier-sur-la-redaction-du-pacte-de-partenariat-sur-la-reforme-prioritaire\"},\"wordCount\":334,\"commentCount\":0,\"image\":{\"@id\":\"https:\/\/www.africa-press.net\/djibouti\/politique\/cloture-de-latelier-sur-la-redaction-du-pacte-de-partenariat-sur-la-reforme-prioritaire#primaryimage\"},\"thumbnailUrl\":\"https:\/\/static.africa-press.net\/djibouti\/sites\/52\/2023\/09\/sm_1695306408.32466.jpg\",\"keywords\":[\"Africa Press\",\"Africa Press-Djibouti\",\"Djibouti\"],\"articleSection\":[\"Photo\",\"Politique\",\"Toutes les actualit\u00e9s\"],\"inLanguage\":\"fr-FR\",\"potentialAction\":[{\"@type\":\"CommentAction\",\"name\":\"Comment\",\"target\":[\"https:\/\/www.africa-press.net\/djibouti\/politique\/cloture-de-latelier-sur-la-redaction-du-pacte-de-partenariat-sur-la-reforme-prioritaire#respond\"]}]},{\"@type\":\"WebPage\",\"@id\":\"https:\/\/www.africa-press.net\/djibouti\/politique\/cloture-de-latelier-sur-la-redaction-du-pacte-de-partenariat-sur-la-reforme-prioritaire\",\"url\":\"https:\/\/www.africa-press.net\/djibouti\/politique\/cloture-de-latelier-sur-la-redaction-du-pacte-de-partenariat-sur-la-reforme-prioritaire\",\"name\":\"Cl\u00f4ture de l\u2019atelier sur la r\u00e9daction du pacte de partenariat sur la r\u00e9forme prioritaire - Djibouti\",\"isPartOf\":{\"@id\":\"https:\/\/www.africa-press.net\/djibouti\/#website\"},\"primaryImageOfPage\":{\"@id\":\"https:\/\/www.africa-press.net\/djibouti\/politique\/cloture-de-latelier-sur-la-redaction-du-pacte-de-partenariat-sur-la-reforme-prioritaire#primaryimage\"},\"image\":{\"@id\":\"https:\/\/www.africa-press.net\/djibouti\/politique\/cloture-de-latelier-sur-la-redaction-du-pacte-de-partenariat-sur-la-reforme-prioritaire#primaryimage\"},\"thumbnailUrl\":\"https:\/\/static.africa-press.net\/djibouti\/sites\/52\/2023\/09\/sm_1695306408.32466.jpg\",\"datePublished\":\"2023-09-21T17:44:14+00:00\",\"dateModified\":\"2023-09-21T17:57:06+00:00\",\"author\":{\"@id\":\"https:\/\/www.africa-press.net\/djibouti\/#\/schema\/person\/2b1cf3cd81a31e3cd26889ca66d677f1\"},\"description\":\"Sous la pre\u0301sidence du SG, le MENFOP a clo\u0302ture\u0301 le14 septembre 2023, un atelier de 5 jours portant sur la re\u0301daction d\u2019 ...\",\"breadcrumb\":{\"@id\":\"https:\/\/www.africa-press.net\/djibouti\/politique\/cloture-de-latelier-sur-la-redaction-du-pacte-de-partenariat-sur-la-reforme-prioritaire#breadcrumb\"},\"inLanguage\":\"fr-FR\",\"potentialAction\":[{\"@type\":\"ReadAction\",\"target\":[\"https:\/\/www.africa-press.net\/djibouti\/politique\/cloture-de-latelier-sur-la-redaction-du-pacte-de-partenariat-sur-la-reforme-prioritaire\"]}]},{\"@type\":\"ImageObject\",\"inLanguage\":\"fr-FR\",\"@id\":\"https:\/\/www.africa-press.net\/djibouti\/politique\/cloture-de-latelier-sur-la-redaction-du-pacte-de-partenariat-sur-la-reforme-prioritaire#primaryimage\",\"url\":\"https:\/\/static.africa-press.net\/djibouti\/sites\/52\/2023\/09\/sm_1695306408.32466.jpg\",\"contentUrl\":\"https:\/\/static.africa-press.net\/djibouti\/sites\/52\/2023\/09\/sm_1695306408.32466.jpg\",\"width\":720,\"height\":540,\"caption\":\"Cl\u00f4ture de l\u2019atelier sur la r\u00e9daction du pacte de partenariat sur la r\u00e9forme prioritaire\"},{\"@type\":\"BreadcrumbList\",\"@id\":\"https:\/\/www.africa-press.net\/djibouti\/politique\/cloture-de-latelier-sur-la-redaction-du-pacte-de-partenariat-sur-la-reforme-prioritaire#breadcrumb\",\"itemListElement\":[{\"@type\":\"ListItem\",\"position\":1,\"name\":\"Accueil\",\"item\":\"https:\/\/www.africa-press.net\/djibouti\/\"},{\"@type\":\"ListItem\",\"position\":2,\"name\":\"Cl\u00f4ture de l\u2019atelier sur la r\u00e9daction du pacte de partenariat sur la r\u00e9forme prioritaire\"}]},{\"@type\":\"WebSite\",\"@id\":\"https:\/\/www.africa-press.net\/djibouti\/#website\",\"url\":\"https:\/\/www.africa-press.net\/djibouti\/\",\"name\":\"Djibouti\",\"description\":\"Just another Africa News Agency Sites site\",\"potentialAction\":[{\"@type\":\"SearchAction\",\"target\":{\"@type\":\"EntryPoint\",\"urlTemplate\":\"https:\/\/www.africa-press.net\/djibouti\/?s={search_term_string}\"},\"query-input\":{\"@type\":\"PropertyValueSpecification\",\"valueRequired\":true,\"valueName\":\"search_term_string\"}}],\"inLanguage\":\"fr-FR\"},{\"@type\":\"Person\",\"@id\":\"https:\/\/www.africa-press.net\/djibouti\/#\/schema\/person\/2b1cf3cd81a31e3cd26889ca66d677f1\",\"name\":\"cfeditorfr\"}]}<\/script>\n<!-- \/ Yoast SEO Premium plugin. -->","yoast_head_json":{"title":"Cl\u00f4ture de l\u2019atelier sur la r\u00e9daction du pacte de partenariat sur la r\u00e9forme prioritaire - Djibouti","description":"Sous la pre\u0301sidence du SG, le MENFOP a clo\u0302ture\u0301 le14 septembre 2023, un atelier de 5 jours portant sur la re\u0301daction d\u2019 ...","robots":{"index":"index","follow":"follow","max-snippet":"max-snippet:-1","max-image-preview":"max-image-preview:large","max-video-preview":"max-video-preview:-1"},"canonical":"https:\/\/www.africa-press.net\/djibouti\/politique\/cloture-de-latelier-sur-la-redaction-du-pacte-de-partenariat-sur-la-reforme-prioritaire","og_locale":"fr_FR","og_type":"article","og_title":"Cl\u00f4ture de l\u2019atelier sur la r\u00e9daction du pacte de partenariat sur la r\u00e9forme prioritaire","og_description":"Sous la pre\u0301sidence du SG, le MENFOP a clo\u0302ture\u0301 le14 septembre 2023, un atelier de 5 jours portant sur la re\u0301daction d\u2019 ...","og_url":"https:\/\/www.africa-press.net\/djibouti\/politique\/cloture-de-latelier-sur-la-redaction-du-pacte-de-partenariat-sur-la-reforme-prioritaire","og_site_name":"Djibouti","article_published_time":"2023-09-21T17:44:14+00:00","article_modified_time":"2023-09-21T17:57:06+00:00","og_image":[{"width":720,"height":540,"url":"https:\/\/static.africa-press.net\/djibouti\/sites\/52\/2023\/09\/sm_1695306408.32466.jpg","type":"image\/jpeg"}],"author":"cfeditorfr","twitter_card":"summary_large_image","twitter_misc":{"\u00c9crit par":"cfeditorfr","Dur\u00e9e de lecture estim\u00e9e":"2 minutes"},"schema":{"@context":"https:\/\/schema.org","@graph":[{"@type":"Article","@id":"https:\/\/www.africa-press.net\/djibouti\/politique\/cloture-de-latelier-sur-la-redaction-du-pacte-de-partenariat-sur-la-reforme-prioritaire#article","isPartOf":{"@id":"https:\/\/www.africa-press.net\/djibouti\/politique\/cloture-de-latelier-sur-la-redaction-du-pacte-de-partenariat-sur-la-reforme-prioritaire"},"author":{"name":"cfeditorfr","@id":"https:\/\/www.africa-press.net\/djibouti\/#\/schema\/person\/2b1cf3cd81a31e3cd26889ca66d677f1"},"headline":"Cl\u00f4ture de l\u2019atelier sur la r\u00e9daction du pacte de partenariat sur la r\u00e9forme prioritaire","datePublished":"2023-09-21T17:44:14+00:00","dateModified":"2023-09-21T17:57:06+00:00","mainEntityOfPage":{"@id":"https:\/\/www.africa-press.net\/djibouti\/politique\/cloture-de-latelier-sur-la-redaction-du-pacte-de-partenariat-sur-la-reforme-prioritaire"},"wordCount":334,"commentCount":0,"image":{"@id":"https:\/\/www.africa-press.net\/djibouti\/politique\/cloture-de-latelier-sur-la-redaction-du-pacte-de-partenariat-sur-la-reforme-prioritaire#primaryimage"},"thumbnailUrl":"https:\/\/static.africa-press.net\/djibouti\/sites\/52\/2023\/09\/sm_1695306408.32466.jpg","keywords":["Africa Press","Africa Press-Djibouti","Djibouti"],"articleSection":["Photo","Politique","Toutes les actualit\u00e9s"],"inLanguage":"fr-FR","potentialAction":[{"@type":"CommentAction","name":"Comment","target":["https:\/\/www.africa-press.net\/djibouti\/politique\/cloture-de-latelier-sur-la-redaction-du-pacte-de-partenariat-sur-la-reforme-prioritaire#respond"]}]},{"@type":"WebPage","@id":"https:\/\/www.africa-press.net\/djibouti\/politique\/cloture-de-latelier-sur-la-redaction-du-pacte-de-partenariat-sur-la-reforme-prioritaire","url":"https:\/\/www.africa-press.net\/djibouti\/politique\/cloture-de-latelier-sur-la-redaction-du-pacte-de-partenariat-sur-la-reforme-prioritaire","name":"Cl\u00f4ture de l\u2019atelier sur la r\u00e9daction du pacte de partenariat sur la r\u00e9forme prioritaire - Djibouti","isPartOf":{"@id":"https:\/\/www.africa-press.net\/djibouti\/#website"},"primaryImageOfPage":{"@id":"https:\/\/www.africa-press.net\/djibouti\/politique\/cloture-de-latelier-sur-la-redaction-du-pacte-de-partenariat-sur-la-reforme-prioritaire#primaryimage"},"image":{"@id":"https:\/\/www.africa-press.net\/djibouti\/politique\/cloture-de-latelier-sur-la-redaction-du-pacte-de-partenariat-sur-la-reforme-prioritaire#primaryimage"},"thumbnailUrl":"https:\/\/static.africa-press.net\/djibouti\/sites\/52\/2023\/09\/sm_1695306408.32466.jpg","datePublished":"2023-09-21T17:44:14+00:00","dateModified":"2023-09-21T17:57:06+00:00","author":{"@id":"https:\/\/www.africa-press.net\/djibouti\/#\/schema\/person\/2b1cf3cd81a31e3cd26889ca66d677f1"},"description":"Sous la pre\u0301sidence du SG, le MENFOP a clo\u0302ture\u0301 le14 septembre 2023, un atelier de 5 jours portant sur la re\u0301daction d\u2019 ...","breadcrumb":{"@id":"https:\/\/www.africa-press.net\/djibouti\/politique\/cloture-de-latelier-sur-la-redaction-du-pacte-de-partenariat-sur-la-reforme-prioritaire#breadcrumb"},"inLanguage":"fr-FR","potentialAction":[{"@type":"ReadAction","target":["https:\/\/www.africa-press.net\/djibouti\/politique\/cloture-de-latelier-sur-la-redaction-du-pacte-de-partenariat-sur-la-reforme-prioritaire"]}]},{"@type":"ImageObject","inLanguage":"fr-FR","@id":"https:\/\/www.africa-press.net\/djibouti\/politique\/cloture-de-latelier-sur-la-redaction-du-pacte-de-partenariat-sur-la-reforme-prioritaire#primaryimage","url":"https:\/\/static.africa-press.net\/djibouti\/sites\/52\/2023\/09\/sm_1695306408.32466.jpg","contentUrl":"https:\/\/static.africa-press.net\/djibouti\/sites\/52\/2023\/09\/sm_1695306408.32466.jpg","width":720,"height":540,"caption":"Cl\u00f4ture de l\u2019atelier sur la r\u00e9daction du pacte de partenariat sur la r\u00e9forme prioritaire"},{"@type":"BreadcrumbList","@id":"https:\/\/www.africa-press.net\/djibouti\/politique\/cloture-de-latelier-sur-la-redaction-du-pacte-de-partenariat-sur-la-reforme-prioritaire#breadcrumb","itemListElement":[{"@type":"ListItem","position":1,"name":"Accueil","item":"https:\/\/www.africa-press.net\/djibouti\/"},{"@type":"ListItem","position":2,"name":"Cl\u00f4ture de l\u2019atelier sur la r\u00e9daction du pacte de partenariat sur la r\u00e9forme prioritaire"}]},{"@type":"WebSite","@id":"https:\/\/www.africa-press.net\/djibouti\/#website","url":"https:\/\/www.africa-press.net\/djibouti\/","name":"Djibouti","description":"Just another Africa News Agency Sites site","potentialAction":[{"@type":"SearchAction","target":{"@type":"EntryPoint","urlTemplate":"https:\/\/www.africa-press.net\/djibouti\/?s={search_term_string}"},"query-input":{"@type":"PropertyValueSpecification","valueRequired":true,"valueName":"search_term_string"}}],"inLanguage":"fr-FR"},{"@type":"Person","@id":"https:\/\/www.africa-press.net\/djibouti\/#\/schema\/person\/2b1cf3cd81a31e3cd26889ca66d677f1","name":"cfeditorfr"}]}},"_links":{"self":[{"href":"https:\/\/www.africa-press.net\/djibouti\/wp-json\/wp\/v2\/posts\/18193","targetHints":{"allow":["GET"]}}],"collection":[{"href":"https:\/\/www.africa-press.net\/djibouti\/wp-json\/wp\/v2\/posts"}],"about":[{"href":"https:\/\/www.africa-press.net\/djibouti\/wp-json\/wp\/v2\/types\/post"}],"author":[{"embeddable":true,"href":"https:\/\/www.africa-press.net\/djibouti\/wp-json\/wp\/v2\/users\/82"}],"replies":[{"embeddable":true,"href":"https:\/\/www.africa-press.net\/djibouti\/wp-json\/wp\/v2\/comments?post=18193"}],"version-history":[{"count":0,"href":"https:\/\/www.africa-press.net\/djibouti\/wp-json\/wp\/v2\/posts\/18193\/revisions"}],"wp:featuredmedia":[{"embeddable":true,"href":"https:\/\/www.africa-press.net\/djibouti\/wp-json\/wp\/v2\/media\/18192"}],"wp:attachment":[{"href":"https:\/\/www.africa-press.net\/djibouti\/wp-json\/wp\/v2\/media?parent=18193"}],"wp:term":[{"taxonomy":"category","embeddable":true,"href":"https:\/\/www.africa-press.net\/djibouti\/wp-json\/wp\/v2\/categories?post=18193"},{"taxonomy":"post_tag","embeddable":true,"href":"https:\/\/www.africa-press.net\/djibouti\/wp-json\/wp\/v2\/tags?post=18193"}],"curies":[{"name":"wp","href":"https:\/\/api.w.org\/{rel}","templated":true}]}}