{"id":18196,"date":"2023-09-21T18:42:49","date_gmt":"2023-09-21T18:42:49","guid":{"rendered":"https:\/\/www.africa-press.net\/djibouti\/politique\/le-president-guelleh-va-presider-demain-la-ceremonie-de-lancement-dune-legislation-nationale-pour-linnovation-et-les-starups"},"modified":"2023-09-21T18:51:37","modified_gmt":"2023-09-21T18:51:37","slug":"le-president-guelleh-va-presider-demain-la-ceremonie-de-lancement-dune-legislation-nationale-pour-linnovation-et-les-starups","status":"publish","type":"post","link":"https:\/\/www.africa-press.net\/djibouti\/politique\/le-president-guelleh-va-presider-demain-la-ceremonie-de-lancement-dune-legislation-nationale-pour-linnovation-et-les-starups","title":{"rendered":"Le Pr\u00e9sident Guelleh va pr\u00e9sider demain la c\u00e9r\u00e9monie de lancement d\u2019une l\u00e9gislation nationale pour l\u2019innovation et les StarUps"},"content":{"rendered":"<p><span style=\"color: #ff6600\"><strong>Africa-Press &#8211; Djibouti. <\/strong><\/span>Le pre\u0301sident de la Re\u0301publique, M. Ismai\u0308l Omar Guelleh, va pre\u0301sider demain au Centre de Leadership et de l&rsquo;Entrepreneuriat (CLE), la ce\u0301re\u0301monie de lancement d\u2019une le\u0301gislation nationale pour l\u2019innovation et les StarUps.<\/p>\n<p>Toutes les parties concerne\u0301es entrepreneurs et leurs repre\u0301sentants, incubateurs et fai\u0302tie\u0300res d\u2019entreprises, administrations publiques ont e\u0301te\u0301 associe\u0301es a\u0302 l&rsquo;e\u0301laboration de cet ambitieuse le\u0301gislation.<\/p>\n<p>Ce StartUp Act s\u2019inscrit dans une perspective e\u0301conomique et strate\u0301gique bien plus large qui vise a\u0300 faire de Djibouti un cadre exceptionnel pour vivre, travailler, entreprendre et s\u2019e\u0301panouir.<\/p>\n<p>La feuille de route pour l\u2019e\u0301conomie nume\u0301rique et l\u2019innovation, lance\u0301e en avril 2022, repose sur quatre piliers principaux : l\u2019administration digitale, e\u0301conomique, nume\u0301rique, les secteurs et me\u0301tiers du futur, la participation citoyenne et la culture nume\u0301rique.<\/p>\n<p>Le pre\u0301sident de la Re\u0301publique, M. Ismai\u0308l Omar Guelleh, va pre\u0301sider demain au Centre de Leadership et de l&rsquo;Entrepreneuriat (CLE), la ce\u0301re\u0301monie de lancement d\u2019une le\u0301gislation nationale pour l\u2019innovation et les StarUps.<\/p>\n<p>Toutes les parties concerne\u0301es entrepreneurs et leurs repre\u0301sentants, incubateurs et fai\u0302tie\u0300res d\u2019entreprises, administrations publiques ont e\u0301te\u0301 associe\u0301es a\u0302 l&rsquo;e\u0301laboration de cet ambitieuse le\u0301gislation.<\/p>\n<p>Ce StartUp Act s\u2019inscrit dans une perspective e\u0301conomique et strate\u0301gique bien plus large qui vise a\u0300 faire de Djibouti un cadre exceptionnel pour vivre, travailler, entreprendre et s\u2019e\u0301panouir.<\/p>\n<p>La feuille de route pour l\u2019e\u0301conomie nume\u0301rique et l\u2019innovation, lance\u0301e en avril 2022, repose sur quatre piliers principaux : l\u2019administration digitale, e\u0301conomique, nume\u0301rique, les secteurs et me\u0301tiers du futur, la participation citoyenne et la culture nume\u0301rique.<\/p>\n<p><strong>Pour plus d&rsquo;informations et d&rsquo;analyses sur la <a href=\"https:\/\/www.africa-press.net\/djibouti\">Djibouti<\/a>, suivez <a href=\"https:\/\/www.africa-press.net\/\">Africa-Press<\/a><\/strong><\/p>\n","protected":false},"excerpt":{"rendered":"<p>Africa-Press &#8211; Djibouti. Le pre\u0301sident de la Re\u0301publique, M. Ismai\u0308l Omar Guelleh, va pre\u0301sider demain au Centre de Leadership et de l&rsquo;Entrepreneuriat (CLE), la ce\u0301re\u0301monie de lancement d\u2019une le\u0301gislation nationale pour l\u2019innovation et les StarUps. Toutes les parties concerne\u0301es entrepreneurs et leurs repre\u0301sentants, incubateurs et fai\u0302tie\u0300res d\u2019entreprises, administrations publiques ont e\u0301te\u0301 associe\u0301es a\u0302 l&rsquo;e\u0301laboration de [&hellip;]<\/p>\n","protected":false},"author":82,"featured_media":18195,"comment_status":"open","ping_status":"closed","sticky":false,"template":"","format":"standard","meta":{"footnotes":""},"categories":[2,10],"tags":[36,49,50],"class_list":["post-18196","post","type-post","status-publish","format-standard","has-post-thumbnail","hentry","category-politique","category-toutes-les-actualites","tag-africa-press","tag-africa-press-djibouti","tag-djibouti"],"yoast_head":"<!-- This site is optimized with the Yoast SEO Premium plugin v26.1 (Yoast SEO v27.0) - https:\/\/yoast.com\/product\/yoast-seo-premium-wordpress\/ -->\n<title>Le Pr\u00e9sident Guelleh va pr\u00e9sider demain la c\u00e9r\u00e9monie de lancement d\u2019une l\u00e9gislation nationale pour l\u2019innovation et les StarUps - Djibouti<\/title>\n<meta name=\"description\" content=\"Le pre\u0301sident de la Re\u0301publique, M. Ismai\u0308l Omar Guelleh, va pre\u0301sider demain au Centre de Leadership et de l&#039;Entreprene ...\" \/>\n<meta name=\"robots\" content=\"index, follow, max-snippet:-1, max-image-preview:large, max-video-preview:-1\" \/>\n<link rel=\"canonical\" href=\"https:\/\/www.africa-press.net\/djibouti\/politique\/le-president-guelleh-va-presider-demain-la-ceremonie-de-lancement-dune-legislation-nationale-pour-linnovation-et-les-starups\" \/>\n<meta property=\"og:locale\" content=\"fr_FR\" \/>\n<meta property=\"og:type\" content=\"article\" \/>\n<meta property=\"og:title\" content=\"Le Pr\u00e9sident Guelleh va pr\u00e9sider demain la c\u00e9r\u00e9monie de lancement d\u2019une l\u00e9gislation nationale pour l\u2019innovation et les StarUps\" \/>\n<meta property=\"og:description\" content=\"Le pre\u0301sident de la Re\u0301publique, M. Ismai\u0308l Omar Guelleh, va pre\u0301sider demain au Centre de Leadership et de l&#039;Entreprene ...\" \/>\n<meta property=\"og:url\" content=\"https:\/\/www.africa-press.net\/djibouti\/politique\/le-president-guelleh-va-presider-demain-la-ceremonie-de-lancement-dune-legislation-nationale-pour-linnovation-et-les-starups\" \/>\n<meta property=\"og:site_name\" content=\"Djibouti\" \/>\n<meta property=\"article:published_time\" content=\"2023-09-21T18:42:49+00:00\" \/>\n<meta property=\"article:modified_time\" content=\"2023-09-21T18:51:37+00:00\" \/>\n<meta property=\"og:image\" content=\"https:\/\/static.africa-press.net\/djibouti\/sites\/52\/2023\/09\/sm_1695309650.865821.jpg\" \/>\n\t<meta property=\"og:image:width\" content=\"960\" \/>\n\t<meta property=\"og:image:height\" content=\"640\" \/>\n\t<meta property=\"og:image:type\" content=\"image\/jpeg\" \/>\n<meta name=\"author\" content=\"cfeditorfr\" \/>\n<meta name=\"twitter:card\" content=\"summary_large_image\" \/>\n<meta name=\"twitter:label1\" content=\"\u00c9crit par\" \/>\n\t<meta name=\"twitter:data1\" content=\"cfeditorfr\" \/>\n\t<meta name=\"twitter:label2\" content=\"Dur\u00e9e de lecture estim\u00e9e\" \/>\n\t<meta name=\"twitter:data2\" content=\"2 minutes\" \/>\n<script type=\"application\/ld+json\" class=\"yoast-schema-graph\">{\"@context\":\"https:\/\/schema.org\",\"@graph\":[{\"@type\":\"Article\",\"@id\":\"https:\/\/www.africa-press.net\/djibouti\/politique\/le-president-guelleh-va-presider-demain-la-ceremonie-de-lancement-dune-legislation-nationale-pour-linnovation-et-les-starups#article\",\"isPartOf\":{\"@id\":\"https:\/\/www.africa-press.net\/djibouti\/politique\/le-president-guelleh-va-presider-demain-la-ceremonie-de-lancement-dune-legislation-nationale-pour-linnovation-et-les-starups\"},\"author\":{\"name\":\"cfeditorfr\",\"@id\":\"https:\/\/www.africa-press.net\/djibouti\/#\/schema\/person\/2b1cf3cd81a31e3cd26889ca66d677f1\"},\"headline\":\"Le Pr\u00e9sident Guelleh va pr\u00e9sider demain la c\u00e9r\u00e9monie de lancement d\u2019une l\u00e9gislation nationale pour l\u2019innovation et les StarUps\",\"datePublished\":\"2023-09-21T18:42:49+00:00\",\"dateModified\":\"2023-09-21T18:51:37+00:00\",\"mainEntityOfPage\":{\"@id\":\"https:\/\/www.africa-press.net\/djibouti\/politique\/le-president-guelleh-va-presider-demain-la-ceremonie-de-lancement-dune-legislation-nationale-pour-linnovation-et-les-starups\"},\"wordCount\":344,\"commentCount\":0,\"image\":{\"@id\":\"https:\/\/www.africa-press.net\/djibouti\/politique\/le-president-guelleh-va-presider-demain-la-ceremonie-de-lancement-dune-legislation-nationale-pour-linnovation-et-les-starups#primaryimage\"},\"thumbnailUrl\":\"https:\/\/static.africa-press.net\/djibouti\/sites\/52\/2023\/09\/sm_1695309650.865821.jpg\",\"keywords\":[\"Africa Press\",\"Africa Press-Djibouti\",\"Djibouti\"],\"articleSection\":[\"Politique\",\"Toutes les actualit\u00e9s\"],\"inLanguage\":\"fr-FR\",\"potentialAction\":[{\"@type\":\"CommentAction\",\"name\":\"Comment\",\"target\":[\"https:\/\/www.africa-press.net\/djibouti\/politique\/le-president-guelleh-va-presider-demain-la-ceremonie-de-lancement-dune-legislation-nationale-pour-linnovation-et-les-starups#respond\"]}]},{\"@type\":\"WebPage\",\"@id\":\"https:\/\/www.africa-press.net\/djibouti\/politique\/le-president-guelleh-va-presider-demain-la-ceremonie-de-lancement-dune-legislation-nationale-pour-linnovation-et-les-starups\",\"url\":\"https:\/\/www.africa-press.net\/djibouti\/politique\/le-president-guelleh-va-presider-demain-la-ceremonie-de-lancement-dune-legislation-nationale-pour-linnovation-et-les-starups\",\"name\":\"Le Pr\u00e9sident Guelleh va pr\u00e9sider demain la c\u00e9r\u00e9monie de lancement d\u2019une l\u00e9gislation nationale pour l\u2019innovation et les StarUps - Djibouti\",\"isPartOf\":{\"@id\":\"https:\/\/www.africa-press.net\/djibouti\/#website\"},\"primaryImageOfPage\":{\"@id\":\"https:\/\/www.africa-press.net\/djibouti\/politique\/le-president-guelleh-va-presider-demain-la-ceremonie-de-lancement-dune-legislation-nationale-pour-linnovation-et-les-starups#primaryimage\"},\"image\":{\"@id\":\"https:\/\/www.africa-press.net\/djibouti\/politique\/le-president-guelleh-va-presider-demain-la-ceremonie-de-lancement-dune-legislation-nationale-pour-linnovation-et-les-starups#primaryimage\"},\"thumbnailUrl\":\"https:\/\/static.africa-press.net\/djibouti\/sites\/52\/2023\/09\/sm_1695309650.865821.jpg\",\"datePublished\":\"2023-09-21T18:42:49+00:00\",\"dateModified\":\"2023-09-21T18:51:37+00:00\",\"author\":{\"@id\":\"https:\/\/www.africa-press.net\/djibouti\/#\/schema\/person\/2b1cf3cd81a31e3cd26889ca66d677f1\"},\"description\":\"Le pre\u0301sident de la Re\u0301publique, M. Ismai\u0308l Omar Guelleh, va pre\u0301sider demain au Centre de Leadership et de l'Entreprene ...\",\"breadcrumb\":{\"@id\":\"https:\/\/www.africa-press.net\/djibouti\/politique\/le-president-guelleh-va-presider-demain-la-ceremonie-de-lancement-dune-legislation-nationale-pour-linnovation-et-les-starups#breadcrumb\"},\"inLanguage\":\"fr-FR\",\"potentialAction\":[{\"@type\":\"ReadAction\",\"target\":[\"https:\/\/www.africa-press.net\/djibouti\/politique\/le-president-guelleh-va-presider-demain-la-ceremonie-de-lancement-dune-legislation-nationale-pour-linnovation-et-les-starups\"]}]},{\"@type\":\"ImageObject\",\"inLanguage\":\"fr-FR\",\"@id\":\"https:\/\/www.africa-press.net\/djibouti\/politique\/le-president-guelleh-va-presider-demain-la-ceremonie-de-lancement-dune-legislation-nationale-pour-linnovation-et-les-starups#primaryimage\",\"url\":\"https:\/\/static.africa-press.net\/djibouti\/sites\/52\/2023\/09\/sm_1695309650.865821.jpg\",\"contentUrl\":\"https:\/\/static.africa-press.net\/djibouti\/sites\/52\/2023\/09\/sm_1695309650.865821.jpg\",\"width\":960,\"height\":640,\"caption\":\"Le Pr\u00e9sident Guelleh va pr\u00e9sider demain la c\u00e9r\u00e9monie de lancement d\u2019une l\u00e9gislation nationale pour l\u2019innovation et les StarUps\"},{\"@type\":\"BreadcrumbList\",\"@id\":\"https:\/\/www.africa-press.net\/djibouti\/politique\/le-president-guelleh-va-presider-demain-la-ceremonie-de-lancement-dune-legislation-nationale-pour-linnovation-et-les-starups#breadcrumb\",\"itemListElement\":[{\"@type\":\"ListItem\",\"position\":1,\"name\":\"Accueil\",\"item\":\"https:\/\/www.africa-press.net\/djibouti\/\"},{\"@type\":\"ListItem\",\"position\":2,\"name\":\"Le Pr\u00e9sident Guelleh va pr\u00e9sider demain la c\u00e9r\u00e9monie de lancement d\u2019une l\u00e9gislation nationale pour l\u2019innovation et les StarUps\"}]},{\"@type\":\"WebSite\",\"@id\":\"https:\/\/www.africa-press.net\/djibouti\/#website\",\"url\":\"https:\/\/www.africa-press.net\/djibouti\/\",\"name\":\"Djibouti\",\"description\":\"Just another Africa News Agency Sites site\",\"potentialAction\":[{\"@type\":\"SearchAction\",\"target\":{\"@type\":\"EntryPoint\",\"urlTemplate\":\"https:\/\/www.africa-press.net\/djibouti\/?s={search_term_string}\"},\"query-input\":{\"@type\":\"PropertyValueSpecification\",\"valueRequired\":true,\"valueName\":\"search_term_string\"}}],\"inLanguage\":\"fr-FR\"},{\"@type\":\"Person\",\"@id\":\"https:\/\/www.africa-press.net\/djibouti\/#\/schema\/person\/2b1cf3cd81a31e3cd26889ca66d677f1\",\"name\":\"cfeditorfr\"}]}<\/script>\n<!-- \/ Yoast SEO Premium plugin. -->","yoast_head_json":{"title":"Le Pr\u00e9sident Guelleh va pr\u00e9sider demain la c\u00e9r\u00e9monie de lancement d\u2019une l\u00e9gislation nationale pour l\u2019innovation et les StarUps - Djibouti","description":"Le pre\u0301sident de la Re\u0301publique, M. Ismai\u0308l Omar Guelleh, va pre\u0301sider demain au Centre de Leadership et de l'Entreprene ...","robots":{"index":"index","follow":"follow","max-snippet":"max-snippet:-1","max-image-preview":"max-image-preview:large","max-video-preview":"max-video-preview:-1"},"canonical":"https:\/\/www.africa-press.net\/djibouti\/politique\/le-president-guelleh-va-presider-demain-la-ceremonie-de-lancement-dune-legislation-nationale-pour-linnovation-et-les-starups","og_locale":"fr_FR","og_type":"article","og_title":"Le Pr\u00e9sident Guelleh va pr\u00e9sider demain la c\u00e9r\u00e9monie de lancement d\u2019une l\u00e9gislation nationale pour l\u2019innovation et les StarUps","og_description":"Le pre\u0301sident de la Re\u0301publique, M. Ismai\u0308l Omar Guelleh, va pre\u0301sider demain au Centre de Leadership et de l'Entreprene ...","og_url":"https:\/\/www.africa-press.net\/djibouti\/politique\/le-president-guelleh-va-presider-demain-la-ceremonie-de-lancement-dune-legislation-nationale-pour-linnovation-et-les-starups","og_site_name":"Djibouti","article_published_time":"2023-09-21T18:42:49+00:00","article_modified_time":"2023-09-21T18:51:37+00:00","og_image":[{"width":960,"height":640,"url":"https:\/\/static.africa-press.net\/djibouti\/sites\/52\/2023\/09\/sm_1695309650.865821.jpg","type":"image\/jpeg"}],"author":"cfeditorfr","twitter_card":"summary_large_image","twitter_misc":{"\u00c9crit par":"cfeditorfr","Dur\u00e9e de lecture estim\u00e9e":"2 minutes"},"schema":{"@context":"https:\/\/schema.org","@graph":[{"@type":"Article","@id":"https:\/\/www.africa-press.net\/djibouti\/politique\/le-president-guelleh-va-presider-demain-la-ceremonie-de-lancement-dune-legislation-nationale-pour-linnovation-et-les-starups#article","isPartOf":{"@id":"https:\/\/www.africa-press.net\/djibouti\/politique\/le-president-guelleh-va-presider-demain-la-ceremonie-de-lancement-dune-legislation-nationale-pour-linnovation-et-les-starups"},"author":{"name":"cfeditorfr","@id":"https:\/\/www.africa-press.net\/djibouti\/#\/schema\/person\/2b1cf3cd81a31e3cd26889ca66d677f1"},"headline":"Le Pr\u00e9sident Guelleh va pr\u00e9sider demain la c\u00e9r\u00e9monie de lancement d\u2019une l\u00e9gislation nationale pour l\u2019innovation et les StarUps","datePublished":"2023-09-21T18:42:49+00:00","dateModified":"2023-09-21T18:51:37+00:00","mainEntityOfPage":{"@id":"https:\/\/www.africa-press.net\/djibouti\/politique\/le-president-guelleh-va-presider-demain-la-ceremonie-de-lancement-dune-legislation-nationale-pour-linnovation-et-les-starups"},"wordCount":344,"commentCount":0,"image":{"@id":"https:\/\/www.africa-press.net\/djibouti\/politique\/le-president-guelleh-va-presider-demain-la-ceremonie-de-lancement-dune-legislation-nationale-pour-linnovation-et-les-starups#primaryimage"},"thumbnailUrl":"https:\/\/static.africa-press.net\/djibouti\/sites\/52\/2023\/09\/sm_1695309650.865821.jpg","keywords":["Africa Press","Africa Press-Djibouti","Djibouti"],"articleSection":["Politique","Toutes les actualit\u00e9s"],"inLanguage":"fr-FR","potentialAction":[{"@type":"CommentAction","name":"Comment","target":["https:\/\/www.africa-press.net\/djibouti\/politique\/le-president-guelleh-va-presider-demain-la-ceremonie-de-lancement-dune-legislation-nationale-pour-linnovation-et-les-starups#respond"]}]},{"@type":"WebPage","@id":"https:\/\/www.africa-press.net\/djibouti\/politique\/le-president-guelleh-va-presider-demain-la-ceremonie-de-lancement-dune-legislation-nationale-pour-linnovation-et-les-starups","url":"https:\/\/www.africa-press.net\/djibouti\/politique\/le-president-guelleh-va-presider-demain-la-ceremonie-de-lancement-dune-legislation-nationale-pour-linnovation-et-les-starups","name":"Le Pr\u00e9sident Guelleh va pr\u00e9sider demain la c\u00e9r\u00e9monie de lancement d\u2019une l\u00e9gislation nationale pour l\u2019innovation et les StarUps - Djibouti","isPartOf":{"@id":"https:\/\/www.africa-press.net\/djibouti\/#website"},"primaryImageOfPage":{"@id":"https:\/\/www.africa-press.net\/djibouti\/politique\/le-president-guelleh-va-presider-demain-la-ceremonie-de-lancement-dune-legislation-nationale-pour-linnovation-et-les-starups#primaryimage"},"image":{"@id":"https:\/\/www.africa-press.net\/djibouti\/politique\/le-president-guelleh-va-presider-demain-la-ceremonie-de-lancement-dune-legislation-nationale-pour-linnovation-et-les-starups#primaryimage"},"thumbnailUrl":"https:\/\/static.africa-press.net\/djibouti\/sites\/52\/2023\/09\/sm_1695309650.865821.jpg","datePublished":"2023-09-21T18:42:49+00:00","dateModified":"2023-09-21T18:51:37+00:00","author":{"@id":"https:\/\/www.africa-press.net\/djibouti\/#\/schema\/person\/2b1cf3cd81a31e3cd26889ca66d677f1"},"description":"Le pre\u0301sident de la Re\u0301publique, M. Ismai\u0308l Omar Guelleh, va pre\u0301sider demain au Centre de Leadership et de l'Entreprene ...","breadcrumb":{"@id":"https:\/\/www.africa-press.net\/djibouti\/politique\/le-president-guelleh-va-presider-demain-la-ceremonie-de-lancement-dune-legislation-nationale-pour-linnovation-et-les-starups#breadcrumb"},"inLanguage":"fr-FR","potentialAction":[{"@type":"ReadAction","target":["https:\/\/www.africa-press.net\/djibouti\/politique\/le-president-guelleh-va-presider-demain-la-ceremonie-de-lancement-dune-legislation-nationale-pour-linnovation-et-les-starups"]}]},{"@type":"ImageObject","inLanguage":"fr-FR","@id":"https:\/\/www.africa-press.net\/djibouti\/politique\/le-president-guelleh-va-presider-demain-la-ceremonie-de-lancement-dune-legislation-nationale-pour-linnovation-et-les-starups#primaryimage","url":"https:\/\/static.africa-press.net\/djibouti\/sites\/52\/2023\/09\/sm_1695309650.865821.jpg","contentUrl":"https:\/\/static.africa-press.net\/djibouti\/sites\/52\/2023\/09\/sm_1695309650.865821.jpg","width":960,"height":640,"caption":"Le Pr\u00e9sident Guelleh va pr\u00e9sider demain la c\u00e9r\u00e9monie de lancement d\u2019une l\u00e9gislation nationale pour l\u2019innovation et les StarUps"},{"@type":"BreadcrumbList","@id":"https:\/\/www.africa-press.net\/djibouti\/politique\/le-president-guelleh-va-presider-demain-la-ceremonie-de-lancement-dune-legislation-nationale-pour-linnovation-et-les-starups#breadcrumb","itemListElement":[{"@type":"ListItem","position":1,"name":"Accueil","item":"https:\/\/www.africa-press.net\/djibouti\/"},{"@type":"ListItem","position":2,"name":"Le Pr\u00e9sident Guelleh va pr\u00e9sider demain la c\u00e9r\u00e9monie de lancement d\u2019une l\u00e9gislation nationale pour l\u2019innovation et les StarUps"}]},{"@type":"WebSite","@id":"https:\/\/www.africa-press.net\/djibouti\/#website","url":"https:\/\/www.africa-press.net\/djibouti\/","name":"Djibouti","description":"Just another Africa News Agency Sites site","potentialAction":[{"@type":"SearchAction","target":{"@type":"EntryPoint","urlTemplate":"https:\/\/www.africa-press.net\/djibouti\/?s={search_term_string}"},"query-input":{"@type":"PropertyValueSpecification","valueRequired":true,"valueName":"search_term_string"}}],"inLanguage":"fr-FR"},{"@type":"Person","@id":"https:\/\/www.africa-press.net\/djibouti\/#\/schema\/person\/2b1cf3cd81a31e3cd26889ca66d677f1","name":"cfeditorfr"}]}},"_links":{"self":[{"href":"https:\/\/www.africa-press.net\/djibouti\/wp-json\/wp\/v2\/posts\/18196","targetHints":{"allow":["GET"]}}],"collection":[{"href":"https:\/\/www.africa-press.net\/djibouti\/wp-json\/wp\/v2\/posts"}],"about":[{"href":"https:\/\/www.africa-press.net\/djibouti\/wp-json\/wp\/v2\/types\/post"}],"author":[{"embeddable":true,"href":"https:\/\/www.africa-press.net\/djibouti\/wp-json\/wp\/v2\/users\/82"}],"replies":[{"embeddable":true,"href":"https:\/\/www.africa-press.net\/djibouti\/wp-json\/wp\/v2\/comments?post=18196"}],"version-history":[{"count":0,"href":"https:\/\/www.africa-press.net\/djibouti\/wp-json\/wp\/v2\/posts\/18196\/revisions"}],"wp:featuredmedia":[{"embeddable":true,"href":"https:\/\/www.africa-press.net\/djibouti\/wp-json\/wp\/v2\/media\/18195"}],"wp:attachment":[{"href":"https:\/\/www.africa-press.net\/djibouti\/wp-json\/wp\/v2\/media?parent=18196"}],"wp:term":[{"taxonomy":"category","embeddable":true,"href":"https:\/\/www.africa-press.net\/djibouti\/wp-json\/wp\/v2\/categories?post=18196"},{"taxonomy":"post_tag","embeddable":true,"href":"https:\/\/www.africa-press.net\/djibouti\/wp-json\/wp\/v2\/tags?post=18196"}],"curies":[{"name":"wp","href":"https:\/\/api.w.org\/{rel}","templated":true}]}}