{"id":18199,"date":"2023-09-21T18:43:07","date_gmt":"2023-09-21T18:43:07","guid":{"rendered":"https:\/\/www.africa-press.net\/djibouti\/politique\/le-president-guelleh-appelle-de-ses-voeux-a-la-realisation-dun-elan-general-de-notre-societe-autour-de-lentreprenariat-numerique"},"modified":"2023-09-21T18:52:02","modified_gmt":"2023-09-21T18:52:02","slug":"le-president-guelleh-appelle-de-ses-voeux-a-la-realisation-dun-elan-general-de-notre-societe-autour-de-lentreprenariat-numerique","status":"publish","type":"post","link":"https:\/\/www.africa-press.net\/djibouti\/politique\/le-president-guelleh-appelle-de-ses-voeux-a-la-realisation-dun-elan-general-de-notre-societe-autour-de-lentreprenariat-numerique","title":{"rendered":"Le Pr\u00e9sident Guelleh appelle de ses v\u0153ux \u00e0 la r\u00e9alisation d\u2019un \u00e9lan g\u00e9n\u00e9ral de notre soci\u00e9t\u00e9 autour de l\u2019Entreprenariat num\u00e9rique"},"content":{"rendered":"<p><span style=\"color: #ff6600\"><strong>Africa-Press &#8211; Djibouti. <\/strong><\/span>Le Chef de l\u2019Etat, M. Ismail Omar Guelleh, a pre\u0301side\u0301 ce mercredi matin, une ce\u0301re\u0301monie de\u0301die\u0301e au lancement des travaux de conception d\u2019un cadre de re\u0301glementation et de renforcement de l\u2019Entreprenariat digital.<\/p>\n<p>Canal relativement re\u0301cent de de\u0301bouche\u0301 e\u0301conomique et professionnel, l\u2019Entreprenariat digital couvre le champ vaste d\u2019activite\u0301s recourant aux nouvelles technologies de communication et de l\u2019information (TICs).<\/p>\n<p>Sa matrice phare repose sur la cre\u0301ation et l\u2019invention de cre\u0301neau nouveaux et comple\u0301mentaires d\u2019exploitation e\u0301conomique.<\/p>\n<p>Et sa plus-value essentielle re\u0301side a\u0300 mettre le nume\u0301rique au service du de\u0301veloppement.<\/p>\n<p>Quant a\u0300 l\u2019atout premier de l\u2019Entreprenariat nume\u0301rique, c\u2019est son personnel ressources, plus connu sous le vocable de startups, un patrimoine humain polyvalent, alliant innovation e\u0301conomique et technologie de l\u2019information.<\/p>\n<p>Dans une allocution faite a\u0300 la tribune de cet e\u0301ve\u0300nement, le Pre\u0301sident de la Re\u0301publique, a d\u2019emble\u0301e souligne\u0301 la place centrale qui revient a\u0300 la notion d\u2019entreprenariat et d\u2019\u2019e\u0301conomie nume\u0301rique dans un monde de plus en plus digitalise\u0301.<\/p>\n<p>\u00ab Nous demeurons convaincus que les leviers de croissance de notre Nation passeront par notre capacite\u0301 a\u0300 embrasser pleinement la re\u0301volution nume\u0301rique en cours \u00bb, a, a\u0300 cet effet, de\u0301clare\u0301 le Pre\u0301sident Guelleh.<\/p>\n<p>Il a ensuite proce\u0301de\u0301 a\u0300 l\u2019inventaire ge\u0301ne\u0301ral des perspectives positives suspendues au de\u0301veloppement de l\u2019Entreprenariat nume\u0301rique.<\/p>\n<p>\u00ab Avec la vision ambitieuse de la \u00ab Smart Nation, nous avons place\u0301 l\u2019innovation, l\u2019adaptabilite\u0301 et la modernite\u0301 au c\u0153ur de notre de\u0301marche \u00bb, a en ce sens indique\u0301 le Chef de l\u2019Etat.<\/p>\n<p>\u00ab Les startups, ve\u0301ritables foyers d\u2019innovation&#8230;constituent un moteur de la transformation nume\u0301rique, cre\u0301ent des emplois, introduisent des technologies avant-gardistes et insufflent une dynamique de croissance e\u0301conomique. \u00bb, a, dans le me\u0302me e\u0301lan, note\u0301 le Pre\u0301sident Guelleh, qualifiant le cadre re\u0301glementaire, Startup Act Djibouti, appele\u0301 de\u0301sormais a\u0300 re\u0301gir le secteur national de l\u2019Entreprenariat nume\u0301rique \u00ab de terreau fertile pour la naissance, la croissance et le succe\u0300s des entreprises innovantes \u00bb<\/p>\n<p>\u00ab Notre vision est de fournir aux startups un e\u0301cosyste\u0300me dynamique et stimulant, soutenu par une infrastructure robuste, des ressources adapte\u0301es et une atmosphe\u0300re propice a\u0300 la cre\u0301ativite\u0301 \u00bb, a, dans la foule\u0301e, affirme\u0301 le Pre\u0301sident de la Re\u0301publique qui, a appele\u0301 de ses v\u0153ux a\u0300 la re\u0301alisation d\u2019un e\u0301lan ge\u0301ne\u0301ral de notre socie\u0301te\u0301 autour de l\u2019Entreprenariat nume\u0301rique.<\/p>\n<p>\u00ab Nous encourageons le de\u0301veloppement d\u2019incubateurs et d\u2019acce\u0301le\u0301rateurs, des structures essentielles pour offrir formation, conseils et financements aux startups \u00bb, a en substance de\u0301clare\u0301 le Chef de l\u2019Etat.<\/p>\n<p>Outre le discours du Pre\u0301sident de la Re\u0301publique, la ce\u0301re\u0301monie de lancement de travaux de conception du futur cadre de re\u0301glementation de l\u2019Entreprenariat digital a comporte\u0301 d\u2019autres e\u0301tapes dont, un stand d\u2019exposition de produits cre\u0301e\u0301s par les startups djiboutiennes.<\/p>\n<p>Le Chef de l\u2019Etat a visite\u0301 l\u2019inte\u0301gralite\u0301 de ce stand d\u2019exposition qui, a abrite\u0301 les produits d\u2019environ une vingtaine d\u2019entreprises de startups.<\/p>\n<p>A l\u2019issue, le Pre\u0301sident Guelleh s\u2019est entretenu longuement avec un collectif repre\u0301sentatif des jeunes compatriotes ope\u0301rant dans le secteur de l\u2019entreprenariat digital.<\/p>\n<p>Un nombre important d\u2019officiels dont les membres du Gouvernement parmi lesquels, la Ministre de\u0301le\u0301gue\u0301e, Charge\u0301e de l\u2019Economie nume\u0301rique et de l\u2019Innovation, Madame Mariam Hamadou Ali, entoure\u0301e des principaux responsables de son de\u0301partement, ont pris part a\u0300 cet e\u0301ve\u0300nement.<\/p>\n<p>A noter que la ce\u0301re\u0301monie de lancement des travaux de conception du futur cadre re\u0301glementaire de l\u2019Entreprenariat digital ouvre la voie, de\u0300s ce mercredi apre\u0300s-midi jusqu\u2019a\u0300 demain, jeudi, a\u0300 la tenue, au Kempinski Palace Ho\u0302tel, d\u2019un atelier d\u2019e\u0301changes regroupant les Institutions de l\u2019Etat, le secteur prive\u0301 ainsi que d\u2019experts internationaux sur les de\u0301fis et perspectives autour de la the\u0301matique.<\/p>\n<p>Le Chef de l\u2019Etat, M. Ismail Omar Guelleh, a pre\u0301side\u0301 ce mercredi matin, une ce\u0301re\u0301monie de\u0301die\u0301e au lancement des travaux de conception d\u2019un cadre de re\u0301glementation et de renforcement de l\u2019Entreprenariat digital.<\/p>\n<p>Canal relativement re\u0301cent de de\u0301bouche\u0301 e\u0301conomique et professionnel, l\u2019Entreprenariat digital couvre le champ vaste d\u2019activite\u0301s recourant aux nouvelles technologies de communication et de l\u2019information (TICs).<\/p>\n<p>Sa matrice phare repose sur la cre\u0301ation et l\u2019invention de cre\u0301neau nouveaux et comple\u0301mentaires d\u2019exploitation e\u0301conomique.<\/p>\n<p>Et sa plus-value essentielle re\u0301side a\u0300 mettre le nume\u0301rique au service du de\u0301veloppement.<\/p>\n<p>Quant a\u0300 l\u2019atout premier de l\u2019Entreprenariat nume\u0301rique, c\u2019est son personnel ressources, plus connu sous le vocable de startups, un patrimoine humain polyvalent, alliant innovation e\u0301conomique et technologie de l\u2019information.<\/p>\n<p>Dans une allocution faite a\u0300 la tribune de cet e\u0301ve\u0300nement, le Pre\u0301sident de la Re\u0301publique, a d\u2019emble\u0301e souligne\u0301 la place centrale qui revient a\u0300 la notion d\u2019entreprenariat et d\u2019\u2019e\u0301conomie nume\u0301rique dans un monde de plus en plus digitalise\u0301.<\/p>\n<p>\u00ab Nous demeurons convaincus que les leviers de croissance de notre Nation passeront par notre capacite\u0301 a\u0300 embrasser pleinement la re\u0301volution nume\u0301rique en cours \u00bb, a, a\u0300 cet effet, de\u0301clare\u0301 le Pre\u0301sident Guelleh.<\/p>\n<p>Il a ensuite proce\u0301de\u0301 a\u0300 l\u2019inventaire ge\u0301ne\u0301ral des perspectives positives suspendues au de\u0301veloppement de l\u2019Entreprenariat nume\u0301rique.<\/p>\n<p>\u00ab Avec la vision ambitieuse de la \u00ab Smart Nation, nous avons place\u0301 l\u2019innovation, l\u2019adaptabilite\u0301 et la modernite\u0301 au c\u0153ur de notre de\u0301marche \u00bb, a en ce sens indique\u0301 le Chef de l\u2019Etat.<\/p>\n<p>\u00ab Les startups, ve\u0301ritables foyers d\u2019innovation&#8230;constituent un moteur de la transformation nume\u0301rique, cre\u0301ent des emplois, introduisent des technologies avant-gardistes et insufflent une dynamique de croissance e\u0301conomique. \u00bb, a, dans le me\u0302me e\u0301lan, note\u0301 le Pre\u0301sident Guelleh, qualifiant le cadre re\u0301glementaire, Startup Act Djibouti, appele\u0301 de\u0301sormais a\u0300 re\u0301gir le secteur national de l\u2019Entreprenariat nume\u0301rique \u00ab de terreau fertile pour la naissance, la croissance et le succe\u0300s des entreprises innovantes \u00bb<\/p>\n<p>\u00ab Notre vision est de fournir aux startups un e\u0301cosyste\u0300me dynamique et stimulant, soutenu par une infrastructure robuste, des ressources adapte\u0301es et une atmosphe\u0300re propice a\u0300 la cre\u0301ativite\u0301 \u00bb, a, dans la foule\u0301e, affirme\u0301 le Pre\u0301sident de la Re\u0301publique qui, a appele\u0301 de ses v\u0153ux a\u0300 la re\u0301alisation d\u2019un e\u0301lan ge\u0301ne\u0301ral de notre socie\u0301te\u0301 autour de l\u2019Entreprenariat nume\u0301rique.<\/p>\n<p>\u00ab Nous encourageons le de\u0301veloppement d\u2019incubateurs et d\u2019acce\u0301le\u0301rateurs, des structures essentielles pour offrir formation, conseils et financements aux startups \u00bb, a en substance de\u0301clare\u0301 le Chef de l\u2019Etat.<\/p>\n<p>Outre le discours du Pre\u0301sident de la Re\u0301publique, la ce\u0301re\u0301monie de lancement de travaux de conception du futur cadre de re\u0301glementation de l\u2019Entreprenariat digital a comporte\u0301 d\u2019autres e\u0301tapes dont, un stand d\u2019exposition de produits cre\u0301e\u0301s par les startups djiboutiennes.<\/p>\n<p>Le Chef de l\u2019Etat a visite\u0301 l\u2019inte\u0301gralite\u0301 de ce stand d\u2019exposition qui, a abrite\u0301 les produits d\u2019environ une vingtaine d\u2019entreprises de startups.<\/p>\n<p>A l\u2019issue, le Pre\u0301sident Guelleh s\u2019est entretenu longuement avec un collectif repre\u0301sentatif des jeunes compatriotes ope\u0301rant dans le secteur de l\u2019entreprenariat digital.<\/p>\n<p>Un nombre important d\u2019officiels dont les membres du Gouvernement parmi lesquels, la Ministre de\u0301le\u0301gue\u0301e, Charge\u0301e de l\u2019Economie nume\u0301rique et de l\u2019Innovation, Madame Mariam Hamadou Ali, entoure\u0301e des principaux responsables de son de\u0301partement, ont pris part a\u0300 cet e\u0301ve\u0300nement.<\/p>\n<p>A noter que la ce\u0301re\u0301monie de lancement des travaux de conception du futur cadre re\u0301glementaire de l\u2019Entreprenariat digital ouvre la voie, de\u0300s ce mercredi apre\u0300s-midi jusqu\u2019a\u0300 demain, jeudi, a\u0300 la tenue, au Kempinski Palace Ho\u0302tel, d\u2019un atelier d\u2019e\u0301changes regroupant les Institutions de l\u2019Etat, le secteur prive\u0301 ainsi que d\u2019experts internationaux sur les de\u0301fis et perspectives autour de la the\u0301matique.<\/p>\n<p><strong>Pour plus d&rsquo;informations et d&rsquo;analyses sur la <a href=\"https:\/\/www.africa-press.net\/djibouti\">Djibouti<\/a>, suivez <a href=\"https:\/\/www.africa-press.net\/\">Africa-Press<\/a><\/strong><\/p>\n","protected":false},"excerpt":{"rendered":"<p>Africa-Press &#8211; Djibouti. Le Chef de l\u2019Etat, M. Ismail Omar Guelleh, a pre\u0301side\u0301 ce mercredi matin, une ce\u0301re\u0301monie de\u0301die\u0301e au lancement des travaux de conception d\u2019un cadre de re\u0301glementation et de renforcement de l\u2019Entreprenariat digital. Canal relativement re\u0301cent de de\u0301bouche\u0301 e\u0301conomique et professionnel, l\u2019Entreprenariat digital couvre le champ vaste d\u2019activite\u0301s recourant aux nouvelles technologies de [&hellip;]<\/p>\n","protected":false},"author":82,"featured_media":18197,"comment_status":"open","ping_status":"closed","sticky":false,"template":"","format":"standard","meta":{"footnotes":""},"categories":[2,20,10],"tags":[36,49,50],"class_list":["post-18199","post","type-post","status-publish","format-standard","has-post-thumbnail","hentry","category-politique","category-top-nouvelles","category-toutes-les-actualites","tag-africa-press","tag-africa-press-djibouti","tag-djibouti"],"yoast_head":"<!-- This site is optimized with the Yoast SEO Premium plugin v26.1 (Yoast SEO v27.0) - https:\/\/yoast.com\/product\/yoast-seo-premium-wordpress\/ -->\n<title>Le Pr\u00e9sident Guelleh appelle de ses v\u0153ux \u00e0 la r\u00e9alisation d\u2019un \u00e9lan g\u00e9n\u00e9ral de notre soci\u00e9t\u00e9 autour de l\u2019Entreprenariat num\u00e9rique - Djibouti<\/title>\n<meta name=\"description\" content=\"Le Chef de l\u2019Etat, M. Ismail Omar Guelleh, a pre\u0301side\u0301 ce mercredi matin, une ce\u0301re\u0301monie de\u0301die\u0301e au lancement des trav ...\" \/>\n<meta name=\"robots\" content=\"index, follow, max-snippet:-1, max-image-preview:large, max-video-preview:-1\" \/>\n<link rel=\"canonical\" href=\"https:\/\/www.africa-press.net\/djibouti\/politique\/le-president-guelleh-appelle-de-ses-voeux-a-la-realisation-dun-elan-general-de-notre-societe-autour-de-lentreprenariat-numerique\" \/>\n<meta property=\"og:locale\" content=\"fr_FR\" \/>\n<meta property=\"og:type\" content=\"article\" \/>\n<meta property=\"og:title\" content=\"Le Pr\u00e9sident Guelleh appelle de ses v\u0153ux \u00e0 la r\u00e9alisation d\u2019un \u00e9lan g\u00e9n\u00e9ral de notre soci\u00e9t\u00e9 autour de l\u2019Entreprenariat num\u00e9rique\" \/>\n<meta property=\"og:description\" content=\"Le Chef de l\u2019Etat, M. Ismail Omar Guelleh, a pre\u0301side\u0301 ce mercredi matin, une ce\u0301re\u0301monie de\u0301die\u0301e au lancement des trav ...\" \/>\n<meta property=\"og:url\" content=\"https:\/\/www.africa-press.net\/djibouti\/politique\/le-president-guelleh-appelle-de-ses-voeux-a-la-realisation-dun-elan-general-de-notre-societe-autour-de-lentreprenariat-numerique\" \/>\n<meta property=\"og:site_name\" content=\"Djibouti\" \/>\n<meta property=\"article:published_time\" content=\"2023-09-21T18:43:07+00:00\" \/>\n<meta property=\"article:modified_time\" content=\"2023-09-21T18:52:02+00:00\" \/>\n<meta property=\"og:image\" content=\"https:\/\/static.africa-press.net\/djibouti\/sites\/52\/2023\/09\/sm_1695309686.767874.jpg\" \/>\n\t<meta property=\"og:image:width\" content=\"1162\" \/>\n\t<meta property=\"og:image:height\" content=\"793\" \/>\n\t<meta property=\"og:image:type\" content=\"image\/jpeg\" \/>\n<meta name=\"author\" content=\"cfeditorfr\" \/>\n<meta name=\"twitter:card\" content=\"summary_large_image\" \/>\n<meta name=\"twitter:label1\" content=\"\u00c9crit par\" \/>\n\t<meta name=\"twitter:data1\" content=\"cfeditorfr\" \/>\n\t<meta name=\"twitter:label2\" content=\"Dur\u00e9e de lecture estim\u00e9e\" \/>\n\t<meta name=\"twitter:data2\" content=\"6 minutes\" \/>\n<script type=\"application\/ld+json\" class=\"yoast-schema-graph\">{\"@context\":\"https:\/\/schema.org\",\"@graph\":[{\"@type\":\"Article\",\"@id\":\"https:\/\/www.africa-press.net\/djibouti\/politique\/le-president-guelleh-appelle-de-ses-voeux-a-la-realisation-dun-elan-general-de-notre-societe-autour-de-lentreprenariat-numerique#article\",\"isPartOf\":{\"@id\":\"https:\/\/www.africa-press.net\/djibouti\/politique\/le-president-guelleh-appelle-de-ses-voeux-a-la-realisation-dun-elan-general-de-notre-societe-autour-de-lentreprenariat-numerique\"},\"author\":{\"name\":\"cfeditorfr\",\"@id\":\"https:\/\/www.africa-press.net\/djibouti\/#\/schema\/person\/2b1cf3cd81a31e3cd26889ca66d677f1\"},\"headline\":\"Le Pr\u00e9sident Guelleh appelle de ses v\u0153ux \u00e0 la r\u00e9alisation d\u2019un \u00e9lan g\u00e9n\u00e9ral de notre soci\u00e9t\u00e9 autour de l\u2019Entreprenariat num\u00e9rique\",\"datePublished\":\"2023-09-21T18:43:07+00:00\",\"dateModified\":\"2023-09-21T18:52:02+00:00\",\"mainEntityOfPage\":{\"@id\":\"https:\/\/www.africa-press.net\/djibouti\/politique\/le-president-guelleh-appelle-de-ses-voeux-a-la-realisation-dun-elan-general-de-notre-societe-autour-de-lentreprenariat-numerique\"},\"wordCount\":1449,\"commentCount\":0,\"image\":{\"@id\":\"https:\/\/www.africa-press.net\/djibouti\/politique\/le-president-guelleh-appelle-de-ses-voeux-a-la-realisation-dun-elan-general-de-notre-societe-autour-de-lentreprenariat-numerique#primaryimage\"},\"thumbnailUrl\":\"https:\/\/static.africa-press.net\/djibouti\/sites\/52\/2023\/09\/sm_1695309686.767874.jpg\",\"keywords\":[\"Africa Press\",\"Africa Press-Djibouti\",\"Djibouti\"],\"articleSection\":[\"Politique\",\"Top Nouvelles\",\"Toutes les actualit\u00e9s\"],\"inLanguage\":\"fr-FR\",\"potentialAction\":[{\"@type\":\"CommentAction\",\"name\":\"Comment\",\"target\":[\"https:\/\/www.africa-press.net\/djibouti\/politique\/le-president-guelleh-appelle-de-ses-voeux-a-la-realisation-dun-elan-general-de-notre-societe-autour-de-lentreprenariat-numerique#respond\"]}]},{\"@type\":\"WebPage\",\"@id\":\"https:\/\/www.africa-press.net\/djibouti\/politique\/le-president-guelleh-appelle-de-ses-voeux-a-la-realisation-dun-elan-general-de-notre-societe-autour-de-lentreprenariat-numerique\",\"url\":\"https:\/\/www.africa-press.net\/djibouti\/politique\/le-president-guelleh-appelle-de-ses-voeux-a-la-realisation-dun-elan-general-de-notre-societe-autour-de-lentreprenariat-numerique\",\"name\":\"Le Pr\u00e9sident Guelleh appelle de ses v\u0153ux \u00e0 la r\u00e9alisation d\u2019un \u00e9lan g\u00e9n\u00e9ral de notre soci\u00e9t\u00e9 autour de l\u2019Entreprenariat num\u00e9rique - Djibouti\",\"isPartOf\":{\"@id\":\"https:\/\/www.africa-press.net\/djibouti\/#website\"},\"primaryImageOfPage\":{\"@id\":\"https:\/\/www.africa-press.net\/djibouti\/politique\/le-president-guelleh-appelle-de-ses-voeux-a-la-realisation-dun-elan-general-de-notre-societe-autour-de-lentreprenariat-numerique#primaryimage\"},\"image\":{\"@id\":\"https:\/\/www.africa-press.net\/djibouti\/politique\/le-president-guelleh-appelle-de-ses-voeux-a-la-realisation-dun-elan-general-de-notre-societe-autour-de-lentreprenariat-numerique#primaryimage\"},\"thumbnailUrl\":\"https:\/\/static.africa-press.net\/djibouti\/sites\/52\/2023\/09\/sm_1695309686.767874.jpg\",\"datePublished\":\"2023-09-21T18:43:07+00:00\",\"dateModified\":\"2023-09-21T18:52:02+00:00\",\"author\":{\"@id\":\"https:\/\/www.africa-press.net\/djibouti\/#\/schema\/person\/2b1cf3cd81a31e3cd26889ca66d677f1\"},\"description\":\"Le Chef de l\u2019Etat, M. Ismail Omar Guelleh, a pre\u0301side\u0301 ce mercredi matin, une ce\u0301re\u0301monie de\u0301die\u0301e au lancement des trav ...\",\"breadcrumb\":{\"@id\":\"https:\/\/www.africa-press.net\/djibouti\/politique\/le-president-guelleh-appelle-de-ses-voeux-a-la-realisation-dun-elan-general-de-notre-societe-autour-de-lentreprenariat-numerique#breadcrumb\"},\"inLanguage\":\"fr-FR\",\"potentialAction\":[{\"@type\":\"ReadAction\",\"target\":[\"https:\/\/www.africa-press.net\/djibouti\/politique\/le-president-guelleh-appelle-de-ses-voeux-a-la-realisation-dun-elan-general-de-notre-societe-autour-de-lentreprenariat-numerique\"]}]},{\"@type\":\"ImageObject\",\"inLanguage\":\"fr-FR\",\"@id\":\"https:\/\/www.africa-press.net\/djibouti\/politique\/le-president-guelleh-appelle-de-ses-voeux-a-la-realisation-dun-elan-general-de-notre-societe-autour-de-lentreprenariat-numerique#primaryimage\",\"url\":\"https:\/\/static.africa-press.net\/djibouti\/sites\/52\/2023\/09\/sm_1695309686.767874.jpg\",\"contentUrl\":\"https:\/\/static.africa-press.net\/djibouti\/sites\/52\/2023\/09\/sm_1695309686.767874.jpg\",\"width\":1162,\"height\":793,\"caption\":\"Le Pr\u00e9sident Guelleh appelle de ses v\u0153ux \u00e0 la r\u00e9alisation d\u2019un \u00e9lan g\u00e9n\u00e9ral de notre soci\u00e9t\u00e9 autour de l\u2019Entreprenariat num\u00e9rique\"},{\"@type\":\"BreadcrumbList\",\"@id\":\"https:\/\/www.africa-press.net\/djibouti\/politique\/le-president-guelleh-appelle-de-ses-voeux-a-la-realisation-dun-elan-general-de-notre-societe-autour-de-lentreprenariat-numerique#breadcrumb\",\"itemListElement\":[{\"@type\":\"ListItem\",\"position\":1,\"name\":\"Accueil\",\"item\":\"https:\/\/www.africa-press.net\/djibouti\/\"},{\"@type\":\"ListItem\",\"position\":2,\"name\":\"Le Pr\u00e9sident Guelleh appelle de ses v\u0153ux \u00e0 la r\u00e9alisation d\u2019un \u00e9lan g\u00e9n\u00e9ral de notre soci\u00e9t\u00e9 autour de l\u2019Entreprenariat num\u00e9rique\"}]},{\"@type\":\"WebSite\",\"@id\":\"https:\/\/www.africa-press.net\/djibouti\/#website\",\"url\":\"https:\/\/www.africa-press.net\/djibouti\/\",\"name\":\"Djibouti\",\"description\":\"Just another Africa News Agency Sites site\",\"potentialAction\":[{\"@type\":\"SearchAction\",\"target\":{\"@type\":\"EntryPoint\",\"urlTemplate\":\"https:\/\/www.africa-press.net\/djibouti\/?s={search_term_string}\"},\"query-input\":{\"@type\":\"PropertyValueSpecification\",\"valueRequired\":true,\"valueName\":\"search_term_string\"}}],\"inLanguage\":\"fr-FR\"},{\"@type\":\"Person\",\"@id\":\"https:\/\/www.africa-press.net\/djibouti\/#\/schema\/person\/2b1cf3cd81a31e3cd26889ca66d677f1\",\"name\":\"cfeditorfr\"}]}<\/script>\n<!-- \/ Yoast SEO Premium plugin. -->","yoast_head_json":{"title":"Le Pr\u00e9sident Guelleh appelle de ses v\u0153ux \u00e0 la r\u00e9alisation d\u2019un \u00e9lan g\u00e9n\u00e9ral de notre soci\u00e9t\u00e9 autour de l\u2019Entreprenariat num\u00e9rique - Djibouti","description":"Le Chef de l\u2019Etat, M. Ismail Omar Guelleh, a pre\u0301side\u0301 ce mercredi matin, une ce\u0301re\u0301monie de\u0301die\u0301e au lancement des trav ...","robots":{"index":"index","follow":"follow","max-snippet":"max-snippet:-1","max-image-preview":"max-image-preview:large","max-video-preview":"max-video-preview:-1"},"canonical":"https:\/\/www.africa-press.net\/djibouti\/politique\/le-president-guelleh-appelle-de-ses-voeux-a-la-realisation-dun-elan-general-de-notre-societe-autour-de-lentreprenariat-numerique","og_locale":"fr_FR","og_type":"article","og_title":"Le Pr\u00e9sident Guelleh appelle de ses v\u0153ux \u00e0 la r\u00e9alisation d\u2019un \u00e9lan g\u00e9n\u00e9ral de notre soci\u00e9t\u00e9 autour de l\u2019Entreprenariat num\u00e9rique","og_description":"Le Chef de l\u2019Etat, M. Ismail Omar Guelleh, a pre\u0301side\u0301 ce mercredi matin, une ce\u0301re\u0301monie de\u0301die\u0301e au lancement des trav ...","og_url":"https:\/\/www.africa-press.net\/djibouti\/politique\/le-president-guelleh-appelle-de-ses-voeux-a-la-realisation-dun-elan-general-de-notre-societe-autour-de-lentreprenariat-numerique","og_site_name":"Djibouti","article_published_time":"2023-09-21T18:43:07+00:00","article_modified_time":"2023-09-21T18:52:02+00:00","og_image":[{"width":1162,"height":793,"url":"https:\/\/static.africa-press.net\/djibouti\/sites\/52\/2023\/09\/sm_1695309686.767874.jpg","type":"image\/jpeg"}],"author":"cfeditorfr","twitter_card":"summary_large_image","twitter_misc":{"\u00c9crit par":"cfeditorfr","Dur\u00e9e de lecture estim\u00e9e":"6 minutes"},"schema":{"@context":"https:\/\/schema.org","@graph":[{"@type":"Article","@id":"https:\/\/www.africa-press.net\/djibouti\/politique\/le-president-guelleh-appelle-de-ses-voeux-a-la-realisation-dun-elan-general-de-notre-societe-autour-de-lentreprenariat-numerique#article","isPartOf":{"@id":"https:\/\/www.africa-press.net\/djibouti\/politique\/le-president-guelleh-appelle-de-ses-voeux-a-la-realisation-dun-elan-general-de-notre-societe-autour-de-lentreprenariat-numerique"},"author":{"name":"cfeditorfr","@id":"https:\/\/www.africa-press.net\/djibouti\/#\/schema\/person\/2b1cf3cd81a31e3cd26889ca66d677f1"},"headline":"Le Pr\u00e9sident Guelleh appelle de ses v\u0153ux \u00e0 la r\u00e9alisation d\u2019un \u00e9lan g\u00e9n\u00e9ral de notre soci\u00e9t\u00e9 autour de l\u2019Entreprenariat num\u00e9rique","datePublished":"2023-09-21T18:43:07+00:00","dateModified":"2023-09-21T18:52:02+00:00","mainEntityOfPage":{"@id":"https:\/\/www.africa-press.net\/djibouti\/politique\/le-president-guelleh-appelle-de-ses-voeux-a-la-realisation-dun-elan-general-de-notre-societe-autour-de-lentreprenariat-numerique"},"wordCount":1449,"commentCount":0,"image":{"@id":"https:\/\/www.africa-press.net\/djibouti\/politique\/le-president-guelleh-appelle-de-ses-voeux-a-la-realisation-dun-elan-general-de-notre-societe-autour-de-lentreprenariat-numerique#primaryimage"},"thumbnailUrl":"https:\/\/static.africa-press.net\/djibouti\/sites\/52\/2023\/09\/sm_1695309686.767874.jpg","keywords":["Africa Press","Africa Press-Djibouti","Djibouti"],"articleSection":["Politique","Top Nouvelles","Toutes les actualit\u00e9s"],"inLanguage":"fr-FR","potentialAction":[{"@type":"CommentAction","name":"Comment","target":["https:\/\/www.africa-press.net\/djibouti\/politique\/le-president-guelleh-appelle-de-ses-voeux-a-la-realisation-dun-elan-general-de-notre-societe-autour-de-lentreprenariat-numerique#respond"]}]},{"@type":"WebPage","@id":"https:\/\/www.africa-press.net\/djibouti\/politique\/le-president-guelleh-appelle-de-ses-voeux-a-la-realisation-dun-elan-general-de-notre-societe-autour-de-lentreprenariat-numerique","url":"https:\/\/www.africa-press.net\/djibouti\/politique\/le-president-guelleh-appelle-de-ses-voeux-a-la-realisation-dun-elan-general-de-notre-societe-autour-de-lentreprenariat-numerique","name":"Le Pr\u00e9sident Guelleh appelle de ses v\u0153ux \u00e0 la r\u00e9alisation d\u2019un \u00e9lan g\u00e9n\u00e9ral de notre soci\u00e9t\u00e9 autour de l\u2019Entreprenariat num\u00e9rique - Djibouti","isPartOf":{"@id":"https:\/\/www.africa-press.net\/djibouti\/#website"},"primaryImageOfPage":{"@id":"https:\/\/www.africa-press.net\/djibouti\/politique\/le-president-guelleh-appelle-de-ses-voeux-a-la-realisation-dun-elan-general-de-notre-societe-autour-de-lentreprenariat-numerique#primaryimage"},"image":{"@id":"https:\/\/www.africa-press.net\/djibouti\/politique\/le-president-guelleh-appelle-de-ses-voeux-a-la-realisation-dun-elan-general-de-notre-societe-autour-de-lentreprenariat-numerique#primaryimage"},"thumbnailUrl":"https:\/\/static.africa-press.net\/djibouti\/sites\/52\/2023\/09\/sm_1695309686.767874.jpg","datePublished":"2023-09-21T18:43:07+00:00","dateModified":"2023-09-21T18:52:02+00:00","author":{"@id":"https:\/\/www.africa-press.net\/djibouti\/#\/schema\/person\/2b1cf3cd81a31e3cd26889ca66d677f1"},"description":"Le Chef de l\u2019Etat, M. Ismail Omar Guelleh, a pre\u0301side\u0301 ce mercredi matin, une ce\u0301re\u0301monie de\u0301die\u0301e au lancement des trav ...","breadcrumb":{"@id":"https:\/\/www.africa-press.net\/djibouti\/politique\/le-president-guelleh-appelle-de-ses-voeux-a-la-realisation-dun-elan-general-de-notre-societe-autour-de-lentreprenariat-numerique#breadcrumb"},"inLanguage":"fr-FR","potentialAction":[{"@type":"ReadAction","target":["https:\/\/www.africa-press.net\/djibouti\/politique\/le-president-guelleh-appelle-de-ses-voeux-a-la-realisation-dun-elan-general-de-notre-societe-autour-de-lentreprenariat-numerique"]}]},{"@type":"ImageObject","inLanguage":"fr-FR","@id":"https:\/\/www.africa-press.net\/djibouti\/politique\/le-president-guelleh-appelle-de-ses-voeux-a-la-realisation-dun-elan-general-de-notre-societe-autour-de-lentreprenariat-numerique#primaryimage","url":"https:\/\/static.africa-press.net\/djibouti\/sites\/52\/2023\/09\/sm_1695309686.767874.jpg","contentUrl":"https:\/\/static.africa-press.net\/djibouti\/sites\/52\/2023\/09\/sm_1695309686.767874.jpg","width":1162,"height":793,"caption":"Le Pr\u00e9sident Guelleh appelle de ses v\u0153ux \u00e0 la r\u00e9alisation d\u2019un \u00e9lan g\u00e9n\u00e9ral de notre soci\u00e9t\u00e9 autour de l\u2019Entreprenariat num\u00e9rique"},{"@type":"BreadcrumbList","@id":"https:\/\/www.africa-press.net\/djibouti\/politique\/le-president-guelleh-appelle-de-ses-voeux-a-la-realisation-dun-elan-general-de-notre-societe-autour-de-lentreprenariat-numerique#breadcrumb","itemListElement":[{"@type":"ListItem","position":1,"name":"Accueil","item":"https:\/\/www.africa-press.net\/djibouti\/"},{"@type":"ListItem","position":2,"name":"Le Pr\u00e9sident Guelleh appelle de ses v\u0153ux \u00e0 la r\u00e9alisation d\u2019un \u00e9lan g\u00e9n\u00e9ral de notre soci\u00e9t\u00e9 autour de l\u2019Entreprenariat num\u00e9rique"}]},{"@type":"WebSite","@id":"https:\/\/www.africa-press.net\/djibouti\/#website","url":"https:\/\/www.africa-press.net\/djibouti\/","name":"Djibouti","description":"Just another Africa News Agency Sites site","potentialAction":[{"@type":"SearchAction","target":{"@type":"EntryPoint","urlTemplate":"https:\/\/www.africa-press.net\/djibouti\/?s={search_term_string}"},"query-input":{"@type":"PropertyValueSpecification","valueRequired":true,"valueName":"search_term_string"}}],"inLanguage":"fr-FR"},{"@type":"Person","@id":"https:\/\/www.africa-press.net\/djibouti\/#\/schema\/person\/2b1cf3cd81a31e3cd26889ca66d677f1","name":"cfeditorfr"}]}},"_links":{"self":[{"href":"https:\/\/www.africa-press.net\/djibouti\/wp-json\/wp\/v2\/posts\/18199","targetHints":{"allow":["GET"]}}],"collection":[{"href":"https:\/\/www.africa-press.net\/djibouti\/wp-json\/wp\/v2\/posts"}],"about":[{"href":"https:\/\/www.africa-press.net\/djibouti\/wp-json\/wp\/v2\/types\/post"}],"author":[{"embeddable":true,"href":"https:\/\/www.africa-press.net\/djibouti\/wp-json\/wp\/v2\/users\/82"}],"replies":[{"embeddable":true,"href":"https:\/\/www.africa-press.net\/djibouti\/wp-json\/wp\/v2\/comments?post=18199"}],"version-history":[{"count":0,"href":"https:\/\/www.africa-press.net\/djibouti\/wp-json\/wp\/v2\/posts\/18199\/revisions"}],"wp:featuredmedia":[{"embeddable":true,"href":"https:\/\/www.africa-press.net\/djibouti\/wp-json\/wp\/v2\/media\/18197"}],"wp:attachment":[{"href":"https:\/\/www.africa-press.net\/djibouti\/wp-json\/wp\/v2\/media?parent=18199"}],"wp:term":[{"taxonomy":"category","embeddable":true,"href":"https:\/\/www.africa-press.net\/djibouti\/wp-json\/wp\/v2\/categories?post=18199"},{"taxonomy":"post_tag","embeddable":true,"href":"https:\/\/www.africa-press.net\/djibouti\/wp-json\/wp\/v2\/tags?post=18199"}],"curies":[{"name":"wp","href":"https:\/\/api.w.org\/{rel}","templated":true}]}}