{"id":18202,"date":"2023-09-21T18:43:31","date_gmt":"2023-09-21T18:43:31","guid":{"rendered":"https:\/\/www.africa-press.net\/djibouti\/politique\/le-president-du-parlement-dileita-mohamed-dileita-recoit-le-depute-francais-de-la-2eme-circonscription-du-finistere-jean-charles-larsonneur"},"modified":"2023-09-21T18:52:23","modified_gmt":"2023-09-21T18:52:23","slug":"le-president-du-parlement-dileita-mohamed-dileita-recoit-le-depute-francais-de-la-2eme-circonscription-du-finistere-jean-charles-larsonneur","status":"publish","type":"post","link":"https:\/\/www.africa-press.net\/djibouti\/politique\/le-president-du-parlement-dileita-mohamed-dileita-recoit-le-depute-francais-de-la-2eme-circonscription-du-finistere-jean-charles-larsonneur","title":{"rendered":"Le pr\u00e9sident du parlement Dileita Mohamed Dileita re\u00e7oit le d\u00e9put\u00e9 fran\u00e7ais de la 2\u00e8me circonscription du Finist\u00e8re Jean-Charles Larsonneur"},"content":{"rendered":"<p><span style=\"color: #ff6600\"><strong>Africa-Press &#8211; Djibouti. <\/strong><\/span>Le pre\u0301sident de l\u2019Assemble\u0301e nationale, M. Dileita Mohamed Dileita, a rec\u0327u ce mercredi 20 Septembre 2023, l\u2019honorable Jean-Charles Larsonneur, de\u0301pute\u0301 de la 2e\u0300me circonscription du Finiste\u0300re et membre de la commission de la de\u0301fense Nationale et des forces arme\u0301es, en mission de travail a\u0300 Djibouti.<\/p>\n<p>Au cours de leurs discussions, le pre\u0301sident du Parlement et son interlocuteur ont fait un e\u0301tat des lieux des relations entre nos deux pays en ge\u0301ne\u0301ral et entre le Parlement Djiboutien et l\u2019Assemble\u0301e nationale franc\u0327aise, en particulier.<\/p>\n<p>En outre, l\u2019e\u0301change d\u2019expe\u0301rience et la redynamisation des groupes d\u2019amitie\u0301 ont e\u0301te\u0301 au centre de leur discussion.<\/p>\n<p>Lors de cette entrevue avec le pre\u0301sident de l\u2019Assemble\u0301e nationale, le de\u0301pute\u0301 Larsonneur e\u0301tait accompagne\u0301 de l\u2019ambassadrice extraordinaire et ple\u0301nipotentiaire de la Re\u0301publique Franc\u0327aise a\u0300 Djibouti, Mme Dana Purcarescu.<\/p>\n<p>Notons la pre\u0301sence, co\u0302te\u0301 djiboutien, de la pre\u0301sidente de la commission de la de\u0301fense Mme Nouria Waberi Houffaneh, du secre\u0301taire Ge\u0301ne\u0301ral du parlement, M. Ismail Goulal boudine, de la directrice de l\u2019expertise juridique, Mme Mane Mohamed Djama, ainsi que le directeur de cabinet du pre\u0301sident du Parlement, M. Idriss Mohamed Ahmed.<\/p>\n<p>Le pre\u0301sident de l\u2019Assemble\u0301e nationale, M. Dileita Mohamed Dileita, a rec\u0327u ce mercredi 20 Septembre 2023, l\u2019honorable Jean-Charles Larsonneur, de\u0301pute\u0301 de la 2e\u0300me circonscription du Finiste\u0300re et membre de la commission de la de\u0301fense Nationale et des forces arme\u0301es, en mission de travail a\u0300 Djibouti.<\/p>\n<p>Au cours de leurs discussions, le pre\u0301sident du Parlement et son interlocuteur ont fait un e\u0301tat des lieux des relations entre nos deux pays en ge\u0301ne\u0301ral et entre le Parlement Djiboutien et l\u2019Assemble\u0301e nationale franc\u0327aise, en particulier.<\/p>\n<p>En outre, l\u2019e\u0301change d\u2019expe\u0301rience et la redynamisation des groupes d\u2019amitie\u0301 ont e\u0301te\u0301 au centre de leur discussion.<\/p>\n<p>Lors de cette entrevue avec le pre\u0301sident de l\u2019Assemble\u0301e nationale, le de\u0301pute\u0301 Larsonneur e\u0301tait accompagne\u0301 de l\u2019ambassadrice extraordinaire et ple\u0301nipotentiaire de la Re\u0301publique Franc\u0327aise a\u0300 Djibouti, Mme Dana Purcarescu.<\/p>\n<p>Notons la pre\u0301sence, co\u0302te\u0301 djiboutien, de la pre\u0301sidente de la commission de la de\u0301fense Mme Nouria Waberi Houffaneh, du secre\u0301taire Ge\u0301ne\u0301ral du parlement, M. Ismail Goulal boudine, de la directrice de l\u2019expertise juridique, Mme Mane Mohamed Djama, ainsi que le directeur de cabinet du pre\u0301sident du Parlement, M. Idriss Mohamed Ahmed.<\/p>\n<p><strong>Pour plus d&rsquo;informations et d&rsquo;analyses sur la <a href=\"https:\/\/www.africa-press.net\/djibouti\">Djibouti<\/a>, suivez <a href=\"https:\/\/www.africa-press.net\/\">Africa-Press<\/a><\/strong><\/p>\n","protected":false},"excerpt":{"rendered":"<p>Africa-Press &#8211; Djibouti. Le pre\u0301sident de l\u2019Assemble\u0301e nationale, M. Dileita Mohamed Dileita, a rec\u0327u ce mercredi 20 Septembre 2023, l\u2019honorable Jean-Charles Larsonneur, de\u0301pute\u0301 de la 2e\u0300me circonscription du Finiste\u0300re et membre de la commission de la de\u0301fense Nationale et des forces arme\u0301es, en mission de travail a\u0300 Djibouti. Au cours de leurs discussions, le pre\u0301sident [&hellip;]<\/p>\n","protected":false},"author":82,"featured_media":18200,"comment_status":"open","ping_status":"closed","sticky":false,"template":"","format":"standard","meta":{"footnotes":""},"categories":[2,20,10],"tags":[36,49,50],"class_list":["post-18202","post","type-post","status-publish","format-standard","has-post-thumbnail","hentry","category-politique","category-top-nouvelles","category-toutes-les-actualites","tag-africa-press","tag-africa-press-djibouti","tag-djibouti"],"yoast_head":"<!-- This site is optimized with the Yoast SEO Premium plugin v26.1 (Yoast SEO v27.0) - https:\/\/yoast.com\/product\/yoast-seo-premium-wordpress\/ -->\n<title>Le pr\u00e9sident du parlement Dileita Mohamed Dileita re\u00e7oit le d\u00e9put\u00e9 fran\u00e7ais de la 2\u00e8me circonscription du Finist\u00e8re Jean-Charles Larsonneur - Djibouti<\/title>\n<meta name=\"description\" content=\"Le pre\u0301sident de l\u2019Assemble\u0301e nationale, M. Dileita Mohamed Dileita, a rec\u0327u ce mercredi 20 Septembre 2023, l\u2019honorable ...\" \/>\n<meta name=\"robots\" content=\"index, follow, max-snippet:-1, max-image-preview:large, max-video-preview:-1\" \/>\n<link rel=\"canonical\" href=\"https:\/\/www.africa-press.net\/djibouti\/politique\/le-president-du-parlement-dileita-mohamed-dileita-recoit-le-depute-francais-de-la-2eme-circonscription-du-finistere-jean-charles-larsonneur\" \/>\n<meta property=\"og:locale\" content=\"fr_FR\" \/>\n<meta property=\"og:type\" content=\"article\" \/>\n<meta property=\"og:title\" content=\"Le pr\u00e9sident du parlement Dileita Mohamed Dileita re\u00e7oit le d\u00e9put\u00e9 fran\u00e7ais de la 2\u00e8me circonscription du Finist\u00e8re Jean-Charles Larsonneur\" \/>\n<meta property=\"og:description\" content=\"Le pre\u0301sident de l\u2019Assemble\u0301e nationale, M. Dileita Mohamed Dileita, a rec\u0327u ce mercredi 20 Septembre 2023, l\u2019honorable ...\" \/>\n<meta property=\"og:url\" content=\"https:\/\/www.africa-press.net\/djibouti\/politique\/le-president-du-parlement-dileita-mohamed-dileita-recoit-le-depute-francais-de-la-2eme-circonscription-du-finistere-jean-charles-larsonneur\" \/>\n<meta property=\"og:site_name\" content=\"Djibouti\" \/>\n<meta property=\"article:published_time\" content=\"2023-09-21T18:43:31+00:00\" \/>\n<meta property=\"article:modified_time\" content=\"2023-09-21T18:52:23+00:00\" \/>\n<meta property=\"og:image\" content=\"https:\/\/static.africa-press.net\/djibouti\/sites\/52\/2023\/09\/sm_1695309709.848232.jpg\" \/>\n\t<meta property=\"og:image:width\" content=\"960\" \/>\n\t<meta property=\"og:image:height\" content=\"640\" \/>\n\t<meta property=\"og:image:type\" content=\"image\/jpeg\" \/>\n<meta name=\"author\" content=\"cfeditorfr\" \/>\n<meta name=\"twitter:card\" content=\"summary_large_image\" \/>\n<meta name=\"twitter:label1\" content=\"\u00c9crit par\" \/>\n\t<meta name=\"twitter:data1\" content=\"cfeditorfr\" \/>\n\t<meta name=\"twitter:label2\" content=\"Dur\u00e9e de lecture estim\u00e9e\" \/>\n\t<meta name=\"twitter:data2\" content=\"2 minutes\" \/>\n<script type=\"application\/ld+json\" class=\"yoast-schema-graph\">{\"@context\":\"https:\/\/schema.org\",\"@graph\":[{\"@type\":\"Article\",\"@id\":\"https:\/\/www.africa-press.net\/djibouti\/politique\/le-president-du-parlement-dileita-mohamed-dileita-recoit-le-depute-francais-de-la-2eme-circonscription-du-finistere-jean-charles-larsonneur#article\",\"isPartOf\":{\"@id\":\"https:\/\/www.africa-press.net\/djibouti\/politique\/le-president-du-parlement-dileita-mohamed-dileita-recoit-le-depute-francais-de-la-2eme-circonscription-du-finistere-jean-charles-larsonneur\"},\"author\":{\"name\":\"cfeditorfr\",\"@id\":\"https:\/\/www.africa-press.net\/djibouti\/#\/schema\/person\/2b1cf3cd81a31e3cd26889ca66d677f1\"},\"headline\":\"Le pr\u00e9sident du parlement Dileita Mohamed Dileita re\u00e7oit le d\u00e9put\u00e9 fran\u00e7ais de la 2\u00e8me circonscription du Finist\u00e8re Jean-Charles Larsonneur\",\"datePublished\":\"2023-09-21T18:43:31+00:00\",\"dateModified\":\"2023-09-21T18:52:23+00:00\",\"mainEntityOfPage\":{\"@id\":\"https:\/\/www.africa-press.net\/djibouti\/politique\/le-president-du-parlement-dileita-mohamed-dileita-recoit-le-depute-francais-de-la-2eme-circonscription-du-finistere-jean-charles-larsonneur\"},\"wordCount\":475,\"commentCount\":0,\"image\":{\"@id\":\"https:\/\/www.africa-press.net\/djibouti\/politique\/le-president-du-parlement-dileita-mohamed-dileita-recoit-le-depute-francais-de-la-2eme-circonscription-du-finistere-jean-charles-larsonneur#primaryimage\"},\"thumbnailUrl\":\"https:\/\/static.africa-press.net\/djibouti\/sites\/52\/2023\/09\/sm_1695309709.848232.jpg\",\"keywords\":[\"Africa Press\",\"Africa Press-Djibouti\",\"Djibouti\"],\"articleSection\":[\"Politique\",\"Top Nouvelles\",\"Toutes les actualit\u00e9s\"],\"inLanguage\":\"fr-FR\",\"potentialAction\":[{\"@type\":\"CommentAction\",\"name\":\"Comment\",\"target\":[\"https:\/\/www.africa-press.net\/djibouti\/politique\/le-president-du-parlement-dileita-mohamed-dileita-recoit-le-depute-francais-de-la-2eme-circonscription-du-finistere-jean-charles-larsonneur#respond\"]}]},{\"@type\":\"WebPage\",\"@id\":\"https:\/\/www.africa-press.net\/djibouti\/politique\/le-president-du-parlement-dileita-mohamed-dileita-recoit-le-depute-francais-de-la-2eme-circonscription-du-finistere-jean-charles-larsonneur\",\"url\":\"https:\/\/www.africa-press.net\/djibouti\/politique\/le-president-du-parlement-dileita-mohamed-dileita-recoit-le-depute-francais-de-la-2eme-circonscription-du-finistere-jean-charles-larsonneur\",\"name\":\"Le pr\u00e9sident du parlement Dileita Mohamed Dileita re\u00e7oit le d\u00e9put\u00e9 fran\u00e7ais de la 2\u00e8me circonscription du Finist\u00e8re Jean-Charles Larsonneur - Djibouti\",\"isPartOf\":{\"@id\":\"https:\/\/www.africa-press.net\/djibouti\/#website\"},\"primaryImageOfPage\":{\"@id\":\"https:\/\/www.africa-press.net\/djibouti\/politique\/le-president-du-parlement-dileita-mohamed-dileita-recoit-le-depute-francais-de-la-2eme-circonscription-du-finistere-jean-charles-larsonneur#primaryimage\"},\"image\":{\"@id\":\"https:\/\/www.africa-press.net\/djibouti\/politique\/le-president-du-parlement-dileita-mohamed-dileita-recoit-le-depute-francais-de-la-2eme-circonscription-du-finistere-jean-charles-larsonneur#primaryimage\"},\"thumbnailUrl\":\"https:\/\/static.africa-press.net\/djibouti\/sites\/52\/2023\/09\/sm_1695309709.848232.jpg\",\"datePublished\":\"2023-09-21T18:43:31+00:00\",\"dateModified\":\"2023-09-21T18:52:23+00:00\",\"author\":{\"@id\":\"https:\/\/www.africa-press.net\/djibouti\/#\/schema\/person\/2b1cf3cd81a31e3cd26889ca66d677f1\"},\"description\":\"Le pre\u0301sident de l\u2019Assemble\u0301e nationale, M. Dileita Mohamed Dileita, a rec\u0327u ce mercredi 20 Septembre 2023, l\u2019honorable ...\",\"breadcrumb\":{\"@id\":\"https:\/\/www.africa-press.net\/djibouti\/politique\/le-president-du-parlement-dileita-mohamed-dileita-recoit-le-depute-francais-de-la-2eme-circonscription-du-finistere-jean-charles-larsonneur#breadcrumb\"},\"inLanguage\":\"fr-FR\",\"potentialAction\":[{\"@type\":\"ReadAction\",\"target\":[\"https:\/\/www.africa-press.net\/djibouti\/politique\/le-president-du-parlement-dileita-mohamed-dileita-recoit-le-depute-francais-de-la-2eme-circonscription-du-finistere-jean-charles-larsonneur\"]}]},{\"@type\":\"ImageObject\",\"inLanguage\":\"fr-FR\",\"@id\":\"https:\/\/www.africa-press.net\/djibouti\/politique\/le-president-du-parlement-dileita-mohamed-dileita-recoit-le-depute-francais-de-la-2eme-circonscription-du-finistere-jean-charles-larsonneur#primaryimage\",\"url\":\"https:\/\/static.africa-press.net\/djibouti\/sites\/52\/2023\/09\/sm_1695309709.848232.jpg\",\"contentUrl\":\"https:\/\/static.africa-press.net\/djibouti\/sites\/52\/2023\/09\/sm_1695309709.848232.jpg\",\"width\":960,\"height\":640,\"caption\":\"Le pr\u00e9sident du parlement Dileita Mohamed Dileita re\u00e7oit le d\u00e9put\u00e9 fran\u00e7ais de la 2\u00e8me circonscription du Finist\u00e8re Jean-Charles Larsonneur\"},{\"@type\":\"BreadcrumbList\",\"@id\":\"https:\/\/www.africa-press.net\/djibouti\/politique\/le-president-du-parlement-dileita-mohamed-dileita-recoit-le-depute-francais-de-la-2eme-circonscription-du-finistere-jean-charles-larsonneur#breadcrumb\",\"itemListElement\":[{\"@type\":\"ListItem\",\"position\":1,\"name\":\"Accueil\",\"item\":\"https:\/\/www.africa-press.net\/djibouti\/\"},{\"@type\":\"ListItem\",\"position\":2,\"name\":\"Le pr\u00e9sident du parlement Dileita Mohamed Dileita re\u00e7oit le d\u00e9put\u00e9 fran\u00e7ais de la 2\u00e8me circonscription du Finist\u00e8re Jean-Charles Larsonneur\"}]},{\"@type\":\"WebSite\",\"@id\":\"https:\/\/www.africa-press.net\/djibouti\/#website\",\"url\":\"https:\/\/www.africa-press.net\/djibouti\/\",\"name\":\"Djibouti\",\"description\":\"Just another Africa News Agency Sites site\",\"potentialAction\":[{\"@type\":\"SearchAction\",\"target\":{\"@type\":\"EntryPoint\",\"urlTemplate\":\"https:\/\/www.africa-press.net\/djibouti\/?s={search_term_string}\"},\"query-input\":{\"@type\":\"PropertyValueSpecification\",\"valueRequired\":true,\"valueName\":\"search_term_string\"}}],\"inLanguage\":\"fr-FR\"},{\"@type\":\"Person\",\"@id\":\"https:\/\/www.africa-press.net\/djibouti\/#\/schema\/person\/2b1cf3cd81a31e3cd26889ca66d677f1\",\"name\":\"cfeditorfr\"}]}<\/script>\n<!-- \/ Yoast SEO Premium plugin. -->","yoast_head_json":{"title":"Le pr\u00e9sident du parlement Dileita Mohamed Dileita re\u00e7oit le d\u00e9put\u00e9 fran\u00e7ais de la 2\u00e8me circonscription du Finist\u00e8re Jean-Charles Larsonneur - Djibouti","description":"Le pre\u0301sident de l\u2019Assemble\u0301e nationale, M. Dileita Mohamed Dileita, a rec\u0327u ce mercredi 20 Septembre 2023, l\u2019honorable ...","robots":{"index":"index","follow":"follow","max-snippet":"max-snippet:-1","max-image-preview":"max-image-preview:large","max-video-preview":"max-video-preview:-1"},"canonical":"https:\/\/www.africa-press.net\/djibouti\/politique\/le-president-du-parlement-dileita-mohamed-dileita-recoit-le-depute-francais-de-la-2eme-circonscription-du-finistere-jean-charles-larsonneur","og_locale":"fr_FR","og_type":"article","og_title":"Le pr\u00e9sident du parlement Dileita Mohamed Dileita re\u00e7oit le d\u00e9put\u00e9 fran\u00e7ais de la 2\u00e8me circonscription du Finist\u00e8re Jean-Charles Larsonneur","og_description":"Le pre\u0301sident de l\u2019Assemble\u0301e nationale, M. Dileita Mohamed Dileita, a rec\u0327u ce mercredi 20 Septembre 2023, l\u2019honorable ...","og_url":"https:\/\/www.africa-press.net\/djibouti\/politique\/le-president-du-parlement-dileita-mohamed-dileita-recoit-le-depute-francais-de-la-2eme-circonscription-du-finistere-jean-charles-larsonneur","og_site_name":"Djibouti","article_published_time":"2023-09-21T18:43:31+00:00","article_modified_time":"2023-09-21T18:52:23+00:00","og_image":[{"width":960,"height":640,"url":"https:\/\/static.africa-press.net\/djibouti\/sites\/52\/2023\/09\/sm_1695309709.848232.jpg","type":"image\/jpeg"}],"author":"cfeditorfr","twitter_card":"summary_large_image","twitter_misc":{"\u00c9crit par":"cfeditorfr","Dur\u00e9e de lecture estim\u00e9e":"2 minutes"},"schema":{"@context":"https:\/\/schema.org","@graph":[{"@type":"Article","@id":"https:\/\/www.africa-press.net\/djibouti\/politique\/le-president-du-parlement-dileita-mohamed-dileita-recoit-le-depute-francais-de-la-2eme-circonscription-du-finistere-jean-charles-larsonneur#article","isPartOf":{"@id":"https:\/\/www.africa-press.net\/djibouti\/politique\/le-president-du-parlement-dileita-mohamed-dileita-recoit-le-depute-francais-de-la-2eme-circonscription-du-finistere-jean-charles-larsonneur"},"author":{"name":"cfeditorfr","@id":"https:\/\/www.africa-press.net\/djibouti\/#\/schema\/person\/2b1cf3cd81a31e3cd26889ca66d677f1"},"headline":"Le pr\u00e9sident du parlement Dileita Mohamed Dileita re\u00e7oit le d\u00e9put\u00e9 fran\u00e7ais de la 2\u00e8me circonscription du Finist\u00e8re Jean-Charles Larsonneur","datePublished":"2023-09-21T18:43:31+00:00","dateModified":"2023-09-21T18:52:23+00:00","mainEntityOfPage":{"@id":"https:\/\/www.africa-press.net\/djibouti\/politique\/le-president-du-parlement-dileita-mohamed-dileita-recoit-le-depute-francais-de-la-2eme-circonscription-du-finistere-jean-charles-larsonneur"},"wordCount":475,"commentCount":0,"image":{"@id":"https:\/\/www.africa-press.net\/djibouti\/politique\/le-president-du-parlement-dileita-mohamed-dileita-recoit-le-depute-francais-de-la-2eme-circonscription-du-finistere-jean-charles-larsonneur#primaryimage"},"thumbnailUrl":"https:\/\/static.africa-press.net\/djibouti\/sites\/52\/2023\/09\/sm_1695309709.848232.jpg","keywords":["Africa Press","Africa Press-Djibouti","Djibouti"],"articleSection":["Politique","Top Nouvelles","Toutes les actualit\u00e9s"],"inLanguage":"fr-FR","potentialAction":[{"@type":"CommentAction","name":"Comment","target":["https:\/\/www.africa-press.net\/djibouti\/politique\/le-president-du-parlement-dileita-mohamed-dileita-recoit-le-depute-francais-de-la-2eme-circonscription-du-finistere-jean-charles-larsonneur#respond"]}]},{"@type":"WebPage","@id":"https:\/\/www.africa-press.net\/djibouti\/politique\/le-president-du-parlement-dileita-mohamed-dileita-recoit-le-depute-francais-de-la-2eme-circonscription-du-finistere-jean-charles-larsonneur","url":"https:\/\/www.africa-press.net\/djibouti\/politique\/le-president-du-parlement-dileita-mohamed-dileita-recoit-le-depute-francais-de-la-2eme-circonscription-du-finistere-jean-charles-larsonneur","name":"Le pr\u00e9sident du parlement Dileita Mohamed Dileita re\u00e7oit le d\u00e9put\u00e9 fran\u00e7ais de la 2\u00e8me circonscription du Finist\u00e8re Jean-Charles Larsonneur - Djibouti","isPartOf":{"@id":"https:\/\/www.africa-press.net\/djibouti\/#website"},"primaryImageOfPage":{"@id":"https:\/\/www.africa-press.net\/djibouti\/politique\/le-president-du-parlement-dileita-mohamed-dileita-recoit-le-depute-francais-de-la-2eme-circonscription-du-finistere-jean-charles-larsonneur#primaryimage"},"image":{"@id":"https:\/\/www.africa-press.net\/djibouti\/politique\/le-president-du-parlement-dileita-mohamed-dileita-recoit-le-depute-francais-de-la-2eme-circonscription-du-finistere-jean-charles-larsonneur#primaryimage"},"thumbnailUrl":"https:\/\/static.africa-press.net\/djibouti\/sites\/52\/2023\/09\/sm_1695309709.848232.jpg","datePublished":"2023-09-21T18:43:31+00:00","dateModified":"2023-09-21T18:52:23+00:00","author":{"@id":"https:\/\/www.africa-press.net\/djibouti\/#\/schema\/person\/2b1cf3cd81a31e3cd26889ca66d677f1"},"description":"Le pre\u0301sident de l\u2019Assemble\u0301e nationale, M. Dileita Mohamed Dileita, a rec\u0327u ce mercredi 20 Septembre 2023, l\u2019honorable ...","breadcrumb":{"@id":"https:\/\/www.africa-press.net\/djibouti\/politique\/le-president-du-parlement-dileita-mohamed-dileita-recoit-le-depute-francais-de-la-2eme-circonscription-du-finistere-jean-charles-larsonneur#breadcrumb"},"inLanguage":"fr-FR","potentialAction":[{"@type":"ReadAction","target":["https:\/\/www.africa-press.net\/djibouti\/politique\/le-president-du-parlement-dileita-mohamed-dileita-recoit-le-depute-francais-de-la-2eme-circonscription-du-finistere-jean-charles-larsonneur"]}]},{"@type":"ImageObject","inLanguage":"fr-FR","@id":"https:\/\/www.africa-press.net\/djibouti\/politique\/le-president-du-parlement-dileita-mohamed-dileita-recoit-le-depute-francais-de-la-2eme-circonscription-du-finistere-jean-charles-larsonneur#primaryimage","url":"https:\/\/static.africa-press.net\/djibouti\/sites\/52\/2023\/09\/sm_1695309709.848232.jpg","contentUrl":"https:\/\/static.africa-press.net\/djibouti\/sites\/52\/2023\/09\/sm_1695309709.848232.jpg","width":960,"height":640,"caption":"Le pr\u00e9sident du parlement Dileita Mohamed Dileita re\u00e7oit le d\u00e9put\u00e9 fran\u00e7ais de la 2\u00e8me circonscription du Finist\u00e8re Jean-Charles Larsonneur"},{"@type":"BreadcrumbList","@id":"https:\/\/www.africa-press.net\/djibouti\/politique\/le-president-du-parlement-dileita-mohamed-dileita-recoit-le-depute-francais-de-la-2eme-circonscription-du-finistere-jean-charles-larsonneur#breadcrumb","itemListElement":[{"@type":"ListItem","position":1,"name":"Accueil","item":"https:\/\/www.africa-press.net\/djibouti\/"},{"@type":"ListItem","position":2,"name":"Le pr\u00e9sident du parlement Dileita Mohamed Dileita re\u00e7oit le d\u00e9put\u00e9 fran\u00e7ais de la 2\u00e8me circonscription du Finist\u00e8re Jean-Charles Larsonneur"}]},{"@type":"WebSite","@id":"https:\/\/www.africa-press.net\/djibouti\/#website","url":"https:\/\/www.africa-press.net\/djibouti\/","name":"Djibouti","description":"Just another Africa News Agency Sites site","potentialAction":[{"@type":"SearchAction","target":{"@type":"EntryPoint","urlTemplate":"https:\/\/www.africa-press.net\/djibouti\/?s={search_term_string}"},"query-input":{"@type":"PropertyValueSpecification","valueRequired":true,"valueName":"search_term_string"}}],"inLanguage":"fr-FR"},{"@type":"Person","@id":"https:\/\/www.africa-press.net\/djibouti\/#\/schema\/person\/2b1cf3cd81a31e3cd26889ca66d677f1","name":"cfeditorfr"}]}},"_links":{"self":[{"href":"https:\/\/www.africa-press.net\/djibouti\/wp-json\/wp\/v2\/posts\/18202","targetHints":{"allow":["GET"]}}],"collection":[{"href":"https:\/\/www.africa-press.net\/djibouti\/wp-json\/wp\/v2\/posts"}],"about":[{"href":"https:\/\/www.africa-press.net\/djibouti\/wp-json\/wp\/v2\/types\/post"}],"author":[{"embeddable":true,"href":"https:\/\/www.africa-press.net\/djibouti\/wp-json\/wp\/v2\/users\/82"}],"replies":[{"embeddable":true,"href":"https:\/\/www.africa-press.net\/djibouti\/wp-json\/wp\/v2\/comments?post=18202"}],"version-history":[{"count":0,"href":"https:\/\/www.africa-press.net\/djibouti\/wp-json\/wp\/v2\/posts\/18202\/revisions"}],"wp:featuredmedia":[{"embeddable":true,"href":"https:\/\/www.africa-press.net\/djibouti\/wp-json\/wp\/v2\/media\/18200"}],"wp:attachment":[{"href":"https:\/\/www.africa-press.net\/djibouti\/wp-json\/wp\/v2\/media?parent=18202"}],"wp:term":[{"taxonomy":"category","embeddable":true,"href":"https:\/\/www.africa-press.net\/djibouti\/wp-json\/wp\/v2\/categories?post=18202"},{"taxonomy":"post_tag","embeddable":true,"href":"https:\/\/www.africa-press.net\/djibouti\/wp-json\/wp\/v2\/tags?post=18202"}],"curies":[{"name":"wp","href":"https:\/\/api.w.org\/{rel}","templated":true}]}}