{"id":18205,"date":"2023-09-22T08:53:28","date_gmt":"2023-09-22T08:53:28","guid":{"rendered":"https:\/\/www.africa-press.net\/djibouti\/politique\/le-ministre-de-leducation-nationale-et-la-represente-de-lunicef-a-djibouti-effectue-une-visite-au-centre-denseignement-pour-enfants-a-besoins-speciaux"},"modified":"2023-09-22T09:37:31","modified_gmt":"2023-09-22T09:37:31","slug":"le-ministre-de-leducation-nationale-et-la-represente-de-lunicef-a-djibouti-effectue-une-visite-au-centre-denseignement-pour-enfants-a-besoins-speciaux","status":"publish","type":"post","link":"https:\/\/www.africa-press.net\/djibouti\/toutes-les-actualites\/le-ministre-de-leducation-nationale-et-la-represente-de-lunicef-a-djibouti-effectue-une-visite-au-centre-denseignement-pour-enfants-a-besoins-speciaux","title":{"rendered":"Le ministre de l\u2019Education nationale et la repr\u00e9sente de l\u2019Unicef \u00e0 Djibouti effectue une visite au Centre d&rsquo;Enseignement pour Enfants \u00e0 Besoins Sp\u00e9ciaux"},"content":{"rendered":"<p><span style=\"color: #ff6600\"><strong>Africa-Press &#8211; Djibouti. <\/strong><\/span>Le ministre de l&rsquo;E\u0301ducation Nationale et de la Formation Professionnelle (MENFOP), M. Moustapha Mohamed Mohamoud, accompagne\u0301 de la repre\u0301sentante de l&rsquo;UNICEF a\u0300 Djibouti, Mme Beate Dastel, a effectue\u0301 ce matin une visite au Centre d&rsquo;Enseignement Spe\u0301cialise\u0301 pour Enfants a\u0300 Besoins Spe\u0301ciaux, sis a\u0300 Gabode 4.<\/p>\n<p>A leur arrive\u0301e sur les lieux, le MENFOP et la repre\u0301sentante de l\u2019Unicef a\u0300 Djibouti ont e\u0301te\u0301 chaleureusement accueillis par la Directrice du Centre, les experts cubains ainsi que les hauts cadres du MENFOP.<\/p>\n<p>Rappelons que les experts cubains qui se\u0301journeront pour une dure\u0301e de deux ans sont spe\u0301cialise\u0301s dans les diffe\u0301rents domaines d&rsquo;handicap a\u0300 savoir l\u2019orthophonie, la de\u0301ficience visuelle, la de\u0301ficience auditive, la de\u0301ficience moteur, la de\u0301ficience mentale et autisme.<\/p>\n<p>La visite a commence\u0301 par une pre\u0301sentation de\u0301taille\u0301e des structures qui composent le Centre ainsi que son programme d\u2019enseignement spe\u0301cialise\u0301.<\/p>\n<p>La directrice du Centre a souligne\u0301 l\u2019importance de fournir un environnement d\u2019apprentissage inclusif ou\u0300 chaque enfant peut de\u0301velopper son potentiel psychique et moral quelles que soient ses de\u0301ficiences spe\u0301cifiques.<\/p>\n<p>Le Centre est ainsi e\u0301quipe\u0301, avec l&rsquo;expertise des spe\u0301cialistes cubains, de tous les de\u0301partements de prise en charge des Enfants a\u0300 besoin spe\u0301ciaux : infirmerie, stomatologie, physiothe\u0301rapie, psychologie etc..<\/p>\n<p>Rappelons que le Centre d\u2019Enseignement Spe\u0301cialise\u0301 pour les Enfants a\u0300 Besoins Spe\u0301ciaux est une structure de re\u0301fe\u0301rence moderne de\u0301die\u0301e aux e\u0301le\u0300ves qui ne\u0301cessitent une prise en charge renforce\u0301e et adapte\u0301e en collaboration e\u0301troite avec les familles.<\/p>\n<p>\u00ab Les connaissances et l\u2019expe\u0301rience des experts cubains in situ nous a permis de professionnaliser nos enseignants et e\u0301ducateurs mais aussi de faciliter l\u2019acce\u0300s de ce Centre de re\u0301fe\u0301rence a\u0300 un public plus large pre\u0301sentant diffe\u0301rentes situations d\u2019handicap \u00bb, a affirme\u0301 la directrice.<\/p>\n<p>Au cours de la visite, le ministre Moustapha Mohamed Mahamoud et la repre\u0301sentante de l\u2019Unicef ont pu observer une varie\u0301te\u0301 d\u2019activite\u0301s e\u0301ducatives et ludiques, conc\u0327ues pour faciliter le de\u0301veloppement des compe\u0301tences sociales, cognitives et physiques des e\u0301le\u0300ves.<\/p>\n<p>Dans chaque e\u0301tape de leur visite guide\u0301e, les membres de la de\u0301le\u0301gation ont pu examiner les activite\u0301s stimulantes adapte\u0301es aux besoins individuels de chaque enfant favorisant ainsi leur autonomie et leur confiance en eux-me\u0302mes.<\/p>\n<p>Le ministre de l&rsquo;E\u0301ducation Nationale et de la Formation Professionnelle M. Moustapha Mohamed Mohamoud, a exprime\u0301 sa satisfaction concernant les efforts de\u0301ploye\u0301s par les experts cubains.<\/p>\n<p>De son co\u0302te\u0301, la repre\u0301sentante de l&rsquo;UNICEF a salue\u0301 les efforts du Ministe\u0300re de l&rsquo;E\u0301ducation Nationale dans la promotion de l&rsquo;e\u0301ducation inclusive et s&rsquo;est engage\u0301e a\u0300 poursuivre la collaboration avec les autorite\u0301s e\u0301ducatives pour renforcer le soutien aux enfants a\u0300 besoins spe\u0301ciaux.<\/p>\n<p>Enfin, elle n\u2019a pas manque\u0301 d&rsquo;exprimer ses fe\u0301licitations a\u0300 la directrice du Centre et a\u0300 son e\u0301quipe pour leur travail remarquable.<\/p>\n<p>Le ministre de l&rsquo;E\u0301ducation Nationale et de la Formation Professionnelle (MENFOP), M. Moustapha Mohamed Mohamoud, accompagne\u0301 de la repre\u0301sentante de l&rsquo;UNICEF a\u0300 Djibouti, Mme Beate Dastel, a effectue\u0301 ce matin une visite au Centre d&rsquo;Enseignement Spe\u0301cialise\u0301 pour Enfants a\u0300 Besoins Spe\u0301ciaux, sis a\u0300 Gabode 4.<\/p>\n<p>A leur arrive\u0301e sur les lieux, le MENFOP et la repre\u0301sentante de l\u2019Unicef a\u0300 Djibouti ont e\u0301te\u0301 chaleureusement accueillis par la Directrice du Centre, les experts cubains ainsi que les hauts cadres du MENFOP.<\/p>\n<p>Rappelons que les experts cubains qui se\u0301journeront pour une dure\u0301e de deux ans sont spe\u0301cialise\u0301s dans les diffe\u0301rents domaines d&rsquo;handicap a\u0300 savoir l\u2019orthophonie, la de\u0301ficience visuelle, la de\u0301ficience auditive, la de\u0301ficience moteur, la de\u0301ficience mentale et autisme.<\/p>\n<p>La visite a commence\u0301 par une pre\u0301sentation de\u0301taille\u0301e des structures qui composent le Centre ainsi que son programme d\u2019enseignement spe\u0301cialise\u0301.<\/p>\n<p>La directrice du Centre a souligne\u0301 l\u2019importance de fournir un environnement d\u2019apprentissage inclusif ou\u0300 chaque enfant peut de\u0301velopper son potentiel psychique et moral quelles que soient ses de\u0301ficiences spe\u0301cifiques.<\/p>\n<p>Le Centre est ainsi e\u0301quipe\u0301, avec l&rsquo;expertise des spe\u0301cialistes cubains, de tous les de\u0301partements de prise en charge des Enfants a\u0300 besoin spe\u0301ciaux : infirmerie, stomatologie, physiothe\u0301rapie, psychologie etc..<\/p>\n<p>Rappelons que le Centre d\u2019Enseignement Spe\u0301cialise\u0301 pour les Enfants a\u0300 Besoins Spe\u0301ciaux est une structure de re\u0301fe\u0301rence moderne de\u0301die\u0301e aux e\u0301le\u0300ves qui ne\u0301cessitent une prise en charge renforce\u0301e et adapte\u0301e en collaboration e\u0301troite avec les familles.<\/p>\n<p>\u00ab Les connaissances et l\u2019expe\u0301rience des experts cubains in situ nous a permis de professionnaliser nos enseignants et e\u0301ducateurs mais aussi de faciliter l\u2019acce\u0300s de ce Centre de re\u0301fe\u0301rence a\u0300 un public plus large pre\u0301sentant diffe\u0301rentes situations d\u2019handicap \u00bb, a affirme\u0301 la directrice.<\/p>\n<p>Au cours de la visite, le ministre Moustapha Mohamed Mahamoud et la repre\u0301sentante de l\u2019Unicef ont pu observer une varie\u0301te\u0301 d\u2019activite\u0301s e\u0301ducatives et ludiques, conc\u0327ues pour faciliter le de\u0301veloppement des compe\u0301tences sociales, cognitives et physiques des e\u0301le\u0300ves.<\/p>\n<p>Dans chaque e\u0301tape de leur visite guide\u0301e, les membres de la de\u0301le\u0301gation ont pu examiner les activite\u0301s stimulantes adapte\u0301es aux besoins individuels de chaque enfant favorisant ainsi leur autonomie et leur confiance en eux-me\u0302mes.<\/p>\n<p>Le ministre de l&rsquo;E\u0301ducation Nationale et de la Formation Professionnelle M. Moustapha Mohamed Mohamoud, a exprime\u0301 sa satisfaction concernant les efforts de\u0301ploye\u0301s par les experts cubains.<\/p>\n<p>De son co\u0302te\u0301, la repre\u0301sentante de l&rsquo;UNICEF a salue\u0301 les efforts du Ministe\u0300re de l&rsquo;E\u0301ducation Nationale dans la promotion de l&rsquo;e\u0301ducation inclusive et s&rsquo;est engage\u0301e a\u0300 poursuivre la collaboration avec les autorite\u0301s e\u0301ducatives pour renforcer le soutien aux enfants a\u0300 besoins spe\u0301ciaux.<\/p>\n<p>Enfin, elle n\u2019a pas manque\u0301 d&rsquo;exprimer ses fe\u0301licitations a\u0300 la directrice du Centre et a\u0300 son e\u0301quipe pour leur travail remarquable.<\/p>\n<p><strong>Pour plus d&rsquo;informations et d&rsquo;analyses sur la <a href=\"https:\/\/www.africa-press.net\/djibouti\">Djibouti<\/a>, suivez <a href=\"https:\/\/www.africa-press.net\/\">Africa-Press<\/a><\/strong><\/p>\n","protected":false},"excerpt":{"rendered":"<p>Africa-Press &#8211; Djibouti. Le ministre de l&rsquo;E\u0301ducation Nationale et de la Formation Professionnelle (MENFOP), M. Moustapha Mohamed Mohamoud, accompagne\u0301 de la repre\u0301sentante de l&rsquo;UNICEF a\u0300 Djibouti, Mme Beate Dastel, a effectue\u0301 ce matin une visite au Centre d&rsquo;Enseignement Spe\u0301cialise\u0301 pour Enfants a\u0300 Besoins Spe\u0301ciaux, sis a\u0300 Gabode 4. A leur arrive\u0301e sur les lieux, le [&hellip;]<\/p>\n","protected":false},"author":82,"featured_media":18204,"comment_status":"open","ping_status":"closed","sticky":false,"template":"","format":"standard","meta":{"footnotes":""},"categories":[21,10],"tags":[36,49,50],"class_list":["post-18205","post","type-post","status-publish","format-standard","has-post-thumbnail","hentry","category-communaute","category-toutes-les-actualites","tag-africa-press","tag-africa-press-djibouti","tag-djibouti"],"yoast_head":"<!-- This site is optimized with the Yoast SEO Premium plugin v26.1 (Yoast SEO v27.0) - https:\/\/yoast.com\/product\/yoast-seo-premium-wordpress\/ -->\n<title>Le ministre de l\u2019Education nationale et la repr\u00e9sente de l\u2019Unicef \u00e0 Djibouti effectue une visite au Centre d&#039;Enseignement pour Enfants \u00e0 Besoins Sp\u00e9ciaux - Djibouti<\/title>\n<meta name=\"description\" content=\"Le ministre de l&#039;E\u0301ducation Nationale et de la Formation Professionnelle (MENFOP), M. Moustapha Mohamed Mohamoud, accomp ...\" \/>\n<meta name=\"robots\" content=\"index, follow, max-snippet:-1, max-image-preview:large, max-video-preview:-1\" \/>\n<link rel=\"canonical\" href=\"https:\/\/www.africa-press.net\/djibouti\/toutes-les-actualites\/le-ministre-de-leducation-nationale-et-la-represente-de-lunicef-a-djibouti-effectue-une-visite-au-centre-denseignement-pour-enfants-a-besoins-speciaux\" \/>\n<meta property=\"og:locale\" content=\"fr_FR\" \/>\n<meta property=\"og:type\" content=\"article\" \/>\n<meta property=\"og:title\" content=\"Le ministre de l\u2019Education nationale et la repr\u00e9sente de l\u2019Unicef \u00e0 Djibouti effectue une visite au Centre d&#039;Enseignement pour Enfants \u00e0 Besoins Sp\u00e9ciaux\" \/>\n<meta property=\"og:description\" content=\"Le ministre de l&#039;E\u0301ducation Nationale et de la Formation Professionnelle (MENFOP), M. Moustapha Mohamed Mohamoud, accomp ...\" \/>\n<meta property=\"og:url\" content=\"https:\/\/www.africa-press.net\/djibouti\/toutes-les-actualites\/le-ministre-de-leducation-nationale-et-la-represente-de-lunicef-a-djibouti-effectue-une-visite-au-centre-denseignement-pour-enfants-a-besoins-speciaux\" \/>\n<meta property=\"og:site_name\" content=\"Djibouti\" \/>\n<meta property=\"article:published_time\" content=\"2023-09-22T08:53:28+00:00\" \/>\n<meta property=\"article:modified_time\" content=\"2023-09-22T09:37:31+00:00\" \/>\n<meta property=\"og:image\" content=\"https:\/\/static.africa-press.net\/djibouti\/sites\/52\/2023\/09\/sm_1695362753.543372.jpg\" \/>\n\t<meta property=\"og:image:width\" content=\"720\" \/>\n\t<meta property=\"og:image:height\" content=\"480\" \/>\n\t<meta property=\"og:image:type\" content=\"image\/jpeg\" \/>\n<meta name=\"author\" content=\"cfeditorfr\" \/>\n<meta name=\"twitter:card\" content=\"summary_large_image\" \/>\n<meta name=\"twitter:label1\" content=\"\u00c9crit par\" \/>\n\t<meta name=\"twitter:data1\" content=\"cfeditorfr\" \/>\n\t<meta name=\"twitter:label2\" content=\"Dur\u00e9e de lecture estim\u00e9e\" \/>\n\t<meta name=\"twitter:data2\" content=\"5 minutes\" \/>\n<script type=\"application\/ld+json\" class=\"yoast-schema-graph\">{\"@context\":\"https:\/\/schema.org\",\"@graph\":[{\"@type\":\"Article\",\"@id\":\"https:\/\/www.africa-press.net\/djibouti\/toutes-les-actualites\/le-ministre-de-leducation-nationale-et-la-represente-de-lunicef-a-djibouti-effectue-une-visite-au-centre-denseignement-pour-enfants-a-besoins-speciaux#article\",\"isPartOf\":{\"@id\":\"https:\/\/www.africa-press.net\/djibouti\/toutes-les-actualites\/le-ministre-de-leducation-nationale-et-la-represente-de-lunicef-a-djibouti-effectue-une-visite-au-centre-denseignement-pour-enfants-a-besoins-speciaux\"},\"author\":{\"name\":\"cfeditorfr\",\"@id\":\"https:\/\/www.africa-press.net\/djibouti\/#\/schema\/person\/2b1cf3cd81a31e3cd26889ca66d677f1\"},\"headline\":\"Le ministre de l\u2019Education nationale et la repr\u00e9sente de l\u2019Unicef \u00e0 Djibouti effectue une visite au Centre d&rsquo;Enseignement pour Enfants \u00e0 Besoins Sp\u00e9ciaux\",\"datePublished\":\"2023-09-22T08:53:28+00:00\",\"dateModified\":\"2023-09-22T09:37:31+00:00\",\"mainEntityOfPage\":{\"@id\":\"https:\/\/www.africa-press.net\/djibouti\/toutes-les-actualites\/le-ministre-de-leducation-nationale-et-la-represente-de-lunicef-a-djibouti-effectue-une-visite-au-centre-denseignement-pour-enfants-a-besoins-speciaux\"},\"wordCount\":1099,\"commentCount\":0,\"image\":{\"@id\":\"https:\/\/www.africa-press.net\/djibouti\/toutes-les-actualites\/le-ministre-de-leducation-nationale-et-la-represente-de-lunicef-a-djibouti-effectue-une-visite-au-centre-denseignement-pour-enfants-a-besoins-speciaux#primaryimage\"},\"thumbnailUrl\":\"https:\/\/static.africa-press.net\/djibouti\/sites\/52\/2023\/09\/sm_1695362753.543372.jpg\",\"keywords\":[\"Africa Press\",\"Africa Press-Djibouti\",\"Djibouti\"],\"articleSection\":[\"Communaut\u00e9\",\"Toutes les actualit\u00e9s\"],\"inLanguage\":\"fr-FR\",\"potentialAction\":[{\"@type\":\"CommentAction\",\"name\":\"Comment\",\"target\":[\"https:\/\/www.africa-press.net\/djibouti\/toutes-les-actualites\/le-ministre-de-leducation-nationale-et-la-represente-de-lunicef-a-djibouti-effectue-une-visite-au-centre-denseignement-pour-enfants-a-besoins-speciaux#respond\"]}]},{\"@type\":\"WebPage\",\"@id\":\"https:\/\/www.africa-press.net\/djibouti\/toutes-les-actualites\/le-ministre-de-leducation-nationale-et-la-represente-de-lunicef-a-djibouti-effectue-une-visite-au-centre-denseignement-pour-enfants-a-besoins-speciaux\",\"url\":\"https:\/\/www.africa-press.net\/djibouti\/toutes-les-actualites\/le-ministre-de-leducation-nationale-et-la-represente-de-lunicef-a-djibouti-effectue-une-visite-au-centre-denseignement-pour-enfants-a-besoins-speciaux\",\"name\":\"Le ministre de l\u2019Education nationale et la repr\u00e9sente de l\u2019Unicef \u00e0 Djibouti effectue une visite au Centre d'Enseignement pour Enfants \u00e0 Besoins Sp\u00e9ciaux - Djibouti\",\"isPartOf\":{\"@id\":\"https:\/\/www.africa-press.net\/djibouti\/#website\"},\"primaryImageOfPage\":{\"@id\":\"https:\/\/www.africa-press.net\/djibouti\/toutes-les-actualites\/le-ministre-de-leducation-nationale-et-la-represente-de-lunicef-a-djibouti-effectue-une-visite-au-centre-denseignement-pour-enfants-a-besoins-speciaux#primaryimage\"},\"image\":{\"@id\":\"https:\/\/www.africa-press.net\/djibouti\/toutes-les-actualites\/le-ministre-de-leducation-nationale-et-la-represente-de-lunicef-a-djibouti-effectue-une-visite-au-centre-denseignement-pour-enfants-a-besoins-speciaux#primaryimage\"},\"thumbnailUrl\":\"https:\/\/static.africa-press.net\/djibouti\/sites\/52\/2023\/09\/sm_1695362753.543372.jpg\",\"datePublished\":\"2023-09-22T08:53:28+00:00\",\"dateModified\":\"2023-09-22T09:37:31+00:00\",\"author\":{\"@id\":\"https:\/\/www.africa-press.net\/djibouti\/#\/schema\/person\/2b1cf3cd81a31e3cd26889ca66d677f1\"},\"description\":\"Le ministre de l'E\u0301ducation Nationale et de la Formation Professionnelle (MENFOP), M. Moustapha Mohamed Mohamoud, accomp ...\",\"breadcrumb\":{\"@id\":\"https:\/\/www.africa-press.net\/djibouti\/toutes-les-actualites\/le-ministre-de-leducation-nationale-et-la-represente-de-lunicef-a-djibouti-effectue-une-visite-au-centre-denseignement-pour-enfants-a-besoins-speciaux#breadcrumb\"},\"inLanguage\":\"fr-FR\",\"potentialAction\":[{\"@type\":\"ReadAction\",\"target\":[\"https:\/\/www.africa-press.net\/djibouti\/toutes-les-actualites\/le-ministre-de-leducation-nationale-et-la-represente-de-lunicef-a-djibouti-effectue-une-visite-au-centre-denseignement-pour-enfants-a-besoins-speciaux\"]}]},{\"@type\":\"ImageObject\",\"inLanguage\":\"fr-FR\",\"@id\":\"https:\/\/www.africa-press.net\/djibouti\/toutes-les-actualites\/le-ministre-de-leducation-nationale-et-la-represente-de-lunicef-a-djibouti-effectue-une-visite-au-centre-denseignement-pour-enfants-a-besoins-speciaux#primaryimage\",\"url\":\"https:\/\/static.africa-press.net\/djibouti\/sites\/52\/2023\/09\/sm_1695362753.543372.jpg\",\"contentUrl\":\"https:\/\/static.africa-press.net\/djibouti\/sites\/52\/2023\/09\/sm_1695362753.543372.jpg\",\"width\":720,\"height\":480,\"caption\":\"Le ministre de l\u2019Education nationale et la repr\u00e9sente de l\u2019Unicef \u00e0 Djibouti effectue une visite au Centre d'Enseignement pour Enfants \u00e0 Besoins Sp\u00e9ciaux\"},{\"@type\":\"BreadcrumbList\",\"@id\":\"https:\/\/www.africa-press.net\/djibouti\/toutes-les-actualites\/le-ministre-de-leducation-nationale-et-la-represente-de-lunicef-a-djibouti-effectue-une-visite-au-centre-denseignement-pour-enfants-a-besoins-speciaux#breadcrumb\",\"itemListElement\":[{\"@type\":\"ListItem\",\"position\":1,\"name\":\"Accueil\",\"item\":\"https:\/\/www.africa-press.net\/djibouti\/\"},{\"@type\":\"ListItem\",\"position\":2,\"name\":\"Le ministre de l\u2019Education nationale et la repr\u00e9sente de l\u2019Unicef \u00e0 Djibouti effectue une visite au Centre d&#8217;Enseignement pour Enfants \u00e0 Besoins Sp\u00e9ciaux\"}]},{\"@type\":\"WebSite\",\"@id\":\"https:\/\/www.africa-press.net\/djibouti\/#website\",\"url\":\"https:\/\/www.africa-press.net\/djibouti\/\",\"name\":\"Djibouti\",\"description\":\"Just another Africa News Agency Sites site\",\"potentialAction\":[{\"@type\":\"SearchAction\",\"target\":{\"@type\":\"EntryPoint\",\"urlTemplate\":\"https:\/\/www.africa-press.net\/djibouti\/?s={search_term_string}\"},\"query-input\":{\"@type\":\"PropertyValueSpecification\",\"valueRequired\":true,\"valueName\":\"search_term_string\"}}],\"inLanguage\":\"fr-FR\"},{\"@type\":\"Person\",\"@id\":\"https:\/\/www.africa-press.net\/djibouti\/#\/schema\/person\/2b1cf3cd81a31e3cd26889ca66d677f1\",\"name\":\"cfeditorfr\"}]}<\/script>\n<!-- \/ Yoast SEO Premium plugin. -->","yoast_head_json":{"title":"Le ministre de l\u2019Education nationale et la repr\u00e9sente de l\u2019Unicef \u00e0 Djibouti effectue une visite au Centre d'Enseignement pour Enfants \u00e0 Besoins Sp\u00e9ciaux - Djibouti","description":"Le ministre de l'E\u0301ducation Nationale et de la Formation Professionnelle (MENFOP), M. Moustapha Mohamed Mohamoud, accomp ...","robots":{"index":"index","follow":"follow","max-snippet":"max-snippet:-1","max-image-preview":"max-image-preview:large","max-video-preview":"max-video-preview:-1"},"canonical":"https:\/\/www.africa-press.net\/djibouti\/toutes-les-actualites\/le-ministre-de-leducation-nationale-et-la-represente-de-lunicef-a-djibouti-effectue-une-visite-au-centre-denseignement-pour-enfants-a-besoins-speciaux","og_locale":"fr_FR","og_type":"article","og_title":"Le ministre de l\u2019Education nationale et la repr\u00e9sente de l\u2019Unicef \u00e0 Djibouti effectue une visite au Centre d'Enseignement pour Enfants \u00e0 Besoins Sp\u00e9ciaux","og_description":"Le ministre de l'E\u0301ducation Nationale et de la Formation Professionnelle (MENFOP), M. Moustapha Mohamed Mohamoud, accomp ...","og_url":"https:\/\/www.africa-press.net\/djibouti\/toutes-les-actualites\/le-ministre-de-leducation-nationale-et-la-represente-de-lunicef-a-djibouti-effectue-une-visite-au-centre-denseignement-pour-enfants-a-besoins-speciaux","og_site_name":"Djibouti","article_published_time":"2023-09-22T08:53:28+00:00","article_modified_time":"2023-09-22T09:37:31+00:00","og_image":[{"width":720,"height":480,"url":"https:\/\/static.africa-press.net\/djibouti\/sites\/52\/2023\/09\/sm_1695362753.543372.jpg","type":"image\/jpeg"}],"author":"cfeditorfr","twitter_card":"summary_large_image","twitter_misc":{"\u00c9crit par":"cfeditorfr","Dur\u00e9e de lecture estim\u00e9e":"5 minutes"},"schema":{"@context":"https:\/\/schema.org","@graph":[{"@type":"Article","@id":"https:\/\/www.africa-press.net\/djibouti\/toutes-les-actualites\/le-ministre-de-leducation-nationale-et-la-represente-de-lunicef-a-djibouti-effectue-une-visite-au-centre-denseignement-pour-enfants-a-besoins-speciaux#article","isPartOf":{"@id":"https:\/\/www.africa-press.net\/djibouti\/toutes-les-actualites\/le-ministre-de-leducation-nationale-et-la-represente-de-lunicef-a-djibouti-effectue-une-visite-au-centre-denseignement-pour-enfants-a-besoins-speciaux"},"author":{"name":"cfeditorfr","@id":"https:\/\/www.africa-press.net\/djibouti\/#\/schema\/person\/2b1cf3cd81a31e3cd26889ca66d677f1"},"headline":"Le ministre de l\u2019Education nationale et la repr\u00e9sente de l\u2019Unicef \u00e0 Djibouti effectue une visite au Centre d&rsquo;Enseignement pour Enfants \u00e0 Besoins Sp\u00e9ciaux","datePublished":"2023-09-22T08:53:28+00:00","dateModified":"2023-09-22T09:37:31+00:00","mainEntityOfPage":{"@id":"https:\/\/www.africa-press.net\/djibouti\/toutes-les-actualites\/le-ministre-de-leducation-nationale-et-la-represente-de-lunicef-a-djibouti-effectue-une-visite-au-centre-denseignement-pour-enfants-a-besoins-speciaux"},"wordCount":1099,"commentCount":0,"image":{"@id":"https:\/\/www.africa-press.net\/djibouti\/toutes-les-actualites\/le-ministre-de-leducation-nationale-et-la-represente-de-lunicef-a-djibouti-effectue-une-visite-au-centre-denseignement-pour-enfants-a-besoins-speciaux#primaryimage"},"thumbnailUrl":"https:\/\/static.africa-press.net\/djibouti\/sites\/52\/2023\/09\/sm_1695362753.543372.jpg","keywords":["Africa Press","Africa Press-Djibouti","Djibouti"],"articleSection":["Communaut\u00e9","Toutes les actualit\u00e9s"],"inLanguage":"fr-FR","potentialAction":[{"@type":"CommentAction","name":"Comment","target":["https:\/\/www.africa-press.net\/djibouti\/toutes-les-actualites\/le-ministre-de-leducation-nationale-et-la-represente-de-lunicef-a-djibouti-effectue-une-visite-au-centre-denseignement-pour-enfants-a-besoins-speciaux#respond"]}]},{"@type":"WebPage","@id":"https:\/\/www.africa-press.net\/djibouti\/toutes-les-actualites\/le-ministre-de-leducation-nationale-et-la-represente-de-lunicef-a-djibouti-effectue-une-visite-au-centre-denseignement-pour-enfants-a-besoins-speciaux","url":"https:\/\/www.africa-press.net\/djibouti\/toutes-les-actualites\/le-ministre-de-leducation-nationale-et-la-represente-de-lunicef-a-djibouti-effectue-une-visite-au-centre-denseignement-pour-enfants-a-besoins-speciaux","name":"Le ministre de l\u2019Education nationale et la repr\u00e9sente de l\u2019Unicef \u00e0 Djibouti effectue une visite au Centre d'Enseignement pour Enfants \u00e0 Besoins Sp\u00e9ciaux - Djibouti","isPartOf":{"@id":"https:\/\/www.africa-press.net\/djibouti\/#website"},"primaryImageOfPage":{"@id":"https:\/\/www.africa-press.net\/djibouti\/toutes-les-actualites\/le-ministre-de-leducation-nationale-et-la-represente-de-lunicef-a-djibouti-effectue-une-visite-au-centre-denseignement-pour-enfants-a-besoins-speciaux#primaryimage"},"image":{"@id":"https:\/\/www.africa-press.net\/djibouti\/toutes-les-actualites\/le-ministre-de-leducation-nationale-et-la-represente-de-lunicef-a-djibouti-effectue-une-visite-au-centre-denseignement-pour-enfants-a-besoins-speciaux#primaryimage"},"thumbnailUrl":"https:\/\/static.africa-press.net\/djibouti\/sites\/52\/2023\/09\/sm_1695362753.543372.jpg","datePublished":"2023-09-22T08:53:28+00:00","dateModified":"2023-09-22T09:37:31+00:00","author":{"@id":"https:\/\/www.africa-press.net\/djibouti\/#\/schema\/person\/2b1cf3cd81a31e3cd26889ca66d677f1"},"description":"Le ministre de l'E\u0301ducation Nationale et de la Formation Professionnelle (MENFOP), M. Moustapha Mohamed Mohamoud, accomp ...","breadcrumb":{"@id":"https:\/\/www.africa-press.net\/djibouti\/toutes-les-actualites\/le-ministre-de-leducation-nationale-et-la-represente-de-lunicef-a-djibouti-effectue-une-visite-au-centre-denseignement-pour-enfants-a-besoins-speciaux#breadcrumb"},"inLanguage":"fr-FR","potentialAction":[{"@type":"ReadAction","target":["https:\/\/www.africa-press.net\/djibouti\/toutes-les-actualites\/le-ministre-de-leducation-nationale-et-la-represente-de-lunicef-a-djibouti-effectue-une-visite-au-centre-denseignement-pour-enfants-a-besoins-speciaux"]}]},{"@type":"ImageObject","inLanguage":"fr-FR","@id":"https:\/\/www.africa-press.net\/djibouti\/toutes-les-actualites\/le-ministre-de-leducation-nationale-et-la-represente-de-lunicef-a-djibouti-effectue-une-visite-au-centre-denseignement-pour-enfants-a-besoins-speciaux#primaryimage","url":"https:\/\/static.africa-press.net\/djibouti\/sites\/52\/2023\/09\/sm_1695362753.543372.jpg","contentUrl":"https:\/\/static.africa-press.net\/djibouti\/sites\/52\/2023\/09\/sm_1695362753.543372.jpg","width":720,"height":480,"caption":"Le ministre de l\u2019Education nationale et la repr\u00e9sente de l\u2019Unicef \u00e0 Djibouti effectue une visite au Centre d'Enseignement pour Enfants \u00e0 Besoins Sp\u00e9ciaux"},{"@type":"BreadcrumbList","@id":"https:\/\/www.africa-press.net\/djibouti\/toutes-les-actualites\/le-ministre-de-leducation-nationale-et-la-represente-de-lunicef-a-djibouti-effectue-une-visite-au-centre-denseignement-pour-enfants-a-besoins-speciaux#breadcrumb","itemListElement":[{"@type":"ListItem","position":1,"name":"Accueil","item":"https:\/\/www.africa-press.net\/djibouti\/"},{"@type":"ListItem","position":2,"name":"Le ministre de l\u2019Education nationale et la repr\u00e9sente de l\u2019Unicef \u00e0 Djibouti effectue une visite au Centre d&#8217;Enseignement pour Enfants \u00e0 Besoins Sp\u00e9ciaux"}]},{"@type":"WebSite","@id":"https:\/\/www.africa-press.net\/djibouti\/#website","url":"https:\/\/www.africa-press.net\/djibouti\/","name":"Djibouti","description":"Just another Africa News Agency Sites site","potentialAction":[{"@type":"SearchAction","target":{"@type":"EntryPoint","urlTemplate":"https:\/\/www.africa-press.net\/djibouti\/?s={search_term_string}"},"query-input":{"@type":"PropertyValueSpecification","valueRequired":true,"valueName":"search_term_string"}}],"inLanguage":"fr-FR"},{"@type":"Person","@id":"https:\/\/www.africa-press.net\/djibouti\/#\/schema\/person\/2b1cf3cd81a31e3cd26889ca66d677f1","name":"cfeditorfr"}]}},"_links":{"self":[{"href":"https:\/\/www.africa-press.net\/djibouti\/wp-json\/wp\/v2\/posts\/18205","targetHints":{"allow":["GET"]}}],"collection":[{"href":"https:\/\/www.africa-press.net\/djibouti\/wp-json\/wp\/v2\/posts"}],"about":[{"href":"https:\/\/www.africa-press.net\/djibouti\/wp-json\/wp\/v2\/types\/post"}],"author":[{"embeddable":true,"href":"https:\/\/www.africa-press.net\/djibouti\/wp-json\/wp\/v2\/users\/82"}],"replies":[{"embeddable":true,"href":"https:\/\/www.africa-press.net\/djibouti\/wp-json\/wp\/v2\/comments?post=18205"}],"version-history":[{"count":0,"href":"https:\/\/www.africa-press.net\/djibouti\/wp-json\/wp\/v2\/posts\/18205\/revisions"}],"wp:featuredmedia":[{"embeddable":true,"href":"https:\/\/www.africa-press.net\/djibouti\/wp-json\/wp\/v2\/media\/18204"}],"wp:attachment":[{"href":"https:\/\/www.africa-press.net\/djibouti\/wp-json\/wp\/v2\/media?parent=18205"}],"wp:term":[{"taxonomy":"category","embeddable":true,"href":"https:\/\/www.africa-press.net\/djibouti\/wp-json\/wp\/v2\/categories?post=18205"},{"taxonomy":"post_tag","embeddable":true,"href":"https:\/\/www.africa-press.net\/djibouti\/wp-json\/wp\/v2\/tags?post=18205"}],"curies":[{"name":"wp","href":"https:\/\/api.w.org\/{rel}","templated":true}]}}