{"id":18207,"date":"2023-09-22T08:53:43","date_gmt":"2023-09-22T08:53:43","guid":{"rendered":"https:\/\/www.africa-press.net\/djibouti\/politique\/le-ministre-du-travail-preside-un-reunion-de-consultation-axee-sur-les-perspectives-demploi-dans-le-secteur-de-lhotellerie"},"modified":"2023-09-22T09:38:12","modified_gmt":"2023-09-22T09:38:12","slug":"le-ministre-du-travail-preside-un-reunion-de-consultation-axee-sur-les-perspectives-demploi-dans-le-secteur-de-lhotellerie","status":"publish","type":"post","link":"https:\/\/www.africa-press.net\/djibouti\/politique\/le-ministre-du-travail-preside-un-reunion-de-consultation-axee-sur-les-perspectives-demploi-dans-le-secteur-de-lhotellerie","title":{"rendered":"Le ministre du Travail pr\u00e9side un r\u00e9union de consultation ax\u00e9e sur les perspectives d&#8217;emploi dans le secteur de l&rsquo;h\u00f4tellerie"},"content":{"rendered":"<p><span style=\"color: #ff6600\"><strong>Africa-Press &#8211; Djibouti. <\/strong><\/span>Sous le haut patronage de Son Excellence, Omar Abdi Said, ministre du Travail charge\u0301 de la Formalisation et de la Protection Sociale, l&rsquo;Agence Nationale de l&rsquo;Emploi, de la Formation et de l&rsquo;Insertion Professionnelle (ANEFIP) a organise\u0301 une re\u0301union de consultation sur les perspectives d&#8217;emploi dans le secteur de l&rsquo;ho\u0302tellerie.<\/p>\n<p>Cet e\u0301ve\u0301nement, qui s&rsquo;est tenu a\u0300 Salaam Tower, a rassemble\u0301 des personnalite\u0301s e\u0301minentes, notamment le directeur ge\u0301ne\u0301ral de l&rsquo;ANEFIP, M. Mahmoud Omar Guelleh, ainsi que les dirigeants d\u2019ho\u0302tels parmi lesquels le Kempinski et Sheraton.<\/p>\n<p>Des responsables politiques, des repre\u0301sentants d\u2019organisations internationales, d&rsquo;institutions publiques et prive\u0301es, ont e\u0301galement honore\u0301 de leur pre\u0301sence.<\/p>\n<p>Cette re\u0301union de consultation s&rsquo;est concentre\u0301e spe\u0301cifiquement sur le secteur de l&rsquo;ho\u0302tellerie, avec un objectif clair : renforcer l&#8217;emploi des jeunes au sein de l&rsquo;industrie ho\u0302telie\u0300re.<\/p>\n<p>Dans cette optique, tous les acteurs cle\u0301s du secteur ho\u0302telier ope\u0301rant en Re\u0301publique de Djibouti ont e\u0301te\u0301 invite\u0301s a\u0300 cette rencontre qui avait pour objectif l\u2019identification de leurs besoins de recrutement a\u0300 court et a\u0300 long terme.<\/p>\n<p>Notons au passage que les initiatives de collaboration entre le ministe\u0300re du Travail charge\u0301 de la Formalisation et de la Protection Sociale et l&rsquo;ANEFIP ont jusqu&rsquo;a\u0300 pre\u0301sent produit des re\u0301sultats significatifs.<\/p>\n<p>Ces efforts ont notablement ame\u0301liore\u0301 la capacite\u0301 des jeunes a\u0300 la recherche d&#8217;emploi a\u0300 se positionner sur le marche\u0301 du travail, en favorisant la connexion entre les demandeurs d&#8217;emploi et les employeurs potentiels, qu&rsquo;il s&rsquo;agisse d&rsquo;entreprises prive\u0301es, de services publics de l&#8217;emploi ou d&rsquo;institutions de formation professionnelle.<\/p>\n<p>En abordant les de\u0301fis spe\u0301cifiques de l&#8217;emploi dans le secteur de l&rsquo;ho\u0302tellerie, le gouvernement vise non seulement a\u0300 cre\u0301er des opportunite\u0301s d&#8217;emploi, mais aussi a\u0300 contribuer au de\u0301veloppement e\u0301conomique global du pays.<\/p>\n<p>Sous le haut patronage de Son Excellence, Omar Abdi Said, ministre du Travail charge\u0301 de la Formalisation et de la Protection Sociale, l&rsquo;Agence Nationale de l&rsquo;Emploi, de la Formation et de l&rsquo;Insertion Professionnelle (ANEFIP) a organise\u0301 une re\u0301union de consultation sur les perspectives d&#8217;emploi dans le secteur de l&rsquo;ho\u0302tellerie.<\/p>\n<p>Cet e\u0301ve\u0301nement, qui s&rsquo;est tenu a\u0300 Salaam Tower, a rassemble\u0301 des personnalite\u0301s e\u0301minentes, notamment le directeur ge\u0301ne\u0301ral de l&rsquo;ANEFIP, M. Mahmoud Omar Guelleh, ainsi que les dirigeants d\u2019ho\u0302tels parmi lesquels le Kempinski et Sheraton.<\/p>\n<p>Des responsables politiques, des repre\u0301sentants d\u2019organisations internationales, d&rsquo;institutions publiques et prive\u0301es, ont e\u0301galement honore\u0301 de leur pre\u0301sence.<\/p>\n<p>Cette re\u0301union de consultation s&rsquo;est concentre\u0301e spe\u0301cifiquement sur le secteur de l&rsquo;ho\u0302tellerie, avec un objectif clair : renforcer l&#8217;emploi des jeunes au sein de l&rsquo;industrie ho\u0302telie\u0300re.<\/p>\n<p>Dans cette optique, tous les acteurs cle\u0301s du secteur ho\u0302telier ope\u0301rant en Re\u0301publique de Djibouti ont e\u0301te\u0301 invite\u0301s a\u0300 cette rencontre qui avait pour objectif l\u2019identification de leurs besoins de recrutement a\u0300 court et a\u0300 long terme.<\/p>\n<p>Notons au passage que les initiatives de collaboration entre le ministe\u0300re du Travail charge\u0301 de la Formalisation et de la Protection Sociale et l&rsquo;ANEFIP ont jusqu&rsquo;a\u0300 pre\u0301sent produit des re\u0301sultats significatifs.<\/p>\n<p>Ces efforts ont notablement ame\u0301liore\u0301 la capacite\u0301 des jeunes a\u0300 la recherche d&#8217;emploi a\u0300 se positionner sur le marche\u0301 du travail, en favorisant la connexion entre les demandeurs d&#8217;emploi et les employeurs potentiels, qu&rsquo;il s&rsquo;agisse d&rsquo;entreprises prive\u0301es, de services publics de l&#8217;emploi ou d&rsquo;institutions de formation professionnelle.<\/p>\n<p>En abordant les de\u0301fis spe\u0301cifiques de l&#8217;emploi dans le secteur de l&rsquo;ho\u0302tellerie, le gouvernement vise non seulement a\u0300 cre\u0301er des opportunite\u0301s d&#8217;emploi, mais aussi a\u0300 contribuer au de\u0301veloppement e\u0301conomique global du pays.<\/p>\n<p><strong>Pour plus d&rsquo;informations et d&rsquo;analyses sur la <a href=\"https:\/\/www.africa-press.net\/djibouti\">Djibouti<\/a>, suivez <a href=\"https:\/\/www.africa-press.net\/\">Africa-Press<\/a><\/strong><\/p>\n","protected":false},"excerpt":{"rendered":"<p>Africa-Press &#8211; Djibouti. Sous le haut patronage de Son Excellence, Omar Abdi Said, ministre du Travail charge\u0301 de la Formalisation et de la Protection Sociale, l&rsquo;Agence Nationale de l&rsquo;Emploi, de la Formation et de l&rsquo;Insertion Professionnelle (ANEFIP) a organise\u0301 une re\u0301union de consultation sur les perspectives d&#8217;emploi dans le secteur de l&rsquo;ho\u0302tellerie. Cet e\u0301ve\u0301nement, qui [&hellip;]<\/p>\n","protected":false},"author":82,"featured_media":18206,"comment_status":"open","ping_status":"closed","sticky":false,"template":"","format":"standard","meta":{"footnotes":""},"categories":[2,10],"tags":[36,49,50],"class_list":["post-18207","post","type-post","status-publish","format-standard","has-post-thumbnail","hentry","category-politique","category-toutes-les-actualites","tag-africa-press","tag-africa-press-djibouti","tag-djibouti"],"yoast_head":"<!-- This site is optimized with the Yoast SEO Premium plugin v26.1 (Yoast SEO v27.0) - https:\/\/yoast.com\/product\/yoast-seo-premium-wordpress\/ -->\n<title>Le ministre du Travail pr\u00e9side un r\u00e9union de consultation ax\u00e9e sur les perspectives d&#039;emploi dans le secteur de l&#039;h\u00f4tellerie - Djibouti<\/title>\n<meta name=\"description\" content=\"Sous le haut patronage de Son Excellence, Omar Abdi Said, ministre du Travail charge\u0301 de la Formalisation et de la Prote ...\" \/>\n<meta name=\"robots\" content=\"index, follow, max-snippet:-1, max-image-preview:large, max-video-preview:-1\" \/>\n<link rel=\"canonical\" href=\"https:\/\/www.africa-press.net\/djibouti\/politique\/le-ministre-du-travail-preside-un-reunion-de-consultation-axee-sur-les-perspectives-demploi-dans-le-secteur-de-lhotellerie\" \/>\n<meta property=\"og:locale\" content=\"fr_FR\" \/>\n<meta property=\"og:type\" content=\"article\" \/>\n<meta property=\"og:title\" content=\"Le ministre du Travail pr\u00e9side un r\u00e9union de consultation ax\u00e9e sur les perspectives d&#039;emploi dans le secteur de l&#039;h\u00f4tellerie\" \/>\n<meta property=\"og:description\" content=\"Sous le haut patronage de Son Excellence, Omar Abdi Said, ministre du Travail charge\u0301 de la Formalisation et de la Prote ...\" \/>\n<meta property=\"og:url\" content=\"https:\/\/www.africa-press.net\/djibouti\/politique\/le-ministre-du-travail-preside-un-reunion-de-consultation-axee-sur-les-perspectives-demploi-dans-le-secteur-de-lhotellerie\" \/>\n<meta property=\"og:site_name\" content=\"Djibouti\" \/>\n<meta property=\"article:published_time\" content=\"2023-09-22T08:53:43+00:00\" \/>\n<meta property=\"article:modified_time\" content=\"2023-09-22T09:38:12+00:00\" \/>\n<meta property=\"og:image\" content=\"https:\/\/static.africa-press.net\/djibouti\/sites\/52\/2023\/09\/sm_1695362782.593099.jpg\" \/>\n\t<meta property=\"og:image:width\" content=\"1280\" \/>\n\t<meta property=\"og:image:height\" content=\"720\" \/>\n\t<meta property=\"og:image:type\" content=\"image\/jpeg\" \/>\n<meta name=\"author\" content=\"cfeditorfr\" \/>\n<meta name=\"twitter:card\" content=\"summary_large_image\" \/>\n<meta name=\"twitter:label1\" content=\"\u00c9crit par\" \/>\n\t<meta name=\"twitter:data1\" content=\"cfeditorfr\" \/>\n\t<meta name=\"twitter:label2\" content=\"Dur\u00e9e de lecture estim\u00e9e\" \/>\n\t<meta name=\"twitter:data2\" content=\"3 minutes\" \/>\n<script type=\"application\/ld+json\" class=\"yoast-schema-graph\">{\"@context\":\"https:\/\/schema.org\",\"@graph\":[{\"@type\":\"Article\",\"@id\":\"https:\/\/www.africa-press.net\/djibouti\/politique\/le-ministre-du-travail-preside-un-reunion-de-consultation-axee-sur-les-perspectives-demploi-dans-le-secteur-de-lhotellerie#article\",\"isPartOf\":{\"@id\":\"https:\/\/www.africa-press.net\/djibouti\/politique\/le-ministre-du-travail-preside-un-reunion-de-consultation-axee-sur-les-perspectives-demploi-dans-le-secteur-de-lhotellerie\"},\"author\":{\"name\":\"cfeditorfr\",\"@id\":\"https:\/\/www.africa-press.net\/djibouti\/#\/schema\/person\/2b1cf3cd81a31e3cd26889ca66d677f1\"},\"headline\":\"Le ministre du Travail pr\u00e9side un r\u00e9union de consultation ax\u00e9e sur les perspectives d&#8217;emploi dans le secteur de l&rsquo;h\u00f4tellerie\",\"datePublished\":\"2023-09-22T08:53:43+00:00\",\"dateModified\":\"2023-09-22T09:38:12+00:00\",\"mainEntityOfPage\":{\"@id\":\"https:\/\/www.africa-press.net\/djibouti\/politique\/le-ministre-du-travail-preside-un-reunion-de-consultation-axee-sur-les-perspectives-demploi-dans-le-secteur-de-lhotellerie\"},\"wordCount\":712,\"commentCount\":0,\"image\":{\"@id\":\"https:\/\/www.africa-press.net\/djibouti\/politique\/le-ministre-du-travail-preside-un-reunion-de-consultation-axee-sur-les-perspectives-demploi-dans-le-secteur-de-lhotellerie#primaryimage\"},\"thumbnailUrl\":\"https:\/\/static.africa-press.net\/djibouti\/sites\/52\/2023\/09\/sm_1695362782.593099.jpg\",\"keywords\":[\"Africa Press\",\"Africa Press-Djibouti\",\"Djibouti\"],\"articleSection\":[\"Politique\",\"Toutes les actualit\u00e9s\"],\"inLanguage\":\"fr-FR\",\"potentialAction\":[{\"@type\":\"CommentAction\",\"name\":\"Comment\",\"target\":[\"https:\/\/www.africa-press.net\/djibouti\/politique\/le-ministre-du-travail-preside-un-reunion-de-consultation-axee-sur-les-perspectives-demploi-dans-le-secteur-de-lhotellerie#respond\"]}]},{\"@type\":\"WebPage\",\"@id\":\"https:\/\/www.africa-press.net\/djibouti\/politique\/le-ministre-du-travail-preside-un-reunion-de-consultation-axee-sur-les-perspectives-demploi-dans-le-secteur-de-lhotellerie\",\"url\":\"https:\/\/www.africa-press.net\/djibouti\/politique\/le-ministre-du-travail-preside-un-reunion-de-consultation-axee-sur-les-perspectives-demploi-dans-le-secteur-de-lhotellerie\",\"name\":\"Le ministre du Travail pr\u00e9side un r\u00e9union de consultation ax\u00e9e sur les perspectives d'emploi dans le secteur de l'h\u00f4tellerie - Djibouti\",\"isPartOf\":{\"@id\":\"https:\/\/www.africa-press.net\/djibouti\/#website\"},\"primaryImageOfPage\":{\"@id\":\"https:\/\/www.africa-press.net\/djibouti\/politique\/le-ministre-du-travail-preside-un-reunion-de-consultation-axee-sur-les-perspectives-demploi-dans-le-secteur-de-lhotellerie#primaryimage\"},\"image\":{\"@id\":\"https:\/\/www.africa-press.net\/djibouti\/politique\/le-ministre-du-travail-preside-un-reunion-de-consultation-axee-sur-les-perspectives-demploi-dans-le-secteur-de-lhotellerie#primaryimage\"},\"thumbnailUrl\":\"https:\/\/static.africa-press.net\/djibouti\/sites\/52\/2023\/09\/sm_1695362782.593099.jpg\",\"datePublished\":\"2023-09-22T08:53:43+00:00\",\"dateModified\":\"2023-09-22T09:38:12+00:00\",\"author\":{\"@id\":\"https:\/\/www.africa-press.net\/djibouti\/#\/schema\/person\/2b1cf3cd81a31e3cd26889ca66d677f1\"},\"description\":\"Sous le haut patronage de Son Excellence, Omar Abdi Said, ministre du Travail charge\u0301 de la Formalisation et de la Prote ...\",\"breadcrumb\":{\"@id\":\"https:\/\/www.africa-press.net\/djibouti\/politique\/le-ministre-du-travail-preside-un-reunion-de-consultation-axee-sur-les-perspectives-demploi-dans-le-secteur-de-lhotellerie#breadcrumb\"},\"inLanguage\":\"fr-FR\",\"potentialAction\":[{\"@type\":\"ReadAction\",\"target\":[\"https:\/\/www.africa-press.net\/djibouti\/politique\/le-ministre-du-travail-preside-un-reunion-de-consultation-axee-sur-les-perspectives-demploi-dans-le-secteur-de-lhotellerie\"]}]},{\"@type\":\"ImageObject\",\"inLanguage\":\"fr-FR\",\"@id\":\"https:\/\/www.africa-press.net\/djibouti\/politique\/le-ministre-du-travail-preside-un-reunion-de-consultation-axee-sur-les-perspectives-demploi-dans-le-secteur-de-lhotellerie#primaryimage\",\"url\":\"https:\/\/static.africa-press.net\/djibouti\/sites\/52\/2023\/09\/sm_1695362782.593099.jpg\",\"contentUrl\":\"https:\/\/static.africa-press.net\/djibouti\/sites\/52\/2023\/09\/sm_1695362782.593099.jpg\",\"width\":1280,\"height\":720,\"caption\":\"Le ministre du Travail pr\u00e9side un r\u00e9union de consultation ax\u00e9e sur les perspectives d'emploi dans le secteur de l'h\u00f4tellerie\"},{\"@type\":\"BreadcrumbList\",\"@id\":\"https:\/\/www.africa-press.net\/djibouti\/politique\/le-ministre-du-travail-preside-un-reunion-de-consultation-axee-sur-les-perspectives-demploi-dans-le-secteur-de-lhotellerie#breadcrumb\",\"itemListElement\":[{\"@type\":\"ListItem\",\"position\":1,\"name\":\"Accueil\",\"item\":\"https:\/\/www.africa-press.net\/djibouti\/\"},{\"@type\":\"ListItem\",\"position\":2,\"name\":\"Le ministre du Travail pr\u00e9side un r\u00e9union de consultation ax\u00e9e sur les perspectives d&#8217;emploi dans le secteur de l&#8217;h\u00f4tellerie\"}]},{\"@type\":\"WebSite\",\"@id\":\"https:\/\/www.africa-press.net\/djibouti\/#website\",\"url\":\"https:\/\/www.africa-press.net\/djibouti\/\",\"name\":\"Djibouti\",\"description\":\"Just another Africa News Agency Sites site\",\"potentialAction\":[{\"@type\":\"SearchAction\",\"target\":{\"@type\":\"EntryPoint\",\"urlTemplate\":\"https:\/\/www.africa-press.net\/djibouti\/?s={search_term_string}\"},\"query-input\":{\"@type\":\"PropertyValueSpecification\",\"valueRequired\":true,\"valueName\":\"search_term_string\"}}],\"inLanguage\":\"fr-FR\"},{\"@type\":\"Person\",\"@id\":\"https:\/\/www.africa-press.net\/djibouti\/#\/schema\/person\/2b1cf3cd81a31e3cd26889ca66d677f1\",\"name\":\"cfeditorfr\"}]}<\/script>\n<!-- \/ Yoast SEO Premium plugin. -->","yoast_head_json":{"title":"Le ministre du Travail pr\u00e9side un r\u00e9union de consultation ax\u00e9e sur les perspectives d'emploi dans le secteur de l'h\u00f4tellerie - Djibouti","description":"Sous le haut patronage de Son Excellence, Omar Abdi Said, ministre du Travail charge\u0301 de la Formalisation et de la Prote ...","robots":{"index":"index","follow":"follow","max-snippet":"max-snippet:-1","max-image-preview":"max-image-preview:large","max-video-preview":"max-video-preview:-1"},"canonical":"https:\/\/www.africa-press.net\/djibouti\/politique\/le-ministre-du-travail-preside-un-reunion-de-consultation-axee-sur-les-perspectives-demploi-dans-le-secteur-de-lhotellerie","og_locale":"fr_FR","og_type":"article","og_title":"Le ministre du Travail pr\u00e9side un r\u00e9union de consultation ax\u00e9e sur les perspectives d'emploi dans le secteur de l'h\u00f4tellerie","og_description":"Sous le haut patronage de Son Excellence, Omar Abdi Said, ministre du Travail charge\u0301 de la Formalisation et de la Prote ...","og_url":"https:\/\/www.africa-press.net\/djibouti\/politique\/le-ministre-du-travail-preside-un-reunion-de-consultation-axee-sur-les-perspectives-demploi-dans-le-secteur-de-lhotellerie","og_site_name":"Djibouti","article_published_time":"2023-09-22T08:53:43+00:00","article_modified_time":"2023-09-22T09:38:12+00:00","og_image":[{"width":1280,"height":720,"url":"https:\/\/static.africa-press.net\/djibouti\/sites\/52\/2023\/09\/sm_1695362782.593099.jpg","type":"image\/jpeg"}],"author":"cfeditorfr","twitter_card":"summary_large_image","twitter_misc":{"\u00c9crit par":"cfeditorfr","Dur\u00e9e de lecture estim\u00e9e":"3 minutes"},"schema":{"@context":"https:\/\/schema.org","@graph":[{"@type":"Article","@id":"https:\/\/www.africa-press.net\/djibouti\/politique\/le-ministre-du-travail-preside-un-reunion-de-consultation-axee-sur-les-perspectives-demploi-dans-le-secteur-de-lhotellerie#article","isPartOf":{"@id":"https:\/\/www.africa-press.net\/djibouti\/politique\/le-ministre-du-travail-preside-un-reunion-de-consultation-axee-sur-les-perspectives-demploi-dans-le-secteur-de-lhotellerie"},"author":{"name":"cfeditorfr","@id":"https:\/\/www.africa-press.net\/djibouti\/#\/schema\/person\/2b1cf3cd81a31e3cd26889ca66d677f1"},"headline":"Le ministre du Travail pr\u00e9side un r\u00e9union de consultation ax\u00e9e sur les perspectives d&#8217;emploi dans le secteur de l&rsquo;h\u00f4tellerie","datePublished":"2023-09-22T08:53:43+00:00","dateModified":"2023-09-22T09:38:12+00:00","mainEntityOfPage":{"@id":"https:\/\/www.africa-press.net\/djibouti\/politique\/le-ministre-du-travail-preside-un-reunion-de-consultation-axee-sur-les-perspectives-demploi-dans-le-secteur-de-lhotellerie"},"wordCount":712,"commentCount":0,"image":{"@id":"https:\/\/www.africa-press.net\/djibouti\/politique\/le-ministre-du-travail-preside-un-reunion-de-consultation-axee-sur-les-perspectives-demploi-dans-le-secteur-de-lhotellerie#primaryimage"},"thumbnailUrl":"https:\/\/static.africa-press.net\/djibouti\/sites\/52\/2023\/09\/sm_1695362782.593099.jpg","keywords":["Africa Press","Africa Press-Djibouti","Djibouti"],"articleSection":["Politique","Toutes les actualit\u00e9s"],"inLanguage":"fr-FR","potentialAction":[{"@type":"CommentAction","name":"Comment","target":["https:\/\/www.africa-press.net\/djibouti\/politique\/le-ministre-du-travail-preside-un-reunion-de-consultation-axee-sur-les-perspectives-demploi-dans-le-secteur-de-lhotellerie#respond"]}]},{"@type":"WebPage","@id":"https:\/\/www.africa-press.net\/djibouti\/politique\/le-ministre-du-travail-preside-un-reunion-de-consultation-axee-sur-les-perspectives-demploi-dans-le-secteur-de-lhotellerie","url":"https:\/\/www.africa-press.net\/djibouti\/politique\/le-ministre-du-travail-preside-un-reunion-de-consultation-axee-sur-les-perspectives-demploi-dans-le-secteur-de-lhotellerie","name":"Le ministre du Travail pr\u00e9side un r\u00e9union de consultation ax\u00e9e sur les perspectives d'emploi dans le secteur de l'h\u00f4tellerie - Djibouti","isPartOf":{"@id":"https:\/\/www.africa-press.net\/djibouti\/#website"},"primaryImageOfPage":{"@id":"https:\/\/www.africa-press.net\/djibouti\/politique\/le-ministre-du-travail-preside-un-reunion-de-consultation-axee-sur-les-perspectives-demploi-dans-le-secteur-de-lhotellerie#primaryimage"},"image":{"@id":"https:\/\/www.africa-press.net\/djibouti\/politique\/le-ministre-du-travail-preside-un-reunion-de-consultation-axee-sur-les-perspectives-demploi-dans-le-secteur-de-lhotellerie#primaryimage"},"thumbnailUrl":"https:\/\/static.africa-press.net\/djibouti\/sites\/52\/2023\/09\/sm_1695362782.593099.jpg","datePublished":"2023-09-22T08:53:43+00:00","dateModified":"2023-09-22T09:38:12+00:00","author":{"@id":"https:\/\/www.africa-press.net\/djibouti\/#\/schema\/person\/2b1cf3cd81a31e3cd26889ca66d677f1"},"description":"Sous le haut patronage de Son Excellence, Omar Abdi Said, ministre du Travail charge\u0301 de la Formalisation et de la Prote ...","breadcrumb":{"@id":"https:\/\/www.africa-press.net\/djibouti\/politique\/le-ministre-du-travail-preside-un-reunion-de-consultation-axee-sur-les-perspectives-demploi-dans-le-secteur-de-lhotellerie#breadcrumb"},"inLanguage":"fr-FR","potentialAction":[{"@type":"ReadAction","target":["https:\/\/www.africa-press.net\/djibouti\/politique\/le-ministre-du-travail-preside-un-reunion-de-consultation-axee-sur-les-perspectives-demploi-dans-le-secteur-de-lhotellerie"]}]},{"@type":"ImageObject","inLanguage":"fr-FR","@id":"https:\/\/www.africa-press.net\/djibouti\/politique\/le-ministre-du-travail-preside-un-reunion-de-consultation-axee-sur-les-perspectives-demploi-dans-le-secteur-de-lhotellerie#primaryimage","url":"https:\/\/static.africa-press.net\/djibouti\/sites\/52\/2023\/09\/sm_1695362782.593099.jpg","contentUrl":"https:\/\/static.africa-press.net\/djibouti\/sites\/52\/2023\/09\/sm_1695362782.593099.jpg","width":1280,"height":720,"caption":"Le ministre du Travail pr\u00e9side un r\u00e9union de consultation ax\u00e9e sur les perspectives d'emploi dans le secteur de l'h\u00f4tellerie"},{"@type":"BreadcrumbList","@id":"https:\/\/www.africa-press.net\/djibouti\/politique\/le-ministre-du-travail-preside-un-reunion-de-consultation-axee-sur-les-perspectives-demploi-dans-le-secteur-de-lhotellerie#breadcrumb","itemListElement":[{"@type":"ListItem","position":1,"name":"Accueil","item":"https:\/\/www.africa-press.net\/djibouti\/"},{"@type":"ListItem","position":2,"name":"Le ministre du Travail pr\u00e9side un r\u00e9union de consultation ax\u00e9e sur les perspectives d&#8217;emploi dans le secteur de l&#8217;h\u00f4tellerie"}]},{"@type":"WebSite","@id":"https:\/\/www.africa-press.net\/djibouti\/#website","url":"https:\/\/www.africa-press.net\/djibouti\/","name":"Djibouti","description":"Just another Africa News Agency Sites site","potentialAction":[{"@type":"SearchAction","target":{"@type":"EntryPoint","urlTemplate":"https:\/\/www.africa-press.net\/djibouti\/?s={search_term_string}"},"query-input":{"@type":"PropertyValueSpecification","valueRequired":true,"valueName":"search_term_string"}}],"inLanguage":"fr-FR"},{"@type":"Person","@id":"https:\/\/www.africa-press.net\/djibouti\/#\/schema\/person\/2b1cf3cd81a31e3cd26889ca66d677f1","name":"cfeditorfr"}]}},"_links":{"self":[{"href":"https:\/\/www.africa-press.net\/djibouti\/wp-json\/wp\/v2\/posts\/18207","targetHints":{"allow":["GET"]}}],"collection":[{"href":"https:\/\/www.africa-press.net\/djibouti\/wp-json\/wp\/v2\/posts"}],"about":[{"href":"https:\/\/www.africa-press.net\/djibouti\/wp-json\/wp\/v2\/types\/post"}],"author":[{"embeddable":true,"href":"https:\/\/www.africa-press.net\/djibouti\/wp-json\/wp\/v2\/users\/82"}],"replies":[{"embeddable":true,"href":"https:\/\/www.africa-press.net\/djibouti\/wp-json\/wp\/v2\/comments?post=18207"}],"version-history":[{"count":0,"href":"https:\/\/www.africa-press.net\/djibouti\/wp-json\/wp\/v2\/posts\/18207\/revisions"}],"wp:featuredmedia":[{"embeddable":true,"href":"https:\/\/www.africa-press.net\/djibouti\/wp-json\/wp\/v2\/media\/18206"}],"wp:attachment":[{"href":"https:\/\/www.africa-press.net\/djibouti\/wp-json\/wp\/v2\/media?parent=18207"}],"wp:term":[{"taxonomy":"category","embeddable":true,"href":"https:\/\/www.africa-press.net\/djibouti\/wp-json\/wp\/v2\/categories?post=18207"},{"taxonomy":"post_tag","embeddable":true,"href":"https:\/\/www.africa-press.net\/djibouti\/wp-json\/wp\/v2\/tags?post=18207"}],"curies":[{"name":"wp","href":"https:\/\/api.w.org\/{rel}","templated":true}]}}