{"id":18229,"date":"2023-09-22T17:32:02","date_gmt":"2023-09-22T17:32:02","guid":{"rendered":"https:\/\/www.africa-press.net\/djibouti\/politique\/liran-annonce-la-reprise-des-relations-avec-djibouti"},"modified":"2023-09-22T18:08:09","modified_gmt":"2023-09-22T18:08:09","slug":"liran-annonce-la-reprise-des-relations-avec-djibouti","status":"publish","type":"post","link":"https:\/\/www.africa-press.net\/djibouti\/politique\/liran-annonce-la-reprise-des-relations-avec-djibouti","title":{"rendered":"L&rsquo;Iran annonce la reprise des relations avec Djibouti"},"content":{"rendered":"<p><span style=\"color: #ff6600\"><strong>Africa-Press &#8211; Djibouti. <\/strong><\/span>L&rsquo;Iran a annonce\u0301 vendredi 22 septembre le re\u0301tablissement de ses relations diplomatiques avec Djibouti apre\u0300s plus de sept ans de rupture a\u0300 l&rsquo;initiative de ce dernier pays sur la corne de l&rsquo;Afrique. Cette reprise des relations intervient quelques mois apre\u0300s que l&rsquo;Iran a\u0300 majorite\u0301 chiite et l&rsquo;Arabie saoudite a\u0300 majorite\u0301 sunnite, deux poids lourds du Moyen-Orient, ont renoue\u0301 des liens diplomatiques dans le cadre d&rsquo;un accord ne\u0301gocie\u0301 en mars par la Chine.<\/p>\n<p>A\u0300 la suite d&rsquo;une attaque contre son ambassade a\u0300 Te\u0301he\u0301ran en janvier 2016 conse\u0301cutive a\u0300 l&rsquo;exe\u0301cution en Arabie saoudite d&rsquo;un dignitaire chiite saoudien, Ryad avait rompu ses relations avec Te\u0301he\u0301ran. Djibouti et d&rsquo;autres pays de la Ligue arabe avaient, en signe de solidarite\u0301, rompu leurs liens diplomatiques avec Te\u0301he\u0301ran.<\/p>\n<p>\u00abAujourd&rsquo;hui, l&rsquo;Iran et Djibouti ont annonce\u0301 la reprise de leurs relations diplomatiques via une de\u0301claration officielle\u00bb, a indique\u0301 le ministre iranien des Affaires e\u0301trange\u0300res, Hossein Amir-Abdollahian, dans un message sur X (ex-Twitter). Cette annonce a e\u0301te\u0301 faite apre\u0300s une rencontre entre M. Amir-Abdollahian et son homologue de Djibouti, Mahamoud Ali Youssouf, a\u0300 New York, en marge de l&rsquo;Assemble\u0301e ge\u0301ne\u0301rale de l&rsquo;ONU. Djibouti se trouve a\u0300 l&#8217;embouchure de la mer Rouge, juste en face du Ye\u0301men ou\u0300 l&rsquo;Arabie saoudite soutient le pouvoir dans sa guerre contre les rebelles Houthis. Jeudi, le ministe\u0300re iranien des Affaires e\u0301trange\u0300res a indique\u0301 que l&rsquo;Iran et Djibouti e\u0301taient convenus de \u00abde\u0301velopper davantage leurs liens amicaux\u00bb et de \u00abrenforcer la coope\u0301ration\u00bb dans plusieurs domaines.<\/p>\n<p><strong>Pour plus d&rsquo;informations et d&rsquo;analyses sur la <a href=\"https:\/\/www.africa-press.net\/djibouti\">Djibouti<\/a>, suivez <a href=\"https:\/\/www.africa-press.net\/\">Africa-Press<\/a><\/strong><\/p>\n","protected":false},"excerpt":{"rendered":"<p>Africa-Press &#8211; Djibouti. L&rsquo;Iran a annonce\u0301 vendredi 22 septembre le re\u0301tablissement de ses relations diplomatiques avec Djibouti apre\u0300s plus de sept ans de rupture a\u0300 l&rsquo;initiative de ce dernier pays sur la corne de l&rsquo;Afrique. Cette reprise des relations intervient quelques mois apre\u0300s que l&rsquo;Iran a\u0300 majorite\u0301 chiite et l&rsquo;Arabie saoudite a\u0300 majorite\u0301 sunnite, deux [&hellip;]<\/p>\n","protected":false},"author":82,"featured_media":18227,"comment_status":"open","ping_status":"closed","sticky":false,"template":"","format":"standard","meta":{"footnotes":""},"categories":[2,20,10],"tags":[36,49,50],"class_list":["post-18229","post","type-post","status-publish","format-standard","has-post-thumbnail","hentry","category-politique","category-top-nouvelles","category-toutes-les-actualites","tag-africa-press","tag-africa-press-djibouti","tag-djibouti"],"yoast_head":"<!-- This site is optimized with the Yoast SEO Premium plugin v26.1 (Yoast SEO v27.0) - https:\/\/yoast.com\/product\/yoast-seo-premium-wordpress\/ -->\n<title>L&#039;Iran annonce la reprise des relations avec Djibouti - Djibouti<\/title>\n<meta name=\"description\" content=\"L&#039;Iran a annonce\u0301 vendredi 22 septembre le re\u0301tablissement de ses relations diplomatiques avec Djibouti apre\u0300s plus de s ...\" \/>\n<meta name=\"robots\" content=\"index, follow, max-snippet:-1, max-image-preview:large, max-video-preview:-1\" \/>\n<link rel=\"canonical\" href=\"https:\/\/www.africa-press.net\/djibouti\/politique\/liran-annonce-la-reprise-des-relations-avec-djibouti\" \/>\n<meta property=\"og:locale\" content=\"fr_FR\" \/>\n<meta property=\"og:type\" content=\"article\" \/>\n<meta property=\"og:title\" content=\"L&#039;Iran annonce la reprise des relations avec Djibouti\" \/>\n<meta property=\"og:description\" content=\"L&#039;Iran a annonce\u0301 vendredi 22 septembre le re\u0301tablissement de ses relations diplomatiques avec Djibouti apre\u0300s plus de s ...\" \/>\n<meta property=\"og:url\" content=\"https:\/\/www.africa-press.net\/djibouti\/politique\/liran-annonce-la-reprise-des-relations-avec-djibouti\" \/>\n<meta property=\"og:site_name\" content=\"Djibouti\" \/>\n<meta property=\"article:published_time\" content=\"2023-09-22T17:32:02+00:00\" \/>\n<meta property=\"article:modified_time\" content=\"2023-09-22T18:08:09+00:00\" \/>\n<meta property=\"og:image\" content=\"https:\/\/static.africa-press.net\/djibouti\/sites\/52\/2023\/09\/sm_1695393452.892856.jpg\" \/>\n\t<meta property=\"og:image:width\" content=\"616\" \/>\n\t<meta property=\"og:image:height\" content=\"347\" \/>\n\t<meta property=\"og:image:type\" content=\"image\/jpeg\" \/>\n<meta name=\"author\" content=\"cfeditorfr\" \/>\n<meta name=\"twitter:card\" content=\"summary_large_image\" \/>\n<meta name=\"twitter:label1\" content=\"\u00c9crit par\" \/>\n\t<meta name=\"twitter:data1\" content=\"cfeditorfr\" \/>\n\t<meta name=\"twitter:label2\" content=\"Dur\u00e9e de lecture estim\u00e9e\" \/>\n\t<meta name=\"twitter:data2\" content=\"2 minutes\" \/>\n<script type=\"application\/ld+json\" class=\"yoast-schema-graph\">{\"@context\":\"https:\/\/schema.org\",\"@graph\":[{\"@type\":\"Article\",\"@id\":\"https:\/\/www.africa-press.net\/djibouti\/politique\/liran-annonce-la-reprise-des-relations-avec-djibouti#article\",\"isPartOf\":{\"@id\":\"https:\/\/www.africa-press.net\/djibouti\/politique\/liran-annonce-la-reprise-des-relations-avec-djibouti\"},\"author\":{\"name\":\"cfeditorfr\",\"@id\":\"https:\/\/www.africa-press.net\/djibouti\/#\/schema\/person\/2b1cf3cd81a31e3cd26889ca66d677f1\"},\"headline\":\"L&rsquo;Iran annonce la reprise des relations avec Djibouti\",\"datePublished\":\"2023-09-22T17:32:02+00:00\",\"dateModified\":\"2023-09-22T18:08:09+00:00\",\"mainEntityOfPage\":{\"@id\":\"https:\/\/www.africa-press.net\/djibouti\/politique\/liran-annonce-la-reprise-des-relations-avec-djibouti\"},\"wordCount\":304,\"commentCount\":0,\"image\":{\"@id\":\"https:\/\/www.africa-press.net\/djibouti\/politique\/liran-annonce-la-reprise-des-relations-avec-djibouti#primaryimage\"},\"thumbnailUrl\":\"https:\/\/static.africa-press.net\/djibouti\/sites\/52\/2023\/09\/sm_1695393452.892856.jpg\",\"keywords\":[\"Africa Press\",\"Africa Press-Djibouti\",\"Djibouti\"],\"articleSection\":[\"Politique\",\"Top Nouvelles\",\"Toutes les actualit\u00e9s\"],\"inLanguage\":\"fr-FR\",\"potentialAction\":[{\"@type\":\"CommentAction\",\"name\":\"Comment\",\"target\":[\"https:\/\/www.africa-press.net\/djibouti\/politique\/liran-annonce-la-reprise-des-relations-avec-djibouti#respond\"]}]},{\"@type\":\"WebPage\",\"@id\":\"https:\/\/www.africa-press.net\/djibouti\/politique\/liran-annonce-la-reprise-des-relations-avec-djibouti\",\"url\":\"https:\/\/www.africa-press.net\/djibouti\/politique\/liran-annonce-la-reprise-des-relations-avec-djibouti\",\"name\":\"L'Iran annonce la reprise des relations avec Djibouti - Djibouti\",\"isPartOf\":{\"@id\":\"https:\/\/www.africa-press.net\/djibouti\/#website\"},\"primaryImageOfPage\":{\"@id\":\"https:\/\/www.africa-press.net\/djibouti\/politique\/liran-annonce-la-reprise-des-relations-avec-djibouti#primaryimage\"},\"image\":{\"@id\":\"https:\/\/www.africa-press.net\/djibouti\/politique\/liran-annonce-la-reprise-des-relations-avec-djibouti#primaryimage\"},\"thumbnailUrl\":\"https:\/\/static.africa-press.net\/djibouti\/sites\/52\/2023\/09\/sm_1695393452.892856.jpg\",\"datePublished\":\"2023-09-22T17:32:02+00:00\",\"dateModified\":\"2023-09-22T18:08:09+00:00\",\"author\":{\"@id\":\"https:\/\/www.africa-press.net\/djibouti\/#\/schema\/person\/2b1cf3cd81a31e3cd26889ca66d677f1\"},\"description\":\"L'Iran a annonce\u0301 vendredi 22 septembre le re\u0301tablissement de ses relations diplomatiques avec Djibouti apre\u0300s plus de s ...\",\"breadcrumb\":{\"@id\":\"https:\/\/www.africa-press.net\/djibouti\/politique\/liran-annonce-la-reprise-des-relations-avec-djibouti#breadcrumb\"},\"inLanguage\":\"fr-FR\",\"potentialAction\":[{\"@type\":\"ReadAction\",\"target\":[\"https:\/\/www.africa-press.net\/djibouti\/politique\/liran-annonce-la-reprise-des-relations-avec-djibouti\"]}]},{\"@type\":\"ImageObject\",\"inLanguage\":\"fr-FR\",\"@id\":\"https:\/\/www.africa-press.net\/djibouti\/politique\/liran-annonce-la-reprise-des-relations-avec-djibouti#primaryimage\",\"url\":\"https:\/\/static.africa-press.net\/djibouti\/sites\/52\/2023\/09\/sm_1695393452.892856.jpg\",\"contentUrl\":\"https:\/\/static.africa-press.net\/djibouti\/sites\/52\/2023\/09\/sm_1695393452.892856.jpg\",\"width\":616,\"height\":347,\"caption\":\"L'Iran annonce la reprise des relations avec Djibouti\"},{\"@type\":\"BreadcrumbList\",\"@id\":\"https:\/\/www.africa-press.net\/djibouti\/politique\/liran-annonce-la-reprise-des-relations-avec-djibouti#breadcrumb\",\"itemListElement\":[{\"@type\":\"ListItem\",\"position\":1,\"name\":\"Accueil\",\"item\":\"https:\/\/www.africa-press.net\/djibouti\/\"},{\"@type\":\"ListItem\",\"position\":2,\"name\":\"L&#8217;Iran annonce la reprise des relations avec Djibouti\"}]},{\"@type\":\"WebSite\",\"@id\":\"https:\/\/www.africa-press.net\/djibouti\/#website\",\"url\":\"https:\/\/www.africa-press.net\/djibouti\/\",\"name\":\"Djibouti\",\"description\":\"Just another Africa News Agency Sites site\",\"potentialAction\":[{\"@type\":\"SearchAction\",\"target\":{\"@type\":\"EntryPoint\",\"urlTemplate\":\"https:\/\/www.africa-press.net\/djibouti\/?s={search_term_string}\"},\"query-input\":{\"@type\":\"PropertyValueSpecification\",\"valueRequired\":true,\"valueName\":\"search_term_string\"}}],\"inLanguage\":\"fr-FR\"},{\"@type\":\"Person\",\"@id\":\"https:\/\/www.africa-press.net\/djibouti\/#\/schema\/person\/2b1cf3cd81a31e3cd26889ca66d677f1\",\"name\":\"cfeditorfr\"}]}<\/script>\n<!-- \/ Yoast SEO Premium plugin. -->","yoast_head_json":{"title":"L'Iran annonce la reprise des relations avec Djibouti - Djibouti","description":"L'Iran a annonce\u0301 vendredi 22 septembre le re\u0301tablissement de ses relations diplomatiques avec Djibouti apre\u0300s plus de s ...","robots":{"index":"index","follow":"follow","max-snippet":"max-snippet:-1","max-image-preview":"max-image-preview:large","max-video-preview":"max-video-preview:-1"},"canonical":"https:\/\/www.africa-press.net\/djibouti\/politique\/liran-annonce-la-reprise-des-relations-avec-djibouti","og_locale":"fr_FR","og_type":"article","og_title":"L'Iran annonce la reprise des relations avec Djibouti","og_description":"L'Iran a annonce\u0301 vendredi 22 septembre le re\u0301tablissement de ses relations diplomatiques avec Djibouti apre\u0300s plus de s ...","og_url":"https:\/\/www.africa-press.net\/djibouti\/politique\/liran-annonce-la-reprise-des-relations-avec-djibouti","og_site_name":"Djibouti","article_published_time":"2023-09-22T17:32:02+00:00","article_modified_time":"2023-09-22T18:08:09+00:00","og_image":[{"width":616,"height":347,"url":"https:\/\/static.africa-press.net\/djibouti\/sites\/52\/2023\/09\/sm_1695393452.892856.jpg","type":"image\/jpeg"}],"author":"cfeditorfr","twitter_card":"summary_large_image","twitter_misc":{"\u00c9crit par":"cfeditorfr","Dur\u00e9e de lecture estim\u00e9e":"2 minutes"},"schema":{"@context":"https:\/\/schema.org","@graph":[{"@type":"Article","@id":"https:\/\/www.africa-press.net\/djibouti\/politique\/liran-annonce-la-reprise-des-relations-avec-djibouti#article","isPartOf":{"@id":"https:\/\/www.africa-press.net\/djibouti\/politique\/liran-annonce-la-reprise-des-relations-avec-djibouti"},"author":{"name":"cfeditorfr","@id":"https:\/\/www.africa-press.net\/djibouti\/#\/schema\/person\/2b1cf3cd81a31e3cd26889ca66d677f1"},"headline":"L&rsquo;Iran annonce la reprise des relations avec Djibouti","datePublished":"2023-09-22T17:32:02+00:00","dateModified":"2023-09-22T18:08:09+00:00","mainEntityOfPage":{"@id":"https:\/\/www.africa-press.net\/djibouti\/politique\/liran-annonce-la-reprise-des-relations-avec-djibouti"},"wordCount":304,"commentCount":0,"image":{"@id":"https:\/\/www.africa-press.net\/djibouti\/politique\/liran-annonce-la-reprise-des-relations-avec-djibouti#primaryimage"},"thumbnailUrl":"https:\/\/static.africa-press.net\/djibouti\/sites\/52\/2023\/09\/sm_1695393452.892856.jpg","keywords":["Africa Press","Africa Press-Djibouti","Djibouti"],"articleSection":["Politique","Top Nouvelles","Toutes les actualit\u00e9s"],"inLanguage":"fr-FR","potentialAction":[{"@type":"CommentAction","name":"Comment","target":["https:\/\/www.africa-press.net\/djibouti\/politique\/liran-annonce-la-reprise-des-relations-avec-djibouti#respond"]}]},{"@type":"WebPage","@id":"https:\/\/www.africa-press.net\/djibouti\/politique\/liran-annonce-la-reprise-des-relations-avec-djibouti","url":"https:\/\/www.africa-press.net\/djibouti\/politique\/liran-annonce-la-reprise-des-relations-avec-djibouti","name":"L'Iran annonce la reprise des relations avec Djibouti - Djibouti","isPartOf":{"@id":"https:\/\/www.africa-press.net\/djibouti\/#website"},"primaryImageOfPage":{"@id":"https:\/\/www.africa-press.net\/djibouti\/politique\/liran-annonce-la-reprise-des-relations-avec-djibouti#primaryimage"},"image":{"@id":"https:\/\/www.africa-press.net\/djibouti\/politique\/liran-annonce-la-reprise-des-relations-avec-djibouti#primaryimage"},"thumbnailUrl":"https:\/\/static.africa-press.net\/djibouti\/sites\/52\/2023\/09\/sm_1695393452.892856.jpg","datePublished":"2023-09-22T17:32:02+00:00","dateModified":"2023-09-22T18:08:09+00:00","author":{"@id":"https:\/\/www.africa-press.net\/djibouti\/#\/schema\/person\/2b1cf3cd81a31e3cd26889ca66d677f1"},"description":"L'Iran a annonce\u0301 vendredi 22 septembre le re\u0301tablissement de ses relations diplomatiques avec Djibouti apre\u0300s plus de s ...","breadcrumb":{"@id":"https:\/\/www.africa-press.net\/djibouti\/politique\/liran-annonce-la-reprise-des-relations-avec-djibouti#breadcrumb"},"inLanguage":"fr-FR","potentialAction":[{"@type":"ReadAction","target":["https:\/\/www.africa-press.net\/djibouti\/politique\/liran-annonce-la-reprise-des-relations-avec-djibouti"]}]},{"@type":"ImageObject","inLanguage":"fr-FR","@id":"https:\/\/www.africa-press.net\/djibouti\/politique\/liran-annonce-la-reprise-des-relations-avec-djibouti#primaryimage","url":"https:\/\/static.africa-press.net\/djibouti\/sites\/52\/2023\/09\/sm_1695393452.892856.jpg","contentUrl":"https:\/\/static.africa-press.net\/djibouti\/sites\/52\/2023\/09\/sm_1695393452.892856.jpg","width":616,"height":347,"caption":"L'Iran annonce la reprise des relations avec Djibouti"},{"@type":"BreadcrumbList","@id":"https:\/\/www.africa-press.net\/djibouti\/politique\/liran-annonce-la-reprise-des-relations-avec-djibouti#breadcrumb","itemListElement":[{"@type":"ListItem","position":1,"name":"Accueil","item":"https:\/\/www.africa-press.net\/djibouti\/"},{"@type":"ListItem","position":2,"name":"L&#8217;Iran annonce la reprise des relations avec Djibouti"}]},{"@type":"WebSite","@id":"https:\/\/www.africa-press.net\/djibouti\/#website","url":"https:\/\/www.africa-press.net\/djibouti\/","name":"Djibouti","description":"Just another Africa News Agency Sites site","potentialAction":[{"@type":"SearchAction","target":{"@type":"EntryPoint","urlTemplate":"https:\/\/www.africa-press.net\/djibouti\/?s={search_term_string}"},"query-input":{"@type":"PropertyValueSpecification","valueRequired":true,"valueName":"search_term_string"}}],"inLanguage":"fr-FR"},{"@type":"Person","@id":"https:\/\/www.africa-press.net\/djibouti\/#\/schema\/person\/2b1cf3cd81a31e3cd26889ca66d677f1","name":"cfeditorfr"}]}},"_links":{"self":[{"href":"https:\/\/www.africa-press.net\/djibouti\/wp-json\/wp\/v2\/posts\/18229","targetHints":{"allow":["GET"]}}],"collection":[{"href":"https:\/\/www.africa-press.net\/djibouti\/wp-json\/wp\/v2\/posts"}],"about":[{"href":"https:\/\/www.africa-press.net\/djibouti\/wp-json\/wp\/v2\/types\/post"}],"author":[{"embeddable":true,"href":"https:\/\/www.africa-press.net\/djibouti\/wp-json\/wp\/v2\/users\/82"}],"replies":[{"embeddable":true,"href":"https:\/\/www.africa-press.net\/djibouti\/wp-json\/wp\/v2\/comments?post=18229"}],"version-history":[{"count":0,"href":"https:\/\/www.africa-press.net\/djibouti\/wp-json\/wp\/v2\/posts\/18229\/revisions"}],"wp:featuredmedia":[{"embeddable":true,"href":"https:\/\/www.africa-press.net\/djibouti\/wp-json\/wp\/v2\/media\/18227"}],"wp:attachment":[{"href":"https:\/\/www.africa-press.net\/djibouti\/wp-json\/wp\/v2\/media?parent=18229"}],"wp:term":[{"taxonomy":"category","embeddable":true,"href":"https:\/\/www.africa-press.net\/djibouti\/wp-json\/wp\/v2\/categories?post=18229"},{"taxonomy":"post_tag","embeddable":true,"href":"https:\/\/www.africa-press.net\/djibouti\/wp-json\/wp\/v2\/tags?post=18229"}],"curies":[{"name":"wp","href":"https:\/\/api.w.org\/{rel}","templated":true}]}}