{"id":18250,"date":"2023-09-23T11:49:47","date_gmt":"2023-09-23T11:49:47","guid":{"rendered":"https:\/\/www.africa-press.net\/djibouti\/politique\/la-greffe-na-pas-pris-lafrique-souffre-du-modele-impose-par-loccident"},"modified":"2023-09-23T12:02:37","modified_gmt":"2023-09-23T12:02:37","slug":"la-greffe-na-pas-pris-lafrique-souffre-du-modele-impose-par-loccident","status":"publish","type":"post","link":"https:\/\/www.africa-press.net\/djibouti\/politique\/la-greffe-na-pas-pris-lafrique-souffre-du-modele-impose-par-loccident","title":{"rendered":"\u00ab\u00a0La greffe n\u2019a pas pris\u00a0\u00bb: l\u2019Afrique souffre du mod\u00e8le impos\u00e9 par l\u2019Occident"},"content":{"rendered":"<p><span style=\"color: #ff6600\"><strong>Africa-Press &#8211; Djibouti. <\/strong><\/span>L\u2019Occident a voulu exporter en Afrique un mode\u0300le qui n\u2019est pas adapte\u0301 a\u0300 ses re\u0301alite\u0301s, a de\u0301clare\u0301 Mamadi Doumbouya a\u0300 l&rsquo;Assemble\u0301e ge\u0301ne\u0301rale des Nations unies. Le Pre\u0301sident guine\u0301en a aussi invite\u0301 la CEDEAO a\u0300 ne plus s\u2019immiscer dans les affaires politiques et a\u0300 se recentrer sur sa mission e\u0301conomique.<\/p>\n<p>Pas une re\u0301ussite. L\u2019Afrique n\u2019a jamais pu exprimer pleinement son potentiel, car elle a e\u0301te\u0301 freine\u0301e par le mode\u0300le de gouvernance que lui a impose\u0301 l\u2019Occident, a affirme\u0301 le Pre\u0301sident de la Transition de Guine\u0301e, Mamadi Doumbouya, a\u0300 l&rsquo;Assemble\u0301e ge\u0301ne\u0301rale de l\u2019Onu.<\/p>\n<p>Le dirigeant a notamment fustige\u0301 le Sommet France-Afrique de La Baule, organise\u0301 en 1990, au cours duquel le Pre\u0301sident franc\u0327ais d\u2019alors, Franc\u0327ois Mitterrand, avait lie\u0301 le de\u0301veloppement e\u0301conomique africain a\u0300 une ne\u0301cessaire de\u0301mocratisation.<\/p>\n<p>\u00ab\u00a0L\u2019Afrique souffre d\u2019un mode\u0300le de gouvernance qui lui a e\u0301te\u0301 impose\u0301. Un mode\u0300le certes bon et efficace pour l\u2019Occident qui l\u2019a conc\u0327u au fil de son histoire, mais qui a du mal a\u0300 s\u2019adapter a\u0300 nos re\u0301alite\u0301s, a\u0300 nos coutumes, a\u0300 notre environnement. He\u0301las, la greffe n\u2019a pas pris [&#8230; ] Ce mode\u0300le de\u0301mocratique que vous nous avez si insidieusement et savamment impose\u0301 apre\u0300s le sommet de La Baule en France, ne marche pas\u00a0\u00bb, a ainsi explique\u0301 Mamadi Doumbouya a\u0300 la tribune de l\u2019Onu.<\/p>\n<p>Le responsable a encore tente\u0301 d\u2019expliquer les divers bouleversements politiques qui ont re\u0301cemment secoue\u0301 le continent. Il a souligne\u0301 que la faute en incombait avant tout aux dirigeants corrompus, pre\u0302ts a\u0300 tout pour garder les re\u0302nes du pouvoir.<\/p>\n<p>\u00ab\u00a0Le putschiste n\u2019est pas seulement celui qui prend les armes pour renverser un re\u0301gime. Les vrais putschistes, les plus nombreux, qui ne font l\u2019objet d\u2019aucune condamnation, ce sont ceux qui manigancent, qui utilisent la fourberie, qui trichent pour manipuler les textes de la Constitution afin de se maintenir e\u0301ternellement au pouvoir\u00a0\u00bb, a-t-il ainsi de\u0301clare\u0301.<\/p>\n<p>La CEDEAO doit rester a\u0300 sa place<\/p>\n<p>Mamadi Doumbouya a par ailleurs adresse\u0301 une pique a\u0300 la Communaute\u0301 e\u0301conomique des E\u0301tats de l&rsquo;Afrique de l&rsquo;Ouest (CEDEAO), qui s\u2019est implique\u0301e dans les affaires politiques du continent ces derniers temps. L\u2019organisation avait notamment lance\u0301 l\u2019ide\u0301e d\u2019une intervention militaire au Niger, suite a\u0300 la mise sur la touche du Pre\u0301sident Mohammed Bazoum.<\/p>\n<p>Des inge\u0301rences politiques qui n\u2019ont pas lieu d\u2019e\u0302tre, selon Mamadi Doumbouya, qui a appele\u0301 la CEDEAO a\u0300 se recentrer sur ses missions e\u0301conomiques et a\u0300 pro\u0302ner l\u2019apaisement.<\/p>\n<p>\u00ab\u00a0La CEDEAO, dont la vocation e\u0301tait e\u0301conomique, doit cesser de se me\u0302ler de politique et privile\u0301gier le dialogue\u00a0\u00bb, a-t-il ainsi de\u0301clare\u0301 a\u0300 la tribune de l\u2019Onu.<\/p>\n<p>Le dirigeant guine\u0301en a enfin souligne\u0301 que la jeunesse africaine n\u2019avait pas connu les anne\u0301es de Guerre froide et qu\u2019elle e\u0301tait de\u0301sormais \u00ab\u00a0totalement de\u0301complexe\u0301e\u00a0\u00bb et souhaitait \u00ab\u00a0prendre son destin en main\u00a0\u00bb.<\/p>\n<p><strong>Pour plus d&rsquo;informations et d&rsquo;analyses sur la <a href=\"https:\/\/www.africa-press.net\/djibouti\">Djibouti<\/a>, suivez <a href=\"https:\/\/www.africa-press.net\/\">Africa-Press<\/a><\/strong><\/p>\n","protected":false},"excerpt":{"rendered":"<p>Africa-Press &#8211; Djibouti. L\u2019Occident a voulu exporter en Afrique un mode\u0300le qui n\u2019est pas adapte\u0301 a\u0300 ses re\u0301alite\u0301s, a de\u0301clare\u0301 Mamadi Doumbouya a\u0300 l&rsquo;Assemble\u0301e ge\u0301ne\u0301rale des Nations unies. Le Pre\u0301sident guine\u0301en a aussi invite\u0301 la CEDEAO a\u0300 ne plus s\u2019immiscer dans les affaires politiques et a\u0300 se recentrer sur sa mission e\u0301conomique. Pas une re\u0301ussite. [&hellip;]<\/p>\n","protected":false},"author":82,"featured_media":18249,"comment_status":"open","ping_status":"closed","sticky":false,"template":"","format":"standard","meta":{"footnotes":""},"categories":[2,10],"tags":[36,49,50],"class_list":["post-18250","post","type-post","status-publish","format-standard","has-post-thumbnail","hentry","category-politique","category-toutes-les-actualites","tag-africa-press","tag-africa-press-djibouti","tag-djibouti"],"yoast_head":"<!-- This site is optimized with the Yoast SEO Premium plugin v26.1 (Yoast SEO v27.0) - https:\/\/yoast.com\/product\/yoast-seo-premium-wordpress\/ -->\n<title>&quot;La greffe n\u2019a pas pris&quot;: l\u2019Afrique souffre du mod\u00e8le impos\u00e9 par l\u2019Occident - Djibouti<\/title>\n<meta name=\"description\" content=\"L\u2019Occident a voulu exporter en Afrique un mode\u0300le qui n\u2019est pas adapte\u0301 a\u0300 ses re\u0301alite\u0301s, a de\u0301clare\u0301 Mamadi Doumbouya ...\" \/>\n<meta name=\"robots\" content=\"index, follow, max-snippet:-1, max-image-preview:large, max-video-preview:-1\" \/>\n<link rel=\"canonical\" href=\"https:\/\/www.africa-press.net\/djibouti\/politique\/la-greffe-na-pas-pris-lafrique-souffre-du-modele-impose-par-loccident\" \/>\n<meta property=\"og:locale\" content=\"fr_FR\" \/>\n<meta property=\"og:type\" content=\"article\" \/>\n<meta property=\"og:title\" content=\"&quot;La greffe n\u2019a pas pris&quot;: l\u2019Afrique souffre du mod\u00e8le impos\u00e9 par l\u2019Occident\" \/>\n<meta property=\"og:description\" content=\"L\u2019Occident a voulu exporter en Afrique un mode\u0300le qui n\u2019est pas adapte\u0301 a\u0300 ses re\u0301alite\u0301s, a de\u0301clare\u0301 Mamadi Doumbouya ...\" \/>\n<meta property=\"og:url\" content=\"https:\/\/www.africa-press.net\/djibouti\/politique\/la-greffe-na-pas-pris-lafrique-souffre-du-modele-impose-par-loccident\" \/>\n<meta property=\"og:site_name\" content=\"Djibouti\" \/>\n<meta property=\"article:published_time\" content=\"2023-09-23T11:49:47+00:00\" \/>\n<meta property=\"article:modified_time\" content=\"2023-09-23T12:02:37+00:00\" \/>\n<meta property=\"og:image\" content=\"https:\/\/static.africa-press.net\/djibouti\/sites\/52\/2023\/09\/sm_1695457889.710676.jpg\" \/>\n\t<meta property=\"og:image:width\" content=\"1324\" \/>\n\t<meta property=\"og:image:height\" content=\"900\" \/>\n\t<meta property=\"og:image:type\" content=\"image\/jpeg\" \/>\n<meta name=\"author\" content=\"cfeditorfr\" \/>\n<meta name=\"twitter:card\" content=\"summary_large_image\" \/>\n<meta name=\"twitter:label1\" content=\"\u00c9crit par\" \/>\n\t<meta name=\"twitter:data1\" content=\"cfeditorfr\" \/>\n\t<meta name=\"twitter:label2\" content=\"Dur\u00e9e de lecture estim\u00e9e\" \/>\n\t<meta name=\"twitter:data2\" content=\"3 minutes\" \/>\n<script type=\"application\/ld+json\" class=\"yoast-schema-graph\">{\"@context\":\"https:\/\/schema.org\",\"@graph\":[{\"@type\":\"Article\",\"@id\":\"https:\/\/www.africa-press.net\/djibouti\/politique\/la-greffe-na-pas-pris-lafrique-souffre-du-modele-impose-par-loccident#article\",\"isPartOf\":{\"@id\":\"https:\/\/www.africa-press.net\/djibouti\/politique\/la-greffe-na-pas-pris-lafrique-souffre-du-modele-impose-par-loccident\"},\"author\":{\"name\":\"cfeditorfr\",\"@id\":\"https:\/\/www.africa-press.net\/djibouti\/#\/schema\/person\/2b1cf3cd81a31e3cd26889ca66d677f1\"},\"headline\":\"\u00ab\u00a0La greffe n\u2019a pas pris\u00a0\u00bb: l\u2019Afrique souffre du mod\u00e8le impos\u00e9 par l\u2019Occident\",\"datePublished\":\"2023-09-23T11:49:47+00:00\",\"dateModified\":\"2023-09-23T12:02:37+00:00\",\"mainEntityOfPage\":{\"@id\":\"https:\/\/www.africa-press.net\/djibouti\/politique\/la-greffe-na-pas-pris-lafrique-souffre-du-modele-impose-par-loccident\"},\"wordCount\":566,\"commentCount\":0,\"image\":{\"@id\":\"https:\/\/www.africa-press.net\/djibouti\/politique\/la-greffe-na-pas-pris-lafrique-souffre-du-modele-impose-par-loccident#primaryimage\"},\"thumbnailUrl\":\"https:\/\/static.africa-press.net\/djibouti\/sites\/52\/2023\/09\/sm_1695457889.710676.jpg\",\"keywords\":[\"Africa Press\",\"Africa Press-Djibouti\",\"Djibouti\"],\"articleSection\":[\"Politique\",\"Toutes les actualit\u00e9s\"],\"inLanguage\":\"fr-FR\",\"potentialAction\":[{\"@type\":\"CommentAction\",\"name\":\"Comment\",\"target\":[\"https:\/\/www.africa-press.net\/djibouti\/politique\/la-greffe-na-pas-pris-lafrique-souffre-du-modele-impose-par-loccident#respond\"]}]},{\"@type\":\"WebPage\",\"@id\":\"https:\/\/www.africa-press.net\/djibouti\/politique\/la-greffe-na-pas-pris-lafrique-souffre-du-modele-impose-par-loccident\",\"url\":\"https:\/\/www.africa-press.net\/djibouti\/politique\/la-greffe-na-pas-pris-lafrique-souffre-du-modele-impose-par-loccident\",\"name\":\"\\\"La greffe n\u2019a pas pris\\\": l\u2019Afrique souffre du mod\u00e8le impos\u00e9 par l\u2019Occident - Djibouti\",\"isPartOf\":{\"@id\":\"https:\/\/www.africa-press.net\/djibouti\/#website\"},\"primaryImageOfPage\":{\"@id\":\"https:\/\/www.africa-press.net\/djibouti\/politique\/la-greffe-na-pas-pris-lafrique-souffre-du-modele-impose-par-loccident#primaryimage\"},\"image\":{\"@id\":\"https:\/\/www.africa-press.net\/djibouti\/politique\/la-greffe-na-pas-pris-lafrique-souffre-du-modele-impose-par-loccident#primaryimage\"},\"thumbnailUrl\":\"https:\/\/static.africa-press.net\/djibouti\/sites\/52\/2023\/09\/sm_1695457889.710676.jpg\",\"datePublished\":\"2023-09-23T11:49:47+00:00\",\"dateModified\":\"2023-09-23T12:02:37+00:00\",\"author\":{\"@id\":\"https:\/\/www.africa-press.net\/djibouti\/#\/schema\/person\/2b1cf3cd81a31e3cd26889ca66d677f1\"},\"description\":\"L\u2019Occident a voulu exporter en Afrique un mode\u0300le qui n\u2019est pas adapte\u0301 a\u0300 ses re\u0301alite\u0301s, a de\u0301clare\u0301 Mamadi Doumbouya ...\",\"breadcrumb\":{\"@id\":\"https:\/\/www.africa-press.net\/djibouti\/politique\/la-greffe-na-pas-pris-lafrique-souffre-du-modele-impose-par-loccident#breadcrumb\"},\"inLanguage\":\"fr-FR\",\"potentialAction\":[{\"@type\":\"ReadAction\",\"target\":[\"https:\/\/www.africa-press.net\/djibouti\/politique\/la-greffe-na-pas-pris-lafrique-souffre-du-modele-impose-par-loccident\"]}]},{\"@type\":\"ImageObject\",\"inLanguage\":\"fr-FR\",\"@id\":\"https:\/\/www.africa-press.net\/djibouti\/politique\/la-greffe-na-pas-pris-lafrique-souffre-du-modele-impose-par-loccident#primaryimage\",\"url\":\"https:\/\/static.africa-press.net\/djibouti\/sites\/52\/2023\/09\/sm_1695457889.710676.jpg\",\"contentUrl\":\"https:\/\/static.africa-press.net\/djibouti\/sites\/52\/2023\/09\/sm_1695457889.710676.jpg\",\"width\":1324,\"height\":900,\"caption\":\"\\\"La greffe n\u2019a pas pris\\\": l\u2019Afrique souffre du mod\u00e8le impos\u00e9 par l\u2019Occident\"},{\"@type\":\"BreadcrumbList\",\"@id\":\"https:\/\/www.africa-press.net\/djibouti\/politique\/la-greffe-na-pas-pris-lafrique-souffre-du-modele-impose-par-loccident#breadcrumb\",\"itemListElement\":[{\"@type\":\"ListItem\",\"position\":1,\"name\":\"Accueil\",\"item\":\"https:\/\/www.africa-press.net\/djibouti\/\"},{\"@type\":\"ListItem\",\"position\":2,\"name\":\"&#8220;La greffe n\u2019a pas pris&#8221;: l\u2019Afrique souffre du mod\u00e8le impos\u00e9 par l\u2019Occident\"}]},{\"@type\":\"WebSite\",\"@id\":\"https:\/\/www.africa-press.net\/djibouti\/#website\",\"url\":\"https:\/\/www.africa-press.net\/djibouti\/\",\"name\":\"Djibouti\",\"description\":\"Just another Africa News Agency Sites site\",\"potentialAction\":[{\"@type\":\"SearchAction\",\"target\":{\"@type\":\"EntryPoint\",\"urlTemplate\":\"https:\/\/www.africa-press.net\/djibouti\/?s={search_term_string}\"},\"query-input\":{\"@type\":\"PropertyValueSpecification\",\"valueRequired\":true,\"valueName\":\"search_term_string\"}}],\"inLanguage\":\"fr-FR\"},{\"@type\":\"Person\",\"@id\":\"https:\/\/www.africa-press.net\/djibouti\/#\/schema\/person\/2b1cf3cd81a31e3cd26889ca66d677f1\",\"name\":\"cfeditorfr\"}]}<\/script>\n<!-- \/ Yoast SEO Premium plugin. -->","yoast_head_json":{"title":"\"La greffe n\u2019a pas pris\": l\u2019Afrique souffre du mod\u00e8le impos\u00e9 par l\u2019Occident - Djibouti","description":"L\u2019Occident a voulu exporter en Afrique un mode\u0300le qui n\u2019est pas adapte\u0301 a\u0300 ses re\u0301alite\u0301s, a de\u0301clare\u0301 Mamadi Doumbouya ...","robots":{"index":"index","follow":"follow","max-snippet":"max-snippet:-1","max-image-preview":"max-image-preview:large","max-video-preview":"max-video-preview:-1"},"canonical":"https:\/\/www.africa-press.net\/djibouti\/politique\/la-greffe-na-pas-pris-lafrique-souffre-du-modele-impose-par-loccident","og_locale":"fr_FR","og_type":"article","og_title":"\"La greffe n\u2019a pas pris\": l\u2019Afrique souffre du mod\u00e8le impos\u00e9 par l\u2019Occident","og_description":"L\u2019Occident a voulu exporter en Afrique un mode\u0300le qui n\u2019est pas adapte\u0301 a\u0300 ses re\u0301alite\u0301s, a de\u0301clare\u0301 Mamadi Doumbouya ...","og_url":"https:\/\/www.africa-press.net\/djibouti\/politique\/la-greffe-na-pas-pris-lafrique-souffre-du-modele-impose-par-loccident","og_site_name":"Djibouti","article_published_time":"2023-09-23T11:49:47+00:00","article_modified_time":"2023-09-23T12:02:37+00:00","og_image":[{"width":1324,"height":900,"url":"https:\/\/static.africa-press.net\/djibouti\/sites\/52\/2023\/09\/sm_1695457889.710676.jpg","type":"image\/jpeg"}],"author":"cfeditorfr","twitter_card":"summary_large_image","twitter_misc":{"\u00c9crit par":"cfeditorfr","Dur\u00e9e de lecture estim\u00e9e":"3 minutes"},"schema":{"@context":"https:\/\/schema.org","@graph":[{"@type":"Article","@id":"https:\/\/www.africa-press.net\/djibouti\/politique\/la-greffe-na-pas-pris-lafrique-souffre-du-modele-impose-par-loccident#article","isPartOf":{"@id":"https:\/\/www.africa-press.net\/djibouti\/politique\/la-greffe-na-pas-pris-lafrique-souffre-du-modele-impose-par-loccident"},"author":{"name":"cfeditorfr","@id":"https:\/\/www.africa-press.net\/djibouti\/#\/schema\/person\/2b1cf3cd81a31e3cd26889ca66d677f1"},"headline":"\u00ab\u00a0La greffe n\u2019a pas pris\u00a0\u00bb: l\u2019Afrique souffre du mod\u00e8le impos\u00e9 par l\u2019Occident","datePublished":"2023-09-23T11:49:47+00:00","dateModified":"2023-09-23T12:02:37+00:00","mainEntityOfPage":{"@id":"https:\/\/www.africa-press.net\/djibouti\/politique\/la-greffe-na-pas-pris-lafrique-souffre-du-modele-impose-par-loccident"},"wordCount":566,"commentCount":0,"image":{"@id":"https:\/\/www.africa-press.net\/djibouti\/politique\/la-greffe-na-pas-pris-lafrique-souffre-du-modele-impose-par-loccident#primaryimage"},"thumbnailUrl":"https:\/\/static.africa-press.net\/djibouti\/sites\/52\/2023\/09\/sm_1695457889.710676.jpg","keywords":["Africa Press","Africa Press-Djibouti","Djibouti"],"articleSection":["Politique","Toutes les actualit\u00e9s"],"inLanguage":"fr-FR","potentialAction":[{"@type":"CommentAction","name":"Comment","target":["https:\/\/www.africa-press.net\/djibouti\/politique\/la-greffe-na-pas-pris-lafrique-souffre-du-modele-impose-par-loccident#respond"]}]},{"@type":"WebPage","@id":"https:\/\/www.africa-press.net\/djibouti\/politique\/la-greffe-na-pas-pris-lafrique-souffre-du-modele-impose-par-loccident","url":"https:\/\/www.africa-press.net\/djibouti\/politique\/la-greffe-na-pas-pris-lafrique-souffre-du-modele-impose-par-loccident","name":"\"La greffe n\u2019a pas pris\": l\u2019Afrique souffre du mod\u00e8le impos\u00e9 par l\u2019Occident - Djibouti","isPartOf":{"@id":"https:\/\/www.africa-press.net\/djibouti\/#website"},"primaryImageOfPage":{"@id":"https:\/\/www.africa-press.net\/djibouti\/politique\/la-greffe-na-pas-pris-lafrique-souffre-du-modele-impose-par-loccident#primaryimage"},"image":{"@id":"https:\/\/www.africa-press.net\/djibouti\/politique\/la-greffe-na-pas-pris-lafrique-souffre-du-modele-impose-par-loccident#primaryimage"},"thumbnailUrl":"https:\/\/static.africa-press.net\/djibouti\/sites\/52\/2023\/09\/sm_1695457889.710676.jpg","datePublished":"2023-09-23T11:49:47+00:00","dateModified":"2023-09-23T12:02:37+00:00","author":{"@id":"https:\/\/www.africa-press.net\/djibouti\/#\/schema\/person\/2b1cf3cd81a31e3cd26889ca66d677f1"},"description":"L\u2019Occident a voulu exporter en Afrique un mode\u0300le qui n\u2019est pas adapte\u0301 a\u0300 ses re\u0301alite\u0301s, a de\u0301clare\u0301 Mamadi Doumbouya ...","breadcrumb":{"@id":"https:\/\/www.africa-press.net\/djibouti\/politique\/la-greffe-na-pas-pris-lafrique-souffre-du-modele-impose-par-loccident#breadcrumb"},"inLanguage":"fr-FR","potentialAction":[{"@type":"ReadAction","target":["https:\/\/www.africa-press.net\/djibouti\/politique\/la-greffe-na-pas-pris-lafrique-souffre-du-modele-impose-par-loccident"]}]},{"@type":"ImageObject","inLanguage":"fr-FR","@id":"https:\/\/www.africa-press.net\/djibouti\/politique\/la-greffe-na-pas-pris-lafrique-souffre-du-modele-impose-par-loccident#primaryimage","url":"https:\/\/static.africa-press.net\/djibouti\/sites\/52\/2023\/09\/sm_1695457889.710676.jpg","contentUrl":"https:\/\/static.africa-press.net\/djibouti\/sites\/52\/2023\/09\/sm_1695457889.710676.jpg","width":1324,"height":900,"caption":"\"La greffe n\u2019a pas pris\": l\u2019Afrique souffre du mod\u00e8le impos\u00e9 par l\u2019Occident"},{"@type":"BreadcrumbList","@id":"https:\/\/www.africa-press.net\/djibouti\/politique\/la-greffe-na-pas-pris-lafrique-souffre-du-modele-impose-par-loccident#breadcrumb","itemListElement":[{"@type":"ListItem","position":1,"name":"Accueil","item":"https:\/\/www.africa-press.net\/djibouti\/"},{"@type":"ListItem","position":2,"name":"&#8220;La greffe n\u2019a pas pris&#8221;: l\u2019Afrique souffre du mod\u00e8le impos\u00e9 par l\u2019Occident"}]},{"@type":"WebSite","@id":"https:\/\/www.africa-press.net\/djibouti\/#website","url":"https:\/\/www.africa-press.net\/djibouti\/","name":"Djibouti","description":"Just another Africa News Agency Sites site","potentialAction":[{"@type":"SearchAction","target":{"@type":"EntryPoint","urlTemplate":"https:\/\/www.africa-press.net\/djibouti\/?s={search_term_string}"},"query-input":{"@type":"PropertyValueSpecification","valueRequired":true,"valueName":"search_term_string"}}],"inLanguage":"fr-FR"},{"@type":"Person","@id":"https:\/\/www.africa-press.net\/djibouti\/#\/schema\/person\/2b1cf3cd81a31e3cd26889ca66d677f1","name":"cfeditorfr"}]}},"_links":{"self":[{"href":"https:\/\/www.africa-press.net\/djibouti\/wp-json\/wp\/v2\/posts\/18250","targetHints":{"allow":["GET"]}}],"collection":[{"href":"https:\/\/www.africa-press.net\/djibouti\/wp-json\/wp\/v2\/posts"}],"about":[{"href":"https:\/\/www.africa-press.net\/djibouti\/wp-json\/wp\/v2\/types\/post"}],"author":[{"embeddable":true,"href":"https:\/\/www.africa-press.net\/djibouti\/wp-json\/wp\/v2\/users\/82"}],"replies":[{"embeddable":true,"href":"https:\/\/www.africa-press.net\/djibouti\/wp-json\/wp\/v2\/comments?post=18250"}],"version-history":[{"count":0,"href":"https:\/\/www.africa-press.net\/djibouti\/wp-json\/wp\/v2\/posts\/18250\/revisions"}],"wp:featuredmedia":[{"embeddable":true,"href":"https:\/\/www.africa-press.net\/djibouti\/wp-json\/wp\/v2\/media\/18249"}],"wp:attachment":[{"href":"https:\/\/www.africa-press.net\/djibouti\/wp-json\/wp\/v2\/media?parent=18250"}],"wp:term":[{"taxonomy":"category","embeddable":true,"href":"https:\/\/www.africa-press.net\/djibouti\/wp-json\/wp\/v2\/categories?post=18250"},{"taxonomy":"post_tag","embeddable":true,"href":"https:\/\/www.africa-press.net\/djibouti\/wp-json\/wp\/v2\/tags?post=18250"}],"curies":[{"name":"wp","href":"https:\/\/api.w.org\/{rel}","templated":true}]}}