{"id":18305,"date":"2023-09-24T16:50:26","date_gmt":"2023-09-24T16:50:26","guid":{"rendered":"https:\/\/www.africa-press.net\/djibouti\/politique\/djibouti-participe-a-la-6e-edition-de-la-mediterranee-du-futur-sur-les-ressources-en-eau"},"modified":"2023-09-24T17:18:59","modified_gmt":"2023-09-24T17:18:59","slug":"djibouti-participe-a-la-6e-edition-de-la-mediterranee-du-futur-sur-les-ressources-en-eau","status":"publish","type":"post","link":"https:\/\/www.africa-press.net\/djibouti\/economie\/djibouti-participe-a-la-6e-edition-de-la-mediterranee-du-futur-sur-les-ressources-en-eau","title":{"rendered":"Djibouti participe \u00e0 la 6e \u00e9dition de la M\u00e9diterran\u00e9e du Futur sur les ressources en eau"},"content":{"rendered":"<p><span style=\"color: #ff6600\"><strong>Africa-Press &#8211; Djibouti. <\/strong><\/span>Dans un contexte d\u2019un de\u0301re\u0300glement climatique qui s\u2019installe durablement, Marseille, la capitale de la re\u0301gion sud a abrite\u0301 le 21 et 22 septembre 2023, une rencontre mondiale de l\u2019adaptation au de\u0301re\u0300glement climatique.<\/p>\n<p>En effet, la proble\u0301matique de l\u2019eau a re\u0301uni des repre\u0301sentants des pays et des territoires de coope\u0301ration avec la re\u0301gion sud.<\/p>\n<p>La Re\u0301publique de Djibouti repre\u0301sente\u0301e par une de\u0301le\u0301gation conduite par le ministre de l\u2019Enseignement Supe\u0301rieur et de la Recherche, Dr. Nabil Mohamed Ahmed a partage\u0301 son expe\u0301rience en matie\u0300re de diversification de production de ressources en eau en soulignant la ne\u0301cessite\u0301 absolue d\u2019e\u0301conomie, de rationalisation et d\u2019innovation dans un contexte de stress hydrique mondial.<\/p>\n<p>En marge de ce rendez-vous, la de\u0301le\u0301gation djiboutienne s\u2019est entretenue avec le pre\u0301sident de la re\u0301gion sud, M. Renaud Muselier, sur l\u2019avancement des projets de coope\u0301ration portant essentiellement sur trois axes majeurs( la recherche et l\u2019environnement, le capital humain et enfin les volets e\u0301conomiques).<\/p>\n<p>Au menu des discussions e\u0301galement, la possibilite\u0301 de rechercher de financements conse\u0301quents au-dela\u0300 de la re\u0301gion pour de projets innovants re\u0301pondant a\u0300 des proble\u0301matiques similaires sur l\u2019adaptation au changement climatique.<\/p>\n<p>Dans un contexte d\u2019un de\u0301re\u0300glement climatique qui s\u2019installe durablement, Marseille, la capitale de la re\u0301gion sud a abrite\u0301 le 21 et 22 septembre 2023, une rencontre mondiale de l\u2019adaptation au de\u0301re\u0300glement climatique.<\/p>\n<p>En effet, la proble\u0301matique de l\u2019eau a re\u0301uni des repre\u0301sentants des pays et des territoires de coope\u0301ration avec la re\u0301gion sud.<\/p>\n<p>La Re\u0301publique de Djibouti repre\u0301sente\u0301e par une de\u0301le\u0301gation conduite par le ministre de l\u2019Enseignement Supe\u0301rieur et de la Recherche, Dr. Nabil Mohamed Ahmed a partage\u0301 son expe\u0301rience en matie\u0300re de diversification de production de ressources en eau en soulignant la ne\u0301cessite\u0301 absolue d\u2019e\u0301conomie, de rationalisation et d\u2019innovation dans un contexte de stress hydrique mondial.<\/p>\n<p>En marge de ce rendez-vous, la de\u0301le\u0301gation djiboutienne s\u2019est entretenue avec le pre\u0301sident de la re\u0301gion sud, M. Renaud Muselier, sur l\u2019avancement des projets de coope\u0301ration portant essentiellement sur trois axes majeurs( la recherche et l\u2019environnement, le capital humain et enfin les volets e\u0301conomiques).<\/p>\n<p>Au menu des discussions e\u0301galement, la possibilite\u0301 de rechercher de financements conse\u0301quents au-dela\u0300 de la re\u0301gion pour de projets innovants re\u0301pondant a\u0300 des proble\u0301matiques similaires sur l\u2019adaptation au changement climatique.<\/p>\n<p><strong>Pour plus d&rsquo;informations et d&rsquo;analyses sur la <a href=\"https:\/\/www.africa-press.net\/djibouti\">Djibouti<\/a>, suivez <a href=\"https:\/\/www.africa-press.net\/\">Africa-Press<\/a><\/strong><\/p>\n","protected":false},"excerpt":{"rendered":"<p>Africa-Press &#8211; Djibouti. Dans un contexte d\u2019un de\u0301re\u0300glement climatique qui s\u2019installe durablement, Marseille, la capitale de la re\u0301gion sud a abrite\u0301 le 21 et 22 septembre 2023, une rencontre mondiale de l\u2019adaptation au de\u0301re\u0300glement climatique. En effet, la proble\u0301matique de l\u2019eau a re\u0301uni des repre\u0301sentants des pays et des territoires de coope\u0301ration avec la re\u0301gion [&hellip;]<\/p>\n","protected":false},"author":82,"featured_media":18304,"comment_status":"open","ping_status":"closed","sticky":false,"template":"","format":"standard","meta":{"footnotes":""},"categories":[3,20,10],"tags":[36,49,50],"class_list":["post-18305","post","type-post","status-publish","format-standard","has-post-thumbnail","hentry","category-economie","category-top-nouvelles","category-toutes-les-actualites","tag-africa-press","tag-africa-press-djibouti","tag-djibouti"],"yoast_head":"<!-- This site is optimized with the Yoast SEO Premium plugin v26.1 (Yoast SEO v27.0) - https:\/\/yoast.com\/product\/yoast-seo-premium-wordpress\/ -->\n<title>Djibouti participe \u00e0 la 6e \u00e9dition de la M\u00e9diterran\u00e9e du Futur sur les ressources en eau - Djibouti<\/title>\n<meta name=\"description\" content=\"Dans un contexte d\u2019un de\u0301re\u0300glement climatique qui s\u2019installe durablement, Marseille, la capitale de la re\u0301gion sud a ab ...\" \/>\n<meta name=\"robots\" content=\"index, follow, max-snippet:-1, max-image-preview:large, max-video-preview:-1\" \/>\n<link rel=\"canonical\" href=\"https:\/\/www.africa-press.net\/djibouti\/economie\/djibouti-participe-a-la-6e-edition-de-la-mediterranee-du-futur-sur-les-ressources-en-eau\" \/>\n<meta property=\"og:locale\" content=\"fr_FR\" \/>\n<meta property=\"og:type\" content=\"article\" \/>\n<meta property=\"og:title\" content=\"Djibouti participe \u00e0 la 6e \u00e9dition de la M\u00e9diterran\u00e9e du Futur sur les ressources en eau\" \/>\n<meta property=\"og:description\" content=\"Dans un contexte d\u2019un de\u0301re\u0300glement climatique qui s\u2019installe durablement, Marseille, la capitale de la re\u0301gion sud a ab ...\" \/>\n<meta property=\"og:url\" content=\"https:\/\/www.africa-press.net\/djibouti\/economie\/djibouti-participe-a-la-6e-edition-de-la-mediterranee-du-futur-sur-les-ressources-en-eau\" \/>\n<meta property=\"og:site_name\" content=\"Djibouti\" \/>\n<meta property=\"article:published_time\" content=\"2023-09-24T16:50:26+00:00\" \/>\n<meta property=\"article:modified_time\" content=\"2023-09-24T17:18:59+00:00\" \/>\n<meta property=\"og:image\" content=\"https:\/\/static.africa-press.net\/djibouti\/sites\/52\/2023\/09\/sm_1695563309.02678.jpg\" \/>\n\t<meta property=\"og:image:width\" content=\"1024\" \/>\n\t<meta property=\"og:image:height\" content=\"768\" \/>\n\t<meta property=\"og:image:type\" content=\"image\/jpeg\" \/>\n<meta name=\"author\" content=\"cfeditorfr\" \/>\n<meta name=\"twitter:card\" content=\"summary_large_image\" \/>\n<meta name=\"twitter:label1\" content=\"\u00c9crit par\" \/>\n\t<meta name=\"twitter:data1\" content=\"cfeditorfr\" \/>\n\t<meta name=\"twitter:label2\" content=\"Dur\u00e9e de lecture estim\u00e9e\" \/>\n\t<meta name=\"twitter:data2\" content=\"2 minutes\" \/>\n<script type=\"application\/ld+json\" class=\"yoast-schema-graph\">{\"@context\":\"https:\/\/schema.org\",\"@graph\":[{\"@type\":\"Article\",\"@id\":\"https:\/\/www.africa-press.net\/djibouti\/economie\/djibouti-participe-a-la-6e-edition-de-la-mediterranee-du-futur-sur-les-ressources-en-eau#article\",\"isPartOf\":{\"@id\":\"https:\/\/www.africa-press.net\/djibouti\/economie\/djibouti-participe-a-la-6e-edition-de-la-mediterranee-du-futur-sur-les-ressources-en-eau\"},\"author\":{\"name\":\"cfeditorfr\",\"@id\":\"https:\/\/www.africa-press.net\/djibouti\/#\/schema\/person\/2b1cf3cd81a31e3cd26889ca66d677f1\"},\"headline\":\"Djibouti participe \u00e0 la 6e \u00e9dition de la M\u00e9diterran\u00e9e du Futur sur les ressources en eau\",\"datePublished\":\"2023-09-24T16:50:26+00:00\",\"dateModified\":\"2023-09-24T17:18:59+00:00\",\"mainEntityOfPage\":{\"@id\":\"https:\/\/www.africa-press.net\/djibouti\/economie\/djibouti-participe-a-la-6e-edition-de-la-mediterranee-du-futur-sur-les-ressources-en-eau\"},\"wordCount\":472,\"commentCount\":0,\"image\":{\"@id\":\"https:\/\/www.africa-press.net\/djibouti\/economie\/djibouti-participe-a-la-6e-edition-de-la-mediterranee-du-futur-sur-les-ressources-en-eau#primaryimage\"},\"thumbnailUrl\":\"https:\/\/static.africa-press.net\/djibouti\/sites\/52\/2023\/09\/sm_1695563309.02678.jpg\",\"keywords\":[\"Africa Press\",\"Africa Press-Djibouti\",\"Djibouti\"],\"articleSection\":[\"\u00c9conomie\",\"Top Nouvelles\",\"Toutes les actualit\u00e9s\"],\"inLanguage\":\"fr-FR\",\"potentialAction\":[{\"@type\":\"CommentAction\",\"name\":\"Comment\",\"target\":[\"https:\/\/www.africa-press.net\/djibouti\/economie\/djibouti-participe-a-la-6e-edition-de-la-mediterranee-du-futur-sur-les-ressources-en-eau#respond\"]}]},{\"@type\":\"WebPage\",\"@id\":\"https:\/\/www.africa-press.net\/djibouti\/economie\/djibouti-participe-a-la-6e-edition-de-la-mediterranee-du-futur-sur-les-ressources-en-eau\",\"url\":\"https:\/\/www.africa-press.net\/djibouti\/economie\/djibouti-participe-a-la-6e-edition-de-la-mediterranee-du-futur-sur-les-ressources-en-eau\",\"name\":\"Djibouti participe \u00e0 la 6e \u00e9dition de la M\u00e9diterran\u00e9e du Futur sur les ressources en eau - Djibouti\",\"isPartOf\":{\"@id\":\"https:\/\/www.africa-press.net\/djibouti\/#website\"},\"primaryImageOfPage\":{\"@id\":\"https:\/\/www.africa-press.net\/djibouti\/economie\/djibouti-participe-a-la-6e-edition-de-la-mediterranee-du-futur-sur-les-ressources-en-eau#primaryimage\"},\"image\":{\"@id\":\"https:\/\/www.africa-press.net\/djibouti\/economie\/djibouti-participe-a-la-6e-edition-de-la-mediterranee-du-futur-sur-les-ressources-en-eau#primaryimage\"},\"thumbnailUrl\":\"https:\/\/static.africa-press.net\/djibouti\/sites\/52\/2023\/09\/sm_1695563309.02678.jpg\",\"datePublished\":\"2023-09-24T16:50:26+00:00\",\"dateModified\":\"2023-09-24T17:18:59+00:00\",\"author\":{\"@id\":\"https:\/\/www.africa-press.net\/djibouti\/#\/schema\/person\/2b1cf3cd81a31e3cd26889ca66d677f1\"},\"description\":\"Dans un contexte d\u2019un de\u0301re\u0300glement climatique qui s\u2019installe durablement, Marseille, la capitale de la re\u0301gion sud a ab ...\",\"breadcrumb\":{\"@id\":\"https:\/\/www.africa-press.net\/djibouti\/economie\/djibouti-participe-a-la-6e-edition-de-la-mediterranee-du-futur-sur-les-ressources-en-eau#breadcrumb\"},\"inLanguage\":\"fr-FR\",\"potentialAction\":[{\"@type\":\"ReadAction\",\"target\":[\"https:\/\/www.africa-press.net\/djibouti\/economie\/djibouti-participe-a-la-6e-edition-de-la-mediterranee-du-futur-sur-les-ressources-en-eau\"]}]},{\"@type\":\"ImageObject\",\"inLanguage\":\"fr-FR\",\"@id\":\"https:\/\/www.africa-press.net\/djibouti\/economie\/djibouti-participe-a-la-6e-edition-de-la-mediterranee-du-futur-sur-les-ressources-en-eau#primaryimage\",\"url\":\"https:\/\/static.africa-press.net\/djibouti\/sites\/52\/2023\/09\/sm_1695563309.02678.jpg\",\"contentUrl\":\"https:\/\/static.africa-press.net\/djibouti\/sites\/52\/2023\/09\/sm_1695563309.02678.jpg\",\"width\":1024,\"height\":768,\"caption\":\"Djibouti participe \u00e0 la 6e \u00e9dition de la M\u00e9diterran\u00e9e du Futur sur les ressources en eau\"},{\"@type\":\"BreadcrumbList\",\"@id\":\"https:\/\/www.africa-press.net\/djibouti\/economie\/djibouti-participe-a-la-6e-edition-de-la-mediterranee-du-futur-sur-les-ressources-en-eau#breadcrumb\",\"itemListElement\":[{\"@type\":\"ListItem\",\"position\":1,\"name\":\"Accueil\",\"item\":\"https:\/\/www.africa-press.net\/djibouti\/\"},{\"@type\":\"ListItem\",\"position\":2,\"name\":\"Djibouti participe \u00e0 la 6e \u00e9dition de la M\u00e9diterran\u00e9e du Futur sur les ressources en eau\"}]},{\"@type\":\"WebSite\",\"@id\":\"https:\/\/www.africa-press.net\/djibouti\/#website\",\"url\":\"https:\/\/www.africa-press.net\/djibouti\/\",\"name\":\"Djibouti\",\"description\":\"Just another Africa News Agency Sites site\",\"potentialAction\":[{\"@type\":\"SearchAction\",\"target\":{\"@type\":\"EntryPoint\",\"urlTemplate\":\"https:\/\/www.africa-press.net\/djibouti\/?s={search_term_string}\"},\"query-input\":{\"@type\":\"PropertyValueSpecification\",\"valueRequired\":true,\"valueName\":\"search_term_string\"}}],\"inLanguage\":\"fr-FR\"},{\"@type\":\"Person\",\"@id\":\"https:\/\/www.africa-press.net\/djibouti\/#\/schema\/person\/2b1cf3cd81a31e3cd26889ca66d677f1\",\"name\":\"cfeditorfr\"}]}<\/script>\n<!-- \/ Yoast SEO Premium plugin. -->","yoast_head_json":{"title":"Djibouti participe \u00e0 la 6e \u00e9dition de la M\u00e9diterran\u00e9e du Futur sur les ressources en eau - Djibouti","description":"Dans un contexte d\u2019un de\u0301re\u0300glement climatique qui s\u2019installe durablement, Marseille, la capitale de la re\u0301gion sud a ab ...","robots":{"index":"index","follow":"follow","max-snippet":"max-snippet:-1","max-image-preview":"max-image-preview:large","max-video-preview":"max-video-preview:-1"},"canonical":"https:\/\/www.africa-press.net\/djibouti\/economie\/djibouti-participe-a-la-6e-edition-de-la-mediterranee-du-futur-sur-les-ressources-en-eau","og_locale":"fr_FR","og_type":"article","og_title":"Djibouti participe \u00e0 la 6e \u00e9dition de la M\u00e9diterran\u00e9e du Futur sur les ressources en eau","og_description":"Dans un contexte d\u2019un de\u0301re\u0300glement climatique qui s\u2019installe durablement, Marseille, la capitale de la re\u0301gion sud a ab ...","og_url":"https:\/\/www.africa-press.net\/djibouti\/economie\/djibouti-participe-a-la-6e-edition-de-la-mediterranee-du-futur-sur-les-ressources-en-eau","og_site_name":"Djibouti","article_published_time":"2023-09-24T16:50:26+00:00","article_modified_time":"2023-09-24T17:18:59+00:00","og_image":[{"width":1024,"height":768,"url":"https:\/\/static.africa-press.net\/djibouti\/sites\/52\/2023\/09\/sm_1695563309.02678.jpg","type":"image\/jpeg"}],"author":"cfeditorfr","twitter_card":"summary_large_image","twitter_misc":{"\u00c9crit par":"cfeditorfr","Dur\u00e9e de lecture estim\u00e9e":"2 minutes"},"schema":{"@context":"https:\/\/schema.org","@graph":[{"@type":"Article","@id":"https:\/\/www.africa-press.net\/djibouti\/economie\/djibouti-participe-a-la-6e-edition-de-la-mediterranee-du-futur-sur-les-ressources-en-eau#article","isPartOf":{"@id":"https:\/\/www.africa-press.net\/djibouti\/economie\/djibouti-participe-a-la-6e-edition-de-la-mediterranee-du-futur-sur-les-ressources-en-eau"},"author":{"name":"cfeditorfr","@id":"https:\/\/www.africa-press.net\/djibouti\/#\/schema\/person\/2b1cf3cd81a31e3cd26889ca66d677f1"},"headline":"Djibouti participe \u00e0 la 6e \u00e9dition de la M\u00e9diterran\u00e9e du Futur sur les ressources en eau","datePublished":"2023-09-24T16:50:26+00:00","dateModified":"2023-09-24T17:18:59+00:00","mainEntityOfPage":{"@id":"https:\/\/www.africa-press.net\/djibouti\/economie\/djibouti-participe-a-la-6e-edition-de-la-mediterranee-du-futur-sur-les-ressources-en-eau"},"wordCount":472,"commentCount":0,"image":{"@id":"https:\/\/www.africa-press.net\/djibouti\/economie\/djibouti-participe-a-la-6e-edition-de-la-mediterranee-du-futur-sur-les-ressources-en-eau#primaryimage"},"thumbnailUrl":"https:\/\/static.africa-press.net\/djibouti\/sites\/52\/2023\/09\/sm_1695563309.02678.jpg","keywords":["Africa Press","Africa Press-Djibouti","Djibouti"],"articleSection":["\u00c9conomie","Top Nouvelles","Toutes les actualit\u00e9s"],"inLanguage":"fr-FR","potentialAction":[{"@type":"CommentAction","name":"Comment","target":["https:\/\/www.africa-press.net\/djibouti\/economie\/djibouti-participe-a-la-6e-edition-de-la-mediterranee-du-futur-sur-les-ressources-en-eau#respond"]}]},{"@type":"WebPage","@id":"https:\/\/www.africa-press.net\/djibouti\/economie\/djibouti-participe-a-la-6e-edition-de-la-mediterranee-du-futur-sur-les-ressources-en-eau","url":"https:\/\/www.africa-press.net\/djibouti\/economie\/djibouti-participe-a-la-6e-edition-de-la-mediterranee-du-futur-sur-les-ressources-en-eau","name":"Djibouti participe \u00e0 la 6e \u00e9dition de la M\u00e9diterran\u00e9e du Futur sur les ressources en eau - Djibouti","isPartOf":{"@id":"https:\/\/www.africa-press.net\/djibouti\/#website"},"primaryImageOfPage":{"@id":"https:\/\/www.africa-press.net\/djibouti\/economie\/djibouti-participe-a-la-6e-edition-de-la-mediterranee-du-futur-sur-les-ressources-en-eau#primaryimage"},"image":{"@id":"https:\/\/www.africa-press.net\/djibouti\/economie\/djibouti-participe-a-la-6e-edition-de-la-mediterranee-du-futur-sur-les-ressources-en-eau#primaryimage"},"thumbnailUrl":"https:\/\/static.africa-press.net\/djibouti\/sites\/52\/2023\/09\/sm_1695563309.02678.jpg","datePublished":"2023-09-24T16:50:26+00:00","dateModified":"2023-09-24T17:18:59+00:00","author":{"@id":"https:\/\/www.africa-press.net\/djibouti\/#\/schema\/person\/2b1cf3cd81a31e3cd26889ca66d677f1"},"description":"Dans un contexte d\u2019un de\u0301re\u0300glement climatique qui s\u2019installe durablement, Marseille, la capitale de la re\u0301gion sud a ab ...","breadcrumb":{"@id":"https:\/\/www.africa-press.net\/djibouti\/economie\/djibouti-participe-a-la-6e-edition-de-la-mediterranee-du-futur-sur-les-ressources-en-eau#breadcrumb"},"inLanguage":"fr-FR","potentialAction":[{"@type":"ReadAction","target":["https:\/\/www.africa-press.net\/djibouti\/economie\/djibouti-participe-a-la-6e-edition-de-la-mediterranee-du-futur-sur-les-ressources-en-eau"]}]},{"@type":"ImageObject","inLanguage":"fr-FR","@id":"https:\/\/www.africa-press.net\/djibouti\/economie\/djibouti-participe-a-la-6e-edition-de-la-mediterranee-du-futur-sur-les-ressources-en-eau#primaryimage","url":"https:\/\/static.africa-press.net\/djibouti\/sites\/52\/2023\/09\/sm_1695563309.02678.jpg","contentUrl":"https:\/\/static.africa-press.net\/djibouti\/sites\/52\/2023\/09\/sm_1695563309.02678.jpg","width":1024,"height":768,"caption":"Djibouti participe \u00e0 la 6e \u00e9dition de la M\u00e9diterran\u00e9e du Futur sur les ressources en eau"},{"@type":"BreadcrumbList","@id":"https:\/\/www.africa-press.net\/djibouti\/economie\/djibouti-participe-a-la-6e-edition-de-la-mediterranee-du-futur-sur-les-ressources-en-eau#breadcrumb","itemListElement":[{"@type":"ListItem","position":1,"name":"Accueil","item":"https:\/\/www.africa-press.net\/djibouti\/"},{"@type":"ListItem","position":2,"name":"Djibouti participe \u00e0 la 6e \u00e9dition de la M\u00e9diterran\u00e9e du Futur sur les ressources en eau"}]},{"@type":"WebSite","@id":"https:\/\/www.africa-press.net\/djibouti\/#website","url":"https:\/\/www.africa-press.net\/djibouti\/","name":"Djibouti","description":"Just another Africa News Agency Sites site","potentialAction":[{"@type":"SearchAction","target":{"@type":"EntryPoint","urlTemplate":"https:\/\/www.africa-press.net\/djibouti\/?s={search_term_string}"},"query-input":{"@type":"PropertyValueSpecification","valueRequired":true,"valueName":"search_term_string"}}],"inLanguage":"fr-FR"},{"@type":"Person","@id":"https:\/\/www.africa-press.net\/djibouti\/#\/schema\/person\/2b1cf3cd81a31e3cd26889ca66d677f1","name":"cfeditorfr"}]}},"_links":{"self":[{"href":"https:\/\/www.africa-press.net\/djibouti\/wp-json\/wp\/v2\/posts\/18305","targetHints":{"allow":["GET"]}}],"collection":[{"href":"https:\/\/www.africa-press.net\/djibouti\/wp-json\/wp\/v2\/posts"}],"about":[{"href":"https:\/\/www.africa-press.net\/djibouti\/wp-json\/wp\/v2\/types\/post"}],"author":[{"embeddable":true,"href":"https:\/\/www.africa-press.net\/djibouti\/wp-json\/wp\/v2\/users\/82"}],"replies":[{"embeddable":true,"href":"https:\/\/www.africa-press.net\/djibouti\/wp-json\/wp\/v2\/comments?post=18305"}],"version-history":[{"count":0,"href":"https:\/\/www.africa-press.net\/djibouti\/wp-json\/wp\/v2\/posts\/18305\/revisions"}],"wp:featuredmedia":[{"embeddable":true,"href":"https:\/\/www.africa-press.net\/djibouti\/wp-json\/wp\/v2\/media\/18304"}],"wp:attachment":[{"href":"https:\/\/www.africa-press.net\/djibouti\/wp-json\/wp\/v2\/media?parent=18305"}],"wp:term":[{"taxonomy":"category","embeddable":true,"href":"https:\/\/www.africa-press.net\/djibouti\/wp-json\/wp\/v2\/categories?post=18305"},{"taxonomy":"post_tag","embeddable":true,"href":"https:\/\/www.africa-press.net\/djibouti\/wp-json\/wp\/v2\/tags?post=18305"}],"curies":[{"name":"wp","href":"https:\/\/api.w.org\/{rel}","templated":true}]}}