{"id":18310,"date":"2023-09-24T16:52:12","date_gmt":"2023-09-24T16:52:12","guid":{"rendered":"https:\/\/www.africa-press.net\/djibouti\/politique\/le-chef-de-la-diplomatie-djiboutienne-sentretient-avec-le-secretaire-general-de-lonu"},"modified":"2023-09-24T17:20:37","modified_gmt":"2023-09-24T17:20:37","slug":"le-chef-de-la-diplomatie-djiboutienne-sentretient-avec-le-secretaire-general-de-lonu","status":"publish","type":"post","link":"https:\/\/www.africa-press.net\/djibouti\/politique\/le-chef-de-la-diplomatie-djiboutienne-sentretient-avec-le-secretaire-general-de-lonu","title":{"rendered":"Le.chef de la diplomatie djiboutienne s&rsquo;entretient avec le secr\u00e9taire g\u00e9n\u00e9ral de l\u2019ONU"},"content":{"rendered":"<p><span style=\"color: #ff6600\"><strong>Africa-Press &#8211; Djibouti. <\/strong><\/span>En marge de la 78e\u0300me Assemble\u0301e ge\u0301ne\u0301rale de l\u2019ONU, le ministre des Affaires Etrange\u0300res et de la Coope\u0301ration Internationale, M Mahmoud Ali Youssouf, s\u2019est entretenu hier, samedi, avec le Secre\u0301taire Ge\u0301ne\u0301ral des Nations Unies, M. Antonio Guterres.<\/p>\n<p>Dans son message de bienvenue, le Secre\u0301taire ge\u0301ne\u0301ral a exprime\u0301 son admiration vis-a\u0300-vis de la sagesse de notre pays avec ses voisins, ainsi que pour sa contribution continue a\u0300 la promotion de la paix dans la re\u0301gion et pour son soutien a\u0300 la Mission de transition de l\u2019Union africaine en Somalie (ATMIS).<\/p>\n<p>Il a exprime\u0301 son entie\u0300re disposition a\u0300 appuyer la Re\u0301publique de Djibouti dans toutes ses de\u0301marches diplomatiques en tant que pre\u0301sident de l\u2019IGAD. Le Secre\u0301taire ge\u0301ne\u0301ral a enfin exprime\u0301 son appre\u0301ciation pour le soutien de Djibouti au projet d\u2019ope\u0301ration de sauvetage du superpe\u0301trolier SAFER (SSOP).<\/p>\n<p>De son co\u0302te\u0301, le ministre a te\u0301moigne\u0301 le soutien de la Re\u0301publique Djibouti a\u0300 l\u2019ONU, par ses actions de plaidoyer incessants pour une paix durable mais aussi a\u0300 la re\u0301alisation des Objectifs de De\u0301veloppement Durables. Il a salue\u0301 l\u2019excellente coope\u0301ration entre les deux parties, en particulier l\u2019ope\u0301ration de sauvetage du superpe\u0301trolier Safer qui a e\u0301vite\u0301 une catastrophe environnementale au large des cotes du Ye\u0301men.<\/p>\n<p>En marge de la 78e\u0300me Assemble\u0301e ge\u0301ne\u0301rale de l\u2019ONU, le ministre des Affaires Etrange\u0300res et de la Coope\u0301ration Internationale, M Mahmoud Ali Youssouf, s\u2019est entretenu hier, samedi, avec le Secre\u0301taire Ge\u0301ne\u0301ral des Nations Unies, M. Antonio Guterres.<\/p>\n<p>Dans son message de bienvenue, le Secre\u0301taire ge\u0301ne\u0301ral a exprime\u0301 son admiration vis-a\u0300-vis de la sagesse de notre pays avec ses voisins, ainsi que pour sa contribution continue a\u0300 la promotion de la paix dans la re\u0301gion et pour son soutien a\u0300 la Mission de transition de l\u2019Union africaine en Somalie (ATMIS).<\/p>\n<p>Il a exprime\u0301 son entie\u0300re disposition a\u0300 appuyer la Re\u0301publique de Djibouti dans toutes ses de\u0301marches diplomatiques en tant que pre\u0301sident de l\u2019IGAD. Le Secre\u0301taire ge\u0301ne\u0301ral a enfin exprime\u0301 son appre\u0301ciation pour le soutien de Djibouti au projet d\u2019ope\u0301ration de sauvetage du superpe\u0301trolier SAFER (SSOP).<\/p>\n<p>De son co\u0302te\u0301, le ministre a te\u0301moigne\u0301 le soutien de la Re\u0301publique Djibouti a\u0300 l\u2019ONU, par ses actions de plaidoyer incessants pour une paix durable mais aussi a\u0300 la re\u0301alisation des Objectifs de De\u0301veloppement Durables. Il a salue\u0301 l\u2019excellente coope\u0301ration entre les deux parties, en particulier l\u2019ope\u0301ration de sauvetage du superpe\u0301trolier Safer qui a e\u0301vite\u0301 une catastrophe environnementale au large des cotes du Ye\u0301men.<\/p>\n<p><strong>Pour plus d&rsquo;informations et d&rsquo;analyses sur la <a href=\"https:\/\/www.africa-press.net\/djibouti\">Djibouti<\/a>, suivez <a href=\"https:\/\/www.africa-press.net\/\">Africa-Press<\/a><\/strong><\/p>\n","protected":false},"excerpt":{"rendered":"<p>Africa-Press &#8211; Djibouti. En marge de la 78e\u0300me Assemble\u0301e ge\u0301ne\u0301rale de l\u2019ONU, le ministre des Affaires Etrange\u0300res et de la Coope\u0301ration Internationale, M Mahmoud Ali Youssouf, s\u2019est entretenu hier, samedi, avec le Secre\u0301taire Ge\u0301ne\u0301ral des Nations Unies, M. Antonio Guterres. Dans son message de bienvenue, le Secre\u0301taire ge\u0301ne\u0301ral a exprime\u0301 son admiration vis-a\u0300-vis de la [&hellip;]<\/p>\n","protected":false},"author":82,"featured_media":18309,"comment_status":"open","ping_status":"closed","sticky":false,"template":"","format":"standard","meta":{"footnotes":""},"categories":[2,57,20,10],"tags":[36,49,50],"class_list":["post-18310","post","type-post","status-publish","format-standard","has-post-thumbnail","hentry","category-politique","category-to-homepage","category-top-nouvelles","category-toutes-les-actualites","tag-africa-press","tag-africa-press-djibouti","tag-djibouti"],"yoast_head":"<!-- This site is optimized with the Yoast SEO Premium plugin v26.1 (Yoast SEO v27.0) - https:\/\/yoast.com\/product\/yoast-seo-premium-wordpress\/ -->\n<title>Le.chef de la diplomatie djiboutienne s&#039;entretient avec le secr\u00e9taire g\u00e9n\u00e9ral de l\u2019ONU - Djibouti<\/title>\n<meta name=\"description\" content=\"En marge de la 78e\u0300me Assemble\u0301e ge\u0301ne\u0301rale de l\u2019ONU, le ministre des Affaires Etrange\u0300res et de la Coope\u0301ration Interna ...\" \/>\n<meta name=\"robots\" content=\"index, follow, max-snippet:-1, max-image-preview:large, max-video-preview:-1\" \/>\n<link rel=\"canonical\" href=\"https:\/\/www.africa-press.net\/djibouti\/politique\/le-chef-de-la-diplomatie-djiboutienne-sentretient-avec-le-secretaire-general-de-lonu\" \/>\n<meta property=\"og:locale\" content=\"fr_FR\" \/>\n<meta property=\"og:type\" content=\"article\" \/>\n<meta property=\"og:title\" content=\"Le.chef de la diplomatie djiboutienne s&#039;entretient avec le secr\u00e9taire g\u00e9n\u00e9ral de l\u2019ONU\" \/>\n<meta property=\"og:description\" content=\"En marge de la 78e\u0300me Assemble\u0301e ge\u0301ne\u0301rale de l\u2019ONU, le ministre des Affaires Etrange\u0300res et de la Coope\u0301ration Interna ...\" \/>\n<meta property=\"og:url\" content=\"https:\/\/www.africa-press.net\/djibouti\/politique\/le-chef-de-la-diplomatie-djiboutienne-sentretient-avec-le-secretaire-general-de-lonu\" \/>\n<meta property=\"og:site_name\" content=\"Djibouti\" \/>\n<meta property=\"article:published_time\" content=\"2023-09-24T16:52:12+00:00\" \/>\n<meta property=\"article:modified_time\" content=\"2023-09-24T17:20:37+00:00\" \/>\n<meta property=\"og:image\" content=\"https:\/\/static.africa-press.net\/djibouti\/sites\/52\/2023\/09\/sm_1695563361.612118.jpg\" \/>\n\t<meta property=\"og:image:width\" content=\"764\" \/>\n\t<meta property=\"og:image:height\" content=\"496\" \/>\n\t<meta property=\"og:image:type\" content=\"image\/jpeg\" \/>\n<meta name=\"author\" content=\"cfeditorfr\" \/>\n<meta name=\"twitter:card\" content=\"summary_large_image\" \/>\n<meta name=\"twitter:label1\" content=\"\u00c9crit par\" \/>\n\t<meta name=\"twitter:data1\" content=\"cfeditorfr\" \/>\n\t<meta name=\"twitter:label2\" content=\"Dur\u00e9e de lecture estim\u00e9e\" \/>\n\t<meta name=\"twitter:data2\" content=\"3 minutes\" \/>\n<script type=\"application\/ld+json\" class=\"yoast-schema-graph\">{\"@context\":\"https:\/\/schema.org\",\"@graph\":[{\"@type\":\"Article\",\"@id\":\"https:\/\/www.africa-press.net\/djibouti\/politique\/le-chef-de-la-diplomatie-djiboutienne-sentretient-avec-le-secretaire-general-de-lonu#article\",\"isPartOf\":{\"@id\":\"https:\/\/www.africa-press.net\/djibouti\/politique\/le-chef-de-la-diplomatie-djiboutienne-sentretient-avec-le-secretaire-general-de-lonu\"},\"author\":{\"name\":\"cfeditorfr\",\"@id\":\"https:\/\/www.africa-press.net\/djibouti\/#\/schema\/person\/2b1cf3cd81a31e3cd26889ca66d677f1\"},\"headline\":\"Le.chef de la diplomatie djiboutienne s&rsquo;entretient avec le secr\u00e9taire g\u00e9n\u00e9ral de l\u2019ONU\",\"datePublished\":\"2023-09-24T16:52:12+00:00\",\"dateModified\":\"2023-09-24T17:20:37+00:00\",\"mainEntityOfPage\":{\"@id\":\"https:\/\/www.africa-press.net\/djibouti\/politique\/le-chef-de-la-diplomatie-djiboutienne-sentretient-avec-le-secretaire-general-de-lonu\"},\"wordCount\":513,\"commentCount\":0,\"image\":{\"@id\":\"https:\/\/www.africa-press.net\/djibouti\/politique\/le-chef-de-la-diplomatie-djiboutienne-sentretient-avec-le-secretaire-general-de-lonu#primaryimage\"},\"thumbnailUrl\":\"https:\/\/static.africa-press.net\/djibouti\/sites\/52\/2023\/09\/sm_1695563361.612118.jpg\",\"keywords\":[\"Africa Press\",\"Africa Press-Djibouti\",\"Djibouti\"],\"articleSection\":[\"Politique\",\"to-homepage\",\"Top Nouvelles\",\"Toutes les actualit\u00e9s\"],\"inLanguage\":\"fr-FR\",\"potentialAction\":[{\"@type\":\"CommentAction\",\"name\":\"Comment\",\"target\":[\"https:\/\/www.africa-press.net\/djibouti\/politique\/le-chef-de-la-diplomatie-djiboutienne-sentretient-avec-le-secretaire-general-de-lonu#respond\"]}]},{\"@type\":\"WebPage\",\"@id\":\"https:\/\/www.africa-press.net\/djibouti\/politique\/le-chef-de-la-diplomatie-djiboutienne-sentretient-avec-le-secretaire-general-de-lonu\",\"url\":\"https:\/\/www.africa-press.net\/djibouti\/politique\/le-chef-de-la-diplomatie-djiboutienne-sentretient-avec-le-secretaire-general-de-lonu\",\"name\":\"Le.chef de la diplomatie djiboutienne s'entretient avec le secr\u00e9taire g\u00e9n\u00e9ral de l\u2019ONU - Djibouti\",\"isPartOf\":{\"@id\":\"https:\/\/www.africa-press.net\/djibouti\/#website\"},\"primaryImageOfPage\":{\"@id\":\"https:\/\/www.africa-press.net\/djibouti\/politique\/le-chef-de-la-diplomatie-djiboutienne-sentretient-avec-le-secretaire-general-de-lonu#primaryimage\"},\"image\":{\"@id\":\"https:\/\/www.africa-press.net\/djibouti\/politique\/le-chef-de-la-diplomatie-djiboutienne-sentretient-avec-le-secretaire-general-de-lonu#primaryimage\"},\"thumbnailUrl\":\"https:\/\/static.africa-press.net\/djibouti\/sites\/52\/2023\/09\/sm_1695563361.612118.jpg\",\"datePublished\":\"2023-09-24T16:52:12+00:00\",\"dateModified\":\"2023-09-24T17:20:37+00:00\",\"author\":{\"@id\":\"https:\/\/www.africa-press.net\/djibouti\/#\/schema\/person\/2b1cf3cd81a31e3cd26889ca66d677f1\"},\"description\":\"En marge de la 78e\u0300me Assemble\u0301e ge\u0301ne\u0301rale de l\u2019ONU, le ministre des Affaires Etrange\u0300res et de la Coope\u0301ration Interna ...\",\"breadcrumb\":{\"@id\":\"https:\/\/www.africa-press.net\/djibouti\/politique\/le-chef-de-la-diplomatie-djiboutienne-sentretient-avec-le-secretaire-general-de-lonu#breadcrumb\"},\"inLanguage\":\"fr-FR\",\"potentialAction\":[{\"@type\":\"ReadAction\",\"target\":[\"https:\/\/www.africa-press.net\/djibouti\/politique\/le-chef-de-la-diplomatie-djiboutienne-sentretient-avec-le-secretaire-general-de-lonu\"]}]},{\"@type\":\"ImageObject\",\"inLanguage\":\"fr-FR\",\"@id\":\"https:\/\/www.africa-press.net\/djibouti\/politique\/le-chef-de-la-diplomatie-djiboutienne-sentretient-avec-le-secretaire-general-de-lonu#primaryimage\",\"url\":\"https:\/\/static.africa-press.net\/djibouti\/sites\/52\/2023\/09\/sm_1695563361.612118.jpg\",\"contentUrl\":\"https:\/\/static.africa-press.net\/djibouti\/sites\/52\/2023\/09\/sm_1695563361.612118.jpg\",\"width\":764,\"height\":496,\"caption\":\"Le.chef de la diplomatie djiboutienne s'entretient avec le secr\u00e9taire g\u00e9n\u00e9ral de l\u2019ONU\"},{\"@type\":\"BreadcrumbList\",\"@id\":\"https:\/\/www.africa-press.net\/djibouti\/politique\/le-chef-de-la-diplomatie-djiboutienne-sentretient-avec-le-secretaire-general-de-lonu#breadcrumb\",\"itemListElement\":[{\"@type\":\"ListItem\",\"position\":1,\"name\":\"Accueil\",\"item\":\"https:\/\/www.africa-press.net\/djibouti\/\"},{\"@type\":\"ListItem\",\"position\":2,\"name\":\"Le.chef de la diplomatie djiboutienne s&#8217;entretient avec le secr\u00e9taire g\u00e9n\u00e9ral de l\u2019ONU\"}]},{\"@type\":\"WebSite\",\"@id\":\"https:\/\/www.africa-press.net\/djibouti\/#website\",\"url\":\"https:\/\/www.africa-press.net\/djibouti\/\",\"name\":\"Djibouti\",\"description\":\"Just another Africa News Agency Sites site\",\"potentialAction\":[{\"@type\":\"SearchAction\",\"target\":{\"@type\":\"EntryPoint\",\"urlTemplate\":\"https:\/\/www.africa-press.net\/djibouti\/?s={search_term_string}\"},\"query-input\":{\"@type\":\"PropertyValueSpecification\",\"valueRequired\":true,\"valueName\":\"search_term_string\"}}],\"inLanguage\":\"fr-FR\"},{\"@type\":\"Person\",\"@id\":\"https:\/\/www.africa-press.net\/djibouti\/#\/schema\/person\/2b1cf3cd81a31e3cd26889ca66d677f1\",\"name\":\"cfeditorfr\"}]}<\/script>\n<!-- \/ Yoast SEO Premium plugin. -->","yoast_head_json":{"title":"Le.chef de la diplomatie djiboutienne s'entretient avec le secr\u00e9taire g\u00e9n\u00e9ral de l\u2019ONU - Djibouti","description":"En marge de la 78e\u0300me Assemble\u0301e ge\u0301ne\u0301rale de l\u2019ONU, le ministre des Affaires Etrange\u0300res et de la Coope\u0301ration Interna ...","robots":{"index":"index","follow":"follow","max-snippet":"max-snippet:-1","max-image-preview":"max-image-preview:large","max-video-preview":"max-video-preview:-1"},"canonical":"https:\/\/www.africa-press.net\/djibouti\/politique\/le-chef-de-la-diplomatie-djiboutienne-sentretient-avec-le-secretaire-general-de-lonu","og_locale":"fr_FR","og_type":"article","og_title":"Le.chef de la diplomatie djiboutienne s'entretient avec le secr\u00e9taire g\u00e9n\u00e9ral de l\u2019ONU","og_description":"En marge de la 78e\u0300me Assemble\u0301e ge\u0301ne\u0301rale de l\u2019ONU, le ministre des Affaires Etrange\u0300res et de la Coope\u0301ration Interna ...","og_url":"https:\/\/www.africa-press.net\/djibouti\/politique\/le-chef-de-la-diplomatie-djiboutienne-sentretient-avec-le-secretaire-general-de-lonu","og_site_name":"Djibouti","article_published_time":"2023-09-24T16:52:12+00:00","article_modified_time":"2023-09-24T17:20:37+00:00","og_image":[{"width":764,"height":496,"url":"https:\/\/static.africa-press.net\/djibouti\/sites\/52\/2023\/09\/sm_1695563361.612118.jpg","type":"image\/jpeg"}],"author":"cfeditorfr","twitter_card":"summary_large_image","twitter_misc":{"\u00c9crit par":"cfeditorfr","Dur\u00e9e de lecture estim\u00e9e":"3 minutes"},"schema":{"@context":"https:\/\/schema.org","@graph":[{"@type":"Article","@id":"https:\/\/www.africa-press.net\/djibouti\/politique\/le-chef-de-la-diplomatie-djiboutienne-sentretient-avec-le-secretaire-general-de-lonu#article","isPartOf":{"@id":"https:\/\/www.africa-press.net\/djibouti\/politique\/le-chef-de-la-diplomatie-djiboutienne-sentretient-avec-le-secretaire-general-de-lonu"},"author":{"name":"cfeditorfr","@id":"https:\/\/www.africa-press.net\/djibouti\/#\/schema\/person\/2b1cf3cd81a31e3cd26889ca66d677f1"},"headline":"Le.chef de la diplomatie djiboutienne s&rsquo;entretient avec le secr\u00e9taire g\u00e9n\u00e9ral de l\u2019ONU","datePublished":"2023-09-24T16:52:12+00:00","dateModified":"2023-09-24T17:20:37+00:00","mainEntityOfPage":{"@id":"https:\/\/www.africa-press.net\/djibouti\/politique\/le-chef-de-la-diplomatie-djiboutienne-sentretient-avec-le-secretaire-general-de-lonu"},"wordCount":513,"commentCount":0,"image":{"@id":"https:\/\/www.africa-press.net\/djibouti\/politique\/le-chef-de-la-diplomatie-djiboutienne-sentretient-avec-le-secretaire-general-de-lonu#primaryimage"},"thumbnailUrl":"https:\/\/static.africa-press.net\/djibouti\/sites\/52\/2023\/09\/sm_1695563361.612118.jpg","keywords":["Africa Press","Africa Press-Djibouti","Djibouti"],"articleSection":["Politique","to-homepage","Top Nouvelles","Toutes les actualit\u00e9s"],"inLanguage":"fr-FR","potentialAction":[{"@type":"CommentAction","name":"Comment","target":["https:\/\/www.africa-press.net\/djibouti\/politique\/le-chef-de-la-diplomatie-djiboutienne-sentretient-avec-le-secretaire-general-de-lonu#respond"]}]},{"@type":"WebPage","@id":"https:\/\/www.africa-press.net\/djibouti\/politique\/le-chef-de-la-diplomatie-djiboutienne-sentretient-avec-le-secretaire-general-de-lonu","url":"https:\/\/www.africa-press.net\/djibouti\/politique\/le-chef-de-la-diplomatie-djiboutienne-sentretient-avec-le-secretaire-general-de-lonu","name":"Le.chef de la diplomatie djiboutienne s'entretient avec le secr\u00e9taire g\u00e9n\u00e9ral de l\u2019ONU - Djibouti","isPartOf":{"@id":"https:\/\/www.africa-press.net\/djibouti\/#website"},"primaryImageOfPage":{"@id":"https:\/\/www.africa-press.net\/djibouti\/politique\/le-chef-de-la-diplomatie-djiboutienne-sentretient-avec-le-secretaire-general-de-lonu#primaryimage"},"image":{"@id":"https:\/\/www.africa-press.net\/djibouti\/politique\/le-chef-de-la-diplomatie-djiboutienne-sentretient-avec-le-secretaire-general-de-lonu#primaryimage"},"thumbnailUrl":"https:\/\/static.africa-press.net\/djibouti\/sites\/52\/2023\/09\/sm_1695563361.612118.jpg","datePublished":"2023-09-24T16:52:12+00:00","dateModified":"2023-09-24T17:20:37+00:00","author":{"@id":"https:\/\/www.africa-press.net\/djibouti\/#\/schema\/person\/2b1cf3cd81a31e3cd26889ca66d677f1"},"description":"En marge de la 78e\u0300me Assemble\u0301e ge\u0301ne\u0301rale de l\u2019ONU, le ministre des Affaires Etrange\u0300res et de la Coope\u0301ration Interna ...","breadcrumb":{"@id":"https:\/\/www.africa-press.net\/djibouti\/politique\/le-chef-de-la-diplomatie-djiboutienne-sentretient-avec-le-secretaire-general-de-lonu#breadcrumb"},"inLanguage":"fr-FR","potentialAction":[{"@type":"ReadAction","target":["https:\/\/www.africa-press.net\/djibouti\/politique\/le-chef-de-la-diplomatie-djiboutienne-sentretient-avec-le-secretaire-general-de-lonu"]}]},{"@type":"ImageObject","inLanguage":"fr-FR","@id":"https:\/\/www.africa-press.net\/djibouti\/politique\/le-chef-de-la-diplomatie-djiboutienne-sentretient-avec-le-secretaire-general-de-lonu#primaryimage","url":"https:\/\/static.africa-press.net\/djibouti\/sites\/52\/2023\/09\/sm_1695563361.612118.jpg","contentUrl":"https:\/\/static.africa-press.net\/djibouti\/sites\/52\/2023\/09\/sm_1695563361.612118.jpg","width":764,"height":496,"caption":"Le.chef de la diplomatie djiboutienne s'entretient avec le secr\u00e9taire g\u00e9n\u00e9ral de l\u2019ONU"},{"@type":"BreadcrumbList","@id":"https:\/\/www.africa-press.net\/djibouti\/politique\/le-chef-de-la-diplomatie-djiboutienne-sentretient-avec-le-secretaire-general-de-lonu#breadcrumb","itemListElement":[{"@type":"ListItem","position":1,"name":"Accueil","item":"https:\/\/www.africa-press.net\/djibouti\/"},{"@type":"ListItem","position":2,"name":"Le.chef de la diplomatie djiboutienne s&#8217;entretient avec le secr\u00e9taire g\u00e9n\u00e9ral de l\u2019ONU"}]},{"@type":"WebSite","@id":"https:\/\/www.africa-press.net\/djibouti\/#website","url":"https:\/\/www.africa-press.net\/djibouti\/","name":"Djibouti","description":"Just another Africa News Agency Sites site","potentialAction":[{"@type":"SearchAction","target":{"@type":"EntryPoint","urlTemplate":"https:\/\/www.africa-press.net\/djibouti\/?s={search_term_string}"},"query-input":{"@type":"PropertyValueSpecification","valueRequired":true,"valueName":"search_term_string"}}],"inLanguage":"fr-FR"},{"@type":"Person","@id":"https:\/\/www.africa-press.net\/djibouti\/#\/schema\/person\/2b1cf3cd81a31e3cd26889ca66d677f1","name":"cfeditorfr"}]}},"_links":{"self":[{"href":"https:\/\/www.africa-press.net\/djibouti\/wp-json\/wp\/v2\/posts\/18310","targetHints":{"allow":["GET"]}}],"collection":[{"href":"https:\/\/www.africa-press.net\/djibouti\/wp-json\/wp\/v2\/posts"}],"about":[{"href":"https:\/\/www.africa-press.net\/djibouti\/wp-json\/wp\/v2\/types\/post"}],"author":[{"embeddable":true,"href":"https:\/\/www.africa-press.net\/djibouti\/wp-json\/wp\/v2\/users\/82"}],"replies":[{"embeddable":true,"href":"https:\/\/www.africa-press.net\/djibouti\/wp-json\/wp\/v2\/comments?post=18310"}],"version-history":[{"count":0,"href":"https:\/\/www.africa-press.net\/djibouti\/wp-json\/wp\/v2\/posts\/18310\/revisions"}],"wp:featuredmedia":[{"embeddable":true,"href":"https:\/\/www.africa-press.net\/djibouti\/wp-json\/wp\/v2\/media\/18309"}],"wp:attachment":[{"href":"https:\/\/www.africa-press.net\/djibouti\/wp-json\/wp\/v2\/media?parent=18310"}],"wp:term":[{"taxonomy":"category","embeddable":true,"href":"https:\/\/www.africa-press.net\/djibouti\/wp-json\/wp\/v2\/categories?post=18310"},{"taxonomy":"post_tag","embeddable":true,"href":"https:\/\/www.africa-press.net\/djibouti\/wp-json\/wp\/v2\/tags?post=18310"}],"curies":[{"name":"wp","href":"https:\/\/api.w.org\/{rel}","templated":true}]}}