{"id":18339,"date":"2023-09-25T14:23:51","date_gmt":"2023-09-25T14:23:51","guid":{"rendered":"https:\/\/www.africa-press.net\/djibouti\/politique\/le-president-guelleh-recoit-le-secretaire-detat-americain-a-la-defense"},"modified":"2023-09-25T16:13:22","modified_gmt":"2023-09-25T16:13:22","slug":"le-president-guelleh-recoit-le-secretaire-detat-americain-a-la-defense","status":"publish","type":"post","link":"https:\/\/www.africa-press.net\/djibouti\/politique\/le-president-guelleh-recoit-le-secretaire-detat-americain-a-la-defense","title":{"rendered":"Le Pr\u00e9sident Guelleh re\u00e7oit le Secr\u00e9taire d\u2019Etat am\u00e9ricain \u00e0 la D\u00e9fense"},"content":{"rendered":"<p><span style=\"color: #ff6600\"><strong>Africa-Press &#8211; Djibouti. <\/strong><\/span>Le Chef de l\u2019Etat, M. Ismail Omar Guelleh, a rec\u0327u ce dimanche apre\u0300s-midi, au Palais de la Re\u0301publique, le Secre\u0301taire d\u2019Etat ame\u0301ricain a\u0300 la De\u0301fense, Monsieur Lloyd Austain, en visite a\u0300 Djibouti dans le cadre d\u2019une tourne\u0301e visant a\u0300 raffermir les liens avec, outre notre pays, le Kenya et l\u2019Angola.<\/p>\n<p>L\u2019audience entre le Pre\u0301sident Guelleh et le Secre\u0301taire d\u2019Etat ame\u0301ricain a\u0300 la De\u0301fense servit d\u2019emble\u0301e de cadre d\u2019appre\u0301ciation des relations d\u2019amitie\u0301 et de coope\u0301ration que les deux nations entretiennent dans la quasi-totalite\u0301 des domaines du de\u0301veloppement.<\/p>\n<p>Les discussions ont ensuite e\u0301te\u0301 e\u0301tendues au partenariat strate\u0301gique liant les deux pays dans le domaine ne\u0301vralgique de la De\u0301fense et de la se\u0301curite\u0301.<\/p>\n<p>Sur ce point pre\u0301cis, les entretiens ont permis aux deux parties d\u2019e\u0301laborer un inventaire ge\u0301ne\u0301ral d\u2019objectifs nouveaux de collaboration indexe\u0301s sur les mutations et les de\u0301fis se\u0301curitaires propres a\u0300 notre re\u0301gion.<\/p>\n<p>Djibouti et les Etats-Unis font office de tandem poste\u0301s a\u0300 l\u2019avant-garde du Programme d\u2019inte\u0301gration mondiale de lutte contre le terrorisme, l\u2019extre\u0301misme de tout bord et la piraterie maritime dans cette partie du monde.<\/p>\n<p>Lors de son audience avec le Pre\u0301sident de la Re\u0301publique, le Secre\u0301taire d\u2019Etat ame\u0301ricain a\u0300 la De\u0301fense, Monsieur Lloyd Austin, e\u0301tait accompagne\u0301 d\u2019une importante de\u0301le\u0301gation compose\u0301e des membres de son de\u0301partement.<\/p>\n<p>Le Charge\u0301 d\u2019Affaires des Etats-Unis aupre\u0300s de la Re\u0301publique de Djibouti, Monsieur Mario Fernandez, a pris part e\u0301galement a\u0300 cette rencontre.<\/p>\n<p>Co\u0302te\u0301 djiboutien, outre le Ministre de la De\u0301fense et Ministre par Inte\u0301rim des Affaires e\u0301trange\u0300res et de la Coope\u0301ration internationale, M Hassan Omar Mohamed, le Chef de la Se\u0301curite\u0301 nationale, M Hassan Said Kaireh, le Directeur de Cabinet de la Pre\u0301sidence de la Re\u0301publique, la Conseille\u0300re diplomatique du Chef de l\u2019Etat ainsi que les principaux responsables du Ministe\u0300re des Affaires e\u0301trange\u0300res ont participe\u0301 a\u0300 cet e\u0301ve\u0300nement.<\/p>\n<p>Le Chef de l\u2019Etat, M. Ismail Omar Guelleh, a rec\u0327u ce dimanche apre\u0300s-midi, au Palais de la Re\u0301publique, le Secre\u0301taire d\u2019Etat ame\u0301ricain a\u0300 la De\u0301fense, Monsieur Lloyd Austain, en visite a\u0300 Djibouti dans le cadre d\u2019une tourne\u0301e visant a\u0300 raffermir les liens avec, outre notre pays, le Kenya et l\u2019Angola.<\/p>\n<p>L\u2019audience entre le Pre\u0301sident Guelleh et le Secre\u0301taire d\u2019Etat ame\u0301ricain a\u0300 la De\u0301fense servit d\u2019emble\u0301e de cadre d\u2019appre\u0301ciation des relations d\u2019amitie\u0301 et de coope\u0301ration que les deux nations entretiennent dans la quasi-totalite\u0301 des domaines du de\u0301veloppement.<\/p>\n<p>Les discussions ont ensuite e\u0301te\u0301 e\u0301tendues au partenariat strate\u0301gique liant les deux pays dans le domaine ne\u0301vralgique de la De\u0301fense et de la se\u0301curite\u0301.<\/p>\n<p>Sur ce point pre\u0301cis, les entretiens ont permis aux deux parties d\u2019e\u0301laborer un inventaire ge\u0301ne\u0301ral d\u2019objectifs nouveaux de collaboration indexe\u0301s sur les mutations et les de\u0301fis se\u0301curitaires propres a\u0300 notre re\u0301gion.<\/p>\n<p>Djibouti et les Etats-Unis font office de tandem poste\u0301s a\u0300 l\u2019avant-garde du Programme d\u2019inte\u0301gration mondiale de lutte contre le terrorisme, l\u2019extre\u0301misme de tout bord et la piraterie maritime dans cette partie du monde.<\/p>\n<p>Lors de son audience avec le Pre\u0301sident de la Re\u0301publique, le Secre\u0301taire d\u2019Etat ame\u0301ricain a\u0300 la De\u0301fense, Monsieur Lloyd Austin, e\u0301tait accompagne\u0301 d\u2019une importante de\u0301le\u0301gation compose\u0301e des membres de son de\u0301partement.<\/p>\n<p>Le Charge\u0301 d\u2019Affaires des Etats-Unis aupre\u0300s de la Re\u0301publique de Djibouti, Monsieur Mario Fernandez, a pris part e\u0301galement a\u0300 cette rencontre.<\/p>\n<p>Co\u0302te\u0301 djiboutien, outre le Ministre de la De\u0301fense et Ministre par Inte\u0301rim des Affaires e\u0301trange\u0300res et de la Coope\u0301ration internationale, M Hassan Omar Mohamed, le Chef de la Se\u0301curite\u0301 nationale, M Hassan Said Kaireh, le Directeur de Cabinet de la Pre\u0301sidence de la Re\u0301publique, la Conseille\u0300re diplomatique du Chef de l\u2019Etat ainsi que les principaux responsables du Ministe\u0300re des Affaires e\u0301trange\u0300res ont participe\u0301 a\u0300 cet e\u0301ve\u0300nement.<\/p>\n<p><iframe loading=\"lazy\" title=\"Le Pr\u00e9sident Guelleh re\u00e7oit le Secr\u00e9taire d\u2019Etat am\u00e9ricain \u00e0 la D\u00e9fense\" width=\"696\" height=\"392\" src=\"https:\/\/www.youtube.com\/embed\/fDpMDOj6-sc?feature=oembed\" frameborder=\"0\" allow=\"accelerometer; autoplay; clipboard-write; encrypted-media; gyroscope; picture-in-picture; web-share\" allowfullscreen><\/iframe><\/p>\n<p><strong>Pour plus d&rsquo;informations et d&rsquo;analyses sur la <a href=\"https:\/\/www.africa-press.net\/djibouti\">Djibouti<\/a>, suivez <a href=\"https:\/\/www.africa-press.net\/\">Africa-Press<\/a><\/strong><\/p>\n","protected":false},"excerpt":{"rendered":"<p>Africa-Press &#8211; Djibouti. Le Chef de l\u2019Etat, M. Ismail Omar Guelleh, a rec\u0327u ce dimanche apre\u0300s-midi, au Palais de la Re\u0301publique, le Secre\u0301taire d\u2019Etat ame\u0301ricain a\u0300 la De\u0301fense, Monsieur Lloyd Austain, en visite a\u0300 Djibouti dans le cadre d\u2019une tourne\u0301e visant a\u0300 raffermir les liens avec, outre notre pays, le Kenya et l\u2019Angola. L\u2019audience entre [&hellip;]<\/p>\n","protected":false},"author":82,"featured_media":18338,"comment_status":"open","ping_status":"closed","sticky":false,"template":"","format":"standard","meta":{"footnotes":""},"categories":[2,20,10,9],"tags":[36,49,50],"class_list":["post-18339","post","type-post","status-publish","format-standard","has-post-thumbnail","hentry","category-politique","category-top-nouvelles","category-toutes-les-actualites","category-video","tag-africa-press","tag-africa-press-djibouti","tag-djibouti"],"yoast_head":"<!-- This site is optimized with the Yoast SEO Premium plugin v26.1 (Yoast SEO v27.0) - https:\/\/yoast.com\/product\/yoast-seo-premium-wordpress\/ -->\n<title>Le Pr\u00e9sident Guelleh re\u00e7oit le Secr\u00e9taire d\u2019Etat am\u00e9ricain \u00e0 la D\u00e9fense - Djibouti<\/title>\n<meta name=\"description\" content=\"Le Chef de l\u2019Etat, M. Ismail Omar Guelleh, a rec\u0327u ce dimanche apre\u0300s-midi, au Palais de la Re\u0301publique, le Secre\u0301taire ...\" \/>\n<meta name=\"robots\" content=\"index, follow, max-snippet:-1, max-image-preview:large, max-video-preview:-1\" \/>\n<link rel=\"canonical\" href=\"https:\/\/www.africa-press.net\/djibouti\/politique\/le-president-guelleh-recoit-le-secretaire-detat-americain-a-la-defense\" \/>\n<meta property=\"og:locale\" content=\"fr_FR\" \/>\n<meta property=\"og:type\" content=\"article\" \/>\n<meta property=\"og:title\" content=\"Le Pr\u00e9sident Guelleh re\u00e7oit le Secr\u00e9taire d\u2019Etat am\u00e9ricain \u00e0 la D\u00e9fense\" \/>\n<meta property=\"og:description\" content=\"Le Chef de l\u2019Etat, M. Ismail Omar Guelleh, a rec\u0327u ce dimanche apre\u0300s-midi, au Palais de la Re\u0301publique, le Secre\u0301taire ...\" \/>\n<meta property=\"og:url\" content=\"https:\/\/www.africa-press.net\/djibouti\/politique\/le-president-guelleh-recoit-le-secretaire-detat-americain-a-la-defense\" \/>\n<meta property=\"og:site_name\" content=\"Djibouti\" \/>\n<meta property=\"article:published_time\" content=\"2023-09-25T14:23:51+00:00\" \/>\n<meta property=\"article:modified_time\" content=\"2023-09-25T16:13:22+00:00\" \/>\n<meta property=\"og:image\" content=\"https:\/\/static.africa-press.net\/djibouti\/sites\/52\/2023\/09\/sm_1695639971.360178.jpg\" \/>\n\t<meta property=\"og:image:width\" content=\"1340\" \/>\n\t<meta property=\"og:image:height\" content=\"1020\" \/>\n\t<meta property=\"og:image:type\" content=\"image\/jpeg\" \/>\n<meta name=\"author\" content=\"cfeditorfr\" \/>\n<meta name=\"twitter:card\" content=\"summary_large_image\" \/>\n<meta name=\"twitter:label1\" content=\"\u00c9crit par\" \/>\n\t<meta name=\"twitter:data1\" content=\"cfeditorfr\" \/>\n\t<meta name=\"twitter:label2\" content=\"Dur\u00e9e de lecture estim\u00e9e\" \/>\n\t<meta name=\"twitter:data2\" content=\"4 minutes\" \/>\n<script type=\"application\/ld+json\" class=\"yoast-schema-graph\">{\"@context\":\"https:\/\/schema.org\",\"@graph\":[{\"@type\":\"Article\",\"@id\":\"https:\/\/www.africa-press.net\/djibouti\/politique\/le-president-guelleh-recoit-le-secretaire-detat-americain-a-la-defense#article\",\"isPartOf\":{\"@id\":\"https:\/\/www.africa-press.net\/djibouti\/politique\/le-president-guelleh-recoit-le-secretaire-detat-americain-a-la-defense\"},\"author\":{\"name\":\"cfeditorfr\",\"@id\":\"https:\/\/www.africa-press.net\/djibouti\/#\/schema\/person\/2b1cf3cd81a31e3cd26889ca66d677f1\"},\"headline\":\"Le Pr\u00e9sident Guelleh re\u00e7oit le Secr\u00e9taire d\u2019Etat am\u00e9ricain \u00e0 la D\u00e9fense\",\"datePublished\":\"2023-09-25T14:23:51+00:00\",\"dateModified\":\"2023-09-25T16:13:22+00:00\",\"mainEntityOfPage\":{\"@id\":\"https:\/\/www.africa-press.net\/djibouti\/politique\/le-president-guelleh-recoit-le-secretaire-detat-americain-a-la-defense\"},\"wordCount\":776,\"commentCount\":0,\"image\":{\"@id\":\"https:\/\/www.africa-press.net\/djibouti\/politique\/le-president-guelleh-recoit-le-secretaire-detat-americain-a-la-defense#primaryimage\"},\"thumbnailUrl\":\"https:\/\/static.africa-press.net\/djibouti\/sites\/52\/2023\/09\/sm_1695639971.360178.jpg\",\"keywords\":[\"Africa Press\",\"Africa Press-Djibouti\",\"Djibouti\"],\"articleSection\":[\"Politique\",\"Top Nouvelles\",\"Toutes les actualit\u00e9s\",\"vid\u00e9o\"],\"inLanguage\":\"fr-FR\",\"potentialAction\":[{\"@type\":\"CommentAction\",\"name\":\"Comment\",\"target\":[\"https:\/\/www.africa-press.net\/djibouti\/politique\/le-president-guelleh-recoit-le-secretaire-detat-americain-a-la-defense#respond\"]}]},{\"@type\":\"WebPage\",\"@id\":\"https:\/\/www.africa-press.net\/djibouti\/politique\/le-president-guelleh-recoit-le-secretaire-detat-americain-a-la-defense\",\"url\":\"https:\/\/www.africa-press.net\/djibouti\/politique\/le-president-guelleh-recoit-le-secretaire-detat-americain-a-la-defense\",\"name\":\"Le Pr\u00e9sident Guelleh re\u00e7oit le Secr\u00e9taire d\u2019Etat am\u00e9ricain \u00e0 la D\u00e9fense - Djibouti\",\"isPartOf\":{\"@id\":\"https:\/\/www.africa-press.net\/djibouti\/#website\"},\"primaryImageOfPage\":{\"@id\":\"https:\/\/www.africa-press.net\/djibouti\/politique\/le-president-guelleh-recoit-le-secretaire-detat-americain-a-la-defense#primaryimage\"},\"image\":{\"@id\":\"https:\/\/www.africa-press.net\/djibouti\/politique\/le-president-guelleh-recoit-le-secretaire-detat-americain-a-la-defense#primaryimage\"},\"thumbnailUrl\":\"https:\/\/static.africa-press.net\/djibouti\/sites\/52\/2023\/09\/sm_1695639971.360178.jpg\",\"datePublished\":\"2023-09-25T14:23:51+00:00\",\"dateModified\":\"2023-09-25T16:13:22+00:00\",\"author\":{\"@id\":\"https:\/\/www.africa-press.net\/djibouti\/#\/schema\/person\/2b1cf3cd81a31e3cd26889ca66d677f1\"},\"description\":\"Le Chef de l\u2019Etat, M. Ismail Omar Guelleh, a rec\u0327u ce dimanche apre\u0300s-midi, au Palais de la Re\u0301publique, le Secre\u0301taire ...\",\"breadcrumb\":{\"@id\":\"https:\/\/www.africa-press.net\/djibouti\/politique\/le-president-guelleh-recoit-le-secretaire-detat-americain-a-la-defense#breadcrumb\"},\"inLanguage\":\"fr-FR\",\"potentialAction\":[{\"@type\":\"ReadAction\",\"target\":[\"https:\/\/www.africa-press.net\/djibouti\/politique\/le-president-guelleh-recoit-le-secretaire-detat-americain-a-la-defense\"]}]},{\"@type\":\"ImageObject\",\"inLanguage\":\"fr-FR\",\"@id\":\"https:\/\/www.africa-press.net\/djibouti\/politique\/le-president-guelleh-recoit-le-secretaire-detat-americain-a-la-defense#primaryimage\",\"url\":\"https:\/\/static.africa-press.net\/djibouti\/sites\/52\/2023\/09\/sm_1695639971.360178.jpg\",\"contentUrl\":\"https:\/\/static.africa-press.net\/djibouti\/sites\/52\/2023\/09\/sm_1695639971.360178.jpg\",\"width\":1340,\"height\":1020,\"caption\":\"Le Pr\u00e9sident Guelleh re\u00e7oit le Secr\u00e9taire d\u2019Etat am\u00e9ricain \u00e0 la D\u00e9fense\"},{\"@type\":\"BreadcrumbList\",\"@id\":\"https:\/\/www.africa-press.net\/djibouti\/politique\/le-president-guelleh-recoit-le-secretaire-detat-americain-a-la-defense#breadcrumb\",\"itemListElement\":[{\"@type\":\"ListItem\",\"position\":1,\"name\":\"Accueil\",\"item\":\"https:\/\/www.africa-press.net\/djibouti\/\"},{\"@type\":\"ListItem\",\"position\":2,\"name\":\"Le Pr\u00e9sident Guelleh re\u00e7oit le Secr\u00e9taire d\u2019Etat am\u00e9ricain \u00e0 la D\u00e9fense\"}]},{\"@type\":\"WebSite\",\"@id\":\"https:\/\/www.africa-press.net\/djibouti\/#website\",\"url\":\"https:\/\/www.africa-press.net\/djibouti\/\",\"name\":\"Djibouti\",\"description\":\"Just another Africa News Agency Sites site\",\"potentialAction\":[{\"@type\":\"SearchAction\",\"target\":{\"@type\":\"EntryPoint\",\"urlTemplate\":\"https:\/\/www.africa-press.net\/djibouti\/?s={search_term_string}\"},\"query-input\":{\"@type\":\"PropertyValueSpecification\",\"valueRequired\":true,\"valueName\":\"search_term_string\"}}],\"inLanguage\":\"fr-FR\"},{\"@type\":\"Person\",\"@id\":\"https:\/\/www.africa-press.net\/djibouti\/#\/schema\/person\/2b1cf3cd81a31e3cd26889ca66d677f1\",\"name\":\"cfeditorfr\"}]}<\/script>\n<!-- \/ Yoast SEO Premium plugin. -->","yoast_head_json":{"title":"Le Pr\u00e9sident Guelleh re\u00e7oit le Secr\u00e9taire d\u2019Etat am\u00e9ricain \u00e0 la D\u00e9fense - Djibouti","description":"Le Chef de l\u2019Etat, M. Ismail Omar Guelleh, a rec\u0327u ce dimanche apre\u0300s-midi, au Palais de la Re\u0301publique, le Secre\u0301taire ...","robots":{"index":"index","follow":"follow","max-snippet":"max-snippet:-1","max-image-preview":"max-image-preview:large","max-video-preview":"max-video-preview:-1"},"canonical":"https:\/\/www.africa-press.net\/djibouti\/politique\/le-president-guelleh-recoit-le-secretaire-detat-americain-a-la-defense","og_locale":"fr_FR","og_type":"article","og_title":"Le Pr\u00e9sident Guelleh re\u00e7oit le Secr\u00e9taire d\u2019Etat am\u00e9ricain \u00e0 la D\u00e9fense","og_description":"Le Chef de l\u2019Etat, M. Ismail Omar Guelleh, a rec\u0327u ce dimanche apre\u0300s-midi, au Palais de la Re\u0301publique, le Secre\u0301taire ...","og_url":"https:\/\/www.africa-press.net\/djibouti\/politique\/le-president-guelleh-recoit-le-secretaire-detat-americain-a-la-defense","og_site_name":"Djibouti","article_published_time":"2023-09-25T14:23:51+00:00","article_modified_time":"2023-09-25T16:13:22+00:00","og_image":[{"width":1340,"height":1020,"url":"https:\/\/static.africa-press.net\/djibouti\/sites\/52\/2023\/09\/sm_1695639971.360178.jpg","type":"image\/jpeg"}],"author":"cfeditorfr","twitter_card":"summary_large_image","twitter_misc":{"\u00c9crit par":"cfeditorfr","Dur\u00e9e de lecture estim\u00e9e":"4 minutes"},"schema":{"@context":"https:\/\/schema.org","@graph":[{"@type":"Article","@id":"https:\/\/www.africa-press.net\/djibouti\/politique\/le-president-guelleh-recoit-le-secretaire-detat-americain-a-la-defense#article","isPartOf":{"@id":"https:\/\/www.africa-press.net\/djibouti\/politique\/le-president-guelleh-recoit-le-secretaire-detat-americain-a-la-defense"},"author":{"name":"cfeditorfr","@id":"https:\/\/www.africa-press.net\/djibouti\/#\/schema\/person\/2b1cf3cd81a31e3cd26889ca66d677f1"},"headline":"Le Pr\u00e9sident Guelleh re\u00e7oit le Secr\u00e9taire d\u2019Etat am\u00e9ricain \u00e0 la D\u00e9fense","datePublished":"2023-09-25T14:23:51+00:00","dateModified":"2023-09-25T16:13:22+00:00","mainEntityOfPage":{"@id":"https:\/\/www.africa-press.net\/djibouti\/politique\/le-president-guelleh-recoit-le-secretaire-detat-americain-a-la-defense"},"wordCount":776,"commentCount":0,"image":{"@id":"https:\/\/www.africa-press.net\/djibouti\/politique\/le-president-guelleh-recoit-le-secretaire-detat-americain-a-la-defense#primaryimage"},"thumbnailUrl":"https:\/\/static.africa-press.net\/djibouti\/sites\/52\/2023\/09\/sm_1695639971.360178.jpg","keywords":["Africa Press","Africa Press-Djibouti","Djibouti"],"articleSection":["Politique","Top Nouvelles","Toutes les actualit\u00e9s","vid\u00e9o"],"inLanguage":"fr-FR","potentialAction":[{"@type":"CommentAction","name":"Comment","target":["https:\/\/www.africa-press.net\/djibouti\/politique\/le-president-guelleh-recoit-le-secretaire-detat-americain-a-la-defense#respond"]}]},{"@type":"WebPage","@id":"https:\/\/www.africa-press.net\/djibouti\/politique\/le-president-guelleh-recoit-le-secretaire-detat-americain-a-la-defense","url":"https:\/\/www.africa-press.net\/djibouti\/politique\/le-president-guelleh-recoit-le-secretaire-detat-americain-a-la-defense","name":"Le Pr\u00e9sident Guelleh re\u00e7oit le Secr\u00e9taire d\u2019Etat am\u00e9ricain \u00e0 la D\u00e9fense - Djibouti","isPartOf":{"@id":"https:\/\/www.africa-press.net\/djibouti\/#website"},"primaryImageOfPage":{"@id":"https:\/\/www.africa-press.net\/djibouti\/politique\/le-president-guelleh-recoit-le-secretaire-detat-americain-a-la-defense#primaryimage"},"image":{"@id":"https:\/\/www.africa-press.net\/djibouti\/politique\/le-president-guelleh-recoit-le-secretaire-detat-americain-a-la-defense#primaryimage"},"thumbnailUrl":"https:\/\/static.africa-press.net\/djibouti\/sites\/52\/2023\/09\/sm_1695639971.360178.jpg","datePublished":"2023-09-25T14:23:51+00:00","dateModified":"2023-09-25T16:13:22+00:00","author":{"@id":"https:\/\/www.africa-press.net\/djibouti\/#\/schema\/person\/2b1cf3cd81a31e3cd26889ca66d677f1"},"description":"Le Chef de l\u2019Etat, M. Ismail Omar Guelleh, a rec\u0327u ce dimanche apre\u0300s-midi, au Palais de la Re\u0301publique, le Secre\u0301taire ...","breadcrumb":{"@id":"https:\/\/www.africa-press.net\/djibouti\/politique\/le-president-guelleh-recoit-le-secretaire-detat-americain-a-la-defense#breadcrumb"},"inLanguage":"fr-FR","potentialAction":[{"@type":"ReadAction","target":["https:\/\/www.africa-press.net\/djibouti\/politique\/le-president-guelleh-recoit-le-secretaire-detat-americain-a-la-defense"]}]},{"@type":"ImageObject","inLanguage":"fr-FR","@id":"https:\/\/www.africa-press.net\/djibouti\/politique\/le-president-guelleh-recoit-le-secretaire-detat-americain-a-la-defense#primaryimage","url":"https:\/\/static.africa-press.net\/djibouti\/sites\/52\/2023\/09\/sm_1695639971.360178.jpg","contentUrl":"https:\/\/static.africa-press.net\/djibouti\/sites\/52\/2023\/09\/sm_1695639971.360178.jpg","width":1340,"height":1020,"caption":"Le Pr\u00e9sident Guelleh re\u00e7oit le Secr\u00e9taire d\u2019Etat am\u00e9ricain \u00e0 la D\u00e9fense"},{"@type":"BreadcrumbList","@id":"https:\/\/www.africa-press.net\/djibouti\/politique\/le-president-guelleh-recoit-le-secretaire-detat-americain-a-la-defense#breadcrumb","itemListElement":[{"@type":"ListItem","position":1,"name":"Accueil","item":"https:\/\/www.africa-press.net\/djibouti\/"},{"@type":"ListItem","position":2,"name":"Le Pr\u00e9sident Guelleh re\u00e7oit le Secr\u00e9taire d\u2019Etat am\u00e9ricain \u00e0 la D\u00e9fense"}]},{"@type":"WebSite","@id":"https:\/\/www.africa-press.net\/djibouti\/#website","url":"https:\/\/www.africa-press.net\/djibouti\/","name":"Djibouti","description":"Just another Africa News Agency Sites site","potentialAction":[{"@type":"SearchAction","target":{"@type":"EntryPoint","urlTemplate":"https:\/\/www.africa-press.net\/djibouti\/?s={search_term_string}"},"query-input":{"@type":"PropertyValueSpecification","valueRequired":true,"valueName":"search_term_string"}}],"inLanguage":"fr-FR"},{"@type":"Person","@id":"https:\/\/www.africa-press.net\/djibouti\/#\/schema\/person\/2b1cf3cd81a31e3cd26889ca66d677f1","name":"cfeditorfr"}]}},"_links":{"self":[{"href":"https:\/\/www.africa-press.net\/djibouti\/wp-json\/wp\/v2\/posts\/18339","targetHints":{"allow":["GET"]}}],"collection":[{"href":"https:\/\/www.africa-press.net\/djibouti\/wp-json\/wp\/v2\/posts"}],"about":[{"href":"https:\/\/www.africa-press.net\/djibouti\/wp-json\/wp\/v2\/types\/post"}],"author":[{"embeddable":true,"href":"https:\/\/www.africa-press.net\/djibouti\/wp-json\/wp\/v2\/users\/82"}],"replies":[{"embeddable":true,"href":"https:\/\/www.africa-press.net\/djibouti\/wp-json\/wp\/v2\/comments?post=18339"}],"version-history":[{"count":0,"href":"https:\/\/www.africa-press.net\/djibouti\/wp-json\/wp\/v2\/posts\/18339\/revisions"}],"wp:featuredmedia":[{"embeddable":true,"href":"https:\/\/www.africa-press.net\/djibouti\/wp-json\/wp\/v2\/media\/18338"}],"wp:attachment":[{"href":"https:\/\/www.africa-press.net\/djibouti\/wp-json\/wp\/v2\/media?parent=18339"}],"wp:term":[{"taxonomy":"category","embeddable":true,"href":"https:\/\/www.africa-press.net\/djibouti\/wp-json\/wp\/v2\/categories?post=18339"},{"taxonomy":"post_tag","embeddable":true,"href":"https:\/\/www.africa-press.net\/djibouti\/wp-json\/wp\/v2\/tags?post=18339"}],"curies":[{"name":"wp","href":"https:\/\/api.w.org\/{rel}","templated":true}]}}