{"id":18355,"date":"2023-09-25T17:00:12","date_gmt":"2023-09-25T17:00:12","guid":{"rendered":"https:\/\/www.africa-press.net\/djibouti\/politique\/le-ministre-de-la-justice-recoit-une-delegation-conduite-par-le-president-de-la-cndh"},"modified":"2023-09-25T17:55:56","modified_gmt":"2023-09-25T17:55:56","slug":"le-ministre-de-la-justice-recoit-une-delegation-conduite-par-le-president-de-la-cndh","status":"publish","type":"post","link":"https:\/\/www.africa-press.net\/djibouti\/politique\/le-ministre-de-la-justice-recoit-une-delegation-conduite-par-le-president-de-la-cndh","title":{"rendered":"Le ministre de la Justice re\u00e7oit une d\u00e9l\u00e9gation conduite par le pr\u00e9sident de la CNDH"},"content":{"rendered":"<p><span style=\"color: #ff6600\"><strong>Africa-Press &#8211; Djibouti. <\/strong><\/span>Le ministre de la Justice et des Affaires Pe\u0301nitentiaires, charge\u0301 des Droits de l&rsquo;Homme, M. Ali Hassan Bahdon, a rec\u0327u une de\u0301le\u0301gation de la Commission nationale des droits de l&rsquo;Homme (CNDH) conduite par son pre\u0301sident, M. Ali Soubaneh Ateyeh.<\/p>\n<p>Cette de\u0301le\u0301gation e\u0301tait compose\u0301e de M. Ali Mohamed Ali, commissaire, du secre\u0301taire ge\u0301ne\u0301ral, M. Djibril Osman Houffaneh, des cadres de la CNDH, et de M. Moorad Errarhib, consultant international en droits de l&rsquo;Homme.<\/p>\n<p>L&rsquo;objet de cette visite portait sur l&rsquo;accre\u0301ditation de la CNDH aupre\u0300s de l&rsquo;Alliance Globale des Institutions nationales des droits de l&rsquo;Homme.<\/p>\n<p>Les crite\u0300res de cette e\u0301valuation sont de\u0301finis par les principes de Paris.<\/p>\n<p>Le ministre de la Justice et des Affaires Pe\u0301nitentiaires, charge\u0301 des Droits de l&rsquo;Homme, M. Ali Hassan Bahdon, a rec\u0327u une de\u0301le\u0301gation de la Commission nationale des droits de l&rsquo;Homme (CNDH) conduite par son pre\u0301sident, M. Ali Soubaneh Ateyeh.<\/p>\n<p>Cette de\u0301le\u0301gation e\u0301tait compose\u0301e de M. Ali Mohamed Ali, commissaire, du secre\u0301taire ge\u0301ne\u0301ral, M. Djibril Osman Houffaneh, des cadres de la CNDH, et de M. Moorad Errarhib, consultant international en droits de l&rsquo;Homme.<\/p>\n<p>L&rsquo;objet de cette visite portait sur l&rsquo;accre\u0301ditation de la CNDH aupre\u0300s de l&rsquo;Alliance Globale des Institutions nationales des droits de l&rsquo;Homme.<\/p>\n<p>Les crite\u0300res de cette e\u0301valuation sont de\u0301finis par les principes de Paris.<\/p>\n<p><strong>Pour plus d&rsquo;informations et d&rsquo;analyses sur la <a href=\"https:\/\/www.africa-press.net\/djibouti\">Djibouti<\/a>, suivez <a href=\"https:\/\/www.africa-press.net\/\">Africa-Press<\/a><\/strong><\/p>\n","protected":false},"excerpt":{"rendered":"<p>Africa-Press &#8211; Djibouti. Le ministre de la Justice et des Affaires Pe\u0301nitentiaires, charge\u0301 des Droits de l&rsquo;Homme, M. Ali Hassan Bahdon, a rec\u0327u une de\u0301le\u0301gation de la Commission nationale des droits de l&rsquo;Homme (CNDH) conduite par son pre\u0301sident, M. Ali Soubaneh Ateyeh. Cette de\u0301le\u0301gation e\u0301tait compose\u0301e de M. Ali Mohamed Ali, commissaire, du secre\u0301taire ge\u0301ne\u0301ral, [&hellip;]<\/p>\n","protected":false},"author":82,"featured_media":18354,"comment_status":"open","ping_status":"closed","sticky":false,"template":"","format":"standard","meta":{"footnotes":""},"categories":[2,20,10],"tags":[36,49,50],"class_list":["post-18355","post","type-post","status-publish","format-standard","has-post-thumbnail","hentry","category-politique","category-top-nouvelles","category-toutes-les-actualites","tag-africa-press","tag-africa-press-djibouti","tag-djibouti"],"yoast_head":"<!-- This site is optimized with the Yoast SEO Premium plugin v26.1 (Yoast SEO v27.0) - https:\/\/yoast.com\/product\/yoast-seo-premium-wordpress\/ -->\n<title>Le ministre de la Justice re\u00e7oit une d\u00e9l\u00e9gation conduite par le pr\u00e9sident de la CNDH - Djibouti<\/title>\n<meta name=\"description\" content=\"Le ministre de la Justice et des Affaires Pe\u0301nitentiaires, charge\u0301 des Droits de l&#039;Homme, M. Ali Hassan Bahdon, a rec\u0327u ...\" \/>\n<meta name=\"robots\" content=\"index, follow, max-snippet:-1, max-image-preview:large, max-video-preview:-1\" \/>\n<link rel=\"canonical\" href=\"https:\/\/www.africa-press.net\/djibouti\/politique\/le-ministre-de-la-justice-recoit-une-delegation-conduite-par-le-president-de-la-cndh\" \/>\n<meta property=\"og:locale\" content=\"fr_FR\" \/>\n<meta property=\"og:type\" content=\"article\" \/>\n<meta property=\"og:title\" content=\"Le ministre de la Justice re\u00e7oit une d\u00e9l\u00e9gation conduite par le pr\u00e9sident de la CNDH\" \/>\n<meta property=\"og:description\" content=\"Le ministre de la Justice et des Affaires Pe\u0301nitentiaires, charge\u0301 des Droits de l&#039;Homme, M. Ali Hassan Bahdon, a rec\u0327u ...\" \/>\n<meta property=\"og:url\" content=\"https:\/\/www.africa-press.net\/djibouti\/politique\/le-ministre-de-la-justice-recoit-une-delegation-conduite-par-le-president-de-la-cndh\" \/>\n<meta property=\"og:site_name\" content=\"Djibouti\" \/>\n<meta property=\"article:published_time\" content=\"2023-09-25T17:00:12+00:00\" \/>\n<meta property=\"article:modified_time\" content=\"2023-09-25T17:55:56+00:00\" \/>\n<meta property=\"og:image\" content=\"https:\/\/static.africa-press.net\/djibouti\/sites\/52\/2023\/09\/sm_1695651897.635967.jpg\" \/>\n\t<meta property=\"og:image:width\" content=\"1600\" \/>\n\t<meta property=\"og:image:height\" content=\"1066\" \/>\n\t<meta property=\"og:image:type\" content=\"image\/jpeg\" \/>\n<meta name=\"author\" content=\"cfeditorfr\" \/>\n<meta name=\"twitter:card\" content=\"summary_large_image\" \/>\n<meta name=\"twitter:label1\" content=\"\u00c9crit par\" \/>\n\t<meta name=\"twitter:data1\" content=\"cfeditorfr\" \/>\n\t<meta name=\"twitter:label2\" content=\"Dur\u00e9e de lecture estim\u00e9e\" \/>\n\t<meta name=\"twitter:data2\" content=\"2 minutes\" \/>\n<script type=\"application\/ld+json\" class=\"yoast-schema-graph\">{\"@context\":\"https:\/\/schema.org\",\"@graph\":[{\"@type\":\"Article\",\"@id\":\"https:\/\/www.africa-press.net\/djibouti\/politique\/le-ministre-de-la-justice-recoit-une-delegation-conduite-par-le-president-de-la-cndh#article\",\"isPartOf\":{\"@id\":\"https:\/\/www.africa-press.net\/djibouti\/politique\/le-ministre-de-la-justice-recoit-une-delegation-conduite-par-le-president-de-la-cndh\"},\"author\":{\"name\":\"cfeditorfr\",\"@id\":\"https:\/\/www.africa-press.net\/djibouti\/#\/schema\/person\/2b1cf3cd81a31e3cd26889ca66d677f1\"},\"headline\":\"Le ministre de la Justice re\u00e7oit une d\u00e9l\u00e9gation conduite par le pr\u00e9sident de la CNDH\",\"datePublished\":\"2023-09-25T17:00:12+00:00\",\"dateModified\":\"2023-09-25T17:55:56+00:00\",\"mainEntityOfPage\":{\"@id\":\"https:\/\/www.africa-press.net\/djibouti\/politique\/le-ministre-de-la-justice-recoit-une-delegation-conduite-par-le-president-de-la-cndh\"},\"wordCount\":292,\"commentCount\":0,\"image\":{\"@id\":\"https:\/\/www.africa-press.net\/djibouti\/politique\/le-ministre-de-la-justice-recoit-une-delegation-conduite-par-le-president-de-la-cndh#primaryimage\"},\"thumbnailUrl\":\"https:\/\/static.africa-press.net\/djibouti\/sites\/52\/2023\/09\/sm_1695651897.635967.jpg\",\"keywords\":[\"Africa Press\",\"Africa Press-Djibouti\",\"Djibouti\"],\"articleSection\":[\"Politique\",\"Top Nouvelles\",\"Toutes les actualit\u00e9s\"],\"inLanguage\":\"fr-FR\",\"potentialAction\":[{\"@type\":\"CommentAction\",\"name\":\"Comment\",\"target\":[\"https:\/\/www.africa-press.net\/djibouti\/politique\/le-ministre-de-la-justice-recoit-une-delegation-conduite-par-le-president-de-la-cndh#respond\"]}]},{\"@type\":\"WebPage\",\"@id\":\"https:\/\/www.africa-press.net\/djibouti\/politique\/le-ministre-de-la-justice-recoit-une-delegation-conduite-par-le-president-de-la-cndh\",\"url\":\"https:\/\/www.africa-press.net\/djibouti\/politique\/le-ministre-de-la-justice-recoit-une-delegation-conduite-par-le-president-de-la-cndh\",\"name\":\"Le ministre de la Justice re\u00e7oit une d\u00e9l\u00e9gation conduite par le pr\u00e9sident de la CNDH - Djibouti\",\"isPartOf\":{\"@id\":\"https:\/\/www.africa-press.net\/djibouti\/#website\"},\"primaryImageOfPage\":{\"@id\":\"https:\/\/www.africa-press.net\/djibouti\/politique\/le-ministre-de-la-justice-recoit-une-delegation-conduite-par-le-president-de-la-cndh#primaryimage\"},\"image\":{\"@id\":\"https:\/\/www.africa-press.net\/djibouti\/politique\/le-ministre-de-la-justice-recoit-une-delegation-conduite-par-le-president-de-la-cndh#primaryimage\"},\"thumbnailUrl\":\"https:\/\/static.africa-press.net\/djibouti\/sites\/52\/2023\/09\/sm_1695651897.635967.jpg\",\"datePublished\":\"2023-09-25T17:00:12+00:00\",\"dateModified\":\"2023-09-25T17:55:56+00:00\",\"author\":{\"@id\":\"https:\/\/www.africa-press.net\/djibouti\/#\/schema\/person\/2b1cf3cd81a31e3cd26889ca66d677f1\"},\"description\":\"Le ministre de la Justice et des Affaires Pe\u0301nitentiaires, charge\u0301 des Droits de l'Homme, M. Ali Hassan Bahdon, a rec\u0327u ...\",\"breadcrumb\":{\"@id\":\"https:\/\/www.africa-press.net\/djibouti\/politique\/le-ministre-de-la-justice-recoit-une-delegation-conduite-par-le-president-de-la-cndh#breadcrumb\"},\"inLanguage\":\"fr-FR\",\"potentialAction\":[{\"@type\":\"ReadAction\",\"target\":[\"https:\/\/www.africa-press.net\/djibouti\/politique\/le-ministre-de-la-justice-recoit-une-delegation-conduite-par-le-president-de-la-cndh\"]}]},{\"@type\":\"ImageObject\",\"inLanguage\":\"fr-FR\",\"@id\":\"https:\/\/www.africa-press.net\/djibouti\/politique\/le-ministre-de-la-justice-recoit-une-delegation-conduite-par-le-president-de-la-cndh#primaryimage\",\"url\":\"https:\/\/static.africa-press.net\/djibouti\/sites\/52\/2023\/09\/sm_1695651897.635967.jpg\",\"contentUrl\":\"https:\/\/static.africa-press.net\/djibouti\/sites\/52\/2023\/09\/sm_1695651897.635967.jpg\",\"width\":1600,\"height\":1066,\"caption\":\"Le ministre de la Justice re\u00e7oit une d\u00e9l\u00e9gation conduite par le pr\u00e9sident de la CNDH\"},{\"@type\":\"BreadcrumbList\",\"@id\":\"https:\/\/www.africa-press.net\/djibouti\/politique\/le-ministre-de-la-justice-recoit-une-delegation-conduite-par-le-president-de-la-cndh#breadcrumb\",\"itemListElement\":[{\"@type\":\"ListItem\",\"position\":1,\"name\":\"Accueil\",\"item\":\"https:\/\/www.africa-press.net\/djibouti\/\"},{\"@type\":\"ListItem\",\"position\":2,\"name\":\"Le ministre de la Justice re\u00e7oit une d\u00e9l\u00e9gation conduite par le pr\u00e9sident de la CNDH\"}]},{\"@type\":\"WebSite\",\"@id\":\"https:\/\/www.africa-press.net\/djibouti\/#website\",\"url\":\"https:\/\/www.africa-press.net\/djibouti\/\",\"name\":\"Djibouti\",\"description\":\"Just another Africa News Agency Sites site\",\"potentialAction\":[{\"@type\":\"SearchAction\",\"target\":{\"@type\":\"EntryPoint\",\"urlTemplate\":\"https:\/\/www.africa-press.net\/djibouti\/?s={search_term_string}\"},\"query-input\":{\"@type\":\"PropertyValueSpecification\",\"valueRequired\":true,\"valueName\":\"search_term_string\"}}],\"inLanguage\":\"fr-FR\"},{\"@type\":\"Person\",\"@id\":\"https:\/\/www.africa-press.net\/djibouti\/#\/schema\/person\/2b1cf3cd81a31e3cd26889ca66d677f1\",\"name\":\"cfeditorfr\"}]}<\/script>\n<!-- \/ Yoast SEO Premium plugin. -->","yoast_head_json":{"title":"Le ministre de la Justice re\u00e7oit une d\u00e9l\u00e9gation conduite par le pr\u00e9sident de la CNDH - Djibouti","description":"Le ministre de la Justice et des Affaires Pe\u0301nitentiaires, charge\u0301 des Droits de l'Homme, M. Ali Hassan Bahdon, a rec\u0327u ...","robots":{"index":"index","follow":"follow","max-snippet":"max-snippet:-1","max-image-preview":"max-image-preview:large","max-video-preview":"max-video-preview:-1"},"canonical":"https:\/\/www.africa-press.net\/djibouti\/politique\/le-ministre-de-la-justice-recoit-une-delegation-conduite-par-le-president-de-la-cndh","og_locale":"fr_FR","og_type":"article","og_title":"Le ministre de la Justice re\u00e7oit une d\u00e9l\u00e9gation conduite par le pr\u00e9sident de la CNDH","og_description":"Le ministre de la Justice et des Affaires Pe\u0301nitentiaires, charge\u0301 des Droits de l'Homme, M. Ali Hassan Bahdon, a rec\u0327u ...","og_url":"https:\/\/www.africa-press.net\/djibouti\/politique\/le-ministre-de-la-justice-recoit-une-delegation-conduite-par-le-president-de-la-cndh","og_site_name":"Djibouti","article_published_time":"2023-09-25T17:00:12+00:00","article_modified_time":"2023-09-25T17:55:56+00:00","og_image":[{"width":1600,"height":1066,"url":"https:\/\/static.africa-press.net\/djibouti\/sites\/52\/2023\/09\/sm_1695651897.635967.jpg","type":"image\/jpeg"}],"author":"cfeditorfr","twitter_card":"summary_large_image","twitter_misc":{"\u00c9crit par":"cfeditorfr","Dur\u00e9e de lecture estim\u00e9e":"2 minutes"},"schema":{"@context":"https:\/\/schema.org","@graph":[{"@type":"Article","@id":"https:\/\/www.africa-press.net\/djibouti\/politique\/le-ministre-de-la-justice-recoit-une-delegation-conduite-par-le-president-de-la-cndh#article","isPartOf":{"@id":"https:\/\/www.africa-press.net\/djibouti\/politique\/le-ministre-de-la-justice-recoit-une-delegation-conduite-par-le-president-de-la-cndh"},"author":{"name":"cfeditorfr","@id":"https:\/\/www.africa-press.net\/djibouti\/#\/schema\/person\/2b1cf3cd81a31e3cd26889ca66d677f1"},"headline":"Le ministre de la Justice re\u00e7oit une d\u00e9l\u00e9gation conduite par le pr\u00e9sident de la CNDH","datePublished":"2023-09-25T17:00:12+00:00","dateModified":"2023-09-25T17:55:56+00:00","mainEntityOfPage":{"@id":"https:\/\/www.africa-press.net\/djibouti\/politique\/le-ministre-de-la-justice-recoit-une-delegation-conduite-par-le-president-de-la-cndh"},"wordCount":292,"commentCount":0,"image":{"@id":"https:\/\/www.africa-press.net\/djibouti\/politique\/le-ministre-de-la-justice-recoit-une-delegation-conduite-par-le-president-de-la-cndh#primaryimage"},"thumbnailUrl":"https:\/\/static.africa-press.net\/djibouti\/sites\/52\/2023\/09\/sm_1695651897.635967.jpg","keywords":["Africa Press","Africa Press-Djibouti","Djibouti"],"articleSection":["Politique","Top Nouvelles","Toutes les actualit\u00e9s"],"inLanguage":"fr-FR","potentialAction":[{"@type":"CommentAction","name":"Comment","target":["https:\/\/www.africa-press.net\/djibouti\/politique\/le-ministre-de-la-justice-recoit-une-delegation-conduite-par-le-president-de-la-cndh#respond"]}]},{"@type":"WebPage","@id":"https:\/\/www.africa-press.net\/djibouti\/politique\/le-ministre-de-la-justice-recoit-une-delegation-conduite-par-le-president-de-la-cndh","url":"https:\/\/www.africa-press.net\/djibouti\/politique\/le-ministre-de-la-justice-recoit-une-delegation-conduite-par-le-president-de-la-cndh","name":"Le ministre de la Justice re\u00e7oit une d\u00e9l\u00e9gation conduite par le pr\u00e9sident de la CNDH - Djibouti","isPartOf":{"@id":"https:\/\/www.africa-press.net\/djibouti\/#website"},"primaryImageOfPage":{"@id":"https:\/\/www.africa-press.net\/djibouti\/politique\/le-ministre-de-la-justice-recoit-une-delegation-conduite-par-le-president-de-la-cndh#primaryimage"},"image":{"@id":"https:\/\/www.africa-press.net\/djibouti\/politique\/le-ministre-de-la-justice-recoit-une-delegation-conduite-par-le-president-de-la-cndh#primaryimage"},"thumbnailUrl":"https:\/\/static.africa-press.net\/djibouti\/sites\/52\/2023\/09\/sm_1695651897.635967.jpg","datePublished":"2023-09-25T17:00:12+00:00","dateModified":"2023-09-25T17:55:56+00:00","author":{"@id":"https:\/\/www.africa-press.net\/djibouti\/#\/schema\/person\/2b1cf3cd81a31e3cd26889ca66d677f1"},"description":"Le ministre de la Justice et des Affaires Pe\u0301nitentiaires, charge\u0301 des Droits de l'Homme, M. Ali Hassan Bahdon, a rec\u0327u ...","breadcrumb":{"@id":"https:\/\/www.africa-press.net\/djibouti\/politique\/le-ministre-de-la-justice-recoit-une-delegation-conduite-par-le-president-de-la-cndh#breadcrumb"},"inLanguage":"fr-FR","potentialAction":[{"@type":"ReadAction","target":["https:\/\/www.africa-press.net\/djibouti\/politique\/le-ministre-de-la-justice-recoit-une-delegation-conduite-par-le-president-de-la-cndh"]}]},{"@type":"ImageObject","inLanguage":"fr-FR","@id":"https:\/\/www.africa-press.net\/djibouti\/politique\/le-ministre-de-la-justice-recoit-une-delegation-conduite-par-le-president-de-la-cndh#primaryimage","url":"https:\/\/static.africa-press.net\/djibouti\/sites\/52\/2023\/09\/sm_1695651897.635967.jpg","contentUrl":"https:\/\/static.africa-press.net\/djibouti\/sites\/52\/2023\/09\/sm_1695651897.635967.jpg","width":1600,"height":1066,"caption":"Le ministre de la Justice re\u00e7oit une d\u00e9l\u00e9gation conduite par le pr\u00e9sident de la CNDH"},{"@type":"BreadcrumbList","@id":"https:\/\/www.africa-press.net\/djibouti\/politique\/le-ministre-de-la-justice-recoit-une-delegation-conduite-par-le-president-de-la-cndh#breadcrumb","itemListElement":[{"@type":"ListItem","position":1,"name":"Accueil","item":"https:\/\/www.africa-press.net\/djibouti\/"},{"@type":"ListItem","position":2,"name":"Le ministre de la Justice re\u00e7oit une d\u00e9l\u00e9gation conduite par le pr\u00e9sident de la CNDH"}]},{"@type":"WebSite","@id":"https:\/\/www.africa-press.net\/djibouti\/#website","url":"https:\/\/www.africa-press.net\/djibouti\/","name":"Djibouti","description":"Just another Africa News Agency Sites site","potentialAction":[{"@type":"SearchAction","target":{"@type":"EntryPoint","urlTemplate":"https:\/\/www.africa-press.net\/djibouti\/?s={search_term_string}"},"query-input":{"@type":"PropertyValueSpecification","valueRequired":true,"valueName":"search_term_string"}}],"inLanguage":"fr-FR"},{"@type":"Person","@id":"https:\/\/www.africa-press.net\/djibouti\/#\/schema\/person\/2b1cf3cd81a31e3cd26889ca66d677f1","name":"cfeditorfr"}]}},"_links":{"self":[{"href":"https:\/\/www.africa-press.net\/djibouti\/wp-json\/wp\/v2\/posts\/18355","targetHints":{"allow":["GET"]}}],"collection":[{"href":"https:\/\/www.africa-press.net\/djibouti\/wp-json\/wp\/v2\/posts"}],"about":[{"href":"https:\/\/www.africa-press.net\/djibouti\/wp-json\/wp\/v2\/types\/post"}],"author":[{"embeddable":true,"href":"https:\/\/www.africa-press.net\/djibouti\/wp-json\/wp\/v2\/users\/82"}],"replies":[{"embeddable":true,"href":"https:\/\/www.africa-press.net\/djibouti\/wp-json\/wp\/v2\/comments?post=18355"}],"version-history":[{"count":0,"href":"https:\/\/www.africa-press.net\/djibouti\/wp-json\/wp\/v2\/posts\/18355\/revisions"}],"wp:featuredmedia":[{"embeddable":true,"href":"https:\/\/www.africa-press.net\/djibouti\/wp-json\/wp\/v2\/media\/18354"}],"wp:attachment":[{"href":"https:\/\/www.africa-press.net\/djibouti\/wp-json\/wp\/v2\/media?parent=18355"}],"wp:term":[{"taxonomy":"category","embeddable":true,"href":"https:\/\/www.africa-press.net\/djibouti\/wp-json\/wp\/v2\/categories?post=18355"},{"taxonomy":"post_tag","embeddable":true,"href":"https:\/\/www.africa-press.net\/djibouti\/wp-json\/wp\/v2\/tags?post=18355"}],"curies":[{"name":"wp","href":"https:\/\/api.w.org\/{rel}","templated":true}]}}