{"id":18358,"date":"2023-09-25T16:00:40","date_gmt":"2023-09-25T16:00:40","guid":{"rendered":"https:\/\/www.africa-press.net\/djibouti\/politique\/le-premier-ministre-inaugure-les-travaux-de-la-9e-edition-de-la-conference-internationale-sur-le-guichet-unique"},"modified":"2023-09-25T17:56:27","modified_gmt":"2023-09-25T17:56:27","slug":"le-premier-ministre-inaugure-les-travaux-de-la-9e-edition-de-la-conference-internationale-sur-le-guichet-unique","status":"publish","type":"post","link":"https:\/\/www.africa-press.net\/djibouti\/politique\/le-premier-ministre-inaugure-les-travaux-de-la-9e-edition-de-la-conference-internationale-sur-le-guichet-unique","title":{"rendered":"Le Premier ministre inaugure les travaux de la 9e \u00e9dition de la conf\u00e9rence internationale sur le guichet unique"},"content":{"rendered":"<p><span style=\"color: #ff6600\"><strong>Africa-Press &#8211; Djibouti. <\/strong><\/span>Le Premier ministre, M. Abdoulkader Kamil Mohamed, a donne\u0301 ce lundi le coup d&rsquo;envoi des travaux de la 9e e\u0301dition de la Confe\u0301rence internationale sur le guichet unique a\u0300 l&rsquo;ho\u0302tel Kempinski.<\/p>\n<p>Plusieurs membres du gouvernement, dont le ministre des Infrastructures et de l\u2019Equipement, M. Hassan Houmed Ibrahim, la ministre de\u0301le\u0301gue\u0301e charge\u0301e de l\u2019Economie nume\u0301rique et de l\u2019Innovation, Mme Mariam Hamadou Ali, ainsi que le pre\u0301sident de l\u2019Autorite\u0301 des Ports et des Zones Franches de Djibouti (APZFD), M. Aboubaker Omar Hadi, ont pris part a\u0300 cette confe\u0301rence.<\/p>\n<p>Outre la Re\u0301publique de Djibouti, l&rsquo;Alliance africaine pour le commerce e\u0301lectronique est partenaire de cet e\u0301ve\u0300nement organise\u0301 avec le soutien de l\u2019Union europe\u0301enne (UE).<\/p>\n<p>Cette confe\u0301rence internationale met en lumie\u0300re les opportunite\u0301s d&rsquo;investissement et les de\u0301veloppements en cours sur le continent africain qui permettront d&rsquo;ame\u0301liorer l&rsquo;efficacite\u0301 du commerce au niveau mondial.<\/p>\n<p>Il s&rsquo;agit de mettre en place des dispositifs de nature a\u0300 stimuler l&rsquo;inte\u0301gration e\u0301conomique re\u0301gionale et faciliter le commerce re\u0301gional, conforme\u0301ment aux objectifs de la zone de libre-e\u0301change continentale africaine (ZLECAF).<\/p>\n<p>C&rsquo;est d&rsquo;ailleurs la\u0300 un des objectifs qui sous-tendent la strate\u0301gie e\u0301conomique et commerciale de l&rsquo;Initiative pour la Corne de l&rsquo;Afrique a\u0300 laquelle contribue notre pays en collaboration avec la Re\u0301publique fe\u0301de\u0301rale de\u0301mocratique d&rsquo;E\u0301thiopie.<\/p>\n<p>L&rsquo;UE a engage\u0301 32 millions d&rsquo;euros dans le cadre du programme \u00ab\u00a0Promouvoir l&rsquo;inte\u0301gration e\u0301conomique re\u0301gionale dans la Corne de l&rsquo;Afrique par le de\u0301veloppement du corridor de Djibouti\u00a0\u00bb, mis en \u0153uvre par l&rsquo;Agence Franc\u0327aise de De\u0301veloppement (AFD) et l&rsquo;organisation d&rsquo;aide au commerce TradeMark Africa (TMA).<\/p>\n<p>Le programme vise a\u0300 ame\u0301liorer l&rsquo;efficacite\u0301 de l&rsquo;un des corridors e\u0301conomiques les plus actifs d&rsquo;Afrique, le Corridor de Djibouti, tout en encourageant le commerce inclusif.<\/p>\n<p>Cet objectif est possible gra\u0302ce a\u0300 la nume\u0301risation des processus commerciaux dans les agences gouvernementales, afin de re\u0301duire le temps ne\u0301cessaire a\u0300 l&rsquo;obtention des documents commerciaux et d&rsquo;acce\u0301le\u0301rer le transit des marchandises le long du corridor &#8211; du port de Djibouti a\u0300 Addis-Abeba, la capitale de l&rsquo;E\u0301thiopie. Les guichets uniques e\u0301lectroniques et les syste\u0300mes de suivi des marchandises sont des exemples de ces e\u0301volutions nume\u0301riques.<\/p>\n<p>Dans un discours prononce\u0301 a\u0300 cette occasion, le Premier ministre, M. Abdoulkader Kamil Mohamed, a indique\u0301 que Djibouti jouit d&rsquo;une renomme\u0301e mondiale en tant que pivot logistique de premier plan.<\/p>\n<p>Nos activite\u0301s portuaires, a t-il insiste\u0301, constituent le c\u0153ur de cette voie commerciale, et au fil des anne\u0301es, nous avons continue\u0301 a\u0300 renforcer, moderniser et optimiser nos services. Cela a e\u0301te\u0301 possible gra\u0302ce a\u0300 la concre\u0301tisation de l&rsquo;engagement du Djibouti Port Community Service (DPCS).<\/p>\n<p>Selon lui, cette inte\u0301gration ne repre\u0301sente pas seulement notre capacite\u0301 d&rsquo;adopter des technologies de pointe, mais symbolise notre vision d&rsquo;un Djibouti au c\u0153ur d&rsquo;une toile mondiale de commerce et d&rsquo;e\u0301change. Notre ambition ne se limite pas a\u0300 nos frontie\u0300res : elle englobe le monde entier, car nous comprenons l&rsquo;interde\u0301pendance des marche\u0301s mondiaux.<\/p>\n<p>\u00ab\u00a0Pour mettre en place des partenariats strate\u0301giques fructueux, TradeMark Africa (TMA), partenaire de la mise en \u0153uvre de ce programme, a signe\u0301 des accords avec le ministe\u0300re djiboutien du Commerce et du Tourisme afin d&rsquo;e\u0301liminer les barrie\u0300res non tarifaires le long du corridor de Djibouti et d&rsquo;aligner la politique commerciale nationale de Djibouti sur l&rsquo;accord de facilitation des e\u0301changes de l&rsquo;Organisation mondiale du commerce et sur la zone de libre-e\u0301change continentale africaine (ZLECAF)\u00a0\u00bb, a t-il ajoute\u0301.<\/p>\n<p>Le Pre\u0301sident de l\u2019Autorite\u0301 des Ports et des Zones Franches de Djibouti (APZFD), M. Aboubaker Omar Hadi, a pour sa part souligne\u0301 que la promotion de l&rsquo;inte\u0301gration des e\u0301changes e\u0301conomiques intercontinentale est une the\u0301matique cle\u0301 pour l&rsquo;Union Africaine tout comme Union europe\u0301enne.<\/p>\n<p>Les investissements du Global Gateway ont pour ambition de renforcer des infrastructures de connectivite\u0301 de qualite\u0301 dans le monde, incluant le long de corridors en Afrique, a-t-il dit.<\/p>\n<p>Cela permettra d&rsquo;approfondir l&rsquo;inte\u0301gration commerciale avec l&rsquo;E\u0301thiopie gra\u0302ce a\u0300 l&rsquo;harmonisation des re\u0301gimes commerciaux et a\u0300 l&rsquo;adoption de re\u0300gles et de re\u0301glementations communes en matie\u0300re de commerce et de douanes.<\/p>\n<p>L&rsquo;objectif est ainsi de contribuer a\u0300 une re\u0301duction de 10 % du cou\u0302t du commerce, de 15 % du temps ne\u0301cessaire au commerce et de 30 % du temps ne\u0301cessaire au de\u0301douanement des marchandises a\u0300 certains postes frontie\u0300res.<\/p>\n<p>Cela ouvrira aussi la voie a\u0300 une augmentation de 15 % du volume des exportations dans les sous-secteurs cle\u0301s cible\u0301s et permettra une croissance de 15 % des revenus des groupes vulne\u0301rables cible\u0301s, en particulier les femmes dans le commerce.<\/p>\n<p>Le port de Djibouti, rappelons-le, ge\u0300re aujourd&rsquo;hui environ 90 % du commerce international de l&rsquo;E\u0301thiopie.<\/p>\n<p>Le Premier ministre, M. Abdoulkader Kamil Mohamed, a donne\u0301 ce lundi le coup d&rsquo;envoi des travaux de la 9e e\u0301dition de la Confe\u0301rence internationale sur le guichet unique a\u0300 l&rsquo;ho\u0302tel Kempinski.<\/p>\n<p>Plusieurs membres du gouvernement, dont le ministre des Infrastructures et de l\u2019Equipement, M. Hassan Houmed Ibrahim, la ministre de\u0301le\u0301gue\u0301e charge\u0301e de l\u2019Economie nume\u0301rique et de l\u2019Innovation, Mme Mariam Hamadou Ali, ainsi que le pre\u0301sident de l\u2019Autorite\u0301 des Ports et des Zones Franches de Djibouti (APZFD), M. Aboubaker Omar Hadi, ont pris part a\u0300 cette confe\u0301rence.<\/p>\n<p>Outre la Re\u0301publique de Djibouti, l&rsquo;Alliance africaine pour le commerce e\u0301lectronique est partenaire de cet e\u0301ve\u0300nement organise\u0301 avec le soutien de l\u2019Union europe\u0301enne (UE).<\/p>\n<p>Cette confe\u0301rence internationale met en lumie\u0300re les opportunite\u0301s d&rsquo;investissement et les de\u0301veloppements en cours sur le continent africain qui permettront d&rsquo;ame\u0301liorer l&rsquo;efficacite\u0301 du commerce au niveau mondial.<\/p>\n<p>Il s&rsquo;agit de mettre en place des dispositifs de nature a\u0300 stimuler l&rsquo;inte\u0301gration e\u0301conomique re\u0301gionale et faciliter le commerce re\u0301gional, conforme\u0301ment aux objectifs de la zone de libre-e\u0301change continentale africaine (ZLECAF).<\/p>\n<p>C&rsquo;est d&rsquo;ailleurs la\u0300 un des objectifs qui sous-tendent la strate\u0301gie e\u0301conomique et commerciale de l&rsquo;Initiative pour la Corne de l&rsquo;Afrique a\u0300 laquelle contribue notre pays en collaboration avec la Re\u0301publique fe\u0301de\u0301rale de\u0301mocratique d&rsquo;E\u0301thiopie.<\/p>\n<p>L&rsquo;UE a engage\u0301 32 millions d&rsquo;euros dans le cadre du programme \u00ab\u00a0Promouvoir l&rsquo;inte\u0301gration e\u0301conomique re\u0301gionale dans la Corne de l&rsquo;Afrique par le de\u0301veloppement du corridor de Djibouti\u00a0\u00bb, mis en \u0153uvre par l&rsquo;Agence Franc\u0327aise de De\u0301veloppement (AFD) et l&rsquo;organisation d&rsquo;aide au commerce TradeMark Africa (TMA).<\/p>\n<p>Le programme vise a\u0300 ame\u0301liorer l&rsquo;efficacite\u0301 de l&rsquo;un des corridors e\u0301conomiques les plus actifs d&rsquo;Afrique, le Corridor de Djibouti, tout en encourageant le commerce inclusif.<\/p>\n<p>Cet objectif est possible gra\u0302ce a\u0300 la nume\u0301risation des processus commerciaux dans les agences gouvernementales, afin de re\u0301duire le temps ne\u0301cessaire a\u0300 l&rsquo;obtention des documents commerciaux et d&rsquo;acce\u0301le\u0301rer le transit des marchandises le long du corridor &#8211; du port de Djibouti a\u0300 Addis-Abeba, la capitale de l&rsquo;E\u0301thiopie. Les guichets uniques e\u0301lectroniques et les syste\u0300mes de suivi des marchandises sont des exemples de ces e\u0301volutions nume\u0301riques.<\/p>\n<p>Dans un discours prononce\u0301 a\u0300 cette occasion, le Premier ministre, M. Abdoulkader Kamil Mohamed, a indique\u0301 que Djibouti jouit d&rsquo;une renomme\u0301e mondiale en tant que pivot logistique de premier plan.<\/p>\n<p>Nos activite\u0301s portuaires, a t-il insiste\u0301, constituent le c\u0153ur de cette voie commerciale, et au fil des anne\u0301es, nous avons continue\u0301 a\u0300 renforcer, moderniser et optimiser nos services. Cela a e\u0301te\u0301 possible gra\u0302ce a\u0300 la concre\u0301tisation de l&rsquo;engagement du Djibouti Port Community Service (DPCS).<\/p>\n<p>Selon lui, cette inte\u0301gration ne repre\u0301sente pas seulement notre capacite\u0301 d&rsquo;adopter des technologies de pointe, mais symbolise notre vision d&rsquo;un Djibouti au c\u0153ur d&rsquo;une toile mondiale de commerce et d&rsquo;e\u0301change. Notre ambition ne se limite pas a\u0300 nos frontie\u0300res : elle englobe le monde entier, car nous comprenons l&rsquo;interde\u0301pendance des marche\u0301s mondiaux.<\/p>\n<p>\u00ab\u00a0Pour mettre en place des partenariats strate\u0301giques fructueux, TradeMark Africa (TMA), partenaire de la mise en \u0153uvre de ce programme, a signe\u0301 des accords avec le ministe\u0300re djiboutien du Commerce et du Tourisme afin d&rsquo;e\u0301liminer les barrie\u0300res non tarifaires le long du corridor de Djibouti et d&rsquo;aligner la politique commerciale nationale de Djibouti sur l&rsquo;accord de facilitation des e\u0301changes de l&rsquo;Organisation mondiale du commerce et sur la zone de libre-e\u0301change continentale africaine (ZLECAF)\u00a0\u00bb, a t-il ajoute\u0301.<\/p>\n<p>Le Pre\u0301sident de l\u2019Autorite\u0301 des Ports et des Zones Franches de Djibouti (APZFD), M. Aboubaker Omar Hadi, a pour sa part souligne\u0301 que la promotion de l&rsquo;inte\u0301gration des e\u0301changes e\u0301conomiques intercontinentale est une the\u0301matique cle\u0301 pour l&rsquo;Union Africaine tout comme Union europe\u0301enne.<\/p>\n<p>Les investissements du Global Gateway ont pour ambition de renforcer des infrastructures de connectivite\u0301 de qualite\u0301 dans le monde, incluant le long de corridors en Afrique, a-t-il dit.<\/p>\n<p>Cela permettra d&rsquo;approfondir l&rsquo;inte\u0301gration commerciale avec l&rsquo;E\u0301thiopie gra\u0302ce a\u0300 l&rsquo;harmonisation des re\u0301gimes commerciaux et a\u0300 l&rsquo;adoption de re\u0300gles et de re\u0301glementations communes en matie\u0300re de commerce et de douanes.<\/p>\n<p>L&rsquo;objectif est ainsi de contribuer a\u0300 une re\u0301duction de 10 % du cou\u0302t du commerce, de 15 % du temps ne\u0301cessaire au commerce et de 30 % du temps ne\u0301cessaire au de\u0301douanement des marchandises a\u0300 certains postes frontie\u0300res.<\/p>\n<p>Cela ouvrira aussi la voie a\u0300 une augmentation de 15 % du volume des exportations dans les sous-secteurs cle\u0301s cible\u0301s et permettra une croissance de 15 % des revenus des groupes vulne\u0301rables cible\u0301s, en particulier les femmes dans le commerce.<\/p>\n<p>Le port de Djibouti, rappelons-le, ge\u0300re aujourd&rsquo;hui environ 90 % du commerce international de l&rsquo;E\u0301thiopie.<\/p>\n<p><strong>Pour plus d&rsquo;informations et d&rsquo;analyses sur la <a href=\"https:\/\/www.africa-press.net\/djibouti\">Djibouti<\/a>, suivez <a href=\"https:\/\/www.africa-press.net\/\">Africa-Press<\/a><\/strong><\/p>\n","protected":false},"excerpt":{"rendered":"<p>Africa-Press &#8211; Djibouti. Le Premier ministre, M. Abdoulkader Kamil Mohamed, a donne\u0301 ce lundi le coup d&rsquo;envoi des travaux de la 9e e\u0301dition de la Confe\u0301rence internationale sur le guichet unique a\u0300 l&rsquo;ho\u0302tel Kempinski. Plusieurs membres du gouvernement, dont le ministre des Infrastructures et de l\u2019Equipement, M. Hassan Houmed Ibrahim, la ministre de\u0301le\u0301gue\u0301e charge\u0301e de [&hellip;]<\/p>\n","protected":false},"author":82,"featured_media":18356,"comment_status":"open","ping_status":"closed","sticky":false,"template":"","format":"standard","meta":{"footnotes":""},"categories":[2,20,10],"tags":[36,49,50],"class_list":["post-18358","post","type-post","status-publish","format-standard","has-post-thumbnail","hentry","category-politique","category-top-nouvelles","category-toutes-les-actualites","tag-africa-press","tag-africa-press-djibouti","tag-djibouti"],"yoast_head":"<!-- This site is optimized with the Yoast SEO Premium plugin v26.1 (Yoast SEO v27.0) - https:\/\/yoast.com\/product\/yoast-seo-premium-wordpress\/ -->\n<title>Le Premier ministre inaugure les travaux de la 9e \u00e9dition de la conf\u00e9rence internationale sur le guichet unique - Djibouti<\/title>\n<meta name=\"description\" content=\"Le Premier ministre, M. Abdoulkader Kamil Mohamed, a donne\u0301 ce lundi le coup d&#039;envoi des travaux de la 9e e\u0301dition de la ...\" \/>\n<meta name=\"robots\" content=\"index, follow, max-snippet:-1, max-image-preview:large, max-video-preview:-1\" \/>\n<link rel=\"canonical\" href=\"https:\/\/www.africa-press.net\/djibouti\/politique\/le-premier-ministre-inaugure-les-travaux-de-la-9e-edition-de-la-conference-internationale-sur-le-guichet-unique\" \/>\n<meta property=\"og:locale\" content=\"fr_FR\" \/>\n<meta property=\"og:type\" content=\"article\" \/>\n<meta property=\"og:title\" content=\"Le Premier ministre inaugure les travaux de la 9e \u00e9dition de la conf\u00e9rence internationale sur le guichet unique\" \/>\n<meta property=\"og:description\" content=\"Le Premier ministre, M. Abdoulkader Kamil Mohamed, a donne\u0301 ce lundi le coup d&#039;envoi des travaux de la 9e e\u0301dition de la ...\" \/>\n<meta property=\"og:url\" content=\"https:\/\/www.africa-press.net\/djibouti\/politique\/le-premier-ministre-inaugure-les-travaux-de-la-9e-edition-de-la-conference-internationale-sur-le-guichet-unique\" \/>\n<meta property=\"og:site_name\" content=\"Djibouti\" \/>\n<meta property=\"article:published_time\" content=\"2023-09-25T16:00:40+00:00\" \/>\n<meta property=\"article:modified_time\" content=\"2023-09-25T17:56:27+00:00\" \/>\n<meta property=\"og:image\" content=\"https:\/\/static.africa-press.net\/djibouti\/sites\/52\/2023\/09\/sm_1695651937.010751.jpg\" \/>\n\t<meta property=\"og:image:width\" content=\"1600\" \/>\n\t<meta property=\"og:image:height\" content=\"1066\" \/>\n\t<meta property=\"og:image:type\" content=\"image\/jpeg\" \/>\n<meta name=\"author\" content=\"cfeditorfr\" \/>\n<meta name=\"twitter:card\" content=\"summary_large_image\" \/>\n<meta name=\"twitter:label1\" content=\"\u00c9crit par\" \/>\n\t<meta name=\"twitter:data1\" content=\"cfeditorfr\" \/>\n\t<meta name=\"twitter:label2\" content=\"Dur\u00e9e de lecture estim\u00e9e\" \/>\n\t<meta name=\"twitter:data2\" content=\"8 minutes\" \/>\n<script type=\"application\/ld+json\" class=\"yoast-schema-graph\">{\"@context\":\"https:\/\/schema.org\",\"@graph\":[{\"@type\":\"Article\",\"@id\":\"https:\/\/www.africa-press.net\/djibouti\/politique\/le-premier-ministre-inaugure-les-travaux-de-la-9e-edition-de-la-conference-internationale-sur-le-guichet-unique#article\",\"isPartOf\":{\"@id\":\"https:\/\/www.africa-press.net\/djibouti\/politique\/le-premier-ministre-inaugure-les-travaux-de-la-9e-edition-de-la-conference-internationale-sur-le-guichet-unique\"},\"author\":{\"name\":\"cfeditorfr\",\"@id\":\"https:\/\/www.africa-press.net\/djibouti\/#\/schema\/person\/2b1cf3cd81a31e3cd26889ca66d677f1\"},\"headline\":\"Le Premier ministre inaugure les travaux de la 9e \u00e9dition de la conf\u00e9rence internationale sur le guichet unique\",\"datePublished\":\"2023-09-25T16:00:40+00:00\",\"dateModified\":\"2023-09-25T17:56:27+00:00\",\"mainEntityOfPage\":{\"@id\":\"https:\/\/www.africa-press.net\/djibouti\/politique\/le-premier-ministre-inaugure-les-travaux-de-la-9e-edition-de-la-conference-internationale-sur-le-guichet-unique\"},\"wordCount\":1764,\"commentCount\":0,\"image\":{\"@id\":\"https:\/\/www.africa-press.net\/djibouti\/politique\/le-premier-ministre-inaugure-les-travaux-de-la-9e-edition-de-la-conference-internationale-sur-le-guichet-unique#primaryimage\"},\"thumbnailUrl\":\"https:\/\/static.africa-press.net\/djibouti\/sites\/52\/2023\/09\/sm_1695651937.010751.jpg\",\"keywords\":[\"Africa Press\",\"Africa Press-Djibouti\",\"Djibouti\"],\"articleSection\":[\"Politique\",\"Top Nouvelles\",\"Toutes les actualit\u00e9s\"],\"inLanguage\":\"fr-FR\",\"potentialAction\":[{\"@type\":\"CommentAction\",\"name\":\"Comment\",\"target\":[\"https:\/\/www.africa-press.net\/djibouti\/politique\/le-premier-ministre-inaugure-les-travaux-de-la-9e-edition-de-la-conference-internationale-sur-le-guichet-unique#respond\"]}]},{\"@type\":\"WebPage\",\"@id\":\"https:\/\/www.africa-press.net\/djibouti\/politique\/le-premier-ministre-inaugure-les-travaux-de-la-9e-edition-de-la-conference-internationale-sur-le-guichet-unique\",\"url\":\"https:\/\/www.africa-press.net\/djibouti\/politique\/le-premier-ministre-inaugure-les-travaux-de-la-9e-edition-de-la-conference-internationale-sur-le-guichet-unique\",\"name\":\"Le Premier ministre inaugure les travaux de la 9e \u00e9dition de la conf\u00e9rence internationale sur le guichet unique - Djibouti\",\"isPartOf\":{\"@id\":\"https:\/\/www.africa-press.net\/djibouti\/#website\"},\"primaryImageOfPage\":{\"@id\":\"https:\/\/www.africa-press.net\/djibouti\/politique\/le-premier-ministre-inaugure-les-travaux-de-la-9e-edition-de-la-conference-internationale-sur-le-guichet-unique#primaryimage\"},\"image\":{\"@id\":\"https:\/\/www.africa-press.net\/djibouti\/politique\/le-premier-ministre-inaugure-les-travaux-de-la-9e-edition-de-la-conference-internationale-sur-le-guichet-unique#primaryimage\"},\"thumbnailUrl\":\"https:\/\/static.africa-press.net\/djibouti\/sites\/52\/2023\/09\/sm_1695651937.010751.jpg\",\"datePublished\":\"2023-09-25T16:00:40+00:00\",\"dateModified\":\"2023-09-25T17:56:27+00:00\",\"author\":{\"@id\":\"https:\/\/www.africa-press.net\/djibouti\/#\/schema\/person\/2b1cf3cd81a31e3cd26889ca66d677f1\"},\"description\":\"Le Premier ministre, M. Abdoulkader Kamil Mohamed, a donne\u0301 ce lundi le coup d'envoi des travaux de la 9e e\u0301dition de la ...\",\"breadcrumb\":{\"@id\":\"https:\/\/www.africa-press.net\/djibouti\/politique\/le-premier-ministre-inaugure-les-travaux-de-la-9e-edition-de-la-conference-internationale-sur-le-guichet-unique#breadcrumb\"},\"inLanguage\":\"fr-FR\",\"potentialAction\":[{\"@type\":\"ReadAction\",\"target\":[\"https:\/\/www.africa-press.net\/djibouti\/politique\/le-premier-ministre-inaugure-les-travaux-de-la-9e-edition-de-la-conference-internationale-sur-le-guichet-unique\"]}]},{\"@type\":\"ImageObject\",\"inLanguage\":\"fr-FR\",\"@id\":\"https:\/\/www.africa-press.net\/djibouti\/politique\/le-premier-ministre-inaugure-les-travaux-de-la-9e-edition-de-la-conference-internationale-sur-le-guichet-unique#primaryimage\",\"url\":\"https:\/\/static.africa-press.net\/djibouti\/sites\/52\/2023\/09\/sm_1695651937.010751.jpg\",\"contentUrl\":\"https:\/\/static.africa-press.net\/djibouti\/sites\/52\/2023\/09\/sm_1695651937.010751.jpg\",\"width\":1600,\"height\":1066,\"caption\":\"Le Premier ministre inaugure les travaux de la 9e \u00e9dition de la conf\u00e9rence internationale sur le guichet unique\"},{\"@type\":\"BreadcrumbList\",\"@id\":\"https:\/\/www.africa-press.net\/djibouti\/politique\/le-premier-ministre-inaugure-les-travaux-de-la-9e-edition-de-la-conference-internationale-sur-le-guichet-unique#breadcrumb\",\"itemListElement\":[{\"@type\":\"ListItem\",\"position\":1,\"name\":\"Accueil\",\"item\":\"https:\/\/www.africa-press.net\/djibouti\/\"},{\"@type\":\"ListItem\",\"position\":2,\"name\":\"Le Premier ministre inaugure les travaux de la 9e \u00e9dition de la conf\u00e9rence internationale sur le guichet unique\"}]},{\"@type\":\"WebSite\",\"@id\":\"https:\/\/www.africa-press.net\/djibouti\/#website\",\"url\":\"https:\/\/www.africa-press.net\/djibouti\/\",\"name\":\"Djibouti\",\"description\":\"Just another Africa News Agency Sites site\",\"potentialAction\":[{\"@type\":\"SearchAction\",\"target\":{\"@type\":\"EntryPoint\",\"urlTemplate\":\"https:\/\/www.africa-press.net\/djibouti\/?s={search_term_string}\"},\"query-input\":{\"@type\":\"PropertyValueSpecification\",\"valueRequired\":true,\"valueName\":\"search_term_string\"}}],\"inLanguage\":\"fr-FR\"},{\"@type\":\"Person\",\"@id\":\"https:\/\/www.africa-press.net\/djibouti\/#\/schema\/person\/2b1cf3cd81a31e3cd26889ca66d677f1\",\"name\":\"cfeditorfr\"}]}<\/script>\n<!-- \/ Yoast SEO Premium plugin. -->","yoast_head_json":{"title":"Le Premier ministre inaugure les travaux de la 9e \u00e9dition de la conf\u00e9rence internationale sur le guichet unique - Djibouti","description":"Le Premier ministre, M. Abdoulkader Kamil Mohamed, a donne\u0301 ce lundi le coup d'envoi des travaux de la 9e e\u0301dition de la ...","robots":{"index":"index","follow":"follow","max-snippet":"max-snippet:-1","max-image-preview":"max-image-preview:large","max-video-preview":"max-video-preview:-1"},"canonical":"https:\/\/www.africa-press.net\/djibouti\/politique\/le-premier-ministre-inaugure-les-travaux-de-la-9e-edition-de-la-conference-internationale-sur-le-guichet-unique","og_locale":"fr_FR","og_type":"article","og_title":"Le Premier ministre inaugure les travaux de la 9e \u00e9dition de la conf\u00e9rence internationale sur le guichet unique","og_description":"Le Premier ministre, M. Abdoulkader Kamil Mohamed, a donne\u0301 ce lundi le coup d'envoi des travaux de la 9e e\u0301dition de la ...","og_url":"https:\/\/www.africa-press.net\/djibouti\/politique\/le-premier-ministre-inaugure-les-travaux-de-la-9e-edition-de-la-conference-internationale-sur-le-guichet-unique","og_site_name":"Djibouti","article_published_time":"2023-09-25T16:00:40+00:00","article_modified_time":"2023-09-25T17:56:27+00:00","og_image":[{"width":1600,"height":1066,"url":"https:\/\/static.africa-press.net\/djibouti\/sites\/52\/2023\/09\/sm_1695651937.010751.jpg","type":"image\/jpeg"}],"author":"cfeditorfr","twitter_card":"summary_large_image","twitter_misc":{"\u00c9crit par":"cfeditorfr","Dur\u00e9e de lecture estim\u00e9e":"8 minutes"},"schema":{"@context":"https:\/\/schema.org","@graph":[{"@type":"Article","@id":"https:\/\/www.africa-press.net\/djibouti\/politique\/le-premier-ministre-inaugure-les-travaux-de-la-9e-edition-de-la-conference-internationale-sur-le-guichet-unique#article","isPartOf":{"@id":"https:\/\/www.africa-press.net\/djibouti\/politique\/le-premier-ministre-inaugure-les-travaux-de-la-9e-edition-de-la-conference-internationale-sur-le-guichet-unique"},"author":{"name":"cfeditorfr","@id":"https:\/\/www.africa-press.net\/djibouti\/#\/schema\/person\/2b1cf3cd81a31e3cd26889ca66d677f1"},"headline":"Le Premier ministre inaugure les travaux de la 9e \u00e9dition de la conf\u00e9rence internationale sur le guichet unique","datePublished":"2023-09-25T16:00:40+00:00","dateModified":"2023-09-25T17:56:27+00:00","mainEntityOfPage":{"@id":"https:\/\/www.africa-press.net\/djibouti\/politique\/le-premier-ministre-inaugure-les-travaux-de-la-9e-edition-de-la-conference-internationale-sur-le-guichet-unique"},"wordCount":1764,"commentCount":0,"image":{"@id":"https:\/\/www.africa-press.net\/djibouti\/politique\/le-premier-ministre-inaugure-les-travaux-de-la-9e-edition-de-la-conference-internationale-sur-le-guichet-unique#primaryimage"},"thumbnailUrl":"https:\/\/static.africa-press.net\/djibouti\/sites\/52\/2023\/09\/sm_1695651937.010751.jpg","keywords":["Africa Press","Africa Press-Djibouti","Djibouti"],"articleSection":["Politique","Top Nouvelles","Toutes les actualit\u00e9s"],"inLanguage":"fr-FR","potentialAction":[{"@type":"CommentAction","name":"Comment","target":["https:\/\/www.africa-press.net\/djibouti\/politique\/le-premier-ministre-inaugure-les-travaux-de-la-9e-edition-de-la-conference-internationale-sur-le-guichet-unique#respond"]}]},{"@type":"WebPage","@id":"https:\/\/www.africa-press.net\/djibouti\/politique\/le-premier-ministre-inaugure-les-travaux-de-la-9e-edition-de-la-conference-internationale-sur-le-guichet-unique","url":"https:\/\/www.africa-press.net\/djibouti\/politique\/le-premier-ministre-inaugure-les-travaux-de-la-9e-edition-de-la-conference-internationale-sur-le-guichet-unique","name":"Le Premier ministre inaugure les travaux de la 9e \u00e9dition de la conf\u00e9rence internationale sur le guichet unique - Djibouti","isPartOf":{"@id":"https:\/\/www.africa-press.net\/djibouti\/#website"},"primaryImageOfPage":{"@id":"https:\/\/www.africa-press.net\/djibouti\/politique\/le-premier-ministre-inaugure-les-travaux-de-la-9e-edition-de-la-conference-internationale-sur-le-guichet-unique#primaryimage"},"image":{"@id":"https:\/\/www.africa-press.net\/djibouti\/politique\/le-premier-ministre-inaugure-les-travaux-de-la-9e-edition-de-la-conference-internationale-sur-le-guichet-unique#primaryimage"},"thumbnailUrl":"https:\/\/static.africa-press.net\/djibouti\/sites\/52\/2023\/09\/sm_1695651937.010751.jpg","datePublished":"2023-09-25T16:00:40+00:00","dateModified":"2023-09-25T17:56:27+00:00","author":{"@id":"https:\/\/www.africa-press.net\/djibouti\/#\/schema\/person\/2b1cf3cd81a31e3cd26889ca66d677f1"},"description":"Le Premier ministre, M. Abdoulkader Kamil Mohamed, a donne\u0301 ce lundi le coup d'envoi des travaux de la 9e e\u0301dition de la ...","breadcrumb":{"@id":"https:\/\/www.africa-press.net\/djibouti\/politique\/le-premier-ministre-inaugure-les-travaux-de-la-9e-edition-de-la-conference-internationale-sur-le-guichet-unique#breadcrumb"},"inLanguage":"fr-FR","potentialAction":[{"@type":"ReadAction","target":["https:\/\/www.africa-press.net\/djibouti\/politique\/le-premier-ministre-inaugure-les-travaux-de-la-9e-edition-de-la-conference-internationale-sur-le-guichet-unique"]}]},{"@type":"ImageObject","inLanguage":"fr-FR","@id":"https:\/\/www.africa-press.net\/djibouti\/politique\/le-premier-ministre-inaugure-les-travaux-de-la-9e-edition-de-la-conference-internationale-sur-le-guichet-unique#primaryimage","url":"https:\/\/static.africa-press.net\/djibouti\/sites\/52\/2023\/09\/sm_1695651937.010751.jpg","contentUrl":"https:\/\/static.africa-press.net\/djibouti\/sites\/52\/2023\/09\/sm_1695651937.010751.jpg","width":1600,"height":1066,"caption":"Le Premier ministre inaugure les travaux de la 9e \u00e9dition de la conf\u00e9rence internationale sur le guichet unique"},{"@type":"BreadcrumbList","@id":"https:\/\/www.africa-press.net\/djibouti\/politique\/le-premier-ministre-inaugure-les-travaux-de-la-9e-edition-de-la-conference-internationale-sur-le-guichet-unique#breadcrumb","itemListElement":[{"@type":"ListItem","position":1,"name":"Accueil","item":"https:\/\/www.africa-press.net\/djibouti\/"},{"@type":"ListItem","position":2,"name":"Le Premier ministre inaugure les travaux de la 9e \u00e9dition de la conf\u00e9rence internationale sur le guichet unique"}]},{"@type":"WebSite","@id":"https:\/\/www.africa-press.net\/djibouti\/#website","url":"https:\/\/www.africa-press.net\/djibouti\/","name":"Djibouti","description":"Just another Africa News Agency Sites site","potentialAction":[{"@type":"SearchAction","target":{"@type":"EntryPoint","urlTemplate":"https:\/\/www.africa-press.net\/djibouti\/?s={search_term_string}"},"query-input":{"@type":"PropertyValueSpecification","valueRequired":true,"valueName":"search_term_string"}}],"inLanguage":"fr-FR"},{"@type":"Person","@id":"https:\/\/www.africa-press.net\/djibouti\/#\/schema\/person\/2b1cf3cd81a31e3cd26889ca66d677f1","name":"cfeditorfr"}]}},"_links":{"self":[{"href":"https:\/\/www.africa-press.net\/djibouti\/wp-json\/wp\/v2\/posts\/18358","targetHints":{"allow":["GET"]}}],"collection":[{"href":"https:\/\/www.africa-press.net\/djibouti\/wp-json\/wp\/v2\/posts"}],"about":[{"href":"https:\/\/www.africa-press.net\/djibouti\/wp-json\/wp\/v2\/types\/post"}],"author":[{"embeddable":true,"href":"https:\/\/www.africa-press.net\/djibouti\/wp-json\/wp\/v2\/users\/82"}],"replies":[{"embeddable":true,"href":"https:\/\/www.africa-press.net\/djibouti\/wp-json\/wp\/v2\/comments?post=18358"}],"version-history":[{"count":0,"href":"https:\/\/www.africa-press.net\/djibouti\/wp-json\/wp\/v2\/posts\/18358\/revisions"}],"wp:featuredmedia":[{"embeddable":true,"href":"https:\/\/www.africa-press.net\/djibouti\/wp-json\/wp\/v2\/media\/18356"}],"wp:attachment":[{"href":"https:\/\/www.africa-press.net\/djibouti\/wp-json\/wp\/v2\/media?parent=18358"}],"wp:term":[{"taxonomy":"category","embeddable":true,"href":"https:\/\/www.africa-press.net\/djibouti\/wp-json\/wp\/v2\/categories?post=18358"},{"taxonomy":"post_tag","embeddable":true,"href":"https:\/\/www.africa-press.net\/djibouti\/wp-json\/wp\/v2\/tags?post=18358"}],"curies":[{"name":"wp","href":"https:\/\/api.w.org\/{rel}","templated":true}]}}