{"id":18388,"date":"2023-09-26T18:20:48","date_gmt":"2023-09-26T18:20:48","guid":{"rendered":"https:\/\/www.africa-press.net\/djibouti\/politique\/le-chef-de-letat-preside-les-travaux-de-la-13eme-seance-du-conseil-des-ministres"},"modified":"2023-09-26T18:40:41","modified_gmt":"2023-09-26T18:40:41","slug":"le-chef-de-letat-preside-les-travaux-de-la-13eme-seance-du-conseil-des-ministres","status":"publish","type":"post","link":"https:\/\/www.africa-press.net\/djibouti\/politique\/le-chef-de-letat-preside-les-travaux-de-la-13eme-seance-du-conseil-des-ministres","title":{"rendered":"Le chef de l&rsquo;Etat pr\u00e9side les travaux de la 13\u00e8me s\u00e9ance du Conseil des ministres"},"content":{"rendered":"<p><span style=\"color: #ff6600\"><strong>Africa-Press &#8211; Djibouti. <\/strong><\/span>Le chef de l\u2019Etat, M. Ismai\u0308l Omar Guelleh, a pre\u0301side\u0301 ce mardi les travaux de la 13e\u0300me se\u0301ance du Conseil des ministres au cours de laquelle l\u2019exe\u0301cutif djiboutien a examine\u0301 et approuve\u0301 un projet de De\u0301cret portant cre\u0301ation du Journal Officiel Electronique de\u0301nomme\u0301 \u00ab E-JO \u00bb.<\/p>\n<p>\u00ab Le projet de De\u0301cret a pour objet la cre\u0301ation d\u2019une Edition Electronique du Journal Officiel de la Re\u0301publique de Djibouti. Le Journal Officiel de la Re\u0301publique de Djibouti est l\u2019he\u0301ritier de quatre supports officiels d\u2019information ayant eux-me\u0302mes connu une longue e\u0301volution \u00bb, peut-on lire dans le communique\u0301 publie\u0301 a\u0300 l\u2019issue de cette 13e\u0300me se\u0301ance.<\/p>\n<p>L\u2019ADI vous propose de lire ci-apre\u0300s le communique\u0301 en son inte\u0301gralite\u0301 :<\/p>\n<p>Ont e\u0301te\u0301 examine\u0301s et approuve\u0301s les textes suivants :<\/p>\n<p>MINISTERE DE LA VILLE, DE L\u2019URBANISME ET DE L\u2019HABITAT.<\/p>\n<p>1ERE QUESTION : Projets de Loi portant approbation des comptes financiers de la Socie\u0301te\u0301 Immobilie\u0300re et d\u2019Ame\u0301nagement Foncier (SIAF) pour les exercices 2018, 2019, 2020, 2021 et 2022.<\/p>\n<p>La Ministre de la ville a pre\u0301sente\u0301 au Conseil des Ministres les comptes financiers de la Socie\u0301te\u0301 Immobilie\u0300re et d\u2019Ame\u0301nagement Foncier (SIAF) de l\u2019exercice 2022 et a re\u0301gularise\u0301 en paralle\u0300le les comptes financiers des anne\u0301es ante\u0301rieures. Il y a lieu de fe\u0301liciter ce travail de re\u0301gularisation qui porte sur 5 anne\u0301es avec des documents comptables de qualite\u0301 et l&rsquo;assainissement de la situation financie\u0300re par la nouvelle direction qui a permis d\u2019ame\u0301liorer le re\u0301sultat net. Les comptes financiers de la SIAF pour l&rsquo;exercice 2022 sont arre\u0302te\u0301s en produits a\u0300 992 414 841 FDJ. Les produits connaissent une augmentation de 20%. Ils passent de 824,9 millions de FDJ en 2021 a\u0300 992,4 millions de FDJ en 2022. Ces produits sont constitue\u0301s des revenus des locations ventes, des ventes de parcelles viabilise\u0301es. Cette progression est due en grande partie a\u0300 la vente des parcelles de Hodan 1, 2 et de Nagad. Les charges d&rsquo;exploitation, dont la masse salariale et d&rsquo;autres charges ope\u0301rationnelles, repre\u0301sentaient 84% des de\u0301penses totales en 2022, contre 71% en 2018. Les charges financie\u0300res, quant a\u0300 elles, ont diminue\u0301, repre\u0301sentant 18% en 2022 contre 29% en 2018, gra\u0302ce a\u0300 une restructuration des dettes aupre\u0300s des banques. Les emprunts et dettes assimile\u0301es de la SIAF ont diminue\u0301 de 13%, passant de 15,14 milliards en 2018 a\u0300 13,22 milliards en 2022. Ces dettes englobent principalement celles contracte\u0301es aupre\u0300s de l&rsquo;E\u0301tat (principalement le foncier des terrains en voie de viabilisation) et des bailleurs internationaux (dettes des anciens de\u0301veloppements de la Socie\u0301te\u0301 Immobilie\u0300re de Djibouti). Au cours de ces exercices, il ressort que l\u2019e\u0301tablissement a proce\u0301de\u0301 a\u0300 un certain nombre de retraitements du bilan, en re\u0301alisant une re\u0301e\u0301valuation de ces actifs et une correction du montant des immobilisations financie\u0300res.<\/p>\n<p>PRESIDENCE DE LA REPUBLIQUE.<\/p>\n<p>2EME QUESTION : Projet de De\u0301cret portant cre\u0301ation du Journal Officiel Electronique de\u0301nomme\u0301 \u00ab E-JO \u00bb.<\/p>\n<p>Le projet de De\u0301cret a pour objet la cre\u0301ation d\u2019une Edition Electronique du Journal Officiel de la Re\u0301publique de Djibouti. Le Journal Officiel de la Re\u0301publique de Djibouti est l&rsquo;he\u0301ritier de quatre supports officiels d&rsquo;information ayant eux-me\u0302mes connu une longue e\u0301volution :<\/p>\n<p>&#8211; Le Journal Officiel du Protectorat de la Co\u0302te Franc\u0327aise des Somalis et De\u0301pendances parut pour la premie\u0300re fois le 08 fe\u0301vrier 1900 et qui a pris fin en 1906.<\/p>\n<p>&#8211; Le Journal Officiel du Protectorat de la Co\u0302te Franc\u0327aise des Somalis qui a e\u0301te\u0301 cre\u0301e\u0301 en 1906 et a pris fin en 1920.<\/p>\n<p>&#8211; Le Journal Officiel de la Cote Franc\u0327aise de Somalie qui a e\u0301te\u0301 cre\u0301e\u0301 en 1920 et qui a pris fin en 1967.<\/p>\n<p>&#8211; Le Journal Officiel du Territoire Franc\u0327ais des Afars et des Issas qui a e\u0301te\u0301 cre\u0301e\u0301 le 03 juillet 1967 et qui a pris fin le 03 juillet 1977 et de 1978 a\u0300 1986.<\/p>\n<p>&#8211; Depuis 1986, le Journal Officiel est bimensuel. Et depuis 2001, la parution du Journal Officiel est re\u0301alise\u0301e dans les deux langues officielles (arabe et franc\u0327ais).<\/p>\n<p>La parution de ces quatre Journaux Officiels e\u0301tait mensuelle depuis 1900 a\u0300 1985 et bimensuelle depuis 1986 jusqu\u2019a\u0300 nos jours. Depuis 2001, la parution du journal officiel se fait aussi en langue arabe. Les finalite\u0301s attendues de la plate-forme visent notamment a\u0300 contribuer a\u0300 un meilleur acce\u0300s a\u0300 l\u2019information juridique, des textes le\u0301gislatifs et re\u0300glementaires en vigueur et la conservation nationale en matie\u0300re d\u2019archives sans oublier un gain de temps et de papier conside\u0301rable. C\u2019est dans ce cadre que le pre\u0301sent projet de de\u0301cret s\u2019inscrit. Il s\u2019agit d\u2019une plateforme e\u0301lectronique dans laquelle seront publie\u0301s les Lois, les De\u0301crets, les Arre\u0302te\u0301s, les Actes Administratifs et avis divers. La publication des textes juridiques et re\u0301glementaires ainsi que les actes administratifs est assure\u0301e dans des conditions de nature a\u0300 garantir leur authenticite\u0301. Enfin, cette initiative du Journal Officiel nume\u0301rise\u0301 s\u2019inscrit dans le cadre de l\u2019ame\u0301lioration de la qualite\u0301 de la Loi et plus particulie\u0300rement de donner la possibilite\u0301 d&rsquo;une diffusion quasi-instantane\u0301e de la re\u0300gle de droit et de sa consultation, a\u0300 tout moment, en tout point du territoire et au-dela\u0300 de nos frontie\u0300res afin de rapprocher l\u2019administration des administre\u0301s.<\/p>\n<p>MINISTERE DES AFFAIRES MUSULMANES ET DES BIENS WAKFS.<\/p>\n<p>3EME QUESTION : Projet de De\u0301cret portant nomination des membres du Conseil d\u2019Administration de l\u2019Institut Al-Wassatiya et la Culture de Paix.<\/p>\n<p>Le pre\u0301sent projet de De\u0301cret vise a\u0300 de\u0301signer les membres du Conseil d\u2019Administration de l\u2019Institut Al Wassatiya et la Culture de Paix conforme\u0301ment a\u0300 ses dispositions statuaires. L\u2019institut a pour mission d\u2019optimiser les compe\u0301tences au sein du corps religieux en mettant en \u0153uvre des programmes de formation initiale et continue au profit des imans et des pre\u0301dicateurs. L\u2019adoption du projet de De\u0301cret vise a\u0300 comple\u0301ter le cadre institutionnel de cette structure.<\/p>\n<p>MINISTERE DE LA JEUNESSE ET DE LA CULTURE.<\/p>\n<p>4EME QUESTION : Projet de De\u0301cret instituant le Salon du Livre de Djibouti et fixant les modalite\u0301s de son organisation.<\/p>\n<p>Le projet de De\u0301cret institue le Salon du Livre de Djibouti qui est un projet qui participe a\u0300 la nouvelle dynamique africaine et son rayonnement litte\u0301raire consistant a\u0300 adopter dans l\u2019agenda culturel national une manifestation annuelle de promotion du livre dans toutes ses dimensions et sa diversite\u0301 linguistique. Les objectifs du Salon du Livre sont, entre autres, (i) d\u2019e\u0302tre un espace ouvert d\u2019e\u0301changes d\u2019expe\u0301riences et d\u2019expertises entre tous les acteurs de la chai\u0302ne du livre, (ii) d\u2019e\u0302tre un moment propice a\u0300 la promotion de la lecture, de l\u2019e\u0301criture et au de\u0301veloppement de l\u2019industrie du livre et de l\u2019e\u0301dition et (iii) de valoriser le patrimoine documentaire national. Le programme du Salon du Livre est organise\u0301 par le Ministe\u0300re en charge de la Culture et porte\u0301 par l\u2019Agence Nationale de la Promotion de la Culture et ses de\u0301partements avec le concours d\u2019un commissaire ge\u0301ne\u0301ral et d\u2019un comite\u0301 d\u2019organisation. Le projet de De\u0301cret de\u0301finit les modalite\u0301s de fonctionnement et d\u2019organisation du Salon du Livre.<\/p>\n<p>MINISTERE DE LA JUSTICE ET DES AFFAIRES PENITENTIAIRES, CHARGE DES DROITS DE L\u2019HOMME.<\/p>\n<p>5EME QUESTION : Projet de De\u0301cret portant nomination des Magistrats.<\/p>\n<p>Le pre\u0301sent projet de De\u0301cret a pour objet la nomination des douze (12) auditeurs de justice de l\u2019Ecole Nationale de l\u2019Etude Judiciaire. Ces Magistrats ont finalise\u0301 leur parcours the\u0301orique et pratique de 18 mois et valide\u0301 leurs e\u0301valuations de fin de formation. Ce projet vise donc a\u0300 recruter et nommer la 1e\u0300re promotion d\u2019auditeur de justice qui porte le nom de feu \u00ab Abdourahman Cheick Mohamed \u00bb, Premier Pre\u0301sident de la Cour Supre\u0302me.<\/p>\n<p>Sont nomme\u0301s en qualite\u0301 des Magistrats de l\u2019ordre judiciaire :<\/p>\n<p>&#8211; Mme. MOUNA YOUSSOUF OMAR ;<\/p>\n<p>&#8211; Mme. HAFSA AHMED BAHDON ;<\/p>\n<p>&#8211; Mme. FATHIA ISMAIL AWALEH ;<\/p>\n<p>&#8211; Mme. MATILDA MOUGUIB NASSER ;<\/p>\n<p>&#8211; Mme. NASTEHO BOUNI ABDI ;<\/p>\n<p>&#8211; Mme. ANISSA CHEICK IBRAHIM ;<\/p>\n<p>&#8211; Mme. HAMZA BARREH ADEN ;<\/p>\n<p>&#8211; M. SAAD ISMAIL OMAR ;<\/p>\n<p>&#8211; Mme. HIBO ALI MOHAMED ;<\/p>\n<p>&#8211; Mme. MARIAM MAHAMOUD HADJ ALI ;<\/p>\n<p>&#8211; M. YACIN SAID ILTIREH ;<\/p>\n<p>&#8211; Mme. MARIAM AIFARAH CHARIF ;<\/p>\n<p>MINISTERE DU TRAVAIL CHARGE DE LA FORMALISATION ET DE LA PROTECTION SOCIALE.<\/p>\n<p>6EME QUESTION : Projets de De\u0301cret portant nomination.<\/p>\n<p>Sont nomme\u0301s :<\/p>\n<p>&#8211; Dr. SALEH BANOITA TOURAB, Conseiller Technique du Ministre de la Sante\u0301 ;<\/p>\n<p>&#8211; Dr. OMAR MAHAMOUD ISMAEL, Directeur Ge\u0301ne\u0301ral du Centre Hospitalier Universitaire (CHU) ;<\/p>\n<p>&#8211; M. MOHAMED ALI MOHAMED, Secre\u0301taire Ge\u0301ne\u0301ral du Ministe\u0300re de la Sante\u0301 ;<\/p>\n<p>&#8211; Dr. HASSAN ABDIRAHMAN ELMI, Directeur Ge\u0301ne\u0301ral du Centre d\u2019Achat des Me\u0301dicaments et des Mate\u0301riels Essentiels (CAMME) ;<\/p>\n<p>&#8211; Mme. SAHRA MOUSSA BOUH, Directrice Ge\u0301ne\u0301rale de l\u2019Offre des Soins, du Ministe\u0300re de la Sante\u0301 ;<\/p>\n<p>&#8211; Mme. NIMA MOUSSA ALI, Directrice de l\u2019Organe des Gestions de Portefeuille des Projets, du Ministe\u0300re de la Sante\u0301 ;<\/p>\n<p>&#8211; M. BARREH MOHAMED BARREH, Directeur Ge\u0301ne\u0301ral des Ressources Humaines, Financie\u0300res et de la Formation, du Ministe\u0300re de la Sante\u0301.<\/p>\n<p>COMMUNICATIONS.<\/p>\n<p>Le Premier Ministre a fait un compte rendu sur sa visite officielle a\u0300 La Havane et sa participation au Sommet du Groupe G77 + Chine qui s\u2019est tenue du 11 au 16 septembre 2023. A l\u2019issue de la visite officielle, le Premier Ministre Djiboutien a eu des entretiens avec son homologue cubain et le Pre\u0301sident de l\u2019Assemble\u0301e Nationale, ainsi que le Chef du De\u0301partement des Relations Exte\u0301rieures du Parti Communiste de Cuba. Les discussions ont essentiellement porte\u0301 sur les relations de coope\u0301ration bilate\u0301rale qui touchent tous les secteurs, notamment la sante\u0301, les sports, l\u2019e\u0301ducation nationale et l\u2019agriculture.<\/p>\n<p>Le Ministre de la De\u0301fense charge\u0301 des Relations avec le Parlement a fait un compte rendu sur la 1e\u0300re visite du Secre\u0301taire d\u2019Etat Ame\u0301ricain a\u0300 la De\u0301fense, Monsieur Lloyd James Austin, effectue\u0301 le 24 septembre 2023 a\u0300 Djibouti. Les entretiens ont porte\u0301 essentiellement sur les relations de coope\u0301ration et le partenariat strate\u0301gique liant les deux pays dans les divers domaines, a\u0300 savoir la se\u0301curite\u0301, la de\u0301fense et le de\u0301veloppement.<\/p>\n<p>Le Ministre de l\u2019Enseignement Supe\u0301rieur et de la Recherche a fait un rapport de mission sur le Forum \u00ab Me\u0301diterrane\u0301e Futur Acte VI \u00bb qui s\u2019est tenu du 20 au 22 septembre 2023 en France.<\/p>\n<p>Le Ministre des Affaires Musulmanes et des Biens Wakfs a fait un compte rendu sur la visite officielle de la de\u0301le\u0301gation djiboutienne a\u0300 Mogadiscio du 13 au 16 septembre 2023. L\u2019objectif de cette visite e\u0301tait de participer a\u0300 la projection d\u2019un film documentaire et a\u0300 une soire\u0301e comme\u0301morative consacre\u0301e a\u0300 la Confe\u0301rence d\u2019Arta, un moment historique dans le processus de re\u0301conciliation somalienne.<\/p>\n<p>La Ministre des Affaires Sociales et des Solidarite\u0301s a fait une communication sur sa visite a\u0300 Yoboki suite aux de\u0301ga\u0302ts des intempe\u0301ries du 03 septembre 2023. Une forte de\u0301le\u0301gation, sous la conduite du Premier Ministre P.I. Ali Hassan Bahdon est compose\u0301e du Ministre des Infrastructures et de l\u2019Equipements, de la Ministre des Affaires sociales et des Solidarite\u0301s, du Ministre de l&rsquo;Inte\u0301rieur, du Ministre de la Sante\u0301, du Ministre de l&rsquo;Environnement ainsi que le Ministre De\u0301le\u0301gue\u0301 charge\u0301 de la De\u0301centralisation, s\u2019est rendue a\u0300 Yoboki, chef-lieu de la sous-pre\u0301fecture afin de s&rsquo;enque\u0301rir de la situation suite aux intempe\u0301ries. L\u2019objectif de cette mission e\u0301tait d\u2019identifier les me\u0301nages impacte\u0301s par les intempe\u0301ries afin d\u2019apporter l\u2019assistance ne\u0301cessaire et de proce\u0301der e\u0301galement a\u0300 l&rsquo;attribution des 50 logements sociaux de la Fondation Ismail Omar Guelleh \u00ab droit au logement \u00bb. Ainsi, des aides compose\u0301es de 200 kits de vivres et de kits non vivres (matelas, ustensiles de cuisine, etc&#8230;) pour 150 familles sinistre\u0301es ont e\u0301te\u0301 distribue\u0301s. Par ailleurs, les habitations re\u0301pertorie\u0301es comme e\u0301tant endommage\u0301es vont be\u0301ne\u0301ficier d\u2019aides en mate\u0301riels de construction pour soutenir les familles afin d\u2019avoir un espace de vie de\u0301cent.<\/p>\n<p>Le chef de l\u2019Etat, M. Ismai\u0308l Omar Guelleh, a pre\u0301side\u0301 ce mardi les travaux de la 13e\u0300me se\u0301ance du Conseil des ministres au cours de laquelle l\u2019exe\u0301cutif djiboutien a examine\u0301 et approuve\u0301 un projet de De\u0301cret portant cre\u0301ation du Journal Officiel Electronique de\u0301nomme\u0301 \u00ab E-JO \u00bb.<\/p>\n<p>\u00ab Le projet de De\u0301cret a pour objet la cre\u0301ation d\u2019une Edition Electronique du Journal Officiel de la Re\u0301publique de Djibouti. Le Journal Officiel de la Re\u0301publique de Djibouti est l\u2019he\u0301ritier de quatre supports officiels d\u2019information ayant eux-me\u0302mes connu une longue e\u0301volution \u00bb, peut-on lire dans le communique\u0301 publie\u0301 a\u0300 l\u2019issue de cette 13e\u0300me se\u0301ance.<\/p>\n<p>L\u2019ADI vous propose de lire ci-apre\u0300s le communique\u0301 en son inte\u0301gralite\u0301 :<\/p>\n<p>Ont e\u0301te\u0301 examine\u0301s et approuve\u0301s les textes suivants :<\/p>\n<p>MINISTERE DE LA VILLE, DE L\u2019URBANISME ET DE L\u2019HABITAT.<\/p>\n<p>1ERE QUESTION : Projets de Loi portant approbation des comptes financiers de la Socie\u0301te\u0301 Immobilie\u0300re et d\u2019Ame\u0301nagement Foncier (SIAF) pour les exercices 2018, 2019, 2020, 2021 et 2022.<\/p>\n<p>La Ministre de la ville a pre\u0301sente\u0301 au Conseil des Ministres les comptes financiers de la Socie\u0301te\u0301 Immobilie\u0300re et d\u2019Ame\u0301nagement Foncier (SIAF) de l\u2019exercice 2022 et a re\u0301gularise\u0301 en paralle\u0300le les comptes financiers des anne\u0301es ante\u0301rieures. Il y a lieu de fe\u0301liciter ce travail de re\u0301gularisation qui porte sur 5 anne\u0301es avec des documents comptables de qualite\u0301 et l&rsquo;assainissement de la situation financie\u0300re par la nouvelle direction qui a permis d\u2019ame\u0301liorer le re\u0301sultat net. Les comptes financiers de la SIAF pour l&rsquo;exercice 2022 sont arre\u0302te\u0301s en produits a\u0300 992 414 841 FDJ. Les produits connaissent une augmentation de 20%. Ils passent de 824,9 millions de FDJ en 2021 a\u0300 992,4 millions de FDJ en 2022. Ces produits sont constitue\u0301s des revenus des locations ventes, des ventes de parcelles viabilise\u0301es. Cette progression est due en grande partie a\u0300 la vente des parcelles de Hodan 1, 2 et de Nagad. Les charges d&rsquo;exploitation, dont la masse salariale et d&rsquo;autres charges ope\u0301rationnelles, repre\u0301sentaient 84% des de\u0301penses totales en 2022, contre 71% en 2018. Les charges financie\u0300res, quant a\u0300 elles, ont diminue\u0301, repre\u0301sentant 18% en 2022 contre 29% en 2018, gra\u0302ce a\u0300 une restructuration des dettes aupre\u0300s des banques. Les emprunts et dettes assimile\u0301es de la SIAF ont diminue\u0301 de 13%, passant de 15,14 milliards en 2018 a\u0300 13,22 milliards en 2022. Ces dettes englobent principalement celles contracte\u0301es aupre\u0300s de l&rsquo;E\u0301tat (principalement le foncier des terrains en voie de viabilisation) et des bailleurs internationaux (dettes des anciens de\u0301veloppements de la Socie\u0301te\u0301 Immobilie\u0300re de Djibouti). Au cours de ces exercices, il ressort que l\u2019e\u0301tablissement a proce\u0301de\u0301 a\u0300 un certain nombre de retraitements du bilan, en re\u0301alisant une re\u0301e\u0301valuation de ces actifs et une correction du montant des immobilisations financie\u0300res.<\/p>\n<p>PRESIDENCE DE LA REPUBLIQUE.<\/p>\n<p>2EME QUESTION : Projet de De\u0301cret portant cre\u0301ation du Journal Officiel Electronique de\u0301nomme\u0301 \u00ab E-JO \u00bb.<\/p>\n<p>Le projet de De\u0301cret a pour objet la cre\u0301ation d\u2019une Edition Electronique du Journal Officiel de la Re\u0301publique de Djibouti. Le Journal Officiel de la Re\u0301publique de Djibouti est l&rsquo;he\u0301ritier de quatre supports officiels d&rsquo;information ayant eux-me\u0302mes connu une longue e\u0301volution :<\/p>\n<p>&#8211; Le Journal Officiel du Protectorat de la Co\u0302te Franc\u0327aise des Somalis et De\u0301pendances parut pour la premie\u0300re fois le 08 fe\u0301vrier 1900 et qui a pris fin en 1906.<\/p>\n<p>&#8211; Le Journal Officiel du Protectorat de la Co\u0302te Franc\u0327aise des Somalis qui a e\u0301te\u0301 cre\u0301e\u0301 en 1906 et a pris fin en 1920.<\/p>\n<p>&#8211; Le Journal Officiel de la Cote Franc\u0327aise de Somalie qui a e\u0301te\u0301 cre\u0301e\u0301 en 1920 et qui a pris fin en 1967.<\/p>\n<p>&#8211; Le Journal Officiel du Territoire Franc\u0327ais des Afars et des Issas qui a e\u0301te\u0301 cre\u0301e\u0301 le 03 juillet 1967 et qui a pris fin le 03 juillet 1977 et de 1978 a\u0300 1986.<\/p>\n<p>&#8211; Depuis 1986, le Journal Officiel est bimensuel. Et depuis 2001, la parution du Journal Officiel est re\u0301alise\u0301e dans les deux langues officielles (arabe et franc\u0327ais).<\/p>\n<p>La parution de ces quatre Journaux Officiels e\u0301tait mensuelle depuis 1900 a\u0300 1985 et bimensuelle depuis 1986 jusqu\u2019a\u0300 nos jours. Depuis 2001, la parution du journal officiel se fait aussi en langue arabe. Les finalite\u0301s attendues de la plate-forme visent notamment a\u0300 contribuer a\u0300 un meilleur acce\u0300s a\u0300 l\u2019information juridique, des textes le\u0301gislatifs et re\u0300glementaires en vigueur et la conservation nationale en matie\u0300re d\u2019archives sans oublier un gain de temps et de papier conside\u0301rable. C\u2019est dans ce cadre que le pre\u0301sent projet de de\u0301cret s\u2019inscrit. Il s\u2019agit d\u2019une plateforme e\u0301lectronique dans laquelle seront publie\u0301s les Lois, les De\u0301crets, les Arre\u0302te\u0301s, les Actes Administratifs et avis divers. La publication des textes juridiques et re\u0301glementaires ainsi que les actes administratifs est assure\u0301e dans des conditions de nature a\u0300 garantir leur authenticite\u0301. Enfin, cette initiative du Journal Officiel nume\u0301rise\u0301 s\u2019inscrit dans le cadre de l\u2019ame\u0301lioration de la qualite\u0301 de la Loi et plus particulie\u0300rement de donner la possibilite\u0301 d&rsquo;une diffusion quasi-instantane\u0301e de la re\u0300gle de droit et de sa consultation, a\u0300 tout moment, en tout point du territoire et au-dela\u0300 de nos frontie\u0300res afin de rapprocher l\u2019administration des administre\u0301s.<\/p>\n<p>MINISTERE DES AFFAIRES MUSULMANES ET DES BIENS WAKFS.<\/p>\n<p>3EME QUESTION : Projet de De\u0301cret portant nomination des membres du Conseil d\u2019Administration de l\u2019Institut Al-Wassatiya et la Culture de Paix.<\/p>\n<p>Le pre\u0301sent projet de De\u0301cret vise a\u0300 de\u0301signer les membres du Conseil d\u2019Administration de l\u2019Institut Al Wassatiya et la Culture de Paix conforme\u0301ment a\u0300 ses dispositions statuaires. L\u2019institut a pour mission d\u2019optimiser les compe\u0301tences au sein du corps religieux en mettant en \u0153uvre des programmes de formation initiale et continue au profit des imans et des pre\u0301dicateurs. L\u2019adoption du projet de De\u0301cret vise a\u0300 comple\u0301ter le cadre institutionnel de cette structure.<\/p>\n<p>MINISTERE DE LA JEUNESSE ET DE LA CULTURE.<\/p>\n<p>4EME QUESTION : Projet de De\u0301cret instituant le Salon du Livre de Djibouti et fixant les modalite\u0301s de son organisation.<\/p>\n<p>Le projet de De\u0301cret institue le Salon du Livre de Djibouti qui est un projet qui participe a\u0300 la nouvelle dynamique africaine et son rayonnement litte\u0301raire consistant a\u0300 adopter dans l\u2019agenda culturel national une manifestation annuelle de promotion du livre dans toutes ses dimensions et sa diversite\u0301 linguistique. Les objectifs du Salon du Livre sont, entre autres, (i) d\u2019e\u0302tre un espace ouvert d\u2019e\u0301changes d\u2019expe\u0301riences et d\u2019expertises entre tous les acteurs de la chai\u0302ne du livre, (ii) d\u2019e\u0302tre un moment propice a\u0300 la promotion de la lecture, de l\u2019e\u0301criture et au de\u0301veloppement de l\u2019industrie du livre et de l\u2019e\u0301dition et (iii) de valoriser le patrimoine documentaire national. Le programme du Salon du Livre est organise\u0301 par le Ministe\u0300re en charge de la Culture et porte\u0301 par l\u2019Agence Nationale de la Promotion de la Culture et ses de\u0301partements avec le concours d\u2019un commissaire ge\u0301ne\u0301ral et d\u2019un comite\u0301 d\u2019organisation. Le projet de De\u0301cret de\u0301finit les modalite\u0301s de fonctionnement et d\u2019organisation du Salon du Livre.<\/p>\n<p>MINISTERE DE LA JUSTICE ET DES AFFAIRES PENITENTIAIRES, CHARGE DES DROITS DE L\u2019HOMME.<\/p>\n<p>5EME QUESTION : Projet de De\u0301cret portant nomination des Magistrats.<\/p>\n<p>Le pre\u0301sent projet de De\u0301cret a pour objet la nomination des douze (12) auditeurs de justice de l\u2019Ecole Nationale de l\u2019Etude Judiciaire. Ces Magistrats ont finalise\u0301 leur parcours the\u0301orique et pratique de 18 mois et valide\u0301 leurs e\u0301valuations de fin de formation. Ce projet vise donc a\u0300 recruter et nommer la 1e\u0300re promotion d\u2019auditeur de justice qui porte le nom de feu \u00ab Abdourahman Cheick Mohamed \u00bb, Premier Pre\u0301sident de la Cour Supre\u0302me.<\/p>\n<p>Sont nomme\u0301s en qualite\u0301 des Magistrats de l\u2019ordre judiciaire :<\/p>\n<p>&#8211; Mme. MOUNA YOUSSOUF OMAR ;<\/p>\n<p>&#8211; Mme. HAFSA AHMED BAHDON ;<\/p>\n<p>&#8211; Mme. FATHIA ISMAIL AWALEH ;<\/p>\n<p>&#8211; Mme. MATILDA MOUGUIB NASSER ;<\/p>\n<p>&#8211; Mme. NASTEHO BOUNI ABDI ;<\/p>\n<p>&#8211; Mme. ANISSA CHEICK IBRAHIM ;<\/p>\n<p>&#8211; Mme. HAMZA BARREH ADEN ;<\/p>\n<p>&#8211; M. SAAD ISMAIL OMAR ;<\/p>\n<p>&#8211; Mme. HIBO ALI MOHAMED ;<\/p>\n<p>&#8211; Mme. MARIAM MAHAMOUD HADJ ALI ;<\/p>\n<p>&#8211; M. YACIN SAID ILTIREH ;<\/p>\n<p>&#8211; Mme. MARIAM AIFARAH CHARIF ;<\/p>\n<p>MINISTERE DU TRAVAIL CHARGE DE LA FORMALISATION ET DE LA PROTECTION SOCIALE.<\/p>\n<p>6EME QUESTION : Projets de De\u0301cret portant nomination.<\/p>\n<p>Sont nomme\u0301s :<\/p>\n<p>&#8211; Dr. SALEH BANOITA TOURAB, Conseiller Technique du Ministre de la Sante\u0301 ;<\/p>\n<p>&#8211; Dr. OMAR MAHAMOUD ISMAEL, Directeur Ge\u0301ne\u0301ral du Centre Hospitalier Universitaire (CHU) ;<\/p>\n<p>&#8211; M. MOHAMED ALI MOHAMED, Secre\u0301taire Ge\u0301ne\u0301ral du Ministe\u0300re de la Sante\u0301 ;<\/p>\n<p>&#8211; Dr. HASSAN ABDIRAHMAN ELMI, Directeur Ge\u0301ne\u0301ral du Centre d\u2019Achat des Me\u0301dicaments et des Mate\u0301riels Essentiels (CAMME) ;<\/p>\n<p>&#8211; Mme. SAHRA MOUSSA BOUH, Directrice Ge\u0301ne\u0301rale de l\u2019Offre des Soins, du Ministe\u0300re de la Sante\u0301 ;<\/p>\n<p>&#8211; Mme. NIMA MOUSSA ALI, Directrice de l\u2019Organe des Gestions de Portefeuille des Projets, du Ministe\u0300re de la Sante\u0301 ;<\/p>\n<p>&#8211; M. BARREH MOHAMED BARREH, Directeur Ge\u0301ne\u0301ral des Ressources Humaines, Financie\u0300res et de la Formation, du Ministe\u0300re de la Sante\u0301.<\/p>\n<p>COMMUNICATIONS.<\/p>\n<p>Le Premier Ministre a fait un compte rendu sur sa visite officielle a\u0300 La Havane et sa participation au Sommet du Groupe G77 + Chine qui s\u2019est tenue du 11 au 16 septembre 2023. A l\u2019issue de la visite officielle, le Premier Ministre Djiboutien a eu des entretiens avec son homologue cubain et le Pre\u0301sident de l\u2019Assemble\u0301e Nationale, ainsi que le Chef du De\u0301partement des Relations Exte\u0301rieures du Parti Communiste de Cuba. Les discussions ont essentiellement porte\u0301 sur les relations de coope\u0301ration bilate\u0301rale qui touchent tous les secteurs, notamment la sante\u0301, les sports, l\u2019e\u0301ducation nationale et l\u2019agriculture.<\/p>\n<p>Le Ministre de la De\u0301fense charge\u0301 des Relations avec le Parlement a fait un compte rendu sur la 1e\u0300re visite du Secre\u0301taire d\u2019Etat Ame\u0301ricain a\u0300 la De\u0301fense, Monsieur Lloyd James Austin, effectue\u0301 le 24 septembre 2023 a\u0300 Djibouti. Les entretiens ont porte\u0301 essentiellement sur les relations de coope\u0301ration et le partenariat strate\u0301gique liant les deux pays dans les divers domaines, a\u0300 savoir la se\u0301curite\u0301, la de\u0301fense et le de\u0301veloppement.<\/p>\n<p>Le Ministre de l\u2019Enseignement Supe\u0301rieur et de la Recherche a fait un rapport de mission sur le Forum \u00ab Me\u0301diterrane\u0301e Futur Acte VI \u00bb qui s\u2019est tenu du 20 au 22 septembre 2023 en France.<\/p>\n<p>Le Ministre des Affaires Musulmanes et des Biens Wakfs a fait un compte rendu sur la visite officielle de la de\u0301le\u0301gation djiboutienne a\u0300 Mogadiscio du 13 au 16 septembre 2023. L\u2019objectif de cette visite e\u0301tait de participer a\u0300 la projection d\u2019un film documentaire et a\u0300 une soire\u0301e comme\u0301morative consacre\u0301e a\u0300 la Confe\u0301rence d\u2019Arta, un moment historique dans le processus de re\u0301conciliation somalienne.<\/p>\n<p>La Ministre des Affaires Sociales et des Solidarite\u0301s a fait une communication sur sa visite a\u0300 Yoboki suite aux de\u0301ga\u0302ts des intempe\u0301ries du 03 septembre 2023. Une forte de\u0301le\u0301gation, sous la conduite du Premier Ministre P.I. Ali Hassan Bahdon est compose\u0301e du Ministre des Infrastructures et de l\u2019Equipements, de la Ministre des Affaires sociales et des Solidarite\u0301s, du Ministre de l&rsquo;Inte\u0301rieur, du Ministre de la Sante\u0301, du Ministre de l&rsquo;Environnement ainsi que le Ministre De\u0301le\u0301gue\u0301 charge\u0301 de la De\u0301centralisation, s\u2019est rendue a\u0300 Yoboki, chef-lieu de la sous-pre\u0301fecture afin de s&rsquo;enque\u0301rir de la situation suite aux intempe\u0301ries. L\u2019objectif de cette mission e\u0301tait d\u2019identifier les me\u0301nages impacte\u0301s par les intempe\u0301ries afin d\u2019apporter l\u2019assistance ne\u0301cessaire et de proce\u0301der e\u0301galement a\u0300 l&rsquo;attribution des 50 logements sociaux de la Fondation Ismail Omar Guelleh \u00ab droit au logement \u00bb. Ainsi, des aides compose\u0301es de 200 kits de vivres et de kits non vivres (matelas, ustensiles de cuisine, etc&#8230;) pour 150 familles sinistre\u0301es ont e\u0301te\u0301 distribue\u0301s. Par ailleurs, les habitations re\u0301pertorie\u0301es comme e\u0301tant endommage\u0301es vont be\u0301ne\u0301ficier d\u2019aides en mate\u0301riels de construction pour soutenir les familles afin d\u2019avoir un espace de vie de\u0301cent.<\/p>\n<p><strong>Pour plus d&rsquo;informations et d&rsquo;analyses sur la <a href=\"https:\/\/www.africa-press.net\/djibouti\">Djibouti<\/a>, suivez <a href=\"https:\/\/www.africa-press.net\/\">Africa-Press<\/a><\/strong><\/p>\n","protected":false},"excerpt":{"rendered":"<p>Africa-Press &#8211; Djibouti. Le chef de l\u2019Etat, M. Ismai\u0308l Omar Guelleh, a pre\u0301side\u0301 ce mardi les travaux de la 13e\u0300me se\u0301ance du Conseil des ministres au cours de laquelle l\u2019exe\u0301cutif djiboutien a examine\u0301 et approuve\u0301 un projet de De\u0301cret portant cre\u0301ation du Journal Officiel Electronique de\u0301nomme\u0301 \u00ab E-JO \u00bb. \u00ab Le projet de De\u0301cret a [&hellip;]<\/p>\n","protected":false},"author":82,"featured_media":18387,"comment_status":"open","ping_status":"closed","sticky":false,"template":"","format":"standard","meta":{"footnotes":""},"categories":[2,20,10],"tags":[36,49,50],"class_list":["post-18388","post","type-post","status-publish","format-standard","has-post-thumbnail","hentry","category-politique","category-top-nouvelles","category-toutes-les-actualites","tag-africa-press","tag-africa-press-djibouti","tag-djibouti"],"yoast_head":"<!-- This site is optimized with the Yoast SEO Premium plugin v26.1 (Yoast SEO v27.0) - https:\/\/yoast.com\/product\/yoast-seo-premium-wordpress\/ -->\n<title>Le chef de l&#039;Etat pr\u00e9side les travaux de la 13\u00e8me s\u00e9ance du Conseil des ministres - Djibouti<\/title>\n<meta name=\"description\" content=\"Le chef de l\u2019Etat, M. Ismai\u0308l Omar Guelleh, a pre\u0301side\u0301 ce mardi les travaux de la 13e\u0300me se\u0301ance du Conseil des ministr ...\" \/>\n<meta name=\"robots\" content=\"index, follow, max-snippet:-1, max-image-preview:large, max-video-preview:-1\" \/>\n<link rel=\"canonical\" href=\"https:\/\/www.africa-press.net\/djibouti\/politique\/le-chef-de-letat-preside-les-travaux-de-la-13eme-seance-du-conseil-des-ministres\" \/>\n<meta property=\"og:locale\" content=\"fr_FR\" \/>\n<meta property=\"og:type\" content=\"article\" \/>\n<meta property=\"og:title\" content=\"Le chef de l&#039;Etat pr\u00e9side les travaux de la 13\u00e8me s\u00e9ance du Conseil des ministres\" \/>\n<meta property=\"og:description\" content=\"Le chef de l\u2019Etat, M. Ismai\u0308l Omar Guelleh, a pre\u0301side\u0301 ce mardi les travaux de la 13e\u0300me se\u0301ance du Conseil des ministr ...\" \/>\n<meta property=\"og:url\" content=\"https:\/\/www.africa-press.net\/djibouti\/politique\/le-chef-de-letat-preside-les-travaux-de-la-13eme-seance-du-conseil-des-ministres\" \/>\n<meta property=\"og:site_name\" content=\"Djibouti\" \/>\n<meta property=\"article:published_time\" content=\"2023-09-26T18:20:48+00:00\" \/>\n<meta property=\"article:modified_time\" content=\"2023-09-26T18:40:41+00:00\" \/>\n<meta property=\"og:image\" content=\"https:\/\/static.africa-press.net\/djibouti\/sites\/52\/2023\/09\/sm_1695740962.37318.jpg\" \/>\n\t<meta property=\"og:image:width\" content=\"746\" \/>\n\t<meta property=\"og:image:height\" content=\"388\" \/>\n\t<meta property=\"og:image:type\" content=\"image\/jpeg\" \/>\n<meta name=\"author\" content=\"cfeditorfr\" \/>\n<meta name=\"twitter:card\" content=\"summary_large_image\" \/>\n<meta name=\"twitter:label1\" content=\"\u00c9crit par\" \/>\n\t<meta name=\"twitter:data1\" content=\"cfeditorfr\" \/>\n\t<meta name=\"twitter:label2\" content=\"Dur\u00e9e de lecture estim\u00e9e\" \/>\n\t<meta name=\"twitter:data2\" content=\"21 minutes\" \/>\n<script type=\"application\/ld+json\" class=\"yoast-schema-graph\">{\"@context\":\"https:\/\/schema.org\",\"@graph\":[{\"@type\":\"Article\",\"@id\":\"https:\/\/www.africa-press.net\/djibouti\/politique\/le-chef-de-letat-preside-les-travaux-de-la-13eme-seance-du-conseil-des-ministres#article\",\"isPartOf\":{\"@id\":\"https:\/\/www.africa-press.net\/djibouti\/politique\/le-chef-de-letat-preside-les-travaux-de-la-13eme-seance-du-conseil-des-ministres\"},\"author\":{\"name\":\"cfeditorfr\",\"@id\":\"https:\/\/www.africa-press.net\/djibouti\/#\/schema\/person\/2b1cf3cd81a31e3cd26889ca66d677f1\"},\"headline\":\"Le chef de l&rsquo;Etat pr\u00e9side les travaux de la 13\u00e8me s\u00e9ance du Conseil des ministres\",\"datePublished\":\"2023-09-26T18:20:48+00:00\",\"dateModified\":\"2023-09-26T18:40:41+00:00\",\"mainEntityOfPage\":{\"@id\":\"https:\/\/www.africa-press.net\/djibouti\/politique\/le-chef-de-letat-preside-les-travaux-de-la-13eme-seance-du-conseil-des-ministres\"},\"wordCount\":4215,\"commentCount\":0,\"image\":{\"@id\":\"https:\/\/www.africa-press.net\/djibouti\/politique\/le-chef-de-letat-preside-les-travaux-de-la-13eme-seance-du-conseil-des-ministres#primaryimage\"},\"thumbnailUrl\":\"https:\/\/static.africa-press.net\/djibouti\/sites\/52\/2023\/09\/sm_1695740962.37318.jpg\",\"keywords\":[\"Africa Press\",\"Africa Press-Djibouti\",\"Djibouti\"],\"articleSection\":[\"Politique\",\"Top Nouvelles\",\"Toutes les actualit\u00e9s\"],\"inLanguage\":\"fr-FR\",\"potentialAction\":[{\"@type\":\"CommentAction\",\"name\":\"Comment\",\"target\":[\"https:\/\/www.africa-press.net\/djibouti\/politique\/le-chef-de-letat-preside-les-travaux-de-la-13eme-seance-du-conseil-des-ministres#respond\"]}]},{\"@type\":\"WebPage\",\"@id\":\"https:\/\/www.africa-press.net\/djibouti\/politique\/le-chef-de-letat-preside-les-travaux-de-la-13eme-seance-du-conseil-des-ministres\",\"url\":\"https:\/\/www.africa-press.net\/djibouti\/politique\/le-chef-de-letat-preside-les-travaux-de-la-13eme-seance-du-conseil-des-ministres\",\"name\":\"Le chef de l'Etat pr\u00e9side les travaux de la 13\u00e8me s\u00e9ance du Conseil des ministres - Djibouti\",\"isPartOf\":{\"@id\":\"https:\/\/www.africa-press.net\/djibouti\/#website\"},\"primaryImageOfPage\":{\"@id\":\"https:\/\/www.africa-press.net\/djibouti\/politique\/le-chef-de-letat-preside-les-travaux-de-la-13eme-seance-du-conseil-des-ministres#primaryimage\"},\"image\":{\"@id\":\"https:\/\/www.africa-press.net\/djibouti\/politique\/le-chef-de-letat-preside-les-travaux-de-la-13eme-seance-du-conseil-des-ministres#primaryimage\"},\"thumbnailUrl\":\"https:\/\/static.africa-press.net\/djibouti\/sites\/52\/2023\/09\/sm_1695740962.37318.jpg\",\"datePublished\":\"2023-09-26T18:20:48+00:00\",\"dateModified\":\"2023-09-26T18:40:41+00:00\",\"author\":{\"@id\":\"https:\/\/www.africa-press.net\/djibouti\/#\/schema\/person\/2b1cf3cd81a31e3cd26889ca66d677f1\"},\"description\":\"Le chef de l\u2019Etat, M. Ismai\u0308l Omar Guelleh, a pre\u0301side\u0301 ce mardi les travaux de la 13e\u0300me se\u0301ance du Conseil des ministr ...\",\"breadcrumb\":{\"@id\":\"https:\/\/www.africa-press.net\/djibouti\/politique\/le-chef-de-letat-preside-les-travaux-de-la-13eme-seance-du-conseil-des-ministres#breadcrumb\"},\"inLanguage\":\"fr-FR\",\"potentialAction\":[{\"@type\":\"ReadAction\",\"target\":[\"https:\/\/www.africa-press.net\/djibouti\/politique\/le-chef-de-letat-preside-les-travaux-de-la-13eme-seance-du-conseil-des-ministres\"]}]},{\"@type\":\"ImageObject\",\"inLanguage\":\"fr-FR\",\"@id\":\"https:\/\/www.africa-press.net\/djibouti\/politique\/le-chef-de-letat-preside-les-travaux-de-la-13eme-seance-du-conseil-des-ministres#primaryimage\",\"url\":\"https:\/\/static.africa-press.net\/djibouti\/sites\/52\/2023\/09\/sm_1695740962.37318.jpg\",\"contentUrl\":\"https:\/\/static.africa-press.net\/djibouti\/sites\/52\/2023\/09\/sm_1695740962.37318.jpg\",\"width\":746,\"height\":388,\"caption\":\"Le chef de l'Etat pr\u00e9side les travaux de la 13\u00e8me s\u00e9ance du Conseil des ministres\"},{\"@type\":\"BreadcrumbList\",\"@id\":\"https:\/\/www.africa-press.net\/djibouti\/politique\/le-chef-de-letat-preside-les-travaux-de-la-13eme-seance-du-conseil-des-ministres#breadcrumb\",\"itemListElement\":[{\"@type\":\"ListItem\",\"position\":1,\"name\":\"Accueil\",\"item\":\"https:\/\/www.africa-press.net\/djibouti\/\"},{\"@type\":\"ListItem\",\"position\":2,\"name\":\"Le chef de l&#8217;Etat pr\u00e9side les travaux de la 13\u00e8me s\u00e9ance du Conseil des ministres\"}]},{\"@type\":\"WebSite\",\"@id\":\"https:\/\/www.africa-press.net\/djibouti\/#website\",\"url\":\"https:\/\/www.africa-press.net\/djibouti\/\",\"name\":\"Djibouti\",\"description\":\"Just another Africa News Agency Sites site\",\"potentialAction\":[{\"@type\":\"SearchAction\",\"target\":{\"@type\":\"EntryPoint\",\"urlTemplate\":\"https:\/\/www.africa-press.net\/djibouti\/?s={search_term_string}\"},\"query-input\":{\"@type\":\"PropertyValueSpecification\",\"valueRequired\":true,\"valueName\":\"search_term_string\"}}],\"inLanguage\":\"fr-FR\"},{\"@type\":\"Person\",\"@id\":\"https:\/\/www.africa-press.net\/djibouti\/#\/schema\/person\/2b1cf3cd81a31e3cd26889ca66d677f1\",\"name\":\"cfeditorfr\"}]}<\/script>\n<!-- \/ Yoast SEO Premium plugin. -->","yoast_head_json":{"title":"Le chef de l'Etat pr\u00e9side les travaux de la 13\u00e8me s\u00e9ance du Conseil des ministres - Djibouti","description":"Le chef de l\u2019Etat, M. Ismai\u0308l Omar Guelleh, a pre\u0301side\u0301 ce mardi les travaux de la 13e\u0300me se\u0301ance du Conseil des ministr ...","robots":{"index":"index","follow":"follow","max-snippet":"max-snippet:-1","max-image-preview":"max-image-preview:large","max-video-preview":"max-video-preview:-1"},"canonical":"https:\/\/www.africa-press.net\/djibouti\/politique\/le-chef-de-letat-preside-les-travaux-de-la-13eme-seance-du-conseil-des-ministres","og_locale":"fr_FR","og_type":"article","og_title":"Le chef de l'Etat pr\u00e9side les travaux de la 13\u00e8me s\u00e9ance du Conseil des ministres","og_description":"Le chef de l\u2019Etat, M. Ismai\u0308l Omar Guelleh, a pre\u0301side\u0301 ce mardi les travaux de la 13e\u0300me se\u0301ance du Conseil des ministr ...","og_url":"https:\/\/www.africa-press.net\/djibouti\/politique\/le-chef-de-letat-preside-les-travaux-de-la-13eme-seance-du-conseil-des-ministres","og_site_name":"Djibouti","article_published_time":"2023-09-26T18:20:48+00:00","article_modified_time":"2023-09-26T18:40:41+00:00","og_image":[{"width":746,"height":388,"url":"https:\/\/static.africa-press.net\/djibouti\/sites\/52\/2023\/09\/sm_1695740962.37318.jpg","type":"image\/jpeg"}],"author":"cfeditorfr","twitter_card":"summary_large_image","twitter_misc":{"\u00c9crit par":"cfeditorfr","Dur\u00e9e de lecture estim\u00e9e":"21 minutes"},"schema":{"@context":"https:\/\/schema.org","@graph":[{"@type":"Article","@id":"https:\/\/www.africa-press.net\/djibouti\/politique\/le-chef-de-letat-preside-les-travaux-de-la-13eme-seance-du-conseil-des-ministres#article","isPartOf":{"@id":"https:\/\/www.africa-press.net\/djibouti\/politique\/le-chef-de-letat-preside-les-travaux-de-la-13eme-seance-du-conseil-des-ministres"},"author":{"name":"cfeditorfr","@id":"https:\/\/www.africa-press.net\/djibouti\/#\/schema\/person\/2b1cf3cd81a31e3cd26889ca66d677f1"},"headline":"Le chef de l&rsquo;Etat pr\u00e9side les travaux de la 13\u00e8me s\u00e9ance du Conseil des ministres","datePublished":"2023-09-26T18:20:48+00:00","dateModified":"2023-09-26T18:40:41+00:00","mainEntityOfPage":{"@id":"https:\/\/www.africa-press.net\/djibouti\/politique\/le-chef-de-letat-preside-les-travaux-de-la-13eme-seance-du-conseil-des-ministres"},"wordCount":4215,"commentCount":0,"image":{"@id":"https:\/\/www.africa-press.net\/djibouti\/politique\/le-chef-de-letat-preside-les-travaux-de-la-13eme-seance-du-conseil-des-ministres#primaryimage"},"thumbnailUrl":"https:\/\/static.africa-press.net\/djibouti\/sites\/52\/2023\/09\/sm_1695740962.37318.jpg","keywords":["Africa Press","Africa Press-Djibouti","Djibouti"],"articleSection":["Politique","Top Nouvelles","Toutes les actualit\u00e9s"],"inLanguage":"fr-FR","potentialAction":[{"@type":"CommentAction","name":"Comment","target":["https:\/\/www.africa-press.net\/djibouti\/politique\/le-chef-de-letat-preside-les-travaux-de-la-13eme-seance-du-conseil-des-ministres#respond"]}]},{"@type":"WebPage","@id":"https:\/\/www.africa-press.net\/djibouti\/politique\/le-chef-de-letat-preside-les-travaux-de-la-13eme-seance-du-conseil-des-ministres","url":"https:\/\/www.africa-press.net\/djibouti\/politique\/le-chef-de-letat-preside-les-travaux-de-la-13eme-seance-du-conseil-des-ministres","name":"Le chef de l'Etat pr\u00e9side les travaux de la 13\u00e8me s\u00e9ance du Conseil des ministres - Djibouti","isPartOf":{"@id":"https:\/\/www.africa-press.net\/djibouti\/#website"},"primaryImageOfPage":{"@id":"https:\/\/www.africa-press.net\/djibouti\/politique\/le-chef-de-letat-preside-les-travaux-de-la-13eme-seance-du-conseil-des-ministres#primaryimage"},"image":{"@id":"https:\/\/www.africa-press.net\/djibouti\/politique\/le-chef-de-letat-preside-les-travaux-de-la-13eme-seance-du-conseil-des-ministres#primaryimage"},"thumbnailUrl":"https:\/\/static.africa-press.net\/djibouti\/sites\/52\/2023\/09\/sm_1695740962.37318.jpg","datePublished":"2023-09-26T18:20:48+00:00","dateModified":"2023-09-26T18:40:41+00:00","author":{"@id":"https:\/\/www.africa-press.net\/djibouti\/#\/schema\/person\/2b1cf3cd81a31e3cd26889ca66d677f1"},"description":"Le chef de l\u2019Etat, M. Ismai\u0308l Omar Guelleh, a pre\u0301side\u0301 ce mardi les travaux de la 13e\u0300me se\u0301ance du Conseil des ministr ...","breadcrumb":{"@id":"https:\/\/www.africa-press.net\/djibouti\/politique\/le-chef-de-letat-preside-les-travaux-de-la-13eme-seance-du-conseil-des-ministres#breadcrumb"},"inLanguage":"fr-FR","potentialAction":[{"@type":"ReadAction","target":["https:\/\/www.africa-press.net\/djibouti\/politique\/le-chef-de-letat-preside-les-travaux-de-la-13eme-seance-du-conseil-des-ministres"]}]},{"@type":"ImageObject","inLanguage":"fr-FR","@id":"https:\/\/www.africa-press.net\/djibouti\/politique\/le-chef-de-letat-preside-les-travaux-de-la-13eme-seance-du-conseil-des-ministres#primaryimage","url":"https:\/\/static.africa-press.net\/djibouti\/sites\/52\/2023\/09\/sm_1695740962.37318.jpg","contentUrl":"https:\/\/static.africa-press.net\/djibouti\/sites\/52\/2023\/09\/sm_1695740962.37318.jpg","width":746,"height":388,"caption":"Le chef de l'Etat pr\u00e9side les travaux de la 13\u00e8me s\u00e9ance du Conseil des ministres"},{"@type":"BreadcrumbList","@id":"https:\/\/www.africa-press.net\/djibouti\/politique\/le-chef-de-letat-preside-les-travaux-de-la-13eme-seance-du-conseil-des-ministres#breadcrumb","itemListElement":[{"@type":"ListItem","position":1,"name":"Accueil","item":"https:\/\/www.africa-press.net\/djibouti\/"},{"@type":"ListItem","position":2,"name":"Le chef de l&#8217;Etat pr\u00e9side les travaux de la 13\u00e8me s\u00e9ance du Conseil des ministres"}]},{"@type":"WebSite","@id":"https:\/\/www.africa-press.net\/djibouti\/#website","url":"https:\/\/www.africa-press.net\/djibouti\/","name":"Djibouti","description":"Just another Africa News Agency Sites site","potentialAction":[{"@type":"SearchAction","target":{"@type":"EntryPoint","urlTemplate":"https:\/\/www.africa-press.net\/djibouti\/?s={search_term_string}"},"query-input":{"@type":"PropertyValueSpecification","valueRequired":true,"valueName":"search_term_string"}}],"inLanguage":"fr-FR"},{"@type":"Person","@id":"https:\/\/www.africa-press.net\/djibouti\/#\/schema\/person\/2b1cf3cd81a31e3cd26889ca66d677f1","name":"cfeditorfr"}]}},"_links":{"self":[{"href":"https:\/\/www.africa-press.net\/djibouti\/wp-json\/wp\/v2\/posts\/18388","targetHints":{"allow":["GET"]}}],"collection":[{"href":"https:\/\/www.africa-press.net\/djibouti\/wp-json\/wp\/v2\/posts"}],"about":[{"href":"https:\/\/www.africa-press.net\/djibouti\/wp-json\/wp\/v2\/types\/post"}],"author":[{"embeddable":true,"href":"https:\/\/www.africa-press.net\/djibouti\/wp-json\/wp\/v2\/users\/82"}],"replies":[{"embeddable":true,"href":"https:\/\/www.africa-press.net\/djibouti\/wp-json\/wp\/v2\/comments?post=18388"}],"version-history":[{"count":0,"href":"https:\/\/www.africa-press.net\/djibouti\/wp-json\/wp\/v2\/posts\/18388\/revisions"}],"wp:featuredmedia":[{"embeddable":true,"href":"https:\/\/www.africa-press.net\/djibouti\/wp-json\/wp\/v2\/media\/18387"}],"wp:attachment":[{"href":"https:\/\/www.africa-press.net\/djibouti\/wp-json\/wp\/v2\/media?parent=18388"}],"wp:term":[{"taxonomy":"category","embeddable":true,"href":"https:\/\/www.africa-press.net\/djibouti\/wp-json\/wp\/v2\/categories?post=18388"},{"taxonomy":"post_tag","embeddable":true,"href":"https:\/\/www.africa-press.net\/djibouti\/wp-json\/wp\/v2\/tags?post=18388"}],"curies":[{"name":"wp","href":"https:\/\/api.w.org\/{rel}","templated":true}]}}