{"id":18391,"date":"2023-09-27T10:52:24","date_gmt":"2023-09-27T10:52:24","guid":{"rendered":"https:\/\/www.africa-press.net\/djibouti\/politique\/ramaphosa-le-developpement-energetique-est-une-priorite-de-lafrique"},"modified":"2023-09-27T11:22:08","modified_gmt":"2023-09-27T11:22:08","slug":"ramaphosa-le-developpement-energetique-est-une-priorite-de-lafrique","status":"publish","type":"post","link":"https:\/\/www.africa-press.net\/djibouti\/economie\/ramaphosa-le-developpement-energetique-est-une-priorite-de-lafrique","title":{"rendered":"Ramaphosa : le d\u00e9veloppement \u00e9nerg\u00e9tique est une priorit\u00e9 de l&rsquo;Afrique"},"content":{"rendered":"<p><span style=\"color: #ff6600\"><strong>Africa-Press &#8211; Djibouti. <\/strong><\/span>Le d\u00e9veloppement \u00e9nerg\u00e9tique est une priorit\u00e9 de l&rsquo;Afrique de demain, a d\u00e9clar\u00e9 le pr\u00e9sident sud-africain Cyril Ramaphosa, dans des propos rapport\u00e9s par TASS.<\/p>\n<p>Transformer le secteur de l&rsquo;e\u0301nergie en Afrique est notre priorite\u0301\u00a0\u00bb, a-t-il souligne\u0301 dans son discours hebdomadaire au peuple sud-africain. \u00ab\u00a0En tant que pays africains, nous appelons la communaute\u0301 internationale a\u0300 soutenir les efforts visant a\u0300 accroi\u0302tre le potentiel du continent en matie\u0300re d&rsquo;e\u0301nergies renouvelables tout en garantissant la se\u0301curite\u0301 e\u0301nerge\u0301tique des populations africaines. Cela doit se faire paralle\u0300lement a\u0300 une augmentation des investissements dans les technologies vertes intelligentes, nume\u0301riques et rentables dans les secteurs a\u0300 forte intensite\u0301 de carbone tels que les transports, l&rsquo;industrie et l&rsquo;e\u0301lectricite\u0301\u00a0\u00bb.<\/p>\n<p>M. Ramaphosa a ajoute\u0301 que les pays occidentaux riches devaient honorer les engagements qu&rsquo;ils avaient pris a\u0300 l&rsquo;e\u0301gard des pays en de\u0301veloppement pour les aider a\u0300 cre\u0301er de nouvelles sources d&rsquo;e\u0301nergie. \u00ab\u00a0Il ne s&rsquo;agit pas de charite\u0301\u00a0\u00bb, a-t-il fait remarquer. \u00ab\u00a0Il s&rsquo;agit de justice e\u0301conomique et sociale. Les populations africaines doivent encore payer le prix de l&rsquo;industrialisation et du de\u0301veloppement du nord. Il s&rsquo;agit e\u0301galement de l&rsquo;inte\u0301re\u0302t commun, car le de\u0301sordre e\u0301conomique et social provoque\u0301 par le changement climatique rendra le monde plus instable, moins se\u0301curise\u0301 et accroi\u0302tra la concurrence pour des ressources rares telles que l&rsquo;eau et la nourriture.\u00a0\u00bb<\/p>\n<p><strong>Pour plus d&rsquo;informations et d&rsquo;analyses sur la <a href=\"https:\/\/www.africa-press.net\/djibouti\">Djibouti<\/a>, suivez <a href=\"https:\/\/www.africa-press.net\/\">Africa-Press<\/a><\/strong><\/p>\n","protected":false},"excerpt":{"rendered":"<p>Africa-Press &#8211; Djibouti. Le d\u00e9veloppement \u00e9nerg\u00e9tique est une priorit\u00e9 de l&rsquo;Afrique de demain, a d\u00e9clar\u00e9 le pr\u00e9sident sud-africain Cyril Ramaphosa, dans des propos rapport\u00e9s par TASS. Transformer le secteur de l&rsquo;e\u0301nergie en Afrique est notre priorite\u0301\u00a0\u00bb, a-t-il souligne\u0301 dans son discours hebdomadaire au peuple sud-africain. \u00ab\u00a0En tant que pays africains, nous appelons la communaute\u0301 internationale [&hellip;]<\/p>\n","protected":false},"author":82,"featured_media":18390,"comment_status":"open","ping_status":"closed","sticky":false,"template":"","format":"standard","meta":{"footnotes":""},"categories":[3,10],"tags":[36,49,50],"class_list":["post-18391","post","type-post","status-publish","format-standard","has-post-thumbnail","hentry","category-economie","category-toutes-les-actualites","tag-africa-press","tag-africa-press-djibouti","tag-djibouti"],"yoast_head":"<!-- This site is optimized with the Yoast SEO Premium plugin v26.1 (Yoast SEO v27.0) - https:\/\/yoast.com\/product\/yoast-seo-premium-wordpress\/ -->\n<title>Ramaphosa : le d\u00e9veloppement \u00e9nerg\u00e9tique est une priorit\u00e9 de l&#039;Afrique - Djibouti<\/title>\n<meta name=\"description\" content=\"nt e\u0301nerge\u0301tique est une priorite\u0301 de l&#039;Afrique de demain, a de\u0301clare\u0301 le pre\u0301sident sud-africain Cyril Ramaphos ... ...\" \/>\n<meta name=\"robots\" content=\"index, follow, max-snippet:-1, max-image-preview:large, max-video-preview:-1\" \/>\n<link rel=\"canonical\" href=\"https:\/\/www.africa-press.net\/djibouti\/economie\/ramaphosa-le-developpement-energetique-est-une-priorite-de-lafrique\" \/>\n<meta property=\"og:locale\" content=\"fr_FR\" \/>\n<meta property=\"og:type\" content=\"article\" \/>\n<meta property=\"og:title\" content=\"Ramaphosa : le d\u00e9veloppement \u00e9nerg\u00e9tique est une priorit\u00e9 de l&#039;Afrique\" \/>\n<meta property=\"og:description\" content=\"nt e\u0301nerge\u0301tique est une priorite\u0301 de l&#039;Afrique de demain, a de\u0301clare\u0301 le pre\u0301sident sud-africain Cyril Ramaphos ... ...\" \/>\n<meta property=\"og:url\" content=\"https:\/\/www.africa-press.net\/djibouti\/economie\/ramaphosa-le-developpement-energetique-est-une-priorite-de-lafrique\" \/>\n<meta property=\"og:site_name\" content=\"Djibouti\" \/>\n<meta property=\"article:published_time\" content=\"2023-09-27T10:52:24+00:00\" \/>\n<meta property=\"article:modified_time\" content=\"2023-09-27T11:22:08+00:00\" \/>\n<meta property=\"og:image\" content=\"https:\/\/static.africa-press.net\/djibouti\/sites\/52\/2023\/09\/sm_1695800996.313866.jpg\" \/>\n\t<meta property=\"og:image:width\" content=\"1280\" \/>\n\t<meta property=\"og:image:height\" content=\"726\" \/>\n\t<meta property=\"og:image:type\" content=\"image\/jpeg\" \/>\n<meta name=\"author\" content=\"cfeditorfr\" \/>\n<meta name=\"twitter:card\" content=\"summary_large_image\" \/>\n<meta name=\"twitter:label1\" content=\"\u00c9crit par\" \/>\n\t<meta name=\"twitter:data1\" content=\"cfeditorfr\" \/>\n\t<meta name=\"twitter:label2\" content=\"Dur\u00e9e de lecture estim\u00e9e\" \/>\n\t<meta name=\"twitter:data2\" content=\"2 minutes\" \/>\n<script type=\"application\/ld+json\" class=\"yoast-schema-graph\">{\"@context\":\"https:\/\/schema.org\",\"@graph\":[{\"@type\":\"Article\",\"@id\":\"https:\/\/www.africa-press.net\/djibouti\/economie\/ramaphosa-le-developpement-energetique-est-une-priorite-de-lafrique#article\",\"isPartOf\":{\"@id\":\"https:\/\/www.africa-press.net\/djibouti\/economie\/ramaphosa-le-developpement-energetique-est-une-priorite-de-lafrique\"},\"author\":{\"name\":\"cfeditorfr\",\"@id\":\"https:\/\/www.africa-press.net\/djibouti\/#\/schema\/person\/2b1cf3cd81a31e3cd26889ca66d677f1\"},\"headline\":\"Ramaphosa : le d\u00e9veloppement \u00e9nerg\u00e9tique est une priorit\u00e9 de l&rsquo;Afrique\",\"datePublished\":\"2023-09-27T10:52:24+00:00\",\"dateModified\":\"2023-09-27T11:22:08+00:00\",\"mainEntityOfPage\":{\"@id\":\"https:\/\/www.africa-press.net\/djibouti\/economie\/ramaphosa-le-developpement-energetique-est-une-priorite-de-lafrique\"},\"wordCount\":278,\"commentCount\":0,\"image\":{\"@id\":\"https:\/\/www.africa-press.net\/djibouti\/economie\/ramaphosa-le-developpement-energetique-est-une-priorite-de-lafrique#primaryimage\"},\"thumbnailUrl\":\"https:\/\/static.africa-press.net\/djibouti\/sites\/52\/2023\/09\/sm_1695800996.313866.jpg\",\"keywords\":[\"Africa Press\",\"Africa Press-Djibouti\",\"Djibouti\"],\"articleSection\":[\"\u00c9conomie\",\"Toutes les actualit\u00e9s\"],\"inLanguage\":\"fr-FR\",\"potentialAction\":[{\"@type\":\"CommentAction\",\"name\":\"Comment\",\"target\":[\"https:\/\/www.africa-press.net\/djibouti\/economie\/ramaphosa-le-developpement-energetique-est-une-priorite-de-lafrique#respond\"]}]},{\"@type\":\"WebPage\",\"@id\":\"https:\/\/www.africa-press.net\/djibouti\/economie\/ramaphosa-le-developpement-energetique-est-une-priorite-de-lafrique\",\"url\":\"https:\/\/www.africa-press.net\/djibouti\/economie\/ramaphosa-le-developpement-energetique-est-une-priorite-de-lafrique\",\"name\":\"Ramaphosa : le d\u00e9veloppement \u00e9nerg\u00e9tique est une priorit\u00e9 de l'Afrique - Djibouti\",\"isPartOf\":{\"@id\":\"https:\/\/www.africa-press.net\/djibouti\/#website\"},\"primaryImageOfPage\":{\"@id\":\"https:\/\/www.africa-press.net\/djibouti\/economie\/ramaphosa-le-developpement-energetique-est-une-priorite-de-lafrique#primaryimage\"},\"image\":{\"@id\":\"https:\/\/www.africa-press.net\/djibouti\/economie\/ramaphosa-le-developpement-energetique-est-une-priorite-de-lafrique#primaryimage\"},\"thumbnailUrl\":\"https:\/\/static.africa-press.net\/djibouti\/sites\/52\/2023\/09\/sm_1695800996.313866.jpg\",\"datePublished\":\"2023-09-27T10:52:24+00:00\",\"dateModified\":\"2023-09-27T11:22:08+00:00\",\"author\":{\"@id\":\"https:\/\/www.africa-press.net\/djibouti\/#\/schema\/person\/2b1cf3cd81a31e3cd26889ca66d677f1\"},\"description\":\"nt e\u0301nerge\u0301tique est une priorite\u0301 de l'Afrique de demain, a de\u0301clare\u0301 le pre\u0301sident sud-africain Cyril Ramaphos ... ...\",\"breadcrumb\":{\"@id\":\"https:\/\/www.africa-press.net\/djibouti\/economie\/ramaphosa-le-developpement-energetique-est-une-priorite-de-lafrique#breadcrumb\"},\"inLanguage\":\"fr-FR\",\"potentialAction\":[{\"@type\":\"ReadAction\",\"target\":[\"https:\/\/www.africa-press.net\/djibouti\/economie\/ramaphosa-le-developpement-energetique-est-une-priorite-de-lafrique\"]}]},{\"@type\":\"ImageObject\",\"inLanguage\":\"fr-FR\",\"@id\":\"https:\/\/www.africa-press.net\/djibouti\/economie\/ramaphosa-le-developpement-energetique-est-une-priorite-de-lafrique#primaryimage\",\"url\":\"https:\/\/static.africa-press.net\/djibouti\/sites\/52\/2023\/09\/sm_1695800996.313866.jpg\",\"contentUrl\":\"https:\/\/static.africa-press.net\/djibouti\/sites\/52\/2023\/09\/sm_1695800996.313866.jpg\",\"width\":1280,\"height\":726,\"caption\":\"Ramaphosa : le d\u00e9veloppement \u00e9nerg\u00e9tique est une priorit\u00e9 de l'Afrique\"},{\"@type\":\"BreadcrumbList\",\"@id\":\"https:\/\/www.africa-press.net\/djibouti\/economie\/ramaphosa-le-developpement-energetique-est-une-priorite-de-lafrique#breadcrumb\",\"itemListElement\":[{\"@type\":\"ListItem\",\"position\":1,\"name\":\"Accueil\",\"item\":\"https:\/\/www.africa-press.net\/djibouti\/\"},{\"@type\":\"ListItem\",\"position\":2,\"name\":\"Ramaphosa : le d\u00e9veloppement \u00e9nerg\u00e9tique est une priorit\u00e9 de l&#8217;Afrique\"}]},{\"@type\":\"WebSite\",\"@id\":\"https:\/\/www.africa-press.net\/djibouti\/#website\",\"url\":\"https:\/\/www.africa-press.net\/djibouti\/\",\"name\":\"Djibouti\",\"description\":\"Just another Africa News Agency Sites site\",\"potentialAction\":[{\"@type\":\"SearchAction\",\"target\":{\"@type\":\"EntryPoint\",\"urlTemplate\":\"https:\/\/www.africa-press.net\/djibouti\/?s={search_term_string}\"},\"query-input\":{\"@type\":\"PropertyValueSpecification\",\"valueRequired\":true,\"valueName\":\"search_term_string\"}}],\"inLanguage\":\"fr-FR\"},{\"@type\":\"Person\",\"@id\":\"https:\/\/www.africa-press.net\/djibouti\/#\/schema\/person\/2b1cf3cd81a31e3cd26889ca66d677f1\",\"name\":\"cfeditorfr\"}]}<\/script>\n<!-- \/ Yoast SEO Premium plugin. -->","yoast_head_json":{"title":"Ramaphosa : le d\u00e9veloppement \u00e9nerg\u00e9tique est une priorit\u00e9 de l'Afrique - Djibouti","description":"nt e\u0301nerge\u0301tique est une priorite\u0301 de l'Afrique de demain, a de\u0301clare\u0301 le pre\u0301sident sud-africain Cyril Ramaphos ... ...","robots":{"index":"index","follow":"follow","max-snippet":"max-snippet:-1","max-image-preview":"max-image-preview:large","max-video-preview":"max-video-preview:-1"},"canonical":"https:\/\/www.africa-press.net\/djibouti\/economie\/ramaphosa-le-developpement-energetique-est-une-priorite-de-lafrique","og_locale":"fr_FR","og_type":"article","og_title":"Ramaphosa : le d\u00e9veloppement \u00e9nerg\u00e9tique est une priorit\u00e9 de l'Afrique","og_description":"nt e\u0301nerge\u0301tique est une priorite\u0301 de l'Afrique de demain, a de\u0301clare\u0301 le pre\u0301sident sud-africain Cyril Ramaphos ... ...","og_url":"https:\/\/www.africa-press.net\/djibouti\/economie\/ramaphosa-le-developpement-energetique-est-une-priorite-de-lafrique","og_site_name":"Djibouti","article_published_time":"2023-09-27T10:52:24+00:00","article_modified_time":"2023-09-27T11:22:08+00:00","og_image":[{"width":1280,"height":726,"url":"https:\/\/static.africa-press.net\/djibouti\/sites\/52\/2023\/09\/sm_1695800996.313866.jpg","type":"image\/jpeg"}],"author":"cfeditorfr","twitter_card":"summary_large_image","twitter_misc":{"\u00c9crit par":"cfeditorfr","Dur\u00e9e de lecture estim\u00e9e":"2 minutes"},"schema":{"@context":"https:\/\/schema.org","@graph":[{"@type":"Article","@id":"https:\/\/www.africa-press.net\/djibouti\/economie\/ramaphosa-le-developpement-energetique-est-une-priorite-de-lafrique#article","isPartOf":{"@id":"https:\/\/www.africa-press.net\/djibouti\/economie\/ramaphosa-le-developpement-energetique-est-une-priorite-de-lafrique"},"author":{"name":"cfeditorfr","@id":"https:\/\/www.africa-press.net\/djibouti\/#\/schema\/person\/2b1cf3cd81a31e3cd26889ca66d677f1"},"headline":"Ramaphosa : le d\u00e9veloppement \u00e9nerg\u00e9tique est une priorit\u00e9 de l&rsquo;Afrique","datePublished":"2023-09-27T10:52:24+00:00","dateModified":"2023-09-27T11:22:08+00:00","mainEntityOfPage":{"@id":"https:\/\/www.africa-press.net\/djibouti\/economie\/ramaphosa-le-developpement-energetique-est-une-priorite-de-lafrique"},"wordCount":278,"commentCount":0,"image":{"@id":"https:\/\/www.africa-press.net\/djibouti\/economie\/ramaphosa-le-developpement-energetique-est-une-priorite-de-lafrique#primaryimage"},"thumbnailUrl":"https:\/\/static.africa-press.net\/djibouti\/sites\/52\/2023\/09\/sm_1695800996.313866.jpg","keywords":["Africa Press","Africa Press-Djibouti","Djibouti"],"articleSection":["\u00c9conomie","Toutes les actualit\u00e9s"],"inLanguage":"fr-FR","potentialAction":[{"@type":"CommentAction","name":"Comment","target":["https:\/\/www.africa-press.net\/djibouti\/economie\/ramaphosa-le-developpement-energetique-est-une-priorite-de-lafrique#respond"]}]},{"@type":"WebPage","@id":"https:\/\/www.africa-press.net\/djibouti\/economie\/ramaphosa-le-developpement-energetique-est-une-priorite-de-lafrique","url":"https:\/\/www.africa-press.net\/djibouti\/economie\/ramaphosa-le-developpement-energetique-est-une-priorite-de-lafrique","name":"Ramaphosa : le d\u00e9veloppement \u00e9nerg\u00e9tique est une priorit\u00e9 de l'Afrique - Djibouti","isPartOf":{"@id":"https:\/\/www.africa-press.net\/djibouti\/#website"},"primaryImageOfPage":{"@id":"https:\/\/www.africa-press.net\/djibouti\/economie\/ramaphosa-le-developpement-energetique-est-une-priorite-de-lafrique#primaryimage"},"image":{"@id":"https:\/\/www.africa-press.net\/djibouti\/economie\/ramaphosa-le-developpement-energetique-est-une-priorite-de-lafrique#primaryimage"},"thumbnailUrl":"https:\/\/static.africa-press.net\/djibouti\/sites\/52\/2023\/09\/sm_1695800996.313866.jpg","datePublished":"2023-09-27T10:52:24+00:00","dateModified":"2023-09-27T11:22:08+00:00","author":{"@id":"https:\/\/www.africa-press.net\/djibouti\/#\/schema\/person\/2b1cf3cd81a31e3cd26889ca66d677f1"},"description":"nt e\u0301nerge\u0301tique est une priorite\u0301 de l'Afrique de demain, a de\u0301clare\u0301 le pre\u0301sident sud-africain Cyril Ramaphos ... ...","breadcrumb":{"@id":"https:\/\/www.africa-press.net\/djibouti\/economie\/ramaphosa-le-developpement-energetique-est-une-priorite-de-lafrique#breadcrumb"},"inLanguage":"fr-FR","potentialAction":[{"@type":"ReadAction","target":["https:\/\/www.africa-press.net\/djibouti\/economie\/ramaphosa-le-developpement-energetique-est-une-priorite-de-lafrique"]}]},{"@type":"ImageObject","inLanguage":"fr-FR","@id":"https:\/\/www.africa-press.net\/djibouti\/economie\/ramaphosa-le-developpement-energetique-est-une-priorite-de-lafrique#primaryimage","url":"https:\/\/static.africa-press.net\/djibouti\/sites\/52\/2023\/09\/sm_1695800996.313866.jpg","contentUrl":"https:\/\/static.africa-press.net\/djibouti\/sites\/52\/2023\/09\/sm_1695800996.313866.jpg","width":1280,"height":726,"caption":"Ramaphosa : le d\u00e9veloppement \u00e9nerg\u00e9tique est une priorit\u00e9 de l'Afrique"},{"@type":"BreadcrumbList","@id":"https:\/\/www.africa-press.net\/djibouti\/economie\/ramaphosa-le-developpement-energetique-est-une-priorite-de-lafrique#breadcrumb","itemListElement":[{"@type":"ListItem","position":1,"name":"Accueil","item":"https:\/\/www.africa-press.net\/djibouti\/"},{"@type":"ListItem","position":2,"name":"Ramaphosa : le d\u00e9veloppement \u00e9nerg\u00e9tique est une priorit\u00e9 de l&#8217;Afrique"}]},{"@type":"WebSite","@id":"https:\/\/www.africa-press.net\/djibouti\/#website","url":"https:\/\/www.africa-press.net\/djibouti\/","name":"Djibouti","description":"Just another Africa News Agency Sites site","potentialAction":[{"@type":"SearchAction","target":{"@type":"EntryPoint","urlTemplate":"https:\/\/www.africa-press.net\/djibouti\/?s={search_term_string}"},"query-input":{"@type":"PropertyValueSpecification","valueRequired":true,"valueName":"search_term_string"}}],"inLanguage":"fr-FR"},{"@type":"Person","@id":"https:\/\/www.africa-press.net\/djibouti\/#\/schema\/person\/2b1cf3cd81a31e3cd26889ca66d677f1","name":"cfeditorfr"}]}},"_links":{"self":[{"href":"https:\/\/www.africa-press.net\/djibouti\/wp-json\/wp\/v2\/posts\/18391","targetHints":{"allow":["GET"]}}],"collection":[{"href":"https:\/\/www.africa-press.net\/djibouti\/wp-json\/wp\/v2\/posts"}],"about":[{"href":"https:\/\/www.africa-press.net\/djibouti\/wp-json\/wp\/v2\/types\/post"}],"author":[{"embeddable":true,"href":"https:\/\/www.africa-press.net\/djibouti\/wp-json\/wp\/v2\/users\/82"}],"replies":[{"embeddable":true,"href":"https:\/\/www.africa-press.net\/djibouti\/wp-json\/wp\/v2\/comments?post=18391"}],"version-history":[{"count":0,"href":"https:\/\/www.africa-press.net\/djibouti\/wp-json\/wp\/v2\/posts\/18391\/revisions"}],"wp:featuredmedia":[{"embeddable":true,"href":"https:\/\/www.africa-press.net\/djibouti\/wp-json\/wp\/v2\/media\/18390"}],"wp:attachment":[{"href":"https:\/\/www.africa-press.net\/djibouti\/wp-json\/wp\/v2\/media?parent=18391"}],"wp:term":[{"taxonomy":"category","embeddable":true,"href":"https:\/\/www.africa-press.net\/djibouti\/wp-json\/wp\/v2\/categories?post=18391"},{"taxonomy":"post_tag","embeddable":true,"href":"https:\/\/www.africa-press.net\/djibouti\/wp-json\/wp\/v2\/tags?post=18391"}],"curies":[{"name":"wp","href":"https:\/\/api.w.org\/{rel}","templated":true}]}}