{"id":18397,"date":"2023-09-27T11:03:54","date_gmt":"2023-09-27T11:03:54","guid":{"rendered":"https:\/\/www.africa-press.net\/djibouti\/politique\/lancement-a-kinshasa-dune-etude-sur-la-migration-climatique-en-afrique"},"modified":"2023-09-27T11:29:35","modified_gmt":"2023-09-27T11:29:35","slug":"lancement-a-kinshasa-dune-etude-sur-la-migration-climatique-en-afrique","status":"publish","type":"post","link":"https:\/\/www.africa-press.net\/djibouti\/economie\/lancement-a-kinshasa-dune-etude-sur-la-migration-climatique-en-afrique","title":{"rendered":"Lancement \u00e0 Kinshasa d&rsquo;une \u00e9tude sur la migration climatique en Afrique"},"content":{"rendered":"<p><span style=\"color: #ff6600\"><strong>Africa-Press &#8211; Djibouti. <\/strong><\/span>Les repre\u0301sentants des conseils e\u0301conomiques et sociaux (CES) d&rsquo;Afrique ont annonce\u0301, mardi a\u0300 Kinshasa, en Re\u0301publique de\u0301mocratique du Congo (RCD) le lancement d&rsquo;une e\u0301tude approfondie sur la migration climatique sur ce continent qui, selon eux, subit le plus grand impact du changement climatique.<\/p>\n<p>Cette e\u0301tude a e\u0301te\u0301 lance\u0301e lors de la premie\u0300re journe\u0301e d\u2019un atelier de deux jours (26-27 septembre) sur la mobilite\u0301 climatique en Afrique, organise\u0301 par le Conseil e\u0301conomique et social de la Re\u0301publique de\u0301mocratique du Congo en collaboration de l\u2019Union des conseils e\u0301conomiques et sociaux et institutions similaires d\u2019Afrique (UCESA).<\/p>\n<p>Intervenant a\u0300 cette occasion, M. Ahmed Reda Chami, pre\u0301sident du Conseil e\u0301conomique, social et environnemental (CESE) et pre\u0301sident de l&rsquo;Union des conseils e\u0301conomiques et sociaux et institutions similaires d&rsquo;Afrique (UCESA), a souligne\u0301 que \u00ab\u00a0les projections sur la mobilite\u0301 en Afrique indiquent une migration interne d&rsquo;environ 86 millions de personnes d&rsquo;ici 2050 si aucune action n&rsquo;est entreprise pour re\u0301duire les impacts du changement climatique\u00a0\u00bb.<\/p>\n<p>L&rsquo;objectif de cette e\u0301tude est d&rsquo;ame\u0301liorer les connaissances sur l&rsquo;ampleur des migrations climatiques et leurs conse\u0301quences sur les populations, afin de pouvoir anticiper cette migration et d&rsquo;en tenir compte dans les plans de de\u0301veloppement, a-t-il explique\u0301.<\/p>\n<p>\u00ab\u00a0Faire cette e\u0301tude ici, en RDC, avec l&rsquo;aide de la Banque mondiale, vous permettra d&rsquo;adapter vos politiques d&rsquo;ame\u0301nagement du territoire, parce que vous saurez qu&rsquo;il sera pre\u0301vu des de\u0301placements de populations de telle re\u0301gion a\u0300 telle re\u0301gion\u00a0\u00bb, a dit M. Chami, en s&rsquo;adressant au Premier ministre congolais Jean-Michel Sama Lukonde.<\/p>\n<p>L&rsquo;e\u0301tude sera ensuite ge\u0301ne\u0301ralise\u0301e a\u0300 tous les pays membres de l&rsquo;UCESA.<\/p>\n<p>Les conse\u0301quences des de\u0301cisions prises aujourd&rsquo;hui \u00ab\u00a0s&rsquo;imposeront aux ge\u0301ne\u0301rations futures\u00a0\u00bb, a indique\u0301, pour sa part, Jean-Pierre Kiwakana, pre\u0301sident du Conseil e\u0301conomique et social (CES) de la RDC.<\/p>\n<p>\u00ab\u00a0Le destin de l&rsquo;humanite\u0301 se joue\u00a0\u00bb maintenant et \u00ab\u00a0la RDC, avec son bassin, ses fore\u0302ts, ses tourbie\u0300res, les mangroves, de\u0301tient assure\u0301ment une grande partie de la solution, d&rsquo;ou\u0300 l&rsquo;inte\u0301re\u0302t de veiller a\u0300 sa stabilite\u0301\u00a0\u00bb, a-t-il dit, notant que le temps n&rsquo;est \u00ab\u00a0plus aux discours\u00a0\u00bb ni \u00ab\u00a0aux replis identitaires, des solutions africaines existent, nous devons les promouvoir\u00a0\u00bb.<\/p>\n<p>Plusieurs pays africains ainsi que la Chine et des repre\u0301sentants du Conseil e\u0301conomique europe\u0301en prennent part aux travaux de cet atelier qui se tient en marge de l\u2019Assemble\u0301e ge\u0301ne\u0301rale de l\u2019UCESA.<\/p>\n<p>Cet atelier vise trois objectifs, a\u0300 savoir une pre\u0301sentation de l\u2019e\u0301tat des lieux sur le changement climatique en RDC, faire des projections sur la mobilite\u0301 climatique en Re\u0301publique de\u0301mocratique du Congo a\u0300 l\u2019horizon 2050 et sensibiliser les parties prenantes a\u0300 l\u2019ampleur et l\u2019impact de la mobilite\u0301 climatique en Afrique en ge\u0301ne\u0301ral et en RDC en particulier.<\/p>\n<p><strong>Pour plus d&rsquo;informations et d&rsquo;analyses sur la <a href=\"https:\/\/www.africa-press.net\/djibouti\">Djibouti<\/a>, suivez <a href=\"https:\/\/www.africa-press.net\/\">Africa-Press<\/a><\/strong><\/p>\n","protected":false},"excerpt":{"rendered":"<p>Africa-Press &#8211; Djibouti. Les repre\u0301sentants des conseils e\u0301conomiques et sociaux (CES) d&rsquo;Afrique ont annonce\u0301, mardi a\u0300 Kinshasa, en Re\u0301publique de\u0301mocratique du Congo (RCD) le lancement d&rsquo;une e\u0301tude approfondie sur la migration climatique sur ce continent qui, selon eux, subit le plus grand impact du changement climatique. Cette e\u0301tude a e\u0301te\u0301 lance\u0301e lors de la premie\u0300re [&hellip;]<\/p>\n","protected":false},"author":82,"featured_media":18396,"comment_status":"open","ping_status":"closed","sticky":false,"template":"","format":"standard","meta":{"footnotes":""},"categories":[3,10],"tags":[36,49,50],"class_list":["post-18397","post","type-post","status-publish","format-standard","has-post-thumbnail","hentry","category-economie","category-toutes-les-actualites","tag-africa-press","tag-africa-press-djibouti","tag-djibouti"],"yoast_head":"<!-- This site is optimized with the Yoast SEO Premium plugin v26.1 (Yoast SEO v27.0) - https:\/\/yoast.com\/product\/yoast-seo-premium-wordpress\/ -->\n<title>Lancement \u00e0 Kinshasa d&#039;une \u00e9tude sur la migration climatique en Afrique - Djibouti<\/title>\n<meta name=\"description\" content=\"Les repre\u0301sentants des conseils e\u0301conomiques et sociaux (CES) d&#039;Afrique ont annonce\u0301, mardi a\u0300 Kinshasa, en Re\u0301publique ...\" \/>\n<meta name=\"robots\" content=\"index, follow, max-snippet:-1, max-image-preview:large, max-video-preview:-1\" \/>\n<link rel=\"canonical\" href=\"https:\/\/www.africa-press.net\/djibouti\/economie\/lancement-a-kinshasa-dune-etude-sur-la-migration-climatique-en-afrique\" \/>\n<meta property=\"og:locale\" content=\"fr_FR\" \/>\n<meta property=\"og:type\" content=\"article\" \/>\n<meta property=\"og:title\" content=\"Lancement \u00e0 Kinshasa d&#039;une \u00e9tude sur la migration climatique en Afrique\" \/>\n<meta property=\"og:description\" content=\"Les repre\u0301sentants des conseils e\u0301conomiques et sociaux (CES) d&#039;Afrique ont annonce\u0301, mardi a\u0300 Kinshasa, en Re\u0301publique ...\" \/>\n<meta property=\"og:url\" content=\"https:\/\/www.africa-press.net\/djibouti\/economie\/lancement-a-kinshasa-dune-etude-sur-la-migration-climatique-en-afrique\" \/>\n<meta property=\"og:site_name\" content=\"Djibouti\" \/>\n<meta property=\"article:published_time\" content=\"2023-09-27T11:03:54+00:00\" \/>\n<meta property=\"article:modified_time\" content=\"2023-09-27T11:29:35+00:00\" \/>\n<meta property=\"og:image\" content=\"https:\/\/static.africa-press.net\/djibouti\/sites\/52\/2023\/09\/sm_1695801480.097801.jpg\" \/>\n\t<meta property=\"og:image:width\" content=\"1350\" \/>\n\t<meta property=\"og:image:height\" content=\"900\" \/>\n\t<meta property=\"og:image:type\" content=\"image\/jpeg\" \/>\n<meta name=\"author\" content=\"cfeditorfr\" \/>\n<meta name=\"twitter:card\" content=\"summary_large_image\" \/>\n<meta name=\"twitter:label1\" content=\"\u00c9crit par\" \/>\n\t<meta name=\"twitter:data1\" content=\"cfeditorfr\" \/>\n\t<meta name=\"twitter:label2\" content=\"Dur\u00e9e de lecture estim\u00e9e\" \/>\n\t<meta name=\"twitter:data2\" content=\"3 minutes\" \/>\n<script type=\"application\/ld+json\" class=\"yoast-schema-graph\">{\"@context\":\"https:\/\/schema.org\",\"@graph\":[{\"@type\":\"Article\",\"@id\":\"https:\/\/www.africa-press.net\/djibouti\/economie\/lancement-a-kinshasa-dune-etude-sur-la-migration-climatique-en-afrique#article\",\"isPartOf\":{\"@id\":\"https:\/\/www.africa-press.net\/djibouti\/economie\/lancement-a-kinshasa-dune-etude-sur-la-migration-climatique-en-afrique\"},\"author\":{\"name\":\"cfeditorfr\",\"@id\":\"https:\/\/www.africa-press.net\/djibouti\/#\/schema\/person\/2b1cf3cd81a31e3cd26889ca66d677f1\"},\"headline\":\"Lancement \u00e0 Kinshasa d&rsquo;une \u00e9tude sur la migration climatique en Afrique\",\"datePublished\":\"2023-09-27T11:03:54+00:00\",\"dateModified\":\"2023-09-27T11:29:35+00:00\",\"mainEntityOfPage\":{\"@id\":\"https:\/\/www.africa-press.net\/djibouti\/economie\/lancement-a-kinshasa-dune-etude-sur-la-migration-climatique-en-afrique\"},\"wordCount\":536,\"commentCount\":0,\"image\":{\"@id\":\"https:\/\/www.africa-press.net\/djibouti\/economie\/lancement-a-kinshasa-dune-etude-sur-la-migration-climatique-en-afrique#primaryimage\"},\"thumbnailUrl\":\"https:\/\/static.africa-press.net\/djibouti\/sites\/52\/2023\/09\/sm_1695801480.097801.jpg\",\"keywords\":[\"Africa Press\",\"Africa Press-Djibouti\",\"Djibouti\"],\"articleSection\":[\"\u00c9conomie\",\"Toutes les actualit\u00e9s\"],\"inLanguage\":\"fr-FR\",\"potentialAction\":[{\"@type\":\"CommentAction\",\"name\":\"Comment\",\"target\":[\"https:\/\/www.africa-press.net\/djibouti\/economie\/lancement-a-kinshasa-dune-etude-sur-la-migration-climatique-en-afrique#respond\"]}]},{\"@type\":\"WebPage\",\"@id\":\"https:\/\/www.africa-press.net\/djibouti\/economie\/lancement-a-kinshasa-dune-etude-sur-la-migration-climatique-en-afrique\",\"url\":\"https:\/\/www.africa-press.net\/djibouti\/economie\/lancement-a-kinshasa-dune-etude-sur-la-migration-climatique-en-afrique\",\"name\":\"Lancement \u00e0 Kinshasa d'une \u00e9tude sur la migration climatique en Afrique - Djibouti\",\"isPartOf\":{\"@id\":\"https:\/\/www.africa-press.net\/djibouti\/#website\"},\"primaryImageOfPage\":{\"@id\":\"https:\/\/www.africa-press.net\/djibouti\/economie\/lancement-a-kinshasa-dune-etude-sur-la-migration-climatique-en-afrique#primaryimage\"},\"image\":{\"@id\":\"https:\/\/www.africa-press.net\/djibouti\/economie\/lancement-a-kinshasa-dune-etude-sur-la-migration-climatique-en-afrique#primaryimage\"},\"thumbnailUrl\":\"https:\/\/static.africa-press.net\/djibouti\/sites\/52\/2023\/09\/sm_1695801480.097801.jpg\",\"datePublished\":\"2023-09-27T11:03:54+00:00\",\"dateModified\":\"2023-09-27T11:29:35+00:00\",\"author\":{\"@id\":\"https:\/\/www.africa-press.net\/djibouti\/#\/schema\/person\/2b1cf3cd81a31e3cd26889ca66d677f1\"},\"description\":\"Les repre\u0301sentants des conseils e\u0301conomiques et sociaux (CES) d'Afrique ont annonce\u0301, mardi a\u0300 Kinshasa, en Re\u0301publique ...\",\"breadcrumb\":{\"@id\":\"https:\/\/www.africa-press.net\/djibouti\/economie\/lancement-a-kinshasa-dune-etude-sur-la-migration-climatique-en-afrique#breadcrumb\"},\"inLanguage\":\"fr-FR\",\"potentialAction\":[{\"@type\":\"ReadAction\",\"target\":[\"https:\/\/www.africa-press.net\/djibouti\/economie\/lancement-a-kinshasa-dune-etude-sur-la-migration-climatique-en-afrique\"]}]},{\"@type\":\"ImageObject\",\"inLanguage\":\"fr-FR\",\"@id\":\"https:\/\/www.africa-press.net\/djibouti\/economie\/lancement-a-kinshasa-dune-etude-sur-la-migration-climatique-en-afrique#primaryimage\",\"url\":\"https:\/\/static.africa-press.net\/djibouti\/sites\/52\/2023\/09\/sm_1695801480.097801.jpg\",\"contentUrl\":\"https:\/\/static.africa-press.net\/djibouti\/sites\/52\/2023\/09\/sm_1695801480.097801.jpg\",\"width\":1350,\"height\":900,\"caption\":\"Lancement \u00e0 Kinshasa d'une \u00e9tude sur la migration climatique en Afrique\"},{\"@type\":\"BreadcrumbList\",\"@id\":\"https:\/\/www.africa-press.net\/djibouti\/economie\/lancement-a-kinshasa-dune-etude-sur-la-migration-climatique-en-afrique#breadcrumb\",\"itemListElement\":[{\"@type\":\"ListItem\",\"position\":1,\"name\":\"Accueil\",\"item\":\"https:\/\/www.africa-press.net\/djibouti\/\"},{\"@type\":\"ListItem\",\"position\":2,\"name\":\"Lancement \u00e0 Kinshasa d&#8217;une \u00e9tude sur la migration climatique en Afrique\"}]},{\"@type\":\"WebSite\",\"@id\":\"https:\/\/www.africa-press.net\/djibouti\/#website\",\"url\":\"https:\/\/www.africa-press.net\/djibouti\/\",\"name\":\"Djibouti\",\"description\":\"Just another Africa News Agency Sites site\",\"potentialAction\":[{\"@type\":\"SearchAction\",\"target\":{\"@type\":\"EntryPoint\",\"urlTemplate\":\"https:\/\/www.africa-press.net\/djibouti\/?s={search_term_string}\"},\"query-input\":{\"@type\":\"PropertyValueSpecification\",\"valueRequired\":true,\"valueName\":\"search_term_string\"}}],\"inLanguage\":\"fr-FR\"},{\"@type\":\"Person\",\"@id\":\"https:\/\/www.africa-press.net\/djibouti\/#\/schema\/person\/2b1cf3cd81a31e3cd26889ca66d677f1\",\"name\":\"cfeditorfr\"}]}<\/script>\n<!-- \/ Yoast SEO Premium plugin. -->","yoast_head_json":{"title":"Lancement \u00e0 Kinshasa d'une \u00e9tude sur la migration climatique en Afrique - Djibouti","description":"Les repre\u0301sentants des conseils e\u0301conomiques et sociaux (CES) d'Afrique ont annonce\u0301, mardi a\u0300 Kinshasa, en Re\u0301publique ...","robots":{"index":"index","follow":"follow","max-snippet":"max-snippet:-1","max-image-preview":"max-image-preview:large","max-video-preview":"max-video-preview:-1"},"canonical":"https:\/\/www.africa-press.net\/djibouti\/economie\/lancement-a-kinshasa-dune-etude-sur-la-migration-climatique-en-afrique","og_locale":"fr_FR","og_type":"article","og_title":"Lancement \u00e0 Kinshasa d'une \u00e9tude sur la migration climatique en Afrique","og_description":"Les repre\u0301sentants des conseils e\u0301conomiques et sociaux (CES) d'Afrique ont annonce\u0301, mardi a\u0300 Kinshasa, en Re\u0301publique ...","og_url":"https:\/\/www.africa-press.net\/djibouti\/economie\/lancement-a-kinshasa-dune-etude-sur-la-migration-climatique-en-afrique","og_site_name":"Djibouti","article_published_time":"2023-09-27T11:03:54+00:00","article_modified_time":"2023-09-27T11:29:35+00:00","og_image":[{"width":1350,"height":900,"url":"https:\/\/static.africa-press.net\/djibouti\/sites\/52\/2023\/09\/sm_1695801480.097801.jpg","type":"image\/jpeg"}],"author":"cfeditorfr","twitter_card":"summary_large_image","twitter_misc":{"\u00c9crit par":"cfeditorfr","Dur\u00e9e de lecture estim\u00e9e":"3 minutes"},"schema":{"@context":"https:\/\/schema.org","@graph":[{"@type":"Article","@id":"https:\/\/www.africa-press.net\/djibouti\/economie\/lancement-a-kinshasa-dune-etude-sur-la-migration-climatique-en-afrique#article","isPartOf":{"@id":"https:\/\/www.africa-press.net\/djibouti\/economie\/lancement-a-kinshasa-dune-etude-sur-la-migration-climatique-en-afrique"},"author":{"name":"cfeditorfr","@id":"https:\/\/www.africa-press.net\/djibouti\/#\/schema\/person\/2b1cf3cd81a31e3cd26889ca66d677f1"},"headline":"Lancement \u00e0 Kinshasa d&rsquo;une \u00e9tude sur la migration climatique en Afrique","datePublished":"2023-09-27T11:03:54+00:00","dateModified":"2023-09-27T11:29:35+00:00","mainEntityOfPage":{"@id":"https:\/\/www.africa-press.net\/djibouti\/economie\/lancement-a-kinshasa-dune-etude-sur-la-migration-climatique-en-afrique"},"wordCount":536,"commentCount":0,"image":{"@id":"https:\/\/www.africa-press.net\/djibouti\/economie\/lancement-a-kinshasa-dune-etude-sur-la-migration-climatique-en-afrique#primaryimage"},"thumbnailUrl":"https:\/\/static.africa-press.net\/djibouti\/sites\/52\/2023\/09\/sm_1695801480.097801.jpg","keywords":["Africa Press","Africa Press-Djibouti","Djibouti"],"articleSection":["\u00c9conomie","Toutes les actualit\u00e9s"],"inLanguage":"fr-FR","potentialAction":[{"@type":"CommentAction","name":"Comment","target":["https:\/\/www.africa-press.net\/djibouti\/economie\/lancement-a-kinshasa-dune-etude-sur-la-migration-climatique-en-afrique#respond"]}]},{"@type":"WebPage","@id":"https:\/\/www.africa-press.net\/djibouti\/economie\/lancement-a-kinshasa-dune-etude-sur-la-migration-climatique-en-afrique","url":"https:\/\/www.africa-press.net\/djibouti\/economie\/lancement-a-kinshasa-dune-etude-sur-la-migration-climatique-en-afrique","name":"Lancement \u00e0 Kinshasa d'une \u00e9tude sur la migration climatique en Afrique - Djibouti","isPartOf":{"@id":"https:\/\/www.africa-press.net\/djibouti\/#website"},"primaryImageOfPage":{"@id":"https:\/\/www.africa-press.net\/djibouti\/economie\/lancement-a-kinshasa-dune-etude-sur-la-migration-climatique-en-afrique#primaryimage"},"image":{"@id":"https:\/\/www.africa-press.net\/djibouti\/economie\/lancement-a-kinshasa-dune-etude-sur-la-migration-climatique-en-afrique#primaryimage"},"thumbnailUrl":"https:\/\/static.africa-press.net\/djibouti\/sites\/52\/2023\/09\/sm_1695801480.097801.jpg","datePublished":"2023-09-27T11:03:54+00:00","dateModified":"2023-09-27T11:29:35+00:00","author":{"@id":"https:\/\/www.africa-press.net\/djibouti\/#\/schema\/person\/2b1cf3cd81a31e3cd26889ca66d677f1"},"description":"Les repre\u0301sentants des conseils e\u0301conomiques et sociaux (CES) d'Afrique ont annonce\u0301, mardi a\u0300 Kinshasa, en Re\u0301publique ...","breadcrumb":{"@id":"https:\/\/www.africa-press.net\/djibouti\/economie\/lancement-a-kinshasa-dune-etude-sur-la-migration-climatique-en-afrique#breadcrumb"},"inLanguage":"fr-FR","potentialAction":[{"@type":"ReadAction","target":["https:\/\/www.africa-press.net\/djibouti\/economie\/lancement-a-kinshasa-dune-etude-sur-la-migration-climatique-en-afrique"]}]},{"@type":"ImageObject","inLanguage":"fr-FR","@id":"https:\/\/www.africa-press.net\/djibouti\/economie\/lancement-a-kinshasa-dune-etude-sur-la-migration-climatique-en-afrique#primaryimage","url":"https:\/\/static.africa-press.net\/djibouti\/sites\/52\/2023\/09\/sm_1695801480.097801.jpg","contentUrl":"https:\/\/static.africa-press.net\/djibouti\/sites\/52\/2023\/09\/sm_1695801480.097801.jpg","width":1350,"height":900,"caption":"Lancement \u00e0 Kinshasa d'une \u00e9tude sur la migration climatique en Afrique"},{"@type":"BreadcrumbList","@id":"https:\/\/www.africa-press.net\/djibouti\/economie\/lancement-a-kinshasa-dune-etude-sur-la-migration-climatique-en-afrique#breadcrumb","itemListElement":[{"@type":"ListItem","position":1,"name":"Accueil","item":"https:\/\/www.africa-press.net\/djibouti\/"},{"@type":"ListItem","position":2,"name":"Lancement \u00e0 Kinshasa d&#8217;une \u00e9tude sur la migration climatique en Afrique"}]},{"@type":"WebSite","@id":"https:\/\/www.africa-press.net\/djibouti\/#website","url":"https:\/\/www.africa-press.net\/djibouti\/","name":"Djibouti","description":"Just another Africa News Agency Sites site","potentialAction":[{"@type":"SearchAction","target":{"@type":"EntryPoint","urlTemplate":"https:\/\/www.africa-press.net\/djibouti\/?s={search_term_string}"},"query-input":{"@type":"PropertyValueSpecification","valueRequired":true,"valueName":"search_term_string"}}],"inLanguage":"fr-FR"},{"@type":"Person","@id":"https:\/\/www.africa-press.net\/djibouti\/#\/schema\/person\/2b1cf3cd81a31e3cd26889ca66d677f1","name":"cfeditorfr"}]}},"_links":{"self":[{"href":"https:\/\/www.africa-press.net\/djibouti\/wp-json\/wp\/v2\/posts\/18397","targetHints":{"allow":["GET"]}}],"collection":[{"href":"https:\/\/www.africa-press.net\/djibouti\/wp-json\/wp\/v2\/posts"}],"about":[{"href":"https:\/\/www.africa-press.net\/djibouti\/wp-json\/wp\/v2\/types\/post"}],"author":[{"embeddable":true,"href":"https:\/\/www.africa-press.net\/djibouti\/wp-json\/wp\/v2\/users\/82"}],"replies":[{"embeddable":true,"href":"https:\/\/www.africa-press.net\/djibouti\/wp-json\/wp\/v2\/comments?post=18397"}],"version-history":[{"count":0,"href":"https:\/\/www.africa-press.net\/djibouti\/wp-json\/wp\/v2\/posts\/18397\/revisions"}],"wp:featuredmedia":[{"embeddable":true,"href":"https:\/\/www.africa-press.net\/djibouti\/wp-json\/wp\/v2\/media\/18396"}],"wp:attachment":[{"href":"https:\/\/www.africa-press.net\/djibouti\/wp-json\/wp\/v2\/media?parent=18397"}],"wp:term":[{"taxonomy":"category","embeddable":true,"href":"https:\/\/www.africa-press.net\/djibouti\/wp-json\/wp\/v2\/categories?post=18397"},{"taxonomy":"post_tag","embeddable":true,"href":"https:\/\/www.africa-press.net\/djibouti\/wp-json\/wp\/v2\/tags?post=18397"}],"curies":[{"name":"wp","href":"https:\/\/api.w.org\/{rel}","templated":true}]}}