{"id":18436,"date":"2023-09-27T15:40:52","date_gmt":"2023-09-27T15:40:52","guid":{"rendered":"https:\/\/www.africa-press.net\/djibouti\/politique\/le-maire-de-la-ville-de-djibouti-sentretient-avec-la-directrice-generale-de-cites-unies-france"},"modified":"2023-09-27T16:54:59","modified_gmt":"2023-09-27T16:54:59","slug":"le-maire-de-la-ville-de-djibouti-sentretient-avec-la-directrice-generale-de-cites-unies-france","status":"publish","type":"post","link":"https:\/\/www.africa-press.net\/djibouti\/politique\/le-maire-de-la-ville-de-djibouti-sentretient-avec-la-directrice-generale-de-cites-unies-france","title":{"rendered":"Le maire de la ville de Djibouti s&rsquo;entretient avec la directrice g\u00e9n\u00e9rale de \u00a0\u00bb Cit\u00e9s unies France \u00ab\u00a0"},"content":{"rendered":"<p><span style=\"color: #ff6600\"><strong>Africa-Press &#8211; Djibouti. <\/strong><\/span>Dans le cadre de sa mission a\u0300 Paris, le maire de la ville de Djibouti, M. Said Daoud Mohamed, a rencontre\u0301 hier la directrice ge\u0301ne\u0301rale de l&rsquo;organisation de\u0301nomme\u0301e \u00a0\u00bb Cite\u0301s Unies France\u00a0\u00bb, Mme Virginie Rouquette.<\/p>\n<p>Dans cet entretien, qui a s&rsquo;est tenu en pre\u0301sence du conseiller technique du maire, M. Othman Hamad Mohamed et des membres du bureau directeur de l&rsquo;association, M. Sai\u0308d Daoud et Mme Virginie Rouquette ont eu l&rsquo;occasion d&rsquo;e\u0301changer sur plusieurs points en vue de faciliter la coope\u0301ration de\u0301centralise\u0301e entre leurs villes respectives.<\/p>\n<p>\u00ab\u00a0Cite\u0301s unies France\u00a0\u00bb est une association franc\u0327aise qui regroupe des collectivite\u0301s territoriales engage\u0301es dans l\u2019action internationale pour faciliter l\u2019e\u0301volution de la coope\u0301ration de\u0301centralise\u0301e en France et d\u2019amplifier leur action autour des Objectifs de de\u0301veloppement durable (ODD).<\/p>\n<p>Elle fe\u0301de\u0300re la majorite\u0301 des re\u0301gions, des villes et de de\u0301partements franc\u0327ais.<\/p>\n<p>L&rsquo;association a, entre autre mission, d\u2019animer et de coordonner les dynamiques ge\u0301ographiques pour l\u2019ensemble des collectivite\u0301s territoriales franc\u0327aises engage\u0301es a\u0300 l\u2019international.<\/p>\n<p>Dans le cadre de sa mission a\u0300 Paris, le maire de la ville de Djibouti, M. Said Daoud Mohamed, a rencontre\u0301 hier la directrice ge\u0301ne\u0301rale de l&rsquo;organisation de\u0301nomme\u0301e \u00a0\u00bb Cite\u0301s Unies France\u00a0\u00bb, Mme Virginie Rouquette.<\/p>\n<p>Dans cet entretien, qui a s&rsquo;est tenu en pre\u0301sence du conseiller technique du maire, M. Othman Hamad Mohamed et des membres du bureau directeur de l&rsquo;association, M. Sai\u0308d Daoud et Mme Virginie Rouquette ont eu l&rsquo;occasion d&rsquo;e\u0301changer sur plusieurs points en vue de faciliter la coope\u0301ration de\u0301centralise\u0301e entre leurs villes respectives.<\/p>\n<p>\u00ab\u00a0Cite\u0301s unies France\u00a0\u00bb est une association franc\u0327aise qui regroupe des collectivite\u0301s territoriales engage\u0301es dans l\u2019action internationale pour faciliter l\u2019e\u0301volution de la coope\u0301ration de\u0301centralise\u0301e en France et d\u2019amplifier leur action autour des Objectifs de de\u0301veloppement durable (ODD).<\/p>\n<p>Elle fe\u0301de\u0300re la majorite\u0301 des re\u0301gions, des villes et de de\u0301partements franc\u0327ais.<\/p>\n<p>L&rsquo;association a, entre autre mission, d\u2019animer et de coordonner les dynamiques ge\u0301ographiques pour l\u2019ensemble des collectivite\u0301s territoriales franc\u0327aises engage\u0301es a\u0300 l\u2019international.<\/p>\n<p><strong>Pour plus d&rsquo;informations et d&rsquo;analyses sur la <a href=\"https:\/\/www.africa-press.net\/djibouti\">Djibouti<\/a>, suivez <a href=\"https:\/\/www.africa-press.net\/\">Africa-Press<\/a><\/strong><\/p>\n","protected":false},"excerpt":{"rendered":"<p>Africa-Press &#8211; Djibouti. Dans le cadre de sa mission a\u0300 Paris, le maire de la ville de Djibouti, M. Said Daoud Mohamed, a rencontre\u0301 hier la directrice ge\u0301ne\u0301rale de l&rsquo;organisation de\u0301nomme\u0301e \u00a0\u00bb Cite\u0301s Unies France\u00a0\u00bb, Mme Virginie Rouquette. Dans cet entretien, qui a s&rsquo;est tenu en pre\u0301sence du conseiller technique du maire, M. Othman Hamad [&hellip;]<\/p>\n","protected":false},"author":82,"featured_media":18434,"comment_status":"open","ping_status":"closed","sticky":false,"template":"","format":"standard","meta":{"footnotes":""},"categories":[2,10],"tags":[36,49,50],"class_list":["post-18436","post","type-post","status-publish","format-standard","has-post-thumbnail","hentry","category-politique","category-toutes-les-actualites","tag-africa-press","tag-africa-press-djibouti","tag-djibouti"],"yoast_head":"<!-- This site is optimized with the Yoast SEO Premium plugin v26.1 (Yoast SEO v27.0) - https:\/\/yoast.com\/product\/yoast-seo-premium-wordpress\/ -->\n<title>Le maire de la ville de Djibouti s&#039;entretient avec la directrice g\u00e9n\u00e9rale de &quot; Cit\u00e9s unies France &quot; - Djibouti<\/title>\n<meta name=\"description\" content=\"Dans le cadre de sa mission a\u0300 Paris, le maire de la ville de Djibouti, M. Said Daoud Mohamed, a rencontre\u0301 hier la dire ...\" \/>\n<meta name=\"robots\" content=\"index, follow, max-snippet:-1, max-image-preview:large, max-video-preview:-1\" \/>\n<link rel=\"canonical\" href=\"https:\/\/www.africa-press.net\/djibouti\/politique\/le-maire-de-la-ville-de-djibouti-sentretient-avec-la-directrice-generale-de-cites-unies-france\" \/>\n<meta property=\"og:locale\" content=\"fr_FR\" \/>\n<meta property=\"og:type\" content=\"article\" \/>\n<meta property=\"og:title\" content=\"Le maire de la ville de Djibouti s&#039;entretient avec la directrice g\u00e9n\u00e9rale de &quot; Cit\u00e9s unies France &quot;\" \/>\n<meta property=\"og:description\" content=\"Dans le cadre de sa mission a\u0300 Paris, le maire de la ville de Djibouti, M. Said Daoud Mohamed, a rencontre\u0301 hier la dire ...\" \/>\n<meta property=\"og:url\" content=\"https:\/\/www.africa-press.net\/djibouti\/politique\/le-maire-de-la-ville-de-djibouti-sentretient-avec-la-directrice-generale-de-cites-unies-france\" \/>\n<meta property=\"og:site_name\" content=\"Djibouti\" \/>\n<meta property=\"article:published_time\" content=\"2023-09-27T15:40:52+00:00\" \/>\n<meta property=\"article:modified_time\" content=\"2023-09-27T16:54:59+00:00\" \/>\n<meta property=\"og:image\" content=\"https:\/\/static.africa-press.net\/djibouti\/sites\/52\/2023\/09\/sm_1695821063.352346.jpg\" \/>\n\t<meta property=\"og:image:width\" content=\"1000\" \/>\n\t<meta property=\"og:image:height\" content=\"563\" \/>\n\t<meta property=\"og:image:type\" content=\"image\/jpeg\" \/>\n<meta name=\"author\" content=\"cfeditorfr\" \/>\n<meta name=\"twitter:card\" content=\"summary_large_image\" \/>\n<meta name=\"twitter:label1\" content=\"\u00c9crit par\" \/>\n\t<meta name=\"twitter:data1\" content=\"cfeditorfr\" \/>\n\t<meta name=\"twitter:label2\" content=\"Dur\u00e9e de lecture estim\u00e9e\" \/>\n\t<meta name=\"twitter:data2\" content=\"2 minutes\" \/>\n<script type=\"application\/ld+json\" class=\"yoast-schema-graph\">{\"@context\":\"https:\/\/schema.org\",\"@graph\":[{\"@type\":\"Article\",\"@id\":\"https:\/\/www.africa-press.net\/djibouti\/politique\/le-maire-de-la-ville-de-djibouti-sentretient-avec-la-directrice-generale-de-cites-unies-france#article\",\"isPartOf\":{\"@id\":\"https:\/\/www.africa-press.net\/djibouti\/politique\/le-maire-de-la-ville-de-djibouti-sentretient-avec-la-directrice-generale-de-cites-unies-france\"},\"author\":{\"name\":\"cfeditorfr\",\"@id\":\"https:\/\/www.africa-press.net\/djibouti\/#\/schema\/person\/2b1cf3cd81a31e3cd26889ca66d677f1\"},\"headline\":\"Le maire de la ville de Djibouti s&rsquo;entretient avec la directrice g\u00e9n\u00e9rale de \u00a0\u00bb Cit\u00e9s unies France \u00ab\u00a0\",\"datePublished\":\"2023-09-27T15:40:52+00:00\",\"dateModified\":\"2023-09-27T16:54:59+00:00\",\"mainEntityOfPage\":{\"@id\":\"https:\/\/www.africa-press.net\/djibouti\/politique\/le-maire-de-la-ville-de-djibouti-sentretient-avec-la-directrice-generale-de-cites-unies-france\"},\"wordCount\":425,\"commentCount\":0,\"image\":{\"@id\":\"https:\/\/www.africa-press.net\/djibouti\/politique\/le-maire-de-la-ville-de-djibouti-sentretient-avec-la-directrice-generale-de-cites-unies-france#primaryimage\"},\"thumbnailUrl\":\"https:\/\/static.africa-press.net\/djibouti\/sites\/52\/2023\/09\/sm_1695821063.352346.jpg\",\"keywords\":[\"Africa Press\",\"Africa Press-Djibouti\",\"Djibouti\"],\"articleSection\":[\"Politique\",\"Toutes les actualit\u00e9s\"],\"inLanguage\":\"fr-FR\",\"potentialAction\":[{\"@type\":\"CommentAction\",\"name\":\"Comment\",\"target\":[\"https:\/\/www.africa-press.net\/djibouti\/politique\/le-maire-de-la-ville-de-djibouti-sentretient-avec-la-directrice-generale-de-cites-unies-france#respond\"]}]},{\"@type\":\"WebPage\",\"@id\":\"https:\/\/www.africa-press.net\/djibouti\/politique\/le-maire-de-la-ville-de-djibouti-sentretient-avec-la-directrice-generale-de-cites-unies-france\",\"url\":\"https:\/\/www.africa-press.net\/djibouti\/politique\/le-maire-de-la-ville-de-djibouti-sentretient-avec-la-directrice-generale-de-cites-unies-france\",\"name\":\"Le maire de la ville de Djibouti s'entretient avec la directrice g\u00e9n\u00e9rale de \\\" Cit\u00e9s unies France \\\" - Djibouti\",\"isPartOf\":{\"@id\":\"https:\/\/www.africa-press.net\/djibouti\/#website\"},\"primaryImageOfPage\":{\"@id\":\"https:\/\/www.africa-press.net\/djibouti\/politique\/le-maire-de-la-ville-de-djibouti-sentretient-avec-la-directrice-generale-de-cites-unies-france#primaryimage\"},\"image\":{\"@id\":\"https:\/\/www.africa-press.net\/djibouti\/politique\/le-maire-de-la-ville-de-djibouti-sentretient-avec-la-directrice-generale-de-cites-unies-france#primaryimage\"},\"thumbnailUrl\":\"https:\/\/static.africa-press.net\/djibouti\/sites\/52\/2023\/09\/sm_1695821063.352346.jpg\",\"datePublished\":\"2023-09-27T15:40:52+00:00\",\"dateModified\":\"2023-09-27T16:54:59+00:00\",\"author\":{\"@id\":\"https:\/\/www.africa-press.net\/djibouti\/#\/schema\/person\/2b1cf3cd81a31e3cd26889ca66d677f1\"},\"description\":\"Dans le cadre de sa mission a\u0300 Paris, le maire de la ville de Djibouti, M. Said Daoud Mohamed, a rencontre\u0301 hier la dire ...\",\"breadcrumb\":{\"@id\":\"https:\/\/www.africa-press.net\/djibouti\/politique\/le-maire-de-la-ville-de-djibouti-sentretient-avec-la-directrice-generale-de-cites-unies-france#breadcrumb\"},\"inLanguage\":\"fr-FR\",\"potentialAction\":[{\"@type\":\"ReadAction\",\"target\":[\"https:\/\/www.africa-press.net\/djibouti\/politique\/le-maire-de-la-ville-de-djibouti-sentretient-avec-la-directrice-generale-de-cites-unies-france\"]}]},{\"@type\":\"ImageObject\",\"inLanguage\":\"fr-FR\",\"@id\":\"https:\/\/www.africa-press.net\/djibouti\/politique\/le-maire-de-la-ville-de-djibouti-sentretient-avec-la-directrice-generale-de-cites-unies-france#primaryimage\",\"url\":\"https:\/\/static.africa-press.net\/djibouti\/sites\/52\/2023\/09\/sm_1695821063.352346.jpg\",\"contentUrl\":\"https:\/\/static.africa-press.net\/djibouti\/sites\/52\/2023\/09\/sm_1695821063.352346.jpg\",\"width\":1000,\"height\":563,\"caption\":\"Le maire de la ville de Djibouti s'entretient avec la directrice g\u00e9n\u00e9rale de \\\" Cit\u00e9s unies France \\\"\"},{\"@type\":\"BreadcrumbList\",\"@id\":\"https:\/\/www.africa-press.net\/djibouti\/politique\/le-maire-de-la-ville-de-djibouti-sentretient-avec-la-directrice-generale-de-cites-unies-france#breadcrumb\",\"itemListElement\":[{\"@type\":\"ListItem\",\"position\":1,\"name\":\"Accueil\",\"item\":\"https:\/\/www.africa-press.net\/djibouti\/\"},{\"@type\":\"ListItem\",\"position\":2,\"name\":\"Le maire de la ville de Djibouti s&#8217;entretient avec la directrice g\u00e9n\u00e9rale de &#8221; Cit\u00e9s unies France &#8220;\"}]},{\"@type\":\"WebSite\",\"@id\":\"https:\/\/www.africa-press.net\/djibouti\/#website\",\"url\":\"https:\/\/www.africa-press.net\/djibouti\/\",\"name\":\"Djibouti\",\"description\":\"Just another Africa News Agency Sites site\",\"potentialAction\":[{\"@type\":\"SearchAction\",\"target\":{\"@type\":\"EntryPoint\",\"urlTemplate\":\"https:\/\/www.africa-press.net\/djibouti\/?s={search_term_string}\"},\"query-input\":{\"@type\":\"PropertyValueSpecification\",\"valueRequired\":true,\"valueName\":\"search_term_string\"}}],\"inLanguage\":\"fr-FR\"},{\"@type\":\"Person\",\"@id\":\"https:\/\/www.africa-press.net\/djibouti\/#\/schema\/person\/2b1cf3cd81a31e3cd26889ca66d677f1\",\"name\":\"cfeditorfr\"}]}<\/script>\n<!-- \/ Yoast SEO Premium plugin. -->","yoast_head_json":{"title":"Le maire de la ville de Djibouti s'entretient avec la directrice g\u00e9n\u00e9rale de \" Cit\u00e9s unies France \" - Djibouti","description":"Dans le cadre de sa mission a\u0300 Paris, le maire de la ville de Djibouti, M. Said Daoud Mohamed, a rencontre\u0301 hier la dire ...","robots":{"index":"index","follow":"follow","max-snippet":"max-snippet:-1","max-image-preview":"max-image-preview:large","max-video-preview":"max-video-preview:-1"},"canonical":"https:\/\/www.africa-press.net\/djibouti\/politique\/le-maire-de-la-ville-de-djibouti-sentretient-avec-la-directrice-generale-de-cites-unies-france","og_locale":"fr_FR","og_type":"article","og_title":"Le maire de la ville de Djibouti s'entretient avec la directrice g\u00e9n\u00e9rale de \" Cit\u00e9s unies France \"","og_description":"Dans le cadre de sa mission a\u0300 Paris, le maire de la ville de Djibouti, M. Said Daoud Mohamed, a rencontre\u0301 hier la dire ...","og_url":"https:\/\/www.africa-press.net\/djibouti\/politique\/le-maire-de-la-ville-de-djibouti-sentretient-avec-la-directrice-generale-de-cites-unies-france","og_site_name":"Djibouti","article_published_time":"2023-09-27T15:40:52+00:00","article_modified_time":"2023-09-27T16:54:59+00:00","og_image":[{"width":1000,"height":563,"url":"https:\/\/static.africa-press.net\/djibouti\/sites\/52\/2023\/09\/sm_1695821063.352346.jpg","type":"image\/jpeg"}],"author":"cfeditorfr","twitter_card":"summary_large_image","twitter_misc":{"\u00c9crit par":"cfeditorfr","Dur\u00e9e de lecture estim\u00e9e":"2 minutes"},"schema":{"@context":"https:\/\/schema.org","@graph":[{"@type":"Article","@id":"https:\/\/www.africa-press.net\/djibouti\/politique\/le-maire-de-la-ville-de-djibouti-sentretient-avec-la-directrice-generale-de-cites-unies-france#article","isPartOf":{"@id":"https:\/\/www.africa-press.net\/djibouti\/politique\/le-maire-de-la-ville-de-djibouti-sentretient-avec-la-directrice-generale-de-cites-unies-france"},"author":{"name":"cfeditorfr","@id":"https:\/\/www.africa-press.net\/djibouti\/#\/schema\/person\/2b1cf3cd81a31e3cd26889ca66d677f1"},"headline":"Le maire de la ville de Djibouti s&rsquo;entretient avec la directrice g\u00e9n\u00e9rale de \u00a0\u00bb Cit\u00e9s unies France \u00ab\u00a0","datePublished":"2023-09-27T15:40:52+00:00","dateModified":"2023-09-27T16:54:59+00:00","mainEntityOfPage":{"@id":"https:\/\/www.africa-press.net\/djibouti\/politique\/le-maire-de-la-ville-de-djibouti-sentretient-avec-la-directrice-generale-de-cites-unies-france"},"wordCount":425,"commentCount":0,"image":{"@id":"https:\/\/www.africa-press.net\/djibouti\/politique\/le-maire-de-la-ville-de-djibouti-sentretient-avec-la-directrice-generale-de-cites-unies-france#primaryimage"},"thumbnailUrl":"https:\/\/static.africa-press.net\/djibouti\/sites\/52\/2023\/09\/sm_1695821063.352346.jpg","keywords":["Africa Press","Africa Press-Djibouti","Djibouti"],"articleSection":["Politique","Toutes les actualit\u00e9s"],"inLanguage":"fr-FR","potentialAction":[{"@type":"CommentAction","name":"Comment","target":["https:\/\/www.africa-press.net\/djibouti\/politique\/le-maire-de-la-ville-de-djibouti-sentretient-avec-la-directrice-generale-de-cites-unies-france#respond"]}]},{"@type":"WebPage","@id":"https:\/\/www.africa-press.net\/djibouti\/politique\/le-maire-de-la-ville-de-djibouti-sentretient-avec-la-directrice-generale-de-cites-unies-france","url":"https:\/\/www.africa-press.net\/djibouti\/politique\/le-maire-de-la-ville-de-djibouti-sentretient-avec-la-directrice-generale-de-cites-unies-france","name":"Le maire de la ville de Djibouti s'entretient avec la directrice g\u00e9n\u00e9rale de \" Cit\u00e9s unies France \" - Djibouti","isPartOf":{"@id":"https:\/\/www.africa-press.net\/djibouti\/#website"},"primaryImageOfPage":{"@id":"https:\/\/www.africa-press.net\/djibouti\/politique\/le-maire-de-la-ville-de-djibouti-sentretient-avec-la-directrice-generale-de-cites-unies-france#primaryimage"},"image":{"@id":"https:\/\/www.africa-press.net\/djibouti\/politique\/le-maire-de-la-ville-de-djibouti-sentretient-avec-la-directrice-generale-de-cites-unies-france#primaryimage"},"thumbnailUrl":"https:\/\/static.africa-press.net\/djibouti\/sites\/52\/2023\/09\/sm_1695821063.352346.jpg","datePublished":"2023-09-27T15:40:52+00:00","dateModified":"2023-09-27T16:54:59+00:00","author":{"@id":"https:\/\/www.africa-press.net\/djibouti\/#\/schema\/person\/2b1cf3cd81a31e3cd26889ca66d677f1"},"description":"Dans le cadre de sa mission a\u0300 Paris, le maire de la ville de Djibouti, M. Said Daoud Mohamed, a rencontre\u0301 hier la dire ...","breadcrumb":{"@id":"https:\/\/www.africa-press.net\/djibouti\/politique\/le-maire-de-la-ville-de-djibouti-sentretient-avec-la-directrice-generale-de-cites-unies-france#breadcrumb"},"inLanguage":"fr-FR","potentialAction":[{"@type":"ReadAction","target":["https:\/\/www.africa-press.net\/djibouti\/politique\/le-maire-de-la-ville-de-djibouti-sentretient-avec-la-directrice-generale-de-cites-unies-france"]}]},{"@type":"ImageObject","inLanguage":"fr-FR","@id":"https:\/\/www.africa-press.net\/djibouti\/politique\/le-maire-de-la-ville-de-djibouti-sentretient-avec-la-directrice-generale-de-cites-unies-france#primaryimage","url":"https:\/\/static.africa-press.net\/djibouti\/sites\/52\/2023\/09\/sm_1695821063.352346.jpg","contentUrl":"https:\/\/static.africa-press.net\/djibouti\/sites\/52\/2023\/09\/sm_1695821063.352346.jpg","width":1000,"height":563,"caption":"Le maire de la ville de Djibouti s'entretient avec la directrice g\u00e9n\u00e9rale de \" Cit\u00e9s unies France \""},{"@type":"BreadcrumbList","@id":"https:\/\/www.africa-press.net\/djibouti\/politique\/le-maire-de-la-ville-de-djibouti-sentretient-avec-la-directrice-generale-de-cites-unies-france#breadcrumb","itemListElement":[{"@type":"ListItem","position":1,"name":"Accueil","item":"https:\/\/www.africa-press.net\/djibouti\/"},{"@type":"ListItem","position":2,"name":"Le maire de la ville de Djibouti s&#8217;entretient avec la directrice g\u00e9n\u00e9rale de &#8221; Cit\u00e9s unies France &#8220;"}]},{"@type":"WebSite","@id":"https:\/\/www.africa-press.net\/djibouti\/#website","url":"https:\/\/www.africa-press.net\/djibouti\/","name":"Djibouti","description":"Just another Africa News Agency Sites site","potentialAction":[{"@type":"SearchAction","target":{"@type":"EntryPoint","urlTemplate":"https:\/\/www.africa-press.net\/djibouti\/?s={search_term_string}"},"query-input":{"@type":"PropertyValueSpecification","valueRequired":true,"valueName":"search_term_string"}}],"inLanguage":"fr-FR"},{"@type":"Person","@id":"https:\/\/www.africa-press.net\/djibouti\/#\/schema\/person\/2b1cf3cd81a31e3cd26889ca66d677f1","name":"cfeditorfr"}]}},"_links":{"self":[{"href":"https:\/\/www.africa-press.net\/djibouti\/wp-json\/wp\/v2\/posts\/18436","targetHints":{"allow":["GET"]}}],"collection":[{"href":"https:\/\/www.africa-press.net\/djibouti\/wp-json\/wp\/v2\/posts"}],"about":[{"href":"https:\/\/www.africa-press.net\/djibouti\/wp-json\/wp\/v2\/types\/post"}],"author":[{"embeddable":true,"href":"https:\/\/www.africa-press.net\/djibouti\/wp-json\/wp\/v2\/users\/82"}],"replies":[{"embeddable":true,"href":"https:\/\/www.africa-press.net\/djibouti\/wp-json\/wp\/v2\/comments?post=18436"}],"version-history":[{"count":0,"href":"https:\/\/www.africa-press.net\/djibouti\/wp-json\/wp\/v2\/posts\/18436\/revisions"}],"wp:featuredmedia":[{"embeddable":true,"href":"https:\/\/www.africa-press.net\/djibouti\/wp-json\/wp\/v2\/media\/18434"}],"wp:attachment":[{"href":"https:\/\/www.africa-press.net\/djibouti\/wp-json\/wp\/v2\/media?parent=18436"}],"wp:term":[{"taxonomy":"category","embeddable":true,"href":"https:\/\/www.africa-press.net\/djibouti\/wp-json\/wp\/v2\/categories?post=18436"},{"taxonomy":"post_tag","embeddable":true,"href":"https:\/\/www.africa-press.net\/djibouti\/wp-json\/wp\/v2\/tags?post=18436"}],"curies":[{"name":"wp","href":"https:\/\/api.w.org\/{rel}","templated":true}]}}