{"id":18439,"date":"2023-09-27T15:41:14","date_gmt":"2023-09-27T15:41:14","guid":{"rendered":"https:\/\/www.africa-press.net\/djibouti\/politique\/le-ministre-des-infrastructures-et-de-lequipement-preside-la-ceremonie-de-cloture-de-la-9e-edition-de-la-conference-internationale-sur-le-guichet-unique"},"modified":"2023-09-27T16:55:26","modified_gmt":"2023-09-27T16:55:26","slug":"le-ministre-des-infrastructures-et-de-lequipement-preside-la-ceremonie-de-cloture-de-la-9e-edition-de-la-conference-internationale-sur-le-guichet-unique","status":"publish","type":"post","link":"https:\/\/www.africa-press.net\/djibouti\/politique\/le-ministre-des-infrastructures-et-de-lequipement-preside-la-ceremonie-de-cloture-de-la-9e-edition-de-la-conference-internationale-sur-le-guichet-unique","title":{"rendered":"Le ministre des Infrastructures et de l\u2019Equipement pr\u00e9side la c\u00e9r\u00e9monie de cl\u00f4ture de la 9e \u00e9dition de la Conf\u00e9rence internationale sur le guichet unique"},"content":{"rendered":"<p><span style=\"color: #ff6600\"><strong>Africa-Press &#8211; Djibouti. <\/strong><\/span>Le ministre des Infrastructures et de l\u2019Equipement, M. Hassan Houmed Ibrahim, a pre\u0301side\u0301 hier la ce\u0301re\u0301monie de clo\u0302ture de la 9e e\u0301dition de la Confe\u0301rence internationale sur le guichet unique a\u0300 l&rsquo;ho\u0302tel Kempinski.<\/p>\n<p>Le directeur de Djibouti Port Community System (DPCS), M. Warsama Mouhoumed Bouh, ainsi que plusieurs responsables de l\u2019Autorite\u0301 des Ports et des Zones Franches de Djibouti (APZFD), ont pris part a\u0300 la clo\u0302ture de cette confe\u0301rence.<\/p>\n<p>Cette confe\u0301rence internationale qui a\u0300 dure\u0301 du 25 au 26 septembre 2023, a mis en lumie\u0300re les opportunite\u0301s d&rsquo;investissement et les de\u0301veloppements en cours sur le continent africain en ame\u0301liorant l&rsquo;efficacite\u0301 du commerce au niveau mondial.<\/p>\n<p>Il s&rsquo;agit de mettre en place des dispositifs de nature a\u0300 stimuler l&rsquo;inte\u0301gration e\u0301conomique re\u0301gionale et faciliter le commerce re\u0301gional, conforme\u0301ment aux objectifs de la zone de libre-e\u0301change continentale africaine (ZLECAF).<\/p>\n<p>Il faut souligner que le guichet unique e\u0301lectronique est un syste\u0300me qui permet aux ope\u0301rateurs commerciaux de fournir l\u2019information a\u0300 un seul organisme pour satisfaire a\u0300 toutes les prescriptions re\u0300glementaires lie\u0301es a\u0300 l\u2019importation ou a\u0300 l\u2019exportation.<\/p>\n<p>Les principaux objectifs du projet pilote du guichet unique du commerce exte\u0301rieur de Djibouti sont la digitalisation et la simplification des formalite\u0301s du commerce exte\u0301rieur, y compris le commerce transfrontalier avec l&rsquo;E\u0301thiopie, la re\u0301duction des de\u0301lais et des cou\u0302ts de traitement des formalite\u0301s du commerce exte\u0301rieur.<\/p>\n<p>Ce projet de mise en place de la plateforme inte\u0301gre\u0301e de facilitation des e\u0301changes transfrontaliers s\u2019inscrit dans la strate\u0301gie nationale d\u2019ame\u0301lioration du climat des affaires et de de\u0301veloppement du secteur prive\u0301.<\/p>\n<p>La Re\u0301publique de Djibouti fait de l\u2019ame\u0301lioration de son climat des affaires un choix strate\u0301gique visant a\u0300 ba\u0302tir une e\u0301conomie solide, capable de faire face aux de\u0301fis de la productivite\u0301 et de la compe\u0301titivite\u0301 internationale.<\/p>\n<p>Le ministre des Infrastructures et de l\u2019Equipement, M. Hassan Houmed Ibrahim, a pre\u0301side\u0301 hier la ce\u0301re\u0301monie de clo\u0302ture de la 9e e\u0301dition de la Confe\u0301rence internationale sur le guichet unique a\u0300 l&rsquo;ho\u0302tel Kempinski.<\/p>\n<p>Le directeur de Djibouti Port Community System (DPCS), M. Warsama Mouhoumed Bouh, ainsi que plusieurs responsables de l\u2019Autorite\u0301 des Ports et des Zones Franches de Djibouti (APZFD), ont pris part a\u0300 la clo\u0302ture de cette confe\u0301rence.<\/p>\n<p>Cette confe\u0301rence internationale qui a\u0300 dure\u0301 du 25 au 26 septembre 2023, a mis en lumie\u0300re les opportunite\u0301s d&rsquo;investissement et les de\u0301veloppements en cours sur le continent africain en ame\u0301liorant l&rsquo;efficacite\u0301 du commerce au niveau mondial.<\/p>\n<p>Il s&rsquo;agit de mettre en place des dispositifs de nature a\u0300 stimuler l&rsquo;inte\u0301gration e\u0301conomique re\u0301gionale et faciliter le commerce re\u0301gional, conforme\u0301ment aux objectifs de la zone de libre-e\u0301change continentale africaine (ZLECAF).<\/p>\n<p>Il faut souligner que le guichet unique e\u0301lectronique est un syste\u0300me qui permet aux ope\u0301rateurs commerciaux de fournir l\u2019information a\u0300 un seul organisme pour satisfaire a\u0300 toutes les prescriptions re\u0300glementaires lie\u0301es a\u0300 l\u2019importation ou a\u0300 l\u2019exportation.<\/p>\n<p>Les principaux objectifs du projet pilote du guichet unique du commerce exte\u0301rieur de Djibouti sont la digitalisation et la simplification des formalite\u0301s du commerce exte\u0301rieur, y compris le commerce transfrontalier avec l&rsquo;E\u0301thiopie, la re\u0301duction des de\u0301lais et des cou\u0302ts de traitement des formalite\u0301s du commerce exte\u0301rieur.<\/p>\n<p>Ce projet de mise en place de la plateforme inte\u0301gre\u0301e de facilitation des e\u0301changes transfrontaliers s\u2019inscrit dans la strate\u0301gie nationale d\u2019ame\u0301lioration du climat des affaires et de de\u0301veloppement du secteur prive\u0301.<\/p>\n<p>La Re\u0301publique de Djibouti fait de l\u2019ame\u0301lioration de son climat des affaires un choix strate\u0301gique visant a\u0300 ba\u0302tir une e\u0301conomie solide, capable de faire face aux de\u0301fis de la productivite\u0301 et de la compe\u0301titivite\u0301 internationale.<\/p>\n<p><strong>Pour plus d&rsquo;informations et d&rsquo;analyses sur la <a href=\"https:\/\/www.africa-press.net\/djibouti\">Djibouti<\/a>, suivez <a href=\"https:\/\/www.africa-press.net\/\">Africa-Press<\/a><\/strong><\/p>\n","protected":false},"excerpt":{"rendered":"<p>Africa-Press &#8211; Djibouti. Le ministre des Infrastructures et de l\u2019Equipement, M. Hassan Houmed Ibrahim, a pre\u0301side\u0301 hier la ce\u0301re\u0301monie de clo\u0302ture de la 9e e\u0301dition de la Confe\u0301rence internationale sur le guichet unique a\u0300 l&rsquo;ho\u0302tel Kempinski. Le directeur de Djibouti Port Community System (DPCS), M. Warsama Mouhoumed Bouh, ainsi que plusieurs responsables de l\u2019Autorite\u0301 des [&hellip;]<\/p>\n","protected":false},"author":82,"featured_media":18437,"comment_status":"open","ping_status":"closed","sticky":false,"template":"","format":"standard","meta":{"footnotes":""},"categories":[2,10],"tags":[36,49,50],"class_list":["post-18439","post","type-post","status-publish","format-standard","has-post-thumbnail","hentry","category-politique","category-toutes-les-actualites","tag-africa-press","tag-africa-press-djibouti","tag-djibouti"],"yoast_head":"<!-- This site is optimized with the Yoast SEO Premium plugin v26.1 (Yoast SEO v27.0) - https:\/\/yoast.com\/product\/yoast-seo-premium-wordpress\/ -->\n<title>Le ministre des Infrastructures et de l\u2019Equipement pr\u00e9side la c\u00e9r\u00e9monie de cl\u00f4ture de la 9e \u00e9dition de la Conf\u00e9rence internationale sur le guichet unique - Djibouti<\/title>\n<meta name=\"description\" content=\"Le ministre des Infrastructures et de l\u2019Equipement, M. Hassan Houmed Ibrahim, a pre\u0301side\u0301 hier la ce\u0301re\u0301monie de clo\u0302tur ...\" \/>\n<meta name=\"robots\" content=\"index, follow, max-snippet:-1, max-image-preview:large, max-video-preview:-1\" \/>\n<link rel=\"canonical\" href=\"https:\/\/www.africa-press.net\/djibouti\/politique\/le-ministre-des-infrastructures-et-de-lequipement-preside-la-ceremonie-de-cloture-de-la-9e-edition-de-la-conference-internationale-sur-le-guichet-unique\" \/>\n<meta property=\"og:locale\" content=\"fr_FR\" \/>\n<meta property=\"og:type\" content=\"article\" \/>\n<meta property=\"og:title\" content=\"Le ministre des Infrastructures et de l\u2019Equipement pr\u00e9side la c\u00e9r\u00e9monie de cl\u00f4ture de la 9e \u00e9dition de la Conf\u00e9rence internationale sur le guichet unique\" \/>\n<meta property=\"og:description\" content=\"Le ministre des Infrastructures et de l\u2019Equipement, M. Hassan Houmed Ibrahim, a pre\u0301side\u0301 hier la ce\u0301re\u0301monie de clo\u0302tur ...\" \/>\n<meta property=\"og:url\" content=\"https:\/\/www.africa-press.net\/djibouti\/politique\/le-ministre-des-infrastructures-et-de-lequipement-preside-la-ceremonie-de-cloture-de-la-9e-edition-de-la-conference-internationale-sur-le-guichet-unique\" \/>\n<meta property=\"og:site_name\" content=\"Djibouti\" \/>\n<meta property=\"article:published_time\" content=\"2023-09-27T15:41:14+00:00\" \/>\n<meta property=\"article:modified_time\" content=\"2023-09-27T16:55:26+00:00\" \/>\n<meta property=\"og:image\" content=\"https:\/\/static.africa-press.net\/djibouti\/sites\/52\/2023\/09\/sm_1695821090.491875.jpg\" \/>\n\t<meta property=\"og:image:width\" content=\"1728\" \/>\n\t<meta property=\"og:image:height\" content=\"1057\" \/>\n\t<meta property=\"og:image:type\" content=\"image\/jpeg\" \/>\n<meta name=\"author\" content=\"cfeditorfr\" \/>\n<meta name=\"twitter:card\" content=\"summary_large_image\" \/>\n<meta name=\"twitter:label1\" content=\"\u00c9crit par\" \/>\n\t<meta name=\"twitter:data1\" content=\"cfeditorfr\" \/>\n\t<meta name=\"twitter:label2\" content=\"Dur\u00e9e de lecture estim\u00e9e\" \/>\n\t<meta name=\"twitter:data2\" content=\"3 minutes\" \/>\n<script type=\"application\/ld+json\" class=\"yoast-schema-graph\">{\"@context\":\"https:\/\/schema.org\",\"@graph\":[{\"@type\":\"Article\",\"@id\":\"https:\/\/www.africa-press.net\/djibouti\/politique\/le-ministre-des-infrastructures-et-de-lequipement-preside-la-ceremonie-de-cloture-de-la-9e-edition-de-la-conference-internationale-sur-le-guichet-unique#article\",\"isPartOf\":{\"@id\":\"https:\/\/www.africa-press.net\/djibouti\/politique\/le-ministre-des-infrastructures-et-de-lequipement-preside-la-ceremonie-de-cloture-de-la-9e-edition-de-la-conference-internationale-sur-le-guichet-unique\"},\"author\":{\"name\":\"cfeditorfr\",\"@id\":\"https:\/\/www.africa-press.net\/djibouti\/#\/schema\/person\/2b1cf3cd81a31e3cd26889ca66d677f1\"},\"headline\":\"Le ministre des Infrastructures et de l\u2019Equipement pr\u00e9side la c\u00e9r\u00e9monie de cl\u00f4ture de la 9e \u00e9dition de la Conf\u00e9rence internationale sur le guichet unique\",\"datePublished\":\"2023-09-27T15:41:14+00:00\",\"dateModified\":\"2023-09-27T16:55:26+00:00\",\"mainEntityOfPage\":{\"@id\":\"https:\/\/www.africa-press.net\/djibouti\/politique\/le-ministre-des-infrastructures-et-de-lequipement-preside-la-ceremonie-de-cloture-de-la-9e-edition-de-la-conference-internationale-sur-le-guichet-unique\"},\"wordCount\":729,\"commentCount\":0,\"image\":{\"@id\":\"https:\/\/www.africa-press.net\/djibouti\/politique\/le-ministre-des-infrastructures-et-de-lequipement-preside-la-ceremonie-de-cloture-de-la-9e-edition-de-la-conference-internationale-sur-le-guichet-unique#primaryimage\"},\"thumbnailUrl\":\"https:\/\/static.africa-press.net\/djibouti\/sites\/52\/2023\/09\/sm_1695821090.491875.jpg\",\"keywords\":[\"Africa Press\",\"Africa Press-Djibouti\",\"Djibouti\"],\"articleSection\":[\"Politique\",\"Toutes les actualit\u00e9s\"],\"inLanguage\":\"fr-FR\",\"potentialAction\":[{\"@type\":\"CommentAction\",\"name\":\"Comment\",\"target\":[\"https:\/\/www.africa-press.net\/djibouti\/politique\/le-ministre-des-infrastructures-et-de-lequipement-preside-la-ceremonie-de-cloture-de-la-9e-edition-de-la-conference-internationale-sur-le-guichet-unique#respond\"]}]},{\"@type\":\"WebPage\",\"@id\":\"https:\/\/www.africa-press.net\/djibouti\/politique\/le-ministre-des-infrastructures-et-de-lequipement-preside-la-ceremonie-de-cloture-de-la-9e-edition-de-la-conference-internationale-sur-le-guichet-unique\",\"url\":\"https:\/\/www.africa-press.net\/djibouti\/politique\/le-ministre-des-infrastructures-et-de-lequipement-preside-la-ceremonie-de-cloture-de-la-9e-edition-de-la-conference-internationale-sur-le-guichet-unique\",\"name\":\"Le ministre des Infrastructures et de l\u2019Equipement pr\u00e9side la c\u00e9r\u00e9monie de cl\u00f4ture de la 9e \u00e9dition de la Conf\u00e9rence internationale sur le guichet unique - Djibouti\",\"isPartOf\":{\"@id\":\"https:\/\/www.africa-press.net\/djibouti\/#website\"},\"primaryImageOfPage\":{\"@id\":\"https:\/\/www.africa-press.net\/djibouti\/politique\/le-ministre-des-infrastructures-et-de-lequipement-preside-la-ceremonie-de-cloture-de-la-9e-edition-de-la-conference-internationale-sur-le-guichet-unique#primaryimage\"},\"image\":{\"@id\":\"https:\/\/www.africa-press.net\/djibouti\/politique\/le-ministre-des-infrastructures-et-de-lequipement-preside-la-ceremonie-de-cloture-de-la-9e-edition-de-la-conference-internationale-sur-le-guichet-unique#primaryimage\"},\"thumbnailUrl\":\"https:\/\/static.africa-press.net\/djibouti\/sites\/52\/2023\/09\/sm_1695821090.491875.jpg\",\"datePublished\":\"2023-09-27T15:41:14+00:00\",\"dateModified\":\"2023-09-27T16:55:26+00:00\",\"author\":{\"@id\":\"https:\/\/www.africa-press.net\/djibouti\/#\/schema\/person\/2b1cf3cd81a31e3cd26889ca66d677f1\"},\"description\":\"Le ministre des Infrastructures et de l\u2019Equipement, M. Hassan Houmed Ibrahim, a pre\u0301side\u0301 hier la ce\u0301re\u0301monie de clo\u0302tur ...\",\"breadcrumb\":{\"@id\":\"https:\/\/www.africa-press.net\/djibouti\/politique\/le-ministre-des-infrastructures-et-de-lequipement-preside-la-ceremonie-de-cloture-de-la-9e-edition-de-la-conference-internationale-sur-le-guichet-unique#breadcrumb\"},\"inLanguage\":\"fr-FR\",\"potentialAction\":[{\"@type\":\"ReadAction\",\"target\":[\"https:\/\/www.africa-press.net\/djibouti\/politique\/le-ministre-des-infrastructures-et-de-lequipement-preside-la-ceremonie-de-cloture-de-la-9e-edition-de-la-conference-internationale-sur-le-guichet-unique\"]}]},{\"@type\":\"ImageObject\",\"inLanguage\":\"fr-FR\",\"@id\":\"https:\/\/www.africa-press.net\/djibouti\/politique\/le-ministre-des-infrastructures-et-de-lequipement-preside-la-ceremonie-de-cloture-de-la-9e-edition-de-la-conference-internationale-sur-le-guichet-unique#primaryimage\",\"url\":\"https:\/\/static.africa-press.net\/djibouti\/sites\/52\/2023\/09\/sm_1695821090.491875.jpg\",\"contentUrl\":\"https:\/\/static.africa-press.net\/djibouti\/sites\/52\/2023\/09\/sm_1695821090.491875.jpg\",\"width\":1728,\"height\":1057,\"caption\":\"Le ministre des Infrastructures et de l\u2019Equipement pr\u00e9side la c\u00e9r\u00e9monie de cl\u00f4ture de la 9e \u00e9dition de la Conf\u00e9rence internationale sur le guichet unique\"},{\"@type\":\"BreadcrumbList\",\"@id\":\"https:\/\/www.africa-press.net\/djibouti\/politique\/le-ministre-des-infrastructures-et-de-lequipement-preside-la-ceremonie-de-cloture-de-la-9e-edition-de-la-conference-internationale-sur-le-guichet-unique#breadcrumb\",\"itemListElement\":[{\"@type\":\"ListItem\",\"position\":1,\"name\":\"Accueil\",\"item\":\"https:\/\/www.africa-press.net\/djibouti\/\"},{\"@type\":\"ListItem\",\"position\":2,\"name\":\"Le ministre des Infrastructures et de l\u2019Equipement pr\u00e9side la c\u00e9r\u00e9monie de cl\u00f4ture de la 9e \u00e9dition de la Conf\u00e9rence internationale sur le guichet unique\"}]},{\"@type\":\"WebSite\",\"@id\":\"https:\/\/www.africa-press.net\/djibouti\/#website\",\"url\":\"https:\/\/www.africa-press.net\/djibouti\/\",\"name\":\"Djibouti\",\"description\":\"Just another Africa News Agency Sites site\",\"potentialAction\":[{\"@type\":\"SearchAction\",\"target\":{\"@type\":\"EntryPoint\",\"urlTemplate\":\"https:\/\/www.africa-press.net\/djibouti\/?s={search_term_string}\"},\"query-input\":{\"@type\":\"PropertyValueSpecification\",\"valueRequired\":true,\"valueName\":\"search_term_string\"}}],\"inLanguage\":\"fr-FR\"},{\"@type\":\"Person\",\"@id\":\"https:\/\/www.africa-press.net\/djibouti\/#\/schema\/person\/2b1cf3cd81a31e3cd26889ca66d677f1\",\"name\":\"cfeditorfr\"}]}<\/script>\n<!-- \/ Yoast SEO Premium plugin. -->","yoast_head_json":{"title":"Le ministre des Infrastructures et de l\u2019Equipement pr\u00e9side la c\u00e9r\u00e9monie de cl\u00f4ture de la 9e \u00e9dition de la Conf\u00e9rence internationale sur le guichet unique - Djibouti","description":"Le ministre des Infrastructures et de l\u2019Equipement, M. Hassan Houmed Ibrahim, a pre\u0301side\u0301 hier la ce\u0301re\u0301monie de clo\u0302tur ...","robots":{"index":"index","follow":"follow","max-snippet":"max-snippet:-1","max-image-preview":"max-image-preview:large","max-video-preview":"max-video-preview:-1"},"canonical":"https:\/\/www.africa-press.net\/djibouti\/politique\/le-ministre-des-infrastructures-et-de-lequipement-preside-la-ceremonie-de-cloture-de-la-9e-edition-de-la-conference-internationale-sur-le-guichet-unique","og_locale":"fr_FR","og_type":"article","og_title":"Le ministre des Infrastructures et de l\u2019Equipement pr\u00e9side la c\u00e9r\u00e9monie de cl\u00f4ture de la 9e \u00e9dition de la Conf\u00e9rence internationale sur le guichet unique","og_description":"Le ministre des Infrastructures et de l\u2019Equipement, M. Hassan Houmed Ibrahim, a pre\u0301side\u0301 hier la ce\u0301re\u0301monie de clo\u0302tur ...","og_url":"https:\/\/www.africa-press.net\/djibouti\/politique\/le-ministre-des-infrastructures-et-de-lequipement-preside-la-ceremonie-de-cloture-de-la-9e-edition-de-la-conference-internationale-sur-le-guichet-unique","og_site_name":"Djibouti","article_published_time":"2023-09-27T15:41:14+00:00","article_modified_time":"2023-09-27T16:55:26+00:00","og_image":[{"width":1728,"height":1057,"url":"https:\/\/static.africa-press.net\/djibouti\/sites\/52\/2023\/09\/sm_1695821090.491875.jpg","type":"image\/jpeg"}],"author":"cfeditorfr","twitter_card":"summary_large_image","twitter_misc":{"\u00c9crit par":"cfeditorfr","Dur\u00e9e de lecture estim\u00e9e":"3 minutes"},"schema":{"@context":"https:\/\/schema.org","@graph":[{"@type":"Article","@id":"https:\/\/www.africa-press.net\/djibouti\/politique\/le-ministre-des-infrastructures-et-de-lequipement-preside-la-ceremonie-de-cloture-de-la-9e-edition-de-la-conference-internationale-sur-le-guichet-unique#article","isPartOf":{"@id":"https:\/\/www.africa-press.net\/djibouti\/politique\/le-ministre-des-infrastructures-et-de-lequipement-preside-la-ceremonie-de-cloture-de-la-9e-edition-de-la-conference-internationale-sur-le-guichet-unique"},"author":{"name":"cfeditorfr","@id":"https:\/\/www.africa-press.net\/djibouti\/#\/schema\/person\/2b1cf3cd81a31e3cd26889ca66d677f1"},"headline":"Le ministre des Infrastructures et de l\u2019Equipement pr\u00e9side la c\u00e9r\u00e9monie de cl\u00f4ture de la 9e \u00e9dition de la Conf\u00e9rence internationale sur le guichet unique","datePublished":"2023-09-27T15:41:14+00:00","dateModified":"2023-09-27T16:55:26+00:00","mainEntityOfPage":{"@id":"https:\/\/www.africa-press.net\/djibouti\/politique\/le-ministre-des-infrastructures-et-de-lequipement-preside-la-ceremonie-de-cloture-de-la-9e-edition-de-la-conference-internationale-sur-le-guichet-unique"},"wordCount":729,"commentCount":0,"image":{"@id":"https:\/\/www.africa-press.net\/djibouti\/politique\/le-ministre-des-infrastructures-et-de-lequipement-preside-la-ceremonie-de-cloture-de-la-9e-edition-de-la-conference-internationale-sur-le-guichet-unique#primaryimage"},"thumbnailUrl":"https:\/\/static.africa-press.net\/djibouti\/sites\/52\/2023\/09\/sm_1695821090.491875.jpg","keywords":["Africa Press","Africa Press-Djibouti","Djibouti"],"articleSection":["Politique","Toutes les actualit\u00e9s"],"inLanguage":"fr-FR","potentialAction":[{"@type":"CommentAction","name":"Comment","target":["https:\/\/www.africa-press.net\/djibouti\/politique\/le-ministre-des-infrastructures-et-de-lequipement-preside-la-ceremonie-de-cloture-de-la-9e-edition-de-la-conference-internationale-sur-le-guichet-unique#respond"]}]},{"@type":"WebPage","@id":"https:\/\/www.africa-press.net\/djibouti\/politique\/le-ministre-des-infrastructures-et-de-lequipement-preside-la-ceremonie-de-cloture-de-la-9e-edition-de-la-conference-internationale-sur-le-guichet-unique","url":"https:\/\/www.africa-press.net\/djibouti\/politique\/le-ministre-des-infrastructures-et-de-lequipement-preside-la-ceremonie-de-cloture-de-la-9e-edition-de-la-conference-internationale-sur-le-guichet-unique","name":"Le ministre des Infrastructures et de l\u2019Equipement pr\u00e9side la c\u00e9r\u00e9monie de cl\u00f4ture de la 9e \u00e9dition de la Conf\u00e9rence internationale sur le guichet unique - Djibouti","isPartOf":{"@id":"https:\/\/www.africa-press.net\/djibouti\/#website"},"primaryImageOfPage":{"@id":"https:\/\/www.africa-press.net\/djibouti\/politique\/le-ministre-des-infrastructures-et-de-lequipement-preside-la-ceremonie-de-cloture-de-la-9e-edition-de-la-conference-internationale-sur-le-guichet-unique#primaryimage"},"image":{"@id":"https:\/\/www.africa-press.net\/djibouti\/politique\/le-ministre-des-infrastructures-et-de-lequipement-preside-la-ceremonie-de-cloture-de-la-9e-edition-de-la-conference-internationale-sur-le-guichet-unique#primaryimage"},"thumbnailUrl":"https:\/\/static.africa-press.net\/djibouti\/sites\/52\/2023\/09\/sm_1695821090.491875.jpg","datePublished":"2023-09-27T15:41:14+00:00","dateModified":"2023-09-27T16:55:26+00:00","author":{"@id":"https:\/\/www.africa-press.net\/djibouti\/#\/schema\/person\/2b1cf3cd81a31e3cd26889ca66d677f1"},"description":"Le ministre des Infrastructures et de l\u2019Equipement, M. Hassan Houmed Ibrahim, a pre\u0301side\u0301 hier la ce\u0301re\u0301monie de clo\u0302tur ...","breadcrumb":{"@id":"https:\/\/www.africa-press.net\/djibouti\/politique\/le-ministre-des-infrastructures-et-de-lequipement-preside-la-ceremonie-de-cloture-de-la-9e-edition-de-la-conference-internationale-sur-le-guichet-unique#breadcrumb"},"inLanguage":"fr-FR","potentialAction":[{"@type":"ReadAction","target":["https:\/\/www.africa-press.net\/djibouti\/politique\/le-ministre-des-infrastructures-et-de-lequipement-preside-la-ceremonie-de-cloture-de-la-9e-edition-de-la-conference-internationale-sur-le-guichet-unique"]}]},{"@type":"ImageObject","inLanguage":"fr-FR","@id":"https:\/\/www.africa-press.net\/djibouti\/politique\/le-ministre-des-infrastructures-et-de-lequipement-preside-la-ceremonie-de-cloture-de-la-9e-edition-de-la-conference-internationale-sur-le-guichet-unique#primaryimage","url":"https:\/\/static.africa-press.net\/djibouti\/sites\/52\/2023\/09\/sm_1695821090.491875.jpg","contentUrl":"https:\/\/static.africa-press.net\/djibouti\/sites\/52\/2023\/09\/sm_1695821090.491875.jpg","width":1728,"height":1057,"caption":"Le ministre des Infrastructures et de l\u2019Equipement pr\u00e9side la c\u00e9r\u00e9monie de cl\u00f4ture de la 9e \u00e9dition de la Conf\u00e9rence internationale sur le guichet unique"},{"@type":"BreadcrumbList","@id":"https:\/\/www.africa-press.net\/djibouti\/politique\/le-ministre-des-infrastructures-et-de-lequipement-preside-la-ceremonie-de-cloture-de-la-9e-edition-de-la-conference-internationale-sur-le-guichet-unique#breadcrumb","itemListElement":[{"@type":"ListItem","position":1,"name":"Accueil","item":"https:\/\/www.africa-press.net\/djibouti\/"},{"@type":"ListItem","position":2,"name":"Le ministre des Infrastructures et de l\u2019Equipement pr\u00e9side la c\u00e9r\u00e9monie de cl\u00f4ture de la 9e \u00e9dition de la Conf\u00e9rence internationale sur le guichet unique"}]},{"@type":"WebSite","@id":"https:\/\/www.africa-press.net\/djibouti\/#website","url":"https:\/\/www.africa-press.net\/djibouti\/","name":"Djibouti","description":"Just another Africa News Agency Sites site","potentialAction":[{"@type":"SearchAction","target":{"@type":"EntryPoint","urlTemplate":"https:\/\/www.africa-press.net\/djibouti\/?s={search_term_string}"},"query-input":{"@type":"PropertyValueSpecification","valueRequired":true,"valueName":"search_term_string"}}],"inLanguage":"fr-FR"},{"@type":"Person","@id":"https:\/\/www.africa-press.net\/djibouti\/#\/schema\/person\/2b1cf3cd81a31e3cd26889ca66d677f1","name":"cfeditorfr"}]}},"_links":{"self":[{"href":"https:\/\/www.africa-press.net\/djibouti\/wp-json\/wp\/v2\/posts\/18439","targetHints":{"allow":["GET"]}}],"collection":[{"href":"https:\/\/www.africa-press.net\/djibouti\/wp-json\/wp\/v2\/posts"}],"about":[{"href":"https:\/\/www.africa-press.net\/djibouti\/wp-json\/wp\/v2\/types\/post"}],"author":[{"embeddable":true,"href":"https:\/\/www.africa-press.net\/djibouti\/wp-json\/wp\/v2\/users\/82"}],"replies":[{"embeddable":true,"href":"https:\/\/www.africa-press.net\/djibouti\/wp-json\/wp\/v2\/comments?post=18439"}],"version-history":[{"count":0,"href":"https:\/\/www.africa-press.net\/djibouti\/wp-json\/wp\/v2\/posts\/18439\/revisions"}],"wp:featuredmedia":[{"embeddable":true,"href":"https:\/\/www.africa-press.net\/djibouti\/wp-json\/wp\/v2\/media\/18437"}],"wp:attachment":[{"href":"https:\/\/www.africa-press.net\/djibouti\/wp-json\/wp\/v2\/media?parent=18439"}],"wp:term":[{"taxonomy":"category","embeddable":true,"href":"https:\/\/www.africa-press.net\/djibouti\/wp-json\/wp\/v2\/categories?post=18439"},{"taxonomy":"post_tag","embeddable":true,"href":"https:\/\/www.africa-press.net\/djibouti\/wp-json\/wp\/v2\/tags?post=18439"}],"curies":[{"name":"wp","href":"https:\/\/api.w.org\/{rel}","templated":true}]}}