{"id":18458,"date":"2023-09-28T13:26:45","date_gmt":"2023-09-28T13:26:45","guid":{"rendered":"https:\/\/www.africa-press.net\/djibouti\/politique\/le-pays-hote-de-la-can-2025-a-ete-defini"},"modified":"2023-09-28T13:33:48","modified_gmt":"2023-09-28T13:33:48","slug":"le-pays-hote-de-la-can-2025-a-ete-defini","status":"publish","type":"post","link":"https:\/\/www.africa-press.net\/djibouti\/sports\/le-pays-hote-de-la-can-2025-a-ete-defini","title":{"rendered":"Le pays h\u00f4te de la CAN 2025 a \u00e9t\u00e9 d\u00e9fini"},"content":{"rendered":"<p><span style=\"color: #ff6600\"><strong>Africa-Press &#8211; Djibouti. <\/strong><\/span>La candidature du Maroc a e\u0301te\u0301 retenue ce 27 septembre par l\u2019unanimite\u0301 des votes de la CAF comme pays ho\u0302te de la Coupe d\u2019Afrique des nations 2025. Il e\u0301tait le seul candidat apre\u0300s l\u2019abandon de la compe\u0301tition prononce\u0301 par l\u2019Alge\u0301rie, le duo Nigeria-Be\u0301nin et la Zambie.<\/p>\n<p>Maintenant, c\u2019est officiel. Le Maroc a e\u0301te\u0301 de\u0301signe\u0301 organisateur de l\u2019e\u0301dition 2025 de la Coupe d\u2019Afrique des nations. C\u2019est ce qu\u2019a de\u0301clare\u0301 ce 27 septembre le pre\u0301sident de la Confe\u0301de\u0301ration panafricaine, Patrice Motsepe.<\/p>\n<p>Selon M.Motsepe, cette expe\u0301rience d\u2019accueil d\u2019un championnat de football devrait renforcer le Maroc pour l\u2019organisation du Mondial 2030. Le royaume che\u0301rifien accueillera la CAN pour la deuxie\u0300me fois depuis 1988.<\/p>\n<p><b>Absence de candidats<\/b><\/p>\n<p>Cette candidature a e\u0301te\u0301 vote\u0301e a\u0300 l\u2019unanimite\u0301 des 22 membres pre\u0301sents. Par ailleurs, les membres du Comite\u0301 exe\u0301cutif de la CAF ont abouti a\u0300 cette de\u0301cision de manie\u0300re naturelle, les autres candidats s\u2019e\u0301tant retire\u0301s de la course.<\/p>\n<p>D\u2019abord, c\u2019est Fe\u0301de\u0301ration alge\u0301rienne de football (FAF) qui a annonce\u0301 le 26 septembre son retrait, dans un courrier adresse\u0301 la Confe\u0301de\u0301ration africaine de football (CAF). Quelques heures plus tard, le duo des Fe\u0301de\u0301rations du Nigeria et du Be\u0301nin a fait les me\u0302mes de\u0301clarations. Enfin, la Zambie a abandonne\u0301 la course apre\u0300s le rapport du cabinet Rolland Berger lu devant les membres du comite\u0301 exe\u0301cutif de la CAF.<\/p>\n<p>Quant a\u0300 la prochaine Coupe d&rsquo;Afrique des nations (CAN), elle aura lieu en Co\u0302te d&rsquo;Ivoire du 13 janvier au 11 fe\u0301vrier 2024.<\/p>\n<p><b>Des infrastructures modernes<\/b><\/p>\n<p>Le Maroc de\u0301veloppe activement le secteur du football, ayant de\u0301ja\u0300 signe\u0301 plus de 40 conventions avec ses homologues africains. Les accords concernent la formation, les infrastructures, le partage des savoir-faire techniques, explique le 360 sport.<\/p>\n<p>Le royaume che\u0301rifien dispose de\u0301ja\u0300 d\u2019infrastructures de classe mondiale dont le Complexe Mohammed VI de Maa\u0302mora a\u0300 Casablanca. Il a de\u0301ja\u0300 accueilli deux des trois dernie\u0300res finales de la Ligue des Champions de la CAF. D\u2019autres grands stades tels que celui de Tanger et le Complexe Moulay Abdellah sont actuellement ferme\u0301s pour travaux.<\/p>\n<p><strong>Pour plus d&rsquo;informations et d&rsquo;analyses sur la <a href=\"https:\/\/www.africa-press.net\/djibouti\">Djibouti<\/a>, suivez <a href=\"https:\/\/www.africa-press.net\/\">Africa-Press<\/a><\/strong><\/p>\n","protected":false},"excerpt":{"rendered":"<p>Africa-Press &#8211; Djibouti. La candidature du Maroc a e\u0301te\u0301 retenue ce 27 septembre par l\u2019unanimite\u0301 des votes de la CAF comme pays ho\u0302te de la Coupe d\u2019Afrique des nations 2025. Il e\u0301tait le seul candidat apre\u0300s l\u2019abandon de la compe\u0301tition prononce\u0301 par l\u2019Alge\u0301rie, le duo Nigeria-Be\u0301nin et la Zambie. Maintenant, c\u2019est officiel. Le Maroc a [&hellip;]<\/p>\n","protected":false},"author":82,"featured_media":18457,"comment_status":"open","ping_status":"closed","sticky":false,"template":"","format":"standard","meta":{"footnotes":""},"categories":[6,10],"tags":[36,49,50],"class_list":["post-18458","post","type-post","status-publish","format-standard","has-post-thumbnail","hentry","category-sports","category-toutes-les-actualites","tag-africa-press","tag-africa-press-djibouti","tag-djibouti"],"yoast_head":"<!-- This site is optimized with the Yoast SEO Premium plugin v26.1 (Yoast SEO v27.0) - https:\/\/yoast.com\/product\/yoast-seo-premium-wordpress\/ -->\n<title>Le pays h\u00f4te de la CAN 2025 a \u00e9t\u00e9 d\u00e9fini - Djibouti<\/title>\n<meta name=\"description\" content=\"La candidature du Maroc a e\u0301te\u0301 retenue ce 27 septembre par l\u2019unanimite\u0301 des votes de la CAF comme pays ho\u0302te de la Coup ...\" \/>\n<meta name=\"robots\" content=\"index, follow, max-snippet:-1, max-image-preview:large, max-video-preview:-1\" \/>\n<link rel=\"canonical\" href=\"https:\/\/www.africa-press.net\/djibouti\/sports\/le-pays-hote-de-la-can-2025-a-ete-defini\" \/>\n<meta property=\"og:locale\" content=\"fr_FR\" \/>\n<meta property=\"og:type\" content=\"article\" \/>\n<meta property=\"og:title\" content=\"Le pays h\u00f4te de la CAN 2025 a \u00e9t\u00e9 d\u00e9fini\" \/>\n<meta property=\"og:description\" content=\"La candidature du Maroc a e\u0301te\u0301 retenue ce 27 septembre par l\u2019unanimite\u0301 des votes de la CAF comme pays ho\u0302te de la Coup ...\" \/>\n<meta property=\"og:url\" content=\"https:\/\/www.africa-press.net\/djibouti\/sports\/le-pays-hote-de-la-can-2025-a-ete-defini\" \/>\n<meta property=\"og:site_name\" content=\"Djibouti\" \/>\n<meta property=\"article:published_time\" content=\"2023-09-28T13:26:45+00:00\" \/>\n<meta property=\"article:modified_time\" content=\"2023-09-28T13:33:48+00:00\" \/>\n<meta property=\"og:image\" content=\"https:\/\/static.africa-press.net\/djibouti\/sites\/52\/2023\/09\/sm_1695895353.434167.jpg\" \/>\n\t<meta property=\"og:image:width\" content=\"1280\" \/>\n\t<meta property=\"og:image:height\" content=\"853\" \/>\n\t<meta property=\"og:image:type\" content=\"image\/jpeg\" \/>\n<meta name=\"author\" content=\"cfeditorfr\" \/>\n<meta name=\"twitter:card\" content=\"summary_large_image\" \/>\n<meta name=\"twitter:label1\" content=\"\u00c9crit par\" \/>\n\t<meta name=\"twitter:data1\" content=\"cfeditorfr\" \/>\n\t<meta name=\"twitter:label2\" content=\"Dur\u00e9e de lecture estim\u00e9e\" \/>\n\t<meta name=\"twitter:data2\" content=\"2 minutes\" \/>\n<script type=\"application\/ld+json\" class=\"yoast-schema-graph\">{\"@context\":\"https:\/\/schema.org\",\"@graph\":[{\"@type\":\"Article\",\"@id\":\"https:\/\/www.africa-press.net\/djibouti\/sports\/le-pays-hote-de-la-can-2025-a-ete-defini#article\",\"isPartOf\":{\"@id\":\"https:\/\/www.africa-press.net\/djibouti\/sports\/le-pays-hote-de-la-can-2025-a-ete-defini\"},\"author\":{\"name\":\"cfeditorfr\",\"@id\":\"https:\/\/www.africa-press.net\/djibouti\/#\/schema\/person\/2b1cf3cd81a31e3cd26889ca66d677f1\"},\"headline\":\"Le pays h\u00f4te de la CAN 2025 a \u00e9t\u00e9 d\u00e9fini\",\"datePublished\":\"2023-09-28T13:26:45+00:00\",\"dateModified\":\"2023-09-28T13:33:48+00:00\",\"mainEntityOfPage\":{\"@id\":\"https:\/\/www.africa-press.net\/djibouti\/sports\/le-pays-hote-de-la-can-2025-a-ete-defini\"},\"wordCount\":410,\"commentCount\":0,\"image\":{\"@id\":\"https:\/\/www.africa-press.net\/djibouti\/sports\/le-pays-hote-de-la-can-2025-a-ete-defini#primaryimage\"},\"thumbnailUrl\":\"https:\/\/static.africa-press.net\/djibouti\/sites\/52\/2023\/09\/sm_1695895353.434167.jpg\",\"keywords\":[\"Africa Press\",\"Africa Press-Djibouti\",\"Djibouti\"],\"articleSection\":[\"Sports\",\"Toutes les actualit\u00e9s\"],\"inLanguage\":\"fr-FR\",\"potentialAction\":[{\"@type\":\"CommentAction\",\"name\":\"Comment\",\"target\":[\"https:\/\/www.africa-press.net\/djibouti\/sports\/le-pays-hote-de-la-can-2025-a-ete-defini#respond\"]}]},{\"@type\":\"WebPage\",\"@id\":\"https:\/\/www.africa-press.net\/djibouti\/sports\/le-pays-hote-de-la-can-2025-a-ete-defini\",\"url\":\"https:\/\/www.africa-press.net\/djibouti\/sports\/le-pays-hote-de-la-can-2025-a-ete-defini\",\"name\":\"Le pays h\u00f4te de la CAN 2025 a \u00e9t\u00e9 d\u00e9fini - Djibouti\",\"isPartOf\":{\"@id\":\"https:\/\/www.africa-press.net\/djibouti\/#website\"},\"primaryImageOfPage\":{\"@id\":\"https:\/\/www.africa-press.net\/djibouti\/sports\/le-pays-hote-de-la-can-2025-a-ete-defini#primaryimage\"},\"image\":{\"@id\":\"https:\/\/www.africa-press.net\/djibouti\/sports\/le-pays-hote-de-la-can-2025-a-ete-defini#primaryimage\"},\"thumbnailUrl\":\"https:\/\/static.africa-press.net\/djibouti\/sites\/52\/2023\/09\/sm_1695895353.434167.jpg\",\"datePublished\":\"2023-09-28T13:26:45+00:00\",\"dateModified\":\"2023-09-28T13:33:48+00:00\",\"author\":{\"@id\":\"https:\/\/www.africa-press.net\/djibouti\/#\/schema\/person\/2b1cf3cd81a31e3cd26889ca66d677f1\"},\"description\":\"La candidature du Maroc a e\u0301te\u0301 retenue ce 27 septembre par l\u2019unanimite\u0301 des votes de la CAF comme pays ho\u0302te de la Coup ...\",\"breadcrumb\":{\"@id\":\"https:\/\/www.africa-press.net\/djibouti\/sports\/le-pays-hote-de-la-can-2025-a-ete-defini#breadcrumb\"},\"inLanguage\":\"fr-FR\",\"potentialAction\":[{\"@type\":\"ReadAction\",\"target\":[\"https:\/\/www.africa-press.net\/djibouti\/sports\/le-pays-hote-de-la-can-2025-a-ete-defini\"]}]},{\"@type\":\"ImageObject\",\"inLanguage\":\"fr-FR\",\"@id\":\"https:\/\/www.africa-press.net\/djibouti\/sports\/le-pays-hote-de-la-can-2025-a-ete-defini#primaryimage\",\"url\":\"https:\/\/static.africa-press.net\/djibouti\/sites\/52\/2023\/09\/sm_1695895353.434167.jpg\",\"contentUrl\":\"https:\/\/static.africa-press.net\/djibouti\/sites\/52\/2023\/09\/sm_1695895353.434167.jpg\",\"width\":1280,\"height\":853,\"caption\":\"Le pays h\u00f4te de la CAN 2025 a \u00e9t\u00e9 d\u00e9fini\"},{\"@type\":\"BreadcrumbList\",\"@id\":\"https:\/\/www.africa-press.net\/djibouti\/sports\/le-pays-hote-de-la-can-2025-a-ete-defini#breadcrumb\",\"itemListElement\":[{\"@type\":\"ListItem\",\"position\":1,\"name\":\"Accueil\",\"item\":\"https:\/\/www.africa-press.net\/djibouti\/\"},{\"@type\":\"ListItem\",\"position\":2,\"name\":\"Le pays h\u00f4te de la CAN 2025 a \u00e9t\u00e9 d\u00e9fini\"}]},{\"@type\":\"WebSite\",\"@id\":\"https:\/\/www.africa-press.net\/djibouti\/#website\",\"url\":\"https:\/\/www.africa-press.net\/djibouti\/\",\"name\":\"Djibouti\",\"description\":\"Just another Africa News Agency Sites site\",\"potentialAction\":[{\"@type\":\"SearchAction\",\"target\":{\"@type\":\"EntryPoint\",\"urlTemplate\":\"https:\/\/www.africa-press.net\/djibouti\/?s={search_term_string}\"},\"query-input\":{\"@type\":\"PropertyValueSpecification\",\"valueRequired\":true,\"valueName\":\"search_term_string\"}}],\"inLanguage\":\"fr-FR\"},{\"@type\":\"Person\",\"@id\":\"https:\/\/www.africa-press.net\/djibouti\/#\/schema\/person\/2b1cf3cd81a31e3cd26889ca66d677f1\",\"name\":\"cfeditorfr\"}]}<\/script>\n<!-- \/ Yoast SEO Premium plugin. -->","yoast_head_json":{"title":"Le pays h\u00f4te de la CAN 2025 a \u00e9t\u00e9 d\u00e9fini - Djibouti","description":"La candidature du Maroc a e\u0301te\u0301 retenue ce 27 septembre par l\u2019unanimite\u0301 des votes de la CAF comme pays ho\u0302te de la Coup ...","robots":{"index":"index","follow":"follow","max-snippet":"max-snippet:-1","max-image-preview":"max-image-preview:large","max-video-preview":"max-video-preview:-1"},"canonical":"https:\/\/www.africa-press.net\/djibouti\/sports\/le-pays-hote-de-la-can-2025-a-ete-defini","og_locale":"fr_FR","og_type":"article","og_title":"Le pays h\u00f4te de la CAN 2025 a \u00e9t\u00e9 d\u00e9fini","og_description":"La candidature du Maroc a e\u0301te\u0301 retenue ce 27 septembre par l\u2019unanimite\u0301 des votes de la CAF comme pays ho\u0302te de la Coup ...","og_url":"https:\/\/www.africa-press.net\/djibouti\/sports\/le-pays-hote-de-la-can-2025-a-ete-defini","og_site_name":"Djibouti","article_published_time":"2023-09-28T13:26:45+00:00","article_modified_time":"2023-09-28T13:33:48+00:00","og_image":[{"width":1280,"height":853,"url":"https:\/\/static.africa-press.net\/djibouti\/sites\/52\/2023\/09\/sm_1695895353.434167.jpg","type":"image\/jpeg"}],"author":"cfeditorfr","twitter_card":"summary_large_image","twitter_misc":{"\u00c9crit par":"cfeditorfr","Dur\u00e9e de lecture estim\u00e9e":"2 minutes"},"schema":{"@context":"https:\/\/schema.org","@graph":[{"@type":"Article","@id":"https:\/\/www.africa-press.net\/djibouti\/sports\/le-pays-hote-de-la-can-2025-a-ete-defini#article","isPartOf":{"@id":"https:\/\/www.africa-press.net\/djibouti\/sports\/le-pays-hote-de-la-can-2025-a-ete-defini"},"author":{"name":"cfeditorfr","@id":"https:\/\/www.africa-press.net\/djibouti\/#\/schema\/person\/2b1cf3cd81a31e3cd26889ca66d677f1"},"headline":"Le pays h\u00f4te de la CAN 2025 a \u00e9t\u00e9 d\u00e9fini","datePublished":"2023-09-28T13:26:45+00:00","dateModified":"2023-09-28T13:33:48+00:00","mainEntityOfPage":{"@id":"https:\/\/www.africa-press.net\/djibouti\/sports\/le-pays-hote-de-la-can-2025-a-ete-defini"},"wordCount":410,"commentCount":0,"image":{"@id":"https:\/\/www.africa-press.net\/djibouti\/sports\/le-pays-hote-de-la-can-2025-a-ete-defini#primaryimage"},"thumbnailUrl":"https:\/\/static.africa-press.net\/djibouti\/sites\/52\/2023\/09\/sm_1695895353.434167.jpg","keywords":["Africa Press","Africa Press-Djibouti","Djibouti"],"articleSection":["Sports","Toutes les actualit\u00e9s"],"inLanguage":"fr-FR","potentialAction":[{"@type":"CommentAction","name":"Comment","target":["https:\/\/www.africa-press.net\/djibouti\/sports\/le-pays-hote-de-la-can-2025-a-ete-defini#respond"]}]},{"@type":"WebPage","@id":"https:\/\/www.africa-press.net\/djibouti\/sports\/le-pays-hote-de-la-can-2025-a-ete-defini","url":"https:\/\/www.africa-press.net\/djibouti\/sports\/le-pays-hote-de-la-can-2025-a-ete-defini","name":"Le pays h\u00f4te de la CAN 2025 a \u00e9t\u00e9 d\u00e9fini - Djibouti","isPartOf":{"@id":"https:\/\/www.africa-press.net\/djibouti\/#website"},"primaryImageOfPage":{"@id":"https:\/\/www.africa-press.net\/djibouti\/sports\/le-pays-hote-de-la-can-2025-a-ete-defini#primaryimage"},"image":{"@id":"https:\/\/www.africa-press.net\/djibouti\/sports\/le-pays-hote-de-la-can-2025-a-ete-defini#primaryimage"},"thumbnailUrl":"https:\/\/static.africa-press.net\/djibouti\/sites\/52\/2023\/09\/sm_1695895353.434167.jpg","datePublished":"2023-09-28T13:26:45+00:00","dateModified":"2023-09-28T13:33:48+00:00","author":{"@id":"https:\/\/www.africa-press.net\/djibouti\/#\/schema\/person\/2b1cf3cd81a31e3cd26889ca66d677f1"},"description":"La candidature du Maroc a e\u0301te\u0301 retenue ce 27 septembre par l\u2019unanimite\u0301 des votes de la CAF comme pays ho\u0302te de la Coup ...","breadcrumb":{"@id":"https:\/\/www.africa-press.net\/djibouti\/sports\/le-pays-hote-de-la-can-2025-a-ete-defini#breadcrumb"},"inLanguage":"fr-FR","potentialAction":[{"@type":"ReadAction","target":["https:\/\/www.africa-press.net\/djibouti\/sports\/le-pays-hote-de-la-can-2025-a-ete-defini"]}]},{"@type":"ImageObject","inLanguage":"fr-FR","@id":"https:\/\/www.africa-press.net\/djibouti\/sports\/le-pays-hote-de-la-can-2025-a-ete-defini#primaryimage","url":"https:\/\/static.africa-press.net\/djibouti\/sites\/52\/2023\/09\/sm_1695895353.434167.jpg","contentUrl":"https:\/\/static.africa-press.net\/djibouti\/sites\/52\/2023\/09\/sm_1695895353.434167.jpg","width":1280,"height":853,"caption":"Le pays h\u00f4te de la CAN 2025 a \u00e9t\u00e9 d\u00e9fini"},{"@type":"BreadcrumbList","@id":"https:\/\/www.africa-press.net\/djibouti\/sports\/le-pays-hote-de-la-can-2025-a-ete-defini#breadcrumb","itemListElement":[{"@type":"ListItem","position":1,"name":"Accueil","item":"https:\/\/www.africa-press.net\/djibouti\/"},{"@type":"ListItem","position":2,"name":"Le pays h\u00f4te de la CAN 2025 a \u00e9t\u00e9 d\u00e9fini"}]},{"@type":"WebSite","@id":"https:\/\/www.africa-press.net\/djibouti\/#website","url":"https:\/\/www.africa-press.net\/djibouti\/","name":"Djibouti","description":"Just another Africa News Agency Sites site","potentialAction":[{"@type":"SearchAction","target":{"@type":"EntryPoint","urlTemplate":"https:\/\/www.africa-press.net\/djibouti\/?s={search_term_string}"},"query-input":{"@type":"PropertyValueSpecification","valueRequired":true,"valueName":"search_term_string"}}],"inLanguage":"fr-FR"},{"@type":"Person","@id":"https:\/\/www.africa-press.net\/djibouti\/#\/schema\/person\/2b1cf3cd81a31e3cd26889ca66d677f1","name":"cfeditorfr"}]}},"_links":{"self":[{"href":"https:\/\/www.africa-press.net\/djibouti\/wp-json\/wp\/v2\/posts\/18458","targetHints":{"allow":["GET"]}}],"collection":[{"href":"https:\/\/www.africa-press.net\/djibouti\/wp-json\/wp\/v2\/posts"}],"about":[{"href":"https:\/\/www.africa-press.net\/djibouti\/wp-json\/wp\/v2\/types\/post"}],"author":[{"embeddable":true,"href":"https:\/\/www.africa-press.net\/djibouti\/wp-json\/wp\/v2\/users\/82"}],"replies":[{"embeddable":true,"href":"https:\/\/www.africa-press.net\/djibouti\/wp-json\/wp\/v2\/comments?post=18458"}],"version-history":[{"count":0,"href":"https:\/\/www.africa-press.net\/djibouti\/wp-json\/wp\/v2\/posts\/18458\/revisions"}],"wp:featuredmedia":[{"embeddable":true,"href":"https:\/\/www.africa-press.net\/djibouti\/wp-json\/wp\/v2\/media\/18457"}],"wp:attachment":[{"href":"https:\/\/www.africa-press.net\/djibouti\/wp-json\/wp\/v2\/media?parent=18458"}],"wp:term":[{"taxonomy":"category","embeddable":true,"href":"https:\/\/www.africa-press.net\/djibouti\/wp-json\/wp\/v2\/categories?post=18458"},{"taxonomy":"post_tag","embeddable":true,"href":"https:\/\/www.africa-press.net\/djibouti\/wp-json\/wp\/v2\/tags?post=18458"}],"curies":[{"name":"wp","href":"https:\/\/api.w.org\/{rel}","templated":true}]}}