{"id":18467,"date":"2023-09-28T13:50:07","date_gmt":"2023-09-28T13:50:07","guid":{"rendered":"https:\/\/www.africa-press.net\/djibouti\/politique\/onu-des-chefs-detat-africains-a-loffensive-a-la-tribune-de-lonu"},"modified":"2023-09-28T14:55:35","modified_gmt":"2023-09-28T14:55:35","slug":"onu-des-chefs-detat-africains-a-loffensive-a-la-tribune-de-lonu","status":"publish","type":"post","link":"https:\/\/www.africa-press.net\/djibouti\/politique\/onu-des-chefs-detat-africains-a-loffensive-a-la-tribune-de-lonu","title":{"rendered":"ONU : des chefs d\u2019Etat africains \u00e0 l\u2019offensive \u00e0 la tribune de l\u2019ONU"},"content":{"rendered":"<p><span style=\"color: #ff6600\"><strong>Africa-Press &#8211; Djibouti. <\/strong><\/span><b>La 78e\u0300me session de l\u2019Assemble\u0301e ge\u0301ne\u0301rale des Nations Unies s\u2019est clo\u0302ture\u0301e, ce 26 septembre, a\u0300 New-York aux Etats-Unis. Cette rencontre a permis aux dirigeants du monde de passer en revue les proble\u0300mes sociopolitiques qui minent leurs Nations. Retour sur quelques interventions de dirigeants africains qui ont hausse\u0301 le ton face a\u0300 la politique de l\u2019occident, qu\u2019ils jugent discriminatoire. <\/b><\/p>\n<p>Les discussions ont pour the\u0300me : \u00ab Reconstruire la confiance et raviver la solidarite\u0301 mondiale : acce\u0301le\u0301rer l&rsquo;action pour re\u0301aliser le programme 2030 et ses objectifs de de\u0301veloppement durable en faveur de la paix, la prospe\u0301rite\u0301, le progre\u0300s et la durabilite\u0301 pour tous \u00bb. Chaque dirigeant a pris la parole du haut de la tribune de l\u2019ONU, pour donner sa vision pour la construction de cette solidarite\u0301 mondiale. Du Centrafrique au Mali en passant par la Guine\u0301e et le Burkina-Faso, les Chefs d\u2019Etat n\u2019ont pas ma\u0302che\u0301 leurs mots face a\u0300 la tribune de l\u2019Onu.<\/p>\n<p><b>L\u2019attitude des institutions financie\u0300res <\/b><\/p>\n<p>Faustin-Archange Touade\u0301ra du Centrafrique, pre\u0301sident en exercice de la Communaute\u0301 e\u0301conomique et mone\u0301taire des Etats de l\u2019Afrique centrale (CEMAC), a appele\u0301 a\u0300 la re\u0301forme du Conseil de se\u0301curite\u0301 afin de prendre en compte les aspirations des africains. Il a demande\u0301 a\u0300 l\u2019Onu de mettre en place une politique efficace pour contrer l\u2019afflux des migrants et de financer les pays africains dans la lutte contre le changement climatique. Le nume\u0301ro 1 centrafricain a me\u0302me de\u0301nonce\u0301 \u00ab le deux poids deux mesures \u00bb des institutions financie\u0300res vis-a\u0300-vis de son pays qui connait une tension de tre\u0301sorerie. Depuis plus de trois ans, le pays est prive\u0301 d\u2019appuis budge\u0301taires.<\/p>\n<p><b>\u00ab Les troupes ont failli a\u0300 leur mission \u00bb<\/b><\/p>\n<p>Cependant, le colonel Mamadi Doumbouya, chef d\u2019Etat guine\u0301en de transition, a estime\u0301 que le mode\u0300le de\u0301mocratique impose\u0301 aux africains ne cadre plus avec la re\u0301alite\u0301. L\u2019homme fort de la Guine\u0301e a souligne\u0301 que l\u2019Afrique et sa jeunesse sont de\u0301sormais matures et ne tole\u0300rent plus cet \u00ab ancien Ordre mondial \u00bb. Le congolais Fe\u0301lix Tshisekedi, pre\u0301sident en exercice de l\u2019Union africaine, a fustige\u0301 le laxisme de la Mission des Nations Unies dans son pays. Il a appele\u0301 a\u0300 un retrait acce\u0301le\u0301re\u0301 des casques bleus d\u2019ici la fin de l\u2019anne\u0301e 2023. Selon le chef de l\u2019Etat congolais, les troupes onusiennes ont failli a\u0300 leur mission.<\/p>\n<p><b>\u00ab L\u2019Onu ne doit pas e\u0302tre un instrument \u00bb<\/b><\/p>\n<p>Le Burkina, qui a connu successivement deux coups d\u2019Etat, a e\u0301te\u0301 repre\u0301sente\u0301 dans cette 78e\u0300me session, par son ministre d\u2019Etat, Bossolma Bazie\u0301. Le repre\u0301sentant du pays des hommes inte\u0300gres, a de\u0301nonce\u0301 l\u2019hypocrisie et la complicite\u0301 des grandes puissances dans la crise Libyenne et au Sahel. Il a renche\u0301ri en ces termes \u00ab l\u2019Onu ne doit pas e\u0302tre un instrument quelconque dans la main d\u2019un autre pays \u00bb. Allusion faite a\u0300 l\u2019inge\u0301rence politique de la France dans des affaires africaines.<\/p>\n<p>Ces discours de\u0301montrent la volonte\u0301 du peuple africain a\u0300 aspirer a\u0300 son inde\u0301pendance ve\u0301ritable et a\u0300 son de\u0301veloppement socioe\u0301conomique.<\/p>\n<p><b>Source: radiondekeluka<\/b><\/p>\n<p><strong>Pour plus d&rsquo;informations et d&rsquo;analyses sur la <a href=\"https:\/\/www.africa-press.net\/djibouti\">Djibouti<\/a>, suivez <a href=\"https:\/\/www.africa-press.net\/\">Africa-Press<\/a><\/strong><\/p>\n","protected":false},"excerpt":{"rendered":"<p>Africa-Press &#8211; Djibouti. La 78e\u0300me session de l\u2019Assemble\u0301e ge\u0301ne\u0301rale des Nations Unies s\u2019est clo\u0302ture\u0301e, ce 26 septembre, a\u0300 New-York aux Etats-Unis. Cette rencontre a permis aux dirigeants du monde de passer en revue les proble\u0300mes sociopolitiques qui minent leurs Nations. Retour sur quelques interventions de dirigeants africains qui ont hausse\u0301 le ton face a\u0300 la [&hellip;]<\/p>\n","protected":false},"author":82,"featured_media":18466,"comment_status":"open","ping_status":"closed","sticky":false,"template":"","format":"standard","meta":{"footnotes":""},"categories":[2,10],"tags":[36,49,50],"class_list":["post-18467","post","type-post","status-publish","format-standard","has-post-thumbnail","hentry","category-politique","category-toutes-les-actualites","tag-africa-press","tag-africa-press-djibouti","tag-djibouti"],"yoast_head":"<!-- This site is optimized with the Yoast SEO Premium plugin v26.1 (Yoast SEO v27.0) - https:\/\/yoast.com\/product\/yoast-seo-premium-wordpress\/ -->\n<title>ONU : des chefs d\u2019Etat africains \u00e0 l\u2019offensive \u00e0 la tribune de l\u2019ONU - Djibouti<\/title>\n<meta name=\"description\" content=\"La 78e\u0300me session de l\u2019Assemble\u0301e ge\u0301ne\u0301rale des Nations Unies s\u2019est clo\u0302ture\u0301e, ce 26 septembre, a\u0300 New-York aux Eta ...\" \/>\n<meta name=\"robots\" content=\"index, follow, max-snippet:-1, max-image-preview:large, max-video-preview:-1\" \/>\n<link rel=\"canonical\" href=\"https:\/\/www.africa-press.net\/djibouti\/politique\/onu-des-chefs-detat-africains-a-loffensive-a-la-tribune-de-lonu\" \/>\n<meta property=\"og:locale\" content=\"fr_FR\" \/>\n<meta property=\"og:type\" content=\"article\" \/>\n<meta property=\"og:title\" content=\"ONU : des chefs d\u2019Etat africains \u00e0 l\u2019offensive \u00e0 la tribune de l\u2019ONU\" \/>\n<meta property=\"og:description\" content=\"La 78e\u0300me session de l\u2019Assemble\u0301e ge\u0301ne\u0301rale des Nations Unies s\u2019est clo\u0302ture\u0301e, ce 26 septembre, a\u0300 New-York aux Eta ...\" \/>\n<meta property=\"og:url\" content=\"https:\/\/www.africa-press.net\/djibouti\/politique\/onu-des-chefs-detat-africains-a-loffensive-a-la-tribune-de-lonu\" \/>\n<meta property=\"og:site_name\" content=\"Djibouti\" \/>\n<meta property=\"article:published_time\" content=\"2023-09-28T13:50:07+00:00\" \/>\n<meta property=\"article:modified_time\" content=\"2023-09-28T14:55:35+00:00\" \/>\n<meta property=\"og:image\" content=\"https:\/\/static.africa-press.net\/djibouti\/sites\/52\/2023\/09\/sm_1695900260.372671.jpg\" \/>\n\t<meta property=\"og:image:width\" content=\"720\" \/>\n\t<meta property=\"og:image:height\" content=\"478\" \/>\n\t<meta property=\"og:image:type\" content=\"image\/jpeg\" \/>\n<meta name=\"author\" content=\"cfeditorfr\" \/>\n<meta name=\"twitter:card\" content=\"summary_large_image\" \/>\n<meta name=\"twitter:label1\" content=\"\u00c9crit par\" \/>\n\t<meta name=\"twitter:data1\" content=\"cfeditorfr\" \/>\n\t<meta name=\"twitter:label2\" content=\"Dur\u00e9e de lecture estim\u00e9e\" \/>\n\t<meta name=\"twitter:data2\" content=\"3 minutes\" \/>\n<script type=\"application\/ld+json\" class=\"yoast-schema-graph\">{\"@context\":\"https:\/\/schema.org\",\"@graph\":[{\"@type\":\"Article\",\"@id\":\"https:\/\/www.africa-press.net\/djibouti\/politique\/onu-des-chefs-detat-africains-a-loffensive-a-la-tribune-de-lonu#article\",\"isPartOf\":{\"@id\":\"https:\/\/www.africa-press.net\/djibouti\/politique\/onu-des-chefs-detat-africains-a-loffensive-a-la-tribune-de-lonu\"},\"author\":{\"name\":\"cfeditorfr\",\"@id\":\"https:\/\/www.africa-press.net\/djibouti\/#\/schema\/person\/2b1cf3cd81a31e3cd26889ca66d677f1\"},\"headline\":\"ONU : des chefs d\u2019Etat africains \u00e0 l\u2019offensive \u00e0 la tribune de l\u2019ONU\",\"datePublished\":\"2023-09-28T13:50:07+00:00\",\"dateModified\":\"2023-09-28T14:55:35+00:00\",\"mainEntityOfPage\":{\"@id\":\"https:\/\/www.africa-press.net\/djibouti\/politique\/onu-des-chefs-detat-africains-a-loffensive-a-la-tribune-de-lonu\"},\"wordCount\":577,\"commentCount\":0,\"image\":{\"@id\":\"https:\/\/www.africa-press.net\/djibouti\/politique\/onu-des-chefs-detat-africains-a-loffensive-a-la-tribune-de-lonu#primaryimage\"},\"thumbnailUrl\":\"https:\/\/static.africa-press.net\/djibouti\/sites\/52\/2023\/09\/sm_1695900260.372671.jpg\",\"keywords\":[\"Africa Press\",\"Africa Press-Djibouti\",\"Djibouti\"],\"articleSection\":[\"Politique\",\"Toutes les actualit\u00e9s\"],\"inLanguage\":\"fr-FR\",\"potentialAction\":[{\"@type\":\"CommentAction\",\"name\":\"Comment\",\"target\":[\"https:\/\/www.africa-press.net\/djibouti\/politique\/onu-des-chefs-detat-africains-a-loffensive-a-la-tribune-de-lonu#respond\"]}]},{\"@type\":\"WebPage\",\"@id\":\"https:\/\/www.africa-press.net\/djibouti\/politique\/onu-des-chefs-detat-africains-a-loffensive-a-la-tribune-de-lonu\",\"url\":\"https:\/\/www.africa-press.net\/djibouti\/politique\/onu-des-chefs-detat-africains-a-loffensive-a-la-tribune-de-lonu\",\"name\":\"ONU : des chefs d\u2019Etat africains \u00e0 l\u2019offensive \u00e0 la tribune de l\u2019ONU - Djibouti\",\"isPartOf\":{\"@id\":\"https:\/\/www.africa-press.net\/djibouti\/#website\"},\"primaryImageOfPage\":{\"@id\":\"https:\/\/www.africa-press.net\/djibouti\/politique\/onu-des-chefs-detat-africains-a-loffensive-a-la-tribune-de-lonu#primaryimage\"},\"image\":{\"@id\":\"https:\/\/www.africa-press.net\/djibouti\/politique\/onu-des-chefs-detat-africains-a-loffensive-a-la-tribune-de-lonu#primaryimage\"},\"thumbnailUrl\":\"https:\/\/static.africa-press.net\/djibouti\/sites\/52\/2023\/09\/sm_1695900260.372671.jpg\",\"datePublished\":\"2023-09-28T13:50:07+00:00\",\"dateModified\":\"2023-09-28T14:55:35+00:00\",\"author\":{\"@id\":\"https:\/\/www.africa-press.net\/djibouti\/#\/schema\/person\/2b1cf3cd81a31e3cd26889ca66d677f1\"},\"description\":\"La 78e\u0300me session de l\u2019Assemble\u0301e ge\u0301ne\u0301rale des Nations Unies s\u2019est clo\u0302ture\u0301e, ce 26 septembre, a\u0300 New-York aux Eta ...\",\"breadcrumb\":{\"@id\":\"https:\/\/www.africa-press.net\/djibouti\/politique\/onu-des-chefs-detat-africains-a-loffensive-a-la-tribune-de-lonu#breadcrumb\"},\"inLanguage\":\"fr-FR\",\"potentialAction\":[{\"@type\":\"ReadAction\",\"target\":[\"https:\/\/www.africa-press.net\/djibouti\/politique\/onu-des-chefs-detat-africains-a-loffensive-a-la-tribune-de-lonu\"]}]},{\"@type\":\"ImageObject\",\"inLanguage\":\"fr-FR\",\"@id\":\"https:\/\/www.africa-press.net\/djibouti\/politique\/onu-des-chefs-detat-africains-a-loffensive-a-la-tribune-de-lonu#primaryimage\",\"url\":\"https:\/\/static.africa-press.net\/djibouti\/sites\/52\/2023\/09\/sm_1695900260.372671.jpg\",\"contentUrl\":\"https:\/\/static.africa-press.net\/djibouti\/sites\/52\/2023\/09\/sm_1695900260.372671.jpg\",\"width\":720,\"height\":478,\"caption\":\"ONU : des chefs d\u2019Etat africains \u00e0 l\u2019offensive \u00e0 la tribune de l\u2019ONU\"},{\"@type\":\"BreadcrumbList\",\"@id\":\"https:\/\/www.africa-press.net\/djibouti\/politique\/onu-des-chefs-detat-africains-a-loffensive-a-la-tribune-de-lonu#breadcrumb\",\"itemListElement\":[{\"@type\":\"ListItem\",\"position\":1,\"name\":\"Accueil\",\"item\":\"https:\/\/www.africa-press.net\/djibouti\/\"},{\"@type\":\"ListItem\",\"position\":2,\"name\":\"ONU : des chefs d\u2019Etat africains \u00e0 l\u2019offensive \u00e0 la tribune de l\u2019ONU\"}]},{\"@type\":\"WebSite\",\"@id\":\"https:\/\/www.africa-press.net\/djibouti\/#website\",\"url\":\"https:\/\/www.africa-press.net\/djibouti\/\",\"name\":\"Djibouti\",\"description\":\"Just another Africa News Agency Sites site\",\"potentialAction\":[{\"@type\":\"SearchAction\",\"target\":{\"@type\":\"EntryPoint\",\"urlTemplate\":\"https:\/\/www.africa-press.net\/djibouti\/?s={search_term_string}\"},\"query-input\":{\"@type\":\"PropertyValueSpecification\",\"valueRequired\":true,\"valueName\":\"search_term_string\"}}],\"inLanguage\":\"fr-FR\"},{\"@type\":\"Person\",\"@id\":\"https:\/\/www.africa-press.net\/djibouti\/#\/schema\/person\/2b1cf3cd81a31e3cd26889ca66d677f1\",\"name\":\"cfeditorfr\"}]}<\/script>\n<!-- \/ Yoast SEO Premium plugin. -->","yoast_head_json":{"title":"ONU : des chefs d\u2019Etat africains \u00e0 l\u2019offensive \u00e0 la tribune de l\u2019ONU - Djibouti","description":"La 78e\u0300me session de l\u2019Assemble\u0301e ge\u0301ne\u0301rale des Nations Unies s\u2019est clo\u0302ture\u0301e, ce 26 septembre, a\u0300 New-York aux Eta ...","robots":{"index":"index","follow":"follow","max-snippet":"max-snippet:-1","max-image-preview":"max-image-preview:large","max-video-preview":"max-video-preview:-1"},"canonical":"https:\/\/www.africa-press.net\/djibouti\/politique\/onu-des-chefs-detat-africains-a-loffensive-a-la-tribune-de-lonu","og_locale":"fr_FR","og_type":"article","og_title":"ONU : des chefs d\u2019Etat africains \u00e0 l\u2019offensive \u00e0 la tribune de l\u2019ONU","og_description":"La 78e\u0300me session de l\u2019Assemble\u0301e ge\u0301ne\u0301rale des Nations Unies s\u2019est clo\u0302ture\u0301e, ce 26 septembre, a\u0300 New-York aux Eta ...","og_url":"https:\/\/www.africa-press.net\/djibouti\/politique\/onu-des-chefs-detat-africains-a-loffensive-a-la-tribune-de-lonu","og_site_name":"Djibouti","article_published_time":"2023-09-28T13:50:07+00:00","article_modified_time":"2023-09-28T14:55:35+00:00","og_image":[{"width":720,"height":478,"url":"https:\/\/static.africa-press.net\/djibouti\/sites\/52\/2023\/09\/sm_1695900260.372671.jpg","type":"image\/jpeg"}],"author":"cfeditorfr","twitter_card":"summary_large_image","twitter_misc":{"\u00c9crit par":"cfeditorfr","Dur\u00e9e de lecture estim\u00e9e":"3 minutes"},"schema":{"@context":"https:\/\/schema.org","@graph":[{"@type":"Article","@id":"https:\/\/www.africa-press.net\/djibouti\/politique\/onu-des-chefs-detat-africains-a-loffensive-a-la-tribune-de-lonu#article","isPartOf":{"@id":"https:\/\/www.africa-press.net\/djibouti\/politique\/onu-des-chefs-detat-africains-a-loffensive-a-la-tribune-de-lonu"},"author":{"name":"cfeditorfr","@id":"https:\/\/www.africa-press.net\/djibouti\/#\/schema\/person\/2b1cf3cd81a31e3cd26889ca66d677f1"},"headline":"ONU : des chefs d\u2019Etat africains \u00e0 l\u2019offensive \u00e0 la tribune de l\u2019ONU","datePublished":"2023-09-28T13:50:07+00:00","dateModified":"2023-09-28T14:55:35+00:00","mainEntityOfPage":{"@id":"https:\/\/www.africa-press.net\/djibouti\/politique\/onu-des-chefs-detat-africains-a-loffensive-a-la-tribune-de-lonu"},"wordCount":577,"commentCount":0,"image":{"@id":"https:\/\/www.africa-press.net\/djibouti\/politique\/onu-des-chefs-detat-africains-a-loffensive-a-la-tribune-de-lonu#primaryimage"},"thumbnailUrl":"https:\/\/static.africa-press.net\/djibouti\/sites\/52\/2023\/09\/sm_1695900260.372671.jpg","keywords":["Africa Press","Africa Press-Djibouti","Djibouti"],"articleSection":["Politique","Toutes les actualit\u00e9s"],"inLanguage":"fr-FR","potentialAction":[{"@type":"CommentAction","name":"Comment","target":["https:\/\/www.africa-press.net\/djibouti\/politique\/onu-des-chefs-detat-africains-a-loffensive-a-la-tribune-de-lonu#respond"]}]},{"@type":"WebPage","@id":"https:\/\/www.africa-press.net\/djibouti\/politique\/onu-des-chefs-detat-africains-a-loffensive-a-la-tribune-de-lonu","url":"https:\/\/www.africa-press.net\/djibouti\/politique\/onu-des-chefs-detat-africains-a-loffensive-a-la-tribune-de-lonu","name":"ONU : des chefs d\u2019Etat africains \u00e0 l\u2019offensive \u00e0 la tribune de l\u2019ONU - Djibouti","isPartOf":{"@id":"https:\/\/www.africa-press.net\/djibouti\/#website"},"primaryImageOfPage":{"@id":"https:\/\/www.africa-press.net\/djibouti\/politique\/onu-des-chefs-detat-africains-a-loffensive-a-la-tribune-de-lonu#primaryimage"},"image":{"@id":"https:\/\/www.africa-press.net\/djibouti\/politique\/onu-des-chefs-detat-africains-a-loffensive-a-la-tribune-de-lonu#primaryimage"},"thumbnailUrl":"https:\/\/static.africa-press.net\/djibouti\/sites\/52\/2023\/09\/sm_1695900260.372671.jpg","datePublished":"2023-09-28T13:50:07+00:00","dateModified":"2023-09-28T14:55:35+00:00","author":{"@id":"https:\/\/www.africa-press.net\/djibouti\/#\/schema\/person\/2b1cf3cd81a31e3cd26889ca66d677f1"},"description":"La 78e\u0300me session de l\u2019Assemble\u0301e ge\u0301ne\u0301rale des Nations Unies s\u2019est clo\u0302ture\u0301e, ce 26 septembre, a\u0300 New-York aux Eta ...","breadcrumb":{"@id":"https:\/\/www.africa-press.net\/djibouti\/politique\/onu-des-chefs-detat-africains-a-loffensive-a-la-tribune-de-lonu#breadcrumb"},"inLanguage":"fr-FR","potentialAction":[{"@type":"ReadAction","target":["https:\/\/www.africa-press.net\/djibouti\/politique\/onu-des-chefs-detat-africains-a-loffensive-a-la-tribune-de-lonu"]}]},{"@type":"ImageObject","inLanguage":"fr-FR","@id":"https:\/\/www.africa-press.net\/djibouti\/politique\/onu-des-chefs-detat-africains-a-loffensive-a-la-tribune-de-lonu#primaryimage","url":"https:\/\/static.africa-press.net\/djibouti\/sites\/52\/2023\/09\/sm_1695900260.372671.jpg","contentUrl":"https:\/\/static.africa-press.net\/djibouti\/sites\/52\/2023\/09\/sm_1695900260.372671.jpg","width":720,"height":478,"caption":"ONU : des chefs d\u2019Etat africains \u00e0 l\u2019offensive \u00e0 la tribune de l\u2019ONU"},{"@type":"BreadcrumbList","@id":"https:\/\/www.africa-press.net\/djibouti\/politique\/onu-des-chefs-detat-africains-a-loffensive-a-la-tribune-de-lonu#breadcrumb","itemListElement":[{"@type":"ListItem","position":1,"name":"Accueil","item":"https:\/\/www.africa-press.net\/djibouti\/"},{"@type":"ListItem","position":2,"name":"ONU : des chefs d\u2019Etat africains \u00e0 l\u2019offensive \u00e0 la tribune de l\u2019ONU"}]},{"@type":"WebSite","@id":"https:\/\/www.africa-press.net\/djibouti\/#website","url":"https:\/\/www.africa-press.net\/djibouti\/","name":"Djibouti","description":"Just another Africa News Agency Sites site","potentialAction":[{"@type":"SearchAction","target":{"@type":"EntryPoint","urlTemplate":"https:\/\/www.africa-press.net\/djibouti\/?s={search_term_string}"},"query-input":{"@type":"PropertyValueSpecification","valueRequired":true,"valueName":"search_term_string"}}],"inLanguage":"fr-FR"},{"@type":"Person","@id":"https:\/\/www.africa-press.net\/djibouti\/#\/schema\/person\/2b1cf3cd81a31e3cd26889ca66d677f1","name":"cfeditorfr"}]}},"_links":{"self":[{"href":"https:\/\/www.africa-press.net\/djibouti\/wp-json\/wp\/v2\/posts\/18467","targetHints":{"allow":["GET"]}}],"collection":[{"href":"https:\/\/www.africa-press.net\/djibouti\/wp-json\/wp\/v2\/posts"}],"about":[{"href":"https:\/\/www.africa-press.net\/djibouti\/wp-json\/wp\/v2\/types\/post"}],"author":[{"embeddable":true,"href":"https:\/\/www.africa-press.net\/djibouti\/wp-json\/wp\/v2\/users\/82"}],"replies":[{"embeddable":true,"href":"https:\/\/www.africa-press.net\/djibouti\/wp-json\/wp\/v2\/comments?post=18467"}],"version-history":[{"count":0,"href":"https:\/\/www.africa-press.net\/djibouti\/wp-json\/wp\/v2\/posts\/18467\/revisions"}],"wp:featuredmedia":[{"embeddable":true,"href":"https:\/\/www.africa-press.net\/djibouti\/wp-json\/wp\/v2\/media\/18466"}],"wp:attachment":[{"href":"https:\/\/www.africa-press.net\/djibouti\/wp-json\/wp\/v2\/media?parent=18467"}],"wp:term":[{"taxonomy":"category","embeddable":true,"href":"https:\/\/www.africa-press.net\/djibouti\/wp-json\/wp\/v2\/categories?post=18467"},{"taxonomy":"post_tag","embeddable":true,"href":"https:\/\/www.africa-press.net\/djibouti\/wp-json\/wp\/v2\/tags?post=18467"}],"curies":[{"name":"wp","href":"https:\/\/api.w.org\/{rel}","templated":true}]}}