{"id":18478,"date":"2023-09-28T13:36:51","date_gmt":"2023-09-28T13:36:51","guid":{"rendered":"https:\/\/www.africa-press.net\/djibouti\/politique\/le-president-de-la-republique-salue-la-memoire-de-galal-abdourahman"},"modified":"2023-09-28T15:07:23","modified_gmt":"2023-09-28T15:07:23","slug":"le-president-de-la-republique-salue-la-memoire-de-galal-abdourahman","status":"publish","type":"post","link":"https:\/\/www.africa-press.net\/djibouti\/politique\/le-president-de-la-republique-salue-la-memoire-de-galal-abdourahman","title":{"rendered":"Le Pr\u00e9sident de la R\u00e9publique salue la m\u00e9moire de Galal Abdourahman"},"content":{"rendered":"<p><span style=\"color: #ff6600\"><strong>Africa-Press &#8211; Djibouti. <\/strong><\/span>Le Chef de l\u2019Etat, M. Ismail Omar Guelleh, a rendu un vibrant hommage a\u0300 la me\u0301moire Galal Abdourahman Jacques, Charge\u0301 de mission a\u0300 la Pre\u0301sidence de la Re\u0301publique et Personnalite\u0301 tre\u0300s connue et appre\u0301cie\u0301e a\u0300 Djibouti, de\u0301ce\u0301de\u0301 hier a\u0300 Addis-Abeba, en Ethiopie.<\/p>\n<p>\u00ab Avec le de\u0301ce\u0300s de Galal Abdourahman, notre pays de\u0301plore la disparition d\u2019un serviteur mobilise\u0301 en permanence en faveur de notre cohe\u0301sion et vivre-ensemble \u00bb, a dit le Pre\u0301sident Guelleh.<\/p>\n<p>\u00ab Sa facilite\u0301 et aisance a\u0300 trouver continument les codes et les convergences de vue avec toutes les composantes culturelles et linguistiques de notre pays e\u0301taient indubitablement des signes distinctifs de son intelligence sociale et, sans conteste aussi, la preuve qu\u2019il e\u0301tait doue\u0301 en politique \u00bb, a e\u0301galement indique\u0301 le Chef de l\u2019Etat.<\/p>\n<p>\u00ab Puisse Dieu Tout Puissant l\u2019accueillir dans son Paradis Eternel \u00bb, a implore\u0301 le Pre\u0301sident de la Re\u0301publique, exprimant ses \u00ab condole\u0301ances attriste\u0301es et l\u2019assurance parfaite de sa compassion et solidarite\u0301 a\u0300 sa famille, ses proches et amis \u00bb<\/p>\n<p>Figure de proue de la sce\u0300ne publique nationale, Galal Abdourahman inte\u0300gre le groupe des jeunes militants de la LPAI, l\u2019alliance politique pour notre Inde\u0301pendance, dans les anne\u0301es 1970, alors qu\u2019il e\u0301tait encore adolescent.<\/p>\n<p>Patriarche a\u0300 la te\u0302te d\u2019une importante famille, il laisse derrie\u0300re lui une e\u0301pouse ainsi que plusieurs enfants et petits-enfants.<\/p>\n<p>Inna lillah wa inna illayhi rajioun.<\/p>\n<p>Le Chef de l\u2019Etat, M. Ismail Omar Guelleh, a rendu un vibrant hommage a\u0300 la me\u0301moire Galal Abdourahman Jacques, Charge\u0301 de mission a\u0300 la Pre\u0301sidence de la Re\u0301publique et Personnalite\u0301 tre\u0300s connue et appre\u0301cie\u0301e a\u0300 Djibouti, de\u0301ce\u0301de\u0301 hier a\u0300 Addis-Abeba, en Ethiopie.<\/p>\n<p>\u00ab Avec le de\u0301ce\u0300s de Galal Abdourahman, notre pays de\u0301plore la disparition d\u2019un serviteur mobilise\u0301 en permanence en faveur de notre cohe\u0301sion et vivre-ensemble \u00bb, a dit le Pre\u0301sident Guelleh.<\/p>\n<p>\u00ab Sa facilite\u0301 et aisance a\u0300 trouver continument les codes et les convergences de vue avec toutes les composantes culturelles et linguistiques de notre pays e\u0301taient indubitablement des signes distinctifs de son intelligence sociale et, sans conteste aussi, la preuve qu\u2019il e\u0301tait doue\u0301 en politique \u00bb, a e\u0301galement indique\u0301 le Chef de l\u2019Etat.<\/p>\n<p>\u00ab Puisse Dieu Tout Puissant l\u2019accueillir dans son Paradis Eternel \u00bb, a implore\u0301 le Pre\u0301sident de la Re\u0301publique, exprimant ses \u00ab condole\u0301ances attriste\u0301es et l\u2019assurance parfaite de sa compassion et solidarite\u0301 a\u0300 sa famille, ses proches et amis \u00bb<\/p>\n<p>Figure de proue de la sce\u0300ne publique nationale, Galal Abdourahman inte\u0300gre le groupe des jeunes militants de la LPAI, l\u2019alliance politique pour notre Inde\u0301pendance, dans les anne\u0301es 1970, alors qu\u2019il e\u0301tait encore adolescent.<\/p>\n<p>Patriarche a\u0300 la te\u0302te d\u2019une importante famille, il laisse derrie\u0300re lui une e\u0301pouse ainsi que plusieurs enfants et petits-enfants.<\/p>\n<p>Inna lillah wa inna illayhi rajioun.<\/p>\n<p><strong>Pour plus d&rsquo;informations et d&rsquo;analyses sur la <a href=\"https:\/\/www.africa-press.net\/djibouti\">Djibouti<\/a>, suivez <a href=\"https:\/\/www.africa-press.net\/\">Africa-Press<\/a><\/strong><\/p>\n","protected":false},"excerpt":{"rendered":"<p>Africa-Press &#8211; Djibouti. Le Chef de l\u2019Etat, M. Ismail Omar Guelleh, a rendu un vibrant hommage a\u0300 la me\u0301moire Galal Abdourahman Jacques, Charge\u0301 de mission a\u0300 la Pre\u0301sidence de la Re\u0301publique et Personnalite\u0301 tre\u0300s connue et appre\u0301cie\u0301e a\u0300 Djibouti, de\u0301ce\u0301de\u0301 hier a\u0300 Addis-Abeba, en Ethiopie. \u00ab Avec le de\u0301ce\u0300s de Galal Abdourahman, notre pays de\u0301plore [&hellip;]<\/p>\n","protected":false},"author":82,"featured_media":18477,"comment_status":"open","ping_status":"closed","sticky":false,"template":"","format":"standard","meta":{"footnotes":""},"categories":[2,10],"tags":[36,49,50],"class_list":["post-18478","post","type-post","status-publish","format-standard","has-post-thumbnail","hentry","category-politique","category-toutes-les-actualites","tag-africa-press","tag-africa-press-djibouti","tag-djibouti"],"yoast_head":"<!-- This site is optimized with the Yoast SEO Premium plugin v26.1 (Yoast SEO v27.0) - https:\/\/yoast.com\/product\/yoast-seo-premium-wordpress\/ -->\n<title>Le Pr\u00e9sident de la R\u00e9publique salue la m\u00e9moire de Galal Abdourahman - Djibouti<\/title>\n<meta name=\"description\" content=\"Le Chef de l\u2019Etat, M. Ismail Omar Guelleh, a rendu un vibrant hommage a\u0300 la me\u0301moire Galal Abdourahman Jacques, Charge\u0301 ...\" \/>\n<meta name=\"robots\" content=\"index, follow, max-snippet:-1, max-image-preview:large, max-video-preview:-1\" \/>\n<link rel=\"canonical\" href=\"https:\/\/www.africa-press.net\/djibouti\/politique\/le-president-de-la-republique-salue-la-memoire-de-galal-abdourahman\" \/>\n<meta property=\"og:locale\" content=\"fr_FR\" \/>\n<meta property=\"og:type\" content=\"article\" \/>\n<meta property=\"og:title\" content=\"Le Pr\u00e9sident de la R\u00e9publique salue la m\u00e9moire de Galal Abdourahman\" \/>\n<meta property=\"og:description\" content=\"Le Chef de l\u2019Etat, M. Ismail Omar Guelleh, a rendu un vibrant hommage a\u0300 la me\u0301moire Galal Abdourahman Jacques, Charge\u0301 ...\" \/>\n<meta property=\"og:url\" content=\"https:\/\/www.africa-press.net\/djibouti\/politique\/le-president-de-la-republique-salue-la-memoire-de-galal-abdourahman\" \/>\n<meta property=\"og:site_name\" content=\"Djibouti\" \/>\n<meta property=\"article:published_time\" content=\"2023-09-28T13:36:51+00:00\" \/>\n<meta property=\"article:modified_time\" content=\"2023-09-28T15:07:23+00:00\" \/>\n<meta property=\"og:image\" content=\"https:\/\/static.africa-press.net\/djibouti\/sites\/52\/2023\/09\/sm_1695900953.485974.jpg\" \/>\n\t<meta property=\"og:image:width\" content=\"720\" \/>\n\t<meta property=\"og:image:height\" content=\"485\" \/>\n\t<meta property=\"og:image:type\" content=\"image\/jpeg\" \/>\n<meta name=\"author\" content=\"cfeditorfr\" \/>\n<meta name=\"twitter:card\" content=\"summary_large_image\" \/>\n<meta name=\"twitter:label1\" content=\"\u00c9crit par\" \/>\n\t<meta name=\"twitter:data1\" content=\"cfeditorfr\" \/>\n\t<meta name=\"twitter:label2\" content=\"Dur\u00e9e de lecture estim\u00e9e\" \/>\n\t<meta name=\"twitter:data2\" content=\"3 minutes\" \/>\n<script type=\"application\/ld+json\" class=\"yoast-schema-graph\">{\"@context\":\"https:\/\/schema.org\",\"@graph\":[{\"@type\":\"Article\",\"@id\":\"https:\/\/www.africa-press.net\/djibouti\/politique\/le-president-de-la-republique-salue-la-memoire-de-galal-abdourahman#article\",\"isPartOf\":{\"@id\":\"https:\/\/www.africa-press.net\/djibouti\/politique\/le-president-de-la-republique-salue-la-memoire-de-galal-abdourahman\"},\"author\":{\"name\":\"cfeditorfr\",\"@id\":\"https:\/\/www.africa-press.net\/djibouti\/#\/schema\/person\/2b1cf3cd81a31e3cd26889ca66d677f1\"},\"headline\":\"Le Pr\u00e9sident de la R\u00e9publique salue la m\u00e9moire de Galal Abdourahman\",\"datePublished\":\"2023-09-28T13:36:51+00:00\",\"dateModified\":\"2023-09-28T15:07:23+00:00\",\"mainEntityOfPage\":{\"@id\":\"https:\/\/www.africa-press.net\/djibouti\/politique\/le-president-de-la-republique-salue-la-memoire-de-galal-abdourahman\"},\"wordCount\":529,\"commentCount\":0,\"image\":{\"@id\":\"https:\/\/www.africa-press.net\/djibouti\/politique\/le-president-de-la-republique-salue-la-memoire-de-galal-abdourahman#primaryimage\"},\"thumbnailUrl\":\"https:\/\/static.africa-press.net\/djibouti\/sites\/52\/2023\/09\/sm_1695900953.485974.jpg\",\"keywords\":[\"Africa Press\",\"Africa Press-Djibouti\",\"Djibouti\"],\"articleSection\":[\"Politique\",\"Toutes les actualit\u00e9s\"],\"inLanguage\":\"fr-FR\",\"potentialAction\":[{\"@type\":\"CommentAction\",\"name\":\"Comment\",\"target\":[\"https:\/\/www.africa-press.net\/djibouti\/politique\/le-president-de-la-republique-salue-la-memoire-de-galal-abdourahman#respond\"]}]},{\"@type\":\"WebPage\",\"@id\":\"https:\/\/www.africa-press.net\/djibouti\/politique\/le-president-de-la-republique-salue-la-memoire-de-galal-abdourahman\",\"url\":\"https:\/\/www.africa-press.net\/djibouti\/politique\/le-president-de-la-republique-salue-la-memoire-de-galal-abdourahman\",\"name\":\"Le Pr\u00e9sident de la R\u00e9publique salue la m\u00e9moire de Galal Abdourahman - Djibouti\",\"isPartOf\":{\"@id\":\"https:\/\/www.africa-press.net\/djibouti\/#website\"},\"primaryImageOfPage\":{\"@id\":\"https:\/\/www.africa-press.net\/djibouti\/politique\/le-president-de-la-republique-salue-la-memoire-de-galal-abdourahman#primaryimage\"},\"image\":{\"@id\":\"https:\/\/www.africa-press.net\/djibouti\/politique\/le-president-de-la-republique-salue-la-memoire-de-galal-abdourahman#primaryimage\"},\"thumbnailUrl\":\"https:\/\/static.africa-press.net\/djibouti\/sites\/52\/2023\/09\/sm_1695900953.485974.jpg\",\"datePublished\":\"2023-09-28T13:36:51+00:00\",\"dateModified\":\"2023-09-28T15:07:23+00:00\",\"author\":{\"@id\":\"https:\/\/www.africa-press.net\/djibouti\/#\/schema\/person\/2b1cf3cd81a31e3cd26889ca66d677f1\"},\"description\":\"Le Chef de l\u2019Etat, M. Ismail Omar Guelleh, a rendu un vibrant hommage a\u0300 la me\u0301moire Galal Abdourahman Jacques, Charge\u0301 ...\",\"breadcrumb\":{\"@id\":\"https:\/\/www.africa-press.net\/djibouti\/politique\/le-president-de-la-republique-salue-la-memoire-de-galal-abdourahman#breadcrumb\"},\"inLanguage\":\"fr-FR\",\"potentialAction\":[{\"@type\":\"ReadAction\",\"target\":[\"https:\/\/www.africa-press.net\/djibouti\/politique\/le-president-de-la-republique-salue-la-memoire-de-galal-abdourahman\"]}]},{\"@type\":\"ImageObject\",\"inLanguage\":\"fr-FR\",\"@id\":\"https:\/\/www.africa-press.net\/djibouti\/politique\/le-president-de-la-republique-salue-la-memoire-de-galal-abdourahman#primaryimage\",\"url\":\"https:\/\/static.africa-press.net\/djibouti\/sites\/52\/2023\/09\/sm_1695900953.485974.jpg\",\"contentUrl\":\"https:\/\/static.africa-press.net\/djibouti\/sites\/52\/2023\/09\/sm_1695900953.485974.jpg\",\"width\":720,\"height\":485,\"caption\":\"Le Pr\u00e9sident de la R\u00e9publique salue la m\u00e9moire de Galal Abdourahman\"},{\"@type\":\"BreadcrumbList\",\"@id\":\"https:\/\/www.africa-press.net\/djibouti\/politique\/le-president-de-la-republique-salue-la-memoire-de-galal-abdourahman#breadcrumb\",\"itemListElement\":[{\"@type\":\"ListItem\",\"position\":1,\"name\":\"Accueil\",\"item\":\"https:\/\/www.africa-press.net\/djibouti\/\"},{\"@type\":\"ListItem\",\"position\":2,\"name\":\"Le Pr\u00e9sident de la R\u00e9publique salue la m\u00e9moire de Galal Abdourahman\"}]},{\"@type\":\"WebSite\",\"@id\":\"https:\/\/www.africa-press.net\/djibouti\/#website\",\"url\":\"https:\/\/www.africa-press.net\/djibouti\/\",\"name\":\"Djibouti\",\"description\":\"Just another Africa News Agency Sites site\",\"potentialAction\":[{\"@type\":\"SearchAction\",\"target\":{\"@type\":\"EntryPoint\",\"urlTemplate\":\"https:\/\/www.africa-press.net\/djibouti\/?s={search_term_string}\"},\"query-input\":{\"@type\":\"PropertyValueSpecification\",\"valueRequired\":true,\"valueName\":\"search_term_string\"}}],\"inLanguage\":\"fr-FR\"},{\"@type\":\"Person\",\"@id\":\"https:\/\/www.africa-press.net\/djibouti\/#\/schema\/person\/2b1cf3cd81a31e3cd26889ca66d677f1\",\"name\":\"cfeditorfr\"}]}<\/script>\n<!-- \/ Yoast SEO Premium plugin. -->","yoast_head_json":{"title":"Le Pr\u00e9sident de la R\u00e9publique salue la m\u00e9moire de Galal Abdourahman - Djibouti","description":"Le Chef de l\u2019Etat, M. Ismail Omar Guelleh, a rendu un vibrant hommage a\u0300 la me\u0301moire Galal Abdourahman Jacques, Charge\u0301 ...","robots":{"index":"index","follow":"follow","max-snippet":"max-snippet:-1","max-image-preview":"max-image-preview:large","max-video-preview":"max-video-preview:-1"},"canonical":"https:\/\/www.africa-press.net\/djibouti\/politique\/le-president-de-la-republique-salue-la-memoire-de-galal-abdourahman","og_locale":"fr_FR","og_type":"article","og_title":"Le Pr\u00e9sident de la R\u00e9publique salue la m\u00e9moire de Galal Abdourahman","og_description":"Le Chef de l\u2019Etat, M. Ismail Omar Guelleh, a rendu un vibrant hommage a\u0300 la me\u0301moire Galal Abdourahman Jacques, Charge\u0301 ...","og_url":"https:\/\/www.africa-press.net\/djibouti\/politique\/le-president-de-la-republique-salue-la-memoire-de-galal-abdourahman","og_site_name":"Djibouti","article_published_time":"2023-09-28T13:36:51+00:00","article_modified_time":"2023-09-28T15:07:23+00:00","og_image":[{"width":720,"height":485,"url":"https:\/\/static.africa-press.net\/djibouti\/sites\/52\/2023\/09\/sm_1695900953.485974.jpg","type":"image\/jpeg"}],"author":"cfeditorfr","twitter_card":"summary_large_image","twitter_misc":{"\u00c9crit par":"cfeditorfr","Dur\u00e9e de lecture estim\u00e9e":"3 minutes"},"schema":{"@context":"https:\/\/schema.org","@graph":[{"@type":"Article","@id":"https:\/\/www.africa-press.net\/djibouti\/politique\/le-president-de-la-republique-salue-la-memoire-de-galal-abdourahman#article","isPartOf":{"@id":"https:\/\/www.africa-press.net\/djibouti\/politique\/le-president-de-la-republique-salue-la-memoire-de-galal-abdourahman"},"author":{"name":"cfeditorfr","@id":"https:\/\/www.africa-press.net\/djibouti\/#\/schema\/person\/2b1cf3cd81a31e3cd26889ca66d677f1"},"headline":"Le Pr\u00e9sident de la R\u00e9publique salue la m\u00e9moire de Galal Abdourahman","datePublished":"2023-09-28T13:36:51+00:00","dateModified":"2023-09-28T15:07:23+00:00","mainEntityOfPage":{"@id":"https:\/\/www.africa-press.net\/djibouti\/politique\/le-president-de-la-republique-salue-la-memoire-de-galal-abdourahman"},"wordCount":529,"commentCount":0,"image":{"@id":"https:\/\/www.africa-press.net\/djibouti\/politique\/le-president-de-la-republique-salue-la-memoire-de-galal-abdourahman#primaryimage"},"thumbnailUrl":"https:\/\/static.africa-press.net\/djibouti\/sites\/52\/2023\/09\/sm_1695900953.485974.jpg","keywords":["Africa Press","Africa Press-Djibouti","Djibouti"],"articleSection":["Politique","Toutes les actualit\u00e9s"],"inLanguage":"fr-FR","potentialAction":[{"@type":"CommentAction","name":"Comment","target":["https:\/\/www.africa-press.net\/djibouti\/politique\/le-president-de-la-republique-salue-la-memoire-de-galal-abdourahman#respond"]}]},{"@type":"WebPage","@id":"https:\/\/www.africa-press.net\/djibouti\/politique\/le-president-de-la-republique-salue-la-memoire-de-galal-abdourahman","url":"https:\/\/www.africa-press.net\/djibouti\/politique\/le-president-de-la-republique-salue-la-memoire-de-galal-abdourahman","name":"Le Pr\u00e9sident de la R\u00e9publique salue la m\u00e9moire de Galal Abdourahman - Djibouti","isPartOf":{"@id":"https:\/\/www.africa-press.net\/djibouti\/#website"},"primaryImageOfPage":{"@id":"https:\/\/www.africa-press.net\/djibouti\/politique\/le-president-de-la-republique-salue-la-memoire-de-galal-abdourahman#primaryimage"},"image":{"@id":"https:\/\/www.africa-press.net\/djibouti\/politique\/le-president-de-la-republique-salue-la-memoire-de-galal-abdourahman#primaryimage"},"thumbnailUrl":"https:\/\/static.africa-press.net\/djibouti\/sites\/52\/2023\/09\/sm_1695900953.485974.jpg","datePublished":"2023-09-28T13:36:51+00:00","dateModified":"2023-09-28T15:07:23+00:00","author":{"@id":"https:\/\/www.africa-press.net\/djibouti\/#\/schema\/person\/2b1cf3cd81a31e3cd26889ca66d677f1"},"description":"Le Chef de l\u2019Etat, M. Ismail Omar Guelleh, a rendu un vibrant hommage a\u0300 la me\u0301moire Galal Abdourahman Jacques, Charge\u0301 ...","breadcrumb":{"@id":"https:\/\/www.africa-press.net\/djibouti\/politique\/le-president-de-la-republique-salue-la-memoire-de-galal-abdourahman#breadcrumb"},"inLanguage":"fr-FR","potentialAction":[{"@type":"ReadAction","target":["https:\/\/www.africa-press.net\/djibouti\/politique\/le-president-de-la-republique-salue-la-memoire-de-galal-abdourahman"]}]},{"@type":"ImageObject","inLanguage":"fr-FR","@id":"https:\/\/www.africa-press.net\/djibouti\/politique\/le-president-de-la-republique-salue-la-memoire-de-galal-abdourahman#primaryimage","url":"https:\/\/static.africa-press.net\/djibouti\/sites\/52\/2023\/09\/sm_1695900953.485974.jpg","contentUrl":"https:\/\/static.africa-press.net\/djibouti\/sites\/52\/2023\/09\/sm_1695900953.485974.jpg","width":720,"height":485,"caption":"Le Pr\u00e9sident de la R\u00e9publique salue la m\u00e9moire de Galal Abdourahman"},{"@type":"BreadcrumbList","@id":"https:\/\/www.africa-press.net\/djibouti\/politique\/le-president-de-la-republique-salue-la-memoire-de-galal-abdourahman#breadcrumb","itemListElement":[{"@type":"ListItem","position":1,"name":"Accueil","item":"https:\/\/www.africa-press.net\/djibouti\/"},{"@type":"ListItem","position":2,"name":"Le Pr\u00e9sident de la R\u00e9publique salue la m\u00e9moire de Galal Abdourahman"}]},{"@type":"WebSite","@id":"https:\/\/www.africa-press.net\/djibouti\/#website","url":"https:\/\/www.africa-press.net\/djibouti\/","name":"Djibouti","description":"Just another Africa News Agency Sites site","potentialAction":[{"@type":"SearchAction","target":{"@type":"EntryPoint","urlTemplate":"https:\/\/www.africa-press.net\/djibouti\/?s={search_term_string}"},"query-input":{"@type":"PropertyValueSpecification","valueRequired":true,"valueName":"search_term_string"}}],"inLanguage":"fr-FR"},{"@type":"Person","@id":"https:\/\/www.africa-press.net\/djibouti\/#\/schema\/person\/2b1cf3cd81a31e3cd26889ca66d677f1","name":"cfeditorfr"}]}},"_links":{"self":[{"href":"https:\/\/www.africa-press.net\/djibouti\/wp-json\/wp\/v2\/posts\/18478","targetHints":{"allow":["GET"]}}],"collection":[{"href":"https:\/\/www.africa-press.net\/djibouti\/wp-json\/wp\/v2\/posts"}],"about":[{"href":"https:\/\/www.africa-press.net\/djibouti\/wp-json\/wp\/v2\/types\/post"}],"author":[{"embeddable":true,"href":"https:\/\/www.africa-press.net\/djibouti\/wp-json\/wp\/v2\/users\/82"}],"replies":[{"embeddable":true,"href":"https:\/\/www.africa-press.net\/djibouti\/wp-json\/wp\/v2\/comments?post=18478"}],"version-history":[{"count":0,"href":"https:\/\/www.africa-press.net\/djibouti\/wp-json\/wp\/v2\/posts\/18478\/revisions"}],"wp:featuredmedia":[{"embeddable":true,"href":"https:\/\/www.africa-press.net\/djibouti\/wp-json\/wp\/v2\/media\/18477"}],"wp:attachment":[{"href":"https:\/\/www.africa-press.net\/djibouti\/wp-json\/wp\/v2\/media?parent=18478"}],"wp:term":[{"taxonomy":"category","embeddable":true,"href":"https:\/\/www.africa-press.net\/djibouti\/wp-json\/wp\/v2\/categories?post=18478"},{"taxonomy":"post_tag","embeddable":true,"href":"https:\/\/www.africa-press.net\/djibouti\/wp-json\/wp\/v2\/tags?post=18478"}],"curies":[{"name":"wp","href":"https:\/\/api.w.org\/{rel}","templated":true}]}}