{"id":18480,"date":"2023-09-28T14:37:13","date_gmt":"2023-09-28T14:37:13","guid":{"rendered":"https:\/\/www.africa-press.net\/djibouti\/politique\/seisme-de-magnitude-52-sur-lechelle-de-richter-enregistre-a-djibouti"},"modified":"2023-09-28T15:07:37","modified_gmt":"2023-09-28T15:07:37","slug":"seisme-de-magnitude-52-sur-lechelle-de-richter-enregistre-a-djibouti","status":"publish","type":"post","link":"https:\/\/www.africa-press.net\/djibouti\/politique\/seisme-de-magnitude-52-sur-lechelle-de-richter-enregistre-a-djibouti","title":{"rendered":"S\u00e9isme de magnitude 5,2 sur l&rsquo;\u00e9chelle de Richter enregistr\u00e9 \u00e0 Djibouti"},"content":{"rendered":"<p><span style=\"color: #ff6600\"><strong>Africa-Press &#8211; Djibouti. <\/strong><\/span>Ce matin, a\u0300 4h 22 mn (heure locale), au moment ou\u0300 les fide\u0300les s&rsquo;appre\u0302taient a\u0300 accomplir leur premie\u0300re prie\u0300re de la journe\u0301e, la terre s&rsquo;est mise a\u0300 tanguer a\u0300 Djibouti-ville et dans les zones pe\u0301riphe\u0301riques.<\/p>\n<p>Le se\u0301isme, de magnitude de 5,2 sur l&rsquo;e\u0301chelle de Richter, est de\u0301clare\u0301 de type tectonique, selon un communique\u0301 de l&rsquo;Observatoire ge\u0301ophysique d&rsquo;Arta (OGA).<\/p>\n<p>Largement ressentie, la secousse a re\u0301veille\u0301 plus d&rsquo;un Djiboutois ronflant sur son lit apre\u0300s la comme\u0301moration, la veille, de la fe\u0302te du Mouloud marquant la naissance du Prophe\u0300te (PSL).<\/p>\n<p>\u00ab\u00a0L&rsquo;e\u0301picentre a e\u0301te\u0301 localise\u0301 a\u0300 19 Km au nord de la ville de Djibouti a\u0300 une profondeur de 8.0 Km, soit une distance d&rsquo;hypocentrale d&rsquo;environ 21.0 Km\u00a0\u00bb, a indique\u0301 l&rsquo;Observatoire ge\u0301ophysique d&rsquo;Arta, ajoutant que \u00ab\u00a0l\u00a0\u00bbintensite\u0301 macrosismique dans les zones les plus proches de l&rsquo;e\u0301picentre est de V-VI (largement ressentie).\u00a0\u00bb<\/p>\n<p>Ce matin, a\u0300 4h 22 mn (heure locale), au moment ou\u0300 les fide\u0300les s&rsquo;appre\u0302taient a\u0300 accomplir leur premie\u0300re prie\u0300re de la journe\u0301e, la terre s&rsquo;est mise a\u0300 tanguer a\u0300 Djibouti-ville et dans les zones pe\u0301riphe\u0301riques.<\/p>\n<p>Le se\u0301isme, de magnitude de 5,2 sur l&rsquo;e\u0301chelle de Richter, est de\u0301clare\u0301 de type tectonique, selon un communique\u0301 de l&rsquo;Observatoire ge\u0301ophysique d&rsquo;Arta (OGA).<\/p>\n<p>Largement ressentie, la secousse a re\u0301veille\u0301 plus d&rsquo;un Djiboutois ronflant sur son lit apre\u0300s la comme\u0301moration, la veille, de la fe\u0302te du Mouloud marquant la naissance du Prophe\u0300te (PSL).<\/p>\n<p>\u00ab\u00a0L&rsquo;e\u0301picentre a e\u0301te\u0301 localise\u0301 a\u0300 19 Km au nord de la ville de Djibouti a\u0300 une profondeur de 8.0 Km, soit une distance d&rsquo;hypocentrale d&rsquo;environ 21.0 Km\u00a0\u00bb, a indique\u0301 l&rsquo;Observatoire ge\u0301ophysique d&rsquo;Arta, ajoutant que \u00ab\u00a0l\u00a0\u00bbintensite\u0301 macrosismique dans les zones les plus proches de l&rsquo;e\u0301picentre est de V-VI (largement ressentie).\u00a0\u00bb<\/p>\n<p><strong>Pour plus d&rsquo;informations et d&rsquo;analyses sur la <a href=\"https:\/\/www.africa-press.net\/djibouti\">Djibouti<\/a>, suivez <a href=\"https:\/\/www.africa-press.net\/\">Africa-Press<\/a><\/strong><\/p>\n","protected":false},"excerpt":{"rendered":"<p>Africa-Press &#8211; Djibouti. Ce matin, a\u0300 4h 22 mn (heure locale), au moment ou\u0300 les fide\u0300les s&rsquo;appre\u0302taient a\u0300 accomplir leur premie\u0300re prie\u0300re de la journe\u0301e, la terre s&rsquo;est mise a\u0300 tanguer a\u0300 Djibouti-ville et dans les zones pe\u0301riphe\u0301riques. Le se\u0301isme, de magnitude de 5,2 sur l&rsquo;e\u0301chelle de Richter, est de\u0301clare\u0301 de type tectonique, selon un [&hellip;]<\/p>\n","protected":false},"author":82,"featured_media":18479,"comment_status":"open","ping_status":"closed","sticky":false,"template":"","format":"standard","meta":{"footnotes":""},"categories":[2,20,10],"tags":[36,49,50],"class_list":["post-18480","post","type-post","status-publish","format-standard","has-post-thumbnail","hentry","category-politique","category-top-nouvelles","category-toutes-les-actualites","tag-africa-press","tag-africa-press-djibouti","tag-djibouti"],"yoast_head":"<!-- This site is optimized with the Yoast SEO Premium plugin v26.1 (Yoast SEO v27.0) - https:\/\/yoast.com\/product\/yoast-seo-premium-wordpress\/ -->\n<title>S\u00e9isme de magnitude 5,2 sur l&#039;\u00e9chelle de Richter enregistr\u00e9 \u00e0 Djibouti - Djibouti<\/title>\n<meta name=\"description\" content=\"Ce matin, a\u0300 4h 22 mn (heure locale), au moment ou\u0300 les fide\u0300les s&#039;appre\u0302taient a\u0300 accomplir leur premie\u0300re prie\u0300re de l ...\" \/>\n<meta name=\"robots\" content=\"index, follow, max-snippet:-1, max-image-preview:large, max-video-preview:-1\" \/>\n<link rel=\"canonical\" href=\"https:\/\/www.africa-press.net\/djibouti\/politique\/seisme-de-magnitude-52-sur-lechelle-de-richter-enregistre-a-djibouti\" \/>\n<meta property=\"og:locale\" content=\"fr_FR\" \/>\n<meta property=\"og:type\" content=\"article\" \/>\n<meta property=\"og:title\" content=\"S\u00e9isme de magnitude 5,2 sur l&#039;\u00e9chelle de Richter enregistr\u00e9 \u00e0 Djibouti\" \/>\n<meta property=\"og:description\" content=\"Ce matin, a\u0300 4h 22 mn (heure locale), au moment ou\u0300 les fide\u0300les s&#039;appre\u0302taient a\u0300 accomplir leur premie\u0300re prie\u0300re de l ...\" \/>\n<meta property=\"og:url\" content=\"https:\/\/www.africa-press.net\/djibouti\/politique\/seisme-de-magnitude-52-sur-lechelle-de-richter-enregistre-a-djibouti\" \/>\n<meta property=\"og:site_name\" content=\"Djibouti\" \/>\n<meta property=\"article:published_time\" content=\"2023-09-28T14:37:13+00:00\" \/>\n<meta property=\"article:modified_time\" content=\"2023-09-28T15:07:37+00:00\" \/>\n<meta property=\"og:image\" content=\"https:\/\/static.africa-press.net\/djibouti\/sites\/52\/2023\/09\/sm_1695900973.837636.jpg\" \/>\n\t<meta property=\"og:image:width\" content=\"1280\" \/>\n\t<meta property=\"og:image:height\" content=\"720\" \/>\n\t<meta property=\"og:image:type\" content=\"image\/jpeg\" \/>\n<meta name=\"author\" content=\"cfeditorfr\" \/>\n<meta name=\"twitter:card\" content=\"summary_large_image\" \/>\n<meta name=\"twitter:label1\" content=\"\u00c9crit par\" \/>\n\t<meta name=\"twitter:data1\" content=\"cfeditorfr\" \/>\n\t<meta name=\"twitter:label2\" content=\"Dur\u00e9e de lecture estim\u00e9e\" \/>\n\t<meta name=\"twitter:data2\" content=\"2 minutes\" \/>\n<script type=\"application\/ld+json\" class=\"yoast-schema-graph\">{\"@context\":\"https:\/\/schema.org\",\"@graph\":[{\"@type\":\"Article\",\"@id\":\"https:\/\/www.africa-press.net\/djibouti\/politique\/seisme-de-magnitude-52-sur-lechelle-de-richter-enregistre-a-djibouti#article\",\"isPartOf\":{\"@id\":\"https:\/\/www.africa-press.net\/djibouti\/politique\/seisme-de-magnitude-52-sur-lechelle-de-richter-enregistre-a-djibouti\"},\"author\":{\"name\":\"cfeditorfr\",\"@id\":\"https:\/\/www.africa-press.net\/djibouti\/#\/schema\/person\/2b1cf3cd81a31e3cd26889ca66d677f1\"},\"headline\":\"S\u00e9isme de magnitude 5,2 sur l&rsquo;\u00e9chelle de Richter enregistr\u00e9 \u00e0 Djibouti\",\"datePublished\":\"2023-09-28T14:37:13+00:00\",\"dateModified\":\"2023-09-28T15:07:37+00:00\",\"mainEntityOfPage\":{\"@id\":\"https:\/\/www.africa-press.net\/djibouti\/politique\/seisme-de-magnitude-52-sur-lechelle-de-richter-enregistre-a-djibouti\"},\"wordCount\":354,\"commentCount\":0,\"image\":{\"@id\":\"https:\/\/www.africa-press.net\/djibouti\/politique\/seisme-de-magnitude-52-sur-lechelle-de-richter-enregistre-a-djibouti#primaryimage\"},\"thumbnailUrl\":\"https:\/\/static.africa-press.net\/djibouti\/sites\/52\/2023\/09\/sm_1695900973.837636.jpg\",\"keywords\":[\"Africa Press\",\"Africa Press-Djibouti\",\"Djibouti\"],\"articleSection\":[\"Politique\",\"Top Nouvelles\",\"Toutes les actualit\u00e9s\"],\"inLanguage\":\"fr-FR\",\"potentialAction\":[{\"@type\":\"CommentAction\",\"name\":\"Comment\",\"target\":[\"https:\/\/www.africa-press.net\/djibouti\/politique\/seisme-de-magnitude-52-sur-lechelle-de-richter-enregistre-a-djibouti#respond\"]}]},{\"@type\":\"WebPage\",\"@id\":\"https:\/\/www.africa-press.net\/djibouti\/politique\/seisme-de-magnitude-52-sur-lechelle-de-richter-enregistre-a-djibouti\",\"url\":\"https:\/\/www.africa-press.net\/djibouti\/politique\/seisme-de-magnitude-52-sur-lechelle-de-richter-enregistre-a-djibouti\",\"name\":\"S\u00e9isme de magnitude 5,2 sur l'\u00e9chelle de Richter enregistr\u00e9 \u00e0 Djibouti - Djibouti\",\"isPartOf\":{\"@id\":\"https:\/\/www.africa-press.net\/djibouti\/#website\"},\"primaryImageOfPage\":{\"@id\":\"https:\/\/www.africa-press.net\/djibouti\/politique\/seisme-de-magnitude-52-sur-lechelle-de-richter-enregistre-a-djibouti#primaryimage\"},\"image\":{\"@id\":\"https:\/\/www.africa-press.net\/djibouti\/politique\/seisme-de-magnitude-52-sur-lechelle-de-richter-enregistre-a-djibouti#primaryimage\"},\"thumbnailUrl\":\"https:\/\/static.africa-press.net\/djibouti\/sites\/52\/2023\/09\/sm_1695900973.837636.jpg\",\"datePublished\":\"2023-09-28T14:37:13+00:00\",\"dateModified\":\"2023-09-28T15:07:37+00:00\",\"author\":{\"@id\":\"https:\/\/www.africa-press.net\/djibouti\/#\/schema\/person\/2b1cf3cd81a31e3cd26889ca66d677f1\"},\"description\":\"Ce matin, a\u0300 4h 22 mn (heure locale), au moment ou\u0300 les fide\u0300les s'appre\u0302taient a\u0300 accomplir leur premie\u0300re prie\u0300re de l ...\",\"breadcrumb\":{\"@id\":\"https:\/\/www.africa-press.net\/djibouti\/politique\/seisme-de-magnitude-52-sur-lechelle-de-richter-enregistre-a-djibouti#breadcrumb\"},\"inLanguage\":\"fr-FR\",\"potentialAction\":[{\"@type\":\"ReadAction\",\"target\":[\"https:\/\/www.africa-press.net\/djibouti\/politique\/seisme-de-magnitude-52-sur-lechelle-de-richter-enregistre-a-djibouti\"]}]},{\"@type\":\"ImageObject\",\"inLanguage\":\"fr-FR\",\"@id\":\"https:\/\/www.africa-press.net\/djibouti\/politique\/seisme-de-magnitude-52-sur-lechelle-de-richter-enregistre-a-djibouti#primaryimage\",\"url\":\"https:\/\/static.africa-press.net\/djibouti\/sites\/52\/2023\/09\/sm_1695900973.837636.jpg\",\"contentUrl\":\"https:\/\/static.africa-press.net\/djibouti\/sites\/52\/2023\/09\/sm_1695900973.837636.jpg\",\"width\":1280,\"height\":720,\"caption\":\"S\u00e9isme de magnitude 5,2 sur l'\u00e9chelle de Richter enregistr\u00e9 \u00e0 Djibouti\"},{\"@type\":\"BreadcrumbList\",\"@id\":\"https:\/\/www.africa-press.net\/djibouti\/politique\/seisme-de-magnitude-52-sur-lechelle-de-richter-enregistre-a-djibouti#breadcrumb\",\"itemListElement\":[{\"@type\":\"ListItem\",\"position\":1,\"name\":\"Accueil\",\"item\":\"https:\/\/www.africa-press.net\/djibouti\/\"},{\"@type\":\"ListItem\",\"position\":2,\"name\":\"S\u00e9isme de magnitude 5,2 sur l&#8217;\u00e9chelle de Richter enregistr\u00e9 \u00e0 Djibouti\"}]},{\"@type\":\"WebSite\",\"@id\":\"https:\/\/www.africa-press.net\/djibouti\/#website\",\"url\":\"https:\/\/www.africa-press.net\/djibouti\/\",\"name\":\"Djibouti\",\"description\":\"Just another Africa News Agency Sites site\",\"potentialAction\":[{\"@type\":\"SearchAction\",\"target\":{\"@type\":\"EntryPoint\",\"urlTemplate\":\"https:\/\/www.africa-press.net\/djibouti\/?s={search_term_string}\"},\"query-input\":{\"@type\":\"PropertyValueSpecification\",\"valueRequired\":true,\"valueName\":\"search_term_string\"}}],\"inLanguage\":\"fr-FR\"},{\"@type\":\"Person\",\"@id\":\"https:\/\/www.africa-press.net\/djibouti\/#\/schema\/person\/2b1cf3cd81a31e3cd26889ca66d677f1\",\"name\":\"cfeditorfr\"}]}<\/script>\n<!-- \/ Yoast SEO Premium plugin. -->","yoast_head_json":{"title":"S\u00e9isme de magnitude 5,2 sur l'\u00e9chelle de Richter enregistr\u00e9 \u00e0 Djibouti - Djibouti","description":"Ce matin, a\u0300 4h 22 mn (heure locale), au moment ou\u0300 les fide\u0300les s'appre\u0302taient a\u0300 accomplir leur premie\u0300re prie\u0300re de l ...","robots":{"index":"index","follow":"follow","max-snippet":"max-snippet:-1","max-image-preview":"max-image-preview:large","max-video-preview":"max-video-preview:-1"},"canonical":"https:\/\/www.africa-press.net\/djibouti\/politique\/seisme-de-magnitude-52-sur-lechelle-de-richter-enregistre-a-djibouti","og_locale":"fr_FR","og_type":"article","og_title":"S\u00e9isme de magnitude 5,2 sur l'\u00e9chelle de Richter enregistr\u00e9 \u00e0 Djibouti","og_description":"Ce matin, a\u0300 4h 22 mn (heure locale), au moment ou\u0300 les fide\u0300les s'appre\u0302taient a\u0300 accomplir leur premie\u0300re prie\u0300re de l ...","og_url":"https:\/\/www.africa-press.net\/djibouti\/politique\/seisme-de-magnitude-52-sur-lechelle-de-richter-enregistre-a-djibouti","og_site_name":"Djibouti","article_published_time":"2023-09-28T14:37:13+00:00","article_modified_time":"2023-09-28T15:07:37+00:00","og_image":[{"width":1280,"height":720,"url":"https:\/\/static.africa-press.net\/djibouti\/sites\/52\/2023\/09\/sm_1695900973.837636.jpg","type":"image\/jpeg"}],"author":"cfeditorfr","twitter_card":"summary_large_image","twitter_misc":{"\u00c9crit par":"cfeditorfr","Dur\u00e9e de lecture estim\u00e9e":"2 minutes"},"schema":{"@context":"https:\/\/schema.org","@graph":[{"@type":"Article","@id":"https:\/\/www.africa-press.net\/djibouti\/politique\/seisme-de-magnitude-52-sur-lechelle-de-richter-enregistre-a-djibouti#article","isPartOf":{"@id":"https:\/\/www.africa-press.net\/djibouti\/politique\/seisme-de-magnitude-52-sur-lechelle-de-richter-enregistre-a-djibouti"},"author":{"name":"cfeditorfr","@id":"https:\/\/www.africa-press.net\/djibouti\/#\/schema\/person\/2b1cf3cd81a31e3cd26889ca66d677f1"},"headline":"S\u00e9isme de magnitude 5,2 sur l&rsquo;\u00e9chelle de Richter enregistr\u00e9 \u00e0 Djibouti","datePublished":"2023-09-28T14:37:13+00:00","dateModified":"2023-09-28T15:07:37+00:00","mainEntityOfPage":{"@id":"https:\/\/www.africa-press.net\/djibouti\/politique\/seisme-de-magnitude-52-sur-lechelle-de-richter-enregistre-a-djibouti"},"wordCount":354,"commentCount":0,"image":{"@id":"https:\/\/www.africa-press.net\/djibouti\/politique\/seisme-de-magnitude-52-sur-lechelle-de-richter-enregistre-a-djibouti#primaryimage"},"thumbnailUrl":"https:\/\/static.africa-press.net\/djibouti\/sites\/52\/2023\/09\/sm_1695900973.837636.jpg","keywords":["Africa Press","Africa Press-Djibouti","Djibouti"],"articleSection":["Politique","Top Nouvelles","Toutes les actualit\u00e9s"],"inLanguage":"fr-FR","potentialAction":[{"@type":"CommentAction","name":"Comment","target":["https:\/\/www.africa-press.net\/djibouti\/politique\/seisme-de-magnitude-52-sur-lechelle-de-richter-enregistre-a-djibouti#respond"]}]},{"@type":"WebPage","@id":"https:\/\/www.africa-press.net\/djibouti\/politique\/seisme-de-magnitude-52-sur-lechelle-de-richter-enregistre-a-djibouti","url":"https:\/\/www.africa-press.net\/djibouti\/politique\/seisme-de-magnitude-52-sur-lechelle-de-richter-enregistre-a-djibouti","name":"S\u00e9isme de magnitude 5,2 sur l'\u00e9chelle de Richter enregistr\u00e9 \u00e0 Djibouti - Djibouti","isPartOf":{"@id":"https:\/\/www.africa-press.net\/djibouti\/#website"},"primaryImageOfPage":{"@id":"https:\/\/www.africa-press.net\/djibouti\/politique\/seisme-de-magnitude-52-sur-lechelle-de-richter-enregistre-a-djibouti#primaryimage"},"image":{"@id":"https:\/\/www.africa-press.net\/djibouti\/politique\/seisme-de-magnitude-52-sur-lechelle-de-richter-enregistre-a-djibouti#primaryimage"},"thumbnailUrl":"https:\/\/static.africa-press.net\/djibouti\/sites\/52\/2023\/09\/sm_1695900973.837636.jpg","datePublished":"2023-09-28T14:37:13+00:00","dateModified":"2023-09-28T15:07:37+00:00","author":{"@id":"https:\/\/www.africa-press.net\/djibouti\/#\/schema\/person\/2b1cf3cd81a31e3cd26889ca66d677f1"},"description":"Ce matin, a\u0300 4h 22 mn (heure locale), au moment ou\u0300 les fide\u0300les s'appre\u0302taient a\u0300 accomplir leur premie\u0300re prie\u0300re de l ...","breadcrumb":{"@id":"https:\/\/www.africa-press.net\/djibouti\/politique\/seisme-de-magnitude-52-sur-lechelle-de-richter-enregistre-a-djibouti#breadcrumb"},"inLanguage":"fr-FR","potentialAction":[{"@type":"ReadAction","target":["https:\/\/www.africa-press.net\/djibouti\/politique\/seisme-de-magnitude-52-sur-lechelle-de-richter-enregistre-a-djibouti"]}]},{"@type":"ImageObject","inLanguage":"fr-FR","@id":"https:\/\/www.africa-press.net\/djibouti\/politique\/seisme-de-magnitude-52-sur-lechelle-de-richter-enregistre-a-djibouti#primaryimage","url":"https:\/\/static.africa-press.net\/djibouti\/sites\/52\/2023\/09\/sm_1695900973.837636.jpg","contentUrl":"https:\/\/static.africa-press.net\/djibouti\/sites\/52\/2023\/09\/sm_1695900973.837636.jpg","width":1280,"height":720,"caption":"S\u00e9isme de magnitude 5,2 sur l'\u00e9chelle de Richter enregistr\u00e9 \u00e0 Djibouti"},{"@type":"BreadcrumbList","@id":"https:\/\/www.africa-press.net\/djibouti\/politique\/seisme-de-magnitude-52-sur-lechelle-de-richter-enregistre-a-djibouti#breadcrumb","itemListElement":[{"@type":"ListItem","position":1,"name":"Accueil","item":"https:\/\/www.africa-press.net\/djibouti\/"},{"@type":"ListItem","position":2,"name":"S\u00e9isme de magnitude 5,2 sur l&#8217;\u00e9chelle de Richter enregistr\u00e9 \u00e0 Djibouti"}]},{"@type":"WebSite","@id":"https:\/\/www.africa-press.net\/djibouti\/#website","url":"https:\/\/www.africa-press.net\/djibouti\/","name":"Djibouti","description":"Just another Africa News Agency Sites site","potentialAction":[{"@type":"SearchAction","target":{"@type":"EntryPoint","urlTemplate":"https:\/\/www.africa-press.net\/djibouti\/?s={search_term_string}"},"query-input":{"@type":"PropertyValueSpecification","valueRequired":true,"valueName":"search_term_string"}}],"inLanguage":"fr-FR"},{"@type":"Person","@id":"https:\/\/www.africa-press.net\/djibouti\/#\/schema\/person\/2b1cf3cd81a31e3cd26889ca66d677f1","name":"cfeditorfr"}]}},"_links":{"self":[{"href":"https:\/\/www.africa-press.net\/djibouti\/wp-json\/wp\/v2\/posts\/18480","targetHints":{"allow":["GET"]}}],"collection":[{"href":"https:\/\/www.africa-press.net\/djibouti\/wp-json\/wp\/v2\/posts"}],"about":[{"href":"https:\/\/www.africa-press.net\/djibouti\/wp-json\/wp\/v2\/types\/post"}],"author":[{"embeddable":true,"href":"https:\/\/www.africa-press.net\/djibouti\/wp-json\/wp\/v2\/users\/82"}],"replies":[{"embeddable":true,"href":"https:\/\/www.africa-press.net\/djibouti\/wp-json\/wp\/v2\/comments?post=18480"}],"version-history":[{"count":0,"href":"https:\/\/www.africa-press.net\/djibouti\/wp-json\/wp\/v2\/posts\/18480\/revisions"}],"wp:featuredmedia":[{"embeddable":true,"href":"https:\/\/www.africa-press.net\/djibouti\/wp-json\/wp\/v2\/media\/18479"}],"wp:attachment":[{"href":"https:\/\/www.africa-press.net\/djibouti\/wp-json\/wp\/v2\/media?parent=18480"}],"wp:term":[{"taxonomy":"category","embeddable":true,"href":"https:\/\/www.africa-press.net\/djibouti\/wp-json\/wp\/v2\/categories?post=18480"},{"taxonomy":"post_tag","embeddable":true,"href":"https:\/\/www.africa-press.net\/djibouti\/wp-json\/wp\/v2\/tags?post=18480"}],"curies":[{"name":"wp","href":"https:\/\/api.w.org\/{rel}","templated":true}]}}