{"id":18513,"date":"2023-09-29T17:39:33","date_gmt":"2023-09-29T17:39:33","guid":{"rendered":"https:\/\/www.africa-press.net\/djibouti\/politique\/afrique-de-lest-le-service-climatique-de-ligad-met-en-garde-contre-des-temperatures-plus-elevees-et-les-pluies-del-nino"},"modified":"2023-09-29T19:03:26","modified_gmt":"2023-09-29T19:03:26","slug":"afrique-de-lest-le-service-climatique-de-ligad-met-en-garde-contre-des-temperatures-plus-elevees-et-les-pluies-del-nino","status":"publish","type":"post","link":"https:\/\/www.africa-press.net\/djibouti\/toutes-les-actualites\/afrique-de-lest-le-service-climatique-de-ligad-met-en-garde-contre-des-temperatures-plus-elevees-et-les-pluies-del-nino","title":{"rendered":"Afrique de l&rsquo;Est : le service climatique de l&rsquo;IGAD met en garde contre des temp\u00e9ratures plus \u00e9lev\u00e9es et les pluies d&rsquo;El Nino"},"content":{"rendered":"<p><span style=\"color: #ff6600\"><strong>Africa-Press &#8211; Djibouti. <\/strong><\/span>La Corne de l&rsquo;Afrique connai\u0302tra des tempe\u0301ratures plus e\u0301leve\u0301es que la normale entre octobre et de\u0301cembre, une pe\u0301riode ou\u0300 la re\u0301gion devrait e\u0301galement connai\u0302tre des pluies d&rsquo;El Nino qui pourraient entrai\u0302ner de fortes inondations, a averti mercredi le Centre de pre\u0301vision et d&rsquo;applications climatiques de l&rsquo;Autorite\u0301 intergouvernementale pour le de\u0301veloppement (IGAD), bloc de l&rsquo;Afrique de l&rsquo;Est.<\/p>\n<p>Le Centre de pre\u0301vision et d&rsquo;applications climatiques de l&rsquo;IGAD a indique\u0301 dans ses dernie\u0300res pre\u0301visions publie\u0301es a\u0300 Nairobi, la capitale du Kenya, que les tempe\u0301ratures plus e\u0301leve\u0301es pourraient entrai\u0302ner un stress thermique dans certains pays de la Corne de l&rsquo;Afrique, dont l&rsquo;Ethiopie, le Kenya et la Somalie.<\/p>\n<p>Les tempe\u0301ratures devraient atteindre 40 degre\u0301s Celsius dans certains pays, alors que la re\u0301gion est confronte\u0301e aux effets des changements climatiques.<\/p>\n<p>\u00ab\u00a0Des conditions plus chaudes que d&rsquo;habitude sont attendues dans la re\u0301gion, avec des probabilite\u0301s plus e\u0301leve\u0301es dans certaines parties de l&rsquo;Ethiopie, du sud de l&rsquo;Ouganda, du Rwanda, du Burundi et dans certains re\u0301gions de la Tanzanie\u00a0\u00bb, a indique\u0301 le Centre de pre\u0301vision et d&rsquo;applications climatiques.<\/p>\n<p>L&rsquo;institution a note\u0301 que l&rsquo;augmentation des tempe\u0301ratures pourrait cre\u0301er des circonstances favorables a\u0300 la croissance des vecteurs, tels que les moustiques, ce qui pourrait entrai\u0302ner une augmentation des maladies transmises par les moustiques, telles que le paludisme, la dengue et la filariose lymphatique. Les parasites et les maladies devraient se de\u0301velopper a\u0300 mesure que les pre\u0301cipitations augmentent et que les tempe\u0301ratures de\u0301passent la moyenne.<\/p>\n<p>Selon la me\u0302me source, l&rsquo;analyse des pre\u0301visions des mode\u0300les climatiques mondiaux sugge\u0300re une probabilite\u0301 accrue que la re\u0301gion puisse connai\u0302tre des pre\u0301cipitations supe\u0301rieures a\u0300 la moyenne dans presque tous les pays d&rsquo;octobre a\u0300 de\u0301cembre.<\/p>\n<p>La Corne de l&rsquo;Afrique connai\u0302tra des tempe\u0301ratures plus e\u0301leve\u0301es que la normale entre octobre et de\u0301cembre, une pe\u0301riode ou\u0300 la re\u0301gion devrait e\u0301galement connai\u0302tre des pluies d&rsquo;El Nino qui pourraient entrai\u0302ner de fortes inondations, a averti mercredi le Centre de pre\u0301vision et d&rsquo;applications climatiques de l&rsquo;Autorite\u0301 intergouvernementale pour le de\u0301veloppement (IGAD), bloc de l&rsquo;Afrique de l&rsquo;Est.<\/p>\n<p>Le Centre de pre\u0301vision et d&rsquo;applications climatiques de l&rsquo;IGAD a indique\u0301 dans ses dernie\u0300res pre\u0301visions publie\u0301es a\u0300 Nairobi, la capitale du Kenya, que les tempe\u0301ratures plus e\u0301leve\u0301es pourraient entrai\u0302ner un stress thermique dans certains pays de la Corne de l&rsquo;Afrique, dont l&rsquo;Ethiopie, le Kenya et la Somalie.<\/p>\n<p>Les tempe\u0301ratures devraient atteindre 40 degre\u0301s Celsius dans certains pays, alors que la re\u0301gion est confronte\u0301e aux effets des changements climatiques.<\/p>\n<p>\u00ab\u00a0Des conditions plus chaudes que d&rsquo;habitude sont attendues dans la re\u0301gion, avec des probabilite\u0301s plus e\u0301leve\u0301es dans certaines parties de l&rsquo;Ethiopie, du sud de l&rsquo;Ouganda, du Rwanda, du Burundi et dans certains re\u0301gions de la Tanzanie\u00a0\u00bb, a indique\u0301 le Centre de pre\u0301vision et d&rsquo;applications climatiques.<\/p>\n<p>L&rsquo;institution a note\u0301 que l&rsquo;augmentation des tempe\u0301ratures pourrait cre\u0301er des circonstances favorables a\u0300 la croissance des vecteurs, tels que les moustiques, ce qui pourrait entrai\u0302ner une augmentation des maladies transmises par les moustiques, telles que le paludisme, la dengue et la filariose lymphatique. Les parasites et les maladies devraient se de\u0301velopper a\u0300 mesure que les pre\u0301cipitations augmentent et que les tempe\u0301ratures de\u0301passent la moyenne.<\/p>\n<p>Selon la me\u0302me source, l&rsquo;analyse des pre\u0301visions des mode\u0300les climatiques mondiaux sugge\u0300re une probabilite\u0301 accrue que la re\u0301gion puisse connai\u0302tre des pre\u0301cipitations supe\u0301rieures a\u0300 la moyenne dans presque tous les pays d&rsquo;octobre a\u0300 de\u0301cembre.<\/p>\n<p><strong>Pour plus d&rsquo;informations et d&rsquo;analyses sur la <a href=\"https:\/\/www.africa-press.net\/djibouti\">Djibouti<\/a>, suivez <a href=\"https:\/\/www.africa-press.net\/\">Africa-Press<\/a><\/strong><\/p>\n","protected":false},"excerpt":{"rendered":"<p>Africa-Press &#8211; Djibouti. La Corne de l&rsquo;Afrique connai\u0302tra des tempe\u0301ratures plus e\u0301leve\u0301es que la normale entre octobre et de\u0301cembre, une pe\u0301riode ou\u0300 la re\u0301gion devrait e\u0301galement connai\u0302tre des pluies d&rsquo;El Nino qui pourraient entrai\u0302ner de fortes inondations, a averti mercredi le Centre de pre\u0301vision et d&rsquo;applications climatiques de l&rsquo;Autorite\u0301 intergouvernementale pour le de\u0301veloppement (IGAD), bloc [&hellip;]<\/p>\n","protected":false},"author":82,"featured_media":18512,"comment_status":"open","ping_status":"closed","sticky":false,"template":"","format":"standard","meta":{"footnotes":""},"categories":[21,10],"tags":[36,49,50],"class_list":["post-18513","post","type-post","status-publish","format-standard","has-post-thumbnail","hentry","category-communaute","category-toutes-les-actualites","tag-africa-press","tag-africa-press-djibouti","tag-djibouti"],"yoast_head":"<!-- This site is optimized with the Yoast SEO Premium plugin v26.1 (Yoast SEO v27.0) - https:\/\/yoast.com\/product\/yoast-seo-premium-wordpress\/ -->\n<title>Afrique de l&#039;Est : le service climatique de l&#039;IGAD met en garde contre des temp\u00e9ratures plus \u00e9lev\u00e9es et les pluies d&#039;El Nino - Djibouti<\/title>\n<meta name=\"description\" content=\"La Corne de l&#039;Afrique connai\u0302tra des tempe\u0301ratures plus e\u0301leve\u0301es que la normale entre octobre et de\u0301cembre, une pe\u0301riod ...\" \/>\n<meta name=\"robots\" content=\"index, follow, max-snippet:-1, max-image-preview:large, max-video-preview:-1\" \/>\n<link rel=\"canonical\" href=\"https:\/\/www.africa-press.net\/djibouti\/toutes-les-actualites\/afrique-de-lest-le-service-climatique-de-ligad-met-en-garde-contre-des-temperatures-plus-elevees-et-les-pluies-del-nino\" \/>\n<meta property=\"og:locale\" content=\"fr_FR\" \/>\n<meta property=\"og:type\" content=\"article\" \/>\n<meta property=\"og:title\" content=\"Afrique de l&#039;Est : le service climatique de l&#039;IGAD met en garde contre des temp\u00e9ratures plus \u00e9lev\u00e9es et les pluies d&#039;El Nino\" \/>\n<meta property=\"og:description\" content=\"La Corne de l&#039;Afrique connai\u0302tra des tempe\u0301ratures plus e\u0301leve\u0301es que la normale entre octobre et de\u0301cembre, une pe\u0301riod ...\" \/>\n<meta property=\"og:url\" content=\"https:\/\/www.africa-press.net\/djibouti\/toutes-les-actualites\/afrique-de-lest-le-service-climatique-de-ligad-met-en-garde-contre-des-temperatures-plus-elevees-et-les-pluies-del-nino\" \/>\n<meta property=\"og:site_name\" content=\"Djibouti\" \/>\n<meta property=\"article:published_time\" content=\"2023-09-29T17:39:33+00:00\" \/>\n<meta property=\"article:modified_time\" content=\"2023-09-29T19:03:26+00:00\" \/>\n<meta property=\"og:image\" content=\"https:\/\/static.africa-press.net\/djibouti\/sites\/52\/2023\/09\/sm_1696001573.484018.jpg\" \/>\n\t<meta property=\"og:image:width\" content=\"720\" \/>\n\t<meta property=\"og:image:height\" content=\"428\" \/>\n\t<meta property=\"og:image:type\" content=\"image\/jpeg\" \/>\n<meta name=\"author\" content=\"cfeditorfr\" \/>\n<meta name=\"twitter:card\" content=\"summary_large_image\" \/>\n<meta name=\"twitter:label1\" content=\"\u00c9crit par\" \/>\n\t<meta name=\"twitter:data1\" content=\"cfeditorfr\" \/>\n\t<meta name=\"twitter:label2\" content=\"Dur\u00e9e de lecture estim\u00e9e\" \/>\n\t<meta name=\"twitter:data2\" content=\"3 minutes\" \/>\n<script type=\"application\/ld+json\" class=\"yoast-schema-graph\">{\"@context\":\"https:\/\/schema.org\",\"@graph\":[{\"@type\":\"Article\",\"@id\":\"https:\/\/www.africa-press.net\/djibouti\/toutes-les-actualites\/afrique-de-lest-le-service-climatique-de-ligad-met-en-garde-contre-des-temperatures-plus-elevees-et-les-pluies-del-nino#article\",\"isPartOf\":{\"@id\":\"https:\/\/www.africa-press.net\/djibouti\/toutes-les-actualites\/afrique-de-lest-le-service-climatique-de-ligad-met-en-garde-contre-des-temperatures-plus-elevees-et-les-pluies-del-nino\"},\"author\":{\"name\":\"cfeditorfr\",\"@id\":\"https:\/\/www.africa-press.net\/djibouti\/#\/schema\/person\/2b1cf3cd81a31e3cd26889ca66d677f1\"},\"headline\":\"Afrique de l&rsquo;Est : le service climatique de l&rsquo;IGAD met en garde contre des temp\u00e9ratures plus \u00e9lev\u00e9es et les pluies d&rsquo;El Nino\",\"datePublished\":\"2023-09-29T17:39:33+00:00\",\"dateModified\":\"2023-09-29T19:03:26+00:00\",\"mainEntityOfPage\":{\"@id\":\"https:\/\/www.africa-press.net\/djibouti\/toutes-les-actualites\/afrique-de-lest-le-service-climatique-de-ligad-met-en-garde-contre-des-temperatures-plus-elevees-et-les-pluies-del-nino\"},\"wordCount\":701,\"commentCount\":0,\"image\":{\"@id\":\"https:\/\/www.africa-press.net\/djibouti\/toutes-les-actualites\/afrique-de-lest-le-service-climatique-de-ligad-met-en-garde-contre-des-temperatures-plus-elevees-et-les-pluies-del-nino#primaryimage\"},\"thumbnailUrl\":\"https:\/\/static.africa-press.net\/djibouti\/sites\/52\/2023\/09\/sm_1696001573.484018.jpg\",\"keywords\":[\"Africa Press\",\"Africa Press-Djibouti\",\"Djibouti\"],\"articleSection\":[\"Communaut\u00e9\",\"Toutes les actualit\u00e9s\"],\"inLanguage\":\"fr-FR\",\"potentialAction\":[{\"@type\":\"CommentAction\",\"name\":\"Comment\",\"target\":[\"https:\/\/www.africa-press.net\/djibouti\/toutes-les-actualites\/afrique-de-lest-le-service-climatique-de-ligad-met-en-garde-contre-des-temperatures-plus-elevees-et-les-pluies-del-nino#respond\"]}]},{\"@type\":\"WebPage\",\"@id\":\"https:\/\/www.africa-press.net\/djibouti\/toutes-les-actualites\/afrique-de-lest-le-service-climatique-de-ligad-met-en-garde-contre-des-temperatures-plus-elevees-et-les-pluies-del-nino\",\"url\":\"https:\/\/www.africa-press.net\/djibouti\/toutes-les-actualites\/afrique-de-lest-le-service-climatique-de-ligad-met-en-garde-contre-des-temperatures-plus-elevees-et-les-pluies-del-nino\",\"name\":\"Afrique de l'Est : le service climatique de l'IGAD met en garde contre des temp\u00e9ratures plus \u00e9lev\u00e9es et les pluies d'El Nino - Djibouti\",\"isPartOf\":{\"@id\":\"https:\/\/www.africa-press.net\/djibouti\/#website\"},\"primaryImageOfPage\":{\"@id\":\"https:\/\/www.africa-press.net\/djibouti\/toutes-les-actualites\/afrique-de-lest-le-service-climatique-de-ligad-met-en-garde-contre-des-temperatures-plus-elevees-et-les-pluies-del-nino#primaryimage\"},\"image\":{\"@id\":\"https:\/\/www.africa-press.net\/djibouti\/toutes-les-actualites\/afrique-de-lest-le-service-climatique-de-ligad-met-en-garde-contre-des-temperatures-plus-elevees-et-les-pluies-del-nino#primaryimage\"},\"thumbnailUrl\":\"https:\/\/static.africa-press.net\/djibouti\/sites\/52\/2023\/09\/sm_1696001573.484018.jpg\",\"datePublished\":\"2023-09-29T17:39:33+00:00\",\"dateModified\":\"2023-09-29T19:03:26+00:00\",\"author\":{\"@id\":\"https:\/\/www.africa-press.net\/djibouti\/#\/schema\/person\/2b1cf3cd81a31e3cd26889ca66d677f1\"},\"description\":\"La Corne de l'Afrique connai\u0302tra des tempe\u0301ratures plus e\u0301leve\u0301es que la normale entre octobre et de\u0301cembre, une pe\u0301riod ...\",\"breadcrumb\":{\"@id\":\"https:\/\/www.africa-press.net\/djibouti\/toutes-les-actualites\/afrique-de-lest-le-service-climatique-de-ligad-met-en-garde-contre-des-temperatures-plus-elevees-et-les-pluies-del-nino#breadcrumb\"},\"inLanguage\":\"fr-FR\",\"potentialAction\":[{\"@type\":\"ReadAction\",\"target\":[\"https:\/\/www.africa-press.net\/djibouti\/toutes-les-actualites\/afrique-de-lest-le-service-climatique-de-ligad-met-en-garde-contre-des-temperatures-plus-elevees-et-les-pluies-del-nino\"]}]},{\"@type\":\"ImageObject\",\"inLanguage\":\"fr-FR\",\"@id\":\"https:\/\/www.africa-press.net\/djibouti\/toutes-les-actualites\/afrique-de-lest-le-service-climatique-de-ligad-met-en-garde-contre-des-temperatures-plus-elevees-et-les-pluies-del-nino#primaryimage\",\"url\":\"https:\/\/static.africa-press.net\/djibouti\/sites\/52\/2023\/09\/sm_1696001573.484018.jpg\",\"contentUrl\":\"https:\/\/static.africa-press.net\/djibouti\/sites\/52\/2023\/09\/sm_1696001573.484018.jpg\",\"width\":720,\"height\":428,\"caption\":\"Afrique de l'Est : le service climatique de l'IGAD met en garde contre des temp\u00e9ratures plus \u00e9lev\u00e9es et les pluies d'El Nino\"},{\"@type\":\"BreadcrumbList\",\"@id\":\"https:\/\/www.africa-press.net\/djibouti\/toutes-les-actualites\/afrique-de-lest-le-service-climatique-de-ligad-met-en-garde-contre-des-temperatures-plus-elevees-et-les-pluies-del-nino#breadcrumb\",\"itemListElement\":[{\"@type\":\"ListItem\",\"position\":1,\"name\":\"Accueil\",\"item\":\"https:\/\/www.africa-press.net\/djibouti\/\"},{\"@type\":\"ListItem\",\"position\":2,\"name\":\"Afrique de l&#8217;Est : le service climatique de l&#8217;IGAD met en garde contre des temp\u00e9ratures plus \u00e9lev\u00e9es et les pluies d&#8217;El Nino\"}]},{\"@type\":\"WebSite\",\"@id\":\"https:\/\/www.africa-press.net\/djibouti\/#website\",\"url\":\"https:\/\/www.africa-press.net\/djibouti\/\",\"name\":\"Djibouti\",\"description\":\"Just another Africa News Agency Sites site\",\"potentialAction\":[{\"@type\":\"SearchAction\",\"target\":{\"@type\":\"EntryPoint\",\"urlTemplate\":\"https:\/\/www.africa-press.net\/djibouti\/?s={search_term_string}\"},\"query-input\":{\"@type\":\"PropertyValueSpecification\",\"valueRequired\":true,\"valueName\":\"search_term_string\"}}],\"inLanguage\":\"fr-FR\"},{\"@type\":\"Person\",\"@id\":\"https:\/\/www.africa-press.net\/djibouti\/#\/schema\/person\/2b1cf3cd81a31e3cd26889ca66d677f1\",\"name\":\"cfeditorfr\"}]}<\/script>\n<!-- \/ Yoast SEO Premium plugin. -->","yoast_head_json":{"title":"Afrique de l'Est : le service climatique de l'IGAD met en garde contre des temp\u00e9ratures plus \u00e9lev\u00e9es et les pluies d'El Nino - Djibouti","description":"La Corne de l'Afrique connai\u0302tra des tempe\u0301ratures plus e\u0301leve\u0301es que la normale entre octobre et de\u0301cembre, une pe\u0301riod ...","robots":{"index":"index","follow":"follow","max-snippet":"max-snippet:-1","max-image-preview":"max-image-preview:large","max-video-preview":"max-video-preview:-1"},"canonical":"https:\/\/www.africa-press.net\/djibouti\/toutes-les-actualites\/afrique-de-lest-le-service-climatique-de-ligad-met-en-garde-contre-des-temperatures-plus-elevees-et-les-pluies-del-nino","og_locale":"fr_FR","og_type":"article","og_title":"Afrique de l'Est : le service climatique de l'IGAD met en garde contre des temp\u00e9ratures plus \u00e9lev\u00e9es et les pluies d'El Nino","og_description":"La Corne de l'Afrique connai\u0302tra des tempe\u0301ratures plus e\u0301leve\u0301es que la normale entre octobre et de\u0301cembre, une pe\u0301riod ...","og_url":"https:\/\/www.africa-press.net\/djibouti\/toutes-les-actualites\/afrique-de-lest-le-service-climatique-de-ligad-met-en-garde-contre-des-temperatures-plus-elevees-et-les-pluies-del-nino","og_site_name":"Djibouti","article_published_time":"2023-09-29T17:39:33+00:00","article_modified_time":"2023-09-29T19:03:26+00:00","og_image":[{"width":720,"height":428,"url":"https:\/\/static.africa-press.net\/djibouti\/sites\/52\/2023\/09\/sm_1696001573.484018.jpg","type":"image\/jpeg"}],"author":"cfeditorfr","twitter_card":"summary_large_image","twitter_misc":{"\u00c9crit par":"cfeditorfr","Dur\u00e9e de lecture estim\u00e9e":"3 minutes"},"schema":{"@context":"https:\/\/schema.org","@graph":[{"@type":"Article","@id":"https:\/\/www.africa-press.net\/djibouti\/toutes-les-actualites\/afrique-de-lest-le-service-climatique-de-ligad-met-en-garde-contre-des-temperatures-plus-elevees-et-les-pluies-del-nino#article","isPartOf":{"@id":"https:\/\/www.africa-press.net\/djibouti\/toutes-les-actualites\/afrique-de-lest-le-service-climatique-de-ligad-met-en-garde-contre-des-temperatures-plus-elevees-et-les-pluies-del-nino"},"author":{"name":"cfeditorfr","@id":"https:\/\/www.africa-press.net\/djibouti\/#\/schema\/person\/2b1cf3cd81a31e3cd26889ca66d677f1"},"headline":"Afrique de l&rsquo;Est : le service climatique de l&rsquo;IGAD met en garde contre des temp\u00e9ratures plus \u00e9lev\u00e9es et les pluies d&rsquo;El Nino","datePublished":"2023-09-29T17:39:33+00:00","dateModified":"2023-09-29T19:03:26+00:00","mainEntityOfPage":{"@id":"https:\/\/www.africa-press.net\/djibouti\/toutes-les-actualites\/afrique-de-lest-le-service-climatique-de-ligad-met-en-garde-contre-des-temperatures-plus-elevees-et-les-pluies-del-nino"},"wordCount":701,"commentCount":0,"image":{"@id":"https:\/\/www.africa-press.net\/djibouti\/toutes-les-actualites\/afrique-de-lest-le-service-climatique-de-ligad-met-en-garde-contre-des-temperatures-plus-elevees-et-les-pluies-del-nino#primaryimage"},"thumbnailUrl":"https:\/\/static.africa-press.net\/djibouti\/sites\/52\/2023\/09\/sm_1696001573.484018.jpg","keywords":["Africa Press","Africa Press-Djibouti","Djibouti"],"articleSection":["Communaut\u00e9","Toutes les actualit\u00e9s"],"inLanguage":"fr-FR","potentialAction":[{"@type":"CommentAction","name":"Comment","target":["https:\/\/www.africa-press.net\/djibouti\/toutes-les-actualites\/afrique-de-lest-le-service-climatique-de-ligad-met-en-garde-contre-des-temperatures-plus-elevees-et-les-pluies-del-nino#respond"]}]},{"@type":"WebPage","@id":"https:\/\/www.africa-press.net\/djibouti\/toutes-les-actualites\/afrique-de-lest-le-service-climatique-de-ligad-met-en-garde-contre-des-temperatures-plus-elevees-et-les-pluies-del-nino","url":"https:\/\/www.africa-press.net\/djibouti\/toutes-les-actualites\/afrique-de-lest-le-service-climatique-de-ligad-met-en-garde-contre-des-temperatures-plus-elevees-et-les-pluies-del-nino","name":"Afrique de l'Est : le service climatique de l'IGAD met en garde contre des temp\u00e9ratures plus \u00e9lev\u00e9es et les pluies d'El Nino - Djibouti","isPartOf":{"@id":"https:\/\/www.africa-press.net\/djibouti\/#website"},"primaryImageOfPage":{"@id":"https:\/\/www.africa-press.net\/djibouti\/toutes-les-actualites\/afrique-de-lest-le-service-climatique-de-ligad-met-en-garde-contre-des-temperatures-plus-elevees-et-les-pluies-del-nino#primaryimage"},"image":{"@id":"https:\/\/www.africa-press.net\/djibouti\/toutes-les-actualites\/afrique-de-lest-le-service-climatique-de-ligad-met-en-garde-contre-des-temperatures-plus-elevees-et-les-pluies-del-nino#primaryimage"},"thumbnailUrl":"https:\/\/static.africa-press.net\/djibouti\/sites\/52\/2023\/09\/sm_1696001573.484018.jpg","datePublished":"2023-09-29T17:39:33+00:00","dateModified":"2023-09-29T19:03:26+00:00","author":{"@id":"https:\/\/www.africa-press.net\/djibouti\/#\/schema\/person\/2b1cf3cd81a31e3cd26889ca66d677f1"},"description":"La Corne de l'Afrique connai\u0302tra des tempe\u0301ratures plus e\u0301leve\u0301es que la normale entre octobre et de\u0301cembre, une pe\u0301riod ...","breadcrumb":{"@id":"https:\/\/www.africa-press.net\/djibouti\/toutes-les-actualites\/afrique-de-lest-le-service-climatique-de-ligad-met-en-garde-contre-des-temperatures-plus-elevees-et-les-pluies-del-nino#breadcrumb"},"inLanguage":"fr-FR","potentialAction":[{"@type":"ReadAction","target":["https:\/\/www.africa-press.net\/djibouti\/toutes-les-actualites\/afrique-de-lest-le-service-climatique-de-ligad-met-en-garde-contre-des-temperatures-plus-elevees-et-les-pluies-del-nino"]}]},{"@type":"ImageObject","inLanguage":"fr-FR","@id":"https:\/\/www.africa-press.net\/djibouti\/toutes-les-actualites\/afrique-de-lest-le-service-climatique-de-ligad-met-en-garde-contre-des-temperatures-plus-elevees-et-les-pluies-del-nino#primaryimage","url":"https:\/\/static.africa-press.net\/djibouti\/sites\/52\/2023\/09\/sm_1696001573.484018.jpg","contentUrl":"https:\/\/static.africa-press.net\/djibouti\/sites\/52\/2023\/09\/sm_1696001573.484018.jpg","width":720,"height":428,"caption":"Afrique de l'Est : le service climatique de l'IGAD met en garde contre des temp\u00e9ratures plus \u00e9lev\u00e9es et les pluies d'El Nino"},{"@type":"BreadcrumbList","@id":"https:\/\/www.africa-press.net\/djibouti\/toutes-les-actualites\/afrique-de-lest-le-service-climatique-de-ligad-met-en-garde-contre-des-temperatures-plus-elevees-et-les-pluies-del-nino#breadcrumb","itemListElement":[{"@type":"ListItem","position":1,"name":"Accueil","item":"https:\/\/www.africa-press.net\/djibouti\/"},{"@type":"ListItem","position":2,"name":"Afrique de l&#8217;Est : le service climatique de l&#8217;IGAD met en garde contre des temp\u00e9ratures plus \u00e9lev\u00e9es et les pluies d&#8217;El Nino"}]},{"@type":"WebSite","@id":"https:\/\/www.africa-press.net\/djibouti\/#website","url":"https:\/\/www.africa-press.net\/djibouti\/","name":"Djibouti","description":"Just another Africa News Agency Sites site","potentialAction":[{"@type":"SearchAction","target":{"@type":"EntryPoint","urlTemplate":"https:\/\/www.africa-press.net\/djibouti\/?s={search_term_string}"},"query-input":{"@type":"PropertyValueSpecification","valueRequired":true,"valueName":"search_term_string"}}],"inLanguage":"fr-FR"},{"@type":"Person","@id":"https:\/\/www.africa-press.net\/djibouti\/#\/schema\/person\/2b1cf3cd81a31e3cd26889ca66d677f1","name":"cfeditorfr"}]}},"_links":{"self":[{"href":"https:\/\/www.africa-press.net\/djibouti\/wp-json\/wp\/v2\/posts\/18513","targetHints":{"allow":["GET"]}}],"collection":[{"href":"https:\/\/www.africa-press.net\/djibouti\/wp-json\/wp\/v2\/posts"}],"about":[{"href":"https:\/\/www.africa-press.net\/djibouti\/wp-json\/wp\/v2\/types\/post"}],"author":[{"embeddable":true,"href":"https:\/\/www.africa-press.net\/djibouti\/wp-json\/wp\/v2\/users\/82"}],"replies":[{"embeddable":true,"href":"https:\/\/www.africa-press.net\/djibouti\/wp-json\/wp\/v2\/comments?post=18513"}],"version-history":[{"count":0,"href":"https:\/\/www.africa-press.net\/djibouti\/wp-json\/wp\/v2\/posts\/18513\/revisions"}],"wp:featuredmedia":[{"embeddable":true,"href":"https:\/\/www.africa-press.net\/djibouti\/wp-json\/wp\/v2\/media\/18512"}],"wp:attachment":[{"href":"https:\/\/www.africa-press.net\/djibouti\/wp-json\/wp\/v2\/media?parent=18513"}],"wp:term":[{"taxonomy":"category","embeddable":true,"href":"https:\/\/www.africa-press.net\/djibouti\/wp-json\/wp\/v2\/categories?post=18513"},{"taxonomy":"post_tag","embeddable":true,"href":"https:\/\/www.africa-press.net\/djibouti\/wp-json\/wp\/v2\/tags?post=18513"}],"curies":[{"name":"wp","href":"https:\/\/api.w.org\/{rel}","templated":true}]}}