{"id":18602,"date":"2023-10-02T16:35:37","date_gmt":"2023-10-02T16:35:37","guid":{"rendered":"https:\/\/www.africa-press.net\/djibouti\/politique\/lassemblee-nationale-tient-sa-deuxieme-session-ordinaire-au-titre-de-lannee-2023"},"modified":"2023-10-02T17:21:09","modified_gmt":"2023-10-02T17:21:09","slug":"lassemblee-nationale-tient-sa-deuxieme-session-ordinaire-au-titre-de-lannee-2023","status":"publish","type":"post","link":"https:\/\/www.africa-press.net\/djibouti\/politique\/lassemblee-nationale-tient-sa-deuxieme-session-ordinaire-au-titre-de-lannee-2023","title":{"rendered":"L\u2019Assembl\u00e9e nationale tient sa deuxi\u00e8me session ordinaire au titre de l&rsquo;ann\u00e9e 2023"},"content":{"rendered":"<p><span style=\"color: #ff6600\"><strong>Africa-Press &#8211; Djibouti. <\/strong><\/span>Dans une ambiance solennelle, le pre\u0301sident de l&rsquo;Assemble\u0301e nationale, M. Dileita Mohamed Dileita, a proce\u0301de\u0301 ce dimanche 01 octobre 2023, a\u0300 l&rsquo;ouverture de la deuxie\u0300me session ordinaire du parlement au titre de l&rsquo;anne\u0301e 2023.<\/p>\n<p>Cette se\u0301ance, conforme\u0301ment a\u0300 la Constitution et aux prescriptions du Re\u0300glement inte\u0301rieur, marque le retour des activite\u0301s parlementaires apre\u0300s une tre\u0302ve d\u2019e\u0301te\u0301.<\/p>\n<p>La ple\u0301nie\u0300re s\u2019est de\u0301roule\u0301e en pre\u0301sence du Premier ministre, M. Abdoulkader Kamil Mohamed, de l\u2019ensemble des membres du gouvernement et du parlement ainsi que d\u2019e\u0301minentes personnalite\u0301s issues de divers horizons.<\/p>\n<p>Parmi l\u2019auditoire se trouvaient des repre\u0301sentants du corps diplomatiques et des organisations internationales, des officiers militaires, des autorite\u0301s locales, des e\u0301lus communaux et des acteurs de la socie\u0301te\u0301 civile.<\/p>\n<p>Comme le veut la tradition, la se\u0301ance s&rsquo;est ouverte sur les notes vibrantes et fe\u0301de\u0301ratrices de notre hymne national, symbolisant l&rsquo;unite\u0301 et la fierte\u0301 de la Nation. Ce fut ensuite au pre\u0301sident de l\u2019Assemble\u0301e nationale, M. Dileita Mohamed Dileita, de prendre la parole pour souhaiter a\u0300 tous les e\u0301lus du peuple une excellente rentre\u0301e parlementaire.<\/p>\n<p>Dans son allocution, M. Dileita Mohamed Dileita a exprime\u0301 l\u2019importance du processus budge\u0301taire et a encourage\u0301 les de\u0301pute\u0301s a\u0300 examiner attentivement les propositions budge\u0301taires du gouvernement pour s\u2019assurer qu\u2019elles re\u0301pondent aux besoins sociaux.<\/p>\n<p>Affirmant le ro\u0302le primordial de l\u2019institution parlementaire, le pre\u0301sident du parlement Dileita Mohamed Dileita a rappele\u0301 sa mission de surveillance et de contro\u0302le de l\u2019action gouvernementale. Il a souligne\u0301 la ne\u0301cessite\u0301 d\u2019un dialogue constant entre le gouvernement et les parlementaires, notamment lors de l\u2019examen du budget national.<\/p>\n<p>En effet, a\u0300 l&rsquo;issue du discours du pre\u0301sident, le Premier ministre a prononce\u0301 l&rsquo;allocution traditionnelle.<\/p>\n<p>Dans une allocution, le Premier ministre Abdoulkader Kamil Mohamed a dresse\u0301 un panorama des futures orientations de la politique gouvernementale.<\/p>\n<p>Le Premier ministre a e\u0301voque\u0301 les avance\u0301es notables et les projets a\u0300 venir dans des domaines essentiels comme les e\u0301nergies renouvelables et les ressources naturelles. Parmi ces initiatives, figurent des projets notables dont le parc e\u0301olien, l&rsquo;hydroe\u0301lectricite\u0301, l&rsquo;e\u0301nergie solaire, et le dessalement de l&rsquo;eau de mer.<\/p>\n<p>Sur le plan diplomatique, le Premier ministre a souligne\u0301 l\u2019engagement de la Re\u0301publique de Djibouti dans la re\u0301solution des conflits et la contribution du Chef de l\u2019Etat en matie\u0300re du maintien de la paix re\u0301gionale et mondiale.<\/p>\n<p>Avant de clore la se\u0301ance, le pre\u0301sident de l\u2019Assemble\u0301e Nationale a tenu a\u0300 exprimer sa gratitude avant d\u2019inviter l&rsquo;ensemble des participants a\u0300 se retrouver dans le hall d\u2019honneur pour une pause cafe\u0301 conviviale.<\/p>\n<p>Dans une ambiance solennelle, le pre\u0301sident de l&rsquo;Assemble\u0301e nationale, M. Dileita Mohamed Dileita, a proce\u0301de\u0301 ce dimanche 01 octobre 2023, a\u0300 l&rsquo;ouverture de la deuxie\u0300me session ordinaire du parlement au titre de l&rsquo;anne\u0301e 2023.<\/p>\n<p>Cette se\u0301ance, conforme\u0301ment a\u0300 la Constitution et aux prescriptions du Re\u0300glement inte\u0301rieur, marque le retour des activite\u0301s parlementaires apre\u0300s une tre\u0302ve d\u2019e\u0301te\u0301.<\/p>\n<p>La ple\u0301nie\u0300re s\u2019est de\u0301roule\u0301e en pre\u0301sence du Premier ministre, M. Abdoulkader Kamil Mohamed, de l\u2019ensemble des membres du gouvernement et du parlement ainsi que d\u2019e\u0301minentes personnalite\u0301s issues de divers horizons.<\/p>\n<p>Parmi l\u2019auditoire se trouvaient des repre\u0301sentants du corps diplomatiques et des organisations internationales, des officiers militaires, des autorite\u0301s locales, des e\u0301lus communaux et des acteurs de la socie\u0301te\u0301 civile.<\/p>\n<p>Comme le veut la tradition, la se\u0301ance s&rsquo;est ouverte sur les notes vibrantes et fe\u0301de\u0301ratrices de notre hymne national, symbolisant l&rsquo;unite\u0301 et la fierte\u0301 de la Nation. Ce fut ensuite au pre\u0301sident de l\u2019Assemble\u0301e nationale, M. Dileita Mohamed Dileita, de prendre la parole pour souhaiter a\u0300 tous les e\u0301lus du peuple une excellente rentre\u0301e parlementaire.<\/p>\n<p>Dans son allocution, M. Dileita Mohamed Dileita a exprime\u0301 l\u2019importance du processus budge\u0301taire et a encourage\u0301 les de\u0301pute\u0301s a\u0300 examiner attentivement les propositions budge\u0301taires du gouvernement pour s\u2019assurer qu\u2019elles re\u0301pondent aux besoins sociaux.<\/p>\n<p>Affirmant le ro\u0302le primordial de l\u2019institution parlementaire, le pre\u0301sident du parlement Dileita Mohamed Dileita a rappele\u0301 sa mission de surveillance et de contro\u0302le de l\u2019action gouvernementale. Il a souligne\u0301 la ne\u0301cessite\u0301 d\u2019un dialogue constant entre le gouvernement et les parlementaires, notamment lors de l\u2019examen du budget national.<\/p>\n<p>En effet, a\u0300 l&rsquo;issue du discours du pre\u0301sident, le Premier ministre a prononce\u0301 l&rsquo;allocution traditionnelle.<\/p>\n<p>Dans une allocution, le Premier ministre Abdoulkader Kamil Mohamed a dresse\u0301 un panorama des futures orientations de la politique gouvernementale.<\/p>\n<p>Le Premier ministre a e\u0301voque\u0301 les avance\u0301es notables et les projets a\u0300 venir dans des domaines essentiels comme les e\u0301nergies renouvelables et les ressources naturelles. Parmi ces initiatives, figurent des projets notables dont le parc e\u0301olien, l&rsquo;hydroe\u0301lectricite\u0301, l&rsquo;e\u0301nergie solaire, et le dessalement de l&rsquo;eau de mer.<\/p>\n<p>Sur le plan diplomatique, le Premier ministre a souligne\u0301 l\u2019engagement de la Re\u0301publique de Djibouti dans la re\u0301solution des conflits et la contribution du Chef de l\u2019Etat en matie\u0300re du maintien de la paix re\u0301gionale et mondiale.<\/p>\n<p>Avant de clore la se\u0301ance, le pre\u0301sident de l\u2019Assemble\u0301e Nationale a tenu a\u0300 exprimer sa gratitude avant d\u2019inviter l&rsquo;ensemble des participants a\u0300 se retrouver dans le hall d\u2019honneur pour une pause cafe\u0301 conviviale.<\/p>\n<p><strong>Pour plus d&rsquo;informations et d&rsquo;analyses sur la <a href=\"https:\/\/www.africa-press.net\/djibouti\">Djibouti<\/a>, suivez <a href=\"https:\/\/www.africa-press.net\/\">Africa-Press<\/a><\/strong><\/p>\n","protected":false},"excerpt":{"rendered":"<p>Africa-Press &#8211; Djibouti. Dans une ambiance solennelle, le pre\u0301sident de l&rsquo;Assemble\u0301e nationale, M. Dileita Mohamed Dileita, a proce\u0301de\u0301 ce dimanche 01 octobre 2023, a\u0300 l&rsquo;ouverture de la deuxie\u0300me session ordinaire du parlement au titre de l&rsquo;anne\u0301e 2023. Cette se\u0301ance, conforme\u0301ment a\u0300 la Constitution et aux prescriptions du Re\u0300glement inte\u0301rieur, marque le retour des activite\u0301s parlementaires [&hellip;]<\/p>\n","protected":false},"author":82,"featured_media":18601,"comment_status":"open","ping_status":"closed","sticky":false,"template":"","format":"standard","meta":{"footnotes":""},"categories":[2,20,10],"tags":[36,49,50],"class_list":["post-18602","post","type-post","status-publish","format-standard","has-post-thumbnail","hentry","category-politique","category-top-nouvelles","category-toutes-les-actualites","tag-africa-press","tag-africa-press-djibouti","tag-djibouti"],"yoast_head":"<!-- This site is optimized with the Yoast SEO Premium plugin v26.1 (Yoast SEO v27.0) - https:\/\/yoast.com\/product\/yoast-seo-premium-wordpress\/ -->\n<title>L\u2019Assembl\u00e9e nationale tient sa deuxi\u00e8me session ordinaire au titre de l&#039;ann\u00e9e 2023 - Djibouti<\/title>\n<meta name=\"description\" content=\"Dans une ambiance solennelle, le pre\u0301sident de l&#039;Assemble\u0301e nationale, M. Dileita Mohamed Dileita, a proce\u0301de\u0301 ce dimanc ...\" \/>\n<meta name=\"robots\" content=\"index, follow, max-snippet:-1, max-image-preview:large, max-video-preview:-1\" \/>\n<link rel=\"canonical\" href=\"https:\/\/www.africa-press.net\/djibouti\/politique\/lassemblee-nationale-tient-sa-deuxieme-session-ordinaire-au-titre-de-lannee-2023\" \/>\n<meta property=\"og:locale\" content=\"fr_FR\" \/>\n<meta property=\"og:type\" content=\"article\" \/>\n<meta property=\"og:title\" content=\"L\u2019Assembl\u00e9e nationale tient sa deuxi\u00e8me session ordinaire au titre de l&#039;ann\u00e9e 2023\" \/>\n<meta property=\"og:description\" content=\"Dans une ambiance solennelle, le pre\u0301sident de l&#039;Assemble\u0301e nationale, M. Dileita Mohamed Dileita, a proce\u0301de\u0301 ce dimanc ...\" \/>\n<meta property=\"og:url\" content=\"https:\/\/www.africa-press.net\/djibouti\/politique\/lassemblee-nationale-tient-sa-deuxieme-session-ordinaire-au-titre-de-lannee-2023\" \/>\n<meta property=\"og:site_name\" content=\"Djibouti\" \/>\n<meta property=\"article:published_time\" content=\"2023-10-02T16:35:37+00:00\" \/>\n<meta property=\"article:modified_time\" content=\"2023-10-02T17:21:09+00:00\" \/>\n<meta property=\"og:image\" content=\"https:\/\/static.africa-press.net\/djibouti\/sites\/52\/2023\/10\/sm_1696254563.164286.jpg\" \/>\n\t<meta property=\"og:image:width\" content=\"900\" \/>\n\t<meta property=\"og:image:height\" content=\"600\" \/>\n\t<meta property=\"og:image:type\" content=\"image\/jpeg\" \/>\n<meta name=\"author\" content=\"cfeditorfr\" \/>\n<meta name=\"twitter:card\" content=\"summary_large_image\" \/>\n<meta name=\"twitter:label1\" content=\"\u00c9crit par\" \/>\n\t<meta name=\"twitter:data1\" content=\"cfeditorfr\" \/>\n\t<meta name=\"twitter:label2\" content=\"Dur\u00e9e de lecture estim\u00e9e\" \/>\n\t<meta name=\"twitter:data2\" content=\"5 minutes\" \/>\n<script type=\"application\/ld+json\" class=\"yoast-schema-graph\">{\"@context\":\"https:\/\/schema.org\",\"@graph\":[{\"@type\":\"Article\",\"@id\":\"https:\/\/www.africa-press.net\/djibouti\/politique\/lassemblee-nationale-tient-sa-deuxieme-session-ordinaire-au-titre-de-lannee-2023#article\",\"isPartOf\":{\"@id\":\"https:\/\/www.africa-press.net\/djibouti\/politique\/lassemblee-nationale-tient-sa-deuxieme-session-ordinaire-au-titre-de-lannee-2023\"},\"author\":{\"name\":\"cfeditorfr\",\"@id\":\"https:\/\/www.africa-press.net\/djibouti\/#\/schema\/person\/2b1cf3cd81a31e3cd26889ca66d677f1\"},\"headline\":\"L\u2019Assembl\u00e9e nationale tient sa deuxi\u00e8me session ordinaire au titre de l&rsquo;ann\u00e9e 2023\",\"datePublished\":\"2023-10-02T16:35:37+00:00\",\"dateModified\":\"2023-10-02T17:21:09+00:00\",\"mainEntityOfPage\":{\"@id\":\"https:\/\/www.africa-press.net\/djibouti\/politique\/lassemblee-nationale-tient-sa-deuxieme-session-ordinaire-au-titre-de-lannee-2023\"},\"wordCount\":993,\"commentCount\":0,\"image\":{\"@id\":\"https:\/\/www.africa-press.net\/djibouti\/politique\/lassemblee-nationale-tient-sa-deuxieme-session-ordinaire-au-titre-de-lannee-2023#primaryimage\"},\"thumbnailUrl\":\"https:\/\/static.africa-press.net\/djibouti\/sites\/52\/2023\/10\/sm_1696254563.164286.jpg\",\"keywords\":[\"Africa Press\",\"Africa Press-Djibouti\",\"Djibouti\"],\"articleSection\":[\"Politique\",\"Top Nouvelles\",\"Toutes les actualit\u00e9s\"],\"inLanguage\":\"fr-FR\",\"potentialAction\":[{\"@type\":\"CommentAction\",\"name\":\"Comment\",\"target\":[\"https:\/\/www.africa-press.net\/djibouti\/politique\/lassemblee-nationale-tient-sa-deuxieme-session-ordinaire-au-titre-de-lannee-2023#respond\"]}]},{\"@type\":\"WebPage\",\"@id\":\"https:\/\/www.africa-press.net\/djibouti\/politique\/lassemblee-nationale-tient-sa-deuxieme-session-ordinaire-au-titre-de-lannee-2023\",\"url\":\"https:\/\/www.africa-press.net\/djibouti\/politique\/lassemblee-nationale-tient-sa-deuxieme-session-ordinaire-au-titre-de-lannee-2023\",\"name\":\"L\u2019Assembl\u00e9e nationale tient sa deuxi\u00e8me session ordinaire au titre de l'ann\u00e9e 2023 - Djibouti\",\"isPartOf\":{\"@id\":\"https:\/\/www.africa-press.net\/djibouti\/#website\"},\"primaryImageOfPage\":{\"@id\":\"https:\/\/www.africa-press.net\/djibouti\/politique\/lassemblee-nationale-tient-sa-deuxieme-session-ordinaire-au-titre-de-lannee-2023#primaryimage\"},\"image\":{\"@id\":\"https:\/\/www.africa-press.net\/djibouti\/politique\/lassemblee-nationale-tient-sa-deuxieme-session-ordinaire-au-titre-de-lannee-2023#primaryimage\"},\"thumbnailUrl\":\"https:\/\/static.africa-press.net\/djibouti\/sites\/52\/2023\/10\/sm_1696254563.164286.jpg\",\"datePublished\":\"2023-10-02T16:35:37+00:00\",\"dateModified\":\"2023-10-02T17:21:09+00:00\",\"author\":{\"@id\":\"https:\/\/www.africa-press.net\/djibouti\/#\/schema\/person\/2b1cf3cd81a31e3cd26889ca66d677f1\"},\"description\":\"Dans une ambiance solennelle, le pre\u0301sident de l'Assemble\u0301e nationale, M. Dileita Mohamed Dileita, a proce\u0301de\u0301 ce dimanc ...\",\"breadcrumb\":{\"@id\":\"https:\/\/www.africa-press.net\/djibouti\/politique\/lassemblee-nationale-tient-sa-deuxieme-session-ordinaire-au-titre-de-lannee-2023#breadcrumb\"},\"inLanguage\":\"fr-FR\",\"potentialAction\":[{\"@type\":\"ReadAction\",\"target\":[\"https:\/\/www.africa-press.net\/djibouti\/politique\/lassemblee-nationale-tient-sa-deuxieme-session-ordinaire-au-titre-de-lannee-2023\"]}]},{\"@type\":\"ImageObject\",\"inLanguage\":\"fr-FR\",\"@id\":\"https:\/\/www.africa-press.net\/djibouti\/politique\/lassemblee-nationale-tient-sa-deuxieme-session-ordinaire-au-titre-de-lannee-2023#primaryimage\",\"url\":\"https:\/\/static.africa-press.net\/djibouti\/sites\/52\/2023\/10\/sm_1696254563.164286.jpg\",\"contentUrl\":\"https:\/\/static.africa-press.net\/djibouti\/sites\/52\/2023\/10\/sm_1696254563.164286.jpg\",\"width\":900,\"height\":600,\"caption\":\"L\u2019Assembl\u00e9e nationale tient sa deuxi\u00e8me session ordinaire au titre de l'ann\u00e9e 2023\"},{\"@type\":\"BreadcrumbList\",\"@id\":\"https:\/\/www.africa-press.net\/djibouti\/politique\/lassemblee-nationale-tient-sa-deuxieme-session-ordinaire-au-titre-de-lannee-2023#breadcrumb\",\"itemListElement\":[{\"@type\":\"ListItem\",\"position\":1,\"name\":\"Accueil\",\"item\":\"https:\/\/www.africa-press.net\/djibouti\/\"},{\"@type\":\"ListItem\",\"position\":2,\"name\":\"L\u2019Assembl\u00e9e nationale tient sa deuxi\u00e8me session ordinaire au titre de l&#8217;ann\u00e9e 2023\"}]},{\"@type\":\"WebSite\",\"@id\":\"https:\/\/www.africa-press.net\/djibouti\/#website\",\"url\":\"https:\/\/www.africa-press.net\/djibouti\/\",\"name\":\"Djibouti\",\"description\":\"Just another Africa News Agency Sites site\",\"potentialAction\":[{\"@type\":\"SearchAction\",\"target\":{\"@type\":\"EntryPoint\",\"urlTemplate\":\"https:\/\/www.africa-press.net\/djibouti\/?s={search_term_string}\"},\"query-input\":{\"@type\":\"PropertyValueSpecification\",\"valueRequired\":true,\"valueName\":\"search_term_string\"}}],\"inLanguage\":\"fr-FR\"},{\"@type\":\"Person\",\"@id\":\"https:\/\/www.africa-press.net\/djibouti\/#\/schema\/person\/2b1cf3cd81a31e3cd26889ca66d677f1\",\"name\":\"cfeditorfr\"}]}<\/script>\n<!-- \/ Yoast SEO Premium plugin. -->","yoast_head_json":{"title":"L\u2019Assembl\u00e9e nationale tient sa deuxi\u00e8me session ordinaire au titre de l'ann\u00e9e 2023 - Djibouti","description":"Dans une ambiance solennelle, le pre\u0301sident de l'Assemble\u0301e nationale, M. Dileita Mohamed Dileita, a proce\u0301de\u0301 ce dimanc ...","robots":{"index":"index","follow":"follow","max-snippet":"max-snippet:-1","max-image-preview":"max-image-preview:large","max-video-preview":"max-video-preview:-1"},"canonical":"https:\/\/www.africa-press.net\/djibouti\/politique\/lassemblee-nationale-tient-sa-deuxieme-session-ordinaire-au-titre-de-lannee-2023","og_locale":"fr_FR","og_type":"article","og_title":"L\u2019Assembl\u00e9e nationale tient sa deuxi\u00e8me session ordinaire au titre de l'ann\u00e9e 2023","og_description":"Dans une ambiance solennelle, le pre\u0301sident de l'Assemble\u0301e nationale, M. Dileita Mohamed Dileita, a proce\u0301de\u0301 ce dimanc ...","og_url":"https:\/\/www.africa-press.net\/djibouti\/politique\/lassemblee-nationale-tient-sa-deuxieme-session-ordinaire-au-titre-de-lannee-2023","og_site_name":"Djibouti","article_published_time":"2023-10-02T16:35:37+00:00","article_modified_time":"2023-10-02T17:21:09+00:00","og_image":[{"width":900,"height":600,"url":"https:\/\/static.africa-press.net\/djibouti\/sites\/52\/2023\/10\/sm_1696254563.164286.jpg","type":"image\/jpeg"}],"author":"cfeditorfr","twitter_card":"summary_large_image","twitter_misc":{"\u00c9crit par":"cfeditorfr","Dur\u00e9e de lecture estim\u00e9e":"5 minutes"},"schema":{"@context":"https:\/\/schema.org","@graph":[{"@type":"Article","@id":"https:\/\/www.africa-press.net\/djibouti\/politique\/lassemblee-nationale-tient-sa-deuxieme-session-ordinaire-au-titre-de-lannee-2023#article","isPartOf":{"@id":"https:\/\/www.africa-press.net\/djibouti\/politique\/lassemblee-nationale-tient-sa-deuxieme-session-ordinaire-au-titre-de-lannee-2023"},"author":{"name":"cfeditorfr","@id":"https:\/\/www.africa-press.net\/djibouti\/#\/schema\/person\/2b1cf3cd81a31e3cd26889ca66d677f1"},"headline":"L\u2019Assembl\u00e9e nationale tient sa deuxi\u00e8me session ordinaire au titre de l&rsquo;ann\u00e9e 2023","datePublished":"2023-10-02T16:35:37+00:00","dateModified":"2023-10-02T17:21:09+00:00","mainEntityOfPage":{"@id":"https:\/\/www.africa-press.net\/djibouti\/politique\/lassemblee-nationale-tient-sa-deuxieme-session-ordinaire-au-titre-de-lannee-2023"},"wordCount":993,"commentCount":0,"image":{"@id":"https:\/\/www.africa-press.net\/djibouti\/politique\/lassemblee-nationale-tient-sa-deuxieme-session-ordinaire-au-titre-de-lannee-2023#primaryimage"},"thumbnailUrl":"https:\/\/static.africa-press.net\/djibouti\/sites\/52\/2023\/10\/sm_1696254563.164286.jpg","keywords":["Africa Press","Africa Press-Djibouti","Djibouti"],"articleSection":["Politique","Top Nouvelles","Toutes les actualit\u00e9s"],"inLanguage":"fr-FR","potentialAction":[{"@type":"CommentAction","name":"Comment","target":["https:\/\/www.africa-press.net\/djibouti\/politique\/lassemblee-nationale-tient-sa-deuxieme-session-ordinaire-au-titre-de-lannee-2023#respond"]}]},{"@type":"WebPage","@id":"https:\/\/www.africa-press.net\/djibouti\/politique\/lassemblee-nationale-tient-sa-deuxieme-session-ordinaire-au-titre-de-lannee-2023","url":"https:\/\/www.africa-press.net\/djibouti\/politique\/lassemblee-nationale-tient-sa-deuxieme-session-ordinaire-au-titre-de-lannee-2023","name":"L\u2019Assembl\u00e9e nationale tient sa deuxi\u00e8me session ordinaire au titre de l'ann\u00e9e 2023 - Djibouti","isPartOf":{"@id":"https:\/\/www.africa-press.net\/djibouti\/#website"},"primaryImageOfPage":{"@id":"https:\/\/www.africa-press.net\/djibouti\/politique\/lassemblee-nationale-tient-sa-deuxieme-session-ordinaire-au-titre-de-lannee-2023#primaryimage"},"image":{"@id":"https:\/\/www.africa-press.net\/djibouti\/politique\/lassemblee-nationale-tient-sa-deuxieme-session-ordinaire-au-titre-de-lannee-2023#primaryimage"},"thumbnailUrl":"https:\/\/static.africa-press.net\/djibouti\/sites\/52\/2023\/10\/sm_1696254563.164286.jpg","datePublished":"2023-10-02T16:35:37+00:00","dateModified":"2023-10-02T17:21:09+00:00","author":{"@id":"https:\/\/www.africa-press.net\/djibouti\/#\/schema\/person\/2b1cf3cd81a31e3cd26889ca66d677f1"},"description":"Dans une ambiance solennelle, le pre\u0301sident de l'Assemble\u0301e nationale, M. Dileita Mohamed Dileita, a proce\u0301de\u0301 ce dimanc ...","breadcrumb":{"@id":"https:\/\/www.africa-press.net\/djibouti\/politique\/lassemblee-nationale-tient-sa-deuxieme-session-ordinaire-au-titre-de-lannee-2023#breadcrumb"},"inLanguage":"fr-FR","potentialAction":[{"@type":"ReadAction","target":["https:\/\/www.africa-press.net\/djibouti\/politique\/lassemblee-nationale-tient-sa-deuxieme-session-ordinaire-au-titre-de-lannee-2023"]}]},{"@type":"ImageObject","inLanguage":"fr-FR","@id":"https:\/\/www.africa-press.net\/djibouti\/politique\/lassemblee-nationale-tient-sa-deuxieme-session-ordinaire-au-titre-de-lannee-2023#primaryimage","url":"https:\/\/static.africa-press.net\/djibouti\/sites\/52\/2023\/10\/sm_1696254563.164286.jpg","contentUrl":"https:\/\/static.africa-press.net\/djibouti\/sites\/52\/2023\/10\/sm_1696254563.164286.jpg","width":900,"height":600,"caption":"L\u2019Assembl\u00e9e nationale tient sa deuxi\u00e8me session ordinaire au titre de l'ann\u00e9e 2023"},{"@type":"BreadcrumbList","@id":"https:\/\/www.africa-press.net\/djibouti\/politique\/lassemblee-nationale-tient-sa-deuxieme-session-ordinaire-au-titre-de-lannee-2023#breadcrumb","itemListElement":[{"@type":"ListItem","position":1,"name":"Accueil","item":"https:\/\/www.africa-press.net\/djibouti\/"},{"@type":"ListItem","position":2,"name":"L\u2019Assembl\u00e9e nationale tient sa deuxi\u00e8me session ordinaire au titre de l&#8217;ann\u00e9e 2023"}]},{"@type":"WebSite","@id":"https:\/\/www.africa-press.net\/djibouti\/#website","url":"https:\/\/www.africa-press.net\/djibouti\/","name":"Djibouti","description":"Just another Africa News Agency Sites site","potentialAction":[{"@type":"SearchAction","target":{"@type":"EntryPoint","urlTemplate":"https:\/\/www.africa-press.net\/djibouti\/?s={search_term_string}"},"query-input":{"@type":"PropertyValueSpecification","valueRequired":true,"valueName":"search_term_string"}}],"inLanguage":"fr-FR"},{"@type":"Person","@id":"https:\/\/www.africa-press.net\/djibouti\/#\/schema\/person\/2b1cf3cd81a31e3cd26889ca66d677f1","name":"cfeditorfr"}]}},"_links":{"self":[{"href":"https:\/\/www.africa-press.net\/djibouti\/wp-json\/wp\/v2\/posts\/18602","targetHints":{"allow":["GET"]}}],"collection":[{"href":"https:\/\/www.africa-press.net\/djibouti\/wp-json\/wp\/v2\/posts"}],"about":[{"href":"https:\/\/www.africa-press.net\/djibouti\/wp-json\/wp\/v2\/types\/post"}],"author":[{"embeddable":true,"href":"https:\/\/www.africa-press.net\/djibouti\/wp-json\/wp\/v2\/users\/82"}],"replies":[{"embeddable":true,"href":"https:\/\/www.africa-press.net\/djibouti\/wp-json\/wp\/v2\/comments?post=18602"}],"version-history":[{"count":0,"href":"https:\/\/www.africa-press.net\/djibouti\/wp-json\/wp\/v2\/posts\/18602\/revisions"}],"wp:featuredmedia":[{"embeddable":true,"href":"https:\/\/www.africa-press.net\/djibouti\/wp-json\/wp\/v2\/media\/18601"}],"wp:attachment":[{"href":"https:\/\/www.africa-press.net\/djibouti\/wp-json\/wp\/v2\/media?parent=18602"}],"wp:term":[{"taxonomy":"category","embeddable":true,"href":"https:\/\/www.africa-press.net\/djibouti\/wp-json\/wp\/v2\/categories?post=18602"},{"taxonomy":"post_tag","embeddable":true,"href":"https:\/\/www.africa-press.net\/djibouti\/wp-json\/wp\/v2\/tags?post=18602"}],"curies":[{"name":"wp","href":"https:\/\/api.w.org\/{rel}","templated":true}]}}