{"id":18604,"date":"2023-10-02T16:35:55","date_gmt":"2023-10-02T16:35:55","guid":{"rendered":"https:\/\/www.africa-press.net\/djibouti\/politique\/le-president-guelleh-senvole-pour-doha-ou-il-prendra-part-a-lexpo-2023"},"modified":"2023-10-02T17:21:29","modified_gmt":"2023-10-02T17:21:29","slug":"le-president-guelleh-senvole-pour-doha-ou-il-prendra-part-a-lexpo-2023","status":"publish","type":"post","link":"https:\/\/www.africa-press.net\/djibouti\/politique\/le-president-guelleh-senvole-pour-doha-ou-il-prendra-part-a-lexpo-2023","title":{"rendered":"Le Pr\u00e9sident Guelleh s&rsquo;envole pour Doha o\u00f9 il prendra part \u00e0 l\u2019Expo 2023"},"content":{"rendered":"<p><span style=\"color: #ff6600\"><strong>Africa-Press &#8211; Djibouti. <\/strong><\/span>Le Pre\u0301sident de la Re\u0301publique, M. Ismail Omar Guelleh, a quitte\u0301 ce lundi matin le pays, a\u0300 destination de l\u2019Etat du Qatar ou\u0300, il prendra part a\u0300 l\u2019Expo 2023 Doha qui ouvre ses portes aujourd\u2019hui me\u0302me.<\/p>\n<p>De\u0301volue a\u0300 l\u2019Horticulture et a\u0300 l\u2019Agriculture, l\u2019Expo 2023 Doha a valeur de rencontre internationale sur les techniques et les perspectives d\u2019accroissement de produits tire\u0301s des re\u0301coltes de la terre.<\/p>\n<p>Eve\u0300nement comptant pour le 1er du genre dans cette re\u0301gion, l\u2019Expo 2023 Doha est adjoint du the\u0300me \u00ab un de\u0301sert vert, un meilleur environnement \u00bb : ce qui alerte sur la propension de ses travaux a\u0300 de\u0301cliner des solutions viables de production et d\u2019exploitation agricole, y compris dans les re\u0301gions les plus arides du monde.<\/p>\n<p>Exposition au grand me\u0301rite, la Foire agricole 2023 Doha aborde sans nul doute aussi en filigrane des the\u0301matiques tre\u0300s en vue sur le plan international dont, la lutte contre la de\u0301sertification et la pre\u0301servation de l\u2019Environnement, a\u0300 l\u2019aune du phe\u0301nome\u0300ne de re\u0301chauffement climatique.<\/p>\n<p>Elle a valeur e\u0301galement de tribune de\u0301volue a\u0300 la re\u0301alisation d\u2019une plus grande sensibilisation et prise de conscience de la Communaute\u0301 internationale sur la ne\u0301cessite\u0301 lie\u0301e a\u0300 l\u2019amorce colle\u0301giale et de\u0301finitive d\u2019une transition e\u0301nerge\u0301tique.<\/p>\n<p>La Re\u0301publique de Djibouti est en phase avec l\u2019ensemble des the\u0301matiques porte\u0301es a\u0300 l\u2019ordre du jour de l\u2019Expo 2023 Doha.<\/p>\n<p>Sous l\u2019e\u0301gide de son 1er Magistrat, Son Excellence Ismail Omar Guelleh, notre pays a e\u0301rige\u0301 depuis longtemps en priorite\u0301 nationale la lutte contre le stress hydrique et l\u2019inse\u0301curite\u0301 alimentaire.<\/p>\n<p>A travers l\u2019inauguration re\u0301cente du Parc e\u0301olien du Ghoubet appele\u0301 entre autres a\u0300 alimenter une usine de dessalement d\u2019eau de mer et, les projets d\u2019exploitation de la ge\u0301othermie du Lac Assal et du solaire du Grand Bara, Djibouti donne tous les gages de sa vocation a\u0300 recourir, a\u0300 l\u2019horizon 2035, a\u0300 une e\u0301nergie exclusivement propre.<\/p>\n<p>Outre le Pre\u0301sident djiboutien, des dirigeants issus de pre\u0300s de 80 pays prendront part a\u0300 l\u2019Expo 2023 Doha.<\/p>\n<p>A noter e\u0301galement la participation a\u0300 cet e\u0301ve\u0300nement d\u2019e\u0301minents experts et de scientifiques ainsi que de collectifs de socie\u0301te\u0301s civiles et de milliers d\u2019exploitants ope\u0301rant dans le secteur de l\u2019Agriculture.<\/p>\n<p>Comme a\u0300 l\u2019accoutume\u0301e, le Pre\u0301sident de la Re\u0301publique, Son Excellence Ismail Omar Guelleh, mettra a\u0300 profit ce de\u0301placement pour s\u2019entretenir en marge avec les principaux responsables politiques du pays ho\u0302te dont, l\u2019Emir du Qatar, Cheikh Tamim Bin Hamad Al-Thani.<\/p>\n<p>Il s\u2019entretiendra e\u0301galement en marge avec plusieurs de ses homologues Chefs d\u2019Etat et Gouvernement participant a\u0300 l\u2019Expo 2023 Doha.<\/p>\n<p>Le Pre\u0301sident de la Re\u0301publique, M. Ismail Omar Guelleh, a quitte\u0301 ce lundi matin le pays, a\u0300 destination de l\u2019Etat du Qatar ou\u0300, il prendra part a\u0300 l\u2019Expo 2023 Doha qui ouvre ses portes aujourd\u2019hui me\u0302me.<\/p>\n<p>De\u0301volue a\u0300 l\u2019Horticulture et a\u0300 l\u2019Agriculture, l\u2019Expo 2023 Doha a valeur de rencontre internationale sur les techniques et les perspectives d\u2019accroissement de produits tire\u0301s des re\u0301coltes de la terre.<\/p>\n<p>Eve\u0300nement comptant pour le 1er du genre dans cette re\u0301gion, l\u2019Expo 2023 Doha est adjoint du the\u0300me \u00ab un de\u0301sert vert, un meilleur environnement \u00bb : ce qui alerte sur la propension de ses travaux a\u0300 de\u0301cliner des solutions viables de production et d\u2019exploitation agricole, y compris dans les re\u0301gions les plus arides du monde.<\/p>\n<p>Exposition au grand me\u0301rite, la Foire agricole 2023 Doha aborde sans nul doute aussi en filigrane des the\u0301matiques tre\u0300s en vue sur le plan international dont, la lutte contre la de\u0301sertification et la pre\u0301servation de l\u2019Environnement, a\u0300 l\u2019aune du phe\u0301nome\u0300ne de re\u0301chauffement climatique.<\/p>\n<p>Elle a valeur e\u0301galement de tribune de\u0301volue a\u0300 la re\u0301alisation d\u2019une plus grande sensibilisation et prise de conscience de la Communaute\u0301 internationale sur la ne\u0301cessite\u0301 lie\u0301e a\u0300 l\u2019amorce colle\u0301giale et de\u0301finitive d\u2019une transition e\u0301nerge\u0301tique.<\/p>\n<p>La Re\u0301publique de Djibouti est en phase avec l\u2019ensemble des the\u0301matiques porte\u0301es a\u0300 l\u2019ordre du jour de l\u2019Expo 2023 Doha.<\/p>\n<p>Sous l\u2019e\u0301gide de son 1er Magistrat, Son Excellence Ismail Omar Guelleh, notre pays a e\u0301rige\u0301 depuis longtemps en priorite\u0301 nationale la lutte contre le stress hydrique et l\u2019inse\u0301curite\u0301 alimentaire.<\/p>\n<p>A travers l\u2019inauguration re\u0301cente du Parc e\u0301olien du Ghoubet appele\u0301 entre autres a\u0300 alimenter une usine de dessalement d\u2019eau de mer et, les projets d\u2019exploitation de la ge\u0301othermie du Lac Assal et du solaire du Grand Bara, Djibouti donne tous les gages de sa vocation a\u0300 recourir, a\u0300 l\u2019horizon 2035, a\u0300 une e\u0301nergie exclusivement propre.<\/p>\n<p>Outre le Pre\u0301sident djiboutien, des dirigeants issus de pre\u0300s de 80 pays prendront part a\u0300 l\u2019Expo 2023 Doha.<\/p>\n<p>A noter e\u0301galement la participation a\u0300 cet e\u0301ve\u0300nement d\u2019e\u0301minents experts et de scientifiques ainsi que de collectifs de socie\u0301te\u0301s civiles et de milliers d\u2019exploitants ope\u0301rant dans le secteur de l\u2019Agriculture.<\/p>\n<p>Comme a\u0300 l\u2019accoutume\u0301e, le Pre\u0301sident de la Re\u0301publique, Son Excellence Ismail Omar Guelleh, mettra a\u0300 profit ce de\u0301placement pour s\u2019entretenir en marge avec les principaux responsables politiques du pays ho\u0302te dont, l\u2019Emir du Qatar, Cheikh Tamim Bin Hamad Al-Thani.<\/p>\n<p>Il s\u2019entretiendra e\u0301galement en marge avec plusieurs de ses homologues Chefs d\u2019Etat et Gouvernement participant a\u0300 l\u2019Expo 2023 Doha.<\/p>\n<p><strong>Pour plus d&rsquo;informations et d&rsquo;analyses sur la <a href=\"https:\/\/www.africa-press.net\/djibouti\">Djibouti<\/a>, suivez <a href=\"https:\/\/www.africa-press.net\/\">Africa-Press<\/a><\/strong><\/p>\n","protected":false},"excerpt":{"rendered":"<p>Africa-Press &#8211; Djibouti. Le Pre\u0301sident de la Re\u0301publique, M. Ismail Omar Guelleh, a quitte\u0301 ce lundi matin le pays, a\u0300 destination de l\u2019Etat du Qatar ou\u0300, il prendra part a\u0300 l\u2019Expo 2023 Doha qui ouvre ses portes aujourd\u2019hui me\u0302me. De\u0301volue a\u0300 l\u2019Horticulture et a\u0300 l\u2019Agriculture, l\u2019Expo 2023 Doha a valeur de rencontre internationale sur les [&hellip;]<\/p>\n","protected":false},"author":82,"featured_media":18603,"comment_status":"open","ping_status":"closed","sticky":false,"template":"","format":"standard","meta":{"footnotes":""},"categories":[2,10],"tags":[36,49,50],"class_list":["post-18604","post","type-post","status-publish","format-standard","has-post-thumbnail","hentry","category-politique","category-toutes-les-actualites","tag-africa-press","tag-africa-press-djibouti","tag-djibouti"],"yoast_head":"<!-- This site is optimized with the Yoast SEO Premium plugin v26.1 (Yoast SEO v27.0) - https:\/\/yoast.com\/product\/yoast-seo-premium-wordpress\/ -->\n<title>Le Pr\u00e9sident Guelleh s&#039;envole pour Doha o\u00f9 il prendra part \u00e0 l\u2019Expo 2023 - Djibouti<\/title>\n<meta name=\"description\" content=\"Le Pre\u0301sident de la Re\u0301publique, M. Ismail Omar Guelleh, a quitte\u0301 ce lundi matin le pays, a\u0300 destination de l\u2019Etat du Q ...\" \/>\n<meta name=\"robots\" content=\"index, follow, max-snippet:-1, max-image-preview:large, max-video-preview:-1\" \/>\n<link rel=\"canonical\" href=\"https:\/\/www.africa-press.net\/djibouti\/politique\/le-president-guelleh-senvole-pour-doha-ou-il-prendra-part-a-lexpo-2023\" \/>\n<meta property=\"og:locale\" content=\"fr_FR\" \/>\n<meta property=\"og:type\" content=\"article\" \/>\n<meta property=\"og:title\" content=\"Le Pr\u00e9sident Guelleh s&#039;envole pour Doha o\u00f9 il prendra part \u00e0 l\u2019Expo 2023\" \/>\n<meta property=\"og:description\" content=\"Le Pre\u0301sident de la Re\u0301publique, M. Ismail Omar Guelleh, a quitte\u0301 ce lundi matin le pays, a\u0300 destination de l\u2019Etat du Q ...\" \/>\n<meta property=\"og:url\" content=\"https:\/\/www.africa-press.net\/djibouti\/politique\/le-president-guelleh-senvole-pour-doha-ou-il-prendra-part-a-lexpo-2023\" \/>\n<meta property=\"og:site_name\" content=\"Djibouti\" \/>\n<meta property=\"article:published_time\" content=\"2023-10-02T16:35:55+00:00\" \/>\n<meta property=\"article:modified_time\" content=\"2023-10-02T17:21:29+00:00\" \/>\n<meta property=\"og:image\" content=\"https:\/\/static.africa-press.net\/djibouti\/sites\/52\/2023\/10\/sm_1696254596.064059.jpg\" \/>\n\t<meta property=\"og:image:width\" content=\"720\" \/>\n\t<meta property=\"og:image:height\" content=\"480\" \/>\n\t<meta property=\"og:image:type\" content=\"image\/jpeg\" \/>\n<meta name=\"author\" content=\"cfeditorfr\" \/>\n<meta name=\"twitter:card\" content=\"summary_large_image\" \/>\n<meta name=\"twitter:label1\" content=\"\u00c9crit par\" \/>\n\t<meta name=\"twitter:data1\" content=\"cfeditorfr\" \/>\n\t<meta name=\"twitter:label2\" content=\"Dur\u00e9e de lecture estim\u00e9e\" \/>\n\t<meta name=\"twitter:data2\" content=\"5 minutes\" \/>\n<script type=\"application\/ld+json\" class=\"yoast-schema-graph\">{\"@context\":\"https:\/\/schema.org\",\"@graph\":[{\"@type\":\"Article\",\"@id\":\"https:\/\/www.africa-press.net\/djibouti\/politique\/le-president-guelleh-senvole-pour-doha-ou-il-prendra-part-a-lexpo-2023#article\",\"isPartOf\":{\"@id\":\"https:\/\/www.africa-press.net\/djibouti\/politique\/le-president-guelleh-senvole-pour-doha-ou-il-prendra-part-a-lexpo-2023\"},\"author\":{\"name\":\"cfeditorfr\",\"@id\":\"https:\/\/www.africa-press.net\/djibouti\/#\/schema\/person\/2b1cf3cd81a31e3cd26889ca66d677f1\"},\"headline\":\"Le Pr\u00e9sident Guelleh s&rsquo;envole pour Doha o\u00f9 il prendra part \u00e0 l\u2019Expo 2023\",\"datePublished\":\"2023-10-02T16:35:55+00:00\",\"dateModified\":\"2023-10-02T17:21:29+00:00\",\"mainEntityOfPage\":{\"@id\":\"https:\/\/www.africa-press.net\/djibouti\/politique\/le-president-guelleh-senvole-pour-doha-ou-il-prendra-part-a-lexpo-2023\"},\"wordCount\":993,\"commentCount\":0,\"image\":{\"@id\":\"https:\/\/www.africa-press.net\/djibouti\/politique\/le-president-guelleh-senvole-pour-doha-ou-il-prendra-part-a-lexpo-2023#primaryimage\"},\"thumbnailUrl\":\"https:\/\/static.africa-press.net\/djibouti\/sites\/52\/2023\/10\/sm_1696254596.064059.jpg\",\"keywords\":[\"Africa Press\",\"Africa Press-Djibouti\",\"Djibouti\"],\"articleSection\":[\"Politique\",\"Toutes les actualit\u00e9s\"],\"inLanguage\":\"fr-FR\",\"potentialAction\":[{\"@type\":\"CommentAction\",\"name\":\"Comment\",\"target\":[\"https:\/\/www.africa-press.net\/djibouti\/politique\/le-president-guelleh-senvole-pour-doha-ou-il-prendra-part-a-lexpo-2023#respond\"]}]},{\"@type\":\"WebPage\",\"@id\":\"https:\/\/www.africa-press.net\/djibouti\/politique\/le-president-guelleh-senvole-pour-doha-ou-il-prendra-part-a-lexpo-2023\",\"url\":\"https:\/\/www.africa-press.net\/djibouti\/politique\/le-president-guelleh-senvole-pour-doha-ou-il-prendra-part-a-lexpo-2023\",\"name\":\"Le Pr\u00e9sident Guelleh s'envole pour Doha o\u00f9 il prendra part \u00e0 l\u2019Expo 2023 - Djibouti\",\"isPartOf\":{\"@id\":\"https:\/\/www.africa-press.net\/djibouti\/#website\"},\"primaryImageOfPage\":{\"@id\":\"https:\/\/www.africa-press.net\/djibouti\/politique\/le-president-guelleh-senvole-pour-doha-ou-il-prendra-part-a-lexpo-2023#primaryimage\"},\"image\":{\"@id\":\"https:\/\/www.africa-press.net\/djibouti\/politique\/le-president-guelleh-senvole-pour-doha-ou-il-prendra-part-a-lexpo-2023#primaryimage\"},\"thumbnailUrl\":\"https:\/\/static.africa-press.net\/djibouti\/sites\/52\/2023\/10\/sm_1696254596.064059.jpg\",\"datePublished\":\"2023-10-02T16:35:55+00:00\",\"dateModified\":\"2023-10-02T17:21:29+00:00\",\"author\":{\"@id\":\"https:\/\/www.africa-press.net\/djibouti\/#\/schema\/person\/2b1cf3cd81a31e3cd26889ca66d677f1\"},\"description\":\"Le Pre\u0301sident de la Re\u0301publique, M. Ismail Omar Guelleh, a quitte\u0301 ce lundi matin le pays, a\u0300 destination de l\u2019Etat du Q ...\",\"breadcrumb\":{\"@id\":\"https:\/\/www.africa-press.net\/djibouti\/politique\/le-president-guelleh-senvole-pour-doha-ou-il-prendra-part-a-lexpo-2023#breadcrumb\"},\"inLanguage\":\"fr-FR\",\"potentialAction\":[{\"@type\":\"ReadAction\",\"target\":[\"https:\/\/www.africa-press.net\/djibouti\/politique\/le-president-guelleh-senvole-pour-doha-ou-il-prendra-part-a-lexpo-2023\"]}]},{\"@type\":\"ImageObject\",\"inLanguage\":\"fr-FR\",\"@id\":\"https:\/\/www.africa-press.net\/djibouti\/politique\/le-president-guelleh-senvole-pour-doha-ou-il-prendra-part-a-lexpo-2023#primaryimage\",\"url\":\"https:\/\/static.africa-press.net\/djibouti\/sites\/52\/2023\/10\/sm_1696254596.064059.jpg\",\"contentUrl\":\"https:\/\/static.africa-press.net\/djibouti\/sites\/52\/2023\/10\/sm_1696254596.064059.jpg\",\"width\":720,\"height\":480,\"caption\":\"Le Pr\u00e9sident Guelleh s'envole pour Doha o\u00f9 il prendra part \u00e0 l\u2019Expo 2023\"},{\"@type\":\"BreadcrumbList\",\"@id\":\"https:\/\/www.africa-press.net\/djibouti\/politique\/le-president-guelleh-senvole-pour-doha-ou-il-prendra-part-a-lexpo-2023#breadcrumb\",\"itemListElement\":[{\"@type\":\"ListItem\",\"position\":1,\"name\":\"Accueil\",\"item\":\"https:\/\/www.africa-press.net\/djibouti\/\"},{\"@type\":\"ListItem\",\"position\":2,\"name\":\"Le Pr\u00e9sident Guelleh s&#8217;envole pour Doha o\u00f9 il prendra part \u00e0 l\u2019Expo 2023\"}]},{\"@type\":\"WebSite\",\"@id\":\"https:\/\/www.africa-press.net\/djibouti\/#website\",\"url\":\"https:\/\/www.africa-press.net\/djibouti\/\",\"name\":\"Djibouti\",\"description\":\"Just another Africa News Agency Sites site\",\"potentialAction\":[{\"@type\":\"SearchAction\",\"target\":{\"@type\":\"EntryPoint\",\"urlTemplate\":\"https:\/\/www.africa-press.net\/djibouti\/?s={search_term_string}\"},\"query-input\":{\"@type\":\"PropertyValueSpecification\",\"valueRequired\":true,\"valueName\":\"search_term_string\"}}],\"inLanguage\":\"fr-FR\"},{\"@type\":\"Person\",\"@id\":\"https:\/\/www.africa-press.net\/djibouti\/#\/schema\/person\/2b1cf3cd81a31e3cd26889ca66d677f1\",\"name\":\"cfeditorfr\"}]}<\/script>\n<!-- \/ Yoast SEO Premium plugin. -->","yoast_head_json":{"title":"Le Pr\u00e9sident Guelleh s'envole pour Doha o\u00f9 il prendra part \u00e0 l\u2019Expo 2023 - Djibouti","description":"Le Pre\u0301sident de la Re\u0301publique, M. Ismail Omar Guelleh, a quitte\u0301 ce lundi matin le pays, a\u0300 destination de l\u2019Etat du Q ...","robots":{"index":"index","follow":"follow","max-snippet":"max-snippet:-1","max-image-preview":"max-image-preview:large","max-video-preview":"max-video-preview:-1"},"canonical":"https:\/\/www.africa-press.net\/djibouti\/politique\/le-president-guelleh-senvole-pour-doha-ou-il-prendra-part-a-lexpo-2023","og_locale":"fr_FR","og_type":"article","og_title":"Le Pr\u00e9sident Guelleh s'envole pour Doha o\u00f9 il prendra part \u00e0 l\u2019Expo 2023","og_description":"Le Pre\u0301sident de la Re\u0301publique, M. Ismail Omar Guelleh, a quitte\u0301 ce lundi matin le pays, a\u0300 destination de l\u2019Etat du Q ...","og_url":"https:\/\/www.africa-press.net\/djibouti\/politique\/le-president-guelleh-senvole-pour-doha-ou-il-prendra-part-a-lexpo-2023","og_site_name":"Djibouti","article_published_time":"2023-10-02T16:35:55+00:00","article_modified_time":"2023-10-02T17:21:29+00:00","og_image":[{"width":720,"height":480,"url":"https:\/\/static.africa-press.net\/djibouti\/sites\/52\/2023\/10\/sm_1696254596.064059.jpg","type":"image\/jpeg"}],"author":"cfeditorfr","twitter_card":"summary_large_image","twitter_misc":{"\u00c9crit par":"cfeditorfr","Dur\u00e9e de lecture estim\u00e9e":"5 minutes"},"schema":{"@context":"https:\/\/schema.org","@graph":[{"@type":"Article","@id":"https:\/\/www.africa-press.net\/djibouti\/politique\/le-president-guelleh-senvole-pour-doha-ou-il-prendra-part-a-lexpo-2023#article","isPartOf":{"@id":"https:\/\/www.africa-press.net\/djibouti\/politique\/le-president-guelleh-senvole-pour-doha-ou-il-prendra-part-a-lexpo-2023"},"author":{"name":"cfeditorfr","@id":"https:\/\/www.africa-press.net\/djibouti\/#\/schema\/person\/2b1cf3cd81a31e3cd26889ca66d677f1"},"headline":"Le Pr\u00e9sident Guelleh s&rsquo;envole pour Doha o\u00f9 il prendra part \u00e0 l\u2019Expo 2023","datePublished":"2023-10-02T16:35:55+00:00","dateModified":"2023-10-02T17:21:29+00:00","mainEntityOfPage":{"@id":"https:\/\/www.africa-press.net\/djibouti\/politique\/le-president-guelleh-senvole-pour-doha-ou-il-prendra-part-a-lexpo-2023"},"wordCount":993,"commentCount":0,"image":{"@id":"https:\/\/www.africa-press.net\/djibouti\/politique\/le-president-guelleh-senvole-pour-doha-ou-il-prendra-part-a-lexpo-2023#primaryimage"},"thumbnailUrl":"https:\/\/static.africa-press.net\/djibouti\/sites\/52\/2023\/10\/sm_1696254596.064059.jpg","keywords":["Africa Press","Africa Press-Djibouti","Djibouti"],"articleSection":["Politique","Toutes les actualit\u00e9s"],"inLanguage":"fr-FR","potentialAction":[{"@type":"CommentAction","name":"Comment","target":["https:\/\/www.africa-press.net\/djibouti\/politique\/le-president-guelleh-senvole-pour-doha-ou-il-prendra-part-a-lexpo-2023#respond"]}]},{"@type":"WebPage","@id":"https:\/\/www.africa-press.net\/djibouti\/politique\/le-president-guelleh-senvole-pour-doha-ou-il-prendra-part-a-lexpo-2023","url":"https:\/\/www.africa-press.net\/djibouti\/politique\/le-president-guelleh-senvole-pour-doha-ou-il-prendra-part-a-lexpo-2023","name":"Le Pr\u00e9sident Guelleh s'envole pour Doha o\u00f9 il prendra part \u00e0 l\u2019Expo 2023 - Djibouti","isPartOf":{"@id":"https:\/\/www.africa-press.net\/djibouti\/#website"},"primaryImageOfPage":{"@id":"https:\/\/www.africa-press.net\/djibouti\/politique\/le-president-guelleh-senvole-pour-doha-ou-il-prendra-part-a-lexpo-2023#primaryimage"},"image":{"@id":"https:\/\/www.africa-press.net\/djibouti\/politique\/le-president-guelleh-senvole-pour-doha-ou-il-prendra-part-a-lexpo-2023#primaryimage"},"thumbnailUrl":"https:\/\/static.africa-press.net\/djibouti\/sites\/52\/2023\/10\/sm_1696254596.064059.jpg","datePublished":"2023-10-02T16:35:55+00:00","dateModified":"2023-10-02T17:21:29+00:00","author":{"@id":"https:\/\/www.africa-press.net\/djibouti\/#\/schema\/person\/2b1cf3cd81a31e3cd26889ca66d677f1"},"description":"Le Pre\u0301sident de la Re\u0301publique, M. Ismail Omar Guelleh, a quitte\u0301 ce lundi matin le pays, a\u0300 destination de l\u2019Etat du Q ...","breadcrumb":{"@id":"https:\/\/www.africa-press.net\/djibouti\/politique\/le-president-guelleh-senvole-pour-doha-ou-il-prendra-part-a-lexpo-2023#breadcrumb"},"inLanguage":"fr-FR","potentialAction":[{"@type":"ReadAction","target":["https:\/\/www.africa-press.net\/djibouti\/politique\/le-president-guelleh-senvole-pour-doha-ou-il-prendra-part-a-lexpo-2023"]}]},{"@type":"ImageObject","inLanguage":"fr-FR","@id":"https:\/\/www.africa-press.net\/djibouti\/politique\/le-president-guelleh-senvole-pour-doha-ou-il-prendra-part-a-lexpo-2023#primaryimage","url":"https:\/\/static.africa-press.net\/djibouti\/sites\/52\/2023\/10\/sm_1696254596.064059.jpg","contentUrl":"https:\/\/static.africa-press.net\/djibouti\/sites\/52\/2023\/10\/sm_1696254596.064059.jpg","width":720,"height":480,"caption":"Le Pr\u00e9sident Guelleh s'envole pour Doha o\u00f9 il prendra part \u00e0 l\u2019Expo 2023"},{"@type":"BreadcrumbList","@id":"https:\/\/www.africa-press.net\/djibouti\/politique\/le-president-guelleh-senvole-pour-doha-ou-il-prendra-part-a-lexpo-2023#breadcrumb","itemListElement":[{"@type":"ListItem","position":1,"name":"Accueil","item":"https:\/\/www.africa-press.net\/djibouti\/"},{"@type":"ListItem","position":2,"name":"Le Pr\u00e9sident Guelleh s&#8217;envole pour Doha o\u00f9 il prendra part \u00e0 l\u2019Expo 2023"}]},{"@type":"WebSite","@id":"https:\/\/www.africa-press.net\/djibouti\/#website","url":"https:\/\/www.africa-press.net\/djibouti\/","name":"Djibouti","description":"Just another Africa News Agency Sites site","potentialAction":[{"@type":"SearchAction","target":{"@type":"EntryPoint","urlTemplate":"https:\/\/www.africa-press.net\/djibouti\/?s={search_term_string}"},"query-input":{"@type":"PropertyValueSpecification","valueRequired":true,"valueName":"search_term_string"}}],"inLanguage":"fr-FR"},{"@type":"Person","@id":"https:\/\/www.africa-press.net\/djibouti\/#\/schema\/person\/2b1cf3cd81a31e3cd26889ca66d677f1","name":"cfeditorfr"}]}},"_links":{"self":[{"href":"https:\/\/www.africa-press.net\/djibouti\/wp-json\/wp\/v2\/posts\/18604","targetHints":{"allow":["GET"]}}],"collection":[{"href":"https:\/\/www.africa-press.net\/djibouti\/wp-json\/wp\/v2\/posts"}],"about":[{"href":"https:\/\/www.africa-press.net\/djibouti\/wp-json\/wp\/v2\/types\/post"}],"author":[{"embeddable":true,"href":"https:\/\/www.africa-press.net\/djibouti\/wp-json\/wp\/v2\/users\/82"}],"replies":[{"embeddable":true,"href":"https:\/\/www.africa-press.net\/djibouti\/wp-json\/wp\/v2\/comments?post=18604"}],"version-history":[{"count":0,"href":"https:\/\/www.africa-press.net\/djibouti\/wp-json\/wp\/v2\/posts\/18604\/revisions"}],"wp:featuredmedia":[{"embeddable":true,"href":"https:\/\/www.africa-press.net\/djibouti\/wp-json\/wp\/v2\/media\/18603"}],"wp:attachment":[{"href":"https:\/\/www.africa-press.net\/djibouti\/wp-json\/wp\/v2\/media?parent=18604"}],"wp:term":[{"taxonomy":"category","embeddable":true,"href":"https:\/\/www.africa-press.net\/djibouti\/wp-json\/wp\/v2\/categories?post=18604"},{"taxonomy":"post_tag","embeddable":true,"href":"https:\/\/www.africa-press.net\/djibouti\/wp-json\/wp\/v2\/tags?post=18604"}],"curies":[{"name":"wp","href":"https:\/\/api.w.org\/{rel}","templated":true}]}}