{"id":18606,"date":"2023-10-02T16:36:09","date_gmt":"2023-10-02T16:36:09","guid":{"rendered":"https:\/\/www.africa-press.net\/djibouti\/politique\/le-president-guelleh-prend-part-au-lancement-de-lexpo-2023-doha"},"modified":"2023-10-02T17:21:48","modified_gmt":"2023-10-02T17:21:48","slug":"le-president-guelleh-prend-part-au-lancement-de-lexpo-2023-doha","status":"publish","type":"post","link":"https:\/\/www.africa-press.net\/djibouti\/politique\/le-president-guelleh-prend-part-au-lancement-de-lexpo-2023-doha","title":{"rendered":"Le Pr\u00e9sident Guelleh prend part au lancement de l\u2019Expo 2023 Doha"},"content":{"rendered":"<p><span style=\"color: #ff6600\"><strong>Africa-Press &#8211; Djibouti. <\/strong><\/span>Le Pre\u0301sident de la Re\u0301publique, M. Ismail Omar Guelleh, est arrive\u0301 ce lundi, en fin de matine\u0301e, au Qatar ou\u0300, aux co\u0302te\u0301s d\u2019une dizaine d\u2019autres Chefs d\u2019Etat et de Gouvernement dont, le dirigeant du Pays ho\u0302te, l\u2019Emir Cheikh Tamim Bin Hamad Al-Thani, il a pris part, cet apre\u0300s-midi, au lancement de la Foire internationale Doha 2023, sur l\u2019Horticulture et l\u2019Agriculture.<\/p>\n<p>Initiative aux vise\u0301es multiples dont la tenue d\u2019une plateforme d\u2019e\u0301changes sur les voies et moyens visant a\u0300 assurer un triomphe irre\u0301versible dans toute l\u2019e\u0301tendue du monde, y compris dans les re\u0301gions les plus arides, sur les sce\u0300nes de de\u0301ficience agricole, la ce\u0301re\u0301monie d\u2019ouverture de l\u2019Expo 2023 Doha a pris de\u0301part avec une photo de famille des leaders politiques participant a\u0300 son lancement.<\/p>\n<p>Eve\u0300nement riche en symboliques, elle a inte\u0301gre\u0301 e\u0301galement un processus de plantation assignant chacun des leaders politiques, participant a\u0300 la Foire 2023 Doha, a\u0300 proce\u0301der a\u0300 l\u2019arrosage d\u2019un arbuste avant de visiter, a\u0300 bord de voitures e\u0301lectriques, le gigantesque parc d\u2019exposition, e\u0301rige\u0301 a\u0300 Al Bidda, ce\u0301le\u0300bre site surplombant le Golfe arabo-persique.<\/p>\n<p>Mais c\u2019est sans doute, la projection, a\u0300 l\u2019attention des Chefs d\u2019Etat et de Gouvernement re\u0301unis a\u0300 Doha, de focus instructifs sur la notion de de\u0301sertification et ses corollaires les plus insoutenables dont, les pe\u0301nuries d\u2019eau et la re\u0301ductionde surfaces cultivables qui, a constitue\u0301 la principale e\u0301tape de ce 1er jour sur 180, jusqu\u2019au 28 Mars prochain, qu\u2019est cense\u0301e durer l\u2019Expo 2023 Doha.<\/p>\n<p>Haut lieu d\u2019interaction a\u0300 pre\u0300s d\u2019une centaine de de\u0301le\u0301gations venues du monde entier ainsi que de milliers d\u2019autres participants compose\u0301s de techniciens, scientifiques, professionnels et ope\u0301rateurs prive\u0301s e\u0301conomiques travaillant tous dans le sillage du secteur agricole, la Foire agricole 2023 Doha tire son originalite\u0301 a\u0300 travers son refus de cantonner l\u2019\u0153uvre de ses travaux a\u0300 la re\u0301alisation de nouveaux diagnostics sur les risques lie\u0301s a\u0300 la de\u0301gradation de l\u2019Environnement.<\/p>\n<p>Son me\u0301rite le plus symptomatique re\u0301side sans nul doute dans sa propension a\u0300 interroger en profondeur les re\u0301flexes et raisons qui indisposent la Communaute\u0301 internationale a\u0300 souscrire a\u0300 une mobilisation optimale et ge\u0301ne\u0301rale dans la lutte salutaire pour la durabilite\u0301 et contre les conse\u0301quences ne\u0301fastes pose\u0301es par le phe\u0301nome\u0300ne de re\u0301chauffement climatique.<\/p>\n<p>C\u2019est pourquoi elle prend la figure d\u2019une nouvelle tribune de plaidoirie au service de la mise sur pied de processus contraignant qui, engage l\u2019ensemble des socie\u0301te\u0301s du monde en matie\u0300re de pre\u0301servation de l\u2019Environnement et de re\u0301duction de gaz a\u0300 effet de serre.<\/p>\n<p>Dans le cadre de ce de\u0301placement a\u0300 Doha, le Pre\u0301sident de la Re\u0301publique, M. Ismail Omar Guelleh, est accompagne\u0301 d\u2019une importante de\u0301le\u0301gation<\/p>\n<p>comprenant notamment, le Ministre de l\u2019Agriculture, de l\u2019Eau, de la Pe\u0302che, de l\u2019Elevage et des Ressources halieutiques, M Mohamed Ahmed Awaleh et du Ministre des Affaires e\u0301trange\u0300res et de la Coope\u0301ration internationale, M Mahamoud Ali Youssouf.<\/p>\n<p>A noter e\u0301galement la pre\u0301sence, au sein de la de\u0301le\u0301gation conduite par le Chef de l\u2019Etat, a\u0300 Doha, de l\u2019Ambassadeur de la Re\u0301publique de Djibouti aupre\u0300s de l\u2019Etat du Qatar, Son Excellence, Dayyib Doubab Robleh.<\/p>\n<p>Le Pre\u0301sident de la Re\u0301publique, M. Ismail Omar Guelleh, est arrive\u0301 ce lundi, en fin de matine\u0301e, au Qatar ou\u0300, aux co\u0302te\u0301s d\u2019une dizaine d\u2019autres Chefs d\u2019Etat et de Gouvernement dont, le dirigeant du Pays ho\u0302te, l\u2019Emir Cheikh Tamim Bin Hamad Al-Thani, il a pris part, cet apre\u0300s-midi, au lancement de la Foire internationale Doha 2023, sur l\u2019Horticulture et l\u2019Agriculture.<\/p>\n<p>Initiative aux vise\u0301es multiples dont la tenue d\u2019une plateforme d\u2019e\u0301changes sur les voies et moyens visant a\u0300 assurer un triomphe irre\u0301versible dans toute l\u2019e\u0301tendue du monde, y compris dans les re\u0301gions les plus arides, sur les sce\u0300nes de de\u0301ficience agricole, la ce\u0301re\u0301monie d\u2019ouverture de l\u2019Expo 2023 Doha a pris de\u0301part avec une photo de famille des leaders politiques participant a\u0300 son lancement.<\/p>\n<p>Eve\u0300nement riche en symboliques, elle a inte\u0301gre\u0301 e\u0301galement un processus de plantation assignant chacun des leaders politiques, participant a\u0300 la Foire 2023 Doha, a\u0300 proce\u0301der a\u0300 l\u2019arrosage d\u2019un arbuste avant de visiter, a\u0300 bord de voitures e\u0301lectriques, le gigantesque parc d\u2019exposition, e\u0301rige\u0301 a\u0300 Al Bidda, ce\u0301le\u0300bre site surplombant le Golfe arabo-persique.<\/p>\n<p>Mais c\u2019est sans doute, la projection, a\u0300 l\u2019attention des Chefs d\u2019Etat et de Gouvernement re\u0301unis a\u0300 Doha, de focus instructifs sur la notion de de\u0301sertification et ses corollaires les plus insoutenables dont, les pe\u0301nuries d\u2019eau et la re\u0301ductionde surfaces cultivables qui, a constitue\u0301 la principale e\u0301tape de ce 1er jour sur 180, jusqu\u2019au 28 Mars prochain, qu\u2019est cense\u0301e durer l\u2019Expo 2023 Doha.<\/p>\n<p>Haut lieu d\u2019interaction a\u0300 pre\u0300s d\u2019une centaine de de\u0301le\u0301gations venues du monde entier ainsi que de milliers d\u2019autres participants compose\u0301s de techniciens, scientifiques, professionnels et ope\u0301rateurs prive\u0301s e\u0301conomiques travaillant tous dans le sillage du secteur agricole, la Foire agricole 2023 Doha tire son originalite\u0301 a\u0300 travers son refus de cantonner l\u2019\u0153uvre de ses travaux a\u0300 la re\u0301alisation de nouveaux diagnostics sur les risques lie\u0301s a\u0300 la de\u0301gradation de l\u2019Environnement.<\/p>\n<p>Son me\u0301rite le plus symptomatique re\u0301side sans nul doute dans sa propension a\u0300 interroger en profondeur les re\u0301flexes et raisons qui indisposent la Communaute\u0301 internationale a\u0300 souscrire a\u0300 une mobilisation optimale et ge\u0301ne\u0301rale dans la lutte salutaire pour la durabilite\u0301 et contre les conse\u0301quences ne\u0301fastes pose\u0301es par le phe\u0301nome\u0300ne de re\u0301chauffement climatique.<\/p>\n<p>C\u2019est pourquoi elle prend la figure d\u2019une nouvelle tribune de plaidoirie au service de la mise sur pied de processus contraignant qui, engage l\u2019ensemble des socie\u0301te\u0301s du monde en matie\u0300re de pre\u0301servation de l\u2019Environnement et de re\u0301duction de gaz a\u0300 effet de serre.<\/p>\n<p>Dans le cadre de ce de\u0301placement a\u0300 Doha, le Pre\u0301sident de la Re\u0301publique, M. Ismail Omar Guelleh, est accompagne\u0301 d\u2019une importante de\u0301le\u0301gation<\/p>\n<p>comprenant notamment, le Ministre de l\u2019Agriculture, de l\u2019Eau, de la Pe\u0302che, de l\u2019Elevage et des Ressources halieutiques, M Mohamed Ahmed Awaleh et du Ministre des Affaires e\u0301trange\u0300res et de la Coope\u0301ration internationale, M Mahamoud Ali Youssouf.<\/p>\n<p>A noter e\u0301galement la pre\u0301sence, au sein de la de\u0301le\u0301gation conduite par le Chef de l\u2019Etat, a\u0300 Doha, de l\u2019Ambassadeur de la Re\u0301publique de Djibouti aupre\u0300s de l\u2019Etat du Qatar, Son Excellence, Dayyib Doubab Robleh.<\/p>\n<p><strong>Pour plus d&rsquo;informations et d&rsquo;analyses sur la <a href=\"https:\/\/www.africa-press.net\/djibouti\">Djibouti<\/a>, suivez <a href=\"https:\/\/www.africa-press.net\/\">Africa-Press<\/a><\/strong><\/p>\n","protected":false},"excerpt":{"rendered":"<p>Africa-Press &#8211; Djibouti. Le Pre\u0301sident de la Re\u0301publique, M. Ismail Omar Guelleh, est arrive\u0301 ce lundi, en fin de matine\u0301e, au Qatar ou\u0300, aux co\u0302te\u0301s d\u2019une dizaine d\u2019autres Chefs d\u2019Etat et de Gouvernement dont, le dirigeant du Pays ho\u0302te, l\u2019Emir Cheikh Tamim Bin Hamad Al-Thani, il a pris part, cet apre\u0300s-midi, au lancement de la [&hellip;]<\/p>\n","protected":false},"author":82,"featured_media":18605,"comment_status":"open","ping_status":"closed","sticky":false,"template":"","format":"standard","meta":{"footnotes":""},"categories":[2,20,10],"tags":[36,49,50],"class_list":["post-18606","post","type-post","status-publish","format-standard","has-post-thumbnail","hentry","category-politique","category-top-nouvelles","category-toutes-les-actualites","tag-africa-press","tag-africa-press-djibouti","tag-djibouti"],"yoast_head":"<!-- This site is optimized with the Yoast SEO Premium plugin v26.1 (Yoast SEO v27.0) - https:\/\/yoast.com\/product\/yoast-seo-premium-wordpress\/ -->\n<title>Le Pr\u00e9sident Guelleh prend part au lancement de l\u2019Expo 2023 Doha - Djibouti<\/title>\n<meta name=\"description\" content=\"Le Pre\u0301sident de la Re\u0301publique, M. Ismail Omar Guelleh, est arrive\u0301 ce lundi, en fin de matine\u0301e, au Qatar ou\u0300, aux co\u0302 ...\" \/>\n<meta name=\"robots\" content=\"index, follow, max-snippet:-1, max-image-preview:large, max-video-preview:-1\" \/>\n<link rel=\"canonical\" href=\"https:\/\/www.africa-press.net\/djibouti\/politique\/le-president-guelleh-prend-part-au-lancement-de-lexpo-2023-doha\" \/>\n<meta property=\"og:locale\" content=\"fr_FR\" \/>\n<meta property=\"og:type\" content=\"article\" \/>\n<meta property=\"og:title\" content=\"Le Pr\u00e9sident Guelleh prend part au lancement de l\u2019Expo 2023 Doha\" \/>\n<meta property=\"og:description\" content=\"Le Pre\u0301sident de la Re\u0301publique, M. Ismail Omar Guelleh, est arrive\u0301 ce lundi, en fin de matine\u0301e, au Qatar ou\u0300, aux co\u0302 ...\" \/>\n<meta property=\"og:url\" content=\"https:\/\/www.africa-press.net\/djibouti\/politique\/le-president-guelleh-prend-part-au-lancement-de-lexpo-2023-doha\" \/>\n<meta property=\"og:site_name\" content=\"Djibouti\" \/>\n<meta property=\"article:published_time\" content=\"2023-10-02T16:36:09+00:00\" \/>\n<meta property=\"article:modified_time\" content=\"2023-10-02T17:21:48+00:00\" \/>\n<meta property=\"og:image\" content=\"https:\/\/static.africa-press.net\/djibouti\/sites\/52\/2023\/10\/sm_1696254618.949709.jpg\" \/>\n\t<meta property=\"og:image:width\" content=\"768\" \/>\n\t<meta property=\"og:image:height\" content=\"556\" \/>\n\t<meta property=\"og:image:type\" content=\"image\/jpeg\" \/>\n<meta name=\"author\" content=\"cfeditorfr\" \/>\n<meta name=\"twitter:card\" content=\"summary_large_image\" \/>\n<meta name=\"twitter:label1\" content=\"\u00c9crit par\" \/>\n\t<meta name=\"twitter:data1\" content=\"cfeditorfr\" \/>\n\t<meta name=\"twitter:label2\" content=\"Dur\u00e9e de lecture estim\u00e9e\" \/>\n\t<meta name=\"twitter:data2\" content=\"6 minutes\" \/>\n<script type=\"application\/ld+json\" class=\"yoast-schema-graph\">{\"@context\":\"https:\/\/schema.org\",\"@graph\":[{\"@type\":\"Article\",\"@id\":\"https:\/\/www.africa-press.net\/djibouti\/politique\/le-president-guelleh-prend-part-au-lancement-de-lexpo-2023-doha#article\",\"isPartOf\":{\"@id\":\"https:\/\/www.africa-press.net\/djibouti\/politique\/le-president-guelleh-prend-part-au-lancement-de-lexpo-2023-doha\"},\"author\":{\"name\":\"cfeditorfr\",\"@id\":\"https:\/\/www.africa-press.net\/djibouti\/#\/schema\/person\/2b1cf3cd81a31e3cd26889ca66d677f1\"},\"headline\":\"Le Pr\u00e9sident Guelleh prend part au lancement de l\u2019Expo 2023 Doha\",\"datePublished\":\"2023-10-02T16:36:09+00:00\",\"dateModified\":\"2023-10-02T17:21:48+00:00\",\"mainEntityOfPage\":{\"@id\":\"https:\/\/www.africa-press.net\/djibouti\/politique\/le-president-guelleh-prend-part-au-lancement-de-lexpo-2023-doha\"},\"wordCount\":1215,\"commentCount\":0,\"image\":{\"@id\":\"https:\/\/www.africa-press.net\/djibouti\/politique\/le-president-guelleh-prend-part-au-lancement-de-lexpo-2023-doha#primaryimage\"},\"thumbnailUrl\":\"https:\/\/static.africa-press.net\/djibouti\/sites\/52\/2023\/10\/sm_1696254618.949709.jpg\",\"keywords\":[\"Africa Press\",\"Africa Press-Djibouti\",\"Djibouti\"],\"articleSection\":[\"Politique\",\"Top Nouvelles\",\"Toutes les actualit\u00e9s\"],\"inLanguage\":\"fr-FR\",\"potentialAction\":[{\"@type\":\"CommentAction\",\"name\":\"Comment\",\"target\":[\"https:\/\/www.africa-press.net\/djibouti\/politique\/le-president-guelleh-prend-part-au-lancement-de-lexpo-2023-doha#respond\"]}]},{\"@type\":\"WebPage\",\"@id\":\"https:\/\/www.africa-press.net\/djibouti\/politique\/le-president-guelleh-prend-part-au-lancement-de-lexpo-2023-doha\",\"url\":\"https:\/\/www.africa-press.net\/djibouti\/politique\/le-president-guelleh-prend-part-au-lancement-de-lexpo-2023-doha\",\"name\":\"Le Pr\u00e9sident Guelleh prend part au lancement de l\u2019Expo 2023 Doha - Djibouti\",\"isPartOf\":{\"@id\":\"https:\/\/www.africa-press.net\/djibouti\/#website\"},\"primaryImageOfPage\":{\"@id\":\"https:\/\/www.africa-press.net\/djibouti\/politique\/le-president-guelleh-prend-part-au-lancement-de-lexpo-2023-doha#primaryimage\"},\"image\":{\"@id\":\"https:\/\/www.africa-press.net\/djibouti\/politique\/le-president-guelleh-prend-part-au-lancement-de-lexpo-2023-doha#primaryimage\"},\"thumbnailUrl\":\"https:\/\/static.africa-press.net\/djibouti\/sites\/52\/2023\/10\/sm_1696254618.949709.jpg\",\"datePublished\":\"2023-10-02T16:36:09+00:00\",\"dateModified\":\"2023-10-02T17:21:48+00:00\",\"author\":{\"@id\":\"https:\/\/www.africa-press.net\/djibouti\/#\/schema\/person\/2b1cf3cd81a31e3cd26889ca66d677f1\"},\"description\":\"Le Pre\u0301sident de la Re\u0301publique, M. Ismail Omar Guelleh, est arrive\u0301 ce lundi, en fin de matine\u0301e, au Qatar ou\u0300, aux co\u0302 ...\",\"breadcrumb\":{\"@id\":\"https:\/\/www.africa-press.net\/djibouti\/politique\/le-president-guelleh-prend-part-au-lancement-de-lexpo-2023-doha#breadcrumb\"},\"inLanguage\":\"fr-FR\",\"potentialAction\":[{\"@type\":\"ReadAction\",\"target\":[\"https:\/\/www.africa-press.net\/djibouti\/politique\/le-president-guelleh-prend-part-au-lancement-de-lexpo-2023-doha\"]}]},{\"@type\":\"ImageObject\",\"inLanguage\":\"fr-FR\",\"@id\":\"https:\/\/www.africa-press.net\/djibouti\/politique\/le-president-guelleh-prend-part-au-lancement-de-lexpo-2023-doha#primaryimage\",\"url\":\"https:\/\/static.africa-press.net\/djibouti\/sites\/52\/2023\/10\/sm_1696254618.949709.jpg\",\"contentUrl\":\"https:\/\/static.africa-press.net\/djibouti\/sites\/52\/2023\/10\/sm_1696254618.949709.jpg\",\"width\":768,\"height\":556,\"caption\":\"Le Pr\u00e9sident Guelleh prend part au lancement de l\u2019Expo 2023 Doha\"},{\"@type\":\"BreadcrumbList\",\"@id\":\"https:\/\/www.africa-press.net\/djibouti\/politique\/le-president-guelleh-prend-part-au-lancement-de-lexpo-2023-doha#breadcrumb\",\"itemListElement\":[{\"@type\":\"ListItem\",\"position\":1,\"name\":\"Accueil\",\"item\":\"https:\/\/www.africa-press.net\/djibouti\/\"},{\"@type\":\"ListItem\",\"position\":2,\"name\":\"Le Pr\u00e9sident Guelleh prend part au lancement de l\u2019Expo 2023 Doha\"}]},{\"@type\":\"WebSite\",\"@id\":\"https:\/\/www.africa-press.net\/djibouti\/#website\",\"url\":\"https:\/\/www.africa-press.net\/djibouti\/\",\"name\":\"Djibouti\",\"description\":\"Just another Africa News Agency Sites site\",\"potentialAction\":[{\"@type\":\"SearchAction\",\"target\":{\"@type\":\"EntryPoint\",\"urlTemplate\":\"https:\/\/www.africa-press.net\/djibouti\/?s={search_term_string}\"},\"query-input\":{\"@type\":\"PropertyValueSpecification\",\"valueRequired\":true,\"valueName\":\"search_term_string\"}}],\"inLanguage\":\"fr-FR\"},{\"@type\":\"Person\",\"@id\":\"https:\/\/www.africa-press.net\/djibouti\/#\/schema\/person\/2b1cf3cd81a31e3cd26889ca66d677f1\",\"name\":\"cfeditorfr\"}]}<\/script>\n<!-- \/ Yoast SEO Premium plugin. -->","yoast_head_json":{"title":"Le Pr\u00e9sident Guelleh prend part au lancement de l\u2019Expo 2023 Doha - Djibouti","description":"Le Pre\u0301sident de la Re\u0301publique, M. Ismail Omar Guelleh, est arrive\u0301 ce lundi, en fin de matine\u0301e, au Qatar ou\u0300, aux co\u0302 ...","robots":{"index":"index","follow":"follow","max-snippet":"max-snippet:-1","max-image-preview":"max-image-preview:large","max-video-preview":"max-video-preview:-1"},"canonical":"https:\/\/www.africa-press.net\/djibouti\/politique\/le-president-guelleh-prend-part-au-lancement-de-lexpo-2023-doha","og_locale":"fr_FR","og_type":"article","og_title":"Le Pr\u00e9sident Guelleh prend part au lancement de l\u2019Expo 2023 Doha","og_description":"Le Pre\u0301sident de la Re\u0301publique, M. Ismail Omar Guelleh, est arrive\u0301 ce lundi, en fin de matine\u0301e, au Qatar ou\u0300, aux co\u0302 ...","og_url":"https:\/\/www.africa-press.net\/djibouti\/politique\/le-president-guelleh-prend-part-au-lancement-de-lexpo-2023-doha","og_site_name":"Djibouti","article_published_time":"2023-10-02T16:36:09+00:00","article_modified_time":"2023-10-02T17:21:48+00:00","og_image":[{"width":768,"height":556,"url":"https:\/\/static.africa-press.net\/djibouti\/sites\/52\/2023\/10\/sm_1696254618.949709.jpg","type":"image\/jpeg"}],"author":"cfeditorfr","twitter_card":"summary_large_image","twitter_misc":{"\u00c9crit par":"cfeditorfr","Dur\u00e9e de lecture estim\u00e9e":"6 minutes"},"schema":{"@context":"https:\/\/schema.org","@graph":[{"@type":"Article","@id":"https:\/\/www.africa-press.net\/djibouti\/politique\/le-president-guelleh-prend-part-au-lancement-de-lexpo-2023-doha#article","isPartOf":{"@id":"https:\/\/www.africa-press.net\/djibouti\/politique\/le-president-guelleh-prend-part-au-lancement-de-lexpo-2023-doha"},"author":{"name":"cfeditorfr","@id":"https:\/\/www.africa-press.net\/djibouti\/#\/schema\/person\/2b1cf3cd81a31e3cd26889ca66d677f1"},"headline":"Le Pr\u00e9sident Guelleh prend part au lancement de l\u2019Expo 2023 Doha","datePublished":"2023-10-02T16:36:09+00:00","dateModified":"2023-10-02T17:21:48+00:00","mainEntityOfPage":{"@id":"https:\/\/www.africa-press.net\/djibouti\/politique\/le-president-guelleh-prend-part-au-lancement-de-lexpo-2023-doha"},"wordCount":1215,"commentCount":0,"image":{"@id":"https:\/\/www.africa-press.net\/djibouti\/politique\/le-president-guelleh-prend-part-au-lancement-de-lexpo-2023-doha#primaryimage"},"thumbnailUrl":"https:\/\/static.africa-press.net\/djibouti\/sites\/52\/2023\/10\/sm_1696254618.949709.jpg","keywords":["Africa Press","Africa Press-Djibouti","Djibouti"],"articleSection":["Politique","Top Nouvelles","Toutes les actualit\u00e9s"],"inLanguage":"fr-FR","potentialAction":[{"@type":"CommentAction","name":"Comment","target":["https:\/\/www.africa-press.net\/djibouti\/politique\/le-president-guelleh-prend-part-au-lancement-de-lexpo-2023-doha#respond"]}]},{"@type":"WebPage","@id":"https:\/\/www.africa-press.net\/djibouti\/politique\/le-president-guelleh-prend-part-au-lancement-de-lexpo-2023-doha","url":"https:\/\/www.africa-press.net\/djibouti\/politique\/le-president-guelleh-prend-part-au-lancement-de-lexpo-2023-doha","name":"Le Pr\u00e9sident Guelleh prend part au lancement de l\u2019Expo 2023 Doha - Djibouti","isPartOf":{"@id":"https:\/\/www.africa-press.net\/djibouti\/#website"},"primaryImageOfPage":{"@id":"https:\/\/www.africa-press.net\/djibouti\/politique\/le-president-guelleh-prend-part-au-lancement-de-lexpo-2023-doha#primaryimage"},"image":{"@id":"https:\/\/www.africa-press.net\/djibouti\/politique\/le-president-guelleh-prend-part-au-lancement-de-lexpo-2023-doha#primaryimage"},"thumbnailUrl":"https:\/\/static.africa-press.net\/djibouti\/sites\/52\/2023\/10\/sm_1696254618.949709.jpg","datePublished":"2023-10-02T16:36:09+00:00","dateModified":"2023-10-02T17:21:48+00:00","author":{"@id":"https:\/\/www.africa-press.net\/djibouti\/#\/schema\/person\/2b1cf3cd81a31e3cd26889ca66d677f1"},"description":"Le Pre\u0301sident de la Re\u0301publique, M. Ismail Omar Guelleh, est arrive\u0301 ce lundi, en fin de matine\u0301e, au Qatar ou\u0300, aux co\u0302 ...","breadcrumb":{"@id":"https:\/\/www.africa-press.net\/djibouti\/politique\/le-president-guelleh-prend-part-au-lancement-de-lexpo-2023-doha#breadcrumb"},"inLanguage":"fr-FR","potentialAction":[{"@type":"ReadAction","target":["https:\/\/www.africa-press.net\/djibouti\/politique\/le-president-guelleh-prend-part-au-lancement-de-lexpo-2023-doha"]}]},{"@type":"ImageObject","inLanguage":"fr-FR","@id":"https:\/\/www.africa-press.net\/djibouti\/politique\/le-president-guelleh-prend-part-au-lancement-de-lexpo-2023-doha#primaryimage","url":"https:\/\/static.africa-press.net\/djibouti\/sites\/52\/2023\/10\/sm_1696254618.949709.jpg","contentUrl":"https:\/\/static.africa-press.net\/djibouti\/sites\/52\/2023\/10\/sm_1696254618.949709.jpg","width":768,"height":556,"caption":"Le Pr\u00e9sident Guelleh prend part au lancement de l\u2019Expo 2023 Doha"},{"@type":"BreadcrumbList","@id":"https:\/\/www.africa-press.net\/djibouti\/politique\/le-president-guelleh-prend-part-au-lancement-de-lexpo-2023-doha#breadcrumb","itemListElement":[{"@type":"ListItem","position":1,"name":"Accueil","item":"https:\/\/www.africa-press.net\/djibouti\/"},{"@type":"ListItem","position":2,"name":"Le Pr\u00e9sident Guelleh prend part au lancement de l\u2019Expo 2023 Doha"}]},{"@type":"WebSite","@id":"https:\/\/www.africa-press.net\/djibouti\/#website","url":"https:\/\/www.africa-press.net\/djibouti\/","name":"Djibouti","description":"Just another Africa News Agency Sites site","potentialAction":[{"@type":"SearchAction","target":{"@type":"EntryPoint","urlTemplate":"https:\/\/www.africa-press.net\/djibouti\/?s={search_term_string}"},"query-input":{"@type":"PropertyValueSpecification","valueRequired":true,"valueName":"search_term_string"}}],"inLanguage":"fr-FR"},{"@type":"Person","@id":"https:\/\/www.africa-press.net\/djibouti\/#\/schema\/person\/2b1cf3cd81a31e3cd26889ca66d677f1","name":"cfeditorfr"}]}},"_links":{"self":[{"href":"https:\/\/www.africa-press.net\/djibouti\/wp-json\/wp\/v2\/posts\/18606","targetHints":{"allow":["GET"]}}],"collection":[{"href":"https:\/\/www.africa-press.net\/djibouti\/wp-json\/wp\/v2\/posts"}],"about":[{"href":"https:\/\/www.africa-press.net\/djibouti\/wp-json\/wp\/v2\/types\/post"}],"author":[{"embeddable":true,"href":"https:\/\/www.africa-press.net\/djibouti\/wp-json\/wp\/v2\/users\/82"}],"replies":[{"embeddable":true,"href":"https:\/\/www.africa-press.net\/djibouti\/wp-json\/wp\/v2\/comments?post=18606"}],"version-history":[{"count":0,"href":"https:\/\/www.africa-press.net\/djibouti\/wp-json\/wp\/v2\/posts\/18606\/revisions"}],"wp:featuredmedia":[{"embeddable":true,"href":"https:\/\/www.africa-press.net\/djibouti\/wp-json\/wp\/v2\/media\/18605"}],"wp:attachment":[{"href":"https:\/\/www.africa-press.net\/djibouti\/wp-json\/wp\/v2\/media?parent=18606"}],"wp:term":[{"taxonomy":"category","embeddable":true,"href":"https:\/\/www.africa-press.net\/djibouti\/wp-json\/wp\/v2\/categories?post=18606"},{"taxonomy":"post_tag","embeddable":true,"href":"https:\/\/www.africa-press.net\/djibouti\/wp-json\/wp\/v2\/tags?post=18606"}],"curies":[{"name":"wp","href":"https:\/\/api.w.org\/{rel}","templated":true}]}}