{"id":18641,"date":"2023-10-03T07:39:25","date_gmt":"2023-10-03T07:39:25","guid":{"rendered":"https:\/\/www.africa-press.net\/djibouti\/politique\/madagascar-la-bad-lance-ledition-2023-du-rapport-pays-des-perspectives-economiques-en-afrique"},"modified":"2023-10-03T08:24:32","modified_gmt":"2023-10-03T08:24:32","slug":"madagascar-la-bad-lance-ledition-2023-du-rapport-pays-des-perspectives-economiques-en-afrique","status":"publish","type":"post","link":"https:\/\/www.africa-press.net\/djibouti\/economie\/madagascar-la-bad-lance-ledition-2023-du-rapport-pays-des-perspectives-economiques-en-afrique","title":{"rendered":"Madagascar : la BAD lance l&rsquo;\u00e9dition 2023 du Rapport pays des Perspectives \u00e9conomiques en Afrique"},"content":{"rendered":"<p><span style=\"color: #ff6600\"><strong>Africa-Press &#8211; Djibouti. <\/strong><\/span>Le responsable pays de la Banque africaine de de\u0301veloppement a\u0300 Madagascar, Adam Amoumoun a lance\u0301, jeudi 28 septembre 2023, a\u0300 Antananarivo, l&rsquo;e\u0301dition 2023 du Rapport pays pour Madagascar des Perspectives e\u0301conomiques en Afrique, dont le the\u0300me est : \u00ab Mobiliser les financements du secteur prive\u0301 en faveur du climat et de la croissance verte \u00bb.<\/p>\n<p>Plus d\u2019une cinquantaine de personnes, parmi lesquelles des repre\u0301sentants des administrations publiques et du secteur prive\u0301, de la socie\u0301te\u0301 civile et des partenaires au de\u0301veloppement, ont pris part aux discussions qui ont e\u0301te\u0301 riches et constructives.<\/p>\n<p>Kevin Chika Urama, e\u0301conomiste en chef et vice-pre\u0301sident du Groupe de la Banque africaine de de\u0301veloppement, charge\u0301 de la gouvernance e\u0301conomique et de la gestion des connaissances, est intervenu par message vide\u0301o. Il a mis l\u2019accent sur l\u2019importance des rapports pour aider les pays africains a\u0300 mieux se pre\u0301parer a\u0300 la Confe\u0301rence des Nations unies sur les changements climatiques (COP 28), qui se tiendra du 30 novembre au 12 de\u0301cembre 2023 a\u0300 Dubai\u0308, aux E\u0301mirats arabes unis.<\/p>\n<p>Pour sa part, Adam Amoumoun a rappele\u0301 que les Perspectives e\u0301conomiques en Afrique (PEA) sont un rapport phare produit chaque anne\u0301e par le Groupe de la Banque africaine de de\u0301veloppement. En comple\u0301ment du rapport principal, l\u2019institution publie annuellement des rapports sur les Perspectives e\u0301conomiques re\u0301gionales et des rapports pays.<\/p>\n<p>Le Rapport pays 2023 propose des recommandations politiques visant a\u0300 e\u0301clairer les politiques nationales et a\u0300 alimenter le dialogue avec les partenaires au de\u0301veloppement sur la re\u0301silience climatique et le financement en faveur de l\u2019action climatique et de la croissance verte.<\/p>\n<p>\u00ab Dans le cadre du Document de strate\u0301gie-pays 2022-2026 pour Madagascar, dont l\u2019objectif est de soutenir l\u2019acce\u0301le\u0301ration de la transformation structurelle de son e\u0301conomie pour une croissance verte et a\u0300 cre\u0301er des emplois verts, la Banque africaine de de\u0301veloppement continuera d\u2019accompagner le pays a\u0300 renforcer sa re\u0301silience climatique et a\u0300 mobiliser davantage de financements climatiques \u00bb, a de\u0301clare\u0301 M. Amoumoun.<\/p>\n<p>Des discussions ont suivi la pre\u0301sentation du rapport effectue\u0301e par l\u2019e\u0301conomiste pays de la Banque pour Madagascar, Hamacire\u0301 Dicko. Elles ont porte\u0301, entre autres, sur les enjeux des changements climatiques dans la Grande I\u0302le, les obstacles au financement du secteur prive\u0301 en faveur de l\u2019action climatique et de la croissance verte, la mise en \u0153uvre des recommandations propose\u0301es, et la ne\u0301cessite\u0301 d\u2019une meilleure coordination de toutes les parties prenantes.<\/p>\n<p>Le directeur ge\u0301ne\u0301ral de l\u2019E\u0301conomie et du Plan, Olivier Ramiandrisoa qui repre\u0301sentait le ministe\u0300re de l\u2019E\u0301conomie et des Finances, a clo\u0302ture\u0301 l\u2019e\u0301ve\u0300nement. Il a remercie\u0301 la Banque d\u2019avoir associe\u0301 le gouvernement malgache a\u0300 l\u2019e\u0301laboration du Rapport pays avant de mettre l\u2019accent sur les enjeux croissants des changements climatiques sur l\u2019e\u0301conomie locale.<\/p>\n<p>Il a e\u0301galement souligne\u0301 que ce rapport e\u0301tait un document pouvant servir de re\u0301fe\u0301rence aux diffe\u0301rentes parties prenantes pour l\u2019e\u0301laboration des strate\u0301gies de lutte contre les effets des changements climatiques dans la Grande I\u0302le. Le 31 aou\u0302t 2023, le portefeuille actif du Groupe de la Banque africaine de de\u0301veloppement a\u0300 Madagascar comptait 23 ope\u0301rations, pour un montant total de 646 millions de dollars.<\/p>\n<p><strong>Pour plus d&rsquo;informations et d&rsquo;analyses sur la <a href=\"https:\/\/www.africa-press.net\/djibouti\">Djibouti<\/a>, suivez <a href=\"https:\/\/www.africa-press.net\/\">Africa-Press<\/a><\/strong><\/p>\n","protected":false},"excerpt":{"rendered":"<p>Africa-Press &#8211; Djibouti. Le responsable pays de la Banque africaine de de\u0301veloppement a\u0300 Madagascar, Adam Amoumoun a lance\u0301, jeudi 28 septembre 2023, a\u0300 Antananarivo, l&rsquo;e\u0301dition 2023 du Rapport pays pour Madagascar des Perspectives e\u0301conomiques en Afrique, dont le the\u0300me est : \u00ab Mobiliser les financements du secteur prive\u0301 en faveur du climat et de la [&hellip;]<\/p>\n","protected":false},"author":82,"featured_media":18640,"comment_status":"open","ping_status":"closed","sticky":false,"template":"","format":"standard","meta":{"footnotes":""},"categories":[3,10],"tags":[36,49,50],"class_list":["post-18641","post","type-post","status-publish","format-standard","has-post-thumbnail","hentry","category-economie","category-toutes-les-actualites","tag-africa-press","tag-africa-press-djibouti","tag-djibouti"],"yoast_head":"<!-- This site is optimized with the Yoast SEO Premium plugin v26.1 (Yoast SEO v27.0) - https:\/\/yoast.com\/product\/yoast-seo-premium-wordpress\/ -->\n<title>Madagascar : la BAD lance l&#039;\u00e9dition 2023 du Rapport pays des Perspectives \u00e9conomiques en Afrique - Djibouti<\/title>\n<meta name=\"description\" content=\"Le responsable pays de la Banque africaine de de\u0301veloppement a\u0300 Madagascar, Adam Amoumoun a lance\u0301, jeudi 28 septembre 2 ...\" \/>\n<meta name=\"robots\" content=\"index, follow, max-snippet:-1, max-image-preview:large, max-video-preview:-1\" \/>\n<link rel=\"canonical\" href=\"https:\/\/www.africa-press.net\/djibouti\/economie\/madagascar-la-bad-lance-ledition-2023-du-rapport-pays-des-perspectives-economiques-en-afrique\" \/>\n<meta property=\"og:locale\" content=\"fr_FR\" \/>\n<meta property=\"og:type\" content=\"article\" \/>\n<meta property=\"og:title\" content=\"Madagascar : la BAD lance l&#039;\u00e9dition 2023 du Rapport pays des Perspectives \u00e9conomiques en Afrique\" \/>\n<meta property=\"og:description\" content=\"Le responsable pays de la Banque africaine de de\u0301veloppement a\u0300 Madagascar, Adam Amoumoun a lance\u0301, jeudi 28 septembre 2 ...\" \/>\n<meta property=\"og:url\" content=\"https:\/\/www.africa-press.net\/djibouti\/economie\/madagascar-la-bad-lance-ledition-2023-du-rapport-pays-des-perspectives-economiques-en-afrique\" \/>\n<meta property=\"og:site_name\" content=\"Djibouti\" \/>\n<meta property=\"article:published_time\" content=\"2023-10-03T07:39:25+00:00\" \/>\n<meta property=\"article:modified_time\" content=\"2023-10-03T08:24:32+00:00\" \/>\n<meta property=\"og:image\" content=\"https:\/\/static.africa-press.net\/djibouti\/sites\/52\/2023\/10\/sm_1696308780.022949.jpg\" \/>\n\t<meta property=\"og:image:width\" content=\"1600\" \/>\n\t<meta property=\"og:image:height\" content=\"658\" \/>\n\t<meta property=\"og:image:type\" content=\"image\/jpeg\" \/>\n<meta name=\"author\" content=\"cfeditorfr\" \/>\n<meta name=\"twitter:card\" content=\"summary_large_image\" \/>\n<meta name=\"twitter:label1\" content=\"\u00c9crit par\" \/>\n\t<meta name=\"twitter:data1\" content=\"cfeditorfr\" \/>\n\t<meta name=\"twitter:label2\" content=\"Dur\u00e9e de lecture estim\u00e9e\" \/>\n\t<meta name=\"twitter:data2\" content=\"3 minutes\" \/>\n<script type=\"application\/ld+json\" class=\"yoast-schema-graph\">{\"@context\":\"https:\/\/schema.org\",\"@graph\":[{\"@type\":\"Article\",\"@id\":\"https:\/\/www.africa-press.net\/djibouti\/economie\/madagascar-la-bad-lance-ledition-2023-du-rapport-pays-des-perspectives-economiques-en-afrique#article\",\"isPartOf\":{\"@id\":\"https:\/\/www.africa-press.net\/djibouti\/economie\/madagascar-la-bad-lance-ledition-2023-du-rapport-pays-des-perspectives-economiques-en-afrique\"},\"author\":{\"name\":\"cfeditorfr\",\"@id\":\"https:\/\/www.africa-press.net\/djibouti\/#\/schema\/person\/2b1cf3cd81a31e3cd26889ca66d677f1\"},\"headline\":\"Madagascar : la BAD lance l&rsquo;\u00e9dition 2023 du Rapport pays des Perspectives \u00e9conomiques en Afrique\",\"datePublished\":\"2023-10-03T07:39:25+00:00\",\"dateModified\":\"2023-10-03T08:24:32+00:00\",\"mainEntityOfPage\":{\"@id\":\"https:\/\/www.africa-press.net\/djibouti\/economie\/madagascar-la-bad-lance-ledition-2023-du-rapport-pays-des-perspectives-economiques-en-afrique\"},\"wordCount\":595,\"commentCount\":0,\"image\":{\"@id\":\"https:\/\/www.africa-press.net\/djibouti\/economie\/madagascar-la-bad-lance-ledition-2023-du-rapport-pays-des-perspectives-economiques-en-afrique#primaryimage\"},\"thumbnailUrl\":\"https:\/\/static.africa-press.net\/djibouti\/sites\/52\/2023\/10\/sm_1696308780.022949.jpg\",\"keywords\":[\"Africa Press\",\"Africa Press-Djibouti\",\"Djibouti\"],\"articleSection\":[\"\u00c9conomie\",\"Toutes les actualit\u00e9s\"],\"inLanguage\":\"fr-FR\",\"potentialAction\":[{\"@type\":\"CommentAction\",\"name\":\"Comment\",\"target\":[\"https:\/\/www.africa-press.net\/djibouti\/economie\/madagascar-la-bad-lance-ledition-2023-du-rapport-pays-des-perspectives-economiques-en-afrique#respond\"]}]},{\"@type\":\"WebPage\",\"@id\":\"https:\/\/www.africa-press.net\/djibouti\/economie\/madagascar-la-bad-lance-ledition-2023-du-rapport-pays-des-perspectives-economiques-en-afrique\",\"url\":\"https:\/\/www.africa-press.net\/djibouti\/economie\/madagascar-la-bad-lance-ledition-2023-du-rapport-pays-des-perspectives-economiques-en-afrique\",\"name\":\"Madagascar : la BAD lance l'\u00e9dition 2023 du Rapport pays des Perspectives \u00e9conomiques en Afrique - Djibouti\",\"isPartOf\":{\"@id\":\"https:\/\/www.africa-press.net\/djibouti\/#website\"},\"primaryImageOfPage\":{\"@id\":\"https:\/\/www.africa-press.net\/djibouti\/economie\/madagascar-la-bad-lance-ledition-2023-du-rapport-pays-des-perspectives-economiques-en-afrique#primaryimage\"},\"image\":{\"@id\":\"https:\/\/www.africa-press.net\/djibouti\/economie\/madagascar-la-bad-lance-ledition-2023-du-rapport-pays-des-perspectives-economiques-en-afrique#primaryimage\"},\"thumbnailUrl\":\"https:\/\/static.africa-press.net\/djibouti\/sites\/52\/2023\/10\/sm_1696308780.022949.jpg\",\"datePublished\":\"2023-10-03T07:39:25+00:00\",\"dateModified\":\"2023-10-03T08:24:32+00:00\",\"author\":{\"@id\":\"https:\/\/www.africa-press.net\/djibouti\/#\/schema\/person\/2b1cf3cd81a31e3cd26889ca66d677f1\"},\"description\":\"Le responsable pays de la Banque africaine de de\u0301veloppement a\u0300 Madagascar, Adam Amoumoun a lance\u0301, jeudi 28 septembre 2 ...\",\"breadcrumb\":{\"@id\":\"https:\/\/www.africa-press.net\/djibouti\/economie\/madagascar-la-bad-lance-ledition-2023-du-rapport-pays-des-perspectives-economiques-en-afrique#breadcrumb\"},\"inLanguage\":\"fr-FR\",\"potentialAction\":[{\"@type\":\"ReadAction\",\"target\":[\"https:\/\/www.africa-press.net\/djibouti\/economie\/madagascar-la-bad-lance-ledition-2023-du-rapport-pays-des-perspectives-economiques-en-afrique\"]}]},{\"@type\":\"ImageObject\",\"inLanguage\":\"fr-FR\",\"@id\":\"https:\/\/www.africa-press.net\/djibouti\/economie\/madagascar-la-bad-lance-ledition-2023-du-rapport-pays-des-perspectives-economiques-en-afrique#primaryimage\",\"url\":\"https:\/\/static.africa-press.net\/djibouti\/sites\/52\/2023\/10\/sm_1696308780.022949.jpg\",\"contentUrl\":\"https:\/\/static.africa-press.net\/djibouti\/sites\/52\/2023\/10\/sm_1696308780.022949.jpg\",\"width\":1600,\"height\":658,\"caption\":\"Madagascar : la BAD lance l'\u00e9dition 2023 du Rapport pays des Perspectives \u00e9conomiques en Afrique\"},{\"@type\":\"BreadcrumbList\",\"@id\":\"https:\/\/www.africa-press.net\/djibouti\/economie\/madagascar-la-bad-lance-ledition-2023-du-rapport-pays-des-perspectives-economiques-en-afrique#breadcrumb\",\"itemListElement\":[{\"@type\":\"ListItem\",\"position\":1,\"name\":\"Accueil\",\"item\":\"https:\/\/www.africa-press.net\/djibouti\/\"},{\"@type\":\"ListItem\",\"position\":2,\"name\":\"Madagascar : la BAD lance l&#8217;\u00e9dition 2023 du Rapport pays des Perspectives \u00e9conomiques en Afrique\"}]},{\"@type\":\"WebSite\",\"@id\":\"https:\/\/www.africa-press.net\/djibouti\/#website\",\"url\":\"https:\/\/www.africa-press.net\/djibouti\/\",\"name\":\"Djibouti\",\"description\":\"Just another Africa News Agency Sites site\",\"potentialAction\":[{\"@type\":\"SearchAction\",\"target\":{\"@type\":\"EntryPoint\",\"urlTemplate\":\"https:\/\/www.africa-press.net\/djibouti\/?s={search_term_string}\"},\"query-input\":{\"@type\":\"PropertyValueSpecification\",\"valueRequired\":true,\"valueName\":\"search_term_string\"}}],\"inLanguage\":\"fr-FR\"},{\"@type\":\"Person\",\"@id\":\"https:\/\/www.africa-press.net\/djibouti\/#\/schema\/person\/2b1cf3cd81a31e3cd26889ca66d677f1\",\"name\":\"cfeditorfr\"}]}<\/script>\n<!-- \/ Yoast SEO Premium plugin. -->","yoast_head_json":{"title":"Madagascar : la BAD lance l'\u00e9dition 2023 du Rapport pays des Perspectives \u00e9conomiques en Afrique - Djibouti","description":"Le responsable pays de la Banque africaine de de\u0301veloppement a\u0300 Madagascar, Adam Amoumoun a lance\u0301, jeudi 28 septembre 2 ...","robots":{"index":"index","follow":"follow","max-snippet":"max-snippet:-1","max-image-preview":"max-image-preview:large","max-video-preview":"max-video-preview:-1"},"canonical":"https:\/\/www.africa-press.net\/djibouti\/economie\/madagascar-la-bad-lance-ledition-2023-du-rapport-pays-des-perspectives-economiques-en-afrique","og_locale":"fr_FR","og_type":"article","og_title":"Madagascar : la BAD lance l'\u00e9dition 2023 du Rapport pays des Perspectives \u00e9conomiques en Afrique","og_description":"Le responsable pays de la Banque africaine de de\u0301veloppement a\u0300 Madagascar, Adam Amoumoun a lance\u0301, jeudi 28 septembre 2 ...","og_url":"https:\/\/www.africa-press.net\/djibouti\/economie\/madagascar-la-bad-lance-ledition-2023-du-rapport-pays-des-perspectives-economiques-en-afrique","og_site_name":"Djibouti","article_published_time":"2023-10-03T07:39:25+00:00","article_modified_time":"2023-10-03T08:24:32+00:00","og_image":[{"width":1600,"height":658,"url":"https:\/\/static.africa-press.net\/djibouti\/sites\/52\/2023\/10\/sm_1696308780.022949.jpg","type":"image\/jpeg"}],"author":"cfeditorfr","twitter_card":"summary_large_image","twitter_misc":{"\u00c9crit par":"cfeditorfr","Dur\u00e9e de lecture estim\u00e9e":"3 minutes"},"schema":{"@context":"https:\/\/schema.org","@graph":[{"@type":"Article","@id":"https:\/\/www.africa-press.net\/djibouti\/economie\/madagascar-la-bad-lance-ledition-2023-du-rapport-pays-des-perspectives-economiques-en-afrique#article","isPartOf":{"@id":"https:\/\/www.africa-press.net\/djibouti\/economie\/madagascar-la-bad-lance-ledition-2023-du-rapport-pays-des-perspectives-economiques-en-afrique"},"author":{"name":"cfeditorfr","@id":"https:\/\/www.africa-press.net\/djibouti\/#\/schema\/person\/2b1cf3cd81a31e3cd26889ca66d677f1"},"headline":"Madagascar : la BAD lance l&rsquo;\u00e9dition 2023 du Rapport pays des Perspectives \u00e9conomiques en Afrique","datePublished":"2023-10-03T07:39:25+00:00","dateModified":"2023-10-03T08:24:32+00:00","mainEntityOfPage":{"@id":"https:\/\/www.africa-press.net\/djibouti\/economie\/madagascar-la-bad-lance-ledition-2023-du-rapport-pays-des-perspectives-economiques-en-afrique"},"wordCount":595,"commentCount":0,"image":{"@id":"https:\/\/www.africa-press.net\/djibouti\/economie\/madagascar-la-bad-lance-ledition-2023-du-rapport-pays-des-perspectives-economiques-en-afrique#primaryimage"},"thumbnailUrl":"https:\/\/static.africa-press.net\/djibouti\/sites\/52\/2023\/10\/sm_1696308780.022949.jpg","keywords":["Africa Press","Africa Press-Djibouti","Djibouti"],"articleSection":["\u00c9conomie","Toutes les actualit\u00e9s"],"inLanguage":"fr-FR","potentialAction":[{"@type":"CommentAction","name":"Comment","target":["https:\/\/www.africa-press.net\/djibouti\/economie\/madagascar-la-bad-lance-ledition-2023-du-rapport-pays-des-perspectives-economiques-en-afrique#respond"]}]},{"@type":"WebPage","@id":"https:\/\/www.africa-press.net\/djibouti\/economie\/madagascar-la-bad-lance-ledition-2023-du-rapport-pays-des-perspectives-economiques-en-afrique","url":"https:\/\/www.africa-press.net\/djibouti\/economie\/madagascar-la-bad-lance-ledition-2023-du-rapport-pays-des-perspectives-economiques-en-afrique","name":"Madagascar : la BAD lance l'\u00e9dition 2023 du Rapport pays des Perspectives \u00e9conomiques en Afrique - Djibouti","isPartOf":{"@id":"https:\/\/www.africa-press.net\/djibouti\/#website"},"primaryImageOfPage":{"@id":"https:\/\/www.africa-press.net\/djibouti\/economie\/madagascar-la-bad-lance-ledition-2023-du-rapport-pays-des-perspectives-economiques-en-afrique#primaryimage"},"image":{"@id":"https:\/\/www.africa-press.net\/djibouti\/economie\/madagascar-la-bad-lance-ledition-2023-du-rapport-pays-des-perspectives-economiques-en-afrique#primaryimage"},"thumbnailUrl":"https:\/\/static.africa-press.net\/djibouti\/sites\/52\/2023\/10\/sm_1696308780.022949.jpg","datePublished":"2023-10-03T07:39:25+00:00","dateModified":"2023-10-03T08:24:32+00:00","author":{"@id":"https:\/\/www.africa-press.net\/djibouti\/#\/schema\/person\/2b1cf3cd81a31e3cd26889ca66d677f1"},"description":"Le responsable pays de la Banque africaine de de\u0301veloppement a\u0300 Madagascar, Adam Amoumoun a lance\u0301, jeudi 28 septembre 2 ...","breadcrumb":{"@id":"https:\/\/www.africa-press.net\/djibouti\/economie\/madagascar-la-bad-lance-ledition-2023-du-rapport-pays-des-perspectives-economiques-en-afrique#breadcrumb"},"inLanguage":"fr-FR","potentialAction":[{"@type":"ReadAction","target":["https:\/\/www.africa-press.net\/djibouti\/economie\/madagascar-la-bad-lance-ledition-2023-du-rapport-pays-des-perspectives-economiques-en-afrique"]}]},{"@type":"ImageObject","inLanguage":"fr-FR","@id":"https:\/\/www.africa-press.net\/djibouti\/economie\/madagascar-la-bad-lance-ledition-2023-du-rapport-pays-des-perspectives-economiques-en-afrique#primaryimage","url":"https:\/\/static.africa-press.net\/djibouti\/sites\/52\/2023\/10\/sm_1696308780.022949.jpg","contentUrl":"https:\/\/static.africa-press.net\/djibouti\/sites\/52\/2023\/10\/sm_1696308780.022949.jpg","width":1600,"height":658,"caption":"Madagascar : la BAD lance l'\u00e9dition 2023 du Rapport pays des Perspectives \u00e9conomiques en Afrique"},{"@type":"BreadcrumbList","@id":"https:\/\/www.africa-press.net\/djibouti\/economie\/madagascar-la-bad-lance-ledition-2023-du-rapport-pays-des-perspectives-economiques-en-afrique#breadcrumb","itemListElement":[{"@type":"ListItem","position":1,"name":"Accueil","item":"https:\/\/www.africa-press.net\/djibouti\/"},{"@type":"ListItem","position":2,"name":"Madagascar : la BAD lance l&#8217;\u00e9dition 2023 du Rapport pays des Perspectives \u00e9conomiques en Afrique"}]},{"@type":"WebSite","@id":"https:\/\/www.africa-press.net\/djibouti\/#website","url":"https:\/\/www.africa-press.net\/djibouti\/","name":"Djibouti","description":"Just another Africa News Agency Sites site","potentialAction":[{"@type":"SearchAction","target":{"@type":"EntryPoint","urlTemplate":"https:\/\/www.africa-press.net\/djibouti\/?s={search_term_string}"},"query-input":{"@type":"PropertyValueSpecification","valueRequired":true,"valueName":"search_term_string"}}],"inLanguage":"fr-FR"},{"@type":"Person","@id":"https:\/\/www.africa-press.net\/djibouti\/#\/schema\/person\/2b1cf3cd81a31e3cd26889ca66d677f1","name":"cfeditorfr"}]}},"_links":{"self":[{"href":"https:\/\/www.africa-press.net\/djibouti\/wp-json\/wp\/v2\/posts\/18641","targetHints":{"allow":["GET"]}}],"collection":[{"href":"https:\/\/www.africa-press.net\/djibouti\/wp-json\/wp\/v2\/posts"}],"about":[{"href":"https:\/\/www.africa-press.net\/djibouti\/wp-json\/wp\/v2\/types\/post"}],"author":[{"embeddable":true,"href":"https:\/\/www.africa-press.net\/djibouti\/wp-json\/wp\/v2\/users\/82"}],"replies":[{"embeddable":true,"href":"https:\/\/www.africa-press.net\/djibouti\/wp-json\/wp\/v2\/comments?post=18641"}],"version-history":[{"count":0,"href":"https:\/\/www.africa-press.net\/djibouti\/wp-json\/wp\/v2\/posts\/18641\/revisions"}],"wp:featuredmedia":[{"embeddable":true,"href":"https:\/\/www.africa-press.net\/djibouti\/wp-json\/wp\/v2\/media\/18640"}],"wp:attachment":[{"href":"https:\/\/www.africa-press.net\/djibouti\/wp-json\/wp\/v2\/media?parent=18641"}],"wp:term":[{"taxonomy":"category","embeddable":true,"href":"https:\/\/www.africa-press.net\/djibouti\/wp-json\/wp\/v2\/categories?post=18641"},{"taxonomy":"post_tag","embeddable":true,"href":"https:\/\/www.africa-press.net\/djibouti\/wp-json\/wp\/v2\/tags?post=18641"}],"curies":[{"name":"wp","href":"https:\/\/api.w.org\/{rel}","templated":true}]}}