{"id":18653,"date":"2023-10-03T13:20:34","date_gmt":"2023-10-03T13:20:34","guid":{"rendered":"https:\/\/www.africa-press.net\/djibouti\/politique\/alger-retire-sa-candidature-a-lorganisation-des-can-2025-et-2027-et-sexplique"},"modified":"2023-10-03T14:45:28","modified_gmt":"2023-10-03T14:45:28","slug":"alger-retire-sa-candidature-a-lorganisation-des-can-2025-et-2027-et-sexplique","status":"publish","type":"post","link":"https:\/\/www.africa-press.net\/djibouti\/sports\/alger-retire-sa-candidature-a-lorganisation-des-can-2025-et-2027-et-sexplique","title":{"rendered":"Alger retire sa candidature \u00e0 l&rsquo;organisation des CAN 2025 et 2027 et s&rsquo;explique"},"content":{"rendered":"<p><span style=\"color: #ff6600\"><strong>Africa-Press &#8211; Djibouti. <\/strong><\/span>L&rsquo;Alge\u0301rie a de\u0301cide\u0301 de retirer sa candidature a\u0300 l&rsquo;organisation des e\u0301ditions 2025 et 2027 de la Coupe d&rsquo;Afrique des nations (CAN), a annonce\u0301 mardi la Fe\u0301de\u0301ration alge\u0301rienne de football (FAF), a\u0300 la veille de la de\u0301signation des pays ho\u0302tes.<\/p>\n<p>La FAF \u00ab\u00a0a officiellement transmis a\u0300 la Confe\u0301de\u0301ration africaine de football (CAF) un courrier par lequel elle l&rsquo;informe de sa de\u0301cision de retirer la candidature de l&rsquo;Alge\u0301rie pour l&rsquo;organisation de la Coupe d&rsquo;Afrique des Nations (CAN)\u00a0\u00bb en 2025 et 2027, selon le communique\u0301 de la fe\u0301de\u0301ration.<\/p>\n<p>Pour 2025, l&rsquo;Alge\u0301rie e\u0301tait en concurrence avec le Maroc et un dossier commun pre\u0301sente\u0301 par le Be\u0301nin et Nigeria. Pour 2027, elle devait rivaliser avec le Se\u0301ne\u0301gal et le Botswana ainsi qu&rsquo;une candidature commune du Kenya, de la Tanzanie et de l&rsquo;Ouganda.<\/p>\n<p>\u00ab\u00a0Ce retrait est motive\u0301 par la nouvelle approche de la FAF relative a\u0300 la strate\u0301gie de de\u0301veloppement du football en Alge\u0301rie\u00a0\u00bb, a encore indique\u0301 la Fe\u0301de\u0301ration.<\/p>\n<p>Le communique\u0301 de la FAF a e\u0301te\u0301 publie\u0301 le me\u0302me jour que l&rsquo;installation de son nouveau pre\u0301sident, Walid Sadi.<\/p>\n<p>Selon le communique\u0301, la FAF \u00ab\u00a0concentrera de\u0301sormais ses efforts dans la re\u0301organisation et la redynamisation du football en Alge\u0301rie, de me\u0302me qu&rsquo;elle re\u0301ite\u0300re son engagement inde\u0301fectible au profit du de\u0301veloppement du football africain\u00a0\u00bb.<\/p>\n<p>Le Comite\u0301 exe\u0301cutif de la CAF, l&rsquo;instance africaine de football, se re\u0301unira mercredi au Caire, avant une confe\u0301rence de presse de son pre\u0301sident, le Sud-Africain Patrice Motsepe, au cours de laquelle ce dirigeant annoncera l&rsquo;identite\u0301 des pays ho\u0302tes des e\u0301ditions 2025 et 2027.<\/p>\n<p><strong>Pour plus d&rsquo;informations et d&rsquo;analyses sur la <a href=\"https:\/\/www.africa-press.net\/djibouti\">Djibouti<\/a>, suivez <a href=\"https:\/\/www.africa-press.net\/\">Africa-Press<\/a><\/strong><\/p>\n","protected":false},"excerpt":{"rendered":"<p>Africa-Press &#8211; Djibouti. L&rsquo;Alge\u0301rie a de\u0301cide\u0301 de retirer sa candidature a\u0300 l&rsquo;organisation des e\u0301ditions 2025 et 2027 de la Coupe d&rsquo;Afrique des nations (CAN), a annonce\u0301 mardi la Fe\u0301de\u0301ration alge\u0301rienne de football (FAF), a\u0300 la veille de la de\u0301signation des pays ho\u0302tes. La FAF \u00ab\u00a0a officiellement transmis a\u0300 la Confe\u0301de\u0301ration africaine de football (CAF) un [&hellip;]<\/p>\n","protected":false},"author":82,"featured_media":18652,"comment_status":"open","ping_status":"closed","sticky":false,"template":"","format":"standard","meta":{"footnotes":""},"categories":[6,10],"tags":[36,49,50],"class_list":["post-18653","post","type-post","status-publish","format-standard","has-post-thumbnail","hentry","category-sports","category-toutes-les-actualites","tag-africa-press","tag-africa-press-djibouti","tag-djibouti"],"yoast_head":"<!-- This site is optimized with the Yoast SEO Premium plugin v26.1 (Yoast SEO v27.0) - https:\/\/yoast.com\/product\/yoast-seo-premium-wordpress\/ -->\n<title>Alger retire sa candidature \u00e0 l&#039;organisation des CAN 2025 et 2027 et s&#039;explique - Djibouti<\/title>\n<meta name=\"description\" content=\"L&#039;Alge\u0301rie a de\u0301cide\u0301 de retirer sa candidature a\u0300 l&#039;organisation des e\u0301ditions 2025 et 2027 de la Coupe d&#039;Afrique des n ...\" \/>\n<meta name=\"robots\" content=\"index, follow, max-snippet:-1, max-image-preview:large, max-video-preview:-1\" \/>\n<link rel=\"canonical\" href=\"https:\/\/www.africa-press.net\/djibouti\/sports\/alger-retire-sa-candidature-a-lorganisation-des-can-2025-et-2027-et-sexplique\" \/>\n<meta property=\"og:locale\" content=\"fr_FR\" \/>\n<meta property=\"og:type\" content=\"article\" \/>\n<meta property=\"og:title\" content=\"Alger retire sa candidature \u00e0 l&#039;organisation des CAN 2025 et 2027 et s&#039;explique\" \/>\n<meta property=\"og:description\" content=\"L&#039;Alge\u0301rie a de\u0301cide\u0301 de retirer sa candidature a\u0300 l&#039;organisation des e\u0301ditions 2025 et 2027 de la Coupe d&#039;Afrique des n ...\" \/>\n<meta property=\"og:url\" content=\"https:\/\/www.africa-press.net\/djibouti\/sports\/alger-retire-sa-candidature-a-lorganisation-des-can-2025-et-2027-et-sexplique\" \/>\n<meta property=\"og:site_name\" content=\"Djibouti\" \/>\n<meta property=\"article:published_time\" content=\"2023-10-03T13:20:34+00:00\" \/>\n<meta property=\"article:modified_time\" content=\"2023-10-03T14:45:28+00:00\" \/>\n<meta property=\"og:image\" content=\"https:\/\/static.africa-press.net\/djibouti\/sites\/52\/2023\/10\/sm_1696331656.716614.jpg\" \/>\n\t<meta property=\"og:image:width\" content=\"1350\" \/>\n\t<meta property=\"og:image:height\" content=\"900\" \/>\n\t<meta property=\"og:image:type\" content=\"image\/jpeg\" \/>\n<meta name=\"author\" content=\"cfeditorfr\" \/>\n<meta name=\"twitter:card\" content=\"summary_large_image\" \/>\n<meta name=\"twitter:label1\" content=\"\u00c9crit par\" \/>\n\t<meta name=\"twitter:data1\" content=\"cfeditorfr\" \/>\n\t<meta name=\"twitter:label2\" content=\"Dur\u00e9e de lecture estim\u00e9e\" \/>\n\t<meta name=\"twitter:data2\" content=\"2 minutes\" \/>\n<script type=\"application\/ld+json\" class=\"yoast-schema-graph\">{\"@context\":\"https:\/\/schema.org\",\"@graph\":[{\"@type\":\"Article\",\"@id\":\"https:\/\/www.africa-press.net\/djibouti\/sports\/alger-retire-sa-candidature-a-lorganisation-des-can-2025-et-2027-et-sexplique#article\",\"isPartOf\":{\"@id\":\"https:\/\/www.africa-press.net\/djibouti\/sports\/alger-retire-sa-candidature-a-lorganisation-des-can-2025-et-2027-et-sexplique\"},\"author\":{\"name\":\"cfeditorfr\",\"@id\":\"https:\/\/www.africa-press.net\/djibouti\/#\/schema\/person\/2b1cf3cd81a31e3cd26889ca66d677f1\"},\"headline\":\"Alger retire sa candidature \u00e0 l&rsquo;organisation des CAN 2025 et 2027 et s&rsquo;explique\",\"datePublished\":\"2023-10-03T13:20:34+00:00\",\"dateModified\":\"2023-10-03T14:45:28+00:00\",\"mainEntityOfPage\":{\"@id\":\"https:\/\/www.africa-press.net\/djibouti\/sports\/alger-retire-sa-candidature-a-lorganisation-des-can-2025-et-2027-et-sexplique\"},\"wordCount\":323,\"commentCount\":0,\"image\":{\"@id\":\"https:\/\/www.africa-press.net\/djibouti\/sports\/alger-retire-sa-candidature-a-lorganisation-des-can-2025-et-2027-et-sexplique#primaryimage\"},\"thumbnailUrl\":\"https:\/\/static.africa-press.net\/djibouti\/sites\/52\/2023\/10\/sm_1696331656.716614.jpg\",\"keywords\":[\"Africa Press\",\"Africa Press-Djibouti\",\"Djibouti\"],\"articleSection\":[\"Sports\",\"Toutes les actualit\u00e9s\"],\"inLanguage\":\"fr-FR\",\"potentialAction\":[{\"@type\":\"CommentAction\",\"name\":\"Comment\",\"target\":[\"https:\/\/www.africa-press.net\/djibouti\/sports\/alger-retire-sa-candidature-a-lorganisation-des-can-2025-et-2027-et-sexplique#respond\"]}]},{\"@type\":\"WebPage\",\"@id\":\"https:\/\/www.africa-press.net\/djibouti\/sports\/alger-retire-sa-candidature-a-lorganisation-des-can-2025-et-2027-et-sexplique\",\"url\":\"https:\/\/www.africa-press.net\/djibouti\/sports\/alger-retire-sa-candidature-a-lorganisation-des-can-2025-et-2027-et-sexplique\",\"name\":\"Alger retire sa candidature \u00e0 l'organisation des CAN 2025 et 2027 et s'explique - Djibouti\",\"isPartOf\":{\"@id\":\"https:\/\/www.africa-press.net\/djibouti\/#website\"},\"primaryImageOfPage\":{\"@id\":\"https:\/\/www.africa-press.net\/djibouti\/sports\/alger-retire-sa-candidature-a-lorganisation-des-can-2025-et-2027-et-sexplique#primaryimage\"},\"image\":{\"@id\":\"https:\/\/www.africa-press.net\/djibouti\/sports\/alger-retire-sa-candidature-a-lorganisation-des-can-2025-et-2027-et-sexplique#primaryimage\"},\"thumbnailUrl\":\"https:\/\/static.africa-press.net\/djibouti\/sites\/52\/2023\/10\/sm_1696331656.716614.jpg\",\"datePublished\":\"2023-10-03T13:20:34+00:00\",\"dateModified\":\"2023-10-03T14:45:28+00:00\",\"author\":{\"@id\":\"https:\/\/www.africa-press.net\/djibouti\/#\/schema\/person\/2b1cf3cd81a31e3cd26889ca66d677f1\"},\"description\":\"L'Alge\u0301rie a de\u0301cide\u0301 de retirer sa candidature a\u0300 l'organisation des e\u0301ditions 2025 et 2027 de la Coupe d'Afrique des n ...\",\"breadcrumb\":{\"@id\":\"https:\/\/www.africa-press.net\/djibouti\/sports\/alger-retire-sa-candidature-a-lorganisation-des-can-2025-et-2027-et-sexplique#breadcrumb\"},\"inLanguage\":\"fr-FR\",\"potentialAction\":[{\"@type\":\"ReadAction\",\"target\":[\"https:\/\/www.africa-press.net\/djibouti\/sports\/alger-retire-sa-candidature-a-lorganisation-des-can-2025-et-2027-et-sexplique\"]}]},{\"@type\":\"ImageObject\",\"inLanguage\":\"fr-FR\",\"@id\":\"https:\/\/www.africa-press.net\/djibouti\/sports\/alger-retire-sa-candidature-a-lorganisation-des-can-2025-et-2027-et-sexplique#primaryimage\",\"url\":\"https:\/\/static.africa-press.net\/djibouti\/sites\/52\/2023\/10\/sm_1696331656.716614.jpg\",\"contentUrl\":\"https:\/\/static.africa-press.net\/djibouti\/sites\/52\/2023\/10\/sm_1696331656.716614.jpg\",\"width\":1350,\"height\":900,\"caption\":\"Alger retire sa candidature \u00e0 l'organisation des CAN 2025 et 2027 et s'explique\"},{\"@type\":\"BreadcrumbList\",\"@id\":\"https:\/\/www.africa-press.net\/djibouti\/sports\/alger-retire-sa-candidature-a-lorganisation-des-can-2025-et-2027-et-sexplique#breadcrumb\",\"itemListElement\":[{\"@type\":\"ListItem\",\"position\":1,\"name\":\"Accueil\",\"item\":\"https:\/\/www.africa-press.net\/djibouti\/\"},{\"@type\":\"ListItem\",\"position\":2,\"name\":\"Alger retire sa candidature \u00e0 l&#8217;organisation des CAN 2025 et 2027 et s&#8217;explique\"}]},{\"@type\":\"WebSite\",\"@id\":\"https:\/\/www.africa-press.net\/djibouti\/#website\",\"url\":\"https:\/\/www.africa-press.net\/djibouti\/\",\"name\":\"Djibouti\",\"description\":\"Just another Africa News Agency Sites site\",\"potentialAction\":[{\"@type\":\"SearchAction\",\"target\":{\"@type\":\"EntryPoint\",\"urlTemplate\":\"https:\/\/www.africa-press.net\/djibouti\/?s={search_term_string}\"},\"query-input\":{\"@type\":\"PropertyValueSpecification\",\"valueRequired\":true,\"valueName\":\"search_term_string\"}}],\"inLanguage\":\"fr-FR\"},{\"@type\":\"Person\",\"@id\":\"https:\/\/www.africa-press.net\/djibouti\/#\/schema\/person\/2b1cf3cd81a31e3cd26889ca66d677f1\",\"name\":\"cfeditorfr\"}]}<\/script>\n<!-- \/ Yoast SEO Premium plugin. -->","yoast_head_json":{"title":"Alger retire sa candidature \u00e0 l'organisation des CAN 2025 et 2027 et s'explique - Djibouti","description":"L'Alge\u0301rie a de\u0301cide\u0301 de retirer sa candidature a\u0300 l'organisation des e\u0301ditions 2025 et 2027 de la Coupe d'Afrique des n ...","robots":{"index":"index","follow":"follow","max-snippet":"max-snippet:-1","max-image-preview":"max-image-preview:large","max-video-preview":"max-video-preview:-1"},"canonical":"https:\/\/www.africa-press.net\/djibouti\/sports\/alger-retire-sa-candidature-a-lorganisation-des-can-2025-et-2027-et-sexplique","og_locale":"fr_FR","og_type":"article","og_title":"Alger retire sa candidature \u00e0 l'organisation des CAN 2025 et 2027 et s'explique","og_description":"L'Alge\u0301rie a de\u0301cide\u0301 de retirer sa candidature a\u0300 l'organisation des e\u0301ditions 2025 et 2027 de la Coupe d'Afrique des n ...","og_url":"https:\/\/www.africa-press.net\/djibouti\/sports\/alger-retire-sa-candidature-a-lorganisation-des-can-2025-et-2027-et-sexplique","og_site_name":"Djibouti","article_published_time":"2023-10-03T13:20:34+00:00","article_modified_time":"2023-10-03T14:45:28+00:00","og_image":[{"width":1350,"height":900,"url":"https:\/\/static.africa-press.net\/djibouti\/sites\/52\/2023\/10\/sm_1696331656.716614.jpg","type":"image\/jpeg"}],"author":"cfeditorfr","twitter_card":"summary_large_image","twitter_misc":{"\u00c9crit par":"cfeditorfr","Dur\u00e9e de lecture estim\u00e9e":"2 minutes"},"schema":{"@context":"https:\/\/schema.org","@graph":[{"@type":"Article","@id":"https:\/\/www.africa-press.net\/djibouti\/sports\/alger-retire-sa-candidature-a-lorganisation-des-can-2025-et-2027-et-sexplique#article","isPartOf":{"@id":"https:\/\/www.africa-press.net\/djibouti\/sports\/alger-retire-sa-candidature-a-lorganisation-des-can-2025-et-2027-et-sexplique"},"author":{"name":"cfeditorfr","@id":"https:\/\/www.africa-press.net\/djibouti\/#\/schema\/person\/2b1cf3cd81a31e3cd26889ca66d677f1"},"headline":"Alger retire sa candidature \u00e0 l&rsquo;organisation des CAN 2025 et 2027 et s&rsquo;explique","datePublished":"2023-10-03T13:20:34+00:00","dateModified":"2023-10-03T14:45:28+00:00","mainEntityOfPage":{"@id":"https:\/\/www.africa-press.net\/djibouti\/sports\/alger-retire-sa-candidature-a-lorganisation-des-can-2025-et-2027-et-sexplique"},"wordCount":323,"commentCount":0,"image":{"@id":"https:\/\/www.africa-press.net\/djibouti\/sports\/alger-retire-sa-candidature-a-lorganisation-des-can-2025-et-2027-et-sexplique#primaryimage"},"thumbnailUrl":"https:\/\/static.africa-press.net\/djibouti\/sites\/52\/2023\/10\/sm_1696331656.716614.jpg","keywords":["Africa Press","Africa Press-Djibouti","Djibouti"],"articleSection":["Sports","Toutes les actualit\u00e9s"],"inLanguage":"fr-FR","potentialAction":[{"@type":"CommentAction","name":"Comment","target":["https:\/\/www.africa-press.net\/djibouti\/sports\/alger-retire-sa-candidature-a-lorganisation-des-can-2025-et-2027-et-sexplique#respond"]}]},{"@type":"WebPage","@id":"https:\/\/www.africa-press.net\/djibouti\/sports\/alger-retire-sa-candidature-a-lorganisation-des-can-2025-et-2027-et-sexplique","url":"https:\/\/www.africa-press.net\/djibouti\/sports\/alger-retire-sa-candidature-a-lorganisation-des-can-2025-et-2027-et-sexplique","name":"Alger retire sa candidature \u00e0 l'organisation des CAN 2025 et 2027 et s'explique - Djibouti","isPartOf":{"@id":"https:\/\/www.africa-press.net\/djibouti\/#website"},"primaryImageOfPage":{"@id":"https:\/\/www.africa-press.net\/djibouti\/sports\/alger-retire-sa-candidature-a-lorganisation-des-can-2025-et-2027-et-sexplique#primaryimage"},"image":{"@id":"https:\/\/www.africa-press.net\/djibouti\/sports\/alger-retire-sa-candidature-a-lorganisation-des-can-2025-et-2027-et-sexplique#primaryimage"},"thumbnailUrl":"https:\/\/static.africa-press.net\/djibouti\/sites\/52\/2023\/10\/sm_1696331656.716614.jpg","datePublished":"2023-10-03T13:20:34+00:00","dateModified":"2023-10-03T14:45:28+00:00","author":{"@id":"https:\/\/www.africa-press.net\/djibouti\/#\/schema\/person\/2b1cf3cd81a31e3cd26889ca66d677f1"},"description":"L'Alge\u0301rie a de\u0301cide\u0301 de retirer sa candidature a\u0300 l'organisation des e\u0301ditions 2025 et 2027 de la Coupe d'Afrique des n ...","breadcrumb":{"@id":"https:\/\/www.africa-press.net\/djibouti\/sports\/alger-retire-sa-candidature-a-lorganisation-des-can-2025-et-2027-et-sexplique#breadcrumb"},"inLanguage":"fr-FR","potentialAction":[{"@type":"ReadAction","target":["https:\/\/www.africa-press.net\/djibouti\/sports\/alger-retire-sa-candidature-a-lorganisation-des-can-2025-et-2027-et-sexplique"]}]},{"@type":"ImageObject","inLanguage":"fr-FR","@id":"https:\/\/www.africa-press.net\/djibouti\/sports\/alger-retire-sa-candidature-a-lorganisation-des-can-2025-et-2027-et-sexplique#primaryimage","url":"https:\/\/static.africa-press.net\/djibouti\/sites\/52\/2023\/10\/sm_1696331656.716614.jpg","contentUrl":"https:\/\/static.africa-press.net\/djibouti\/sites\/52\/2023\/10\/sm_1696331656.716614.jpg","width":1350,"height":900,"caption":"Alger retire sa candidature \u00e0 l'organisation des CAN 2025 et 2027 et s'explique"},{"@type":"BreadcrumbList","@id":"https:\/\/www.africa-press.net\/djibouti\/sports\/alger-retire-sa-candidature-a-lorganisation-des-can-2025-et-2027-et-sexplique#breadcrumb","itemListElement":[{"@type":"ListItem","position":1,"name":"Accueil","item":"https:\/\/www.africa-press.net\/djibouti\/"},{"@type":"ListItem","position":2,"name":"Alger retire sa candidature \u00e0 l&#8217;organisation des CAN 2025 et 2027 et s&#8217;explique"}]},{"@type":"WebSite","@id":"https:\/\/www.africa-press.net\/djibouti\/#website","url":"https:\/\/www.africa-press.net\/djibouti\/","name":"Djibouti","description":"Just another Africa News Agency Sites site","potentialAction":[{"@type":"SearchAction","target":{"@type":"EntryPoint","urlTemplate":"https:\/\/www.africa-press.net\/djibouti\/?s={search_term_string}"},"query-input":{"@type":"PropertyValueSpecification","valueRequired":true,"valueName":"search_term_string"}}],"inLanguage":"fr-FR"},{"@type":"Person","@id":"https:\/\/www.africa-press.net\/djibouti\/#\/schema\/person\/2b1cf3cd81a31e3cd26889ca66d677f1","name":"cfeditorfr"}]}},"_links":{"self":[{"href":"https:\/\/www.africa-press.net\/djibouti\/wp-json\/wp\/v2\/posts\/18653","targetHints":{"allow":["GET"]}}],"collection":[{"href":"https:\/\/www.africa-press.net\/djibouti\/wp-json\/wp\/v2\/posts"}],"about":[{"href":"https:\/\/www.africa-press.net\/djibouti\/wp-json\/wp\/v2\/types\/post"}],"author":[{"embeddable":true,"href":"https:\/\/www.africa-press.net\/djibouti\/wp-json\/wp\/v2\/users\/82"}],"replies":[{"embeddable":true,"href":"https:\/\/www.africa-press.net\/djibouti\/wp-json\/wp\/v2\/comments?post=18653"}],"version-history":[{"count":0,"href":"https:\/\/www.africa-press.net\/djibouti\/wp-json\/wp\/v2\/posts\/18653\/revisions"}],"wp:featuredmedia":[{"embeddable":true,"href":"https:\/\/www.africa-press.net\/djibouti\/wp-json\/wp\/v2\/media\/18652"}],"wp:attachment":[{"href":"https:\/\/www.africa-press.net\/djibouti\/wp-json\/wp\/v2\/media?parent=18653"}],"wp:term":[{"taxonomy":"category","embeddable":true,"href":"https:\/\/www.africa-press.net\/djibouti\/wp-json\/wp\/v2\/categories?post=18653"},{"taxonomy":"post_tag","embeddable":true,"href":"https:\/\/www.africa-press.net\/djibouti\/wp-json\/wp\/v2\/tags?post=18653"}],"curies":[{"name":"wp","href":"https:\/\/api.w.org\/{rel}","templated":true}]}}