{"id":18701,"date":"2023-10-04T16:53:22","date_gmt":"2023-10-04T16:53:22","guid":{"rendered":"https:\/\/www.africa-press.net\/djibouti\/politique\/le-ministre-de-leconomie-et-des-finances-prend-part-a-la-18eme-reunion-ministerielle-de-linitiative-de-la-corne-de-lafrique-hoa"},"modified":"2023-10-04T16:53:22","modified_gmt":"2023-10-04T16:53:22","slug":"le-ministre-de-leconomie-et-des-finances-prend-part-a-la-18eme-reunion-ministerielle-de-linitiative-de-la-corne-de-lafrique-hoa","status":"publish","type":"post","link":"https:\/\/www.africa-press.net\/djibouti\/economie\/le-ministre-de-leconomie-et-des-finances-prend-part-a-la-18eme-reunion-ministerielle-de-linitiative-de-la-corne-de-lafrique-hoa","title":{"rendered":"Le ministre de l&rsquo;Economie et des Finances prend part \u00e0 la 18\u00e8me r\u00e9union minist\u00e9rielle de l&rsquo;Initiative de la Corne de l&rsquo;Afrique (HOA)"},"content":{"rendered":"<p><span style=\"color: #ff6600\"><strong>Africa-Press &#8211; Djibouti. <\/strong><\/span>Le ministre de l\u2019Economie et des Finances charge\u0301 de l\u2019Industrie, M. Ilyas Moussa Dawaleh, a participe\u0301 a\u0300 la 18e\u0300me re\u0301union ministe\u0301rielle de l&rsquo;Initiative de la Corne de l&rsquo;Afrique (HOA) qui s&rsquo;est tenue aujourd&rsquo;hui a\u0300 Addis-Abeba ,en E\u0301thiopie, sous la houlette de M. Ahmed Shide, ministre des Finances de l&rsquo;E\u0301thiopie, avec tous ses homologues des pays membres.<\/p>\n<p>Pour la premie\u0300re fois, les repre\u0301sentants de la France et du Royaume-Uni (FCDO) ont e\u0301te\u0301 invite\u0301s en tant qu&rsquo;observateurs pour assister a\u0300 la re\u0301union.<\/p>\n<p>Par ailleurs, pour la premie\u0300re fois, des repre\u0301sentants du secteur prive\u0301 ont e\u0301te\u0301 convie\u0301s pour chercher a\u0300 promouvoir le ro\u0302le du secteur prive\u0301 dans l&rsquo;initiative de la corne d&rsquo;Afrique.<\/p>\n<p>Les objectifs de cette 18e\u0300me re\u0301union, base\u0301s sur les discussions des re\u0301unions pre\u0301ce\u0301dentes et l&rsquo;approfondissement de l&rsquo;analyse au niveau national et re\u0301gional, visent a\u0300 e\u0301changer sur la fac\u0327on de promouvoir un de\u0301veloppement plus efficace autour des zones frontalie\u0300res, d&rsquo;identifier les opportunite\u0301s pour un plus grand engagement du secteur prive\u0301 (PSE), et de recevoir des mises a\u0300 jour sur diverses questions relatives a\u0300 l&rsquo;Initiative.<\/p>\n<p>Le dialogue sur l&rsquo;engagement du secteur prive\u0301 s&rsquo;est poursuivi lors d&rsquo;une table ronde organise\u0301e cet apre\u0300s-midi entre les ministres et les repre\u0301sentants d&rsquo;organisations prive\u0301es a\u0300 la suite de la re\u0301union ministe\u0301rielle.<\/p>\n<p>Le ministre de l\u2019Economie et des Finances charge\u0301 de l\u2019Industrie, M. Ilyas Moussa Dawaleh, a participe\u0301 a\u0300 la 18e\u0300me re\u0301union ministe\u0301rielle de l&rsquo;Initiative de la Corne de l&rsquo;Afrique (HOA) qui s&rsquo;est tenue aujourd&rsquo;hui a\u0300 Addis-Abeba ,en E\u0301thiopie, sous la houlette de M. Ahmed Shide, ministre des Finances de l&rsquo;E\u0301thiopie, avec tous ses homologues des pays membres.<\/p>\n<p>Pour la premie\u0300re fois, les repre\u0301sentants de la France et du Royaume-Uni (FCDO) ont e\u0301te\u0301 invite\u0301s en tant qu&rsquo;observateurs pour assister a\u0300 la re\u0301union.<\/p>\n<p>Par ailleurs, pour la premie\u0300re fois, des repre\u0301sentants du secteur prive\u0301 ont e\u0301te\u0301 convie\u0301s pour chercher a\u0300 promouvoir le ro\u0302le du secteur prive\u0301 dans l&rsquo;initiative de la corne d&rsquo;Afrique.<\/p>\n<p>Les objectifs de cette 18e\u0300me re\u0301union, base\u0301s sur les discussions des re\u0301unions pre\u0301ce\u0301dentes et l&rsquo;approfondissement de l&rsquo;analyse au niveau national et re\u0301gional, visent a\u0300 e\u0301changer sur la fac\u0327on de promouvoir un de\u0301veloppement plus efficace autour des zones frontalie\u0300res, d&rsquo;identifier les opportunite\u0301s pour un plus grand engagement du secteur prive\u0301 (PSE), et de recevoir des mises a\u0300 jour sur diverses questions relatives a\u0300 l&rsquo;Initiative.<\/p>\n<p>Le dialogue sur l&rsquo;engagement du secteur prive\u0301 s&rsquo;est poursuivi lors d&rsquo;une table ronde organise\u0301e cet apre\u0300s-midi entre les ministres et les repre\u0301sentants d&rsquo;organisations prive\u0301es a\u0300 la suite de la re\u0301union ministe\u0301rielle.<\/p>\n<p><strong>Pour plus d&rsquo;informations et d&rsquo;analyses sur la <a href=\"https:\/\/www.africa-press.net\/djibouti\">Djibouti<\/a>, suivez <a href=\"https:\/\/www.africa-press.net\/\">Africa-Press<\/a><\/strong><\/p>\n","protected":false},"excerpt":{"rendered":"<p>Africa-Press &#8211; Djibouti. Le ministre de l\u2019Economie et des Finances charge\u0301 de l\u2019Industrie, M. Ilyas Moussa Dawaleh, a participe\u0301 a\u0300 la 18e\u0300me re\u0301union ministe\u0301rielle de l&rsquo;Initiative de la Corne de l&rsquo;Afrique (HOA) qui s&rsquo;est tenue aujourd&rsquo;hui a\u0300 Addis-Abeba ,en E\u0301thiopie, sous la houlette de M. Ahmed Shide, ministre des Finances de l&rsquo;E\u0301thiopie, avec tous ses [&hellip;]<\/p>\n","protected":false},"author":82,"featured_media":18700,"comment_status":"open","ping_status":"closed","sticky":false,"template":"","format":"standard","meta":{"footnotes":""},"categories":[3,20,10],"tags":[36,49,50],"class_list":["post-18701","post","type-post","status-publish","format-standard","has-post-thumbnail","hentry","category-economie","category-top-nouvelles","category-toutes-les-actualites","tag-africa-press","tag-africa-press-djibouti","tag-djibouti"],"yoast_head":"<!-- This site is optimized with the Yoast SEO Premium plugin v26.1 (Yoast SEO v27.0) - https:\/\/yoast.com\/product\/yoast-seo-premium-wordpress\/ -->\n<title>Le ministre de l&#039;Economie et des Finances prend part \u00e0 la 18\u00e8me r\u00e9union minist\u00e9rielle de l&#039;Initiative de la Corne de l&#039;Afrique (HOA) - Djibouti<\/title>\n<meta name=\"robots\" content=\"index, follow, max-snippet:-1, max-image-preview:large, max-video-preview:-1\" \/>\n<link rel=\"canonical\" href=\"https:\/\/www.africa-press.net\/djibouti\/politique\/le-ministre-de-leconomie-et-des-finances-prend-part-a-la-18eme-reunion-ministerielle-de-linitiative-de-la-corne-de-lafrique-hoa\" \/>\n<meta property=\"og:locale\" content=\"fr_FR\" \/>\n<meta property=\"og:type\" content=\"article\" \/>\n<meta property=\"og:title\" content=\"Le ministre de l&#039;Economie et des Finances prend part \u00e0 la 18\u00e8me r\u00e9union minist\u00e9rielle de l&#039;Initiative de la Corne de l&#039;Afrique (HOA)\" \/>\n<meta property=\"og:description\" content=\"Africa-Press &#8211; Djibouti. Le ministre de l\u2019Economie et des Finances charge\u0301 de l\u2019Industrie, M. Ilyas Moussa Dawaleh, a participe\u0301 a\u0300 la 18e\u0300me re\u0301union ministe\u0301rielle de l&rsquo;Initiative de la Corne de l&rsquo;Afrique (HOA) qui s&rsquo;est tenue aujourd&rsquo;hui a\u0300 Addis-Abeba ,en E\u0301thiopie, sous la houlette de M. Ahmed Shide, ministre des Finances de l&rsquo;E\u0301thiopie, avec tous ses [&hellip;]\" \/>\n<meta property=\"og:url\" content=\"https:\/\/www.africa-press.net\/djibouti\/politique\/le-ministre-de-leconomie-et-des-finances-prend-part-a-la-18eme-reunion-ministerielle-de-linitiative-de-la-corne-de-lafrique-hoa\" \/>\n<meta property=\"og:site_name\" content=\"Djibouti\" \/>\n<meta property=\"article:published_time\" content=\"2023-10-04T16:53:22+00:00\" \/>\n<meta name=\"author\" content=\"cfeditorfr\" \/>\n<meta name=\"twitter:card\" content=\"summary_large_image\" \/>\n<meta name=\"twitter:label1\" content=\"\u00c9crit par\" \/>\n\t<meta name=\"twitter:data1\" content=\"cfeditorfr\" \/>\n\t<meta name=\"twitter:label2\" content=\"Dur\u00e9e de lecture estim\u00e9e\" \/>\n\t<meta name=\"twitter:data2\" content=\"2 minutes\" \/>\n<script type=\"application\/ld+json\" class=\"yoast-schema-graph\">{\"@context\":\"https:\/\/schema.org\",\"@graph\":[{\"@type\":\"Article\",\"@id\":\"https:\/\/www.africa-press.net\/djibouti\/politique\/le-ministre-de-leconomie-et-des-finances-prend-part-a-la-18eme-reunion-ministerielle-de-linitiative-de-la-corne-de-lafrique-hoa#article\",\"isPartOf\":{\"@id\":\"https:\/\/www.africa-press.net\/djibouti\/politique\/le-ministre-de-leconomie-et-des-finances-prend-part-a-la-18eme-reunion-ministerielle-de-linitiative-de-la-corne-de-lafrique-hoa\"},\"author\":{\"name\":\"cfeditorfr\",\"@id\":\"https:\/\/www.africa-press.net\/djibouti\/#\/schema\/person\/2b1cf3cd81a31e3cd26889ca66d677f1\"},\"headline\":\"Le ministre de l&rsquo;Economie et des Finances prend part \u00e0 la 18\u00e8me r\u00e9union minist\u00e9rielle de l&rsquo;Initiative de la Corne de l&rsquo;Afrique (HOA)\",\"datePublished\":\"2023-10-04T16:53:22+00:00\",\"mainEntityOfPage\":{\"@id\":\"https:\/\/www.africa-press.net\/djibouti\/politique\/le-ministre-de-leconomie-et-des-finances-prend-part-a-la-18eme-reunion-ministerielle-de-linitiative-de-la-corne-de-lafrique-hoa\"},\"wordCount\":549,\"commentCount\":0,\"image\":{\"@id\":\"https:\/\/www.africa-press.net\/djibouti\/politique\/le-ministre-de-leconomie-et-des-finances-prend-part-a-la-18eme-reunion-ministerielle-de-linitiative-de-la-corne-de-lafrique-hoa#primaryimage\"},\"thumbnailUrl\":\"https:\/\/static.africa-press.net\/djibouti\/sites\/52\/2023\/10\/sm_1696430197.656071.jpg\",\"keywords\":[\"Africa Press\",\"Africa Press-Djibouti\",\"Djibouti\"],\"articleSection\":[\"\u00c9conomie\",\"Top Nouvelles\",\"Toutes les actualit\u00e9s\"],\"inLanguage\":\"fr-FR\",\"potentialAction\":[{\"@type\":\"CommentAction\",\"name\":\"Comment\",\"target\":[\"https:\/\/www.africa-press.net\/djibouti\/politique\/le-ministre-de-leconomie-et-des-finances-prend-part-a-la-18eme-reunion-ministerielle-de-linitiative-de-la-corne-de-lafrique-hoa#respond\"]}]},{\"@type\":\"WebPage\",\"@id\":\"https:\/\/www.africa-press.net\/djibouti\/politique\/le-ministre-de-leconomie-et-des-finances-prend-part-a-la-18eme-reunion-ministerielle-de-linitiative-de-la-corne-de-lafrique-hoa\",\"url\":\"https:\/\/www.africa-press.net\/djibouti\/politique\/le-ministre-de-leconomie-et-des-finances-prend-part-a-la-18eme-reunion-ministerielle-de-linitiative-de-la-corne-de-lafrique-hoa\",\"name\":\"Le ministre de l'Economie et des Finances prend part \u00e0 la 18\u00e8me r\u00e9union minist\u00e9rielle de l'Initiative de la Corne de l'Afrique (HOA) - Djibouti\",\"isPartOf\":{\"@id\":\"https:\/\/www.africa-press.net\/djibouti\/#website\"},\"primaryImageOfPage\":{\"@id\":\"https:\/\/www.africa-press.net\/djibouti\/politique\/le-ministre-de-leconomie-et-des-finances-prend-part-a-la-18eme-reunion-ministerielle-de-linitiative-de-la-corne-de-lafrique-hoa#primaryimage\"},\"image\":{\"@id\":\"https:\/\/www.africa-press.net\/djibouti\/politique\/le-ministre-de-leconomie-et-des-finances-prend-part-a-la-18eme-reunion-ministerielle-de-linitiative-de-la-corne-de-lafrique-hoa#primaryimage\"},\"thumbnailUrl\":\"https:\/\/static.africa-press.net\/djibouti\/sites\/52\/2023\/10\/sm_1696430197.656071.jpg\",\"datePublished\":\"2023-10-04T16:53:22+00:00\",\"author\":{\"@id\":\"https:\/\/www.africa-press.net\/djibouti\/#\/schema\/person\/2b1cf3cd81a31e3cd26889ca66d677f1\"},\"breadcrumb\":{\"@id\":\"https:\/\/www.africa-press.net\/djibouti\/politique\/le-ministre-de-leconomie-et-des-finances-prend-part-a-la-18eme-reunion-ministerielle-de-linitiative-de-la-corne-de-lafrique-hoa#breadcrumb\"},\"inLanguage\":\"fr-FR\",\"potentialAction\":[{\"@type\":\"ReadAction\",\"target\":[\"https:\/\/www.africa-press.net\/djibouti\/politique\/le-ministre-de-leconomie-et-des-finances-prend-part-a-la-18eme-reunion-ministerielle-de-linitiative-de-la-corne-de-lafrique-hoa\"]}]},{\"@type\":\"ImageObject\",\"inLanguage\":\"fr-FR\",\"@id\":\"https:\/\/www.africa-press.net\/djibouti\/politique\/le-ministre-de-leconomie-et-des-finances-prend-part-a-la-18eme-reunion-ministerielle-de-linitiative-de-la-corne-de-lafrique-hoa#primaryimage\",\"url\":\"https:\/\/static.africa-press.net\/djibouti\/sites\/52\/2023\/10\/sm_1696430197.656071.jpg\",\"contentUrl\":\"https:\/\/static.africa-press.net\/djibouti\/sites\/52\/2023\/10\/sm_1696430197.656071.jpg\",\"width\":1080,\"height\":810,\"caption\":\"Le ministre de l'Economie et des Finances prend part \u00e0 la 18\u00e8me r\u00e9union minist\u00e9rielle de l'Initiative de la Corne de l'Afrique (HOA)\"},{\"@type\":\"BreadcrumbList\",\"@id\":\"https:\/\/www.africa-press.net\/djibouti\/politique\/le-ministre-de-leconomie-et-des-finances-prend-part-a-la-18eme-reunion-ministerielle-de-linitiative-de-la-corne-de-lafrique-hoa#breadcrumb\",\"itemListElement\":[{\"@type\":\"ListItem\",\"position\":1,\"name\":\"Accueil\",\"item\":\"https:\/\/www.africa-press.net\/djibouti\/\"},{\"@type\":\"ListItem\",\"position\":2,\"name\":\"Le ministre de l&#8217;Economie et des Finances prend part \u00e0 la 18\u00e8me r\u00e9union minist\u00e9rielle de l&#8217;Initiative de la Corne de l&#8217;Afrique (HOA)\"}]},{\"@type\":\"WebSite\",\"@id\":\"https:\/\/www.africa-press.net\/djibouti\/#website\",\"url\":\"https:\/\/www.africa-press.net\/djibouti\/\",\"name\":\"Djibouti\",\"description\":\"Just another Africa News Agency Sites site\",\"potentialAction\":[{\"@type\":\"SearchAction\",\"target\":{\"@type\":\"EntryPoint\",\"urlTemplate\":\"https:\/\/www.africa-press.net\/djibouti\/?s={search_term_string}\"},\"query-input\":{\"@type\":\"PropertyValueSpecification\",\"valueRequired\":true,\"valueName\":\"search_term_string\"}}],\"inLanguage\":\"fr-FR\"},{\"@type\":\"Person\",\"@id\":\"https:\/\/www.africa-press.net\/djibouti\/#\/schema\/person\/2b1cf3cd81a31e3cd26889ca66d677f1\",\"name\":\"cfeditorfr\"}]}<\/script>\n<!-- \/ Yoast SEO Premium plugin. -->","yoast_head_json":{"title":"Le ministre de l'Economie et des Finances prend part \u00e0 la 18\u00e8me r\u00e9union minist\u00e9rielle de l'Initiative de la Corne de l'Afrique (HOA) - Djibouti","robots":{"index":"index","follow":"follow","max-snippet":"max-snippet:-1","max-image-preview":"max-image-preview:large","max-video-preview":"max-video-preview:-1"},"canonical":"https:\/\/www.africa-press.net\/djibouti\/politique\/le-ministre-de-leconomie-et-des-finances-prend-part-a-la-18eme-reunion-ministerielle-de-linitiative-de-la-corne-de-lafrique-hoa","og_locale":"fr_FR","og_type":"article","og_title":"Le ministre de l'Economie et des Finances prend part \u00e0 la 18\u00e8me r\u00e9union minist\u00e9rielle de l'Initiative de la Corne de l'Afrique (HOA)","og_description":"Africa-Press &#8211; Djibouti. Le ministre de l\u2019Economie et des Finances charge\u0301 de l\u2019Industrie, M. Ilyas Moussa Dawaleh, a participe\u0301 a\u0300 la 18e\u0300me re\u0301union ministe\u0301rielle de l&rsquo;Initiative de la Corne de l&rsquo;Afrique (HOA) qui s&rsquo;est tenue aujourd&rsquo;hui a\u0300 Addis-Abeba ,en E\u0301thiopie, sous la houlette de M. Ahmed Shide, ministre des Finances de l&rsquo;E\u0301thiopie, avec tous ses [&hellip;]","og_url":"https:\/\/www.africa-press.net\/djibouti\/politique\/le-ministre-de-leconomie-et-des-finances-prend-part-a-la-18eme-reunion-ministerielle-de-linitiative-de-la-corne-de-lafrique-hoa","og_site_name":"Djibouti","article_published_time":"2023-10-04T16:53:22+00:00","author":"cfeditorfr","twitter_card":"summary_large_image","twitter_misc":{"\u00c9crit par":"cfeditorfr","Dur\u00e9e de lecture estim\u00e9e":"2 minutes"},"schema":{"@context":"https:\/\/schema.org","@graph":[{"@type":"Article","@id":"https:\/\/www.africa-press.net\/djibouti\/politique\/le-ministre-de-leconomie-et-des-finances-prend-part-a-la-18eme-reunion-ministerielle-de-linitiative-de-la-corne-de-lafrique-hoa#article","isPartOf":{"@id":"https:\/\/www.africa-press.net\/djibouti\/politique\/le-ministre-de-leconomie-et-des-finances-prend-part-a-la-18eme-reunion-ministerielle-de-linitiative-de-la-corne-de-lafrique-hoa"},"author":{"name":"cfeditorfr","@id":"https:\/\/www.africa-press.net\/djibouti\/#\/schema\/person\/2b1cf3cd81a31e3cd26889ca66d677f1"},"headline":"Le ministre de l&rsquo;Economie et des Finances prend part \u00e0 la 18\u00e8me r\u00e9union minist\u00e9rielle de l&rsquo;Initiative de la Corne de l&rsquo;Afrique (HOA)","datePublished":"2023-10-04T16:53:22+00:00","mainEntityOfPage":{"@id":"https:\/\/www.africa-press.net\/djibouti\/politique\/le-ministre-de-leconomie-et-des-finances-prend-part-a-la-18eme-reunion-ministerielle-de-linitiative-de-la-corne-de-lafrique-hoa"},"wordCount":549,"commentCount":0,"image":{"@id":"https:\/\/www.africa-press.net\/djibouti\/politique\/le-ministre-de-leconomie-et-des-finances-prend-part-a-la-18eme-reunion-ministerielle-de-linitiative-de-la-corne-de-lafrique-hoa#primaryimage"},"thumbnailUrl":"https:\/\/static.africa-press.net\/djibouti\/sites\/52\/2023\/10\/sm_1696430197.656071.jpg","keywords":["Africa Press","Africa Press-Djibouti","Djibouti"],"articleSection":["\u00c9conomie","Top Nouvelles","Toutes les actualit\u00e9s"],"inLanguage":"fr-FR","potentialAction":[{"@type":"CommentAction","name":"Comment","target":["https:\/\/www.africa-press.net\/djibouti\/politique\/le-ministre-de-leconomie-et-des-finances-prend-part-a-la-18eme-reunion-ministerielle-de-linitiative-de-la-corne-de-lafrique-hoa#respond"]}]},{"@type":"WebPage","@id":"https:\/\/www.africa-press.net\/djibouti\/politique\/le-ministre-de-leconomie-et-des-finances-prend-part-a-la-18eme-reunion-ministerielle-de-linitiative-de-la-corne-de-lafrique-hoa","url":"https:\/\/www.africa-press.net\/djibouti\/politique\/le-ministre-de-leconomie-et-des-finances-prend-part-a-la-18eme-reunion-ministerielle-de-linitiative-de-la-corne-de-lafrique-hoa","name":"Le ministre de l'Economie et des Finances prend part \u00e0 la 18\u00e8me r\u00e9union minist\u00e9rielle de l'Initiative de la Corne de l'Afrique (HOA) - Djibouti","isPartOf":{"@id":"https:\/\/www.africa-press.net\/djibouti\/#website"},"primaryImageOfPage":{"@id":"https:\/\/www.africa-press.net\/djibouti\/politique\/le-ministre-de-leconomie-et-des-finances-prend-part-a-la-18eme-reunion-ministerielle-de-linitiative-de-la-corne-de-lafrique-hoa#primaryimage"},"image":{"@id":"https:\/\/www.africa-press.net\/djibouti\/politique\/le-ministre-de-leconomie-et-des-finances-prend-part-a-la-18eme-reunion-ministerielle-de-linitiative-de-la-corne-de-lafrique-hoa#primaryimage"},"thumbnailUrl":"https:\/\/static.africa-press.net\/djibouti\/sites\/52\/2023\/10\/sm_1696430197.656071.jpg","datePublished":"2023-10-04T16:53:22+00:00","author":{"@id":"https:\/\/www.africa-press.net\/djibouti\/#\/schema\/person\/2b1cf3cd81a31e3cd26889ca66d677f1"},"breadcrumb":{"@id":"https:\/\/www.africa-press.net\/djibouti\/politique\/le-ministre-de-leconomie-et-des-finances-prend-part-a-la-18eme-reunion-ministerielle-de-linitiative-de-la-corne-de-lafrique-hoa#breadcrumb"},"inLanguage":"fr-FR","potentialAction":[{"@type":"ReadAction","target":["https:\/\/www.africa-press.net\/djibouti\/politique\/le-ministre-de-leconomie-et-des-finances-prend-part-a-la-18eme-reunion-ministerielle-de-linitiative-de-la-corne-de-lafrique-hoa"]}]},{"@type":"ImageObject","inLanguage":"fr-FR","@id":"https:\/\/www.africa-press.net\/djibouti\/politique\/le-ministre-de-leconomie-et-des-finances-prend-part-a-la-18eme-reunion-ministerielle-de-linitiative-de-la-corne-de-lafrique-hoa#primaryimage","url":"https:\/\/static.africa-press.net\/djibouti\/sites\/52\/2023\/10\/sm_1696430197.656071.jpg","contentUrl":"https:\/\/static.africa-press.net\/djibouti\/sites\/52\/2023\/10\/sm_1696430197.656071.jpg","width":1080,"height":810,"caption":"Le ministre de l'Economie et des Finances prend part \u00e0 la 18\u00e8me r\u00e9union minist\u00e9rielle de l'Initiative de la Corne de l'Afrique (HOA)"},{"@type":"BreadcrumbList","@id":"https:\/\/www.africa-press.net\/djibouti\/politique\/le-ministre-de-leconomie-et-des-finances-prend-part-a-la-18eme-reunion-ministerielle-de-linitiative-de-la-corne-de-lafrique-hoa#breadcrumb","itemListElement":[{"@type":"ListItem","position":1,"name":"Accueil","item":"https:\/\/www.africa-press.net\/djibouti\/"},{"@type":"ListItem","position":2,"name":"Le ministre de l&#8217;Economie et des Finances prend part \u00e0 la 18\u00e8me r\u00e9union minist\u00e9rielle de l&#8217;Initiative de la Corne de l&#8217;Afrique (HOA)"}]},{"@type":"WebSite","@id":"https:\/\/www.africa-press.net\/djibouti\/#website","url":"https:\/\/www.africa-press.net\/djibouti\/","name":"Djibouti","description":"Just another Africa News Agency Sites site","potentialAction":[{"@type":"SearchAction","target":{"@type":"EntryPoint","urlTemplate":"https:\/\/www.africa-press.net\/djibouti\/?s={search_term_string}"},"query-input":{"@type":"PropertyValueSpecification","valueRequired":true,"valueName":"search_term_string"}}],"inLanguage":"fr-FR"},{"@type":"Person","@id":"https:\/\/www.africa-press.net\/djibouti\/#\/schema\/person\/2b1cf3cd81a31e3cd26889ca66d677f1","name":"cfeditorfr"}]}},"_links":{"self":[{"href":"https:\/\/www.africa-press.net\/djibouti\/wp-json\/wp\/v2\/posts\/18701","targetHints":{"allow":["GET"]}}],"collection":[{"href":"https:\/\/www.africa-press.net\/djibouti\/wp-json\/wp\/v2\/posts"}],"about":[{"href":"https:\/\/www.africa-press.net\/djibouti\/wp-json\/wp\/v2\/types\/post"}],"author":[{"embeddable":true,"href":"https:\/\/www.africa-press.net\/djibouti\/wp-json\/wp\/v2\/users\/82"}],"replies":[{"embeddable":true,"href":"https:\/\/www.africa-press.net\/djibouti\/wp-json\/wp\/v2\/comments?post=18701"}],"version-history":[{"count":0,"href":"https:\/\/www.africa-press.net\/djibouti\/wp-json\/wp\/v2\/posts\/18701\/revisions"}],"wp:featuredmedia":[{"embeddable":true,"href":"https:\/\/www.africa-press.net\/djibouti\/wp-json\/wp\/v2\/media\/18700"}],"wp:attachment":[{"href":"https:\/\/www.africa-press.net\/djibouti\/wp-json\/wp\/v2\/media?parent=18701"}],"wp:term":[{"taxonomy":"category","embeddable":true,"href":"https:\/\/www.africa-press.net\/djibouti\/wp-json\/wp\/v2\/categories?post=18701"},{"taxonomy":"post_tag","embeddable":true,"href":"https:\/\/www.africa-press.net\/djibouti\/wp-json\/wp\/v2\/tags?post=18701"}],"curies":[{"name":"wp","href":"https:\/\/api.w.org\/{rel}","templated":true}]}}