{"id":18703,"date":"2023-10-04T16:54:03","date_gmt":"2023-10-04T16:54:03","guid":{"rendered":"https:\/\/www.africa-press.net\/djibouti\/politique\/le-president-guelleh-regagne-le-pays-a-lissue-de-sa-participation-a-lexpo-2023-doha"},"modified":"2023-10-04T16:54:03","modified_gmt":"2023-10-04T16:54:03","slug":"le-president-guelleh-regagne-le-pays-a-lissue-de-sa-participation-a-lexpo-2023-doha","status":"publish","type":"post","link":"https:\/\/www.africa-press.net\/djibouti\/politique\/le-president-guelleh-regagne-le-pays-a-lissue-de-sa-participation-a-lexpo-2023-doha","title":{"rendered":"Le Pr\u00e9sident Guelleh regagne le pays \u00e0 l\u2019issue de sa participation \u00e0 l\u2019Expo 2023 Doha"},"content":{"rendered":"<p><span style=\"color: #ff6600\"><strong>Africa-Press &#8211; Djibouti. <\/strong><\/span>Le Pre\u0301sident de la Re\u0301publique, M. Ismail Omar Guelleh, a regagne\u0301 ce mardi, en de\u0301but d\u2019apre\u0300s-midi, le pays a\u0300 l\u2019issue de sa participation a\u0300 l\u2019Expo 2023 Doha sur l\u2019Horticulture et l\u2019Agriculture.<\/p>\n<p>Forum d\u2019e\u0301changes sur les techniques de production, d\u2019exploitation et d\u2019accroissement de re\u0301coltes agricoles, l\u2019Expo 2023 Doha aborde\u0301 en filigrane aussi certains des de\u0301fis les plus en vue a\u0300 l\u2019e\u0301chelle internationale dont, la de\u0301sertification et ses corolaires les plus symptomatiques que sont l\u2019inse\u0301curite\u0301 alimentaire et les de\u0301ficiences en terme d\u2019eau.<\/p>\n<p>Eve\u0300nement riche en symboliques, la Foire agricole 2023 Doha a re\u0301uni, outre une dizaine de Chefs d\u2019Etat et de Gouvernement, des de\u0301le\u0301gations issues d\u2019une centaine de pays ainsi que de milliers d\u2019autres participants compose\u0301s de professionnels, de scientifiques et d\u2019ope\u0301rateurs e\u0301conomiques travaillant tous dans le sillage de l\u2019Agriculture.<\/p>\n<p>Et pris la figure d\u2019une plaidoirie nouvelle en faveur de l\u2019instauration d\u2019un processus contraignant qui, engage l\u2019ensemble des socie\u0301te\u0301s du monde en matie\u0300re de protection d\u2019Environnement et de re\u0301duction de gaz a\u0300 effet de serre.<\/p>\n<p>Le Pre\u0301sident de la Re\u0301publique, M. Ismail Omar Guelleh, a regagne\u0301 ce mardi, en de\u0301but d\u2019apre\u0300s-midi, le pays a\u0300 l\u2019issue de sa participation a\u0300 l\u2019Expo 2023 Doha sur l\u2019Horticulture et l\u2019Agriculture.<\/p>\n<p>Forum d\u2019e\u0301changes sur les techniques de production, d\u2019exploitation et d\u2019accroissement de re\u0301coltes agricoles, l\u2019Expo 2023 Doha aborde\u0301 en filigrane aussi certains des de\u0301fis les plus en vue a\u0300 l\u2019e\u0301chelle internationale dont, la de\u0301sertification et ses corolaires les plus symptomatiques que sont l\u2019inse\u0301curite\u0301 alimentaire et les de\u0301ficiences en terme d\u2019eau.<\/p>\n<p>Eve\u0300nement riche en symboliques, la Foire agricole 2023 Doha a re\u0301uni, outre une dizaine de Chefs d\u2019Etat et de Gouvernement, des de\u0301le\u0301gations issues d\u2019une centaine de pays ainsi que de milliers d\u2019autres participants compose\u0301s de professionnels, de scientifiques et d\u2019ope\u0301rateurs e\u0301conomiques travaillant tous dans le sillage de l\u2019Agriculture.<\/p>\n<p>Et pris la figure d\u2019une plaidoirie nouvelle en faveur de l\u2019instauration d\u2019un processus contraignant qui, engage l\u2019ensemble des socie\u0301te\u0301s du monde en matie\u0300re de protection d\u2019Environnement et de re\u0301duction de gaz a\u0300 effet de serre.<\/p>\n<p><strong>Pour plus d&rsquo;informations et d&rsquo;analyses sur la <a href=\"https:\/\/www.africa-press.net\/djibouti\">Djibouti<\/a>, suivez <a href=\"https:\/\/www.africa-press.net\/\">Africa-Press<\/a><\/strong><\/p>\n","protected":false},"excerpt":{"rendered":"<p>Africa-Press &#8211; Djibouti. Le Pre\u0301sident de la Re\u0301publique, M. Ismail Omar Guelleh, a regagne\u0301 ce mardi, en de\u0301but d\u2019apre\u0300s-midi, le pays a\u0300 l\u2019issue de sa participation a\u0300 l\u2019Expo 2023 Doha sur l\u2019Horticulture et l\u2019Agriculture. Forum d\u2019e\u0301changes sur les techniques de production, d\u2019exploitation et d\u2019accroissement de re\u0301coltes agricoles, l\u2019Expo 2023 Doha aborde\u0301 en filigrane aussi certains [&hellip;]<\/p>\n","protected":false},"author":82,"featured_media":18702,"comment_status":"open","ping_status":"closed","sticky":false,"template":"","format":"standard","meta":{"footnotes":""},"categories":[2,20,10],"tags":[36,49,50],"class_list":["post-18703","post","type-post","status-publish","format-standard","has-post-thumbnail","hentry","category-politique","category-top-nouvelles","category-toutes-les-actualites","tag-africa-press","tag-africa-press-djibouti","tag-djibouti"],"yoast_head":"<!-- This site is optimized with the Yoast SEO Premium plugin v26.1 (Yoast SEO v27.0) - https:\/\/yoast.com\/product\/yoast-seo-premium-wordpress\/ -->\n<title>Le Pr\u00e9sident Guelleh regagne le pays \u00e0 l\u2019issue de sa participation \u00e0 l\u2019Expo 2023 Doha - Djibouti<\/title>\n<meta name=\"robots\" content=\"index, follow, max-snippet:-1, max-image-preview:large, max-video-preview:-1\" \/>\n<link rel=\"canonical\" href=\"https:\/\/www.africa-press.net\/djibouti\/politique\/le-president-guelleh-regagne-le-pays-a-lissue-de-sa-participation-a-lexpo-2023-doha\" \/>\n<meta property=\"og:locale\" content=\"fr_FR\" \/>\n<meta property=\"og:type\" content=\"article\" \/>\n<meta property=\"og:title\" content=\"Le Pr\u00e9sident Guelleh regagne le pays \u00e0 l\u2019issue de sa participation \u00e0 l\u2019Expo 2023 Doha\" \/>\n<meta property=\"og:description\" content=\"Africa-Press &#8211; Djibouti. Le Pre\u0301sident de la Re\u0301publique, M. Ismail Omar Guelleh, a regagne\u0301 ce mardi, en de\u0301but d\u2019apre\u0300s-midi, le pays a\u0300 l\u2019issue de sa participation a\u0300 l\u2019Expo 2023 Doha sur l\u2019Horticulture et l\u2019Agriculture. Forum d\u2019e\u0301changes sur les techniques de production, d\u2019exploitation et d\u2019accroissement de re\u0301coltes agricoles, l\u2019Expo 2023 Doha aborde\u0301 en filigrane aussi certains [&hellip;]\" \/>\n<meta property=\"og:url\" content=\"https:\/\/www.africa-press.net\/djibouti\/politique\/le-president-guelleh-regagne-le-pays-a-lissue-de-sa-participation-a-lexpo-2023-doha\" \/>\n<meta property=\"og:site_name\" content=\"Djibouti\" \/>\n<meta property=\"article:published_time\" content=\"2023-10-04T16:54:03+00:00\" \/>\n<meta name=\"author\" content=\"cfeditorfr\" \/>\n<meta name=\"twitter:card\" content=\"summary_large_image\" \/>\n<meta name=\"twitter:label1\" content=\"\u00c9crit par\" \/>\n\t<meta name=\"twitter:data1\" content=\"cfeditorfr\" \/>\n\t<meta name=\"twitter:label2\" content=\"Dur\u00e9e de lecture estim\u00e9e\" \/>\n\t<meta name=\"twitter:data2\" content=\"2 minutes\" \/>\n<script type=\"application\/ld+json\" class=\"yoast-schema-graph\">{\"@context\":\"https:\/\/schema.org\",\"@graph\":[{\"@type\":\"Article\",\"@id\":\"https:\/\/www.africa-press.net\/djibouti\/politique\/le-president-guelleh-regagne-le-pays-a-lissue-de-sa-participation-a-lexpo-2023-doha#article\",\"isPartOf\":{\"@id\":\"https:\/\/www.africa-press.net\/djibouti\/politique\/le-president-guelleh-regagne-le-pays-a-lissue-de-sa-participation-a-lexpo-2023-doha\"},\"author\":{\"name\":\"cfeditorfr\",\"@id\":\"https:\/\/www.africa-press.net\/djibouti\/#\/schema\/person\/2b1cf3cd81a31e3cd26889ca66d677f1\"},\"headline\":\"Le Pr\u00e9sident Guelleh regagne le pays \u00e0 l\u2019issue de sa participation \u00e0 l\u2019Expo 2023 Doha\",\"datePublished\":\"2023-10-04T16:54:03+00:00\",\"mainEntityOfPage\":{\"@id\":\"https:\/\/www.africa-press.net\/djibouti\/politique\/le-president-guelleh-regagne-le-pays-a-lissue-de-sa-participation-a-lexpo-2023-doha\"},\"wordCount\":438,\"commentCount\":0,\"image\":{\"@id\":\"https:\/\/www.africa-press.net\/djibouti\/politique\/le-president-guelleh-regagne-le-pays-a-lissue-de-sa-participation-a-lexpo-2023-doha#primaryimage\"},\"thumbnailUrl\":\"https:\/\/static.africa-press.net\/djibouti\/sites\/52\/2023\/10\/sm_1696430246.796833.jpg\",\"keywords\":[\"Africa Press\",\"Africa Press-Djibouti\",\"Djibouti\"],\"articleSection\":[\"Politique\",\"Top Nouvelles\",\"Toutes les actualit\u00e9s\"],\"inLanguage\":\"fr-FR\",\"potentialAction\":[{\"@type\":\"CommentAction\",\"name\":\"Comment\",\"target\":[\"https:\/\/www.africa-press.net\/djibouti\/politique\/le-president-guelleh-regagne-le-pays-a-lissue-de-sa-participation-a-lexpo-2023-doha#respond\"]}]},{\"@type\":\"WebPage\",\"@id\":\"https:\/\/www.africa-press.net\/djibouti\/politique\/le-president-guelleh-regagne-le-pays-a-lissue-de-sa-participation-a-lexpo-2023-doha\",\"url\":\"https:\/\/www.africa-press.net\/djibouti\/politique\/le-president-guelleh-regagne-le-pays-a-lissue-de-sa-participation-a-lexpo-2023-doha\",\"name\":\"Le Pr\u00e9sident Guelleh regagne le pays \u00e0 l\u2019issue de sa participation \u00e0 l\u2019Expo 2023 Doha - Djibouti\",\"isPartOf\":{\"@id\":\"https:\/\/www.africa-press.net\/djibouti\/#website\"},\"primaryImageOfPage\":{\"@id\":\"https:\/\/www.africa-press.net\/djibouti\/politique\/le-president-guelleh-regagne-le-pays-a-lissue-de-sa-participation-a-lexpo-2023-doha#primaryimage\"},\"image\":{\"@id\":\"https:\/\/www.africa-press.net\/djibouti\/politique\/le-president-guelleh-regagne-le-pays-a-lissue-de-sa-participation-a-lexpo-2023-doha#primaryimage\"},\"thumbnailUrl\":\"https:\/\/static.africa-press.net\/djibouti\/sites\/52\/2023\/10\/sm_1696430246.796833.jpg\",\"datePublished\":\"2023-10-04T16:54:03+00:00\",\"author\":{\"@id\":\"https:\/\/www.africa-press.net\/djibouti\/#\/schema\/person\/2b1cf3cd81a31e3cd26889ca66d677f1\"},\"breadcrumb\":{\"@id\":\"https:\/\/www.africa-press.net\/djibouti\/politique\/le-president-guelleh-regagne-le-pays-a-lissue-de-sa-participation-a-lexpo-2023-doha#breadcrumb\"},\"inLanguage\":\"fr-FR\",\"potentialAction\":[{\"@type\":\"ReadAction\",\"target\":[\"https:\/\/www.africa-press.net\/djibouti\/politique\/le-president-guelleh-regagne-le-pays-a-lissue-de-sa-participation-a-lexpo-2023-doha\"]}]},{\"@type\":\"ImageObject\",\"inLanguage\":\"fr-FR\",\"@id\":\"https:\/\/www.africa-press.net\/djibouti\/politique\/le-president-guelleh-regagne-le-pays-a-lissue-de-sa-participation-a-lexpo-2023-doha#primaryimage\",\"url\":\"https:\/\/static.africa-press.net\/djibouti\/sites\/52\/2023\/10\/sm_1696430246.796833.jpg\",\"contentUrl\":\"https:\/\/static.africa-press.net\/djibouti\/sites\/52\/2023\/10\/sm_1696430246.796833.jpg\",\"width\":1600,\"height\":900,\"caption\":\"Le Pr\u00e9sident Guelleh regagne le pays \u00e0 l\u2019issue de sa participation \u00e0 l\u2019Expo 2023 Doha\"},{\"@type\":\"BreadcrumbList\",\"@id\":\"https:\/\/www.africa-press.net\/djibouti\/politique\/le-president-guelleh-regagne-le-pays-a-lissue-de-sa-participation-a-lexpo-2023-doha#breadcrumb\",\"itemListElement\":[{\"@type\":\"ListItem\",\"position\":1,\"name\":\"Accueil\",\"item\":\"https:\/\/www.africa-press.net\/djibouti\/\"},{\"@type\":\"ListItem\",\"position\":2,\"name\":\"Le Pr\u00e9sident Guelleh regagne le pays \u00e0 l\u2019issue de sa participation \u00e0 l\u2019Expo 2023 Doha\"}]},{\"@type\":\"WebSite\",\"@id\":\"https:\/\/www.africa-press.net\/djibouti\/#website\",\"url\":\"https:\/\/www.africa-press.net\/djibouti\/\",\"name\":\"Djibouti\",\"description\":\"Just another Africa News Agency Sites site\",\"potentialAction\":[{\"@type\":\"SearchAction\",\"target\":{\"@type\":\"EntryPoint\",\"urlTemplate\":\"https:\/\/www.africa-press.net\/djibouti\/?s={search_term_string}\"},\"query-input\":{\"@type\":\"PropertyValueSpecification\",\"valueRequired\":true,\"valueName\":\"search_term_string\"}}],\"inLanguage\":\"fr-FR\"},{\"@type\":\"Person\",\"@id\":\"https:\/\/www.africa-press.net\/djibouti\/#\/schema\/person\/2b1cf3cd81a31e3cd26889ca66d677f1\",\"name\":\"cfeditorfr\"}]}<\/script>\n<!-- \/ Yoast SEO Premium plugin. -->","yoast_head_json":{"title":"Le Pr\u00e9sident Guelleh regagne le pays \u00e0 l\u2019issue de sa participation \u00e0 l\u2019Expo 2023 Doha - Djibouti","robots":{"index":"index","follow":"follow","max-snippet":"max-snippet:-1","max-image-preview":"max-image-preview:large","max-video-preview":"max-video-preview:-1"},"canonical":"https:\/\/www.africa-press.net\/djibouti\/politique\/le-president-guelleh-regagne-le-pays-a-lissue-de-sa-participation-a-lexpo-2023-doha","og_locale":"fr_FR","og_type":"article","og_title":"Le Pr\u00e9sident Guelleh regagne le pays \u00e0 l\u2019issue de sa participation \u00e0 l\u2019Expo 2023 Doha","og_description":"Africa-Press &#8211; Djibouti. Le Pre\u0301sident de la Re\u0301publique, M. Ismail Omar Guelleh, a regagne\u0301 ce mardi, en de\u0301but d\u2019apre\u0300s-midi, le pays a\u0300 l\u2019issue de sa participation a\u0300 l\u2019Expo 2023 Doha sur l\u2019Horticulture et l\u2019Agriculture. Forum d\u2019e\u0301changes sur les techniques de production, d\u2019exploitation et d\u2019accroissement de re\u0301coltes agricoles, l\u2019Expo 2023 Doha aborde\u0301 en filigrane aussi certains [&hellip;]","og_url":"https:\/\/www.africa-press.net\/djibouti\/politique\/le-president-guelleh-regagne-le-pays-a-lissue-de-sa-participation-a-lexpo-2023-doha","og_site_name":"Djibouti","article_published_time":"2023-10-04T16:54:03+00:00","author":"cfeditorfr","twitter_card":"summary_large_image","twitter_misc":{"\u00c9crit par":"cfeditorfr","Dur\u00e9e de lecture estim\u00e9e":"2 minutes"},"schema":{"@context":"https:\/\/schema.org","@graph":[{"@type":"Article","@id":"https:\/\/www.africa-press.net\/djibouti\/politique\/le-president-guelleh-regagne-le-pays-a-lissue-de-sa-participation-a-lexpo-2023-doha#article","isPartOf":{"@id":"https:\/\/www.africa-press.net\/djibouti\/politique\/le-president-guelleh-regagne-le-pays-a-lissue-de-sa-participation-a-lexpo-2023-doha"},"author":{"name":"cfeditorfr","@id":"https:\/\/www.africa-press.net\/djibouti\/#\/schema\/person\/2b1cf3cd81a31e3cd26889ca66d677f1"},"headline":"Le Pr\u00e9sident Guelleh regagne le pays \u00e0 l\u2019issue de sa participation \u00e0 l\u2019Expo 2023 Doha","datePublished":"2023-10-04T16:54:03+00:00","mainEntityOfPage":{"@id":"https:\/\/www.africa-press.net\/djibouti\/politique\/le-president-guelleh-regagne-le-pays-a-lissue-de-sa-participation-a-lexpo-2023-doha"},"wordCount":438,"commentCount":0,"image":{"@id":"https:\/\/www.africa-press.net\/djibouti\/politique\/le-president-guelleh-regagne-le-pays-a-lissue-de-sa-participation-a-lexpo-2023-doha#primaryimage"},"thumbnailUrl":"https:\/\/static.africa-press.net\/djibouti\/sites\/52\/2023\/10\/sm_1696430246.796833.jpg","keywords":["Africa Press","Africa Press-Djibouti","Djibouti"],"articleSection":["Politique","Top Nouvelles","Toutes les actualit\u00e9s"],"inLanguage":"fr-FR","potentialAction":[{"@type":"CommentAction","name":"Comment","target":["https:\/\/www.africa-press.net\/djibouti\/politique\/le-president-guelleh-regagne-le-pays-a-lissue-de-sa-participation-a-lexpo-2023-doha#respond"]}]},{"@type":"WebPage","@id":"https:\/\/www.africa-press.net\/djibouti\/politique\/le-president-guelleh-regagne-le-pays-a-lissue-de-sa-participation-a-lexpo-2023-doha","url":"https:\/\/www.africa-press.net\/djibouti\/politique\/le-president-guelleh-regagne-le-pays-a-lissue-de-sa-participation-a-lexpo-2023-doha","name":"Le Pr\u00e9sident Guelleh regagne le pays \u00e0 l\u2019issue de sa participation \u00e0 l\u2019Expo 2023 Doha - Djibouti","isPartOf":{"@id":"https:\/\/www.africa-press.net\/djibouti\/#website"},"primaryImageOfPage":{"@id":"https:\/\/www.africa-press.net\/djibouti\/politique\/le-president-guelleh-regagne-le-pays-a-lissue-de-sa-participation-a-lexpo-2023-doha#primaryimage"},"image":{"@id":"https:\/\/www.africa-press.net\/djibouti\/politique\/le-president-guelleh-regagne-le-pays-a-lissue-de-sa-participation-a-lexpo-2023-doha#primaryimage"},"thumbnailUrl":"https:\/\/static.africa-press.net\/djibouti\/sites\/52\/2023\/10\/sm_1696430246.796833.jpg","datePublished":"2023-10-04T16:54:03+00:00","author":{"@id":"https:\/\/www.africa-press.net\/djibouti\/#\/schema\/person\/2b1cf3cd81a31e3cd26889ca66d677f1"},"breadcrumb":{"@id":"https:\/\/www.africa-press.net\/djibouti\/politique\/le-president-guelleh-regagne-le-pays-a-lissue-de-sa-participation-a-lexpo-2023-doha#breadcrumb"},"inLanguage":"fr-FR","potentialAction":[{"@type":"ReadAction","target":["https:\/\/www.africa-press.net\/djibouti\/politique\/le-president-guelleh-regagne-le-pays-a-lissue-de-sa-participation-a-lexpo-2023-doha"]}]},{"@type":"ImageObject","inLanguage":"fr-FR","@id":"https:\/\/www.africa-press.net\/djibouti\/politique\/le-president-guelleh-regagne-le-pays-a-lissue-de-sa-participation-a-lexpo-2023-doha#primaryimage","url":"https:\/\/static.africa-press.net\/djibouti\/sites\/52\/2023\/10\/sm_1696430246.796833.jpg","contentUrl":"https:\/\/static.africa-press.net\/djibouti\/sites\/52\/2023\/10\/sm_1696430246.796833.jpg","width":1600,"height":900,"caption":"Le Pr\u00e9sident Guelleh regagne le pays \u00e0 l\u2019issue de sa participation \u00e0 l\u2019Expo 2023 Doha"},{"@type":"BreadcrumbList","@id":"https:\/\/www.africa-press.net\/djibouti\/politique\/le-president-guelleh-regagne-le-pays-a-lissue-de-sa-participation-a-lexpo-2023-doha#breadcrumb","itemListElement":[{"@type":"ListItem","position":1,"name":"Accueil","item":"https:\/\/www.africa-press.net\/djibouti\/"},{"@type":"ListItem","position":2,"name":"Le Pr\u00e9sident Guelleh regagne le pays \u00e0 l\u2019issue de sa participation \u00e0 l\u2019Expo 2023 Doha"}]},{"@type":"WebSite","@id":"https:\/\/www.africa-press.net\/djibouti\/#website","url":"https:\/\/www.africa-press.net\/djibouti\/","name":"Djibouti","description":"Just another Africa News Agency Sites site","potentialAction":[{"@type":"SearchAction","target":{"@type":"EntryPoint","urlTemplate":"https:\/\/www.africa-press.net\/djibouti\/?s={search_term_string}"},"query-input":{"@type":"PropertyValueSpecification","valueRequired":true,"valueName":"search_term_string"}}],"inLanguage":"fr-FR"},{"@type":"Person","@id":"https:\/\/www.africa-press.net\/djibouti\/#\/schema\/person\/2b1cf3cd81a31e3cd26889ca66d677f1","name":"cfeditorfr"}]}},"_links":{"self":[{"href":"https:\/\/www.africa-press.net\/djibouti\/wp-json\/wp\/v2\/posts\/18703","targetHints":{"allow":["GET"]}}],"collection":[{"href":"https:\/\/www.africa-press.net\/djibouti\/wp-json\/wp\/v2\/posts"}],"about":[{"href":"https:\/\/www.africa-press.net\/djibouti\/wp-json\/wp\/v2\/types\/post"}],"author":[{"embeddable":true,"href":"https:\/\/www.africa-press.net\/djibouti\/wp-json\/wp\/v2\/users\/82"}],"replies":[{"embeddable":true,"href":"https:\/\/www.africa-press.net\/djibouti\/wp-json\/wp\/v2\/comments?post=18703"}],"version-history":[{"count":0,"href":"https:\/\/www.africa-press.net\/djibouti\/wp-json\/wp\/v2\/posts\/18703\/revisions"}],"wp:featuredmedia":[{"embeddable":true,"href":"https:\/\/www.africa-press.net\/djibouti\/wp-json\/wp\/v2\/media\/18702"}],"wp:attachment":[{"href":"https:\/\/www.africa-press.net\/djibouti\/wp-json\/wp\/v2\/media?parent=18703"}],"wp:term":[{"taxonomy":"category","embeddable":true,"href":"https:\/\/www.africa-press.net\/djibouti\/wp-json\/wp\/v2\/categories?post=18703"},{"taxonomy":"post_tag","embeddable":true,"href":"https:\/\/www.africa-press.net\/djibouti\/wp-json\/wp\/v2\/tags?post=18703"}],"curies":[{"name":"wp","href":"https:\/\/api.w.org\/{rel}","templated":true}]}}