{"id":18732,"date":"2023-10-05T13:50:02","date_gmt":"2023-10-05T13:50:02","guid":{"rendered":"https:\/\/www.africa-press.net\/djibouti\/politique\/le-president-guelleh-felicite-son-homologue-allemand-dont-le-pays-celebre-la-fete-nationale"},"modified":"2023-10-05T14:06:23","modified_gmt":"2023-10-05T14:06:23","slug":"le-president-guelleh-felicite-son-homologue-allemand-dont-le-pays-celebre-la-fete-nationale","status":"publish","type":"post","link":"https:\/\/www.africa-press.net\/djibouti\/politique\/le-president-guelleh-felicite-son-homologue-allemand-dont-le-pays-celebre-la-fete-nationale","title":{"rendered":"Le Pr\u00e9sident Guelleh f\u00e9licite son homologue allemand dont le pays c\u00e9l\u00e8bre la f\u00eate nationale"},"content":{"rendered":"<p><span style=\"color: #ff6600\"><strong>Africa-Press &#8211; Djibouti. <\/strong><\/span>Le Pre\u0301sident de la Re\u0301publique, M. Ismail Omar Guelleh, a exprime\u0301 ses \u00ab chaleureuses fe\u0301licitations \u00bb ainsi que ses \u00ab meilleurs v\u0153ux de sante\u0301 et de bonheur \u00bb a\u0300 son homologue allemand, M Frank-Walter Steinemeier dont le pays ce\u0301le\u0300bre ces jours-ci l\u2019anniversaire de la Fe\u0302te nationale.<\/p>\n<p>\u00ab Le Peuple et le Gouvernement de Djibouti se joignent a\u0300 moi pour manifester leur sympathie et amitie\u0301 a\u0300 la nation allemande \u00bb, a e\u0301crit le Pre\u0301sident Guelleh dans le te\u0301le\u0301gramme de fe\u0301licitations adresse\u0301 a\u0300 M. Steinemeier.<\/p>\n<p>\u00ab Nous nous re\u0301jouissons du renforcement sans cesse continu caracte\u0301risant les relations djibouto-allemandes \u00bb, a, dans le me\u0302me document, note\u0301 le Chef de l\u2019Etat.<\/p>\n<p>Le Pre\u0301sident Guelleh a e\u0301galement profite\u0301 de cette occasion pour re\u0301ite\u0301rer l\u2019engagement de son pays \u00ab a\u0300 \u0153uvrer toujours en faveur de la pre\u0301servation et de la promotion des liens de\u0301ja\u0300 privile\u0301gie\u0301s entre les deux nations \u00bb.<\/p>\n<p>Le Pre\u0301sident de la Re\u0301publique, M. Ismail Omar Guelleh, a exprime\u0301 ses \u00ab chaleureuses fe\u0301licitations \u00bb ainsi que ses \u00ab meilleurs v\u0153ux de sante\u0301 et de bonheur \u00bb a\u0300 son homologue allemand, M Frank-Walter Steinemeier dont le pays ce\u0301le\u0300bre ces jours-ci l\u2019anniversaire de la Fe\u0302te nationale.<\/p>\n<p>\u00ab Le Peuple et le Gouvernement de Djibouti se joignent a\u0300 moi pour manifester leur sympathie et amitie\u0301 a\u0300 la nation allemande \u00bb, a e\u0301crit le Pre\u0301sident Guelleh dans le te\u0301le\u0301gramme de fe\u0301licitations adresse\u0301 a\u0300 M. Steinemeier.<\/p>\n<p>\u00ab Nous nous re\u0301jouissons du renforcement sans cesse continu caracte\u0301risant les relations djibouto-allemandes \u00bb, a, dans le me\u0302me document, note\u0301 le Chef de l\u2019Etat.<\/p>\n<p>Le Pre\u0301sident Guelleh a e\u0301galement profite\u0301 de cette occasion pour re\u0301ite\u0301rer l\u2019engagement de son pays \u00ab a\u0300 \u0153uvrer toujours en faveur de la pre\u0301servation et de la promotion des liens de\u0301ja\u0300 privile\u0301gie\u0301s entre les deux nations \u00bb.<\/p>\n<p><strong>Pour plus d&rsquo;informations et d&rsquo;analyses sur la <a href=\"https:\/\/www.africa-press.net\/djibouti\">Djibouti<\/a>, suivez <a href=\"https:\/\/www.africa-press.net\/\">Africa-Press<\/a><\/strong><\/p>\n","protected":false},"excerpt":{"rendered":"<p>Africa-Press &#8211; Djibouti. Le Pre\u0301sident de la Re\u0301publique, M. Ismail Omar Guelleh, a exprime\u0301 ses \u00ab chaleureuses fe\u0301licitations \u00bb ainsi que ses \u00ab meilleurs v\u0153ux de sante\u0301 et de bonheur \u00bb a\u0300 son homologue allemand, M Frank-Walter Steinemeier dont le pays ce\u0301le\u0300bre ces jours-ci l\u2019anniversaire de la Fe\u0302te nationale. \u00ab Le Peuple et le Gouvernement [&hellip;]<\/p>\n","protected":false},"author":82,"featured_media":18731,"comment_status":"open","ping_status":"closed","sticky":false,"template":"","format":"standard","meta":{"footnotes":""},"categories":[2,20,10],"tags":[36,49,50],"class_list":["post-18732","post","type-post","status-publish","format-standard","has-post-thumbnail","hentry","category-politique","category-top-nouvelles","category-toutes-les-actualites","tag-africa-press","tag-africa-press-djibouti","tag-djibouti"],"yoast_head":"<!-- This site is optimized with the Yoast SEO Premium plugin v26.1 (Yoast SEO v27.0) - https:\/\/yoast.com\/product\/yoast-seo-premium-wordpress\/ -->\n<title>Le Pr\u00e9sident Guelleh f\u00e9licite son homologue allemand dont le pays c\u00e9l\u00e8bre la f\u00eate nationale - Djibouti<\/title>\n<meta name=\"description\" content=\"Le Pre\u0301sident de la Re\u0301publique, M. Ismail Omar Guelleh, a exprime\u0301 ses \u00ab chaleureuses fe\u0301licitations \u00bb ainsi que ses \u00ab ...\" \/>\n<meta name=\"robots\" content=\"index, follow, max-snippet:-1, max-image-preview:large, max-video-preview:-1\" \/>\n<link rel=\"canonical\" href=\"https:\/\/www.africa-press.net\/djibouti\/politique\/le-president-guelleh-felicite-son-homologue-allemand-dont-le-pays-celebre-la-fete-nationale\" \/>\n<meta property=\"og:locale\" content=\"fr_FR\" \/>\n<meta property=\"og:type\" content=\"article\" \/>\n<meta property=\"og:title\" content=\"Le Pr\u00e9sident Guelleh f\u00e9licite son homologue allemand dont le pays c\u00e9l\u00e8bre la f\u00eate nationale\" \/>\n<meta property=\"og:description\" content=\"Le Pre\u0301sident de la Re\u0301publique, M. Ismail Omar Guelleh, a exprime\u0301 ses \u00ab chaleureuses fe\u0301licitations \u00bb ainsi que ses \u00ab ...\" \/>\n<meta property=\"og:url\" content=\"https:\/\/www.africa-press.net\/djibouti\/politique\/le-president-guelleh-felicite-son-homologue-allemand-dont-le-pays-celebre-la-fete-nationale\" \/>\n<meta property=\"og:site_name\" content=\"Djibouti\" \/>\n<meta property=\"article:published_time\" content=\"2023-10-05T13:50:02+00:00\" \/>\n<meta property=\"article:modified_time\" content=\"2023-10-05T14:06:23+00:00\" \/>\n<meta property=\"og:image\" content=\"https:\/\/static.africa-press.net\/djibouti\/sites\/52\/2023\/10\/sm_1696502132.082604.jpg\" \/>\n\t<meta property=\"og:image:width\" content=\"720\" \/>\n\t<meta property=\"og:image:height\" content=\"480\" \/>\n\t<meta property=\"og:image:type\" content=\"image\/jpeg\" \/>\n<meta name=\"author\" content=\"cfeditorfr\" \/>\n<meta name=\"twitter:card\" content=\"summary_large_image\" \/>\n<meta name=\"twitter:label1\" content=\"\u00c9crit par\" \/>\n\t<meta name=\"twitter:data1\" content=\"cfeditorfr\" \/>\n\t<meta name=\"twitter:label2\" content=\"Dur\u00e9e de lecture estim\u00e9e\" \/>\n\t<meta name=\"twitter:data2\" content=\"2 minutes\" \/>\n<script type=\"application\/ld+json\" class=\"yoast-schema-graph\">{\"@context\":\"https:\/\/schema.org\",\"@graph\":[{\"@type\":\"Article\",\"@id\":\"https:\/\/www.africa-press.net\/djibouti\/politique\/le-president-guelleh-felicite-son-homologue-allemand-dont-le-pays-celebre-la-fete-nationale#article\",\"isPartOf\":{\"@id\":\"https:\/\/www.africa-press.net\/djibouti\/politique\/le-president-guelleh-felicite-son-homologue-allemand-dont-le-pays-celebre-la-fete-nationale\"},\"author\":{\"name\":\"cfeditorfr\",\"@id\":\"https:\/\/www.africa-press.net\/djibouti\/#\/schema\/person\/2b1cf3cd81a31e3cd26889ca66d677f1\"},\"headline\":\"Le Pr\u00e9sident Guelleh f\u00e9licite son homologue allemand dont le pays c\u00e9l\u00e8bre la f\u00eate nationale\",\"datePublished\":\"2023-10-05T13:50:02+00:00\",\"dateModified\":\"2023-10-05T14:06:23+00:00\",\"mainEntityOfPage\":{\"@id\":\"https:\/\/www.africa-press.net\/djibouti\/politique\/le-president-guelleh-felicite-son-homologue-allemand-dont-le-pays-celebre-la-fete-nationale\"},\"wordCount\":354,\"commentCount\":0,\"image\":{\"@id\":\"https:\/\/www.africa-press.net\/djibouti\/politique\/le-president-guelleh-felicite-son-homologue-allemand-dont-le-pays-celebre-la-fete-nationale#primaryimage\"},\"thumbnailUrl\":\"https:\/\/static.africa-press.net\/djibouti\/sites\/52\/2023\/10\/sm_1696502132.082604.jpg\",\"keywords\":[\"Africa Press\",\"Africa Press-Djibouti\",\"Djibouti\"],\"articleSection\":[\"Politique\",\"Top Nouvelles\",\"Toutes les actualit\u00e9s\"],\"inLanguage\":\"fr-FR\",\"potentialAction\":[{\"@type\":\"CommentAction\",\"name\":\"Comment\",\"target\":[\"https:\/\/www.africa-press.net\/djibouti\/politique\/le-president-guelleh-felicite-son-homologue-allemand-dont-le-pays-celebre-la-fete-nationale#respond\"]}]},{\"@type\":\"WebPage\",\"@id\":\"https:\/\/www.africa-press.net\/djibouti\/politique\/le-president-guelleh-felicite-son-homologue-allemand-dont-le-pays-celebre-la-fete-nationale\",\"url\":\"https:\/\/www.africa-press.net\/djibouti\/politique\/le-president-guelleh-felicite-son-homologue-allemand-dont-le-pays-celebre-la-fete-nationale\",\"name\":\"Le Pr\u00e9sident Guelleh f\u00e9licite son homologue allemand dont le pays c\u00e9l\u00e8bre la f\u00eate nationale - Djibouti\",\"isPartOf\":{\"@id\":\"https:\/\/www.africa-press.net\/djibouti\/#website\"},\"primaryImageOfPage\":{\"@id\":\"https:\/\/www.africa-press.net\/djibouti\/politique\/le-president-guelleh-felicite-son-homologue-allemand-dont-le-pays-celebre-la-fete-nationale#primaryimage\"},\"image\":{\"@id\":\"https:\/\/www.africa-press.net\/djibouti\/politique\/le-president-guelleh-felicite-son-homologue-allemand-dont-le-pays-celebre-la-fete-nationale#primaryimage\"},\"thumbnailUrl\":\"https:\/\/static.africa-press.net\/djibouti\/sites\/52\/2023\/10\/sm_1696502132.082604.jpg\",\"datePublished\":\"2023-10-05T13:50:02+00:00\",\"dateModified\":\"2023-10-05T14:06:23+00:00\",\"author\":{\"@id\":\"https:\/\/www.africa-press.net\/djibouti\/#\/schema\/person\/2b1cf3cd81a31e3cd26889ca66d677f1\"},\"description\":\"Le Pre\u0301sident de la Re\u0301publique, M. Ismail Omar Guelleh, a exprime\u0301 ses \u00ab chaleureuses fe\u0301licitations \u00bb ainsi que ses \u00ab ...\",\"breadcrumb\":{\"@id\":\"https:\/\/www.africa-press.net\/djibouti\/politique\/le-president-guelleh-felicite-son-homologue-allemand-dont-le-pays-celebre-la-fete-nationale#breadcrumb\"},\"inLanguage\":\"fr-FR\",\"potentialAction\":[{\"@type\":\"ReadAction\",\"target\":[\"https:\/\/www.africa-press.net\/djibouti\/politique\/le-president-guelleh-felicite-son-homologue-allemand-dont-le-pays-celebre-la-fete-nationale\"]}]},{\"@type\":\"ImageObject\",\"inLanguage\":\"fr-FR\",\"@id\":\"https:\/\/www.africa-press.net\/djibouti\/politique\/le-president-guelleh-felicite-son-homologue-allemand-dont-le-pays-celebre-la-fete-nationale#primaryimage\",\"url\":\"https:\/\/static.africa-press.net\/djibouti\/sites\/52\/2023\/10\/sm_1696502132.082604.jpg\",\"contentUrl\":\"https:\/\/static.africa-press.net\/djibouti\/sites\/52\/2023\/10\/sm_1696502132.082604.jpg\",\"width\":720,\"height\":480,\"caption\":\"Le Pr\u00e9sident Guelleh f\u00e9licite son homologue allemand dont le pays c\u00e9l\u00e8bre la f\u00eate nationale\"},{\"@type\":\"BreadcrumbList\",\"@id\":\"https:\/\/www.africa-press.net\/djibouti\/politique\/le-president-guelleh-felicite-son-homologue-allemand-dont-le-pays-celebre-la-fete-nationale#breadcrumb\",\"itemListElement\":[{\"@type\":\"ListItem\",\"position\":1,\"name\":\"Accueil\",\"item\":\"https:\/\/www.africa-press.net\/djibouti\/\"},{\"@type\":\"ListItem\",\"position\":2,\"name\":\"Le Pr\u00e9sident Guelleh f\u00e9licite son homologue allemand dont le pays c\u00e9l\u00e8bre la f\u00eate nationale\"}]},{\"@type\":\"WebSite\",\"@id\":\"https:\/\/www.africa-press.net\/djibouti\/#website\",\"url\":\"https:\/\/www.africa-press.net\/djibouti\/\",\"name\":\"Djibouti\",\"description\":\"Just another Africa News Agency Sites site\",\"potentialAction\":[{\"@type\":\"SearchAction\",\"target\":{\"@type\":\"EntryPoint\",\"urlTemplate\":\"https:\/\/www.africa-press.net\/djibouti\/?s={search_term_string}\"},\"query-input\":{\"@type\":\"PropertyValueSpecification\",\"valueRequired\":true,\"valueName\":\"search_term_string\"}}],\"inLanguage\":\"fr-FR\"},{\"@type\":\"Person\",\"@id\":\"https:\/\/www.africa-press.net\/djibouti\/#\/schema\/person\/2b1cf3cd81a31e3cd26889ca66d677f1\",\"name\":\"cfeditorfr\"}]}<\/script>\n<!-- \/ Yoast SEO Premium plugin. -->","yoast_head_json":{"title":"Le Pr\u00e9sident Guelleh f\u00e9licite son homologue allemand dont le pays c\u00e9l\u00e8bre la f\u00eate nationale - Djibouti","description":"Le Pre\u0301sident de la Re\u0301publique, M. Ismail Omar Guelleh, a exprime\u0301 ses \u00ab chaleureuses fe\u0301licitations \u00bb ainsi que ses \u00ab ...","robots":{"index":"index","follow":"follow","max-snippet":"max-snippet:-1","max-image-preview":"max-image-preview:large","max-video-preview":"max-video-preview:-1"},"canonical":"https:\/\/www.africa-press.net\/djibouti\/politique\/le-president-guelleh-felicite-son-homologue-allemand-dont-le-pays-celebre-la-fete-nationale","og_locale":"fr_FR","og_type":"article","og_title":"Le Pr\u00e9sident Guelleh f\u00e9licite son homologue allemand dont le pays c\u00e9l\u00e8bre la f\u00eate nationale","og_description":"Le Pre\u0301sident de la Re\u0301publique, M. Ismail Omar Guelleh, a exprime\u0301 ses \u00ab chaleureuses fe\u0301licitations \u00bb ainsi que ses \u00ab ...","og_url":"https:\/\/www.africa-press.net\/djibouti\/politique\/le-president-guelleh-felicite-son-homologue-allemand-dont-le-pays-celebre-la-fete-nationale","og_site_name":"Djibouti","article_published_time":"2023-10-05T13:50:02+00:00","article_modified_time":"2023-10-05T14:06:23+00:00","og_image":[{"width":720,"height":480,"url":"https:\/\/static.africa-press.net\/djibouti\/sites\/52\/2023\/10\/sm_1696502132.082604.jpg","type":"image\/jpeg"}],"author":"cfeditorfr","twitter_card":"summary_large_image","twitter_misc":{"\u00c9crit par":"cfeditorfr","Dur\u00e9e de lecture estim\u00e9e":"2 minutes"},"schema":{"@context":"https:\/\/schema.org","@graph":[{"@type":"Article","@id":"https:\/\/www.africa-press.net\/djibouti\/politique\/le-president-guelleh-felicite-son-homologue-allemand-dont-le-pays-celebre-la-fete-nationale#article","isPartOf":{"@id":"https:\/\/www.africa-press.net\/djibouti\/politique\/le-president-guelleh-felicite-son-homologue-allemand-dont-le-pays-celebre-la-fete-nationale"},"author":{"name":"cfeditorfr","@id":"https:\/\/www.africa-press.net\/djibouti\/#\/schema\/person\/2b1cf3cd81a31e3cd26889ca66d677f1"},"headline":"Le Pr\u00e9sident Guelleh f\u00e9licite son homologue allemand dont le pays c\u00e9l\u00e8bre la f\u00eate nationale","datePublished":"2023-10-05T13:50:02+00:00","dateModified":"2023-10-05T14:06:23+00:00","mainEntityOfPage":{"@id":"https:\/\/www.africa-press.net\/djibouti\/politique\/le-president-guelleh-felicite-son-homologue-allemand-dont-le-pays-celebre-la-fete-nationale"},"wordCount":354,"commentCount":0,"image":{"@id":"https:\/\/www.africa-press.net\/djibouti\/politique\/le-president-guelleh-felicite-son-homologue-allemand-dont-le-pays-celebre-la-fete-nationale#primaryimage"},"thumbnailUrl":"https:\/\/static.africa-press.net\/djibouti\/sites\/52\/2023\/10\/sm_1696502132.082604.jpg","keywords":["Africa Press","Africa Press-Djibouti","Djibouti"],"articleSection":["Politique","Top Nouvelles","Toutes les actualit\u00e9s"],"inLanguage":"fr-FR","potentialAction":[{"@type":"CommentAction","name":"Comment","target":["https:\/\/www.africa-press.net\/djibouti\/politique\/le-president-guelleh-felicite-son-homologue-allemand-dont-le-pays-celebre-la-fete-nationale#respond"]}]},{"@type":"WebPage","@id":"https:\/\/www.africa-press.net\/djibouti\/politique\/le-president-guelleh-felicite-son-homologue-allemand-dont-le-pays-celebre-la-fete-nationale","url":"https:\/\/www.africa-press.net\/djibouti\/politique\/le-president-guelleh-felicite-son-homologue-allemand-dont-le-pays-celebre-la-fete-nationale","name":"Le Pr\u00e9sident Guelleh f\u00e9licite son homologue allemand dont le pays c\u00e9l\u00e8bre la f\u00eate nationale - Djibouti","isPartOf":{"@id":"https:\/\/www.africa-press.net\/djibouti\/#website"},"primaryImageOfPage":{"@id":"https:\/\/www.africa-press.net\/djibouti\/politique\/le-president-guelleh-felicite-son-homologue-allemand-dont-le-pays-celebre-la-fete-nationale#primaryimage"},"image":{"@id":"https:\/\/www.africa-press.net\/djibouti\/politique\/le-president-guelleh-felicite-son-homologue-allemand-dont-le-pays-celebre-la-fete-nationale#primaryimage"},"thumbnailUrl":"https:\/\/static.africa-press.net\/djibouti\/sites\/52\/2023\/10\/sm_1696502132.082604.jpg","datePublished":"2023-10-05T13:50:02+00:00","dateModified":"2023-10-05T14:06:23+00:00","author":{"@id":"https:\/\/www.africa-press.net\/djibouti\/#\/schema\/person\/2b1cf3cd81a31e3cd26889ca66d677f1"},"description":"Le Pre\u0301sident de la Re\u0301publique, M. Ismail Omar Guelleh, a exprime\u0301 ses \u00ab chaleureuses fe\u0301licitations \u00bb ainsi que ses \u00ab ...","breadcrumb":{"@id":"https:\/\/www.africa-press.net\/djibouti\/politique\/le-president-guelleh-felicite-son-homologue-allemand-dont-le-pays-celebre-la-fete-nationale#breadcrumb"},"inLanguage":"fr-FR","potentialAction":[{"@type":"ReadAction","target":["https:\/\/www.africa-press.net\/djibouti\/politique\/le-president-guelleh-felicite-son-homologue-allemand-dont-le-pays-celebre-la-fete-nationale"]}]},{"@type":"ImageObject","inLanguage":"fr-FR","@id":"https:\/\/www.africa-press.net\/djibouti\/politique\/le-president-guelleh-felicite-son-homologue-allemand-dont-le-pays-celebre-la-fete-nationale#primaryimage","url":"https:\/\/static.africa-press.net\/djibouti\/sites\/52\/2023\/10\/sm_1696502132.082604.jpg","contentUrl":"https:\/\/static.africa-press.net\/djibouti\/sites\/52\/2023\/10\/sm_1696502132.082604.jpg","width":720,"height":480,"caption":"Le Pr\u00e9sident Guelleh f\u00e9licite son homologue allemand dont le pays c\u00e9l\u00e8bre la f\u00eate nationale"},{"@type":"BreadcrumbList","@id":"https:\/\/www.africa-press.net\/djibouti\/politique\/le-president-guelleh-felicite-son-homologue-allemand-dont-le-pays-celebre-la-fete-nationale#breadcrumb","itemListElement":[{"@type":"ListItem","position":1,"name":"Accueil","item":"https:\/\/www.africa-press.net\/djibouti\/"},{"@type":"ListItem","position":2,"name":"Le Pr\u00e9sident Guelleh f\u00e9licite son homologue allemand dont le pays c\u00e9l\u00e8bre la f\u00eate nationale"}]},{"@type":"WebSite","@id":"https:\/\/www.africa-press.net\/djibouti\/#website","url":"https:\/\/www.africa-press.net\/djibouti\/","name":"Djibouti","description":"Just another Africa News Agency Sites site","potentialAction":[{"@type":"SearchAction","target":{"@type":"EntryPoint","urlTemplate":"https:\/\/www.africa-press.net\/djibouti\/?s={search_term_string}"},"query-input":{"@type":"PropertyValueSpecification","valueRequired":true,"valueName":"search_term_string"}}],"inLanguage":"fr-FR"},{"@type":"Person","@id":"https:\/\/www.africa-press.net\/djibouti\/#\/schema\/person\/2b1cf3cd81a31e3cd26889ca66d677f1","name":"cfeditorfr"}]}},"_links":{"self":[{"href":"https:\/\/www.africa-press.net\/djibouti\/wp-json\/wp\/v2\/posts\/18732","targetHints":{"allow":["GET"]}}],"collection":[{"href":"https:\/\/www.africa-press.net\/djibouti\/wp-json\/wp\/v2\/posts"}],"about":[{"href":"https:\/\/www.africa-press.net\/djibouti\/wp-json\/wp\/v2\/types\/post"}],"author":[{"embeddable":true,"href":"https:\/\/www.africa-press.net\/djibouti\/wp-json\/wp\/v2\/users\/82"}],"replies":[{"embeddable":true,"href":"https:\/\/www.africa-press.net\/djibouti\/wp-json\/wp\/v2\/comments?post=18732"}],"version-history":[{"count":0,"href":"https:\/\/www.africa-press.net\/djibouti\/wp-json\/wp\/v2\/posts\/18732\/revisions"}],"wp:featuredmedia":[{"embeddable":true,"href":"https:\/\/www.africa-press.net\/djibouti\/wp-json\/wp\/v2\/media\/18731"}],"wp:attachment":[{"href":"https:\/\/www.africa-press.net\/djibouti\/wp-json\/wp\/v2\/media?parent=18732"}],"wp:term":[{"taxonomy":"category","embeddable":true,"href":"https:\/\/www.africa-press.net\/djibouti\/wp-json\/wp\/v2\/categories?post=18732"},{"taxonomy":"post_tag","embeddable":true,"href":"https:\/\/www.africa-press.net\/djibouti\/wp-json\/wp\/v2\/tags?post=18732"}],"curies":[{"name":"wp","href":"https:\/\/api.w.org\/{rel}","templated":true}]}}