{"id":18737,"date":"2023-10-05T13:51:10","date_gmt":"2023-10-05T13:51:10","guid":{"rendered":"https:\/\/www.africa-press.net\/djibouti\/politique\/le-ministre-de-lenergie-recoit-la-representante-de-lunicef-a-djibouti"},"modified":"2023-10-05T14:07:02","modified_gmt":"2023-10-05T14:07:02","slug":"le-ministre-de-lenergie-recoit-la-representante-de-lunicef-a-djibouti","status":"publish","type":"post","link":"https:\/\/www.africa-press.net\/djibouti\/economie\/le-ministre-de-lenergie-recoit-la-representante-de-lunicef-a-djibouti","title":{"rendered":"Le ministre de l&rsquo;Energie re\u00e7oit la repr\u00e9sentante de l&rsquo;UNICEF \u00e0 Djibouti"},"content":{"rendered":"<p><span style=\"color: #ff6600\"><strong>Africa-Press &#8211; Djibouti. <\/strong><\/span>Le ministre de l&rsquo;Energie, charge\u0301 des Ressources Naturelles, M. Yonis Ali Guedi a rec\u0327u aujourd&rsquo;hui dans son cabinet, la repre\u0301sentante de l&rsquo;UNICEF a\u0300 Djibouti, Mme Beate Dastel, accompagne\u0301 de M. Jean Jacques KAMSU, spe\u0301cialiste EHA (Eau, Hygie\u0300ne, Assainissement)-Changement climatique au sein du Bureau de cette organisation onusienne a\u0300 Djibouti.<\/p>\n<p>Les e\u0301changes entre M. Yonis Ali Guedi et Mme Beate Dastel ont porte\u0301 principalement sur les voies et moyens de jeter les bases d&rsquo;un partenariat strate\u0301gique durable entre le De\u0301partement de l&rsquo;e\u0301nergie djiboutien et l&rsquo;UNICEF dans le domaine du de\u0301veloppement des e\u0301nergies renouvelables et ce, afin de faire be\u0301ne\u0301ficier les sources d&rsquo;e\u0301nergies propres disponibles dans notre pays (qu&rsquo;elles soient d&rsquo;origine solaires ou ge\u0301othermiques) aux enfants et aux familles vivant en milieu rural.<\/p>\n<p>Apre\u0300s les souhaits de cordiale bienvenue, le Ministre a d&rsquo;abord informe\u0301 la Repre\u0301sentante de l&rsquo;UNICEF que l&rsquo;acce\u0300s a\u0300 l&rsquo;e\u0301nergie par la population notamment aux familles et aux enfants constituait une priorite\u0301 de la politique et de l&rsquo;action gouvernementale et qu&rsquo;a\u0300 ce titre, le gouvernement avec l&rsquo;appui de la Banque Mondiale mettait en oeuvre le projet d&rsquo;e\u0301lectrification durable (PED) qui pre\u0301voit l&rsquo;installation gratuite des compteurs e\u0301lectriques a\u0300 plus 14 000 me\u0301nages se\u0301lectionne\u0301s parmi les familles les plus vulne\u0301rables de la capitale et des re\u0301gions de l&rsquo;inte\u0301rieur du pays et l&rsquo;implantation des syste\u0300mes d&rsquo;e\u0301clairage public dans les villages les plus recule\u0301s.<\/p>\n<p>\u00ab\u00a0Lorsqu&rsquo;on installe une centrale solaire photovoltai\u0308que dans un lieu donne\u0301, c&rsquo;est toute une vie qui se de\u0301veloppe autour de cette centrale, comme la construction d&rsquo;e\u0301cole, d&rsquo;ho\u0302pital ou le de\u0301veloppement des petits commerces\u00a0\u00bb a-t-il dit en substance en e\u0301voquant l&rsquo;importance de l&rsquo;e\u0301lectrification rurale des villages les plus e\u0301loigne\u0301s du re\u0301seau e\u0301lectrique national.<\/p>\n<p>M. Yonis Ali Guedi n&rsquo;a pas manque\u0301 ensuite de fournir une explication de\u0301taille\u0301e quant a\u0300 la gestion par les communaute\u0301s be\u0301ne\u0301ficiaires des mini-centrales e\u0301lectriques installe\u0301es en zone rurale base\u0301e sur le principe de responsabilisation (la constitution d&rsquo;un comite\u0301 charge\u0301 de la gestion des centrales avec un ro\u0302le renforce\u0301 accorde\u0301 aux femmes dans la gestion, le recrutement de gardiens, de techniciens et d&rsquo;une gestionnaire, l&rsquo;entretien et le contro\u0302le trimestriel des centrales solaires par les inge\u0301nieurs du ministe\u0300re, etc.).<\/p>\n<p>Le ministre a e\u0301galement mis l&rsquo;accent sur les nombreux projets en cours d&rsquo;exe\u0301cution de\u0301finis dans le cadre de la mise en \u0153uvre de la politique en matie\u0300re d&rsquo;electrification rurale notamment dans les villages de Assamo, de Yoboki, de Khor Angar, de Goubetto ou encore de Moumina 1, finance\u0301s sur budget national avec le concours technique et financier des partenaires au de\u0301veloppement (la Banque Mondiale, le Fond Vert, l&rsquo;USAID, la coope\u0301ration bilate\u0301rale avec l&rsquo;E\u0301gypte et d&rsquo;autres pays amis).<\/p>\n<p>Le ministre Yonis a, par ailleurs, pre\u0301sente\u0301 de manie\u0300re exhaustive les enjeux et les objectifs poursuivis par la politique e\u0301nerge\u0301tique nationale base\u0301e sur l&rsquo;activation de tous les leviers de la production des e\u0301nergies vertes (solaires, e\u0301oliennes, ge\u0301othermiques, etc) sans oublier d&rsquo;aborder les nombreuses re\u0301formes structurelles mene\u0301es par son de\u0301partement ministe\u0301riel en matie\u0300re e\u0301nerge\u0301tique (plus particulie\u0300rement la libe\u0301ralisation du secteur de la production de l&rsquo;e\u0301nergie e\u0301lectrique par le vote de la loi sur les producteurs inde\u0301pendants d&rsquo;e\u0301lectricite\u0301, l&rsquo;instauration d&rsquo;un cadre juridique pour le partenariat public-prive\u0301 afin de permettre l&rsquo;exploitation du fort potentiel en e\u0301nergies renouvelables dans notre pays, entre autres, etc.).<\/p>\n<p>M. Yonis Ali Guedi a enfin re\u0301affirme\u0301 son engagement personnel et sa disponibilite\u0301 pleine et entie\u0300re a\u0300 travailler en synergie avec l&rsquo;e\u0301quipe de l&rsquo;UNICEF afin de concre\u0301tiser les nouveaux projets porte\u0301s par cette organisation onusienne pour ame\u0301liorer davantage le bien-e\u0302tre des enfants par l&rsquo;acce\u0300s a\u0300 l&rsquo;eau potable et a\u0300 l&rsquo;e\u0301lectricite\u0301 verte gra\u0302ce aux technologies solaires.<\/p>\n<p>Pour sa part, la repre\u0301sentante de l&rsquo;UNICEF a\u0300 Djibouti, Mme Beate Dastel, qui a d&#8217;emble\u0301e remercie\u0301 le ministre Yonis Ali Guedi pour l&rsquo;accueil chaleureux et pour sa disponibilite\u0301, a ensuite salue\u0301 les efforts forts louables du Gouvernement en ge\u0301ne\u0301ral et du Ministe\u0300re de l&rsquo;Energie, charge\u0301 des Ressources Naturelles en particulier concernant les projets e\u0301nerge\u0301tiques d&rsquo;envergure concre\u0301tise\u0301s dans notre pays plus pre\u0301cise\u0301ment ceux relatifs a\u0300 l&rsquo;e\u0301lectrification par le solaire des e\u0301coles et des ho\u0302pitaux sis en milieu rural.<\/p>\n<p>Elle a par la suite rappele\u0301 les missions de l&rsquo;UNICEF ayant trait a\u0300 la que\u0302te de bien-e\u0302tre des enfants.<\/p>\n<p>Elle a, en outre, re\u0301ite\u0301re\u0301 la volonte\u0301 de son organisation de renforcer la relation de travail existante avec les institutions e\u0301tatiques djiboutiennes (telles que les ministe\u0300re de l&rsquo;e\u0301ducation, de l&rsquo;agriculture, de l&rsquo;environnement et du de\u0301veloppement Durable) et son engagement a\u0300 travailler de\u0301sormais en synergie d&rsquo;action avec le De\u0301partement ministe\u0301riel de l&rsquo;Energie par l&rsquo;impulsion des projets et de programmes sur le plan e\u0301nerge\u0301tique et ce, pour le plus grand be\u0301ne\u0301fice des familles et des enfants djiboutiens.<\/p>\n<p>Mme Beate a, dans la foule\u0301e, fait part au ministre Guedi du projet phare du bureau de l&rsquo;UNICEF a\u0300 Djibouti d&rsquo;e\u0301coles rurales inte\u0301gre\u0301es fonctionnant entie\u0300rement gra\u0302ce a\u0300 l&rsquo;e\u0301nergie solaire.<\/p>\n<p>Elle a indique\u0301 aussi que l&rsquo;institution onusienne mettra sur pied biento\u0302t dans notre pays un programme important pour la communaute\u0301 qui aidera non seulement les familles vulne\u0301rables mais aussi les enfants axe\u0301 sur l&rsquo;acce\u0300s a\u0300 l&rsquo;e\u0301nergie verte.<\/p>\n<p>La repre\u0301sentante de l&rsquo;UNICEF a\u0300 Djibouti s&rsquo;est enfin re\u0301jouie de voir prochainement sous les cieux djiboutiens les panneaux solaires photovoltai\u0308ques de fabrication entie\u0300rement djiboutienne.<\/p>\n<p>L&rsquo;installation des pompes solaires au sein des puits alimentant les populations rurales en eau potable, les forages a\u0300 \u00ab\u00a0solariser\u00a0\u00bb notamment a\u0300 Sankal et a\u0300 Balho (gra\u0302ce a\u0300 l&rsquo;utilisation des techniques solaires) et la production des panneaux solaires photovoltai\u0308ques \u00ab\u00a0Made in Djibouti\u00a0\u00bb qui seront de\u0301ploye\u0301s incessamment sous peu dans les villages non encore e\u0301lectrifie\u0301s furent aussi au centre des discussions entre les deux parties.<\/p>\n<p>Il y a lieu de noter la convergence des vues entre le ministre Yonis Ali Guedi et la repre\u0301sentante de l&rsquo;UNICEF a\u0300 Djibouti, Mme Beate Dastel sur tous les sujets e\u0301voque\u0301s au cours de leur entretien. Les deux parties ont promis de conjuguer leurs efforts pour re\u0301aliser les divers projets discute\u0301s et par conse\u0301quent atteindre les objectifs escompte\u0301s.<\/p>\n<p>Il convient de souligner que ce partenariat strate\u0301gique naissant dans le domaine e\u0301nerge\u0301tique entre le ministe\u0300re de l&rsquo;Energie, charge\u0301 des Ressources Naturelles et l&rsquo;UNICEF se mate\u0301rialisera dans les semaines qui viennent par la signature d&rsquo;une convention de coope\u0301ration qui scellera de facto l&rsquo;accord entre les deux parties pre\u0301voyant le financement par cette organisation des projets de de\u0301veloppement d&rsquo;e\u0301nergies renouvelables propres au profit des familles vivant en zone rurale et de leurs enfants.<\/p>\n<p>A noter enfin que M. Mahdi Waberi Hassan, conseiller Technique du ministre de l&rsquo;Energie, charge\u0301 des Ressources Naturelles et M. Gouled Mohamed Djama, directeur de l&rsquo;Energie ont pris part a\u0300 cette entrevue entre le ministre et la Cheffe du bureau de l&rsquo;UNICEF a\u0300 Djibouti.<\/p>\n<p>Le ministre de l&rsquo;Energie, charge\u0301 des Ressources Naturelles, M. Yonis Ali Guedi a rec\u0327u aujourd&rsquo;hui dans son cabinet, la repre\u0301sentante de l&rsquo;UNICEF a\u0300 Djibouti, Mme Beate Dastel, accompagne\u0301 de M. Jean Jacques KAMSU, spe\u0301cialiste EHA (Eau, Hygie\u0300ne, Assainissement)-Changement climatique au sein du Bureau de cette organisation onusienne a\u0300 Djibouti.<\/p>\n<p>Les e\u0301changes entre M. Yonis Ali Guedi et Mme Beate Dastel ont porte\u0301 principalement sur les voies et moyens de jeter les bases d&rsquo;un partenariat strate\u0301gique durable entre le De\u0301partement de l&rsquo;e\u0301nergie djiboutien et l&rsquo;UNICEF dans le domaine du de\u0301veloppement des e\u0301nergies renouvelables et ce, afin de faire be\u0301ne\u0301ficier les sources d&rsquo;e\u0301nergies propres disponibles dans notre pays (qu&rsquo;elles soient d&rsquo;origine solaires ou ge\u0301othermiques) aux enfants et aux familles vivant en milieu rural.<\/p>\n<p>Apre\u0300s les souhaits de cordiale bienvenue, le Ministre a d&rsquo;abord informe\u0301 la Repre\u0301sentante de l&rsquo;UNICEF que l&rsquo;acce\u0300s a\u0300 l&rsquo;e\u0301nergie par la population notamment aux familles et aux enfants constituait une priorite\u0301 de la politique et de l&rsquo;action gouvernementale et qu&rsquo;a\u0300 ce titre, le gouvernement avec l&rsquo;appui de la Banque Mondiale mettait en oeuvre le projet d&rsquo;e\u0301lectrification durable (PED) qui pre\u0301voit l&rsquo;installation gratuite des compteurs e\u0301lectriques a\u0300 plus 14 000 me\u0301nages se\u0301lectionne\u0301s parmi les familles les plus vulne\u0301rables de la capitale et des re\u0301gions de l&rsquo;inte\u0301rieur du pays et l&rsquo;implantation des syste\u0300mes d&rsquo;e\u0301clairage public dans les villages les plus recule\u0301s.<\/p>\n<p>\u00ab\u00a0Lorsqu&rsquo;on installe une centrale solaire photovoltai\u0308que dans un lieu donne\u0301, c&rsquo;est toute une vie qui se de\u0301veloppe autour de cette centrale, comme la construction d&rsquo;e\u0301cole, d&rsquo;ho\u0302pital ou le de\u0301veloppement des petits commerces\u00a0\u00bb a-t-il dit en substance en e\u0301voquant l&rsquo;importance de l&rsquo;e\u0301lectrification rurale des villages les plus e\u0301loigne\u0301s du re\u0301seau e\u0301lectrique national.<\/p>\n<p>M. Yonis Ali Guedi n&rsquo;a pas manque\u0301 ensuite de fournir une explication de\u0301taille\u0301e quant a\u0300 la gestion par les communaute\u0301s be\u0301ne\u0301ficiaires des mini-centrales e\u0301lectriques installe\u0301es en zone rurale base\u0301e sur le principe de responsabilisation (la constitution d&rsquo;un comite\u0301 charge\u0301 de la gestion des centrales avec un ro\u0302le renforce\u0301 accorde\u0301 aux femmes dans la gestion, le recrutement de gardiens, de techniciens et d&rsquo;une gestionnaire, l&rsquo;entretien et le contro\u0302le trimestriel des centrales solaires par les inge\u0301nieurs du ministe\u0300re, etc.).<\/p>\n<p>Le ministre a e\u0301galement mis l&rsquo;accent sur les nombreux projets en cours d&rsquo;exe\u0301cution de\u0301finis dans le cadre de la mise en \u0153uvre de la politique en matie\u0300re d&rsquo;electrification rurale notamment dans les villages de Assamo, de Yoboki, de Khor Angar, de Goubetto ou encore de Moumina 1, finance\u0301s sur budget national avec le concours technique et financier des partenaires au de\u0301veloppement (la Banque Mondiale, le Fond Vert, l&rsquo;USAID, la coope\u0301ration bilate\u0301rale avec l&rsquo;E\u0301gypte et d&rsquo;autres pays amis).<\/p>\n<p>Le ministre Yonis a, par ailleurs, pre\u0301sente\u0301 de manie\u0300re exhaustive les enjeux et les objectifs poursuivis par la politique e\u0301nerge\u0301tique nationale base\u0301e sur l&rsquo;activation de tous les leviers de la production des e\u0301nergies vertes (solaires, e\u0301oliennes, ge\u0301othermiques, etc) sans oublier d&rsquo;aborder les nombreuses re\u0301formes structurelles mene\u0301es par son de\u0301partement ministe\u0301riel en matie\u0300re e\u0301nerge\u0301tique (plus particulie\u0300rement la libe\u0301ralisation du secteur de la production de l&rsquo;e\u0301nergie e\u0301lectrique par le vote de la loi sur les producteurs inde\u0301pendants d&rsquo;e\u0301lectricite\u0301, l&rsquo;instauration d&rsquo;un cadre juridique pour le partenariat public-prive\u0301 afin de permettre l&rsquo;exploitation du fort potentiel en e\u0301nergies renouvelables dans notre pays, entre autres, etc.).<\/p>\n<p>M. Yonis Ali Guedi a enfin re\u0301affirme\u0301 son engagement personnel et sa disponibilite\u0301 pleine et entie\u0300re a\u0300 travailler en synergie avec l&rsquo;e\u0301quipe de l&rsquo;UNICEF afin de concre\u0301tiser les nouveaux projets porte\u0301s par cette organisation onusienne pour ame\u0301liorer davantage le bien-e\u0302tre des enfants par l&rsquo;acce\u0300s a\u0300 l&rsquo;eau potable et a\u0300 l&rsquo;e\u0301lectricite\u0301 verte gra\u0302ce aux technologies solaires.<\/p>\n<p>Pour sa part, la repre\u0301sentante de l&rsquo;UNICEF a\u0300 Djibouti, Mme Beate Dastel, qui a d&#8217;emble\u0301e remercie\u0301 le ministre Yonis Ali Guedi pour l&rsquo;accueil chaleureux et pour sa disponibilite\u0301, a ensuite salue\u0301 les efforts forts louables du Gouvernement en ge\u0301ne\u0301ral et du Ministe\u0300re de l&rsquo;Energie, charge\u0301 des Ressources Naturelles en particulier concernant les projets e\u0301nerge\u0301tiques d&rsquo;envergure concre\u0301tise\u0301s dans notre pays plus pre\u0301cise\u0301ment ceux relatifs a\u0300 l&rsquo;e\u0301lectrification par le solaire des e\u0301coles et des ho\u0302pitaux sis en milieu rural.<\/p>\n<p>Elle a par la suite rappele\u0301 les missions de l&rsquo;UNICEF ayant trait a\u0300 la que\u0302te de bien-e\u0302tre des enfants.<\/p>\n<p>Elle a, en outre, re\u0301ite\u0301re\u0301 la volonte\u0301 de son organisation de renforcer la relation de travail existante avec les institutions e\u0301tatiques djiboutiennes (telles que les ministe\u0300re de l&rsquo;e\u0301ducation, de l&rsquo;agriculture, de l&rsquo;environnement et du de\u0301veloppement Durable) et son engagement a\u0300 travailler de\u0301sormais en synergie d&rsquo;action avec le De\u0301partement ministe\u0301riel de l&rsquo;Energie par l&rsquo;impulsion des projets et de programmes sur le plan e\u0301nerge\u0301tique et ce, pour le plus grand be\u0301ne\u0301fice des familles et des enfants djiboutiens.<\/p>\n<p>Mme Beate a, dans la foule\u0301e, fait part au ministre Guedi du projet phare du bureau de l&rsquo;UNICEF a\u0300 Djibouti d&rsquo;e\u0301coles rurales inte\u0301gre\u0301es fonctionnant entie\u0300rement gra\u0302ce a\u0300 l&rsquo;e\u0301nergie solaire.<\/p>\n<p>Elle a indique\u0301 aussi que l&rsquo;institution onusienne mettra sur pied biento\u0302t dans notre pays un programme important pour la communaute\u0301 qui aidera non seulement les familles vulne\u0301rables mais aussi les enfants axe\u0301 sur l&rsquo;acce\u0300s a\u0300 l&rsquo;e\u0301nergie verte.<\/p>\n<p>La repre\u0301sentante de l&rsquo;UNICEF a\u0300 Djibouti s&rsquo;est enfin re\u0301jouie de voir prochainement sous les cieux djiboutiens les panneaux solaires photovoltai\u0308ques de fabrication entie\u0300rement djiboutienne.<\/p>\n<p>L&rsquo;installation des pompes solaires au sein des puits alimentant les populations rurales en eau potable, les forages a\u0300 \u00ab\u00a0solariser\u00a0\u00bb notamment a\u0300 Sankal et a\u0300 Balho (gra\u0302ce a\u0300 l&rsquo;utilisation des techniques solaires) et la production des panneaux solaires photovoltai\u0308ques \u00ab\u00a0Made in Djibouti\u00a0\u00bb qui seront de\u0301ploye\u0301s incessamment sous peu dans les villages non encore e\u0301lectrifie\u0301s furent aussi au centre des discussions entre les deux parties.<\/p>\n<p>Il y a lieu de noter la convergence des vues entre le ministre Yonis Ali Guedi et la repre\u0301sentante de l&rsquo;UNICEF a\u0300 Djibouti, Mme Beate Dastel sur tous les sujets e\u0301voque\u0301s au cours de leur entretien. Les deux parties ont promis de conjuguer leurs efforts pour re\u0301aliser les divers projets discute\u0301s et par conse\u0301quent atteindre les objectifs escompte\u0301s.<\/p>\n<p>Il convient de souligner que ce partenariat strate\u0301gique naissant dans le domaine e\u0301nerge\u0301tique entre le ministe\u0300re de l&rsquo;Energie, charge\u0301 des Ressources Naturelles et l&rsquo;UNICEF se mate\u0301rialisera dans les semaines qui viennent par la signature d&rsquo;une convention de coope\u0301ration qui scellera de facto l&rsquo;accord entre les deux parties pre\u0301voyant le financement par cette organisation des projets de de\u0301veloppement d&rsquo;e\u0301nergies renouvelables propres au profit des familles vivant en zone rurale et de leurs enfants.<\/p>\n<p>A noter enfin que M. Mahdi Waberi Hassan, conseiller Technique du ministre de l&rsquo;Energie, charge\u0301 des Ressources Naturelles et M. Gouled Mohamed Djama, directeur de l&rsquo;Energie ont pris part a\u0300 cette entrevue entre le ministre et la Cheffe du bureau de l&rsquo;UNICEF a\u0300 Djibouti.<\/p>\n<p><strong>Pour plus d&rsquo;informations et d&rsquo;analyses sur la <a href=\"https:\/\/www.africa-press.net\/djibouti\">Djibouti<\/a>, suivez <a href=\"https:\/\/www.africa-press.net\/\">Africa-Press<\/a><\/strong><\/p>\n","protected":false},"excerpt":{"rendered":"<p>Africa-Press &#8211; Djibouti. Le ministre de l&rsquo;Energie, charge\u0301 des Ressources Naturelles, M. Yonis Ali Guedi a rec\u0327u aujourd&rsquo;hui dans son cabinet, la repre\u0301sentante de l&rsquo;UNICEF a\u0300 Djibouti, Mme Beate Dastel, accompagne\u0301 de M. Jean Jacques KAMSU, spe\u0301cialiste EHA (Eau, Hygie\u0300ne, Assainissement)-Changement climatique au sein du Bureau de cette organisation onusienne a\u0300 Djibouti. Les e\u0301changes entre [&hellip;]<\/p>\n","protected":false},"author":82,"featured_media":18736,"comment_status":"open","ping_status":"closed","sticky":false,"template":"","format":"standard","meta":{"footnotes":""},"categories":[3,20,10],"tags":[36,49,50],"class_list":["post-18737","post","type-post","status-publish","format-standard","has-post-thumbnail","hentry","category-economie","category-top-nouvelles","category-toutes-les-actualites","tag-africa-press","tag-africa-press-djibouti","tag-djibouti"],"yoast_head":"<!-- This site is optimized with the Yoast SEO Premium plugin v26.1 (Yoast SEO v27.0) - https:\/\/yoast.com\/product\/yoast-seo-premium-wordpress\/ -->\n<title>Le ministre de l&#039;Energie re\u00e7oit la repr\u00e9sentante de l&#039;UNICEF \u00e0 Djibouti - Djibouti<\/title>\n<meta name=\"description\" content=\"Le ministre de l&#039;Energie, charge\u0301 des Ressources Naturelles, M. Yonis Ali Guedi a rec\u0327u aujourd&#039;hui dans son cabinet, la ...\" \/>\n<meta name=\"robots\" content=\"index, follow, max-snippet:-1, max-image-preview:large, max-video-preview:-1\" \/>\n<link rel=\"canonical\" href=\"https:\/\/www.africa-press.net\/djibouti\/economie\/le-ministre-de-lenergie-recoit-la-representante-de-lunicef-a-djibouti\" \/>\n<meta property=\"og:locale\" content=\"fr_FR\" \/>\n<meta property=\"og:type\" content=\"article\" \/>\n<meta property=\"og:title\" content=\"Le ministre de l&#039;Energie re\u00e7oit la repr\u00e9sentante de l&#039;UNICEF \u00e0 Djibouti\" \/>\n<meta property=\"og:description\" content=\"Le ministre de l&#039;Energie, charge\u0301 des Ressources Naturelles, M. Yonis Ali Guedi a rec\u0327u aujourd&#039;hui dans son cabinet, la ...\" \/>\n<meta property=\"og:url\" content=\"https:\/\/www.africa-press.net\/djibouti\/economie\/le-ministre-de-lenergie-recoit-la-representante-de-lunicef-a-djibouti\" \/>\n<meta property=\"og:site_name\" content=\"Djibouti\" \/>\n<meta property=\"article:published_time\" content=\"2023-10-05T13:51:10+00:00\" \/>\n<meta property=\"article:modified_time\" content=\"2023-10-05T14:07:02+00:00\" \/>\n<meta property=\"og:image\" content=\"https:\/\/static.africa-press.net\/djibouti\/sites\/52\/2023\/10\/sm_1696502185.888495.jpg\" \/>\n\t<meta property=\"og:image:width\" content=\"1280\" \/>\n\t<meta property=\"og:image:height\" content=\"720\" \/>\n\t<meta property=\"og:image:type\" content=\"image\/jpeg\" \/>\n<meta name=\"author\" content=\"cfeditorfr\" \/>\n<meta name=\"twitter:card\" content=\"summary_large_image\" \/>\n<meta name=\"twitter:label1\" content=\"\u00c9crit par\" \/>\n\t<meta name=\"twitter:data1\" content=\"cfeditorfr\" \/>\n\t<meta name=\"twitter:label2\" content=\"Dur\u00e9e de lecture estim\u00e9e\" \/>\n\t<meta name=\"twitter:data2\" content=\"12 minutes\" \/>\n<script type=\"application\/ld+json\" class=\"yoast-schema-graph\">{\"@context\":\"https:\/\/schema.org\",\"@graph\":[{\"@type\":\"Article\",\"@id\":\"https:\/\/www.africa-press.net\/djibouti\/economie\/le-ministre-de-lenergie-recoit-la-representante-de-lunicef-a-djibouti#article\",\"isPartOf\":{\"@id\":\"https:\/\/www.africa-press.net\/djibouti\/economie\/le-ministre-de-lenergie-recoit-la-representante-de-lunicef-a-djibouti\"},\"author\":{\"name\":\"cfeditorfr\",\"@id\":\"https:\/\/www.africa-press.net\/djibouti\/#\/schema\/person\/2b1cf3cd81a31e3cd26889ca66d677f1\"},\"headline\":\"Le ministre de l&rsquo;Energie re\u00e7oit la repr\u00e9sentante de l&rsquo;UNICEF \u00e0 Djibouti\",\"datePublished\":\"2023-10-05T13:51:10+00:00\",\"dateModified\":\"2023-10-05T14:07:02+00:00\",\"mainEntityOfPage\":{\"@id\":\"https:\/\/www.africa-press.net\/djibouti\/economie\/le-ministre-de-lenergie-recoit-la-representante-de-lunicef-a-djibouti\"},\"wordCount\":2663,\"commentCount\":0,\"image\":{\"@id\":\"https:\/\/www.africa-press.net\/djibouti\/economie\/le-ministre-de-lenergie-recoit-la-representante-de-lunicef-a-djibouti#primaryimage\"},\"thumbnailUrl\":\"https:\/\/static.africa-press.net\/djibouti\/sites\/52\/2023\/10\/sm_1696502185.888495.jpg\",\"keywords\":[\"Africa Press\",\"Africa Press-Djibouti\",\"Djibouti\"],\"articleSection\":[\"\u00c9conomie\",\"Top Nouvelles\",\"Toutes les actualit\u00e9s\"],\"inLanguage\":\"fr-FR\",\"potentialAction\":[{\"@type\":\"CommentAction\",\"name\":\"Comment\",\"target\":[\"https:\/\/www.africa-press.net\/djibouti\/economie\/le-ministre-de-lenergie-recoit-la-representante-de-lunicef-a-djibouti#respond\"]}]},{\"@type\":\"WebPage\",\"@id\":\"https:\/\/www.africa-press.net\/djibouti\/economie\/le-ministre-de-lenergie-recoit-la-representante-de-lunicef-a-djibouti\",\"url\":\"https:\/\/www.africa-press.net\/djibouti\/economie\/le-ministre-de-lenergie-recoit-la-representante-de-lunicef-a-djibouti\",\"name\":\"Le ministre de l'Energie re\u00e7oit la repr\u00e9sentante de l'UNICEF \u00e0 Djibouti - Djibouti\",\"isPartOf\":{\"@id\":\"https:\/\/www.africa-press.net\/djibouti\/#website\"},\"primaryImageOfPage\":{\"@id\":\"https:\/\/www.africa-press.net\/djibouti\/economie\/le-ministre-de-lenergie-recoit-la-representante-de-lunicef-a-djibouti#primaryimage\"},\"image\":{\"@id\":\"https:\/\/www.africa-press.net\/djibouti\/economie\/le-ministre-de-lenergie-recoit-la-representante-de-lunicef-a-djibouti#primaryimage\"},\"thumbnailUrl\":\"https:\/\/static.africa-press.net\/djibouti\/sites\/52\/2023\/10\/sm_1696502185.888495.jpg\",\"datePublished\":\"2023-10-05T13:51:10+00:00\",\"dateModified\":\"2023-10-05T14:07:02+00:00\",\"author\":{\"@id\":\"https:\/\/www.africa-press.net\/djibouti\/#\/schema\/person\/2b1cf3cd81a31e3cd26889ca66d677f1\"},\"description\":\"Le ministre de l'Energie, charge\u0301 des Ressources Naturelles, M. Yonis Ali Guedi a rec\u0327u aujourd'hui dans son cabinet, la ...\",\"breadcrumb\":{\"@id\":\"https:\/\/www.africa-press.net\/djibouti\/economie\/le-ministre-de-lenergie-recoit-la-representante-de-lunicef-a-djibouti#breadcrumb\"},\"inLanguage\":\"fr-FR\",\"potentialAction\":[{\"@type\":\"ReadAction\",\"target\":[\"https:\/\/www.africa-press.net\/djibouti\/economie\/le-ministre-de-lenergie-recoit-la-representante-de-lunicef-a-djibouti\"]}]},{\"@type\":\"ImageObject\",\"inLanguage\":\"fr-FR\",\"@id\":\"https:\/\/www.africa-press.net\/djibouti\/economie\/le-ministre-de-lenergie-recoit-la-representante-de-lunicef-a-djibouti#primaryimage\",\"url\":\"https:\/\/static.africa-press.net\/djibouti\/sites\/52\/2023\/10\/sm_1696502185.888495.jpg\",\"contentUrl\":\"https:\/\/static.africa-press.net\/djibouti\/sites\/52\/2023\/10\/sm_1696502185.888495.jpg\",\"width\":1280,\"height\":720,\"caption\":\"Le ministre de l'Energie re\u00e7oit la repr\u00e9sentante de l'UNICEF \u00e0 Djibouti\"},{\"@type\":\"BreadcrumbList\",\"@id\":\"https:\/\/www.africa-press.net\/djibouti\/economie\/le-ministre-de-lenergie-recoit-la-representante-de-lunicef-a-djibouti#breadcrumb\",\"itemListElement\":[{\"@type\":\"ListItem\",\"position\":1,\"name\":\"Accueil\",\"item\":\"https:\/\/www.africa-press.net\/djibouti\/\"},{\"@type\":\"ListItem\",\"position\":2,\"name\":\"Le ministre de l&#8217;Energie re\u00e7oit la repr\u00e9sentante de l&#8217;UNICEF \u00e0 Djibouti\"}]},{\"@type\":\"WebSite\",\"@id\":\"https:\/\/www.africa-press.net\/djibouti\/#website\",\"url\":\"https:\/\/www.africa-press.net\/djibouti\/\",\"name\":\"Djibouti\",\"description\":\"Just another Africa News Agency Sites site\",\"potentialAction\":[{\"@type\":\"SearchAction\",\"target\":{\"@type\":\"EntryPoint\",\"urlTemplate\":\"https:\/\/www.africa-press.net\/djibouti\/?s={search_term_string}\"},\"query-input\":{\"@type\":\"PropertyValueSpecification\",\"valueRequired\":true,\"valueName\":\"search_term_string\"}}],\"inLanguage\":\"fr-FR\"},{\"@type\":\"Person\",\"@id\":\"https:\/\/www.africa-press.net\/djibouti\/#\/schema\/person\/2b1cf3cd81a31e3cd26889ca66d677f1\",\"name\":\"cfeditorfr\"}]}<\/script>\n<!-- \/ Yoast SEO Premium plugin. -->","yoast_head_json":{"title":"Le ministre de l'Energie re\u00e7oit la repr\u00e9sentante de l'UNICEF \u00e0 Djibouti - Djibouti","description":"Le ministre de l'Energie, charge\u0301 des Ressources Naturelles, M. Yonis Ali Guedi a rec\u0327u aujourd'hui dans son cabinet, la ...","robots":{"index":"index","follow":"follow","max-snippet":"max-snippet:-1","max-image-preview":"max-image-preview:large","max-video-preview":"max-video-preview:-1"},"canonical":"https:\/\/www.africa-press.net\/djibouti\/economie\/le-ministre-de-lenergie-recoit-la-representante-de-lunicef-a-djibouti","og_locale":"fr_FR","og_type":"article","og_title":"Le ministre de l'Energie re\u00e7oit la repr\u00e9sentante de l'UNICEF \u00e0 Djibouti","og_description":"Le ministre de l'Energie, charge\u0301 des Ressources Naturelles, M. Yonis Ali Guedi a rec\u0327u aujourd'hui dans son cabinet, la ...","og_url":"https:\/\/www.africa-press.net\/djibouti\/economie\/le-ministre-de-lenergie-recoit-la-representante-de-lunicef-a-djibouti","og_site_name":"Djibouti","article_published_time":"2023-10-05T13:51:10+00:00","article_modified_time":"2023-10-05T14:07:02+00:00","og_image":[{"width":1280,"height":720,"url":"https:\/\/static.africa-press.net\/djibouti\/sites\/52\/2023\/10\/sm_1696502185.888495.jpg","type":"image\/jpeg"}],"author":"cfeditorfr","twitter_card":"summary_large_image","twitter_misc":{"\u00c9crit par":"cfeditorfr","Dur\u00e9e de lecture estim\u00e9e":"12 minutes"},"schema":{"@context":"https:\/\/schema.org","@graph":[{"@type":"Article","@id":"https:\/\/www.africa-press.net\/djibouti\/economie\/le-ministre-de-lenergie-recoit-la-representante-de-lunicef-a-djibouti#article","isPartOf":{"@id":"https:\/\/www.africa-press.net\/djibouti\/economie\/le-ministre-de-lenergie-recoit-la-representante-de-lunicef-a-djibouti"},"author":{"name":"cfeditorfr","@id":"https:\/\/www.africa-press.net\/djibouti\/#\/schema\/person\/2b1cf3cd81a31e3cd26889ca66d677f1"},"headline":"Le ministre de l&rsquo;Energie re\u00e7oit la repr\u00e9sentante de l&rsquo;UNICEF \u00e0 Djibouti","datePublished":"2023-10-05T13:51:10+00:00","dateModified":"2023-10-05T14:07:02+00:00","mainEntityOfPage":{"@id":"https:\/\/www.africa-press.net\/djibouti\/economie\/le-ministre-de-lenergie-recoit-la-representante-de-lunicef-a-djibouti"},"wordCount":2663,"commentCount":0,"image":{"@id":"https:\/\/www.africa-press.net\/djibouti\/economie\/le-ministre-de-lenergie-recoit-la-representante-de-lunicef-a-djibouti#primaryimage"},"thumbnailUrl":"https:\/\/static.africa-press.net\/djibouti\/sites\/52\/2023\/10\/sm_1696502185.888495.jpg","keywords":["Africa Press","Africa Press-Djibouti","Djibouti"],"articleSection":["\u00c9conomie","Top Nouvelles","Toutes les actualit\u00e9s"],"inLanguage":"fr-FR","potentialAction":[{"@type":"CommentAction","name":"Comment","target":["https:\/\/www.africa-press.net\/djibouti\/economie\/le-ministre-de-lenergie-recoit-la-representante-de-lunicef-a-djibouti#respond"]}]},{"@type":"WebPage","@id":"https:\/\/www.africa-press.net\/djibouti\/economie\/le-ministre-de-lenergie-recoit-la-representante-de-lunicef-a-djibouti","url":"https:\/\/www.africa-press.net\/djibouti\/economie\/le-ministre-de-lenergie-recoit-la-representante-de-lunicef-a-djibouti","name":"Le ministre de l'Energie re\u00e7oit la repr\u00e9sentante de l'UNICEF \u00e0 Djibouti - Djibouti","isPartOf":{"@id":"https:\/\/www.africa-press.net\/djibouti\/#website"},"primaryImageOfPage":{"@id":"https:\/\/www.africa-press.net\/djibouti\/economie\/le-ministre-de-lenergie-recoit-la-representante-de-lunicef-a-djibouti#primaryimage"},"image":{"@id":"https:\/\/www.africa-press.net\/djibouti\/economie\/le-ministre-de-lenergie-recoit-la-representante-de-lunicef-a-djibouti#primaryimage"},"thumbnailUrl":"https:\/\/static.africa-press.net\/djibouti\/sites\/52\/2023\/10\/sm_1696502185.888495.jpg","datePublished":"2023-10-05T13:51:10+00:00","dateModified":"2023-10-05T14:07:02+00:00","author":{"@id":"https:\/\/www.africa-press.net\/djibouti\/#\/schema\/person\/2b1cf3cd81a31e3cd26889ca66d677f1"},"description":"Le ministre de l'Energie, charge\u0301 des Ressources Naturelles, M. Yonis Ali Guedi a rec\u0327u aujourd'hui dans son cabinet, la ...","breadcrumb":{"@id":"https:\/\/www.africa-press.net\/djibouti\/economie\/le-ministre-de-lenergie-recoit-la-representante-de-lunicef-a-djibouti#breadcrumb"},"inLanguage":"fr-FR","potentialAction":[{"@type":"ReadAction","target":["https:\/\/www.africa-press.net\/djibouti\/economie\/le-ministre-de-lenergie-recoit-la-representante-de-lunicef-a-djibouti"]}]},{"@type":"ImageObject","inLanguage":"fr-FR","@id":"https:\/\/www.africa-press.net\/djibouti\/economie\/le-ministre-de-lenergie-recoit-la-representante-de-lunicef-a-djibouti#primaryimage","url":"https:\/\/static.africa-press.net\/djibouti\/sites\/52\/2023\/10\/sm_1696502185.888495.jpg","contentUrl":"https:\/\/static.africa-press.net\/djibouti\/sites\/52\/2023\/10\/sm_1696502185.888495.jpg","width":1280,"height":720,"caption":"Le ministre de l'Energie re\u00e7oit la repr\u00e9sentante de l'UNICEF \u00e0 Djibouti"},{"@type":"BreadcrumbList","@id":"https:\/\/www.africa-press.net\/djibouti\/economie\/le-ministre-de-lenergie-recoit-la-representante-de-lunicef-a-djibouti#breadcrumb","itemListElement":[{"@type":"ListItem","position":1,"name":"Accueil","item":"https:\/\/www.africa-press.net\/djibouti\/"},{"@type":"ListItem","position":2,"name":"Le ministre de l&#8217;Energie re\u00e7oit la repr\u00e9sentante de l&#8217;UNICEF \u00e0 Djibouti"}]},{"@type":"WebSite","@id":"https:\/\/www.africa-press.net\/djibouti\/#website","url":"https:\/\/www.africa-press.net\/djibouti\/","name":"Djibouti","description":"Just another Africa News Agency Sites site","potentialAction":[{"@type":"SearchAction","target":{"@type":"EntryPoint","urlTemplate":"https:\/\/www.africa-press.net\/djibouti\/?s={search_term_string}"},"query-input":{"@type":"PropertyValueSpecification","valueRequired":true,"valueName":"search_term_string"}}],"inLanguage":"fr-FR"},{"@type":"Person","@id":"https:\/\/www.africa-press.net\/djibouti\/#\/schema\/person\/2b1cf3cd81a31e3cd26889ca66d677f1","name":"cfeditorfr"}]}},"_links":{"self":[{"href":"https:\/\/www.africa-press.net\/djibouti\/wp-json\/wp\/v2\/posts\/18737","targetHints":{"allow":["GET"]}}],"collection":[{"href":"https:\/\/www.africa-press.net\/djibouti\/wp-json\/wp\/v2\/posts"}],"about":[{"href":"https:\/\/www.africa-press.net\/djibouti\/wp-json\/wp\/v2\/types\/post"}],"author":[{"embeddable":true,"href":"https:\/\/www.africa-press.net\/djibouti\/wp-json\/wp\/v2\/users\/82"}],"replies":[{"embeddable":true,"href":"https:\/\/www.africa-press.net\/djibouti\/wp-json\/wp\/v2\/comments?post=18737"}],"version-history":[{"count":0,"href":"https:\/\/www.africa-press.net\/djibouti\/wp-json\/wp\/v2\/posts\/18737\/revisions"}],"wp:featuredmedia":[{"embeddable":true,"href":"https:\/\/www.africa-press.net\/djibouti\/wp-json\/wp\/v2\/media\/18736"}],"wp:attachment":[{"href":"https:\/\/www.africa-press.net\/djibouti\/wp-json\/wp\/v2\/media?parent=18737"}],"wp:term":[{"taxonomy":"category","embeddable":true,"href":"https:\/\/www.africa-press.net\/djibouti\/wp-json\/wp\/v2\/categories?post=18737"},{"taxonomy":"post_tag","embeddable":true,"href":"https:\/\/www.africa-press.net\/djibouti\/wp-json\/wp\/v2\/tags?post=18737"}],"curies":[{"name":"wp","href":"https:\/\/api.w.org\/{rel}","templated":true}]}}