{"id":18791,"date":"2023-10-06T16:38:19","date_gmt":"2023-10-06T16:38:19","guid":{"rendered":"https:\/\/www.africa-press.net\/djibouti\/politique\/le-president-de-lassemblee-nationale-recoit-lambassadeur-de-la-republique-islamique-du-pakistan"},"modified":"2023-10-06T17:13:04","modified_gmt":"2023-10-06T17:13:04","slug":"le-president-de-lassemblee-nationale-recoit-lambassadeur-de-la-republique-islamique-du-pakistan","status":"publish","type":"post","link":"https:\/\/www.africa-press.net\/djibouti\/politique\/le-president-de-lassemblee-nationale-recoit-lambassadeur-de-la-republique-islamique-du-pakistan","title":{"rendered":"Le pr\u00e9sident de l&rsquo;Assembl\u00e9e nationale re\u00e7oit l\u2019ambassadeur de la R\u00e9publique Islamique du Pakistan"},"content":{"rendered":"<p><span style=\"color: #ff6600\"><strong>Africa-Press &#8211; Djibouti. <\/strong><\/span>Le pre\u0301sident de l&rsquo;Assemble\u0301e Nationale, M. Dileita Mohamed Dileita, a rec\u0327u ce jeudi l\u2019ambassadeur de la Re\u0301publique Islamique du Pakistan, M. Shahid Ali Seehar.<\/p>\n<p>La rencontre entre M. Dileita Mohamed Dileita et la de\u0301le\u0301gation conduite par le diplomate pakistanais s\u2019est de\u0301roule\u0301e dans le salon d\u2019honneur de l\u2019Assemble\u0301e Nationale, en pre\u0301sence du secre\u0301taire ge\u0301ne\u0301ral, M. Ismail Goulal Boudine, du directeur de cabinet du PAN, M. Idriss Mohamed Ahmed, et du repre\u0301sentant de la communaute\u0301 pakistanaise a\u0300 Djibouti, M. Imrane Muhammad Ilyass.<\/p>\n<p>L\u2019entretien a porte\u0301 sur les voies et moyens susceptibles de consolider les relations d\u2019amitie\u0301 et de coope\u0301ration entre les deux pays fre\u0300res, notamment en matie\u0300re de coope\u0301ration parlementaire.<\/p>\n<p>Le pre\u0301sident du parlement Dileita Mohamed Dileita a assure\u0301 son ho\u0302te de sa disponibilite\u0301 pleine et entie\u0300re durant l\u2019exercice de sa mission.<\/p>\n<p>Le diplomate pakistanais, M. Shahid Ali Seehar, s\u2019est dit, quant a\u0300 lui, honore\u0301 de rencontrer le pre\u0301sident du Parlement et l\u2019a remercie\u0301 pour son accueil chaleureux.<\/p>\n<p>Le pre\u0301sident de l&rsquo;Assemble\u0301e Nationale, M. Dileita Mohamed Dileita, a rec\u0327u ce jeudi l\u2019ambassadeur de la Re\u0301publique Islamique du Pakistan, M. Shahid Ali Seehar.<\/p>\n<p>La rencontre entre M. Dileita Mohamed Dileita et la de\u0301le\u0301gation conduite par le diplomate pakistanais s\u2019est de\u0301roule\u0301e dans le salon d\u2019honneur de l\u2019Assemble\u0301e Nationale, en pre\u0301sence du secre\u0301taire ge\u0301ne\u0301ral, M. Ismail Goulal Boudine, du directeur de cabinet du PAN, M. Idriss Mohamed Ahmed, et du repre\u0301sentant de la communaute\u0301 pakistanaise a\u0300 Djibouti, M. Imrane Muhammad Ilyass.<\/p>\n<p>L\u2019entretien a porte\u0301 sur les voies et moyens susceptibles de consolider les relations d\u2019amitie\u0301 et de coope\u0301ration entre les deux pays fre\u0300res, notamment en matie\u0300re de coope\u0301ration parlementaire.<\/p>\n<p>Le pre\u0301sident du parlement Dileita Mohamed Dileita a assure\u0301 son ho\u0302te de sa disponibilite\u0301 pleine et entie\u0300re durant l\u2019exercice de sa mission.<\/p>\n<p>Le diplomate pakistanais, M. Shahid Ali Seehar, s\u2019est dit, quant a\u0300 lui, honore\u0301 de rencontrer le pre\u0301sident du Parlement et l\u2019a remercie\u0301 pour son accueil chaleureux.<\/p>\n<p><strong>Pour plus d&rsquo;informations et d&rsquo;analyses sur la <a href=\"https:\/\/www.africa-press.net\/djibouti\">Djibouti<\/a>, suivez <a href=\"https:\/\/www.africa-press.net\/\">Africa-Press<\/a><\/strong><\/p>\n","protected":false},"excerpt":{"rendered":"<p>Africa-Press &#8211; Djibouti. Le pre\u0301sident de l&rsquo;Assemble\u0301e Nationale, M. Dileita Mohamed Dileita, a rec\u0327u ce jeudi l\u2019ambassadeur de la Re\u0301publique Islamique du Pakistan, M. Shahid Ali Seehar. La rencontre entre M. Dileita Mohamed Dileita et la de\u0301le\u0301gation conduite par le diplomate pakistanais s\u2019est de\u0301roule\u0301e dans le salon d\u2019honneur de l\u2019Assemble\u0301e Nationale, en pre\u0301sence du secre\u0301taire [&hellip;]<\/p>\n","protected":false},"author":82,"featured_media":18790,"comment_status":"open","ping_status":"closed","sticky":false,"template":"","format":"standard","meta":{"footnotes":""},"categories":[2,20,10],"tags":[36,49,50],"class_list":["post-18791","post","type-post","status-publish","format-standard","has-post-thumbnail","hentry","category-politique","category-top-nouvelles","category-toutes-les-actualites","tag-africa-press","tag-africa-press-djibouti","tag-djibouti"],"yoast_head":"<!-- This site is optimized with the Yoast SEO Premium plugin v26.1 (Yoast SEO v27.0) - https:\/\/yoast.com\/product\/yoast-seo-premium-wordpress\/ -->\n<title>Le pr\u00e9sident de l&#039;Assembl\u00e9e nationale re\u00e7oit l\u2019ambassadeur de la R\u00e9publique Islamique du Pakistan - Djibouti<\/title>\n<meta name=\"description\" content=\"Le pre\u0301sident de l&#039;Assemble\u0301e Nationale, M. Dileita Mohamed Dileita, a rec\u0327u ce jeudi l\u2019ambassadeur de la Re\u0301publique Is ...\" \/>\n<meta name=\"robots\" content=\"index, follow, max-snippet:-1, max-image-preview:large, max-video-preview:-1\" \/>\n<link rel=\"canonical\" href=\"https:\/\/www.africa-press.net\/djibouti\/politique\/le-president-de-lassemblee-nationale-recoit-lambassadeur-de-la-republique-islamique-du-pakistan\" \/>\n<meta property=\"og:locale\" content=\"fr_FR\" \/>\n<meta property=\"og:type\" content=\"article\" \/>\n<meta property=\"og:title\" content=\"Le pr\u00e9sident de l&#039;Assembl\u00e9e nationale re\u00e7oit l\u2019ambassadeur de la R\u00e9publique Islamique du Pakistan\" \/>\n<meta property=\"og:description\" content=\"Le pre\u0301sident de l&#039;Assemble\u0301e Nationale, M. Dileita Mohamed Dileita, a rec\u0327u ce jeudi l\u2019ambassadeur de la Re\u0301publique Is ...\" \/>\n<meta property=\"og:url\" content=\"https:\/\/www.africa-press.net\/djibouti\/politique\/le-president-de-lassemblee-nationale-recoit-lambassadeur-de-la-republique-islamique-du-pakistan\" \/>\n<meta property=\"og:site_name\" content=\"Djibouti\" \/>\n<meta property=\"article:published_time\" content=\"2023-10-06T16:38:19+00:00\" \/>\n<meta property=\"article:modified_time\" content=\"2023-10-06T17:13:04+00:00\" \/>\n<meta property=\"og:image\" content=\"https:\/\/static.africa-press.net\/djibouti\/sites\/52\/2023\/10\/sm_1696599676.775252.jpg\" \/>\n\t<meta property=\"og:image:width\" content=\"720\" \/>\n\t<meta property=\"og:image:height\" content=\"501\" \/>\n\t<meta property=\"og:image:type\" content=\"image\/jpeg\" \/>\n<meta name=\"author\" content=\"cfeditorfr\" \/>\n<meta name=\"twitter:card\" content=\"summary_large_image\" \/>\n<meta name=\"twitter:label1\" content=\"\u00c9crit par\" \/>\n\t<meta name=\"twitter:data1\" content=\"cfeditorfr\" \/>\n\t<meta name=\"twitter:label2\" content=\"Dur\u00e9e de lecture estim\u00e9e\" \/>\n\t<meta name=\"twitter:data2\" content=\"2 minutes\" \/>\n<script type=\"application\/ld+json\" class=\"yoast-schema-graph\">{\"@context\":\"https:\/\/schema.org\",\"@graph\":[{\"@type\":\"Article\",\"@id\":\"https:\/\/www.africa-press.net\/djibouti\/politique\/le-president-de-lassemblee-nationale-recoit-lambassadeur-de-la-republique-islamique-du-pakistan#article\",\"isPartOf\":{\"@id\":\"https:\/\/www.africa-press.net\/djibouti\/politique\/le-president-de-lassemblee-nationale-recoit-lambassadeur-de-la-republique-islamique-du-pakistan\"},\"author\":{\"name\":\"cfeditorfr\",\"@id\":\"https:\/\/www.africa-press.net\/djibouti\/#\/schema\/person\/2b1cf3cd81a31e3cd26889ca66d677f1\"},\"headline\":\"Le pr\u00e9sident de l&rsquo;Assembl\u00e9e nationale re\u00e7oit l\u2019ambassadeur de la R\u00e9publique Islamique du Pakistan\",\"datePublished\":\"2023-10-06T16:38:19+00:00\",\"dateModified\":\"2023-10-06T17:13:04+00:00\",\"mainEntityOfPage\":{\"@id\":\"https:\/\/www.africa-press.net\/djibouti\/politique\/le-president-de-lassemblee-nationale-recoit-lambassadeur-de-la-republique-islamique-du-pakistan\"},\"wordCount\":410,\"commentCount\":0,\"image\":{\"@id\":\"https:\/\/www.africa-press.net\/djibouti\/politique\/le-president-de-lassemblee-nationale-recoit-lambassadeur-de-la-republique-islamique-du-pakistan#primaryimage\"},\"thumbnailUrl\":\"https:\/\/static.africa-press.net\/djibouti\/sites\/52\/2023\/10\/sm_1696599676.775252.jpg\",\"keywords\":[\"Africa Press\",\"Africa Press-Djibouti\",\"Djibouti\"],\"articleSection\":[\"Politique\",\"Top Nouvelles\",\"Toutes les actualit\u00e9s\"],\"inLanguage\":\"fr-FR\",\"potentialAction\":[{\"@type\":\"CommentAction\",\"name\":\"Comment\",\"target\":[\"https:\/\/www.africa-press.net\/djibouti\/politique\/le-president-de-lassemblee-nationale-recoit-lambassadeur-de-la-republique-islamique-du-pakistan#respond\"]}]},{\"@type\":\"WebPage\",\"@id\":\"https:\/\/www.africa-press.net\/djibouti\/politique\/le-president-de-lassemblee-nationale-recoit-lambassadeur-de-la-republique-islamique-du-pakistan\",\"url\":\"https:\/\/www.africa-press.net\/djibouti\/politique\/le-president-de-lassemblee-nationale-recoit-lambassadeur-de-la-republique-islamique-du-pakistan\",\"name\":\"Le pr\u00e9sident de l'Assembl\u00e9e nationale re\u00e7oit l\u2019ambassadeur de la R\u00e9publique Islamique du Pakistan - Djibouti\",\"isPartOf\":{\"@id\":\"https:\/\/www.africa-press.net\/djibouti\/#website\"},\"primaryImageOfPage\":{\"@id\":\"https:\/\/www.africa-press.net\/djibouti\/politique\/le-president-de-lassemblee-nationale-recoit-lambassadeur-de-la-republique-islamique-du-pakistan#primaryimage\"},\"image\":{\"@id\":\"https:\/\/www.africa-press.net\/djibouti\/politique\/le-president-de-lassemblee-nationale-recoit-lambassadeur-de-la-republique-islamique-du-pakistan#primaryimage\"},\"thumbnailUrl\":\"https:\/\/static.africa-press.net\/djibouti\/sites\/52\/2023\/10\/sm_1696599676.775252.jpg\",\"datePublished\":\"2023-10-06T16:38:19+00:00\",\"dateModified\":\"2023-10-06T17:13:04+00:00\",\"author\":{\"@id\":\"https:\/\/www.africa-press.net\/djibouti\/#\/schema\/person\/2b1cf3cd81a31e3cd26889ca66d677f1\"},\"description\":\"Le pre\u0301sident de l'Assemble\u0301e Nationale, M. Dileita Mohamed Dileita, a rec\u0327u ce jeudi l\u2019ambassadeur de la Re\u0301publique Is ...\",\"breadcrumb\":{\"@id\":\"https:\/\/www.africa-press.net\/djibouti\/politique\/le-president-de-lassemblee-nationale-recoit-lambassadeur-de-la-republique-islamique-du-pakistan#breadcrumb\"},\"inLanguage\":\"fr-FR\",\"potentialAction\":[{\"@type\":\"ReadAction\",\"target\":[\"https:\/\/www.africa-press.net\/djibouti\/politique\/le-president-de-lassemblee-nationale-recoit-lambassadeur-de-la-republique-islamique-du-pakistan\"]}]},{\"@type\":\"ImageObject\",\"inLanguage\":\"fr-FR\",\"@id\":\"https:\/\/www.africa-press.net\/djibouti\/politique\/le-president-de-lassemblee-nationale-recoit-lambassadeur-de-la-republique-islamique-du-pakistan#primaryimage\",\"url\":\"https:\/\/static.africa-press.net\/djibouti\/sites\/52\/2023\/10\/sm_1696599676.775252.jpg\",\"contentUrl\":\"https:\/\/static.africa-press.net\/djibouti\/sites\/52\/2023\/10\/sm_1696599676.775252.jpg\",\"width\":720,\"height\":501,\"caption\":\"Le pr\u00e9sident de l'Assembl\u00e9e nationale re\u00e7oit l\u2019ambassadeur de la R\u00e9publique Islamique du Pakistan\"},{\"@type\":\"BreadcrumbList\",\"@id\":\"https:\/\/www.africa-press.net\/djibouti\/politique\/le-president-de-lassemblee-nationale-recoit-lambassadeur-de-la-republique-islamique-du-pakistan#breadcrumb\",\"itemListElement\":[{\"@type\":\"ListItem\",\"position\":1,\"name\":\"Accueil\",\"item\":\"https:\/\/www.africa-press.net\/djibouti\/\"},{\"@type\":\"ListItem\",\"position\":2,\"name\":\"Le pr\u00e9sident de l&#8217;Assembl\u00e9e nationale re\u00e7oit l\u2019ambassadeur de la R\u00e9publique Islamique du Pakistan\"}]},{\"@type\":\"WebSite\",\"@id\":\"https:\/\/www.africa-press.net\/djibouti\/#website\",\"url\":\"https:\/\/www.africa-press.net\/djibouti\/\",\"name\":\"Djibouti\",\"description\":\"Just another Africa News Agency Sites site\",\"potentialAction\":[{\"@type\":\"SearchAction\",\"target\":{\"@type\":\"EntryPoint\",\"urlTemplate\":\"https:\/\/www.africa-press.net\/djibouti\/?s={search_term_string}\"},\"query-input\":{\"@type\":\"PropertyValueSpecification\",\"valueRequired\":true,\"valueName\":\"search_term_string\"}}],\"inLanguage\":\"fr-FR\"},{\"@type\":\"Person\",\"@id\":\"https:\/\/www.africa-press.net\/djibouti\/#\/schema\/person\/2b1cf3cd81a31e3cd26889ca66d677f1\",\"name\":\"cfeditorfr\"}]}<\/script>\n<!-- \/ Yoast SEO Premium plugin. -->","yoast_head_json":{"title":"Le pr\u00e9sident de l'Assembl\u00e9e nationale re\u00e7oit l\u2019ambassadeur de la R\u00e9publique Islamique du Pakistan - Djibouti","description":"Le pre\u0301sident de l'Assemble\u0301e Nationale, M. Dileita Mohamed Dileita, a rec\u0327u ce jeudi l\u2019ambassadeur de la Re\u0301publique Is ...","robots":{"index":"index","follow":"follow","max-snippet":"max-snippet:-1","max-image-preview":"max-image-preview:large","max-video-preview":"max-video-preview:-1"},"canonical":"https:\/\/www.africa-press.net\/djibouti\/politique\/le-president-de-lassemblee-nationale-recoit-lambassadeur-de-la-republique-islamique-du-pakistan","og_locale":"fr_FR","og_type":"article","og_title":"Le pr\u00e9sident de l'Assembl\u00e9e nationale re\u00e7oit l\u2019ambassadeur de la R\u00e9publique Islamique du Pakistan","og_description":"Le pre\u0301sident de l'Assemble\u0301e Nationale, M. Dileita Mohamed Dileita, a rec\u0327u ce jeudi l\u2019ambassadeur de la Re\u0301publique Is ...","og_url":"https:\/\/www.africa-press.net\/djibouti\/politique\/le-president-de-lassemblee-nationale-recoit-lambassadeur-de-la-republique-islamique-du-pakistan","og_site_name":"Djibouti","article_published_time":"2023-10-06T16:38:19+00:00","article_modified_time":"2023-10-06T17:13:04+00:00","og_image":[{"width":720,"height":501,"url":"https:\/\/static.africa-press.net\/djibouti\/sites\/52\/2023\/10\/sm_1696599676.775252.jpg","type":"image\/jpeg"}],"author":"cfeditorfr","twitter_card":"summary_large_image","twitter_misc":{"\u00c9crit par":"cfeditorfr","Dur\u00e9e de lecture estim\u00e9e":"2 minutes"},"schema":{"@context":"https:\/\/schema.org","@graph":[{"@type":"Article","@id":"https:\/\/www.africa-press.net\/djibouti\/politique\/le-president-de-lassemblee-nationale-recoit-lambassadeur-de-la-republique-islamique-du-pakistan#article","isPartOf":{"@id":"https:\/\/www.africa-press.net\/djibouti\/politique\/le-president-de-lassemblee-nationale-recoit-lambassadeur-de-la-republique-islamique-du-pakistan"},"author":{"name":"cfeditorfr","@id":"https:\/\/www.africa-press.net\/djibouti\/#\/schema\/person\/2b1cf3cd81a31e3cd26889ca66d677f1"},"headline":"Le pr\u00e9sident de l&rsquo;Assembl\u00e9e nationale re\u00e7oit l\u2019ambassadeur de la R\u00e9publique Islamique du Pakistan","datePublished":"2023-10-06T16:38:19+00:00","dateModified":"2023-10-06T17:13:04+00:00","mainEntityOfPage":{"@id":"https:\/\/www.africa-press.net\/djibouti\/politique\/le-president-de-lassemblee-nationale-recoit-lambassadeur-de-la-republique-islamique-du-pakistan"},"wordCount":410,"commentCount":0,"image":{"@id":"https:\/\/www.africa-press.net\/djibouti\/politique\/le-president-de-lassemblee-nationale-recoit-lambassadeur-de-la-republique-islamique-du-pakistan#primaryimage"},"thumbnailUrl":"https:\/\/static.africa-press.net\/djibouti\/sites\/52\/2023\/10\/sm_1696599676.775252.jpg","keywords":["Africa Press","Africa Press-Djibouti","Djibouti"],"articleSection":["Politique","Top Nouvelles","Toutes les actualit\u00e9s"],"inLanguage":"fr-FR","potentialAction":[{"@type":"CommentAction","name":"Comment","target":["https:\/\/www.africa-press.net\/djibouti\/politique\/le-president-de-lassemblee-nationale-recoit-lambassadeur-de-la-republique-islamique-du-pakistan#respond"]}]},{"@type":"WebPage","@id":"https:\/\/www.africa-press.net\/djibouti\/politique\/le-president-de-lassemblee-nationale-recoit-lambassadeur-de-la-republique-islamique-du-pakistan","url":"https:\/\/www.africa-press.net\/djibouti\/politique\/le-president-de-lassemblee-nationale-recoit-lambassadeur-de-la-republique-islamique-du-pakistan","name":"Le pr\u00e9sident de l'Assembl\u00e9e nationale re\u00e7oit l\u2019ambassadeur de la R\u00e9publique Islamique du Pakistan - Djibouti","isPartOf":{"@id":"https:\/\/www.africa-press.net\/djibouti\/#website"},"primaryImageOfPage":{"@id":"https:\/\/www.africa-press.net\/djibouti\/politique\/le-president-de-lassemblee-nationale-recoit-lambassadeur-de-la-republique-islamique-du-pakistan#primaryimage"},"image":{"@id":"https:\/\/www.africa-press.net\/djibouti\/politique\/le-president-de-lassemblee-nationale-recoit-lambassadeur-de-la-republique-islamique-du-pakistan#primaryimage"},"thumbnailUrl":"https:\/\/static.africa-press.net\/djibouti\/sites\/52\/2023\/10\/sm_1696599676.775252.jpg","datePublished":"2023-10-06T16:38:19+00:00","dateModified":"2023-10-06T17:13:04+00:00","author":{"@id":"https:\/\/www.africa-press.net\/djibouti\/#\/schema\/person\/2b1cf3cd81a31e3cd26889ca66d677f1"},"description":"Le pre\u0301sident de l'Assemble\u0301e Nationale, M. Dileita Mohamed Dileita, a rec\u0327u ce jeudi l\u2019ambassadeur de la Re\u0301publique Is ...","breadcrumb":{"@id":"https:\/\/www.africa-press.net\/djibouti\/politique\/le-president-de-lassemblee-nationale-recoit-lambassadeur-de-la-republique-islamique-du-pakistan#breadcrumb"},"inLanguage":"fr-FR","potentialAction":[{"@type":"ReadAction","target":["https:\/\/www.africa-press.net\/djibouti\/politique\/le-president-de-lassemblee-nationale-recoit-lambassadeur-de-la-republique-islamique-du-pakistan"]}]},{"@type":"ImageObject","inLanguage":"fr-FR","@id":"https:\/\/www.africa-press.net\/djibouti\/politique\/le-president-de-lassemblee-nationale-recoit-lambassadeur-de-la-republique-islamique-du-pakistan#primaryimage","url":"https:\/\/static.africa-press.net\/djibouti\/sites\/52\/2023\/10\/sm_1696599676.775252.jpg","contentUrl":"https:\/\/static.africa-press.net\/djibouti\/sites\/52\/2023\/10\/sm_1696599676.775252.jpg","width":720,"height":501,"caption":"Le pr\u00e9sident de l'Assembl\u00e9e nationale re\u00e7oit l\u2019ambassadeur de la R\u00e9publique Islamique du Pakistan"},{"@type":"BreadcrumbList","@id":"https:\/\/www.africa-press.net\/djibouti\/politique\/le-president-de-lassemblee-nationale-recoit-lambassadeur-de-la-republique-islamique-du-pakistan#breadcrumb","itemListElement":[{"@type":"ListItem","position":1,"name":"Accueil","item":"https:\/\/www.africa-press.net\/djibouti\/"},{"@type":"ListItem","position":2,"name":"Le pr\u00e9sident de l&#8217;Assembl\u00e9e nationale re\u00e7oit l\u2019ambassadeur de la R\u00e9publique Islamique du Pakistan"}]},{"@type":"WebSite","@id":"https:\/\/www.africa-press.net\/djibouti\/#website","url":"https:\/\/www.africa-press.net\/djibouti\/","name":"Djibouti","description":"Just another Africa News Agency Sites site","potentialAction":[{"@type":"SearchAction","target":{"@type":"EntryPoint","urlTemplate":"https:\/\/www.africa-press.net\/djibouti\/?s={search_term_string}"},"query-input":{"@type":"PropertyValueSpecification","valueRequired":true,"valueName":"search_term_string"}}],"inLanguage":"fr-FR"},{"@type":"Person","@id":"https:\/\/www.africa-press.net\/djibouti\/#\/schema\/person\/2b1cf3cd81a31e3cd26889ca66d677f1","name":"cfeditorfr"}]}},"_links":{"self":[{"href":"https:\/\/www.africa-press.net\/djibouti\/wp-json\/wp\/v2\/posts\/18791","targetHints":{"allow":["GET"]}}],"collection":[{"href":"https:\/\/www.africa-press.net\/djibouti\/wp-json\/wp\/v2\/posts"}],"about":[{"href":"https:\/\/www.africa-press.net\/djibouti\/wp-json\/wp\/v2\/types\/post"}],"author":[{"embeddable":true,"href":"https:\/\/www.africa-press.net\/djibouti\/wp-json\/wp\/v2\/users\/82"}],"replies":[{"embeddable":true,"href":"https:\/\/www.africa-press.net\/djibouti\/wp-json\/wp\/v2\/comments?post=18791"}],"version-history":[{"count":0,"href":"https:\/\/www.africa-press.net\/djibouti\/wp-json\/wp\/v2\/posts\/18791\/revisions"}],"wp:featuredmedia":[{"embeddable":true,"href":"https:\/\/www.africa-press.net\/djibouti\/wp-json\/wp\/v2\/media\/18790"}],"wp:attachment":[{"href":"https:\/\/www.africa-press.net\/djibouti\/wp-json\/wp\/v2\/media?parent=18791"}],"wp:term":[{"taxonomy":"category","embeddable":true,"href":"https:\/\/www.africa-press.net\/djibouti\/wp-json\/wp\/v2\/categories?post=18791"},{"taxonomy":"post_tag","embeddable":true,"href":"https:\/\/www.africa-press.net\/djibouti\/wp-json\/wp\/v2\/tags?post=18791"}],"curies":[{"name":"wp","href":"https:\/\/api.w.org\/{rel}","templated":true}]}}