{"id":18796,"date":"2023-10-06T16:37:30","date_gmt":"2023-10-06T16:37:30","guid":{"rendered":"https:\/\/www.africa-press.net\/djibouti\/politique\/les-membres-des-groupes-parlementaires-damitie-djibouto-turque-rencontrent-lambassadeur-de-turquie-a-djibouti"},"modified":"2023-10-06T17:39:00","modified_gmt":"2023-10-06T17:39:00","slug":"les-membres-des-groupes-parlementaires-damitie-djibouto-turque-rencontrent-lambassadeur-de-turquie-a-djibouti","status":"publish","type":"post","link":"https:\/\/www.africa-press.net\/djibouti\/politique\/les-membres-des-groupes-parlementaires-damitie-djibouto-turque-rencontrent-lambassadeur-de-turquie-a-djibouti","title":{"rendered":"Les membres des groupes parlementaires d&rsquo;amiti\u00e9 djibouto-turque rencontrent l&rsquo;ambassadeur de Turquie \u00e0 Djibouti"},"content":{"rendered":"<p><span style=\"color: #ff6600\"><strong>Africa-Press &#8211; Djibouti. <\/strong><\/span>La pre\u0301sidente et les membres du groupe d&rsquo;amitie\u0301 parlementaire djibouto-turque ont rencontre\u0301 ce jeudi l&rsquo;ambassadeur de Turquie a\u0300 Djibouti.<\/p>\n<p>Cette rencontre s&rsquo;inscrit dans la volonte\u0301 commune des deux nations de renforcer leurs relations bilate\u0301rales et de collaborer e\u0301troitement sur des sujets d&rsquo;inte\u0301re\u0302t mutuel.<\/p>\n<p>Les discussions ont porte\u0301 sur diverses the\u0301matiques dont l&rsquo;e\u0301conomie, l&rsquo;e\u0301ducation et les e\u0301changes culturels.<\/p>\n<p>Les membres du groupe parlementaires d&rsquo;amitie\u0301 ont salue\u0301 les efforts de l&rsquo;ambassadeur visant a\u0300 raffermir davantage les liens entre Djibouti et la Turquie.<\/p>\n<p>De son co\u0302te\u0301, le diplomate turc a exprime\u0301 sa gratitude envers les parlementaires pour leur engagement en faveur de la coope\u0301ration bilate\u0301rale.<\/p>\n<p>Il a manifeste\u0301 sa volonte\u0301 d&rsquo;approfondir les relations entre la Turquie et Djibouti, mettant l&rsquo;accent sur l&rsquo;engagement de son pays a\u0300 e\u0301tablir des partenariats commerciaux durables.<\/p>\n<p>La rencontre a permis d&rsquo;e\u0301voquer des projets importants et des initiatives conjointes qui seront mises en \u0153uvre dans les mois a\u0300 venir.<\/p>\n<p>La pre\u0301sidente et les membres du groupe d&rsquo;amitie\u0301 parlementaire djibouto-turque ont rencontre\u0301 ce jeudi l&rsquo;ambassadeur de Turquie a\u0300 Djibouti.<\/p>\n<p>Cette rencontre s&rsquo;inscrit dans la volonte\u0301 commune des deux nations de renforcer leurs relations bilate\u0301rales et de collaborer e\u0301troitement sur des sujets d&rsquo;inte\u0301re\u0302t mutuel.<\/p>\n<p>Les discussions ont porte\u0301 sur diverses the\u0301matiques dont l&rsquo;e\u0301conomie, l&rsquo;e\u0301ducation et les e\u0301changes culturels.<\/p>\n<p>Les membres du groupe parlementaires d&rsquo;amitie\u0301 ont salue\u0301 les efforts de l&rsquo;ambassadeur visant a\u0300 raffermir davantage les liens entre Djibouti et la Turquie.<\/p>\n<p>De son co\u0302te\u0301, le diplomate turc a exprime\u0301 sa gratitude envers les parlementaires pour leur engagement en faveur de la coope\u0301ration bilate\u0301rale.<\/p>\n<p>Il a manifeste\u0301 sa volonte\u0301 d&rsquo;approfondir les relations entre la Turquie et Djibouti, mettant l&rsquo;accent sur l&rsquo;engagement de son pays a\u0300 e\u0301tablir des partenariats commerciaux durables.<\/p>\n<p>La rencontre a permis d&rsquo;e\u0301voquer des projets importants et des initiatives conjointes qui seront mises en \u0153uvre dans les mois a\u0300 venir.<\/p>\n<p><strong>Pour plus d&rsquo;informations et d&rsquo;analyses sur la <a href=\"https:\/\/www.africa-press.net\/djibouti\">Djibouti<\/a>, suivez <a href=\"https:\/\/www.africa-press.net\/\">Africa-Press<\/a><\/strong><\/p>\n","protected":false},"excerpt":{"rendered":"<p>Africa-Press &#8211; Djibouti. La pre\u0301sidente et les membres du groupe d&rsquo;amitie\u0301 parlementaire djibouto-turque ont rencontre\u0301 ce jeudi l&rsquo;ambassadeur de Turquie a\u0300 Djibouti. Cette rencontre s&rsquo;inscrit dans la volonte\u0301 commune des deux nations de renforcer leurs relations bilate\u0301rales et de collaborer e\u0301troitement sur des sujets d&rsquo;inte\u0301re\u0302t mutuel. Les discussions ont porte\u0301 sur diverses the\u0301matiques dont l&rsquo;e\u0301conomie, [&hellip;]<\/p>\n","protected":false},"author":82,"featured_media":18795,"comment_status":"open","ping_status":"closed","sticky":false,"template":"","format":"standard","meta":{"footnotes":""},"categories":[2,57,20,10],"tags":[36,49,50],"class_list":["post-18796","post","type-post","status-publish","format-standard","has-post-thumbnail","hentry","category-politique","category-to-homepage","category-top-nouvelles","category-toutes-les-actualites","tag-africa-press","tag-africa-press-djibouti","tag-djibouti"],"yoast_head":"<!-- This site is optimized with the Yoast SEO Premium plugin v26.1 (Yoast SEO v27.0) - https:\/\/yoast.com\/product\/yoast-seo-premium-wordpress\/ -->\n<title>Les membres des groupes parlementaires d&#039;amiti\u00e9 djibouto-turque rencontrent l&#039;ambassadeur de Turquie \u00e0 Djibouti - Djibouti<\/title>\n<meta name=\"description\" content=\"La pre\u0301sidente et les membres du groupe d&#039;amitie\u0301 parlementaire djibouto-turque ont rencontre\u0301 ce jeudi l&#039;ambassadeur de ...\" \/>\n<meta name=\"robots\" content=\"index, follow, max-snippet:-1, max-image-preview:large, max-video-preview:-1\" \/>\n<link rel=\"canonical\" href=\"https:\/\/www.africa-press.net\/djibouti\/politique\/les-membres-des-groupes-parlementaires-damitie-djibouto-turque-rencontrent-lambassadeur-de-turquie-a-djibouti\" \/>\n<meta property=\"og:locale\" content=\"fr_FR\" \/>\n<meta property=\"og:type\" content=\"article\" \/>\n<meta property=\"og:title\" content=\"Les membres des groupes parlementaires d&#039;amiti\u00e9 djibouto-turque rencontrent l&#039;ambassadeur de Turquie \u00e0 Djibouti\" \/>\n<meta property=\"og:description\" content=\"La pre\u0301sidente et les membres du groupe d&#039;amitie\u0301 parlementaire djibouto-turque ont rencontre\u0301 ce jeudi l&#039;ambassadeur de ...\" \/>\n<meta property=\"og:url\" content=\"https:\/\/www.africa-press.net\/djibouti\/politique\/les-membres-des-groupes-parlementaires-damitie-djibouto-turque-rencontrent-lambassadeur-de-turquie-a-djibouti\" \/>\n<meta property=\"og:site_name\" content=\"Djibouti\" \/>\n<meta property=\"article:published_time\" content=\"2023-10-06T16:37:30+00:00\" \/>\n<meta property=\"article:modified_time\" content=\"2023-10-06T17:39:00+00:00\" \/>\n<meta property=\"og:image\" content=\"https:\/\/static.africa-press.net\/djibouti\/sites\/52\/2023\/10\/sm_1696601268.196881.jpg\" \/>\n\t<meta property=\"og:image:width\" content=\"1080\" \/>\n\t<meta property=\"og:image:height\" content=\"810\" \/>\n\t<meta property=\"og:image:type\" content=\"image\/jpeg\" \/>\n<meta name=\"author\" content=\"cfeditorfr\" \/>\n<meta name=\"twitter:card\" content=\"summary_large_image\" \/>\n<meta name=\"twitter:label1\" content=\"\u00c9crit par\" \/>\n\t<meta name=\"twitter:data1\" content=\"cfeditorfr\" \/>\n\t<meta name=\"twitter:label2\" content=\"Dur\u00e9e de lecture estim\u00e9e\" \/>\n\t<meta name=\"twitter:data2\" content=\"2 minutes\" \/>\n<script type=\"application\/ld+json\" class=\"yoast-schema-graph\">{\"@context\":\"https:\/\/schema.org\",\"@graph\":[{\"@type\":\"Article\",\"@id\":\"https:\/\/www.africa-press.net\/djibouti\/politique\/les-membres-des-groupes-parlementaires-damitie-djibouto-turque-rencontrent-lambassadeur-de-turquie-a-djibouti#article\",\"isPartOf\":{\"@id\":\"https:\/\/www.africa-press.net\/djibouti\/politique\/les-membres-des-groupes-parlementaires-damitie-djibouto-turque-rencontrent-lambassadeur-de-turquie-a-djibouti\"},\"author\":{\"name\":\"cfeditorfr\",\"@id\":\"https:\/\/www.africa-press.net\/djibouti\/#\/schema\/person\/2b1cf3cd81a31e3cd26889ca66d677f1\"},\"headline\":\"Les membres des groupes parlementaires d&rsquo;amiti\u00e9 djibouto-turque rencontrent l&rsquo;ambassadeur de Turquie \u00e0 Djibouti\",\"datePublished\":\"2023-10-06T16:37:30+00:00\",\"dateModified\":\"2023-10-06T17:39:00+00:00\",\"mainEntityOfPage\":{\"@id\":\"https:\/\/www.africa-press.net\/djibouti\/politique\/les-membres-des-groupes-parlementaires-damitie-djibouto-turque-rencontrent-lambassadeur-de-turquie-a-djibouti\"},\"wordCount\":381,\"commentCount\":0,\"image\":{\"@id\":\"https:\/\/www.africa-press.net\/djibouti\/politique\/les-membres-des-groupes-parlementaires-damitie-djibouto-turque-rencontrent-lambassadeur-de-turquie-a-djibouti#primaryimage\"},\"thumbnailUrl\":\"https:\/\/static.africa-press.net\/djibouti\/sites\/52\/2023\/10\/sm_1696601268.196881.jpg\",\"keywords\":[\"Africa Press\",\"Africa Press-Djibouti\",\"Djibouti\"],\"articleSection\":[\"Politique\",\"to-homepage\",\"Top Nouvelles\",\"Toutes les actualit\u00e9s\"],\"inLanguage\":\"fr-FR\",\"potentialAction\":[{\"@type\":\"CommentAction\",\"name\":\"Comment\",\"target\":[\"https:\/\/www.africa-press.net\/djibouti\/politique\/les-membres-des-groupes-parlementaires-damitie-djibouto-turque-rencontrent-lambassadeur-de-turquie-a-djibouti#respond\"]}]},{\"@type\":\"WebPage\",\"@id\":\"https:\/\/www.africa-press.net\/djibouti\/politique\/les-membres-des-groupes-parlementaires-damitie-djibouto-turque-rencontrent-lambassadeur-de-turquie-a-djibouti\",\"url\":\"https:\/\/www.africa-press.net\/djibouti\/politique\/les-membres-des-groupes-parlementaires-damitie-djibouto-turque-rencontrent-lambassadeur-de-turquie-a-djibouti\",\"name\":\"Les membres des groupes parlementaires d'amiti\u00e9 djibouto-turque rencontrent l'ambassadeur de Turquie \u00e0 Djibouti - Djibouti\",\"isPartOf\":{\"@id\":\"https:\/\/www.africa-press.net\/djibouti\/#website\"},\"primaryImageOfPage\":{\"@id\":\"https:\/\/www.africa-press.net\/djibouti\/politique\/les-membres-des-groupes-parlementaires-damitie-djibouto-turque-rencontrent-lambassadeur-de-turquie-a-djibouti#primaryimage\"},\"image\":{\"@id\":\"https:\/\/www.africa-press.net\/djibouti\/politique\/les-membres-des-groupes-parlementaires-damitie-djibouto-turque-rencontrent-lambassadeur-de-turquie-a-djibouti#primaryimage\"},\"thumbnailUrl\":\"https:\/\/static.africa-press.net\/djibouti\/sites\/52\/2023\/10\/sm_1696601268.196881.jpg\",\"datePublished\":\"2023-10-06T16:37:30+00:00\",\"dateModified\":\"2023-10-06T17:39:00+00:00\",\"author\":{\"@id\":\"https:\/\/www.africa-press.net\/djibouti\/#\/schema\/person\/2b1cf3cd81a31e3cd26889ca66d677f1\"},\"description\":\"La pre\u0301sidente et les membres du groupe d'amitie\u0301 parlementaire djibouto-turque ont rencontre\u0301 ce jeudi l'ambassadeur de ...\",\"breadcrumb\":{\"@id\":\"https:\/\/www.africa-press.net\/djibouti\/politique\/les-membres-des-groupes-parlementaires-damitie-djibouto-turque-rencontrent-lambassadeur-de-turquie-a-djibouti#breadcrumb\"},\"inLanguage\":\"fr-FR\",\"potentialAction\":[{\"@type\":\"ReadAction\",\"target\":[\"https:\/\/www.africa-press.net\/djibouti\/politique\/les-membres-des-groupes-parlementaires-damitie-djibouto-turque-rencontrent-lambassadeur-de-turquie-a-djibouti\"]}]},{\"@type\":\"ImageObject\",\"inLanguage\":\"fr-FR\",\"@id\":\"https:\/\/www.africa-press.net\/djibouti\/politique\/les-membres-des-groupes-parlementaires-damitie-djibouto-turque-rencontrent-lambassadeur-de-turquie-a-djibouti#primaryimage\",\"url\":\"https:\/\/static.africa-press.net\/djibouti\/sites\/52\/2023\/10\/sm_1696601268.196881.jpg\",\"contentUrl\":\"https:\/\/static.africa-press.net\/djibouti\/sites\/52\/2023\/10\/sm_1696601268.196881.jpg\",\"width\":1080,\"height\":810,\"caption\":\"Les membres des groupes parlementaires d'amiti\u00e9 djibouto-turque rencontrent l'ambassadeur de Turquie \u00e0 Djibouti\"},{\"@type\":\"BreadcrumbList\",\"@id\":\"https:\/\/www.africa-press.net\/djibouti\/politique\/les-membres-des-groupes-parlementaires-damitie-djibouto-turque-rencontrent-lambassadeur-de-turquie-a-djibouti#breadcrumb\",\"itemListElement\":[{\"@type\":\"ListItem\",\"position\":1,\"name\":\"Accueil\",\"item\":\"https:\/\/www.africa-press.net\/djibouti\/\"},{\"@type\":\"ListItem\",\"position\":2,\"name\":\"Les membres des groupes parlementaires d&#8217;amiti\u00e9 djibouto-turque rencontrent l&#8217;ambassadeur de Turquie \u00e0 Djibouti\"}]},{\"@type\":\"WebSite\",\"@id\":\"https:\/\/www.africa-press.net\/djibouti\/#website\",\"url\":\"https:\/\/www.africa-press.net\/djibouti\/\",\"name\":\"Djibouti\",\"description\":\"Just another Africa News Agency Sites site\",\"potentialAction\":[{\"@type\":\"SearchAction\",\"target\":{\"@type\":\"EntryPoint\",\"urlTemplate\":\"https:\/\/www.africa-press.net\/djibouti\/?s={search_term_string}\"},\"query-input\":{\"@type\":\"PropertyValueSpecification\",\"valueRequired\":true,\"valueName\":\"search_term_string\"}}],\"inLanguage\":\"fr-FR\"},{\"@type\":\"Person\",\"@id\":\"https:\/\/www.africa-press.net\/djibouti\/#\/schema\/person\/2b1cf3cd81a31e3cd26889ca66d677f1\",\"name\":\"cfeditorfr\"}]}<\/script>\n<!-- \/ Yoast SEO Premium plugin. -->","yoast_head_json":{"title":"Les membres des groupes parlementaires d'amiti\u00e9 djibouto-turque rencontrent l'ambassadeur de Turquie \u00e0 Djibouti - Djibouti","description":"La pre\u0301sidente et les membres du groupe d'amitie\u0301 parlementaire djibouto-turque ont rencontre\u0301 ce jeudi l'ambassadeur de ...","robots":{"index":"index","follow":"follow","max-snippet":"max-snippet:-1","max-image-preview":"max-image-preview:large","max-video-preview":"max-video-preview:-1"},"canonical":"https:\/\/www.africa-press.net\/djibouti\/politique\/les-membres-des-groupes-parlementaires-damitie-djibouto-turque-rencontrent-lambassadeur-de-turquie-a-djibouti","og_locale":"fr_FR","og_type":"article","og_title":"Les membres des groupes parlementaires d'amiti\u00e9 djibouto-turque rencontrent l'ambassadeur de Turquie \u00e0 Djibouti","og_description":"La pre\u0301sidente et les membres du groupe d'amitie\u0301 parlementaire djibouto-turque ont rencontre\u0301 ce jeudi l'ambassadeur de ...","og_url":"https:\/\/www.africa-press.net\/djibouti\/politique\/les-membres-des-groupes-parlementaires-damitie-djibouto-turque-rencontrent-lambassadeur-de-turquie-a-djibouti","og_site_name":"Djibouti","article_published_time":"2023-10-06T16:37:30+00:00","article_modified_time":"2023-10-06T17:39:00+00:00","og_image":[{"width":1080,"height":810,"url":"https:\/\/static.africa-press.net\/djibouti\/sites\/52\/2023\/10\/sm_1696601268.196881.jpg","type":"image\/jpeg"}],"author":"cfeditorfr","twitter_card":"summary_large_image","twitter_misc":{"\u00c9crit par":"cfeditorfr","Dur\u00e9e de lecture estim\u00e9e":"2 minutes"},"schema":{"@context":"https:\/\/schema.org","@graph":[{"@type":"Article","@id":"https:\/\/www.africa-press.net\/djibouti\/politique\/les-membres-des-groupes-parlementaires-damitie-djibouto-turque-rencontrent-lambassadeur-de-turquie-a-djibouti#article","isPartOf":{"@id":"https:\/\/www.africa-press.net\/djibouti\/politique\/les-membres-des-groupes-parlementaires-damitie-djibouto-turque-rencontrent-lambassadeur-de-turquie-a-djibouti"},"author":{"name":"cfeditorfr","@id":"https:\/\/www.africa-press.net\/djibouti\/#\/schema\/person\/2b1cf3cd81a31e3cd26889ca66d677f1"},"headline":"Les membres des groupes parlementaires d&rsquo;amiti\u00e9 djibouto-turque rencontrent l&rsquo;ambassadeur de Turquie \u00e0 Djibouti","datePublished":"2023-10-06T16:37:30+00:00","dateModified":"2023-10-06T17:39:00+00:00","mainEntityOfPage":{"@id":"https:\/\/www.africa-press.net\/djibouti\/politique\/les-membres-des-groupes-parlementaires-damitie-djibouto-turque-rencontrent-lambassadeur-de-turquie-a-djibouti"},"wordCount":381,"commentCount":0,"image":{"@id":"https:\/\/www.africa-press.net\/djibouti\/politique\/les-membres-des-groupes-parlementaires-damitie-djibouto-turque-rencontrent-lambassadeur-de-turquie-a-djibouti#primaryimage"},"thumbnailUrl":"https:\/\/static.africa-press.net\/djibouti\/sites\/52\/2023\/10\/sm_1696601268.196881.jpg","keywords":["Africa Press","Africa Press-Djibouti","Djibouti"],"articleSection":["Politique","to-homepage","Top Nouvelles","Toutes les actualit\u00e9s"],"inLanguage":"fr-FR","potentialAction":[{"@type":"CommentAction","name":"Comment","target":["https:\/\/www.africa-press.net\/djibouti\/politique\/les-membres-des-groupes-parlementaires-damitie-djibouto-turque-rencontrent-lambassadeur-de-turquie-a-djibouti#respond"]}]},{"@type":"WebPage","@id":"https:\/\/www.africa-press.net\/djibouti\/politique\/les-membres-des-groupes-parlementaires-damitie-djibouto-turque-rencontrent-lambassadeur-de-turquie-a-djibouti","url":"https:\/\/www.africa-press.net\/djibouti\/politique\/les-membres-des-groupes-parlementaires-damitie-djibouto-turque-rencontrent-lambassadeur-de-turquie-a-djibouti","name":"Les membres des groupes parlementaires d'amiti\u00e9 djibouto-turque rencontrent l'ambassadeur de Turquie \u00e0 Djibouti - Djibouti","isPartOf":{"@id":"https:\/\/www.africa-press.net\/djibouti\/#website"},"primaryImageOfPage":{"@id":"https:\/\/www.africa-press.net\/djibouti\/politique\/les-membres-des-groupes-parlementaires-damitie-djibouto-turque-rencontrent-lambassadeur-de-turquie-a-djibouti#primaryimage"},"image":{"@id":"https:\/\/www.africa-press.net\/djibouti\/politique\/les-membres-des-groupes-parlementaires-damitie-djibouto-turque-rencontrent-lambassadeur-de-turquie-a-djibouti#primaryimage"},"thumbnailUrl":"https:\/\/static.africa-press.net\/djibouti\/sites\/52\/2023\/10\/sm_1696601268.196881.jpg","datePublished":"2023-10-06T16:37:30+00:00","dateModified":"2023-10-06T17:39:00+00:00","author":{"@id":"https:\/\/www.africa-press.net\/djibouti\/#\/schema\/person\/2b1cf3cd81a31e3cd26889ca66d677f1"},"description":"La pre\u0301sidente et les membres du groupe d'amitie\u0301 parlementaire djibouto-turque ont rencontre\u0301 ce jeudi l'ambassadeur de ...","breadcrumb":{"@id":"https:\/\/www.africa-press.net\/djibouti\/politique\/les-membres-des-groupes-parlementaires-damitie-djibouto-turque-rencontrent-lambassadeur-de-turquie-a-djibouti#breadcrumb"},"inLanguage":"fr-FR","potentialAction":[{"@type":"ReadAction","target":["https:\/\/www.africa-press.net\/djibouti\/politique\/les-membres-des-groupes-parlementaires-damitie-djibouto-turque-rencontrent-lambassadeur-de-turquie-a-djibouti"]}]},{"@type":"ImageObject","inLanguage":"fr-FR","@id":"https:\/\/www.africa-press.net\/djibouti\/politique\/les-membres-des-groupes-parlementaires-damitie-djibouto-turque-rencontrent-lambassadeur-de-turquie-a-djibouti#primaryimage","url":"https:\/\/static.africa-press.net\/djibouti\/sites\/52\/2023\/10\/sm_1696601268.196881.jpg","contentUrl":"https:\/\/static.africa-press.net\/djibouti\/sites\/52\/2023\/10\/sm_1696601268.196881.jpg","width":1080,"height":810,"caption":"Les membres des groupes parlementaires d'amiti\u00e9 djibouto-turque rencontrent l'ambassadeur de Turquie \u00e0 Djibouti"},{"@type":"BreadcrumbList","@id":"https:\/\/www.africa-press.net\/djibouti\/politique\/les-membres-des-groupes-parlementaires-damitie-djibouto-turque-rencontrent-lambassadeur-de-turquie-a-djibouti#breadcrumb","itemListElement":[{"@type":"ListItem","position":1,"name":"Accueil","item":"https:\/\/www.africa-press.net\/djibouti\/"},{"@type":"ListItem","position":2,"name":"Les membres des groupes parlementaires d&#8217;amiti\u00e9 djibouto-turque rencontrent l&#8217;ambassadeur de Turquie \u00e0 Djibouti"}]},{"@type":"WebSite","@id":"https:\/\/www.africa-press.net\/djibouti\/#website","url":"https:\/\/www.africa-press.net\/djibouti\/","name":"Djibouti","description":"Just another Africa News Agency Sites site","potentialAction":[{"@type":"SearchAction","target":{"@type":"EntryPoint","urlTemplate":"https:\/\/www.africa-press.net\/djibouti\/?s={search_term_string}"},"query-input":{"@type":"PropertyValueSpecification","valueRequired":true,"valueName":"search_term_string"}}],"inLanguage":"fr-FR"},{"@type":"Person","@id":"https:\/\/www.africa-press.net\/djibouti\/#\/schema\/person\/2b1cf3cd81a31e3cd26889ca66d677f1","name":"cfeditorfr"}]}},"_links":{"self":[{"href":"https:\/\/www.africa-press.net\/djibouti\/wp-json\/wp\/v2\/posts\/18796","targetHints":{"allow":["GET"]}}],"collection":[{"href":"https:\/\/www.africa-press.net\/djibouti\/wp-json\/wp\/v2\/posts"}],"about":[{"href":"https:\/\/www.africa-press.net\/djibouti\/wp-json\/wp\/v2\/types\/post"}],"author":[{"embeddable":true,"href":"https:\/\/www.africa-press.net\/djibouti\/wp-json\/wp\/v2\/users\/82"}],"replies":[{"embeddable":true,"href":"https:\/\/www.africa-press.net\/djibouti\/wp-json\/wp\/v2\/comments?post=18796"}],"version-history":[{"count":0,"href":"https:\/\/www.africa-press.net\/djibouti\/wp-json\/wp\/v2\/posts\/18796\/revisions"}],"wp:featuredmedia":[{"embeddable":true,"href":"https:\/\/www.africa-press.net\/djibouti\/wp-json\/wp\/v2\/media\/18795"}],"wp:attachment":[{"href":"https:\/\/www.africa-press.net\/djibouti\/wp-json\/wp\/v2\/media?parent=18796"}],"wp:term":[{"taxonomy":"category","embeddable":true,"href":"https:\/\/www.africa-press.net\/djibouti\/wp-json\/wp\/v2\/categories?post=18796"},{"taxonomy":"post_tag","embeddable":true,"href":"https:\/\/www.africa-press.net\/djibouti\/wp-json\/wp\/v2\/tags?post=18796"}],"curies":[{"name":"wp","href":"https:\/\/api.w.org\/{rel}","templated":true}]}}