{"id":18861,"date":"2023-10-08T13:34:59","date_gmt":"2023-10-08T13:34:59","guid":{"rendered":"https:\/\/www.africa-press.net\/djibouti\/politique\/le-president-guelleh-procede-au-lancement-de-la-version-electronique-du-journal-officiel-de-la-republique"},"modified":"2023-10-08T14:19:22","modified_gmt":"2023-10-08T14:19:22","slug":"le-president-guelleh-procede-au-lancement-de-la-version-electronique-du-journal-officiel-de-la-republique","status":"publish","type":"post","link":"https:\/\/www.africa-press.net\/djibouti\/politique\/le-president-guelleh-procede-au-lancement-de-la-version-electronique-du-journal-officiel-de-la-republique","title":{"rendered":"Le Pr\u00e9sident Guelleh proc\u00e8de au lancement de la version \u00e9lectronique du Journal Officiel de la R\u00e9publique"},"content":{"rendered":"<p><span style=\"color: #ff6600\"><strong>Africa-Press &#8211; Djibouti. <\/strong><\/span>Le Chef de l\u2019Etat, M. Ismail Omar Guelleh, a rec\u0327u ce jeudi, en milieu de matine\u0301e, au Palais de la Re\u0301publique, des mode\u0300les symptomatiques d\u2019e\u0301dition du Journal Officiel (JO) depuis sa mise en service a\u0300 Djibouti, en 1900.<\/p>\n<p>En audience avec le Secre\u0301taire Ge\u0301ne\u0301ral du Gouvernement, M. Almis Mohamed Abdillahi sous l\u2019autorite\u0301 duquel est place\u0301e la publication du Journal Officiel, principal instrument de diffusion des lois, de\u0301crets et textes re\u0301glementaires re\u0301gissant notre pays, les mode\u0300les d\u2019e\u0301dition rec\u0327us par le Pre\u0301sident de la Re\u0301publique e\u0301tait en nombre de deux.<\/p>\n<p>Le 1er relatait le format originaire dans lequel le Journal Officiel a e\u0301te\u0301 e\u0301dite\u0301 pour la 1e\u0300re fois, en 1900, alors que Djibouti e\u0301tait sous le joug de l\u2019Administration franc\u0327aise.<\/p>\n<p>Et le second mode\u0300le, reflet des transformations profondes survenues a\u0300 Djibouti, portait sur la mouture d\u2019e\u0301dition dans laquelle s\u2019est re\u0301ve\u0301le\u0301 le Journal Officiel le 27 Juin 1977, le jour de l\u2019accession de notre pays a\u0300 l\u2019Inde\u0301pendance nationale.<\/p>\n<p>Il y a lieu de pre\u0301ciser que la remise au Chef de l\u2019Etat de mode\u0300les distincts d\u2019e\u0301dition du Journal Officiel intervient a\u0300 la foule\u0301e d\u2019un double e\u0301ve\u0300nement : la comme\u0301moration de la gene\u0300se et de l\u2019historique du Journal officiel et, le lancement d\u2019une version e\u0301lectronique de ce pre\u0301cieux support de publication de l\u2019Etat.<\/p>\n<p>Initie\u0301e a\u0300 la faveur d\u2019un de\u0301cret adopte\u0301 en Conseil des Ministres, le 26 Septembre 2023, la cre\u0301ation d\u2019une version nume\u0301rique du Journal Officiel s\u2019inscrit dans le droit fil de la politique largement ente\u0301rine\u0301e a\u0300 Djibouti sous l\u2019impulsion directe du Pre\u0301sident de la Re\u0301publique, Son Excellence Ismail Omar Guelleh.<\/p>\n<p>Et dont l\u2019ultime but consiste a\u0300 moderniser notre Administration et a\u0300 offrir aux services publics et a\u0300 leurs usagers des conditions maximales d\u2019accessibilite\u0301 aux donne\u0301es d\u2019informations ge\u0301ne\u0301rales.<\/p>\n<p>Outre des conditions exceptionnelles de conservation et d\u2019archivages, la nume\u0301risation du Journal Officiel afflue inde\u0301niablement aussi avec des gages e\u0301leve\u0301s en termes de visibilite\u0301 et d\u2019ouverture de notre pays a\u0300 l\u2019international.<\/p>\n<p>Le Chef de l\u2019Etat, M. Ismail Omar Guelleh, a rec\u0327u ce jeudi, en milieu de matine\u0301e, au Palais de la Re\u0301publique, des mode\u0300les symptomatiques d\u2019e\u0301dition du Journal Officiel (JO) depuis sa mise en service a\u0300 Djibouti, en 1900.<\/p>\n<p>En audience avec le Secre\u0301taire Ge\u0301ne\u0301ral du Gouvernement, M. Almis Mohamed Abdillahi sous l\u2019autorite\u0301 duquel est place\u0301e la publication du Journal Officiel, principal instrument de diffusion des lois, de\u0301crets et textes re\u0301glementaires re\u0301gissant notre pays, les mode\u0300les d\u2019e\u0301dition rec\u0327us par le Pre\u0301sident de la Re\u0301publique e\u0301tait en nombre de deux.<\/p>\n<p>Le 1er relatait le format originaire dans lequel le Journal Officiel a e\u0301te\u0301 e\u0301dite\u0301 pour la 1e\u0300re fois, en 1900, alors que Djibouti e\u0301tait sous le joug de l\u2019Administration franc\u0327aise.<\/p>\n<p>Et le second mode\u0300le, reflet des transformations profondes survenues a\u0300 Djibouti, portait sur la mouture d\u2019e\u0301dition dans laquelle s\u2019est re\u0301ve\u0301le\u0301 le Journal Officiel le 27 Juin 1977, le jour de l\u2019accession de notre pays a\u0300 l\u2019Inde\u0301pendance nationale.<\/p>\n<p>Il y a lieu de pre\u0301ciser que la remise au Chef de l\u2019Etat de mode\u0300les distincts d\u2019e\u0301dition du Journal Officiel intervient a\u0300 la foule\u0301e d\u2019un double e\u0301ve\u0300nement : la comme\u0301moration de la gene\u0300se et de l\u2019historique du Journal officiel et, le lancement d\u2019une version e\u0301lectronique de ce pre\u0301cieux support de publication de l\u2019Etat.<\/p>\n<p>Initie\u0301e a\u0300 la faveur d\u2019un de\u0301cret adopte\u0301 en Conseil des Ministres, le 26 Septembre 2023, la cre\u0301ation d\u2019une version nume\u0301rique du Journal Officiel s\u2019inscrit dans le droit fil de la politique largement ente\u0301rine\u0301e a\u0300 Djibouti sous l\u2019impulsion directe du Pre\u0301sident de la Re\u0301publique, Son Excellence Ismail Omar Guelleh.<\/p>\n<p>Et dont l\u2019ultime but consiste a\u0300 moderniser notre Administration et a\u0300 offrir aux services publics et a\u0300 leurs usagers des conditions maximales d\u2019accessibilite\u0301 aux donne\u0301es d\u2019informations ge\u0301ne\u0301rales.<\/p>\n<p>Outre des conditions exceptionnelles de conservation et d\u2019archivages, la nume\u0301risation du Journal Officiel afflue inde\u0301niablement aussi avec des gages e\u0301leve\u0301s en termes de visibilite\u0301 et d\u2019ouverture de notre pays a\u0300 l\u2019international.<\/p>\n<p><strong>Pour plus d&rsquo;informations et d&rsquo;analyses sur la <a href=\"https:\/\/www.africa-press.net\/djibouti\">Djibouti<\/a>, suivez <a href=\"https:\/\/www.africa-press.net\/\">Africa-Press<\/a><\/strong><\/p>\n","protected":false},"excerpt":{"rendered":"<p>Africa-Press &#8211; Djibouti. Le Chef de l\u2019Etat, M. Ismail Omar Guelleh, a rec\u0327u ce jeudi, en milieu de matine\u0301e, au Palais de la Re\u0301publique, des mode\u0300les symptomatiques d\u2019e\u0301dition du Journal Officiel (JO) depuis sa mise en service a\u0300 Djibouti, en 1900. En audience avec le Secre\u0301taire Ge\u0301ne\u0301ral du Gouvernement, M. Almis Mohamed Abdillahi sous l\u2019autorite\u0301 [&hellip;]<\/p>\n","protected":false},"author":82,"featured_media":18860,"comment_status":"open","ping_status":"closed","sticky":false,"template":"","format":"standard","meta":{"footnotes":""},"categories":[2,20,10],"tags":[36,49,50],"class_list":["post-18861","post","type-post","status-publish","format-standard","has-post-thumbnail","hentry","category-politique","category-top-nouvelles","category-toutes-les-actualites","tag-africa-press","tag-africa-press-djibouti","tag-djibouti"],"yoast_head":"<!-- This site is optimized with the Yoast SEO Premium plugin v26.1 (Yoast SEO v27.0) - https:\/\/yoast.com\/product\/yoast-seo-premium-wordpress\/ -->\n<title>Le Pr\u00e9sident Guelleh proc\u00e8de au lancement de la version \u00e9lectronique du Journal Officiel de la R\u00e9publique - Djibouti<\/title>\n<meta name=\"description\" content=\"Le Chef de l\u2019Etat, M. Ismail Omar Guelleh, a rec\u0327u ce jeudi, en milieu de matine\u0301e, au Palais de la Re\u0301publique, des mod ...\" \/>\n<meta name=\"robots\" content=\"index, follow, max-snippet:-1, max-image-preview:large, max-video-preview:-1\" \/>\n<link rel=\"canonical\" href=\"https:\/\/www.africa-press.net\/djibouti\/politique\/le-president-guelleh-procede-au-lancement-de-la-version-electronique-du-journal-officiel-de-la-republique\" \/>\n<meta property=\"og:locale\" content=\"fr_FR\" \/>\n<meta property=\"og:type\" content=\"article\" \/>\n<meta property=\"og:title\" content=\"Le Pr\u00e9sident Guelleh proc\u00e8de au lancement de la version \u00e9lectronique du Journal Officiel de la R\u00e9publique\" \/>\n<meta property=\"og:description\" content=\"Le Chef de l\u2019Etat, M. Ismail Omar Guelleh, a rec\u0327u ce jeudi, en milieu de matine\u0301e, au Palais de la Re\u0301publique, des mod ...\" \/>\n<meta property=\"og:url\" content=\"https:\/\/www.africa-press.net\/djibouti\/politique\/le-president-guelleh-procede-au-lancement-de-la-version-electronique-du-journal-officiel-de-la-republique\" \/>\n<meta property=\"og:site_name\" content=\"Djibouti\" \/>\n<meta property=\"article:published_time\" content=\"2023-10-08T13:34:59+00:00\" \/>\n<meta property=\"article:modified_time\" content=\"2023-10-08T14:19:22+00:00\" \/>\n<meta property=\"og:image\" content=\"https:\/\/static.africa-press.net\/djibouti\/sites\/52\/2023\/10\/sm_1696762096.441275.jpg\" \/>\n\t<meta property=\"og:image:width\" content=\"1235\" \/>\n\t<meta property=\"og:image:height\" content=\"596\" \/>\n\t<meta property=\"og:image:type\" content=\"image\/jpeg\" \/>\n<meta name=\"author\" content=\"cfeditorfr\" \/>\n<meta name=\"twitter:card\" content=\"summary_large_image\" \/>\n<meta name=\"twitter:label1\" content=\"\u00c9crit par\" \/>\n\t<meta name=\"twitter:data1\" content=\"cfeditorfr\" \/>\n\t<meta name=\"twitter:label2\" content=\"Dur\u00e9e de lecture estim\u00e9e\" \/>\n\t<meta name=\"twitter:data2\" content=\"4 minutes\" \/>\n<script type=\"application\/ld+json\" class=\"yoast-schema-graph\">{\"@context\":\"https:\/\/schema.org\",\"@graph\":[{\"@type\":\"Article\",\"@id\":\"https:\/\/www.africa-press.net\/djibouti\/politique\/le-president-guelleh-procede-au-lancement-de-la-version-electronique-du-journal-officiel-de-la-republique#article\",\"isPartOf\":{\"@id\":\"https:\/\/www.africa-press.net\/djibouti\/politique\/le-president-guelleh-procede-au-lancement-de-la-version-electronique-du-journal-officiel-de-la-republique\"},\"author\":{\"name\":\"cfeditorfr\",\"@id\":\"https:\/\/www.africa-press.net\/djibouti\/#\/schema\/person\/2b1cf3cd81a31e3cd26889ca66d677f1\"},\"headline\":\"Le Pr\u00e9sident Guelleh proc\u00e8de au lancement de la version \u00e9lectronique du Journal Officiel de la R\u00e9publique\",\"datePublished\":\"2023-10-08T13:34:59+00:00\",\"dateModified\":\"2023-10-08T14:19:22+00:00\",\"mainEntityOfPage\":{\"@id\":\"https:\/\/www.africa-press.net\/djibouti\/politique\/le-president-guelleh-procede-au-lancement-de-la-version-electronique-du-journal-officiel-de-la-republique\"},\"wordCount\":804,\"commentCount\":0,\"image\":{\"@id\":\"https:\/\/www.africa-press.net\/djibouti\/politique\/le-president-guelleh-procede-au-lancement-de-la-version-electronique-du-journal-officiel-de-la-republique#primaryimage\"},\"thumbnailUrl\":\"https:\/\/static.africa-press.net\/djibouti\/sites\/52\/2023\/10\/sm_1696762096.441275.jpg\",\"keywords\":[\"Africa Press\",\"Africa Press-Djibouti\",\"Djibouti\"],\"articleSection\":[\"Politique\",\"Top Nouvelles\",\"Toutes les actualit\u00e9s\"],\"inLanguage\":\"fr-FR\",\"potentialAction\":[{\"@type\":\"CommentAction\",\"name\":\"Comment\",\"target\":[\"https:\/\/www.africa-press.net\/djibouti\/politique\/le-president-guelleh-procede-au-lancement-de-la-version-electronique-du-journal-officiel-de-la-republique#respond\"]}]},{\"@type\":\"WebPage\",\"@id\":\"https:\/\/www.africa-press.net\/djibouti\/politique\/le-president-guelleh-procede-au-lancement-de-la-version-electronique-du-journal-officiel-de-la-republique\",\"url\":\"https:\/\/www.africa-press.net\/djibouti\/politique\/le-president-guelleh-procede-au-lancement-de-la-version-electronique-du-journal-officiel-de-la-republique\",\"name\":\"Le Pr\u00e9sident Guelleh proc\u00e8de au lancement de la version \u00e9lectronique du Journal Officiel de la R\u00e9publique - Djibouti\",\"isPartOf\":{\"@id\":\"https:\/\/www.africa-press.net\/djibouti\/#website\"},\"primaryImageOfPage\":{\"@id\":\"https:\/\/www.africa-press.net\/djibouti\/politique\/le-president-guelleh-procede-au-lancement-de-la-version-electronique-du-journal-officiel-de-la-republique#primaryimage\"},\"image\":{\"@id\":\"https:\/\/www.africa-press.net\/djibouti\/politique\/le-president-guelleh-procede-au-lancement-de-la-version-electronique-du-journal-officiel-de-la-republique#primaryimage\"},\"thumbnailUrl\":\"https:\/\/static.africa-press.net\/djibouti\/sites\/52\/2023\/10\/sm_1696762096.441275.jpg\",\"datePublished\":\"2023-10-08T13:34:59+00:00\",\"dateModified\":\"2023-10-08T14:19:22+00:00\",\"author\":{\"@id\":\"https:\/\/www.africa-press.net\/djibouti\/#\/schema\/person\/2b1cf3cd81a31e3cd26889ca66d677f1\"},\"description\":\"Le Chef de l\u2019Etat, M. Ismail Omar Guelleh, a rec\u0327u ce jeudi, en milieu de matine\u0301e, au Palais de la Re\u0301publique, des mod ...\",\"breadcrumb\":{\"@id\":\"https:\/\/www.africa-press.net\/djibouti\/politique\/le-president-guelleh-procede-au-lancement-de-la-version-electronique-du-journal-officiel-de-la-republique#breadcrumb\"},\"inLanguage\":\"fr-FR\",\"potentialAction\":[{\"@type\":\"ReadAction\",\"target\":[\"https:\/\/www.africa-press.net\/djibouti\/politique\/le-president-guelleh-procede-au-lancement-de-la-version-electronique-du-journal-officiel-de-la-republique\"]}]},{\"@type\":\"ImageObject\",\"inLanguage\":\"fr-FR\",\"@id\":\"https:\/\/www.africa-press.net\/djibouti\/politique\/le-president-guelleh-procede-au-lancement-de-la-version-electronique-du-journal-officiel-de-la-republique#primaryimage\",\"url\":\"https:\/\/static.africa-press.net\/djibouti\/sites\/52\/2023\/10\/sm_1696762096.441275.jpg\",\"contentUrl\":\"https:\/\/static.africa-press.net\/djibouti\/sites\/52\/2023\/10\/sm_1696762096.441275.jpg\",\"width\":1235,\"height\":596,\"caption\":\"Le Pr\u00e9sident Guelleh proc\u00e8de au lancement de la version \u00e9lectronique du Journal Officiel de la R\u00e9publique\"},{\"@type\":\"BreadcrumbList\",\"@id\":\"https:\/\/www.africa-press.net\/djibouti\/politique\/le-president-guelleh-procede-au-lancement-de-la-version-electronique-du-journal-officiel-de-la-republique#breadcrumb\",\"itemListElement\":[{\"@type\":\"ListItem\",\"position\":1,\"name\":\"Accueil\",\"item\":\"https:\/\/www.africa-press.net\/djibouti\/\"},{\"@type\":\"ListItem\",\"position\":2,\"name\":\"Le Pr\u00e9sident Guelleh proc\u00e8de au lancement de la version \u00e9lectronique du Journal Officiel de la R\u00e9publique\"}]},{\"@type\":\"WebSite\",\"@id\":\"https:\/\/www.africa-press.net\/djibouti\/#website\",\"url\":\"https:\/\/www.africa-press.net\/djibouti\/\",\"name\":\"Djibouti\",\"description\":\"Just another Africa News Agency Sites site\",\"potentialAction\":[{\"@type\":\"SearchAction\",\"target\":{\"@type\":\"EntryPoint\",\"urlTemplate\":\"https:\/\/www.africa-press.net\/djibouti\/?s={search_term_string}\"},\"query-input\":{\"@type\":\"PropertyValueSpecification\",\"valueRequired\":true,\"valueName\":\"search_term_string\"}}],\"inLanguage\":\"fr-FR\"},{\"@type\":\"Person\",\"@id\":\"https:\/\/www.africa-press.net\/djibouti\/#\/schema\/person\/2b1cf3cd81a31e3cd26889ca66d677f1\",\"name\":\"cfeditorfr\"}]}<\/script>\n<!-- \/ Yoast SEO Premium plugin. -->","yoast_head_json":{"title":"Le Pr\u00e9sident Guelleh proc\u00e8de au lancement de la version \u00e9lectronique du Journal Officiel de la R\u00e9publique - Djibouti","description":"Le Chef de l\u2019Etat, M. Ismail Omar Guelleh, a rec\u0327u ce jeudi, en milieu de matine\u0301e, au Palais de la Re\u0301publique, des mod ...","robots":{"index":"index","follow":"follow","max-snippet":"max-snippet:-1","max-image-preview":"max-image-preview:large","max-video-preview":"max-video-preview:-1"},"canonical":"https:\/\/www.africa-press.net\/djibouti\/politique\/le-president-guelleh-procede-au-lancement-de-la-version-electronique-du-journal-officiel-de-la-republique","og_locale":"fr_FR","og_type":"article","og_title":"Le Pr\u00e9sident Guelleh proc\u00e8de au lancement de la version \u00e9lectronique du Journal Officiel de la R\u00e9publique","og_description":"Le Chef de l\u2019Etat, M. Ismail Omar Guelleh, a rec\u0327u ce jeudi, en milieu de matine\u0301e, au Palais de la Re\u0301publique, des mod ...","og_url":"https:\/\/www.africa-press.net\/djibouti\/politique\/le-president-guelleh-procede-au-lancement-de-la-version-electronique-du-journal-officiel-de-la-republique","og_site_name":"Djibouti","article_published_time":"2023-10-08T13:34:59+00:00","article_modified_time":"2023-10-08T14:19:22+00:00","og_image":[{"width":1235,"height":596,"url":"https:\/\/static.africa-press.net\/djibouti\/sites\/52\/2023\/10\/sm_1696762096.441275.jpg","type":"image\/jpeg"}],"author":"cfeditorfr","twitter_card":"summary_large_image","twitter_misc":{"\u00c9crit par":"cfeditorfr","Dur\u00e9e de lecture estim\u00e9e":"4 minutes"},"schema":{"@context":"https:\/\/schema.org","@graph":[{"@type":"Article","@id":"https:\/\/www.africa-press.net\/djibouti\/politique\/le-president-guelleh-procede-au-lancement-de-la-version-electronique-du-journal-officiel-de-la-republique#article","isPartOf":{"@id":"https:\/\/www.africa-press.net\/djibouti\/politique\/le-president-guelleh-procede-au-lancement-de-la-version-electronique-du-journal-officiel-de-la-republique"},"author":{"name":"cfeditorfr","@id":"https:\/\/www.africa-press.net\/djibouti\/#\/schema\/person\/2b1cf3cd81a31e3cd26889ca66d677f1"},"headline":"Le Pr\u00e9sident Guelleh proc\u00e8de au lancement de la version \u00e9lectronique du Journal Officiel de la R\u00e9publique","datePublished":"2023-10-08T13:34:59+00:00","dateModified":"2023-10-08T14:19:22+00:00","mainEntityOfPage":{"@id":"https:\/\/www.africa-press.net\/djibouti\/politique\/le-president-guelleh-procede-au-lancement-de-la-version-electronique-du-journal-officiel-de-la-republique"},"wordCount":804,"commentCount":0,"image":{"@id":"https:\/\/www.africa-press.net\/djibouti\/politique\/le-president-guelleh-procede-au-lancement-de-la-version-electronique-du-journal-officiel-de-la-republique#primaryimage"},"thumbnailUrl":"https:\/\/static.africa-press.net\/djibouti\/sites\/52\/2023\/10\/sm_1696762096.441275.jpg","keywords":["Africa Press","Africa Press-Djibouti","Djibouti"],"articleSection":["Politique","Top Nouvelles","Toutes les actualit\u00e9s"],"inLanguage":"fr-FR","potentialAction":[{"@type":"CommentAction","name":"Comment","target":["https:\/\/www.africa-press.net\/djibouti\/politique\/le-president-guelleh-procede-au-lancement-de-la-version-electronique-du-journal-officiel-de-la-republique#respond"]}]},{"@type":"WebPage","@id":"https:\/\/www.africa-press.net\/djibouti\/politique\/le-president-guelleh-procede-au-lancement-de-la-version-electronique-du-journal-officiel-de-la-republique","url":"https:\/\/www.africa-press.net\/djibouti\/politique\/le-president-guelleh-procede-au-lancement-de-la-version-electronique-du-journal-officiel-de-la-republique","name":"Le Pr\u00e9sident Guelleh proc\u00e8de au lancement de la version \u00e9lectronique du Journal Officiel de la R\u00e9publique - Djibouti","isPartOf":{"@id":"https:\/\/www.africa-press.net\/djibouti\/#website"},"primaryImageOfPage":{"@id":"https:\/\/www.africa-press.net\/djibouti\/politique\/le-president-guelleh-procede-au-lancement-de-la-version-electronique-du-journal-officiel-de-la-republique#primaryimage"},"image":{"@id":"https:\/\/www.africa-press.net\/djibouti\/politique\/le-president-guelleh-procede-au-lancement-de-la-version-electronique-du-journal-officiel-de-la-republique#primaryimage"},"thumbnailUrl":"https:\/\/static.africa-press.net\/djibouti\/sites\/52\/2023\/10\/sm_1696762096.441275.jpg","datePublished":"2023-10-08T13:34:59+00:00","dateModified":"2023-10-08T14:19:22+00:00","author":{"@id":"https:\/\/www.africa-press.net\/djibouti\/#\/schema\/person\/2b1cf3cd81a31e3cd26889ca66d677f1"},"description":"Le Chef de l\u2019Etat, M. Ismail Omar Guelleh, a rec\u0327u ce jeudi, en milieu de matine\u0301e, au Palais de la Re\u0301publique, des mod ...","breadcrumb":{"@id":"https:\/\/www.africa-press.net\/djibouti\/politique\/le-president-guelleh-procede-au-lancement-de-la-version-electronique-du-journal-officiel-de-la-republique#breadcrumb"},"inLanguage":"fr-FR","potentialAction":[{"@type":"ReadAction","target":["https:\/\/www.africa-press.net\/djibouti\/politique\/le-president-guelleh-procede-au-lancement-de-la-version-electronique-du-journal-officiel-de-la-republique"]}]},{"@type":"ImageObject","inLanguage":"fr-FR","@id":"https:\/\/www.africa-press.net\/djibouti\/politique\/le-president-guelleh-procede-au-lancement-de-la-version-electronique-du-journal-officiel-de-la-republique#primaryimage","url":"https:\/\/static.africa-press.net\/djibouti\/sites\/52\/2023\/10\/sm_1696762096.441275.jpg","contentUrl":"https:\/\/static.africa-press.net\/djibouti\/sites\/52\/2023\/10\/sm_1696762096.441275.jpg","width":1235,"height":596,"caption":"Le Pr\u00e9sident Guelleh proc\u00e8de au lancement de la version \u00e9lectronique du Journal Officiel de la R\u00e9publique"},{"@type":"BreadcrumbList","@id":"https:\/\/www.africa-press.net\/djibouti\/politique\/le-president-guelleh-procede-au-lancement-de-la-version-electronique-du-journal-officiel-de-la-republique#breadcrumb","itemListElement":[{"@type":"ListItem","position":1,"name":"Accueil","item":"https:\/\/www.africa-press.net\/djibouti\/"},{"@type":"ListItem","position":2,"name":"Le Pr\u00e9sident Guelleh proc\u00e8de au lancement de la version \u00e9lectronique du Journal Officiel de la R\u00e9publique"}]},{"@type":"WebSite","@id":"https:\/\/www.africa-press.net\/djibouti\/#website","url":"https:\/\/www.africa-press.net\/djibouti\/","name":"Djibouti","description":"Just another Africa News Agency Sites site","potentialAction":[{"@type":"SearchAction","target":{"@type":"EntryPoint","urlTemplate":"https:\/\/www.africa-press.net\/djibouti\/?s={search_term_string}"},"query-input":{"@type":"PropertyValueSpecification","valueRequired":true,"valueName":"search_term_string"}}],"inLanguage":"fr-FR"},{"@type":"Person","@id":"https:\/\/www.africa-press.net\/djibouti\/#\/schema\/person\/2b1cf3cd81a31e3cd26889ca66d677f1","name":"cfeditorfr"}]}},"_links":{"self":[{"href":"https:\/\/www.africa-press.net\/djibouti\/wp-json\/wp\/v2\/posts\/18861","targetHints":{"allow":["GET"]}}],"collection":[{"href":"https:\/\/www.africa-press.net\/djibouti\/wp-json\/wp\/v2\/posts"}],"about":[{"href":"https:\/\/www.africa-press.net\/djibouti\/wp-json\/wp\/v2\/types\/post"}],"author":[{"embeddable":true,"href":"https:\/\/www.africa-press.net\/djibouti\/wp-json\/wp\/v2\/users\/82"}],"replies":[{"embeddable":true,"href":"https:\/\/www.africa-press.net\/djibouti\/wp-json\/wp\/v2\/comments?post=18861"}],"version-history":[{"count":0,"href":"https:\/\/www.africa-press.net\/djibouti\/wp-json\/wp\/v2\/posts\/18861\/revisions"}],"wp:featuredmedia":[{"embeddable":true,"href":"https:\/\/www.africa-press.net\/djibouti\/wp-json\/wp\/v2\/media\/18860"}],"wp:attachment":[{"href":"https:\/\/www.africa-press.net\/djibouti\/wp-json\/wp\/v2\/media?parent=18861"}],"wp:term":[{"taxonomy":"category","embeddable":true,"href":"https:\/\/www.africa-press.net\/djibouti\/wp-json\/wp\/v2\/categories?post=18861"},{"taxonomy":"post_tag","embeddable":true,"href":"https:\/\/www.africa-press.net\/djibouti\/wp-json\/wp\/v2\/tags?post=18861"}],"curies":[{"name":"wp","href":"https:\/\/api.w.org\/{rel}","templated":true}]}}