{"id":18866,"date":"2023-10-08T17:40:17","date_gmt":"2023-10-08T17:40:17","guid":{"rendered":"https:\/\/www.africa-press.net\/djibouti\/politique\/djibouti-exprime-sa-profonde-inquietude-face-a-levolution-de-la-situation-dans-les-territoires-palestiniens-occupes"},"modified":"2023-10-08T17:51:01","modified_gmt":"2023-10-08T17:51:01","slug":"djibouti-exprime-sa-profonde-inquietude-face-a-levolution-de-la-situation-dans-les-territoires-palestiniens-occupes","status":"publish","type":"post","link":"https:\/\/www.africa-press.net\/djibouti\/politique\/djibouti-exprime-sa-profonde-inquietude-face-a-levolution-de-la-situation-dans-les-territoires-palestiniens-occupes","title":{"rendered":"Djibouti exprime sa profonde inqui\u00e9tude face \u00e0 l&rsquo;\u00e9volution de la situation dans les territoires palestiniens occup\u00e9s"},"content":{"rendered":"<p><span style=\"color: #ff6600\"><strong>Africa-Press &#8211; Djibouti. <\/strong><\/span>Dans un communique\u0301 publie\u0301 aujourd&rsquo;hui par le ministe\u0300re des Affaires e\u0301trange\u0300res et de la Coope\u0301ration Internationale, la Re\u0301publique de Djibouti a exprime\u0301 sa profonde inquie\u0301tude face a\u0300 l&rsquo;e\u0301volution de la situation dans les territoires palestiniens occupe\u0301s.<\/p>\n<p>\u00ab\u00a0Elle tient l&rsquo;E\u0301tat d&rsquo;Israe\u0308l pour responsable de l&rsquo;escalade en cours en raison de ses agressions continues et de ses violations constantes des droits du peuple palestinien et de ses lieux saints, notamment les incursions re\u0301pe\u0301te\u0301es dans la mosque\u0301e Al-Aqsa sous la protection de la police israe\u0301lienne\u00a0\u00bb, peut-on lire dans le communique\u0301.<\/p>\n<p>L&rsquo;ADI reproduit ci-apre\u0300s le communique\u0301 en son inte\u0301grali<\/p>\n<p>te\u0301 :\u00a0\u00bbLa Re\u0301publique de Djibouti exprime une profonde inquie\u0301tude face a\u0300 l&rsquo;e\u0301volution de la situation dans les territoires palestiniens occupe\u0301s. Elle tient l&rsquo;E\u0301tat d&rsquo;Israe\u0308l pour responsable de l&rsquo;escalade en cours en raison de ses agressions continues et de ses violations constantes des droits du peuple palestinien et de ses lieux saints, notamment les incursions re\u0301pe\u0301te\u0301es dans la mosque\u0301e Al-Aqsa sous la protection de la police israe\u0301lienne.<\/p>\n<p>Djibouti insiste sur la ne\u0301cessite\u0301 d&rsquo;une action urgente de la communaute\u0301 internationale pour contraindre Israe\u0308l a\u0300 mettre fin a\u0300 ses provocations et a\u0300 ses flagrantes violations du droit international, et pour empe\u0302cher que ces e\u0301ve\u0301nements ne servent de pre\u0301texte a\u0300 l&rsquo;allumage d&rsquo;un nouveau conflit ine\u0301gal contre les civils palestiniens.<\/p>\n<p>Djibouti re\u0301affirme e\u0301galement sa position constante de soutien au peuple palestinien fre\u0300re dans la re\u0301alisation de ses aspirations, l&rsquo;obtention de tous ses droits le\u0301gitimes, y compris l&rsquo;e\u0301tablissement de son E\u0301tat inde\u0301pendant avec Je\u0301rusalem-Est comme capitale.\u00a0\u00bb<\/p>\n<p>Dans un communique\u0301 publie\u0301 aujourd&rsquo;hui par le ministe\u0300re des Affaires e\u0301trange\u0300res et de la Coope\u0301ration Internationale, la Re\u0301publique de Djibouti a exprime\u0301 sa profonde inquie\u0301tude face a\u0300 l&rsquo;e\u0301volution de la situation dans les territoires palestiniens occupe\u0301s.<\/p>\n<p>\u00ab\u00a0Elle tient l&rsquo;E\u0301tat d&rsquo;Israe\u0308l pour responsable de l&rsquo;escalade en cours en raison de ses agressions continues et de ses violations constantes des droits du peuple palestinien et de ses lieux saints, notamment les incursions re\u0301pe\u0301te\u0301es dans la mosque\u0301e Al-Aqsa sous la protection de la police israe\u0301lienne\u00a0\u00bb, peut-on lire dans le communique\u0301.<\/p>\n<p>L&rsquo;ADI reproduit ci-apre\u0300s le communique\u0301 en son inte\u0301grali<\/p>\n<p>te\u0301 :\u00a0\u00bbLa Re\u0301publique de Djibouti exprime une profonde inquie\u0301tude face a\u0300 l&rsquo;e\u0301volution de la situation dans les territoires palestiniens occupe\u0301s. Elle tient l&rsquo;E\u0301tat d&rsquo;Israe\u0308l pour responsable de l&rsquo;escalade en cours en raison de ses agressions continues et de ses violations constantes des droits du peuple palestinien et de ses lieux saints, notamment les incursions re\u0301pe\u0301te\u0301es dans la mosque\u0301e Al-Aqsa sous la protection de la police israe\u0301lienne.<\/p>\n<p>Djibouti insiste sur la ne\u0301cessite\u0301 d&rsquo;une action urgente de la communaute\u0301 internationale pour contraindre Israe\u0308l a\u0300 mettre fin a\u0300 ses provocations et a\u0300 ses flagrantes violations du droit international, et pour empe\u0302cher que ces e\u0301ve\u0301nements ne servent de pre\u0301texte a\u0300 l&rsquo;allumage d&rsquo;un nouveau conflit ine\u0301gal contre les civils palestiniens.<\/p>\n<p>Djibouti re\u0301affirme e\u0301galement sa position constante de soutien au peuple palestinien fre\u0300re dans la re\u0301alisation de ses aspirations, l&rsquo;obtention de tous ses droits le\u0301gitimes, y compris l&rsquo;e\u0301tablissement de son E\u0301tat inde\u0301pendant avec Je\u0301rusalem-Est comme capitale.\u00a0\u00bb<\/p>\n<p><b>Source: adi<\/b><\/p>\n<p><strong>Pour plus d&rsquo;informations et d&rsquo;analyses sur la <a href=\"https:\/\/www.africa-press.net\/djibouti\">Djibouti<\/a>, suivez <a href=\"https:\/\/www.africa-press.net\/\">Africa-Press<\/a><\/strong><\/p>\n","protected":false},"excerpt":{"rendered":"<p>Africa-Press &#8211; Djibouti. Dans un communique\u0301 publie\u0301 aujourd&rsquo;hui par le ministe\u0300re des Affaires e\u0301trange\u0300res et de la Coope\u0301ration Internationale, la Re\u0301publique de Djibouti a exprime\u0301 sa profonde inquie\u0301tude face a\u0300 l&rsquo;e\u0301volution de la situation dans les territoires palestiniens occupe\u0301s. \u00ab\u00a0Elle tient l&rsquo;E\u0301tat d&rsquo;Israe\u0308l pour responsable de l&rsquo;escalade en cours en raison de ses agressions continues [&hellip;]<\/p>\n","protected":false},"author":82,"featured_media":18865,"comment_status":"open","ping_status":"closed","sticky":false,"template":"","format":"standard","meta":{"footnotes":""},"categories":[2,57,20,10],"tags":[36,49,50],"class_list":["post-18866","post","type-post","status-publish","format-standard","has-post-thumbnail","hentry","category-politique","category-to-homepage","category-top-nouvelles","category-toutes-les-actualites","tag-africa-press","tag-africa-press-djibouti","tag-djibouti"],"yoast_head":"<!-- This site is optimized with the Yoast SEO Premium plugin v26.1 (Yoast SEO v27.0) - https:\/\/yoast.com\/product\/yoast-seo-premium-wordpress\/ -->\n<title>Djibouti exprime sa profonde inqui\u00e9tude face \u00e0 l&#039;\u00e9volution de la situation dans les territoires palestiniens occup\u00e9s - Djibouti<\/title>\n<meta name=\"description\" content=\"Dans un communique\u0301 publie\u0301 aujourd&#039;hui par le ministe\u0300re des Affaires e\u0301trange\u0300res et de la Coope\u0301ration Internationale ...\" \/>\n<meta name=\"robots\" content=\"index, follow, max-snippet:-1, max-image-preview:large, max-video-preview:-1\" \/>\n<link rel=\"canonical\" href=\"https:\/\/www.africa-press.net\/djibouti\/politique\/djibouti-exprime-sa-profonde-inquietude-face-a-levolution-de-la-situation-dans-les-territoires-palestiniens-occupes\" \/>\n<meta property=\"og:locale\" content=\"fr_FR\" \/>\n<meta property=\"og:type\" content=\"article\" \/>\n<meta property=\"og:title\" content=\"Djibouti exprime sa profonde inqui\u00e9tude face \u00e0 l&#039;\u00e9volution de la situation dans les territoires palestiniens occup\u00e9s\" \/>\n<meta property=\"og:description\" content=\"Dans un communique\u0301 publie\u0301 aujourd&#039;hui par le ministe\u0300re des Affaires e\u0301trange\u0300res et de la Coope\u0301ration Internationale ...\" \/>\n<meta property=\"og:url\" content=\"https:\/\/www.africa-press.net\/djibouti\/politique\/djibouti-exprime-sa-profonde-inquietude-face-a-levolution-de-la-situation-dans-les-territoires-palestiniens-occupes\" \/>\n<meta property=\"og:site_name\" content=\"Djibouti\" \/>\n<meta property=\"article:published_time\" content=\"2023-10-08T17:40:17+00:00\" \/>\n<meta property=\"article:modified_time\" content=\"2023-10-08T17:51:01+00:00\" \/>\n<meta property=\"og:image\" content=\"https:\/\/static.africa-press.net\/djibouti\/sites\/52\/2023\/10\/sm_1696774710.80822.jpg\" \/>\n\t<meta property=\"og:image:width\" content=\"720\" \/>\n\t<meta property=\"og:image:height\" content=\"433\" \/>\n\t<meta property=\"og:image:type\" content=\"image\/jpeg\" \/>\n<meta name=\"author\" content=\"cfeditorfr\" \/>\n<meta name=\"twitter:card\" content=\"summary_large_image\" \/>\n<meta name=\"twitter:label1\" content=\"\u00c9crit par\" \/>\n\t<meta name=\"twitter:data1\" content=\"cfeditorfr\" \/>\n\t<meta name=\"twitter:label2\" content=\"Dur\u00e9e de lecture estim\u00e9e\" \/>\n\t<meta name=\"twitter:data2\" content=\"3 minutes\" \/>\n<script type=\"application\/ld+json\" class=\"yoast-schema-graph\">{\"@context\":\"https:\/\/schema.org\",\"@graph\":[{\"@type\":\"Article\",\"@id\":\"https:\/\/www.africa-press.net\/djibouti\/politique\/djibouti-exprime-sa-profonde-inquietude-face-a-levolution-de-la-situation-dans-les-territoires-palestiniens-occupes#article\",\"isPartOf\":{\"@id\":\"https:\/\/www.africa-press.net\/djibouti\/politique\/djibouti-exprime-sa-profonde-inquietude-face-a-levolution-de-la-situation-dans-les-territoires-palestiniens-occupes\"},\"author\":{\"name\":\"cfeditorfr\",\"@id\":\"https:\/\/www.africa-press.net\/djibouti\/#\/schema\/person\/2b1cf3cd81a31e3cd26889ca66d677f1\"},\"headline\":\"Djibouti exprime sa profonde inqui\u00e9tude face \u00e0 l&rsquo;\u00e9volution de la situation dans les territoires palestiniens occup\u00e9s\",\"datePublished\":\"2023-10-08T17:40:17+00:00\",\"dateModified\":\"2023-10-08T17:51:01+00:00\",\"mainEntityOfPage\":{\"@id\":\"https:\/\/www.africa-press.net\/djibouti\/politique\/djibouti-exprime-sa-profonde-inquietude-face-a-levolution-de-la-situation-dans-les-territoires-palestiniens-occupes\"},\"wordCount\":643,\"commentCount\":0,\"image\":{\"@id\":\"https:\/\/www.africa-press.net\/djibouti\/politique\/djibouti-exprime-sa-profonde-inquietude-face-a-levolution-de-la-situation-dans-les-territoires-palestiniens-occupes#primaryimage\"},\"thumbnailUrl\":\"https:\/\/static.africa-press.net\/djibouti\/sites\/52\/2023\/10\/sm_1696774710.80822.jpg\",\"keywords\":[\"Africa Press\",\"Africa Press-Djibouti\",\"Djibouti\"],\"articleSection\":[\"Politique\",\"to-homepage\",\"Top Nouvelles\",\"Toutes les actualit\u00e9s\"],\"inLanguage\":\"fr-FR\",\"potentialAction\":[{\"@type\":\"CommentAction\",\"name\":\"Comment\",\"target\":[\"https:\/\/www.africa-press.net\/djibouti\/politique\/djibouti-exprime-sa-profonde-inquietude-face-a-levolution-de-la-situation-dans-les-territoires-palestiniens-occupes#respond\"]}]},{\"@type\":\"WebPage\",\"@id\":\"https:\/\/www.africa-press.net\/djibouti\/politique\/djibouti-exprime-sa-profonde-inquietude-face-a-levolution-de-la-situation-dans-les-territoires-palestiniens-occupes\",\"url\":\"https:\/\/www.africa-press.net\/djibouti\/politique\/djibouti-exprime-sa-profonde-inquietude-face-a-levolution-de-la-situation-dans-les-territoires-palestiniens-occupes\",\"name\":\"Djibouti exprime sa profonde inqui\u00e9tude face \u00e0 l'\u00e9volution de la situation dans les territoires palestiniens occup\u00e9s - Djibouti\",\"isPartOf\":{\"@id\":\"https:\/\/www.africa-press.net\/djibouti\/#website\"},\"primaryImageOfPage\":{\"@id\":\"https:\/\/www.africa-press.net\/djibouti\/politique\/djibouti-exprime-sa-profonde-inquietude-face-a-levolution-de-la-situation-dans-les-territoires-palestiniens-occupes#primaryimage\"},\"image\":{\"@id\":\"https:\/\/www.africa-press.net\/djibouti\/politique\/djibouti-exprime-sa-profonde-inquietude-face-a-levolution-de-la-situation-dans-les-territoires-palestiniens-occupes#primaryimage\"},\"thumbnailUrl\":\"https:\/\/static.africa-press.net\/djibouti\/sites\/52\/2023\/10\/sm_1696774710.80822.jpg\",\"datePublished\":\"2023-10-08T17:40:17+00:00\",\"dateModified\":\"2023-10-08T17:51:01+00:00\",\"author\":{\"@id\":\"https:\/\/www.africa-press.net\/djibouti\/#\/schema\/person\/2b1cf3cd81a31e3cd26889ca66d677f1\"},\"description\":\"Dans un communique\u0301 publie\u0301 aujourd'hui par le ministe\u0300re des Affaires e\u0301trange\u0300res et de la Coope\u0301ration Internationale ...\",\"breadcrumb\":{\"@id\":\"https:\/\/www.africa-press.net\/djibouti\/politique\/djibouti-exprime-sa-profonde-inquietude-face-a-levolution-de-la-situation-dans-les-territoires-palestiniens-occupes#breadcrumb\"},\"inLanguage\":\"fr-FR\",\"potentialAction\":[{\"@type\":\"ReadAction\",\"target\":[\"https:\/\/www.africa-press.net\/djibouti\/politique\/djibouti-exprime-sa-profonde-inquietude-face-a-levolution-de-la-situation-dans-les-territoires-palestiniens-occupes\"]}]},{\"@type\":\"ImageObject\",\"inLanguage\":\"fr-FR\",\"@id\":\"https:\/\/www.africa-press.net\/djibouti\/politique\/djibouti-exprime-sa-profonde-inquietude-face-a-levolution-de-la-situation-dans-les-territoires-palestiniens-occupes#primaryimage\",\"url\":\"https:\/\/static.africa-press.net\/djibouti\/sites\/52\/2023\/10\/sm_1696774710.80822.jpg\",\"contentUrl\":\"https:\/\/static.africa-press.net\/djibouti\/sites\/52\/2023\/10\/sm_1696774710.80822.jpg\",\"width\":720,\"height\":433,\"caption\":\"Djibouti exprime sa profonde inqui\u00e9tude face \u00e0 l'\u00e9volution de la situation dans les territoires palestiniens occup\u00e9s\"},{\"@type\":\"BreadcrumbList\",\"@id\":\"https:\/\/www.africa-press.net\/djibouti\/politique\/djibouti-exprime-sa-profonde-inquietude-face-a-levolution-de-la-situation-dans-les-territoires-palestiniens-occupes#breadcrumb\",\"itemListElement\":[{\"@type\":\"ListItem\",\"position\":1,\"name\":\"Accueil\",\"item\":\"https:\/\/www.africa-press.net\/djibouti\/\"},{\"@type\":\"ListItem\",\"position\":2,\"name\":\"Djibouti exprime sa profonde inqui\u00e9tude face \u00e0 l&#8217;\u00e9volution de la situation dans les territoires palestiniens occup\u00e9s\"}]},{\"@type\":\"WebSite\",\"@id\":\"https:\/\/www.africa-press.net\/djibouti\/#website\",\"url\":\"https:\/\/www.africa-press.net\/djibouti\/\",\"name\":\"Djibouti\",\"description\":\"Just another Africa News Agency Sites site\",\"potentialAction\":[{\"@type\":\"SearchAction\",\"target\":{\"@type\":\"EntryPoint\",\"urlTemplate\":\"https:\/\/www.africa-press.net\/djibouti\/?s={search_term_string}\"},\"query-input\":{\"@type\":\"PropertyValueSpecification\",\"valueRequired\":true,\"valueName\":\"search_term_string\"}}],\"inLanguage\":\"fr-FR\"},{\"@type\":\"Person\",\"@id\":\"https:\/\/www.africa-press.net\/djibouti\/#\/schema\/person\/2b1cf3cd81a31e3cd26889ca66d677f1\",\"name\":\"cfeditorfr\"}]}<\/script>\n<!-- \/ Yoast SEO Premium plugin. -->","yoast_head_json":{"title":"Djibouti exprime sa profonde inqui\u00e9tude face \u00e0 l'\u00e9volution de la situation dans les territoires palestiniens occup\u00e9s - Djibouti","description":"Dans un communique\u0301 publie\u0301 aujourd'hui par le ministe\u0300re des Affaires e\u0301trange\u0300res et de la Coope\u0301ration Internationale ...","robots":{"index":"index","follow":"follow","max-snippet":"max-snippet:-1","max-image-preview":"max-image-preview:large","max-video-preview":"max-video-preview:-1"},"canonical":"https:\/\/www.africa-press.net\/djibouti\/politique\/djibouti-exprime-sa-profonde-inquietude-face-a-levolution-de-la-situation-dans-les-territoires-palestiniens-occupes","og_locale":"fr_FR","og_type":"article","og_title":"Djibouti exprime sa profonde inqui\u00e9tude face \u00e0 l'\u00e9volution de la situation dans les territoires palestiniens occup\u00e9s","og_description":"Dans un communique\u0301 publie\u0301 aujourd'hui par le ministe\u0300re des Affaires e\u0301trange\u0300res et de la Coope\u0301ration Internationale ...","og_url":"https:\/\/www.africa-press.net\/djibouti\/politique\/djibouti-exprime-sa-profonde-inquietude-face-a-levolution-de-la-situation-dans-les-territoires-palestiniens-occupes","og_site_name":"Djibouti","article_published_time":"2023-10-08T17:40:17+00:00","article_modified_time":"2023-10-08T17:51:01+00:00","og_image":[{"width":720,"height":433,"url":"https:\/\/static.africa-press.net\/djibouti\/sites\/52\/2023\/10\/sm_1696774710.80822.jpg","type":"image\/jpeg"}],"author":"cfeditorfr","twitter_card":"summary_large_image","twitter_misc":{"\u00c9crit par":"cfeditorfr","Dur\u00e9e de lecture estim\u00e9e":"3 minutes"},"schema":{"@context":"https:\/\/schema.org","@graph":[{"@type":"Article","@id":"https:\/\/www.africa-press.net\/djibouti\/politique\/djibouti-exprime-sa-profonde-inquietude-face-a-levolution-de-la-situation-dans-les-territoires-palestiniens-occupes#article","isPartOf":{"@id":"https:\/\/www.africa-press.net\/djibouti\/politique\/djibouti-exprime-sa-profonde-inquietude-face-a-levolution-de-la-situation-dans-les-territoires-palestiniens-occupes"},"author":{"name":"cfeditorfr","@id":"https:\/\/www.africa-press.net\/djibouti\/#\/schema\/person\/2b1cf3cd81a31e3cd26889ca66d677f1"},"headline":"Djibouti exprime sa profonde inqui\u00e9tude face \u00e0 l&rsquo;\u00e9volution de la situation dans les territoires palestiniens occup\u00e9s","datePublished":"2023-10-08T17:40:17+00:00","dateModified":"2023-10-08T17:51:01+00:00","mainEntityOfPage":{"@id":"https:\/\/www.africa-press.net\/djibouti\/politique\/djibouti-exprime-sa-profonde-inquietude-face-a-levolution-de-la-situation-dans-les-territoires-palestiniens-occupes"},"wordCount":643,"commentCount":0,"image":{"@id":"https:\/\/www.africa-press.net\/djibouti\/politique\/djibouti-exprime-sa-profonde-inquietude-face-a-levolution-de-la-situation-dans-les-territoires-palestiniens-occupes#primaryimage"},"thumbnailUrl":"https:\/\/static.africa-press.net\/djibouti\/sites\/52\/2023\/10\/sm_1696774710.80822.jpg","keywords":["Africa Press","Africa Press-Djibouti","Djibouti"],"articleSection":["Politique","to-homepage","Top Nouvelles","Toutes les actualit\u00e9s"],"inLanguage":"fr-FR","potentialAction":[{"@type":"CommentAction","name":"Comment","target":["https:\/\/www.africa-press.net\/djibouti\/politique\/djibouti-exprime-sa-profonde-inquietude-face-a-levolution-de-la-situation-dans-les-territoires-palestiniens-occupes#respond"]}]},{"@type":"WebPage","@id":"https:\/\/www.africa-press.net\/djibouti\/politique\/djibouti-exprime-sa-profonde-inquietude-face-a-levolution-de-la-situation-dans-les-territoires-palestiniens-occupes","url":"https:\/\/www.africa-press.net\/djibouti\/politique\/djibouti-exprime-sa-profonde-inquietude-face-a-levolution-de-la-situation-dans-les-territoires-palestiniens-occupes","name":"Djibouti exprime sa profonde inqui\u00e9tude face \u00e0 l'\u00e9volution de la situation dans les territoires palestiniens occup\u00e9s - Djibouti","isPartOf":{"@id":"https:\/\/www.africa-press.net\/djibouti\/#website"},"primaryImageOfPage":{"@id":"https:\/\/www.africa-press.net\/djibouti\/politique\/djibouti-exprime-sa-profonde-inquietude-face-a-levolution-de-la-situation-dans-les-territoires-palestiniens-occupes#primaryimage"},"image":{"@id":"https:\/\/www.africa-press.net\/djibouti\/politique\/djibouti-exprime-sa-profonde-inquietude-face-a-levolution-de-la-situation-dans-les-territoires-palestiniens-occupes#primaryimage"},"thumbnailUrl":"https:\/\/static.africa-press.net\/djibouti\/sites\/52\/2023\/10\/sm_1696774710.80822.jpg","datePublished":"2023-10-08T17:40:17+00:00","dateModified":"2023-10-08T17:51:01+00:00","author":{"@id":"https:\/\/www.africa-press.net\/djibouti\/#\/schema\/person\/2b1cf3cd81a31e3cd26889ca66d677f1"},"description":"Dans un communique\u0301 publie\u0301 aujourd'hui par le ministe\u0300re des Affaires e\u0301trange\u0300res et de la Coope\u0301ration Internationale ...","breadcrumb":{"@id":"https:\/\/www.africa-press.net\/djibouti\/politique\/djibouti-exprime-sa-profonde-inquietude-face-a-levolution-de-la-situation-dans-les-territoires-palestiniens-occupes#breadcrumb"},"inLanguage":"fr-FR","potentialAction":[{"@type":"ReadAction","target":["https:\/\/www.africa-press.net\/djibouti\/politique\/djibouti-exprime-sa-profonde-inquietude-face-a-levolution-de-la-situation-dans-les-territoires-palestiniens-occupes"]}]},{"@type":"ImageObject","inLanguage":"fr-FR","@id":"https:\/\/www.africa-press.net\/djibouti\/politique\/djibouti-exprime-sa-profonde-inquietude-face-a-levolution-de-la-situation-dans-les-territoires-palestiniens-occupes#primaryimage","url":"https:\/\/static.africa-press.net\/djibouti\/sites\/52\/2023\/10\/sm_1696774710.80822.jpg","contentUrl":"https:\/\/static.africa-press.net\/djibouti\/sites\/52\/2023\/10\/sm_1696774710.80822.jpg","width":720,"height":433,"caption":"Djibouti exprime sa profonde inqui\u00e9tude face \u00e0 l'\u00e9volution de la situation dans les territoires palestiniens occup\u00e9s"},{"@type":"BreadcrumbList","@id":"https:\/\/www.africa-press.net\/djibouti\/politique\/djibouti-exprime-sa-profonde-inquietude-face-a-levolution-de-la-situation-dans-les-territoires-palestiniens-occupes#breadcrumb","itemListElement":[{"@type":"ListItem","position":1,"name":"Accueil","item":"https:\/\/www.africa-press.net\/djibouti\/"},{"@type":"ListItem","position":2,"name":"Djibouti exprime sa profonde inqui\u00e9tude face \u00e0 l&#8217;\u00e9volution de la situation dans les territoires palestiniens occup\u00e9s"}]},{"@type":"WebSite","@id":"https:\/\/www.africa-press.net\/djibouti\/#website","url":"https:\/\/www.africa-press.net\/djibouti\/","name":"Djibouti","description":"Just another Africa News Agency Sites site","potentialAction":[{"@type":"SearchAction","target":{"@type":"EntryPoint","urlTemplate":"https:\/\/www.africa-press.net\/djibouti\/?s={search_term_string}"},"query-input":{"@type":"PropertyValueSpecification","valueRequired":true,"valueName":"search_term_string"}}],"inLanguage":"fr-FR"},{"@type":"Person","@id":"https:\/\/www.africa-press.net\/djibouti\/#\/schema\/person\/2b1cf3cd81a31e3cd26889ca66d677f1","name":"cfeditorfr"}]}},"_links":{"self":[{"href":"https:\/\/www.africa-press.net\/djibouti\/wp-json\/wp\/v2\/posts\/18866","targetHints":{"allow":["GET"]}}],"collection":[{"href":"https:\/\/www.africa-press.net\/djibouti\/wp-json\/wp\/v2\/posts"}],"about":[{"href":"https:\/\/www.africa-press.net\/djibouti\/wp-json\/wp\/v2\/types\/post"}],"author":[{"embeddable":true,"href":"https:\/\/www.africa-press.net\/djibouti\/wp-json\/wp\/v2\/users\/82"}],"replies":[{"embeddable":true,"href":"https:\/\/www.africa-press.net\/djibouti\/wp-json\/wp\/v2\/comments?post=18866"}],"version-history":[{"count":0,"href":"https:\/\/www.africa-press.net\/djibouti\/wp-json\/wp\/v2\/posts\/18866\/revisions"}],"wp:featuredmedia":[{"embeddable":true,"href":"https:\/\/www.africa-press.net\/djibouti\/wp-json\/wp\/v2\/media\/18865"}],"wp:attachment":[{"href":"https:\/\/www.africa-press.net\/djibouti\/wp-json\/wp\/v2\/media?parent=18866"}],"wp:term":[{"taxonomy":"category","embeddable":true,"href":"https:\/\/www.africa-press.net\/djibouti\/wp-json\/wp\/v2\/categories?post=18866"},{"taxonomy":"post_tag","embeddable":true,"href":"https:\/\/www.africa-press.net\/djibouti\/wp-json\/wp\/v2\/tags?post=18866"}],"curies":[{"name":"wp","href":"https:\/\/api.w.org\/{rel}","templated":true}]}}