{"id":18884,"date":"2023-10-09T17:11:00","date_gmt":"2023-10-09T17:11:00","guid":{"rendered":"https:\/\/www.africa-press.net\/djibouti\/politique\/linstitut-des-etudes-diplomatique-abrite-un-seminaire-sur-lintegration-regionale"},"modified":"2023-10-09T17:11:00","modified_gmt":"2023-10-09T17:11:00","slug":"linstitut-des-etudes-diplomatique-abrite-un-seminaire-sur-lintegration-regionale","status":"publish","type":"post","link":"https:\/\/www.africa-press.net\/djibouti\/politique\/linstitut-des-etudes-diplomatique-abrite-un-seminaire-sur-lintegration-regionale","title":{"rendered":"L\u2019Institut des \u00e9tudes diplomatique abrite un s\u00e9minaire sur l\u2019int\u00e9gration r\u00e9gionale"},"content":{"rendered":"<p><span style=\"color: #ff6600\"><strong>Africa-Press &#8211; Djibouti. <\/strong><\/span>L\u2019Institut des e\u0301tudes diplomatique a organise\u0301 aujourd&rsquo;hui, dimanche, un se\u0301minaire sur l&rsquo;inte\u0301gration re\u0301gionale, en partenariat avec l\u2019Union europe\u0301enne et sous le haut patronage du ministre des Affaires e\u0301trange\u0300res et de la Coope\u0301ration internationale, M. Mahmoud Ali Youssouf.<\/p>\n<p>L\u2019e\u0301ve\u0300nement a regroupe\u0301 sur place le ministre des Affaires e\u0301trange\u0300res et de la Coope\u0301ration internationale M. Mahmoud Ali Youssouf, l&rsquo;ambassadrice de l\u2019Union europe\u0301enne a\u0300 Djibouti, Mme. Sylvie Tabesse, le directeur ge\u0301ne\u0301ral de l\u2019Institut des e\u0301tudes diplomatiques, M. Mohamed Abdoulkader Moussa, les hauts cadres des diffe\u0301rents de\u0301partements ministe\u0301riels et un parterre d\u2019invite\u0301s.<\/p>\n<p>La formation intitule\u0301e \u00ab Inte\u0301gration re\u0301gionale \u00bb s&rsquo;inse\u0300re dans le cadre d\u2019un cycle de se\u0301minaires et confe\u0301rences de haut niveau au profit des cadres djiboutiens qui abordent les diffe\u0301rents degre\u0301s d\u2019application de la diplomatie internationale.<\/p>\n<p>Ce se\u0301minaire co-anime\u0301 par deux experts d&rsquo;exception de la the\u0301matique, Dr. Marco Ricceri et Dr. Abdoulkader Houssein Mohamed. fournira les e\u0301le\u0301ments cognitifs utiles pour comprendre la nouveaute\u0301 et l\u2019ampleur des processus de changement qui s\u2019ope\u0300re dans les e\u0301quilibres multilate\u0301raux internationaux, avec l\u2019affirmation de nouvelles coordinations re\u0301gionales, continentales et sous continentales, promues par les Etats et par les principaux acteurs de de\u0301veloppement.<\/p>\n<p>Les principales coordinations formelles et informelles, mises en place et fonctionnant sur le continent africain seront illustre\u0301es, commente\u0301es et e\u0301value\u0301es plus spe\u0301cifiquement, ainsi que leur projection sur d\u2019autres continents telles que l\u2019Ame\u0301rique latine ; l\u2019Asie ou l\u2019Europe.<\/p>\n<p>Dans son mot de bienvenue, le directeur ge\u0301ne\u0301ral de l\u2019Institut des e\u0301tudes diplomatiques, M. Mohamed Abdoulkader Moussa, a exprime\u0301 son souhait de mutualiser les efforts et de proposer re\u0301gulie\u0300rement ce type d\u2019e\u0301ve\u0301nement.<\/p>\n<p>Il a affirme\u0301 que le processus de formation des hauts cadres djiboutiens est un levier important pour doter le pays de cadres ayant de solides connaissances et des capacite\u0301s d\u2019analyse e\u0301conomique et politique susceptibles d\u2019avoir un impact positif re\u0301el sur les ne\u0301gociations futures.<\/p>\n<p>L\u2019IED joue un ro\u0302le pre\u0301ponde\u0301rant dans ces formations, dans la transmission de savoirs pertinents et de qualite\u0301.<\/p>\n<p>L\u2019Institut des e\u0301tudes diplomatique a organise\u0301 aujourd&rsquo;hui, dimanche, un se\u0301minaire sur l&rsquo;inte\u0301gration re\u0301gionale, en partenariat avec l\u2019Union europe\u0301enne et sous le haut patronage du ministre des Affaires e\u0301trange\u0300res et de la Coope\u0301ration internationale, M. Mahmoud Ali Youssouf.<\/p>\n<p>L\u2019e\u0301ve\u0300nement a regroupe\u0301 sur place le ministre des Affaires e\u0301trange\u0300res et de la Coope\u0301ration internationale M. Mahmoud Ali Youssouf, l&rsquo;ambassadrice de l\u2019Union europe\u0301enne a\u0300 Djibouti, Mme. Sylvie Tabesse, le directeur ge\u0301ne\u0301ral de l\u2019Institut des e\u0301tudes diplomatiques, M. Mohamed Abdoulkader Moussa, les hauts cadres des diffe\u0301rents de\u0301partements ministe\u0301riels et un parterre d\u2019invite\u0301s.<\/p>\n<p>La formation intitule\u0301e \u00ab Inte\u0301gration re\u0301gionale \u00bb s&rsquo;inse\u0300re dans le cadre d\u2019un cycle de se\u0301minaires et confe\u0301rences de haut niveau au profit des cadres djiboutiens qui abordent les diffe\u0301rents degre\u0301s d\u2019application de la diplomatie internationale.<\/p>\n<p>Ce se\u0301minaire co-anime\u0301 par deux experts d&rsquo;exception de la the\u0301matique, Dr. Marco Ricceri et Dr. Abdoulkader Houssein Mohamed. fournira les e\u0301le\u0301ments cognitifs utiles pour comprendre la nouveaute\u0301 et l\u2019ampleur des processus de changement qui s\u2019ope\u0300re dans les e\u0301quilibres multilate\u0301raux internationaux, avec l\u2019affirmation de nouvelles coordinations re\u0301gionales, continentales et sous continentales, promues par les Etats et par les principaux acteurs de de\u0301veloppement.<\/p>\n<p>Les principales coordinations formelles et informelles, mises en place et fonctionnant sur le continent africain seront illustre\u0301es, commente\u0301es et e\u0301value\u0301es plus spe\u0301cifiquement, ainsi que leur projection sur d\u2019autres continents telles que l\u2019Ame\u0301rique latine ; l\u2019Asie ou l\u2019Europe.<\/p>\n<p>Dans son mot de bienvenue, le directeur ge\u0301ne\u0301ral de l\u2019Institut des e\u0301tudes diplomatiques, M. Mohamed Abdoulkader Moussa, a exprime\u0301 son souhait de mutualiser les efforts et de proposer re\u0301gulie\u0300rement ce type d\u2019e\u0301ve\u0301nement.<\/p>\n<p>Il a affirme\u0301 que le processus de formation des hauts cadres djiboutiens est un levier important pour doter le pays de cadres ayant de solides connaissances et des capacite\u0301s d\u2019analyse e\u0301conomique et politique susceptibles d\u2019avoir un impact positif re\u0301el sur les ne\u0301gociations futures.<\/p>\n<p>L\u2019IED joue un ro\u0302le pre\u0301ponde\u0301rant dans ces formations, dans la transmission de savoirs pertinents et de qualite\u0301.<\/p>\n<p><strong>Pour plus d&rsquo;informations et d&rsquo;analyses sur la <a href=\"https:\/\/www.africa-press.net\/djibouti\">Djibouti<\/a>, suivez <a href=\"https:\/\/www.africa-press.net\/\">Africa-Press<\/a><\/strong><\/p>\n","protected":false},"excerpt":{"rendered":"<p>Africa-Press &#8211; Djibouti. L\u2019Institut des e\u0301tudes diplomatique a organise\u0301 aujourd&rsquo;hui, dimanche, un se\u0301minaire sur l&rsquo;inte\u0301gration re\u0301gionale, en partenariat avec l\u2019Union europe\u0301enne et sous le haut patronage du ministre des Affaires e\u0301trange\u0300res et de la Coope\u0301ration internationale, M. Mahmoud Ali Youssouf. L\u2019e\u0301ve\u0300nement a regroupe\u0301 sur place le ministre des Affaires e\u0301trange\u0300res et de la Coope\u0301ration internationale [&hellip;]<\/p>\n","protected":false},"author":82,"featured_media":18883,"comment_status":"open","ping_status":"closed","sticky":false,"template":"","format":"standard","meta":{"footnotes":""},"categories":[2,57,20],"tags":[36,49,50],"class_list":["post-18884","post","type-post","status-publish","format-standard","has-post-thumbnail","hentry","category-politique","category-to-homepage","category-top-nouvelles","tag-africa-press","tag-africa-press-djibouti","tag-djibouti"],"yoast_head":"<!-- This site is optimized with the Yoast SEO Premium plugin v26.1 (Yoast SEO v27.0) - https:\/\/yoast.com\/product\/yoast-seo-premium-wordpress\/ -->\n<title>L\u2019Institut des \u00e9tudes diplomatique abrite un s\u00e9minaire sur l\u2019int\u00e9gration r\u00e9gionale - Djibouti<\/title>\n<meta name=\"robots\" content=\"index, follow, max-snippet:-1, max-image-preview:large, max-video-preview:-1\" \/>\n<link rel=\"canonical\" href=\"https:\/\/www.africa-press.net\/djibouti\/politique\/linstitut-des-etudes-diplomatique-abrite-un-seminaire-sur-lintegration-regionale\" \/>\n<meta property=\"og:locale\" content=\"fr_FR\" \/>\n<meta property=\"og:type\" content=\"article\" \/>\n<meta property=\"og:title\" content=\"L\u2019Institut des \u00e9tudes diplomatique abrite un s\u00e9minaire sur l\u2019int\u00e9gration r\u00e9gionale\" \/>\n<meta property=\"og:description\" content=\"Africa-Press &#8211; Djibouti. L\u2019Institut des e\u0301tudes diplomatique a organise\u0301 aujourd&rsquo;hui, dimanche, un se\u0301minaire sur l&rsquo;inte\u0301gration re\u0301gionale, en partenariat avec l\u2019Union europe\u0301enne et sous le haut patronage du ministre des Affaires e\u0301trange\u0300res et de la Coope\u0301ration internationale, M. Mahmoud Ali Youssouf. L\u2019e\u0301ve\u0300nement a regroupe\u0301 sur place le ministre des Affaires e\u0301trange\u0300res et de la Coope\u0301ration internationale [&hellip;]\" \/>\n<meta property=\"og:url\" content=\"https:\/\/www.africa-press.net\/djibouti\/politique\/linstitut-des-etudes-diplomatique-abrite-un-seminaire-sur-lintegration-regionale\" \/>\n<meta property=\"og:site_name\" content=\"Djibouti\" \/>\n<meta property=\"article:published_time\" content=\"2023-10-09T17:11:00+00:00\" \/>\n<meta name=\"author\" content=\"cfeditorfr\" \/>\n<meta name=\"twitter:card\" content=\"summary_large_image\" \/>\n<meta name=\"twitter:label1\" content=\"\u00c9crit par\" \/>\n\t<meta name=\"twitter:data1\" content=\"cfeditorfr\" \/>\n\t<meta name=\"twitter:label2\" content=\"Dur\u00e9e de lecture estim\u00e9e\" \/>\n\t<meta name=\"twitter:data2\" content=\"4 minutes\" \/>\n<script type=\"application\/ld+json\" class=\"yoast-schema-graph\">{\"@context\":\"https:\/\/schema.org\",\"@graph\":[{\"@type\":\"Article\",\"@id\":\"https:\/\/www.africa-press.net\/djibouti\/politique\/linstitut-des-etudes-diplomatique-abrite-un-seminaire-sur-lintegration-regionale#article\",\"isPartOf\":{\"@id\":\"https:\/\/www.africa-press.net\/djibouti\/politique\/linstitut-des-etudes-diplomatique-abrite-un-seminaire-sur-lintegration-regionale\"},\"author\":{\"name\":\"cfeditorfr\",\"@id\":\"https:\/\/www.africa-press.net\/djibouti\/#\/schema\/person\/2b1cf3cd81a31e3cd26889ca66d677f1\"},\"headline\":\"L\u2019Institut des \u00e9tudes diplomatique abrite un s\u00e9minaire sur l\u2019int\u00e9gration r\u00e9gionale\",\"datePublished\":\"2023-10-09T17:11:00+00:00\",\"mainEntityOfPage\":{\"@id\":\"https:\/\/www.africa-press.net\/djibouti\/politique\/linstitut-des-etudes-diplomatique-abrite-un-seminaire-sur-lintegration-regionale\"},\"wordCount\":816,\"commentCount\":0,\"image\":{\"@id\":\"https:\/\/www.africa-press.net\/djibouti\/politique\/linstitut-des-etudes-diplomatique-abrite-un-seminaire-sur-lintegration-regionale#primaryimage\"},\"thumbnailUrl\":\"https:\/\/static.africa-press.net\/djibouti\/sites\/52\/2023\/10\/MiladFR1696858877.589733.jpg\",\"keywords\":[\"Africa Press\",\"Africa Press-Djibouti\",\"Djibouti\"],\"articleSection\":[\"Politique\",\"to-homepage\",\"Top Nouvelles\"],\"inLanguage\":\"fr-FR\",\"potentialAction\":[{\"@type\":\"CommentAction\",\"name\":\"Comment\",\"target\":[\"https:\/\/www.africa-press.net\/djibouti\/politique\/linstitut-des-etudes-diplomatique-abrite-un-seminaire-sur-lintegration-regionale#respond\"]}]},{\"@type\":\"WebPage\",\"@id\":\"https:\/\/www.africa-press.net\/djibouti\/politique\/linstitut-des-etudes-diplomatique-abrite-un-seminaire-sur-lintegration-regionale\",\"url\":\"https:\/\/www.africa-press.net\/djibouti\/politique\/linstitut-des-etudes-diplomatique-abrite-un-seminaire-sur-lintegration-regionale\",\"name\":\"L\u2019Institut des \u00e9tudes diplomatique abrite un s\u00e9minaire sur l\u2019int\u00e9gration r\u00e9gionale - Djibouti\",\"isPartOf\":{\"@id\":\"https:\/\/www.africa-press.net\/djibouti\/#website\"},\"primaryImageOfPage\":{\"@id\":\"https:\/\/www.africa-press.net\/djibouti\/politique\/linstitut-des-etudes-diplomatique-abrite-un-seminaire-sur-lintegration-regionale#primaryimage\"},\"image\":{\"@id\":\"https:\/\/www.africa-press.net\/djibouti\/politique\/linstitut-des-etudes-diplomatique-abrite-un-seminaire-sur-lintegration-regionale#primaryimage\"},\"thumbnailUrl\":\"https:\/\/static.africa-press.net\/djibouti\/sites\/52\/2023\/10\/MiladFR1696858877.589733.jpg\",\"datePublished\":\"2023-10-09T17:11:00+00:00\",\"author\":{\"@id\":\"https:\/\/www.africa-press.net\/djibouti\/#\/schema\/person\/2b1cf3cd81a31e3cd26889ca66d677f1\"},\"breadcrumb\":{\"@id\":\"https:\/\/www.africa-press.net\/djibouti\/politique\/linstitut-des-etudes-diplomatique-abrite-un-seminaire-sur-lintegration-regionale#breadcrumb\"},\"inLanguage\":\"fr-FR\",\"potentialAction\":[{\"@type\":\"ReadAction\",\"target\":[\"https:\/\/www.africa-press.net\/djibouti\/politique\/linstitut-des-etudes-diplomatique-abrite-un-seminaire-sur-lintegration-regionale\"]}]},{\"@type\":\"ImageObject\",\"inLanguage\":\"fr-FR\",\"@id\":\"https:\/\/www.africa-press.net\/djibouti\/politique\/linstitut-des-etudes-diplomatique-abrite-un-seminaire-sur-lintegration-regionale#primaryimage\",\"url\":\"https:\/\/static.africa-press.net\/djibouti\/sites\/52\/2023\/10\/MiladFR1696858877.589733.jpg\",\"contentUrl\":\"https:\/\/static.africa-press.net\/djibouti\/sites\/52\/2023\/10\/MiladFR1696858877.589733.jpg\",\"width\":900,\"height\":600,\"caption\":\"L\u2019Institut des \u00e9tudes diplomatique abrite un s\u00e9minaire sur l\u2019int\u00e9gration r\u00e9gionale\"},{\"@type\":\"BreadcrumbList\",\"@id\":\"https:\/\/www.africa-press.net\/djibouti\/politique\/linstitut-des-etudes-diplomatique-abrite-un-seminaire-sur-lintegration-regionale#breadcrumb\",\"itemListElement\":[{\"@type\":\"ListItem\",\"position\":1,\"name\":\"Accueil\",\"item\":\"https:\/\/www.africa-press.net\/djibouti\/\"},{\"@type\":\"ListItem\",\"position\":2,\"name\":\"L\u2019Institut des \u00e9tudes diplomatique abrite un s\u00e9minaire sur l\u2019int\u00e9gration r\u00e9gionale\"}]},{\"@type\":\"WebSite\",\"@id\":\"https:\/\/www.africa-press.net\/djibouti\/#website\",\"url\":\"https:\/\/www.africa-press.net\/djibouti\/\",\"name\":\"Djibouti\",\"description\":\"Just another Africa News Agency Sites site\",\"potentialAction\":[{\"@type\":\"SearchAction\",\"target\":{\"@type\":\"EntryPoint\",\"urlTemplate\":\"https:\/\/www.africa-press.net\/djibouti\/?s={search_term_string}\"},\"query-input\":{\"@type\":\"PropertyValueSpecification\",\"valueRequired\":true,\"valueName\":\"search_term_string\"}}],\"inLanguage\":\"fr-FR\"},{\"@type\":\"Person\",\"@id\":\"https:\/\/www.africa-press.net\/djibouti\/#\/schema\/person\/2b1cf3cd81a31e3cd26889ca66d677f1\",\"name\":\"cfeditorfr\"}]}<\/script>\n<!-- \/ Yoast SEO Premium plugin. -->","yoast_head_json":{"title":"L\u2019Institut des \u00e9tudes diplomatique abrite un s\u00e9minaire sur l\u2019int\u00e9gration r\u00e9gionale - Djibouti","robots":{"index":"index","follow":"follow","max-snippet":"max-snippet:-1","max-image-preview":"max-image-preview:large","max-video-preview":"max-video-preview:-1"},"canonical":"https:\/\/www.africa-press.net\/djibouti\/politique\/linstitut-des-etudes-diplomatique-abrite-un-seminaire-sur-lintegration-regionale","og_locale":"fr_FR","og_type":"article","og_title":"L\u2019Institut des \u00e9tudes diplomatique abrite un s\u00e9minaire sur l\u2019int\u00e9gration r\u00e9gionale","og_description":"Africa-Press &#8211; Djibouti. L\u2019Institut des e\u0301tudes diplomatique a organise\u0301 aujourd&rsquo;hui, dimanche, un se\u0301minaire sur l&rsquo;inte\u0301gration re\u0301gionale, en partenariat avec l\u2019Union europe\u0301enne et sous le haut patronage du ministre des Affaires e\u0301trange\u0300res et de la Coope\u0301ration internationale, M. Mahmoud Ali Youssouf. L\u2019e\u0301ve\u0300nement a regroupe\u0301 sur place le ministre des Affaires e\u0301trange\u0300res et de la Coope\u0301ration internationale [&hellip;]","og_url":"https:\/\/www.africa-press.net\/djibouti\/politique\/linstitut-des-etudes-diplomatique-abrite-un-seminaire-sur-lintegration-regionale","og_site_name":"Djibouti","article_published_time":"2023-10-09T17:11:00+00:00","author":"cfeditorfr","twitter_card":"summary_large_image","twitter_misc":{"\u00c9crit par":"cfeditorfr","Dur\u00e9e de lecture estim\u00e9e":"4 minutes"},"schema":{"@context":"https:\/\/schema.org","@graph":[{"@type":"Article","@id":"https:\/\/www.africa-press.net\/djibouti\/politique\/linstitut-des-etudes-diplomatique-abrite-un-seminaire-sur-lintegration-regionale#article","isPartOf":{"@id":"https:\/\/www.africa-press.net\/djibouti\/politique\/linstitut-des-etudes-diplomatique-abrite-un-seminaire-sur-lintegration-regionale"},"author":{"name":"cfeditorfr","@id":"https:\/\/www.africa-press.net\/djibouti\/#\/schema\/person\/2b1cf3cd81a31e3cd26889ca66d677f1"},"headline":"L\u2019Institut des \u00e9tudes diplomatique abrite un s\u00e9minaire sur l\u2019int\u00e9gration r\u00e9gionale","datePublished":"2023-10-09T17:11:00+00:00","mainEntityOfPage":{"@id":"https:\/\/www.africa-press.net\/djibouti\/politique\/linstitut-des-etudes-diplomatique-abrite-un-seminaire-sur-lintegration-regionale"},"wordCount":816,"commentCount":0,"image":{"@id":"https:\/\/www.africa-press.net\/djibouti\/politique\/linstitut-des-etudes-diplomatique-abrite-un-seminaire-sur-lintegration-regionale#primaryimage"},"thumbnailUrl":"https:\/\/static.africa-press.net\/djibouti\/sites\/52\/2023\/10\/MiladFR1696858877.589733.jpg","keywords":["Africa Press","Africa Press-Djibouti","Djibouti"],"articleSection":["Politique","to-homepage","Top Nouvelles"],"inLanguage":"fr-FR","potentialAction":[{"@type":"CommentAction","name":"Comment","target":["https:\/\/www.africa-press.net\/djibouti\/politique\/linstitut-des-etudes-diplomatique-abrite-un-seminaire-sur-lintegration-regionale#respond"]}]},{"@type":"WebPage","@id":"https:\/\/www.africa-press.net\/djibouti\/politique\/linstitut-des-etudes-diplomatique-abrite-un-seminaire-sur-lintegration-regionale","url":"https:\/\/www.africa-press.net\/djibouti\/politique\/linstitut-des-etudes-diplomatique-abrite-un-seminaire-sur-lintegration-regionale","name":"L\u2019Institut des \u00e9tudes diplomatique abrite un s\u00e9minaire sur l\u2019int\u00e9gration r\u00e9gionale - Djibouti","isPartOf":{"@id":"https:\/\/www.africa-press.net\/djibouti\/#website"},"primaryImageOfPage":{"@id":"https:\/\/www.africa-press.net\/djibouti\/politique\/linstitut-des-etudes-diplomatique-abrite-un-seminaire-sur-lintegration-regionale#primaryimage"},"image":{"@id":"https:\/\/www.africa-press.net\/djibouti\/politique\/linstitut-des-etudes-diplomatique-abrite-un-seminaire-sur-lintegration-regionale#primaryimage"},"thumbnailUrl":"https:\/\/static.africa-press.net\/djibouti\/sites\/52\/2023\/10\/MiladFR1696858877.589733.jpg","datePublished":"2023-10-09T17:11:00+00:00","author":{"@id":"https:\/\/www.africa-press.net\/djibouti\/#\/schema\/person\/2b1cf3cd81a31e3cd26889ca66d677f1"},"breadcrumb":{"@id":"https:\/\/www.africa-press.net\/djibouti\/politique\/linstitut-des-etudes-diplomatique-abrite-un-seminaire-sur-lintegration-regionale#breadcrumb"},"inLanguage":"fr-FR","potentialAction":[{"@type":"ReadAction","target":["https:\/\/www.africa-press.net\/djibouti\/politique\/linstitut-des-etudes-diplomatique-abrite-un-seminaire-sur-lintegration-regionale"]}]},{"@type":"ImageObject","inLanguage":"fr-FR","@id":"https:\/\/www.africa-press.net\/djibouti\/politique\/linstitut-des-etudes-diplomatique-abrite-un-seminaire-sur-lintegration-regionale#primaryimage","url":"https:\/\/static.africa-press.net\/djibouti\/sites\/52\/2023\/10\/MiladFR1696858877.589733.jpg","contentUrl":"https:\/\/static.africa-press.net\/djibouti\/sites\/52\/2023\/10\/MiladFR1696858877.589733.jpg","width":900,"height":600,"caption":"L\u2019Institut des \u00e9tudes diplomatique abrite un s\u00e9minaire sur l\u2019int\u00e9gration r\u00e9gionale"},{"@type":"BreadcrumbList","@id":"https:\/\/www.africa-press.net\/djibouti\/politique\/linstitut-des-etudes-diplomatique-abrite-un-seminaire-sur-lintegration-regionale#breadcrumb","itemListElement":[{"@type":"ListItem","position":1,"name":"Accueil","item":"https:\/\/www.africa-press.net\/djibouti\/"},{"@type":"ListItem","position":2,"name":"L\u2019Institut des \u00e9tudes diplomatique abrite un s\u00e9minaire sur l\u2019int\u00e9gration r\u00e9gionale"}]},{"@type":"WebSite","@id":"https:\/\/www.africa-press.net\/djibouti\/#website","url":"https:\/\/www.africa-press.net\/djibouti\/","name":"Djibouti","description":"Just another Africa News Agency Sites site","potentialAction":[{"@type":"SearchAction","target":{"@type":"EntryPoint","urlTemplate":"https:\/\/www.africa-press.net\/djibouti\/?s={search_term_string}"},"query-input":{"@type":"PropertyValueSpecification","valueRequired":true,"valueName":"search_term_string"}}],"inLanguage":"fr-FR"},{"@type":"Person","@id":"https:\/\/www.africa-press.net\/djibouti\/#\/schema\/person\/2b1cf3cd81a31e3cd26889ca66d677f1","name":"cfeditorfr"}]}},"_links":{"self":[{"href":"https:\/\/www.africa-press.net\/djibouti\/wp-json\/wp\/v2\/posts\/18884","targetHints":{"allow":["GET"]}}],"collection":[{"href":"https:\/\/www.africa-press.net\/djibouti\/wp-json\/wp\/v2\/posts"}],"about":[{"href":"https:\/\/www.africa-press.net\/djibouti\/wp-json\/wp\/v2\/types\/post"}],"author":[{"embeddable":true,"href":"https:\/\/www.africa-press.net\/djibouti\/wp-json\/wp\/v2\/users\/82"}],"replies":[{"embeddable":true,"href":"https:\/\/www.africa-press.net\/djibouti\/wp-json\/wp\/v2\/comments?post=18884"}],"version-history":[{"count":0,"href":"https:\/\/www.africa-press.net\/djibouti\/wp-json\/wp\/v2\/posts\/18884\/revisions"}],"wp:featuredmedia":[{"embeddable":true,"href":"https:\/\/www.africa-press.net\/djibouti\/wp-json\/wp\/v2\/media\/18883"}],"wp:attachment":[{"href":"https:\/\/www.africa-press.net\/djibouti\/wp-json\/wp\/v2\/media?parent=18884"}],"wp:term":[{"taxonomy":"category","embeddable":true,"href":"https:\/\/www.africa-press.net\/djibouti\/wp-json\/wp\/v2\/categories?post=18884"},{"taxonomy":"post_tag","embeddable":true,"href":"https:\/\/www.africa-press.net\/djibouti\/wp-json\/wp\/v2\/tags?post=18884"}],"curies":[{"name":"wp","href":"https:\/\/api.w.org\/{rel}","templated":true}]}}