{"id":18888,"date":"2023-10-09T17:14:00","date_gmt":"2023-10-09T17:14:00","guid":{"rendered":"https:\/\/www.africa-press.net\/djibouti\/politique\/journee-mondiale-de-la-poste-je-suis-particulierement-fier-dannoncer-que-la-poste-de-djibouti-sest-hissee-dans-les-10-premieres-places-africaines-declare-le-ministre-de-la-communi"},"modified":"2023-10-09T17:14:00","modified_gmt":"2023-10-09T17:14:00","slug":"journee-mondiale-de-la-poste-je-suis-particulierement-fier-dannoncer-que-la-poste-de-djibouti-sest-hissee-dans-les-10-premieres-places-africaines-declare-le-ministre-de-la-communi","status":"publish","type":"post","link":"https:\/\/www.africa-press.net\/djibouti\/politique\/journee-mondiale-de-la-poste-je-suis-particulierement-fier-dannoncer-que-la-poste-de-djibouti-sest-hissee-dans-les-10-premieres-places-africaines-declare-le-ministre-de-la-communi","title":{"rendered":"Journ\u00e9e mondiale de la Poste : \u00ab Je suis particuli\u00e8rement fier d&rsquo;annoncer que La Poste de Djibouti s&rsquo;est hiss\u00e9e dans les 10 premi\u00e8res places africaines \u00bb, d\u00e9clare le ministre de la Communication"},"content":{"rendered":"<p><span style=\"color: #ff6600\"><strong>Africa-Press &#8211; Djibouti. <\/strong><\/span>A l&rsquo;instar du reste du monde, la journe\u0301e mondiale de la Poste a e\u0301te\u0301 comme\u0301more\u0301e ce lundi a\u0300 Djibouti.<\/p>\n<p>Dans une de\u0301claration faite a\u0300 cette occasion, le ministre de la Communication charge\u0301 des Postes et des Te\u0301le\u0301communications, M Radwan Abdillahi Bahdon, a salue\u0301 d&#8217;emble\u0301e les avance\u0301es enregistre\u0301es par la poste de Djibouti.<\/p>\n<p>\u00ab Je suis particulie\u0300rement fier d&rsquo;annoncer que La Poste de Djibouti s&rsquo;est hisse\u0301e dans 10 premie\u0300res places africaines \u00bb, a-t-il indique\u0301.<\/p>\n<p>L&rsquo;ADI reproduit ci-apre\u0300s la de\u0301claration du ministre de la Communication en son inte\u0301gralite\u0301.<\/p>\n<p>\u00ab\u00a0Djiboutiennes, Djiboutiens,<\/p>\n<p>Travailleuses et travailleurs postaux,<\/p>\n<p>Aujourd\u2019hui 9 octobre 2023, le monde entier ce\u0301le\u0300bre la Journe\u0301e Mondiale de la Poste.<\/p>\n<p>Cette journe\u0301e marque e\u0301galement la date anniversaire de l\u2019Union Postale Universelle (UPU), deuxie\u0300me plus ancienne institution des Nations Unies, cre\u0301e\u0301e en 1874, a\u0300 Berne, capitale fe\u0301de\u0301rale de la Suisse.<\/p>\n<p>Je suis honore\u0301 de m&rsquo;adresser a\u0300 vous aujourd&rsquo;hui, a\u0300 l&rsquo;occasion de cette journe\u0301e mondiale des Postes, pour partager avec vous les avance\u0301es et les re\u0301alisations de La Poste de Djibouti.<\/p>\n<p>Je suis particulie\u0300rement fier d&rsquo;annoncer que La Poste de Djibouti s&rsquo;est hisse\u0301e dans 10 premie\u0300res places africaines sur 54 pays du continent.<\/p>\n<p>Ce succe\u0300s n&rsquo;est pas le fruit du hasard, mais le re\u0301sultat d&rsquo;un travail acharne\u0301 et d&rsquo;un engagement sans faille des employe\u0301s postaux afin d\u2019offrir une qualite\u0301 de service optimal.<\/p>\n<p>Au cours des trois dernie\u0300res anne\u0301es, La Poste de Djibouti a maintenu un niveau de qualite\u0301 ine\u0301gale\u0301 dans tous les domaines de son activite\u0301.<\/p>\n<p>Ceci peut e\u0302tre illustre\u0301 par ses partenariats exclusifs avec diffe\u0301rents organismes et institutions cle\u0301s.<\/p>\n<p>La Poste, service public social est le partenaire des ONG pour les transferts d\u2019argents aupre\u0300s des populations sur tout le territoire.<\/p>\n<p>Elle est aussi le transporteur exclusif des laboratoires de la place en ce qui concerne les e\u0301chantillons sensibles vers les laboratoires e\u0301trangers.<\/p>\n<p>La Poste est aussi le transporteur exclusif des passeports diplomatiques de la re\u0301publique de Djibouti vers nos ambassades et chancelleries.<\/p>\n<p>Dans le domaine de l\u2019inclusion financie\u0300re, la Poste est l\u2019ope\u0301rateur financier le plus e\u0301conomique dans le domaine du transfert d\u2019argent avec des partenaires mondiaux reconnus et des normes de conformite\u0301s e\u0301leve\u0301es pour assurer une trac\u0327abilite\u0301 comple\u0300te.<\/p>\n<p>Dans le domaine du e-commerce gra\u0302ce a\u0300 sa Prestation Esuuq, la Poste permet a\u0300 nos citoyens de be\u0301ne\u0301ficier d&rsquo;un service de qualite\u0301 pour leurs achats en ligne. Gra\u0302ce aux adresses virtuelles, les usagers peuvent acheter partout dans le monde et se faire livrer a\u0300 Djibouti.<\/p>\n<p>Enfin, conscients des de\u0301fis a\u0300 venir, le Ministe\u0300re que je dirige est de\u0301termine\u0301 a\u0300 appuyer la progression de l\u2019ope\u0301rateur postal en utilisant les nouvelles technologies de l&rsquo;information et de la communication (NTIC) de manie\u0300re pertinente et efficace.<\/p>\n<p>Cela lui permettra d&rsquo;ame\u0301liorer encore davantage ses services et de maintenir sa position de leader dans le dernier km avec la livraison a\u0300 domicile et au bureau.<\/p>\n<p>Par ailleurs, dans ce monde digitalise\u0301, La Poste s\u2019est re\u0301solument engage\u0301e dans la modernisation de ses services et dans la de\u0301mate\u0301rialisation des documents administratifs.<\/p>\n<p>Gra\u0302ce au nouveau guichet Unique intitule\u0301 Centre des Services aux Citoyens, en collaboration avec L\u2019ANSIE et la Direction de la Population La Poste et ses partenaires sont en mesure de faciliter les de\u0301marches administratives de nos concitoyens.<\/p>\n<p>Cela permet non seulement de simplifier les proce\u0301dures pour nos citoyens, mais e\u0301galement de garantir la se\u0301curite\u0301 et l&rsquo;inte\u0301grite\u0301 de leurs informations personnelles.<\/p>\n<p>Ce guichet unique des services publics sera couple\u0301 avec un nouveau produit postal de\u0301nomme\u0301 DIGIPOST.<\/p>\n<p>Cette innovation permettra aux entite\u0301s publiques et prive\u0301s d&rsquo;envoyer des emails certifie\u0301s a\u0300 leurs correspondants, en toute le\u0301galite\u0301.<\/p>\n<p>En effet, l&rsquo;offre DIGIPOST est conside\u0301re\u0301e comme un outil le\u0301gal, au me\u0302me titre qu&rsquo;un courrier recommande\u0301 avec accuse\u0301 de re\u0301ception.<\/p>\n<p>Ce nouveau service offre de nombreux avantages, tant pour les expe\u0301diteurs que pour les destinataires. Il permet une communication se\u0301curise\u0301e, instantane\u0301e et trac\u0327able, tout en contribuant a\u0300 la pre\u0301servation de l&rsquo;environnement en e\u0301vitant l&rsquo;utilisation de papier.<\/p>\n<p>Enfin, permettez-moi de remercier l&rsquo;ensemble des partenaires institutionnels qui ont contribue\u0301 a\u0300 facilite\u0301 l\u2019acce\u0300s aux services publics de\u0301centralise\u0301s.<\/p>\n<p>Nous sommes convaincus que la collaboration entre les diffe\u0301rentes entite\u0301s publiques est essentielle pour offrir a\u0300 nos citoyens des services de qualite\u0301, re\u0301pondant a\u0300 leurs attentes et a\u0300 leurs besoins.<\/p>\n<p>En cette journe\u0301e mondiale des Postes, j\u2019invite l\u2019ope\u0301rateur postal a\u0300 continuer d&rsquo;innover et de moderniser ses services pour mieux servir la population tout en restant fide\u0300les a\u0300 sa mission publique de connecter les personnes et les communaute\u0301s a\u0300 travers tout le territoire.<\/p>\n<p>Je vous remercie pour votre attention et je souhaite a\u0300 tous postie\u0300res et postiers, une excellente journe\u0301e mondiale de la Poste\u00a0\u00bb.<\/p>\n<p>A l&rsquo;instar du reste du monde, la journe\u0301e mondiale de la Poste a e\u0301te\u0301 comme\u0301more\u0301e ce lundi a\u0300 Djibouti.<\/p>\n<p>Dans une de\u0301claration faite a\u0300 cette occasion, le ministre de la Communication charge\u0301 des Postes et des Te\u0301le\u0301communications, M Radwan Abdillahi Bahdon, a salue\u0301 d&#8217;emble\u0301e les avance\u0301es enregistre\u0301es par la poste de Djibouti.<\/p>\n<p>\u00ab Je suis particulie\u0300rement fier d&rsquo;annoncer que La Poste de Djibouti s&rsquo;est hisse\u0301e dans 10 premie\u0300res places africaines \u00bb, a-t-il indique\u0301.<\/p>\n<p>L&rsquo;ADI reproduit ci-apre\u0300s la de\u0301claration du ministre de la Communication en son inte\u0301gralite\u0301.<\/p>\n<p>\u00ab\u00a0Djiboutiennes, Djiboutiens,<\/p>\n<p>Travailleuses et travailleurs postaux,<\/p>\n<p>Aujourd\u2019hui 9 octobre 2023, le monde entier ce\u0301le\u0300bre la Journe\u0301e Mondiale de la Poste.<\/p>\n<p>Cette journe\u0301e marque e\u0301galement la date anniversaire de l\u2019Union Postale Universelle (UPU), deuxie\u0300me plus ancienne institution des Nations Unies, cre\u0301e\u0301e en 1874, a\u0300 Berne, capitale fe\u0301de\u0301rale de la Suisse.<\/p>\n<p>Je suis honore\u0301 de m&rsquo;adresser a\u0300 vous aujourd&rsquo;hui, a\u0300 l&rsquo;occasion de cette journe\u0301e mondiale des Postes, pour partager avec vous les avance\u0301es et les re\u0301alisations de La Poste de Djibouti.<\/p>\n<p>Je suis particulie\u0300rement fier d&rsquo;annoncer que La Poste de Djibouti s&rsquo;est hisse\u0301e dans 10 premie\u0300res places africaines sur 54 pays du continent.<\/p>\n<p>Ce succe\u0300s n&rsquo;est pas le fruit du hasard, mais le re\u0301sultat d&rsquo;un travail acharne\u0301 et d&rsquo;un engagement sans faille des employe\u0301s postaux afin d\u2019offrir une qualite\u0301 de service optimal.<\/p>\n<p>Au cours des trois dernie\u0300res anne\u0301es, La Poste de Djibouti a maintenu un niveau de qualite\u0301 ine\u0301gale\u0301 dans tous les domaines de son activite\u0301.<\/p>\n<p>Ceci peut e\u0302tre illustre\u0301 par ses partenariats exclusifs avec diffe\u0301rents organismes et institutions cle\u0301s.<\/p>\n<p>La Poste, service public social est le partenaire des ONG pour les transferts d\u2019argents aupre\u0300s des populations sur tout le territoire.<\/p>\n<p>Elle est aussi le transporteur exclusif des laboratoires de la place en ce qui concerne les e\u0301chantillons sensibles vers les laboratoires e\u0301trangers.<\/p>\n<p>La Poste est aussi le transporteur exclusif des passeports diplomatiques de la re\u0301publique de Djibouti vers nos ambassades et chancelleries.<\/p>\n<p>Dans le domaine de l\u2019inclusion financie\u0300re, la Poste est l\u2019ope\u0301rateur financier le plus e\u0301conomique dans le domaine du transfert d\u2019argent avec des partenaires mondiaux reconnus et des normes de conformite\u0301s e\u0301leve\u0301es pour assurer une trac\u0327abilite\u0301 comple\u0300te.<\/p>\n<p>Dans le domaine du e-commerce gra\u0302ce a\u0300 sa Prestation Esuuq, la Poste permet a\u0300 nos citoyens de be\u0301ne\u0301ficier d&rsquo;un service de qualite\u0301 pour leurs achats en ligne. Gra\u0302ce aux adresses virtuelles, les usagers peuvent acheter partout dans le monde et se faire livrer a\u0300 Djibouti.<\/p>\n<p>Enfin, conscients des de\u0301fis a\u0300 venir, le Ministe\u0300re que je dirige est de\u0301termine\u0301 a\u0300 appuyer la progression de l\u2019ope\u0301rateur postal en utilisant les nouvelles technologies de l&rsquo;information et de la communication (NTIC) de manie\u0300re pertinente et efficace.<\/p>\n<p>Cela lui permettra d&rsquo;ame\u0301liorer encore davantage ses services et de maintenir sa position de leader dans le dernier km avec la livraison a\u0300 domicile et au bureau.<\/p>\n<p>Par ailleurs, dans ce monde digitalise\u0301, La Poste s\u2019est re\u0301solument engage\u0301e dans la modernisation de ses services et dans la de\u0301mate\u0301rialisation des documents administratifs.<\/p>\n<p>Gra\u0302ce au nouveau guichet Unique intitule\u0301 Centre des Services aux Citoyens, en collaboration avec L\u2019ANSIE et la Direction de la Population La Poste et ses partenaires sont en mesure de faciliter les de\u0301marches administratives de nos concitoyens.<\/p>\n<p>Cela permet non seulement de simplifier les proce\u0301dures pour nos citoyens, mais e\u0301galement de garantir la se\u0301curite\u0301 et l&rsquo;inte\u0301grite\u0301 de leurs informations personnelles.<\/p>\n<p>Ce guichet unique des services publics sera couple\u0301 avec un nouveau produit postal de\u0301nomme\u0301 DIGIPOST.<\/p>\n<p>Cette innovation permettra aux entite\u0301s publiques et prive\u0301s d&rsquo;envoyer des emails certifie\u0301s a\u0300 leurs correspondants, en toute le\u0301galite\u0301.<\/p>\n<p>En effet, l&rsquo;offre DIGIPOST est conside\u0301re\u0301e comme un outil le\u0301gal, au me\u0302me titre qu&rsquo;un courrier recommande\u0301 avec accuse\u0301 de re\u0301ception.<\/p>\n<p>Ce nouveau service offre de nombreux avantages, tant pour les expe\u0301diteurs que pour les destinataires. Il permet une communication se\u0301curise\u0301e, instantane\u0301e et trac\u0327able, tout en contribuant a\u0300 la pre\u0301servation de l&rsquo;environnement en e\u0301vitant l&rsquo;utilisation de papier.<\/p>\n<p>Enfin, permettez-moi de remercier l&rsquo;ensemble des partenaires institutionnels qui ont contribue\u0301 a\u0300 facilite\u0301 l\u2019acce\u0300s aux services publics de\u0301centralise\u0301s.<\/p>\n<p>Nous sommes convaincus que la collaboration entre les diffe\u0301rentes entite\u0301s publiques est essentielle pour offrir a\u0300 nos citoyens des services de qualite\u0301, re\u0301pondant a\u0300 leurs attentes et a\u0300 leurs besoins.<\/p>\n<p>En cette journe\u0301e mondiale des Postes, j\u2019invite l\u2019ope\u0301rateur postal a\u0300 continuer d&rsquo;innover et de moderniser ses services pour mieux servir la population tout en restant fide\u0300les a\u0300 sa mission publique de connecter les personnes et les communaute\u0301s a\u0300 travers tout le territoire.<\/p>\n<p>Je vous remercie pour votre attention et je souhaite a\u0300 tous postie\u0300res et postiers, une excellente journe\u0301e mondiale de la Poste\u00a0\u00bb.<\/p>\n<p><strong>Pour plus d&rsquo;informations et d&rsquo;analyses sur la <a href=\"https:\/\/www.africa-press.net\/djibouti\">Djibouti<\/a>, suivez <a href=\"https:\/\/www.africa-press.net\/\">Africa-Press<\/a><\/strong><\/p>\n","protected":false},"excerpt":{"rendered":"<p>Africa-Press &#8211; Djibouti. A l&rsquo;instar du reste du monde, la journe\u0301e mondiale de la Poste a e\u0301te\u0301 comme\u0301more\u0301e ce lundi a\u0300 Djibouti. Dans une de\u0301claration faite a\u0300 cette occasion, le ministre de la Communication charge\u0301 des Postes et des Te\u0301le\u0301communications, M Radwan Abdillahi Bahdon, a salue\u0301 d&#8217;emble\u0301e les avance\u0301es enregistre\u0301es par la poste de Djibouti. [&hellip;]<\/p>\n","protected":false},"author":82,"featured_media":18887,"comment_status":"open","ping_status":"closed","sticky":false,"template":"","format":"standard","meta":{"footnotes":""},"categories":[2,20,10],"tags":[36,49,50],"class_list":["post-18888","post","type-post","status-publish","format-standard","has-post-thumbnail","hentry","category-politique","category-top-nouvelles","category-toutes-les-actualites","tag-africa-press","tag-africa-press-djibouti","tag-djibouti"],"yoast_head":"<!-- This site is optimized with the Yoast SEO Premium plugin v26.1 (Yoast SEO v27.0) - https:\/\/yoast.com\/product\/yoast-seo-premium-wordpress\/ -->\n<title>Journ\u00e9e mondiale de la Poste : \u00ab Je suis particuli\u00e8rement fier d&#039;annoncer que La Poste de Djibouti s&#039;est hiss\u00e9e dans les 10 premi\u00e8res places africaines \u00bb, d\u00e9clare le ministre de la Communication - Djibouti<\/title>\n<meta name=\"robots\" content=\"index, follow, max-snippet:-1, max-image-preview:large, max-video-preview:-1\" \/>\n<link rel=\"canonical\" href=\"https:\/\/www.africa-press.net\/djibouti\/politique\/journee-mondiale-de-la-poste-je-suis-particulierement-fier-dannoncer-que-la-poste-de-djibouti-sest-hissee-dans-les-10-premieres-places-africaines-declare-le-ministre-de-la-communi\" \/>\n<meta property=\"og:locale\" content=\"fr_FR\" \/>\n<meta property=\"og:type\" content=\"article\" \/>\n<meta property=\"og:title\" content=\"Journ\u00e9e mondiale de la Poste : \u00ab Je suis particuli\u00e8rement fier d&#039;annoncer que La Poste de Djibouti s&#039;est hiss\u00e9e dans les 10 premi\u00e8res places africaines \u00bb, d\u00e9clare le ministre de la Communication\" \/>\n<meta property=\"og:description\" content=\"Africa-Press &#8211; Djibouti. A l&rsquo;instar du reste du monde, la journe\u0301e mondiale de la Poste a e\u0301te\u0301 comme\u0301more\u0301e ce lundi a\u0300 Djibouti. Dans une de\u0301claration faite a\u0300 cette occasion, le ministre de la Communication charge\u0301 des Postes et des Te\u0301le\u0301communications, M Radwan Abdillahi Bahdon, a salue\u0301 d&#8217;emble\u0301e les avance\u0301es enregistre\u0301es par la poste de Djibouti. [&hellip;]\" \/>\n<meta property=\"og:url\" content=\"https:\/\/www.africa-press.net\/djibouti\/politique\/journee-mondiale-de-la-poste-je-suis-particulierement-fier-dannoncer-que-la-poste-de-djibouti-sest-hissee-dans-les-10-premieres-places-africaines-declare-le-ministre-de-la-communi\" \/>\n<meta property=\"og:site_name\" content=\"Djibouti\" \/>\n<meta property=\"article:published_time\" content=\"2023-10-09T17:14:00+00:00\" \/>\n<meta name=\"author\" content=\"cfeditorfr\" \/>\n<meta name=\"twitter:card\" content=\"summary_large_image\" \/>\n<meta name=\"twitter:label1\" content=\"\u00c9crit par\" \/>\n\t<meta name=\"twitter:data1\" content=\"cfeditorfr\" \/>\n\t<meta name=\"twitter:label2\" content=\"Dur\u00e9e de lecture estim\u00e9e\" \/>\n\t<meta name=\"twitter:data2\" content=\"9 minutes\" \/>\n<script type=\"application\/ld+json\" class=\"yoast-schema-graph\">{\"@context\":\"https:\/\/schema.org\",\"@graph\":[{\"@type\":\"Article\",\"@id\":\"https:\/\/www.africa-press.net\/djibouti\/politique\/journee-mondiale-de-la-poste-je-suis-particulierement-fier-dannoncer-que-la-poste-de-djibouti-sest-hissee-dans-les-10-premieres-places-africaines-declare-le-ministre-de-la-communi#article\",\"isPartOf\":{\"@id\":\"https:\/\/www.africa-press.net\/djibouti\/politique\/journee-mondiale-de-la-poste-je-suis-particulierement-fier-dannoncer-que-la-poste-de-djibouti-sest-hissee-dans-les-10-premieres-places-africaines-declare-le-ministre-de-la-communi\"},\"author\":{\"name\":\"cfeditorfr\",\"@id\":\"https:\/\/www.africa-press.net\/djibouti\/#\/schema\/person\/2b1cf3cd81a31e3cd26889ca66d677f1\"},\"headline\":\"Journ\u00e9e mondiale de la Poste : \u00ab Je suis particuli\u00e8rement fier d&rsquo;annoncer que La Poste de Djibouti s&rsquo;est hiss\u00e9e dans les 10 premi\u00e8res places africaines \u00bb, d\u00e9clare le ministre de la Communication\",\"datePublished\":\"2023-10-09T17:14:00+00:00\",\"mainEntityOfPage\":{\"@id\":\"https:\/\/www.africa-press.net\/djibouti\/politique\/journee-mondiale-de-la-poste-je-suis-particulierement-fier-dannoncer-que-la-poste-de-djibouti-sest-hissee-dans-les-10-premieres-places-africaines-declare-le-ministre-de-la-communi\"},\"wordCount\":1804,\"commentCount\":0,\"image\":{\"@id\":\"https:\/\/www.africa-press.net\/djibouti\/politique\/journee-mondiale-de-la-poste-je-suis-particulierement-fier-dannoncer-que-la-poste-de-djibouti-sest-hissee-dans-les-10-premieres-places-africaines-declare-le-ministre-de-la-communi#primaryimage\"},\"thumbnailUrl\":\"https:\/\/static.africa-press.net\/djibouti\/sites\/52\/2023\/10\/MiladFR1696859068.125423.jpg\",\"keywords\":[\"Africa Press\",\"Africa Press-Djibouti\",\"Djibouti\"],\"articleSection\":[\"Politique\",\"Top Nouvelles\",\"Toutes les actualit\u00e9s\"],\"inLanguage\":\"fr-FR\",\"potentialAction\":[{\"@type\":\"CommentAction\",\"name\":\"Comment\",\"target\":[\"https:\/\/www.africa-press.net\/djibouti\/politique\/journee-mondiale-de-la-poste-je-suis-particulierement-fier-dannoncer-que-la-poste-de-djibouti-sest-hissee-dans-les-10-premieres-places-africaines-declare-le-ministre-de-la-communi#respond\"]}]},{\"@type\":\"WebPage\",\"@id\":\"https:\/\/www.africa-press.net\/djibouti\/politique\/journee-mondiale-de-la-poste-je-suis-particulierement-fier-dannoncer-que-la-poste-de-djibouti-sest-hissee-dans-les-10-premieres-places-africaines-declare-le-ministre-de-la-communi\",\"url\":\"https:\/\/www.africa-press.net\/djibouti\/politique\/journee-mondiale-de-la-poste-je-suis-particulierement-fier-dannoncer-que-la-poste-de-djibouti-sest-hissee-dans-les-10-premieres-places-africaines-declare-le-ministre-de-la-communi\",\"name\":\"Journ\u00e9e mondiale de la Poste : \u00ab Je suis particuli\u00e8rement fier d'annoncer que La Poste de Djibouti s'est hiss\u00e9e dans les 10 premi\u00e8res places africaines \u00bb, d\u00e9clare le ministre de la Communication - Djibouti\",\"isPartOf\":{\"@id\":\"https:\/\/www.africa-press.net\/djibouti\/#website\"},\"primaryImageOfPage\":{\"@id\":\"https:\/\/www.africa-press.net\/djibouti\/politique\/journee-mondiale-de-la-poste-je-suis-particulierement-fier-dannoncer-que-la-poste-de-djibouti-sest-hissee-dans-les-10-premieres-places-africaines-declare-le-ministre-de-la-communi#primaryimage\"},\"image\":{\"@id\":\"https:\/\/www.africa-press.net\/djibouti\/politique\/journee-mondiale-de-la-poste-je-suis-particulierement-fier-dannoncer-que-la-poste-de-djibouti-sest-hissee-dans-les-10-premieres-places-africaines-declare-le-ministre-de-la-communi#primaryimage\"},\"thumbnailUrl\":\"https:\/\/static.africa-press.net\/djibouti\/sites\/52\/2023\/10\/MiladFR1696859068.125423.jpg\",\"datePublished\":\"2023-10-09T17:14:00+00:00\",\"author\":{\"@id\":\"https:\/\/www.africa-press.net\/djibouti\/#\/schema\/person\/2b1cf3cd81a31e3cd26889ca66d677f1\"},\"breadcrumb\":{\"@id\":\"https:\/\/www.africa-press.net\/djibouti\/politique\/journee-mondiale-de-la-poste-je-suis-particulierement-fier-dannoncer-que-la-poste-de-djibouti-sest-hissee-dans-les-10-premieres-places-africaines-declare-le-ministre-de-la-communi#breadcrumb\"},\"inLanguage\":\"fr-FR\",\"potentialAction\":[{\"@type\":\"ReadAction\",\"target\":[\"https:\/\/www.africa-press.net\/djibouti\/politique\/journee-mondiale-de-la-poste-je-suis-particulierement-fier-dannoncer-que-la-poste-de-djibouti-sest-hissee-dans-les-10-premieres-places-africaines-declare-le-ministre-de-la-communi\"]}]},{\"@type\":\"ImageObject\",\"inLanguage\":\"fr-FR\",\"@id\":\"https:\/\/www.africa-press.net\/djibouti\/politique\/journee-mondiale-de-la-poste-je-suis-particulierement-fier-dannoncer-que-la-poste-de-djibouti-sest-hissee-dans-les-10-premieres-places-africaines-declare-le-ministre-de-la-communi#primaryimage\",\"url\":\"https:\/\/static.africa-press.net\/djibouti\/sites\/52\/2023\/10\/MiladFR1696859068.125423.jpg\",\"contentUrl\":\"https:\/\/static.africa-press.net\/djibouti\/sites\/52\/2023\/10\/MiladFR1696859068.125423.jpg\",\"width\":786,\"height\":610,\"caption\":\"Journ\u00e9e mondiale de la Poste : \u00ab Je suis particuli\u00e8rement fier d'annoncer que La Poste de Djibouti s'est hiss\u00e9e dans les 10 premi\u00e8res places africaines \u00bb, d\u00e9clare le ministre de la Communication\"},{\"@type\":\"BreadcrumbList\",\"@id\":\"https:\/\/www.africa-press.net\/djibouti\/politique\/journee-mondiale-de-la-poste-je-suis-particulierement-fier-dannoncer-que-la-poste-de-djibouti-sest-hissee-dans-les-10-premieres-places-africaines-declare-le-ministre-de-la-communi#breadcrumb\",\"itemListElement\":[{\"@type\":\"ListItem\",\"position\":1,\"name\":\"Accueil\",\"item\":\"https:\/\/www.africa-press.net\/djibouti\/\"},{\"@type\":\"ListItem\",\"position\":2,\"name\":\"Journ\u00e9e mondiale de la Poste : \u00ab Je suis particuli\u00e8rement fier d&#8217;annoncer que La Poste de Djibouti s&#8217;est hiss\u00e9e dans les 10 premi\u00e8res places africaines \u00bb, d\u00e9clare le ministre de la Communication\"}]},{\"@type\":\"WebSite\",\"@id\":\"https:\/\/www.africa-press.net\/djibouti\/#website\",\"url\":\"https:\/\/www.africa-press.net\/djibouti\/\",\"name\":\"Djibouti\",\"description\":\"Just another Africa News Agency Sites site\",\"potentialAction\":[{\"@type\":\"SearchAction\",\"target\":{\"@type\":\"EntryPoint\",\"urlTemplate\":\"https:\/\/www.africa-press.net\/djibouti\/?s={search_term_string}\"},\"query-input\":{\"@type\":\"PropertyValueSpecification\",\"valueRequired\":true,\"valueName\":\"search_term_string\"}}],\"inLanguage\":\"fr-FR\"},{\"@type\":\"Person\",\"@id\":\"https:\/\/www.africa-press.net\/djibouti\/#\/schema\/person\/2b1cf3cd81a31e3cd26889ca66d677f1\",\"name\":\"cfeditorfr\"}]}<\/script>\n<!-- \/ Yoast SEO Premium plugin. -->","yoast_head_json":{"title":"Journ\u00e9e mondiale de la Poste : \u00ab Je suis particuli\u00e8rement fier d'annoncer que La Poste de Djibouti s'est hiss\u00e9e dans les 10 premi\u00e8res places africaines \u00bb, d\u00e9clare le ministre de la Communication - Djibouti","robots":{"index":"index","follow":"follow","max-snippet":"max-snippet:-1","max-image-preview":"max-image-preview:large","max-video-preview":"max-video-preview:-1"},"canonical":"https:\/\/www.africa-press.net\/djibouti\/politique\/journee-mondiale-de-la-poste-je-suis-particulierement-fier-dannoncer-que-la-poste-de-djibouti-sest-hissee-dans-les-10-premieres-places-africaines-declare-le-ministre-de-la-communi","og_locale":"fr_FR","og_type":"article","og_title":"Journ\u00e9e mondiale de la Poste : \u00ab Je suis particuli\u00e8rement fier d'annoncer que La Poste de Djibouti s'est hiss\u00e9e dans les 10 premi\u00e8res places africaines \u00bb, d\u00e9clare le ministre de la Communication","og_description":"Africa-Press &#8211; Djibouti. A l&rsquo;instar du reste du monde, la journe\u0301e mondiale de la Poste a e\u0301te\u0301 comme\u0301more\u0301e ce lundi a\u0300 Djibouti. Dans une de\u0301claration faite a\u0300 cette occasion, le ministre de la Communication charge\u0301 des Postes et des Te\u0301le\u0301communications, M Radwan Abdillahi Bahdon, a salue\u0301 d&#8217;emble\u0301e les avance\u0301es enregistre\u0301es par la poste de Djibouti. [&hellip;]","og_url":"https:\/\/www.africa-press.net\/djibouti\/politique\/journee-mondiale-de-la-poste-je-suis-particulierement-fier-dannoncer-que-la-poste-de-djibouti-sest-hissee-dans-les-10-premieres-places-africaines-declare-le-ministre-de-la-communi","og_site_name":"Djibouti","article_published_time":"2023-10-09T17:14:00+00:00","author":"cfeditorfr","twitter_card":"summary_large_image","twitter_misc":{"\u00c9crit par":"cfeditorfr","Dur\u00e9e de lecture estim\u00e9e":"9 minutes"},"schema":{"@context":"https:\/\/schema.org","@graph":[{"@type":"Article","@id":"https:\/\/www.africa-press.net\/djibouti\/politique\/journee-mondiale-de-la-poste-je-suis-particulierement-fier-dannoncer-que-la-poste-de-djibouti-sest-hissee-dans-les-10-premieres-places-africaines-declare-le-ministre-de-la-communi#article","isPartOf":{"@id":"https:\/\/www.africa-press.net\/djibouti\/politique\/journee-mondiale-de-la-poste-je-suis-particulierement-fier-dannoncer-que-la-poste-de-djibouti-sest-hissee-dans-les-10-premieres-places-africaines-declare-le-ministre-de-la-communi"},"author":{"name":"cfeditorfr","@id":"https:\/\/www.africa-press.net\/djibouti\/#\/schema\/person\/2b1cf3cd81a31e3cd26889ca66d677f1"},"headline":"Journ\u00e9e mondiale de la Poste : \u00ab Je suis particuli\u00e8rement fier d&rsquo;annoncer que La Poste de Djibouti s&rsquo;est hiss\u00e9e dans les 10 premi\u00e8res places africaines \u00bb, d\u00e9clare le ministre de la Communication","datePublished":"2023-10-09T17:14:00+00:00","mainEntityOfPage":{"@id":"https:\/\/www.africa-press.net\/djibouti\/politique\/journee-mondiale-de-la-poste-je-suis-particulierement-fier-dannoncer-que-la-poste-de-djibouti-sest-hissee-dans-les-10-premieres-places-africaines-declare-le-ministre-de-la-communi"},"wordCount":1804,"commentCount":0,"image":{"@id":"https:\/\/www.africa-press.net\/djibouti\/politique\/journee-mondiale-de-la-poste-je-suis-particulierement-fier-dannoncer-que-la-poste-de-djibouti-sest-hissee-dans-les-10-premieres-places-africaines-declare-le-ministre-de-la-communi#primaryimage"},"thumbnailUrl":"https:\/\/static.africa-press.net\/djibouti\/sites\/52\/2023\/10\/MiladFR1696859068.125423.jpg","keywords":["Africa Press","Africa Press-Djibouti","Djibouti"],"articleSection":["Politique","Top Nouvelles","Toutes les actualit\u00e9s"],"inLanguage":"fr-FR","potentialAction":[{"@type":"CommentAction","name":"Comment","target":["https:\/\/www.africa-press.net\/djibouti\/politique\/journee-mondiale-de-la-poste-je-suis-particulierement-fier-dannoncer-que-la-poste-de-djibouti-sest-hissee-dans-les-10-premieres-places-africaines-declare-le-ministre-de-la-communi#respond"]}]},{"@type":"WebPage","@id":"https:\/\/www.africa-press.net\/djibouti\/politique\/journee-mondiale-de-la-poste-je-suis-particulierement-fier-dannoncer-que-la-poste-de-djibouti-sest-hissee-dans-les-10-premieres-places-africaines-declare-le-ministre-de-la-communi","url":"https:\/\/www.africa-press.net\/djibouti\/politique\/journee-mondiale-de-la-poste-je-suis-particulierement-fier-dannoncer-que-la-poste-de-djibouti-sest-hissee-dans-les-10-premieres-places-africaines-declare-le-ministre-de-la-communi","name":"Journ\u00e9e mondiale de la Poste : \u00ab Je suis particuli\u00e8rement fier d'annoncer que La Poste de Djibouti s'est hiss\u00e9e dans les 10 premi\u00e8res places africaines \u00bb, d\u00e9clare le ministre de la Communication - Djibouti","isPartOf":{"@id":"https:\/\/www.africa-press.net\/djibouti\/#website"},"primaryImageOfPage":{"@id":"https:\/\/www.africa-press.net\/djibouti\/politique\/journee-mondiale-de-la-poste-je-suis-particulierement-fier-dannoncer-que-la-poste-de-djibouti-sest-hissee-dans-les-10-premieres-places-africaines-declare-le-ministre-de-la-communi#primaryimage"},"image":{"@id":"https:\/\/www.africa-press.net\/djibouti\/politique\/journee-mondiale-de-la-poste-je-suis-particulierement-fier-dannoncer-que-la-poste-de-djibouti-sest-hissee-dans-les-10-premieres-places-africaines-declare-le-ministre-de-la-communi#primaryimage"},"thumbnailUrl":"https:\/\/static.africa-press.net\/djibouti\/sites\/52\/2023\/10\/MiladFR1696859068.125423.jpg","datePublished":"2023-10-09T17:14:00+00:00","author":{"@id":"https:\/\/www.africa-press.net\/djibouti\/#\/schema\/person\/2b1cf3cd81a31e3cd26889ca66d677f1"},"breadcrumb":{"@id":"https:\/\/www.africa-press.net\/djibouti\/politique\/journee-mondiale-de-la-poste-je-suis-particulierement-fier-dannoncer-que-la-poste-de-djibouti-sest-hissee-dans-les-10-premieres-places-africaines-declare-le-ministre-de-la-communi#breadcrumb"},"inLanguage":"fr-FR","potentialAction":[{"@type":"ReadAction","target":["https:\/\/www.africa-press.net\/djibouti\/politique\/journee-mondiale-de-la-poste-je-suis-particulierement-fier-dannoncer-que-la-poste-de-djibouti-sest-hissee-dans-les-10-premieres-places-africaines-declare-le-ministre-de-la-communi"]}]},{"@type":"ImageObject","inLanguage":"fr-FR","@id":"https:\/\/www.africa-press.net\/djibouti\/politique\/journee-mondiale-de-la-poste-je-suis-particulierement-fier-dannoncer-que-la-poste-de-djibouti-sest-hissee-dans-les-10-premieres-places-africaines-declare-le-ministre-de-la-communi#primaryimage","url":"https:\/\/static.africa-press.net\/djibouti\/sites\/52\/2023\/10\/MiladFR1696859068.125423.jpg","contentUrl":"https:\/\/static.africa-press.net\/djibouti\/sites\/52\/2023\/10\/MiladFR1696859068.125423.jpg","width":786,"height":610,"caption":"Journ\u00e9e mondiale de la Poste : \u00ab Je suis particuli\u00e8rement fier d'annoncer que La Poste de Djibouti s'est hiss\u00e9e dans les 10 premi\u00e8res places africaines \u00bb, d\u00e9clare le ministre de la Communication"},{"@type":"BreadcrumbList","@id":"https:\/\/www.africa-press.net\/djibouti\/politique\/journee-mondiale-de-la-poste-je-suis-particulierement-fier-dannoncer-que-la-poste-de-djibouti-sest-hissee-dans-les-10-premieres-places-africaines-declare-le-ministre-de-la-communi#breadcrumb","itemListElement":[{"@type":"ListItem","position":1,"name":"Accueil","item":"https:\/\/www.africa-press.net\/djibouti\/"},{"@type":"ListItem","position":2,"name":"Journ\u00e9e mondiale de la Poste : \u00ab Je suis particuli\u00e8rement fier d&#8217;annoncer que La Poste de Djibouti s&#8217;est hiss\u00e9e dans les 10 premi\u00e8res places africaines \u00bb, d\u00e9clare le ministre de la Communication"}]},{"@type":"WebSite","@id":"https:\/\/www.africa-press.net\/djibouti\/#website","url":"https:\/\/www.africa-press.net\/djibouti\/","name":"Djibouti","description":"Just another Africa News Agency Sites site","potentialAction":[{"@type":"SearchAction","target":{"@type":"EntryPoint","urlTemplate":"https:\/\/www.africa-press.net\/djibouti\/?s={search_term_string}"},"query-input":{"@type":"PropertyValueSpecification","valueRequired":true,"valueName":"search_term_string"}}],"inLanguage":"fr-FR"},{"@type":"Person","@id":"https:\/\/www.africa-press.net\/djibouti\/#\/schema\/person\/2b1cf3cd81a31e3cd26889ca66d677f1","name":"cfeditorfr"}]}},"_links":{"self":[{"href":"https:\/\/www.africa-press.net\/djibouti\/wp-json\/wp\/v2\/posts\/18888","targetHints":{"allow":["GET"]}}],"collection":[{"href":"https:\/\/www.africa-press.net\/djibouti\/wp-json\/wp\/v2\/posts"}],"about":[{"href":"https:\/\/www.africa-press.net\/djibouti\/wp-json\/wp\/v2\/types\/post"}],"author":[{"embeddable":true,"href":"https:\/\/www.africa-press.net\/djibouti\/wp-json\/wp\/v2\/users\/82"}],"replies":[{"embeddable":true,"href":"https:\/\/www.africa-press.net\/djibouti\/wp-json\/wp\/v2\/comments?post=18888"}],"version-history":[{"count":0,"href":"https:\/\/www.africa-press.net\/djibouti\/wp-json\/wp\/v2\/posts\/18888\/revisions"}],"wp:featuredmedia":[{"embeddable":true,"href":"https:\/\/www.africa-press.net\/djibouti\/wp-json\/wp\/v2\/media\/18887"}],"wp:attachment":[{"href":"https:\/\/www.africa-press.net\/djibouti\/wp-json\/wp\/v2\/media?parent=18888"}],"wp:term":[{"taxonomy":"category","embeddable":true,"href":"https:\/\/www.africa-press.net\/djibouti\/wp-json\/wp\/v2\/categories?post=18888"},{"taxonomy":"post_tag","embeddable":true,"href":"https:\/\/www.africa-press.net\/djibouti\/wp-json\/wp\/v2\/tags?post=18888"}],"curies":[{"name":"wp","href":"https:\/\/api.w.org\/{rel}","templated":true}]}}